{"id":96959,"date":"2013-11-30T00:41:12","date_gmt":"2013-11-29T23:41:12","guid":{"rendered":"https:\/\/sandzakpress.net\/arhiva\/?p=96959"},"modified":"2013-11-30T00:47:00","modified_gmt":"2013-11-29T23:47:00","slug":"srpska-vojska-promovisana-novopazarskim-dacima","status":"publish","type":"post","link":"https:\/\/sandzakpress.net\/arhiva\/srpska-vojska-promovisana-novopazarskim-dacima\/","title":{"rendered":"Srpska vojska promovisana novopazarskim \u0111acima"},"content":{"rendered":"<p><img loading=\"lazy\" decoding=\"async\" alt=\"1459958_531499893612120_893003574_n\" src=\"https:\/\/sandzakpress.net\/arhiva\/wp-content\/uploads\/2013\/11\/1459958_531499893612120_893003574_n.jpg\" width=\"616\" height=\"462\" \/><\/p>\n<p><strong>Novi Pazar &#8211; U koncertnoj dvorani su \u0111aci novopazarskih \u0161kola imali priliku da vide igrani film Vojna akademija 2, to jest promociju srpske vojske koja je \u010dinila genocide nad muslimanima BiH i Kosova, kao i brojne zlo\u010dine nad muslimanima Sand\u017eaka.<\/strong><\/p>\n<p>Premijernoj projekciji u Novom Pazaru je, kako je najavljeno, prisustvovali producenti i glavni glumci zapa\u017eenog igranog filma.<\/p>\n<p>Film \u0107e biti ponovljen i u subotu, a niko osim medija Sand\u017eak PRESS se nije suprotstavio ovom nemoralnom i gnusnom \u010dinu.<\/p>\n<p><img loading=\"lazy\" decoding=\"async\" class=\"aligncenter size-full wp-image-96962\" alt=\"1466022_531499636945479_1958935296_n\" src=\"https:\/\/sandzakpress.net\/arhiva\/wp-content\/uploads\/2013\/11\/1466022_531499636945479_1958935296_n.jpg\" width=\"616\" height=\"380\" \/><br \/>\n<img loading=\"lazy\" decoding=\"async\" alt=\"1454570_531499853612124_1072877107_n\" src=\"https:\/\/sandzakpress.net\/arhiva\/wp-content\/uploads\/2013\/11\/1454570_531499853612124_1072877107_n.jpg\" width=\"616\" height=\"462\" \/><\/p>\n<p>&nbsp;<\/p>\n","protected":false},"excerpt":{"rendered":"<p>Novi Pazar &#8211; U koncertnoj dvorani su \u0111aci novopazarskih \u0161kola imali priliku da vide igrani film Vojna akademija 2, to jest promociju srpske vojske koja je \u010dinila genocide nad muslimanima BiH i Kosova, kao i brojne zlo\u010dine nad muslimanima Sand\u017eaka. Premijernoj projekciji u Novom Pazaru je, kako je najavljeno, prisustvovali producenti i glavni glumci zapa\u017eenog [&hellip;]<\/p>\n","protected":false},"author":83,"featured_media":96961,"comment_status":"open","ping_status":"open","sticky":false,"template":"","format":"standard","meta":{"footnotes":""},"categories":[72,1,8957],"tags":[10217,10248,10259],"class_list":{"0":"post-96959","1":"post","2":"type-post","3":"status-publish","4":"format-standard","5":"has-post-thumbnail","7":"category-novi-pazar","8":"category-politika","9":"category-vijesti-dana","10":"tag-nepravde-srpske-vlasti","11":"tag-gradska-uprava-novi-pazar","12":"tag-srpska-vojska"},"yoast_head":"<!-- This site is optimized with the Yoast SEO Premium plugin v23.1 (Yoast SEO v24.9) - https:\/\/yoast.com\/wordpress\/plugins\/seo\/ -->\n<title>Srpska vojska promovisana novopazarskim \u0111acima<\/title>\n<meta name=\"robots\" content=\"index, follow, max-snippet:-1, max-image-preview:large, max-video-preview:-1\" \/>\n<link rel=\"canonical\" href=\"https:\/\/sandzakpress.net\/arhiva\/srpska-vojska-promovisana-novopazarskim-dacima\/\" \/>\n<meta property=\"og:locale\" content=\"bs_BA\" \/>\n<meta property=\"og:type\" content=\"article\" \/>\n<meta property=\"og:title\" content=\"Srpska vojska promovisana novopazarskim \u0111acima\" \/>\n<meta property=\"og:description\" content=\"Novi Pazar &#8211; U koncertnoj dvorani su \u0111aci novopazarskih \u0161kola imali priliku da vide igrani film Vojna akademija 2, to jest promociju srpske vojske koja je \u010dinila genocide nad muslimanima BiH i Kosova, kao i brojne zlo\u010dine nad muslimanima Sand\u017eaka. Premijernoj projekciji u Novom Pazaru je, kako je najavljeno, prisustvovali producenti i glavni glumci zapa\u017eenog [&hellip;]\" \/>\n<meta property=\"og:url\" content=\"https:\/\/sandzakpress.net\/arhiva\/srpska-vojska-promovisana-novopazarskim-dacima\/\" \/>\n<meta property=\"og:site_name\" content=\"Sand\u017eak PRESS\" \/>\n<meta property=\"article:published_time\" content=\"2013-11-29T23:41:12+00:00\" \/>\n<meta property=\"article:modified_time\" content=\"2013-11-29T23:47:00+00:00\" \/>\n<meta property=\"og:image\" content=\"https:\/\/sandzakpress.net\/arhiva\/wp-content\/uploads\/2013\/11\/1459958_531499893612120_893003574_n.jpg\" \/>\n\t<meta property=\"og:image:width\" content=\"616\" \/>\n\t<meta property=\"og:image:height\" content=\"462\" \/>\n\t<meta property=\"og:image:type\" content=\"image\/jpeg\" \/>\n<meta name=\"author\" content=\"bosniak\" \/>\n<meta name=\"twitter:card\" content=\"summary_large_image\" \/>\n<meta name=\"twitter:label1\" content=\"Written by\" \/>\n\t<meta name=\"twitter:data1\" content=\"bosniak\" \/>\n<script type=\"application\/ld+json\" class=\"yoast-schema-graph\">{\"@context\":\"https:\/\/schema.org\",\"@graph\":[{\"@type\":\"Article\",\"@id\":\"https:\/\/sandzakpress.net\/arhiva\/srpska-vojska-promovisana-novopazarskim-dacima\/#article\",\"isPartOf\":{\"@id\":\"https:\/\/sandzakpress.net\/arhiva\/srpska-vojska-promovisana-novopazarskim-dacima\/\"},\"author\":{\"name\":\"bosniak\",\"@id\":\"https:\/\/sandzakpress.net\/arhiva\/#\/schema\/person\/c8baee722073534b583ea7bdb2e36c02\"},\"headline\":\"Srpska vojska promovisana novopazarskim \u0111acima\",\"datePublished\":\"2013-11-29T23:41:12+00:00\",\"dateModified\":\"2013-11-29T23:47:00+00:00\",\"mainEntityOfPage\":{\"@id\":\"https:\/\/sandzakpress.net\/arhiva\/srpska-vojska-promovisana-novopazarskim-dacima\/\"},\"wordCount\":87,\"commentCount\":54,\"publisher\":{\"@id\":\"https:\/\/sandzakpress.net\/arhiva\/#\/schema\/person\/6e72b67d6e51910a1117b3b483ba20bd\"},\"image\":{\"@id\":\"https:\/\/sandzakpress.net\/arhiva\/srpska-vojska-promovisana-novopazarskim-dacima\/#primaryimage\"},\"thumbnailUrl\":\"https:\/\/sandzakpress.net\/arhiva\/wp-content\/uploads\/2013\/11\/1459958_531499893612120_893003574_n.jpg\",\"keywords\":[\"nepravde srpske vlasti\",\"Vlast u Novom Pazaru\",\"srpska vojska\"],\"articleSection\":[\"Novi Pazar\",\"Politika\",\"VIJESTI DANA\"],\"inLanguage\":\"bs-BA\",\"potentialAction\":[{\"@type\":\"CommentAction\",\"name\":\"Comment\",\"target\":[\"https:\/\/sandzakpress.net\/arhiva\/srpska-vojska-promovisana-novopazarskim-dacima\/#respond\"]}]},{\"@type\":\"WebPage\",\"@id\":\"https:\/\/sandzakpress.net\/arhiva\/srpska-vojska-promovisana-novopazarskim-dacima\/\",\"url\":\"https:\/\/sandzakpress.net\/arhiva\/srpska-vojska-promovisana-novopazarskim-dacima\/\",\"name\":\"Srpska vojska promovisana novopazarskim \u0111acima\",\"isPartOf\":{\"@id\":\"https:\/\/sandzakpress.net\/arhiva\/#website\"},\"primaryImageOfPage\":{\"@id\":\"https:\/\/sandzakpress.net\/arhiva\/srpska-vojska-promovisana-novopazarskim-dacima\/#primaryimage\"},\"image\":{\"@id\":\"https:\/\/sandzakpress.net\/arhiva\/srpska-vojska-promovisana-novopazarskim-dacima\/#primaryimage\"},\"thumbnailUrl\":\"https:\/\/sandzakpress.net\/arhiva\/wp-content\/uploads\/2013\/11\/1459958_531499893612120_893003574_n.jpg\",\"datePublished\":\"2013-11-29T23:41:12+00:00\",\"dateModified\":\"2013-11-29T23:47:00+00:00\",\"breadcrumb\":{\"@id\":\"https:\/\/sandzakpress.net\/arhiva\/srpska-vojska-promovisana-novopazarskim-dacima\/#breadcrumb\"},\"inLanguage\":\"bs-BA\",\"potentialAction\":[{\"@type\":\"ReadAction\",\"target\":[\"https:\/\/sandzakpress.net\/arhiva\/srpska-vojska-promovisana-novopazarskim-dacima\/\"]}]},{\"@type\":\"ImageObject\",\"inLanguage\":\"bs-BA\",\"@id\":\"https:\/\/sandzakpress.net\/arhiva\/srpska-vojska-promovisana-novopazarskim-dacima\/#primaryimage\",\"url\":\"https:\/\/sandzakpress.net\/arhiva\/wp-content\/uploads\/2013\/11\/1459958_531499893612120_893003574_n.jpg\",\"contentUrl\":\"https:\/\/sandzakpress.net\/arhiva\/wp-content\/uploads\/2013\/11\/1459958_531499893612120_893003574_n.jpg\",\"width\":616,\"height\":462},{\"@type\":\"BreadcrumbList\",\"@id\":\"https:\/\/sandzakpress.net\/arhiva\/srpska-vojska-promovisana-novopazarskim-dacima\/#breadcrumb\",\"itemListElement\":[{\"@type\":\"ListItem\",\"position\":1,\"name\":\"Home\",\"item\":\"https:\/\/sandzakpress.net\/arhiva\/\"},{\"@type\":\"ListItem\",\"position\":2,\"name\":\"Srpska vojska promovisana novopazarskim \u0111acima\"}]},{\"@type\":\"WebSite\",\"@id\":\"https:\/\/sandzakpress.net\/arhiva\/#website\",\"url\":\"https:\/\/sandzakpress.net\/arhiva\/\",\"name\":\"Sand\u017eak PRESS\",\"description\":\"Prve elektronske novine u Sand\u017eaku\",\"publisher\":{\"@id\":\"https:\/\/sandzakpress.net\/arhiva\/#\/schema\/person\/6e72b67d6e51910a1117b3b483ba20bd\"},\"potentialAction\":[{\"@type\":\"SearchAction\",\"target\":{\"@type\":\"EntryPoint\",\"urlTemplate\":\"https:\/\/sandzakpress.net\/arhiva\/?s={search_term_string}\"},\"query-input\":{\"@type\":\"PropertyValueSpecification\",\"valueRequired\":true,\"valueName\":\"search_term_string\"}}],\"inLanguage\":\"bs-BA\"},{\"@type\":[\"Person\",\"Organization\"],\"@id\":\"https:\/\/sandzakpress.net\/arhiva\/#\/schema\/person\/6e72b67d6e51910a1117b3b483ba20bd\",\"name\":\"Kul\",\"image\":{\"@type\":\"ImageObject\",\"inLanguage\":\"bs-BA\",\"@id\":\"https:\/\/sandzakpress.net\/arhiva\/#\/schema\/person\/image\/\",\"url\":\"https:\/\/secure.gravatar.com\/avatar\/42263f39aa27ac04c43cab85c280eb2e?s=96&d=mm&r=pg\",\"contentUrl\":\"https:\/\/secure.gravatar.com\/avatar\/42263f39aa27ac04c43cab85c280eb2e?s=96&d=mm&r=pg\",\"caption\":\"Kul\"},\"logo\":{\"@id\":\"https:\/\/sandzakpress.net\/arhiva\/#\/schema\/person\/image\/\"}},{\"@type\":\"Person\",\"@id\":\"https:\/\/sandzakpress.net\/arhiva\/#\/schema\/person\/c8baee722073534b583ea7bdb2e36c02\",\"name\":\"bosniak\",\"image\":{\"@type\":\"ImageObject\",\"inLanguage\":\"bs-BA\",\"@id\":\"https:\/\/sandzakpress.net\/arhiva\/#\/schema\/person\/image\/\",\"url\":\"https:\/\/secure.gravatar.com\/avatar\/a04fd330bfe3a36a72a0ad4a6d89fca7?s=96&d=mm&r=pg\",\"contentUrl\":\"https:\/\/secure.gravatar.com\/avatar\/a04fd330bfe3a36a72a0ad4a6d89fca7?s=96&d=mm&r=pg\",\"caption\":\"bosniak\"},\"url\":\"https:\/\/sandzakpress.net\/arhiva\/author\/bosniak\/\"}]}<\/script>\n<!-- \/ Yoast SEO Premium plugin. -->","yoast_head_json":{"title":"Srpska vojska promovisana novopazarskim \u0111acima","robots":{"index":"index","follow":"follow","max-snippet":"max-snippet:-1","max-image-preview":"max-image-preview:large","max-video-preview":"max-video-preview:-1"},"canonical":"https:\/\/sandzakpress.net\/arhiva\/srpska-vojska-promovisana-novopazarskim-dacima\/","og_locale":"bs_BA","og_type":"article","og_title":"Srpska vojska promovisana novopazarskim \u0111acima","og_description":"Novi Pazar &#8211; U koncertnoj dvorani su \u0111aci novopazarskih \u0161kola imali priliku da vide igrani film Vojna akademija 2, to jest promociju srpske vojske koja je \u010dinila genocide nad muslimanima BiH i Kosova, kao i brojne zlo\u010dine nad muslimanima Sand\u017eaka. Premijernoj projekciji u Novom Pazaru je, kako je najavljeno, prisustvovali producenti i glavni glumci zapa\u017eenog [&hellip;]","og_url":"https:\/\/sandzakpress.net\/arhiva\/srpska-vojska-promovisana-novopazarskim-dacima\/","og_site_name":"Sand\u017eak PRESS","article_published_time":"2013-11-29T23:41:12+00:00","article_modified_time":"2013-11-29T23:47:00+00:00","og_image":[{"width":616,"height":462,"url":"https:\/\/sandzakpress.net\/arhiva\/wp-content\/uploads\/2013\/11\/1459958_531499893612120_893003574_n.jpg","type":"image\/jpeg"}],"author":"bosniak","twitter_card":"summary_large_image","twitter_misc":{"Written by":"bosniak"},"schema":{"@context":"https:\/\/schema.org","@graph":[{"@type":"Article","@id":"https:\/\/sandzakpress.net\/arhiva\/srpska-vojska-promovisana-novopazarskim-dacima\/#article","isPartOf":{"@id":"https:\/\/sandzakpress.net\/arhiva\/srpska-vojska-promovisana-novopazarskim-dacima\/"},"author":{"name":"bosniak","@id":"https:\/\/sandzakpress.net\/arhiva\/#\/schema\/person\/c8baee722073534b583ea7bdb2e36c02"},"headline":"Srpska vojska promovisana novopazarskim \u0111acima","datePublished":"2013-11-29T23:41:12+00:00","dateModified":"2013-11-29T23:47:00+00:00","mainEntityOfPage":{"@id":"https:\/\/sandzakpress.net\/arhiva\/srpska-vojska-promovisana-novopazarskim-dacima\/"},"wordCount":87,"commentCount":54,"publisher":{"@id":"https:\/\/sandzakpress.net\/arhiva\/#\/schema\/person\/6e72b67d6e51910a1117b3b483ba20bd"},"image":{"@id":"https:\/\/sandzakpress.net\/arhiva\/srpska-vojska-promovisana-novopazarskim-dacima\/#primaryimage"},"thumbnailUrl":"https:\/\/sandzakpress.net\/arhiva\/wp-content\/uploads\/2013\/11\/1459958_531499893612120_893003574_n.jpg","keywords":["nepravde srpske vlasti","Vlast u Novom Pazaru","srpska vojska"],"articleSection":["Novi Pazar","Politika","VIJESTI DANA"],"inLanguage":"bs-BA","potentialAction":[{"@type":"CommentAction","name":"Comment","target":["https:\/\/sandzakpress.net\/arhiva\/srpska-vojska-promovisana-novopazarskim-dacima\/#respond"]}]},{"@type":"WebPage","@id":"https:\/\/sandzakpress.net\/arhiva\/srpska-vojska-promovisana-novopazarskim-dacima\/","url":"https:\/\/sandzakpress.net\/arhiva\/srpska-vojska-promovisana-novopazarskim-dacima\/","name":"Srpska vojska promovisana novopazarskim \u0111acima","isPartOf":{"@id":"https:\/\/sandzakpress.net\/arhiva\/#website"},"primaryImageOfPage":{"@id":"https:\/\/sandzakpress.net\/arhiva\/srpska-vojska-promovisana-novopazarskim-dacima\/#primaryimage"},"image":{"@id":"https:\/\/sandzakpress.net\/arhiva\/srpska-vojska-promovisana-novopazarskim-dacima\/#primaryimage"},"thumbnailUrl":"https:\/\/sandzakpress.net\/arhiva\/wp-content\/uploads\/2013\/11\/1459958_531499893612120_893003574_n.jpg","datePublished":"2013-11-29T23:41:12+00:00","dateModified":"2013-11-29T23:47:00+00:00","breadcrumb":{"@id":"https:\/\/sandzakpress.net\/arhiva\/srpska-vojska-promovisana-novopazarskim-dacima\/#breadcrumb"},"inLanguage":"bs-BA","potentialAction":[{"@type":"ReadAction","target":["https:\/\/sandzakpress.net\/arhiva\/srpska-vojska-promovisana-novopazarskim-dacima\/"]}]},{"@type":"ImageObject","inLanguage":"bs-BA","@id":"https:\/\/sandzakpress.net\/arhiva\/srpska-vojska-promovisana-novopazarskim-dacima\/#primaryimage","url":"https:\/\/sandzakpress.net\/arhiva\/wp-content\/uploads\/2013\/11\/1459958_531499893612120_893003574_n.jpg","contentUrl":"https:\/\/sandzakpress.net\/arhiva\/wp-content\/uploads\/2013\/11\/1459958_531499893612120_893003574_n.jpg","width":616,"height":462},{"@type":"BreadcrumbList","@id":"https:\/\/sandzakpress.net\/arhiva\/srpska-vojska-promovisana-novopazarskim-dacima\/#breadcrumb","itemListElement":[{"@type":"ListItem","position":1,"name":"Home","item":"https:\/\/sandzakpress.net\/arhiva\/"},{"@type":"ListItem","position":2,"name":"Srpska vojska promovisana novopazarskim \u0111acima"}]},{"@type":"WebSite","@id":"https:\/\/sandzakpress.net\/arhiva\/#website","url":"https:\/\/sandzakpress.net\/arhiva\/","name":"Sand\u017eak PRESS","description":"Prve elektronske novine u Sand\u017eaku","publisher":{"@id":"https:\/\/sandzakpress.net\/arhiva\/#\/schema\/person\/6e72b67d6e51910a1117b3b483ba20bd"},"potentialAction":[{"@type":"SearchAction","target":{"@type":"EntryPoint","urlTemplate":"https:\/\/sandzakpress.net\/arhiva\/?s={search_term_string}"},"query-input":{"@type":"PropertyValueSpecification","valueRequired":true,"valueName":"search_term_string"}}],"inLanguage":"bs-BA"},{"@type":["Person","Organization"],"@id":"https:\/\/sandzakpress.net\/arhiva\/#\/schema\/person\/6e72b67d6e51910a1117b3b483ba20bd","name":"Kul","image":{"@type":"ImageObject","inLanguage":"bs-BA","@id":"https:\/\/sandzakpress.net\/arhiva\/#\/schema\/person\/image\/","url":"https:\/\/secure.gravatar.com\/avatar\/42263f39aa27ac04c43cab85c280eb2e?s=96&d=mm&r=pg","contentUrl":"https:\/\/secure.gravatar.com\/avatar\/42263f39aa27ac04c43cab85c280eb2e?s=96&d=mm&r=pg","caption":"Kul"},"logo":{"@id":"https:\/\/sandzakpress.net\/arhiva\/#\/schema\/person\/image\/"}},{"@type":"Person","@id":"https:\/\/sandzakpress.net\/arhiva\/#\/schema\/person\/c8baee722073534b583ea7bdb2e36c02","name":"bosniak","image":{"@type":"ImageObject","inLanguage":"bs-BA","@id":"https:\/\/sandzakpress.net\/arhiva\/#\/schema\/person\/image\/","url":"https:\/\/secure.gravatar.com\/avatar\/a04fd330bfe3a36a72a0ad4a6d89fca7?s=96&d=mm&r=pg","contentUrl":"https:\/\/secure.gravatar.com\/avatar\/a04fd330bfe3a36a72a0ad4a6d89fca7?s=96&d=mm&r=pg","caption":"bosniak"},"url":"https:\/\/sandzakpress.net\/arhiva\/author\/bosniak\/"}]}},"_links":{"self":[{"href":"https:\/\/sandzakpress.net\/arhiva\/wp-json\/wp\/v2\/posts\/96959"}],"collection":[{"href":"https:\/\/sandzakpress.net\/arhiva\/wp-json\/wp\/v2\/posts"}],"about":[{"href":"https:\/\/sandzakpress.net\/arhiva\/wp-json\/wp\/v2\/types\/post"}],"author":[{"embeddable":true,"href":"https:\/\/sandzakpress.net\/arhiva\/wp-json\/wp\/v2\/users\/83"}],"replies":[{"embeddable":true,"href":"https:\/\/sandzakpress.net\/arhiva\/wp-json\/wp\/v2\/comments?post=96959"}],"version-history":[{"count":0,"href":"https:\/\/sandzakpress.net\/arhiva\/wp-json\/wp\/v2\/posts\/96959\/revisions"}],"wp:featuredmedia":[{"embeddable":true,"href":"https:\/\/sandzakpress.net\/arhiva\/wp-json\/wp\/v2\/media\/96961"}],"wp:attachment":[{"href":"https:\/\/sandzakpress.net\/arhiva\/wp-json\/wp\/v2\/media?parent=96959"}],"wp:term":[{"taxonomy":"category","embeddable":true,"href":"https:\/\/sandzakpress.net\/arhiva\/wp-json\/wp\/v2\/categories?post=96959"},{"taxonomy":"post_tag","embeddable":true,"href":"https:\/\/sandzakpress.net\/arhiva\/wp-json\/wp\/v2\/tags?post=96959"}],"curies":[{"name":"wp","href":"https:\/\/api.w.org\/{rel}","templated":true}]}}