{"id":96938,"date":"2013-11-29T18:11:01","date_gmt":"2013-11-29T17:11:01","guid":{"rendered":"https:\/\/sandzakpress.net\/arhiva\/?p=96938"},"modified":"2013-11-29T18:11:01","modified_gmt":"2013-11-29T17:11:01","slug":"nvu-husein-pasa-pljevlja-ostro-osuduje-govor-mrznje-srpskog-politicara-dr-novice-stanica","status":"publish","type":"post","link":"https:\/\/sandzakpress.net\/arhiva\/nvu-husein-pasa-pljevlja-ostro-osuduje-govor-mrznje-srpskog-politicara-dr-novice-stanica\/","title":{"rendered":"NVU &#8220;Husein Pa\u0161a Pljevlja&#8221; o\u0161tro osu\u0111uje govor mr\u017enje srpskog politi\u010dara dr. Novice Stani\u0107a"},"content":{"rendered":"<p><strong><img loading=\"lazy\" decoding=\"async\" class=\"alignleft size-medium wp-image-96939\" alt=\"hqdefault\" src=\"https:\/\/sandzakpress.net\/arhiva\/wp-content\/uploads\/2013\/11\/hqdefault3-300x220.jpg\" width=\"300\" height=\"220\" srcset=\"https:\/\/sandzakpress.net\/arhiva\/wp-content\/uploads\/2013\/11\/hqdefault3-300x220.jpg 300w, https:\/\/sandzakpress.net\/arhiva\/wp-content\/uploads\/2013\/11\/hqdefault3-380x280.jpg 380w\" sizes=\"(max-width: 300px) 100vw, 300px\" \/>Pljevlja &#8211; Naime, na sve\u010danom koktelu u hotelu &#8220;Pljevlja&#8221;, odr\u017eanom 27.11.2013. gospodin Stani\u0107 je lutaju\u0107i sa teme na temu, od osnivanja dinastije Nemanji\u0107a, preko ro\u0111enja Njego\u0161a, pa do Podgori\u010dke Skup\u0161tine, kritiziraju\u0107i sve partije koje nisu prosrpski orijentirane, sveo pri\u010du na vrije\u0111anje na vjerskoj i nacionalnoj osnovi.<\/strong><\/p>\n<p>Gospodin Stani\u0107 je rekao da se nudi Pljevljima da budu glavni grad Sand\u017eaka. Pa je rekao da je dan Pljevalja 20. Novembar, ba\u0161 i dan San\u017eaka. Te ka\u017ee da je dosta bilo 500 godina no\u0107i (aludiraju\u0107i na tursku vlast na ovim prostorima), i da to nije dan. Jer kako ka\u017ee:&#8221;koga su zmije ujedale i gu\u0161tera se boji&#8221;. Opet ovim tezama, gospodin Stani\u0107 poredi Bo\u0161njake sa Turcima, a u daljem govoru name\u0107e prijedlog za promjenu dana op\u0107ine u 27.11. i ve\u017eu\u0107i ga za Svetu Petku time udara na vjerski mir gra\u0111ana Pljevalja islamske vjeroispovijesti.<\/p>\n<p>Gospodin Stani\u0107 mo\u017eda ne zna koliko je &#8220;dobra&#8221; bo\u0161nja\u010dkom narodu donijela dinastija Nemanji\u0107a, Njego\u0161 a i Podgori\u010dka skup\u0161tina. Ali barem bi mogao prestati porediti Bo\u0161njake sa Turcima i nametati muslimanima da proslavljaju Svetce, jer to islam zabranjuje.<\/p>\n<p>Mo\u017eda gospodin Stani\u0107 sataniziraju\u0107i rije\u010d Sand\u017eak, \u017eeli satanizirati Bo\u0161njake, ali o\u010digledno je da je neupu\u0107en i nema svijest pokojnog gospodina Sretena Vukosavljevi\u0107a.<\/p>\n<p>Nemamo ni\u0161ta protiv da gospodin Stani\u0107 propagira svoje historijske junake, ali nek ne name\u0107e nama da su to i na\u0161i, to jest pljevaljski junaci, jer su neuporedivi sa junacima iz Pljevalja Bo\u0161nja\u010dke nacionalnosti.<\/p>\n<p>Predsjednik udru\u017eenja<\/p>\n","protected":false},"excerpt":{"rendered":"<p>Pljevlja &#8211; Naime, na sve\u010danom koktelu u hotelu &#8220;Pljevlja&#8221;, odr\u017eanom 27.11.2013. gospodin Stani\u0107 je lutaju\u0107i sa teme na temu, od osnivanja dinastije Nemanji\u0107a, preko ro\u0111enja Njego\u0161a, pa do Podgori\u010dke Skup\u0161tine, kritiziraju\u0107i sve partije koje nisu prosrpski orijentirane, sveo pri\u010du na vrije\u0111anje na vjerskoj i nacionalnoj osnovi. Gospodin Stani\u0107 je rekao da se nudi Pljevljima da [&hellip;]<\/p>\n","protected":false},"author":83,"featured_media":96940,"comment_status":"open","ping_status":"open","sticky":false,"template":"","format":"standard","meta":{"footnotes":""},"categories":[1,395,8957],"tags":[10218,10435],"class_list":{"0":"post-96938","1":"post","2":"type-post","3":"status-publish","4":"format-standard","5":"has-post-thumbnail","7":"category-politika","8":"category-pljevlja_","9":"category-vijesti-dana","10":"tag-nepravde-crnogorske-vlasti","11":"tag-husein-pasa-pljevlja"},"yoast_head":"<!-- This site is optimized with the Yoast SEO Premium plugin v23.1 (Yoast SEO v24.9) - https:\/\/yoast.com\/wordpress\/plugins\/seo\/ -->\n<title>NVU &quot;Husein Pa\u0161a Pljevlja&quot; o\u0161tro osu\u0111uje govor mr\u017enje srpskog politi\u010dara dr. Novice Stani\u0107a<\/title>\n<meta name=\"robots\" content=\"index, follow, max-snippet:-1, max-image-preview:large, max-video-preview:-1\" \/>\n<link rel=\"canonical\" href=\"https:\/\/sandzakpress.net\/arhiva\/nvu-husein-pasa-pljevlja-ostro-osuduje-govor-mrznje-srpskog-politicara-dr-novice-stanica\/\" \/>\n<meta property=\"og:locale\" content=\"bs_BA\" \/>\n<meta property=\"og:type\" content=\"article\" \/>\n<meta property=\"og:title\" content=\"NVU &quot;Husein Pa\u0161a Pljevlja&quot; o\u0161tro osu\u0111uje govor mr\u017enje srpskog politi\u010dara dr. Novice Stani\u0107a\" \/>\n<meta property=\"og:description\" content=\"Pljevlja &#8211; Naime, na sve\u010danom koktelu u hotelu &#8220;Pljevlja&#8221;, odr\u017eanom 27.11.2013. gospodin Stani\u0107 je lutaju\u0107i sa teme na temu, od osnivanja dinastije Nemanji\u0107a, preko ro\u0111enja Njego\u0161a, pa do Podgori\u010dke Skup\u0161tine, kritiziraju\u0107i sve partije koje nisu prosrpski orijentirane, sveo pri\u010du na vrije\u0111anje na vjerskoj i nacionalnoj osnovi. Gospodin Stani\u0107 je rekao da se nudi Pljevljima da [&hellip;]\" \/>\n<meta property=\"og:url\" content=\"https:\/\/sandzakpress.net\/arhiva\/nvu-husein-pasa-pljevlja-ostro-osuduje-govor-mrznje-srpskog-politicara-dr-novice-stanica\/\" \/>\n<meta property=\"og:site_name\" content=\"Sand\u017eak PRESS\" \/>\n<meta property=\"article:published_time\" content=\"2013-11-29T17:11:01+00:00\" \/>\n<meta property=\"og:image\" content=\"https:\/\/sandzakpress.net\/arhiva\/wp-content\/uploads\/2013\/11\/hqdefault3-300x2201.jpg\" \/>\n\t<meta property=\"og:image:width\" content=\"300\" \/>\n\t<meta property=\"og:image:height\" content=\"220\" \/>\n\t<meta property=\"og:image:type\" content=\"image\/jpeg\" \/>\n<meta name=\"author\" content=\"bosniak\" \/>\n<meta name=\"twitter:card\" content=\"summary_large_image\" \/>\n<meta name=\"twitter:label1\" content=\"Written by\" \/>\n\t<meta name=\"twitter:data1\" content=\"bosniak\" \/>\n\t<meta name=\"twitter:label2\" content=\"Est. reading time\" \/>\n\t<meta name=\"twitter:data2\" content=\"1 minuta\" \/>\n<script type=\"application\/ld+json\" class=\"yoast-schema-graph\">{\"@context\":\"https:\/\/schema.org\",\"@graph\":[{\"@type\":\"Article\",\"@id\":\"https:\/\/sandzakpress.net\/arhiva\/nvu-husein-pasa-pljevlja-ostro-osuduje-govor-mrznje-srpskog-politicara-dr-novice-stanica\/#article\",\"isPartOf\":{\"@id\":\"https:\/\/sandzakpress.net\/arhiva\/nvu-husein-pasa-pljevlja-ostro-osuduje-govor-mrznje-srpskog-politicara-dr-novice-stanica\/\"},\"author\":{\"name\":\"bosniak\",\"@id\":\"https:\/\/sandzakpress.net\/arhiva\/#\/schema\/person\/c8baee722073534b583ea7bdb2e36c02\"},\"headline\":\"NVU &#8220;Husein Pa\u0161a Pljevlja&#8221; o\u0161tro osu\u0111uje govor mr\u017enje srpskog politi\u010dara dr. Novice Stani\u0107a\",\"datePublished\":\"2013-11-29T17:11:01+00:00\",\"mainEntityOfPage\":{\"@id\":\"https:\/\/sandzakpress.net\/arhiva\/nvu-husein-pasa-pljevlja-ostro-osuduje-govor-mrznje-srpskog-politicara-dr-novice-stanica\/\"},\"wordCount\":293,\"commentCount\":10,\"publisher\":{\"@id\":\"https:\/\/sandzakpress.net\/arhiva\/#\/schema\/person\/6e72b67d6e51910a1117b3b483ba20bd\"},\"image\":{\"@id\":\"https:\/\/sandzakpress.net\/arhiva\/nvu-husein-pasa-pljevlja-ostro-osuduje-govor-mrznje-srpskog-politicara-dr-novice-stanica\/#primaryimage\"},\"thumbnailUrl\":\"https:\/\/sandzakpress.net\/arhiva\/wp-content\/uploads\/2013\/11\/hqdefault3-300x2201.jpg\",\"keywords\":[\"nepravde crnogorske vlasti\",\"Husein Pa\u0161a Pljevlja\"],\"articleSection\":[\"Politika\",\"Pljevlja\",\"VIJESTI DANA\"],\"inLanguage\":\"bs-BA\",\"potentialAction\":[{\"@type\":\"CommentAction\",\"name\":\"Comment\",\"target\":[\"https:\/\/sandzakpress.net\/arhiva\/nvu-husein-pasa-pljevlja-ostro-osuduje-govor-mrznje-srpskog-politicara-dr-novice-stanica\/#respond\"]}]},{\"@type\":\"WebPage\",\"@id\":\"https:\/\/sandzakpress.net\/arhiva\/nvu-husein-pasa-pljevlja-ostro-osuduje-govor-mrznje-srpskog-politicara-dr-novice-stanica\/\",\"url\":\"https:\/\/sandzakpress.net\/arhiva\/nvu-husein-pasa-pljevlja-ostro-osuduje-govor-mrznje-srpskog-politicara-dr-novice-stanica\/\",\"name\":\"NVU \\\"Husein Pa\u0161a Pljevlja\\\" o\u0161tro osu\u0111uje govor mr\u017enje srpskog politi\u010dara dr. Novice Stani\u0107a\",\"isPartOf\":{\"@id\":\"https:\/\/sandzakpress.net\/arhiva\/#website\"},\"primaryImageOfPage\":{\"@id\":\"https:\/\/sandzakpress.net\/arhiva\/nvu-husein-pasa-pljevlja-ostro-osuduje-govor-mrznje-srpskog-politicara-dr-novice-stanica\/#primaryimage\"},\"image\":{\"@id\":\"https:\/\/sandzakpress.net\/arhiva\/nvu-husein-pasa-pljevlja-ostro-osuduje-govor-mrznje-srpskog-politicara-dr-novice-stanica\/#primaryimage\"},\"thumbnailUrl\":\"https:\/\/sandzakpress.net\/arhiva\/wp-content\/uploads\/2013\/11\/hqdefault3-300x2201.jpg\",\"datePublished\":\"2013-11-29T17:11:01+00:00\",\"breadcrumb\":{\"@id\":\"https:\/\/sandzakpress.net\/arhiva\/nvu-husein-pasa-pljevlja-ostro-osuduje-govor-mrznje-srpskog-politicara-dr-novice-stanica\/#breadcrumb\"},\"inLanguage\":\"bs-BA\",\"potentialAction\":[{\"@type\":\"ReadAction\",\"target\":[\"https:\/\/sandzakpress.net\/arhiva\/nvu-husein-pasa-pljevlja-ostro-osuduje-govor-mrznje-srpskog-politicara-dr-novice-stanica\/\"]}]},{\"@type\":\"ImageObject\",\"inLanguage\":\"bs-BA\",\"@id\":\"https:\/\/sandzakpress.net\/arhiva\/nvu-husein-pasa-pljevlja-ostro-osuduje-govor-mrznje-srpskog-politicara-dr-novice-stanica\/#primaryimage\",\"url\":\"https:\/\/sandzakpress.net\/arhiva\/wp-content\/uploads\/2013\/11\/hqdefault3-300x2201.jpg\",\"contentUrl\":\"https:\/\/sandzakpress.net\/arhiva\/wp-content\/uploads\/2013\/11\/hqdefault3-300x2201.jpg\",\"width\":300,\"height\":220},{\"@type\":\"BreadcrumbList\",\"@id\":\"https:\/\/sandzakpress.net\/arhiva\/nvu-husein-pasa-pljevlja-ostro-osuduje-govor-mrznje-srpskog-politicara-dr-novice-stanica\/#breadcrumb\",\"itemListElement\":[{\"@type\":\"ListItem\",\"position\":1,\"name\":\"Home\",\"item\":\"https:\/\/sandzakpress.net\/arhiva\/\"},{\"@type\":\"ListItem\",\"position\":2,\"name\":\"NVU &#8220;Husein Pa\u0161a Pljevlja&#8221; o\u0161tro osu\u0111uje govor mr\u017enje srpskog politi\u010dara dr. Novice Stani\u0107a\"}]},{\"@type\":\"WebSite\",\"@id\":\"https:\/\/sandzakpress.net\/arhiva\/#website\",\"url\":\"https:\/\/sandzakpress.net\/arhiva\/\",\"name\":\"Sand\u017eak PRESS\",\"description\":\"Prve elektronske novine u Sand\u017eaku\",\"publisher\":{\"@id\":\"https:\/\/sandzakpress.net\/arhiva\/#\/schema\/person\/6e72b67d6e51910a1117b3b483ba20bd\"},\"potentialAction\":[{\"@type\":\"SearchAction\",\"target\":{\"@type\":\"EntryPoint\",\"urlTemplate\":\"https:\/\/sandzakpress.net\/arhiva\/?s={search_term_string}\"},\"query-input\":{\"@type\":\"PropertyValueSpecification\",\"valueRequired\":true,\"valueName\":\"search_term_string\"}}],\"inLanguage\":\"bs-BA\"},{\"@type\":[\"Person\",\"Organization\"],\"@id\":\"https:\/\/sandzakpress.net\/arhiva\/#\/schema\/person\/6e72b67d6e51910a1117b3b483ba20bd\",\"name\":\"Kul\",\"image\":{\"@type\":\"ImageObject\",\"inLanguage\":\"bs-BA\",\"@id\":\"https:\/\/sandzakpress.net\/arhiva\/#\/schema\/person\/image\/\",\"url\":\"https:\/\/secure.gravatar.com\/avatar\/42263f39aa27ac04c43cab85c280eb2e?s=96&d=mm&r=pg\",\"contentUrl\":\"https:\/\/secure.gravatar.com\/avatar\/42263f39aa27ac04c43cab85c280eb2e?s=96&d=mm&r=pg\",\"caption\":\"Kul\"},\"logo\":{\"@id\":\"https:\/\/sandzakpress.net\/arhiva\/#\/schema\/person\/image\/\"}},{\"@type\":\"Person\",\"@id\":\"https:\/\/sandzakpress.net\/arhiva\/#\/schema\/person\/c8baee722073534b583ea7bdb2e36c02\",\"name\":\"bosniak\",\"image\":{\"@type\":\"ImageObject\",\"inLanguage\":\"bs-BA\",\"@id\":\"https:\/\/sandzakpress.net\/arhiva\/#\/schema\/person\/image\/\",\"url\":\"https:\/\/secure.gravatar.com\/avatar\/a04fd330bfe3a36a72a0ad4a6d89fca7?s=96&d=mm&r=pg\",\"contentUrl\":\"https:\/\/secure.gravatar.com\/avatar\/a04fd330bfe3a36a72a0ad4a6d89fca7?s=96&d=mm&r=pg\",\"caption\":\"bosniak\"},\"url\":\"https:\/\/sandzakpress.net\/arhiva\/author\/bosniak\/\"}]}<\/script>\n<!-- \/ Yoast SEO Premium plugin. -->","yoast_head_json":{"title":"NVU \"Husein Pa\u0161a Pljevlja\" o\u0161tro osu\u0111uje govor mr\u017enje srpskog politi\u010dara dr. Novice Stani\u0107a","robots":{"index":"index","follow":"follow","max-snippet":"max-snippet:-1","max-image-preview":"max-image-preview:large","max-video-preview":"max-video-preview:-1"},"canonical":"https:\/\/sandzakpress.net\/arhiva\/nvu-husein-pasa-pljevlja-ostro-osuduje-govor-mrznje-srpskog-politicara-dr-novice-stanica\/","og_locale":"bs_BA","og_type":"article","og_title":"NVU \"Husein Pa\u0161a Pljevlja\" o\u0161tro osu\u0111uje govor mr\u017enje srpskog politi\u010dara dr. Novice Stani\u0107a","og_description":"Pljevlja &#8211; Naime, na sve\u010danom koktelu u hotelu &#8220;Pljevlja&#8221;, odr\u017eanom 27.11.2013. gospodin Stani\u0107 je lutaju\u0107i sa teme na temu, od osnivanja dinastije Nemanji\u0107a, preko ro\u0111enja Njego\u0161a, pa do Podgori\u010dke Skup\u0161tine, kritiziraju\u0107i sve partije koje nisu prosrpski orijentirane, sveo pri\u010du na vrije\u0111anje na vjerskoj i nacionalnoj osnovi. Gospodin Stani\u0107 je rekao da se nudi Pljevljima da [&hellip;]","og_url":"https:\/\/sandzakpress.net\/arhiva\/nvu-husein-pasa-pljevlja-ostro-osuduje-govor-mrznje-srpskog-politicara-dr-novice-stanica\/","og_site_name":"Sand\u017eak PRESS","article_published_time":"2013-11-29T17:11:01+00:00","og_image":[{"width":300,"height":220,"url":"https:\/\/sandzakpress.net\/arhiva\/wp-content\/uploads\/2013\/11\/hqdefault3-300x2201.jpg","type":"image\/jpeg"}],"author":"bosniak","twitter_card":"summary_large_image","twitter_misc":{"Written by":"bosniak","Est. reading time":"1 minuta"},"schema":{"@context":"https:\/\/schema.org","@graph":[{"@type":"Article","@id":"https:\/\/sandzakpress.net\/arhiva\/nvu-husein-pasa-pljevlja-ostro-osuduje-govor-mrznje-srpskog-politicara-dr-novice-stanica\/#article","isPartOf":{"@id":"https:\/\/sandzakpress.net\/arhiva\/nvu-husein-pasa-pljevlja-ostro-osuduje-govor-mrznje-srpskog-politicara-dr-novice-stanica\/"},"author":{"name":"bosniak","@id":"https:\/\/sandzakpress.net\/arhiva\/#\/schema\/person\/c8baee722073534b583ea7bdb2e36c02"},"headline":"NVU &#8220;Husein Pa\u0161a Pljevlja&#8221; o\u0161tro osu\u0111uje govor mr\u017enje srpskog politi\u010dara dr. Novice Stani\u0107a","datePublished":"2013-11-29T17:11:01+00:00","mainEntityOfPage":{"@id":"https:\/\/sandzakpress.net\/arhiva\/nvu-husein-pasa-pljevlja-ostro-osuduje-govor-mrznje-srpskog-politicara-dr-novice-stanica\/"},"wordCount":293,"commentCount":10,"publisher":{"@id":"https:\/\/sandzakpress.net\/arhiva\/#\/schema\/person\/6e72b67d6e51910a1117b3b483ba20bd"},"image":{"@id":"https:\/\/sandzakpress.net\/arhiva\/nvu-husein-pasa-pljevlja-ostro-osuduje-govor-mrznje-srpskog-politicara-dr-novice-stanica\/#primaryimage"},"thumbnailUrl":"https:\/\/sandzakpress.net\/arhiva\/wp-content\/uploads\/2013\/11\/hqdefault3-300x2201.jpg","keywords":["nepravde crnogorske vlasti","Husein Pa\u0161a Pljevlja"],"articleSection":["Politika","Pljevlja","VIJESTI DANA"],"inLanguage":"bs-BA","potentialAction":[{"@type":"CommentAction","name":"Comment","target":["https:\/\/sandzakpress.net\/arhiva\/nvu-husein-pasa-pljevlja-ostro-osuduje-govor-mrznje-srpskog-politicara-dr-novice-stanica\/#respond"]}]},{"@type":"WebPage","@id":"https:\/\/sandzakpress.net\/arhiva\/nvu-husein-pasa-pljevlja-ostro-osuduje-govor-mrznje-srpskog-politicara-dr-novice-stanica\/","url":"https:\/\/sandzakpress.net\/arhiva\/nvu-husein-pasa-pljevlja-ostro-osuduje-govor-mrznje-srpskog-politicara-dr-novice-stanica\/","name":"NVU \"Husein Pa\u0161a Pljevlja\" o\u0161tro osu\u0111uje govor mr\u017enje srpskog politi\u010dara dr. Novice Stani\u0107a","isPartOf":{"@id":"https:\/\/sandzakpress.net\/arhiva\/#website"},"primaryImageOfPage":{"@id":"https:\/\/sandzakpress.net\/arhiva\/nvu-husein-pasa-pljevlja-ostro-osuduje-govor-mrznje-srpskog-politicara-dr-novice-stanica\/#primaryimage"},"image":{"@id":"https:\/\/sandzakpress.net\/arhiva\/nvu-husein-pasa-pljevlja-ostro-osuduje-govor-mrznje-srpskog-politicara-dr-novice-stanica\/#primaryimage"},"thumbnailUrl":"https:\/\/sandzakpress.net\/arhiva\/wp-content\/uploads\/2013\/11\/hqdefault3-300x2201.jpg","datePublished":"2013-11-29T17:11:01+00:00","breadcrumb":{"@id":"https:\/\/sandzakpress.net\/arhiva\/nvu-husein-pasa-pljevlja-ostro-osuduje-govor-mrznje-srpskog-politicara-dr-novice-stanica\/#breadcrumb"},"inLanguage":"bs-BA","potentialAction":[{"@type":"ReadAction","target":["https:\/\/sandzakpress.net\/arhiva\/nvu-husein-pasa-pljevlja-ostro-osuduje-govor-mrznje-srpskog-politicara-dr-novice-stanica\/"]}]},{"@type":"ImageObject","inLanguage":"bs-BA","@id":"https:\/\/sandzakpress.net\/arhiva\/nvu-husein-pasa-pljevlja-ostro-osuduje-govor-mrznje-srpskog-politicara-dr-novice-stanica\/#primaryimage","url":"https:\/\/sandzakpress.net\/arhiva\/wp-content\/uploads\/2013\/11\/hqdefault3-300x2201.jpg","contentUrl":"https:\/\/sandzakpress.net\/arhiva\/wp-content\/uploads\/2013\/11\/hqdefault3-300x2201.jpg","width":300,"height":220},{"@type":"BreadcrumbList","@id":"https:\/\/sandzakpress.net\/arhiva\/nvu-husein-pasa-pljevlja-ostro-osuduje-govor-mrznje-srpskog-politicara-dr-novice-stanica\/#breadcrumb","itemListElement":[{"@type":"ListItem","position":1,"name":"Home","item":"https:\/\/sandzakpress.net\/arhiva\/"},{"@type":"ListItem","position":2,"name":"NVU &#8220;Husein Pa\u0161a Pljevlja&#8221; o\u0161tro osu\u0111uje govor mr\u017enje srpskog politi\u010dara dr. Novice Stani\u0107a"}]},{"@type":"WebSite","@id":"https:\/\/sandzakpress.net\/arhiva\/#website","url":"https:\/\/sandzakpress.net\/arhiva\/","name":"Sand\u017eak PRESS","description":"Prve elektronske novine u Sand\u017eaku","publisher":{"@id":"https:\/\/sandzakpress.net\/arhiva\/#\/schema\/person\/6e72b67d6e51910a1117b3b483ba20bd"},"potentialAction":[{"@type":"SearchAction","target":{"@type":"EntryPoint","urlTemplate":"https:\/\/sandzakpress.net\/arhiva\/?s={search_term_string}"},"query-input":{"@type":"PropertyValueSpecification","valueRequired":true,"valueName":"search_term_string"}}],"inLanguage":"bs-BA"},{"@type":["Person","Organization"],"@id":"https:\/\/sandzakpress.net\/arhiva\/#\/schema\/person\/6e72b67d6e51910a1117b3b483ba20bd","name":"Kul","image":{"@type":"ImageObject","inLanguage":"bs-BA","@id":"https:\/\/sandzakpress.net\/arhiva\/#\/schema\/person\/image\/","url":"https:\/\/secure.gravatar.com\/avatar\/42263f39aa27ac04c43cab85c280eb2e?s=96&d=mm&r=pg","contentUrl":"https:\/\/secure.gravatar.com\/avatar\/42263f39aa27ac04c43cab85c280eb2e?s=96&d=mm&r=pg","caption":"Kul"},"logo":{"@id":"https:\/\/sandzakpress.net\/arhiva\/#\/schema\/person\/image\/"}},{"@type":"Person","@id":"https:\/\/sandzakpress.net\/arhiva\/#\/schema\/person\/c8baee722073534b583ea7bdb2e36c02","name":"bosniak","image":{"@type":"ImageObject","inLanguage":"bs-BA","@id":"https:\/\/sandzakpress.net\/arhiva\/#\/schema\/person\/image\/","url":"https:\/\/secure.gravatar.com\/avatar\/a04fd330bfe3a36a72a0ad4a6d89fca7?s=96&d=mm&r=pg","contentUrl":"https:\/\/secure.gravatar.com\/avatar\/a04fd330bfe3a36a72a0ad4a6d89fca7?s=96&d=mm&r=pg","caption":"bosniak"},"url":"https:\/\/sandzakpress.net\/arhiva\/author\/bosniak\/"}]}},"_links":{"self":[{"href":"https:\/\/sandzakpress.net\/arhiva\/wp-json\/wp\/v2\/posts\/96938"}],"collection":[{"href":"https:\/\/sandzakpress.net\/arhiva\/wp-json\/wp\/v2\/posts"}],"about":[{"href":"https:\/\/sandzakpress.net\/arhiva\/wp-json\/wp\/v2\/types\/post"}],"author":[{"embeddable":true,"href":"https:\/\/sandzakpress.net\/arhiva\/wp-json\/wp\/v2\/users\/83"}],"replies":[{"embeddable":true,"href":"https:\/\/sandzakpress.net\/arhiva\/wp-json\/wp\/v2\/comments?post=96938"}],"version-history":[{"count":0,"href":"https:\/\/sandzakpress.net\/arhiva\/wp-json\/wp\/v2\/posts\/96938\/revisions"}],"wp:featuredmedia":[{"embeddable":true,"href":"https:\/\/sandzakpress.net\/arhiva\/wp-json\/wp\/v2\/media\/96940"}],"wp:attachment":[{"href":"https:\/\/sandzakpress.net\/arhiva\/wp-json\/wp\/v2\/media?parent=96938"}],"wp:term":[{"taxonomy":"category","embeddable":true,"href":"https:\/\/sandzakpress.net\/arhiva\/wp-json\/wp\/v2\/categories?post=96938"},{"taxonomy":"post_tag","embeddable":true,"href":"https:\/\/sandzakpress.net\/arhiva\/wp-json\/wp\/v2\/tags?post=96938"}],"curies":[{"name":"wp","href":"https:\/\/api.w.org\/{rel}","templated":true}]}}