{"id":96921,"date":"2013-11-29T11:13:25","date_gmt":"2013-11-29T10:13:25","guid":{"rendered":"https:\/\/sandzakpress.net\/arhiva\/?p=96921"},"modified":"2013-11-29T11:13:25","modified_gmt":"2013-11-29T10:13:25","slug":"srbi-iz-crne-gore-hocemo-i-mi-autonomiju-opstina-u-kojima-zive-srbi-na-sjeveru-crne-gore","status":"publish","type":"post","link":"https:\/\/sandzakpress.net\/arhiva\/srbi-iz-crne-gore-hocemo-i-mi-autonomiju-opstina-u-kojima-zive-srbi-na-sjeveru-crne-gore\/","title":{"rendered":"Srbi iz Crne Gore: \u2018Ho\u0107emo i mi autonomiju op\u0161tina u kojima \u017eive Srbi na sjeveru Crne Gore\u2019"},"content":{"rendered":"<p><strong><img loading=\"lazy\" decoding=\"async\" class=\"alignleft size-medium wp-image-96922\" alt=\"reg-Etnicka-CG\" src=\"https:\/\/sandzakpress.net\/arhiva\/wp-content\/uploads\/2013\/11\/reg-Etnicka-CG2-300x220.jpg\" width=\"300\" height=\"220\" \/>Ju\u017eni Sand\u017eak &#8211; Identi\u010dno reagovanje tri parlamentarne stranke povodom inicijative Srpske liste za srpsku autonomiju pokazuje da strukture DPS-a, SDP-a i Demokratskog fronta, jo\u0161 od ga\u0161enja Srpske narodne stranke, imaju dogovor da obesmisle i blokiraju svako pravo srpskog naroda u Crnoj Gori. Najbanalnije i naj\u017ealosnije, ali i najindikativnije, u koordinisanim odgovorima ove tri partije jeste to \u0161to je SDP u ime svih saop\u0161tila da nema nijednog poslanika u crnogorskom parlamentu koji \u0107e podr\u017eati inicijativu Srpske liste.<\/strong><\/p>\n<p>Ako se i u praksi poka\u017ee da je situacija ba\u0161 takva, bi\u0107e jasno da nema ni jednog jedinog Srbina u Skup\u0161tini i da SDP,osim \u0161to kontroli\u0161e opoziciju, u medijskom domenu jeste kontrolor Demokratskog fronta, a Demokratski front, u politi\u010dkoj praksi, ideolo\u0161ka filijala SDP-a. Bi\u0107e interesantno i kako \u0107e se prema na\u0161em zahjevu odnijeti SNP, a iskreno o\u010dekujemo podr\u0161ku albanskih stranaka i Bo\u0161nja\u010dke stranke koje, na taj na\u010din, mogu spasiti obraz gra\u0111anske i multinacionalne dr\u017eave.<br \/>\nGospodu iz SDP-a, DPS-a i DF-a podsje\u0107amo:<br \/>\n&#8211; Petnjica je dobila status op\u0161tine zbog bo\u0161nja\u010dke ve\u0107ine u njoj, i ne iz bilo kog drugog razloga. Sve drugo je gola la\u017e;<\/p>\n<p>&#8211; Albanci u Tuzima tra\u017ee status op\u0161tine upravo po nacionalnom \u0161avu koji zaokru\u017euje albanska izborna jedinica (Malesija), i ta inicijativa je u punoj proceduri i ,,vru\u0107a&#8221; je do mjere da mo\u017ee bilo kada izazvati politi\u010dku nestabilnost u Podgorici;<\/p>\n<p>&#8211; SDP, DPS i DF oba projekta, i u Petnjici, i u Tuzima, smatrali su i dalje tretiraju opravdanim!;<\/p>\n<p>&#8211; Sa Bonj\u0161acima se o autonomiji pregovara jo\u0161 od 2006. godine, shodno priznanju BS-a, a mi nemamo razlog da ne vjerujemo BS-u;<\/p>\n<p>&#8211; DPS nam je odgovorio isticanjem svojih ,,politi\u010dkih na\u010dela&#8221; koja su Srbi dobro osjetili na svojoj ko\u017ei, tako da nas zanimaju samo ustavni poredak i zakonske mogu\u0107nosti iz kojih crpimo pravo na autonomiju, a samoproklamovana na\u010dela i li\u010dna mi\u0161ljenja ostavljamo DPS-u, SDP-u i DF-u.<\/p>\n<p>Kada Srbi tra\u017ee ne manje od drugih, niti gram vi\u0161e nego ostali, to se tretira kao jeres! Za\u0161to?<br \/>\nSL je svjesna da ,,tiha voda brijeg roni&#8221;. Zato \u0107emo uskoro u Beranama osvje\u017eiti pam\u0107enje DF-u o tome \u0161to je Srpska lista. Oni koji su nekada bili njeni i \u010dlanovi Srpske narodne stranke, ,,zaboravili&#8221; su \u0161ta je projekat SL nakon \u0161to su preko no\u0107i pribavili stanove, automobile i zagrlili ,,gra\u0111ansku ideju&#8221; Neboj\u0161e Medojevi\u0107a i Mira\u0161a Dedei\u0107a. Do tada su i oni pri\u010dali o autonomiji \u0161to \u0107emo tokom kampanje publikovati u vi\u0161e tomova, \u010disto da bira\u010de u Beranama podsjetimo i na ta vremena.<br \/>\nOvo je ve\u0107 deseti put da, kada polemi\u0161u sa Srpskom listom, niko od funkcionera DF-a ne smije se potpisati imenom i prezimenom. Zato \u0107emo od sada uvesti novo pravilo \u2013 kada nepotpisani frontovci polemi\u0161u sa nama, mi \u0107emo za takav gest smatrati odgovornim dvojicu portparola DF-a, onoga iz biv\u0161eg PzP-a i njegovog kolegu iz biv\u0161eg NSD-a, pa \u0107emo polemisati sa njima jer su za to pla\u0107eni u svojim partijama; sve do trenutka dok se ne ograde od podvala njihovih lidera kojima je, nakon najnovije bruke u Mojkovcu i na Cetinju gdje su ih ,,utukli&#8221; i Pozitivna i SDP, ostalo da jedino smi\u0161ljaju pakosti u strana\u010dkim saop\u0161tenjima.<br \/>\nVrijeme je da svi shvate da \u0107e se i sa Srbima morati pregovarati, makar i pred izvjestan ulazak u NATO, i tu ne mo\u017ee biti druga\u010dije, tu ih ni gra\u0111anski DF, ni likvidacija SNS-a, ne mogu spasiti. \u010cestitamo DPS-u, SDP-u i DF-u \u0161to su sve gra\u0111anske da gra\u0111anskije ne mogu biti, ali mi nismo, kao \u0161to nije ni Bo\u0161nja\u010dka stranka ili albanske nacionalne stranke, pa su dio vlasti, i nikome to ne smeta.<br \/>\nSva prava svima, jednaka prava za sve.<\/p>\n<p>(Srpska lista)<\/p>\n","protected":false},"excerpt":{"rendered":"<p>Ju\u017eni Sand\u017eak &#8211; Identi\u010dno reagovanje tri parlamentarne stranke povodom inicijative Srpske liste za srpsku autonomiju pokazuje da strukture DPS-a, SDP-a i Demokratskog fronta, jo\u0161 od ga\u0161enja Srpske narodne stranke, imaju dogovor da obesmisle i blokiraju svako pravo srpskog naroda u Crnoj Gori. Najbanalnije i naj\u017ealosnije, ali i najindikativnije, u koordinisanim odgovorima ove tri partije jeste [&hellip;]<\/p>\n","protected":false},"author":83,"featured_media":96923,"comment_status":"open","ping_status":"open","sticky":false,"template":"","format":"standard","meta":{"footnotes":""},"categories":[398,397,1,10174,396,395,399,10173,8957],"tags":[10218,10288],"class_list":{"0":"post-96921","1":"post","2":"type-post","3":"status-publish","4":"format-standard","5":"has-post-thumbnail","7":"category-rozaje","8":"category-berane","9":"category-politika","10":"category-petnjica-vase-vijesti","11":"category-bijelo_polje","12":"category-pljevlja_","13":"category-plav_","14":"category-gusinje-vase-vijesti","15":"category-vijesti-dana","16":"tag-nepravde-crnogorske-vlasti","17":"tag-autonomija-sandzaka"},"yoast_head":"<!-- This site is optimized with the Yoast SEO Premium plugin v23.1 (Yoast SEO v24.9) - https:\/\/yoast.com\/wordpress\/plugins\/seo\/ -->\n<title>Srbi iz Crne Gore: \u2018Ho\u0107emo i mi autonomiju op\u0161tina u kojima \u017eive Srbi na sjeveru Crne Gore\u2019<\/title>\n<meta name=\"robots\" content=\"index, follow, max-snippet:-1, max-image-preview:large, max-video-preview:-1\" \/>\n<link rel=\"canonical\" href=\"https:\/\/sandzakpress.net\/arhiva\/srbi-iz-crne-gore-hocemo-i-mi-autonomiju-opstina-u-kojima-zive-srbi-na-sjeveru-crne-gore\/\" \/>\n<meta property=\"og:locale\" content=\"bs_BA\" \/>\n<meta property=\"og:type\" content=\"article\" \/>\n<meta property=\"og:title\" content=\"Srbi iz Crne Gore: \u2018Ho\u0107emo i mi autonomiju op\u0161tina u kojima \u017eive Srbi na sjeveru Crne Gore\u2019\" \/>\n<meta property=\"og:description\" content=\"Ju\u017eni Sand\u017eak &#8211; Identi\u010dno reagovanje tri parlamentarne stranke povodom inicijative Srpske liste za srpsku autonomiju pokazuje da strukture DPS-a, SDP-a i Demokratskog fronta, jo\u0161 od ga\u0161enja Srpske narodne stranke, imaju dogovor da obesmisle i blokiraju svako pravo srpskog naroda u Crnoj Gori. Najbanalnije i naj\u017ealosnije, ali i najindikativnije, u koordinisanim odgovorima ove tri partije jeste [&hellip;]\" \/>\n<meta property=\"og:url\" content=\"https:\/\/sandzakpress.net\/arhiva\/srbi-iz-crne-gore-hocemo-i-mi-autonomiju-opstina-u-kojima-zive-srbi-na-sjeveru-crne-gore\/\" \/>\n<meta property=\"og:site_name\" content=\"Sand\u017eak PRESS\" \/>\n<meta property=\"article:published_time\" content=\"2013-11-29T10:13:25+00:00\" \/>\n<meta property=\"og:image\" content=\"https:\/\/sandzakpress.net\/arhiva\/wp-content\/uploads\/2013\/11\/reg-Etnicka-CG2-300x2201.jpg\" \/>\n\t<meta property=\"og:image:width\" content=\"300\" \/>\n\t<meta property=\"og:image:height\" content=\"220\" \/>\n\t<meta property=\"og:image:type\" content=\"image\/jpeg\" \/>\n<meta name=\"author\" content=\"bosniak\" \/>\n<meta name=\"twitter:card\" content=\"summary_large_image\" \/>\n<meta name=\"twitter:label1\" content=\"Written by\" \/>\n\t<meta name=\"twitter:data1\" content=\"bosniak\" \/>\n\t<meta name=\"twitter:label2\" content=\"Est. reading time\" \/>\n\t<meta name=\"twitter:data2\" content=\"3 minute\" \/>\n<script type=\"application\/ld+json\" class=\"yoast-schema-graph\">{\"@context\":\"https:\/\/schema.org\",\"@graph\":[{\"@type\":\"Article\",\"@id\":\"https:\/\/sandzakpress.net\/arhiva\/srbi-iz-crne-gore-hocemo-i-mi-autonomiju-opstina-u-kojima-zive-srbi-na-sjeveru-crne-gore\/#article\",\"isPartOf\":{\"@id\":\"https:\/\/sandzakpress.net\/arhiva\/srbi-iz-crne-gore-hocemo-i-mi-autonomiju-opstina-u-kojima-zive-srbi-na-sjeveru-crne-gore\/\"},\"author\":{\"name\":\"bosniak\",\"@id\":\"https:\/\/sandzakpress.net\/arhiva\/#\/schema\/person\/c8baee722073534b583ea7bdb2e36c02\"},\"headline\":\"Srbi iz Crne Gore: \u2018Ho\u0107emo i mi autonomiju op\u0161tina u kojima \u017eive Srbi na sjeveru Crne Gore\u2019\",\"datePublished\":\"2013-11-29T10:13:25+00:00\",\"mainEntityOfPage\":{\"@id\":\"https:\/\/sandzakpress.net\/arhiva\/srbi-iz-crne-gore-hocemo-i-mi-autonomiju-opstina-u-kojima-zive-srbi-na-sjeveru-crne-gore\/\"},\"wordCount\":679,\"commentCount\":6,\"publisher\":{\"@id\":\"https:\/\/sandzakpress.net\/arhiva\/#\/schema\/person\/6e72b67d6e51910a1117b3b483ba20bd\"},\"image\":{\"@id\":\"https:\/\/sandzakpress.net\/arhiva\/srbi-iz-crne-gore-hocemo-i-mi-autonomiju-opstina-u-kojima-zive-srbi-na-sjeveru-crne-gore\/#primaryimage\"},\"thumbnailUrl\":\"https:\/\/sandzakpress.net\/arhiva\/wp-content\/uploads\/2013\/11\/reg-Etnicka-CG2-300x2201.jpg\",\"keywords\":[\"nepravde crnogorske vlasti\",\"Autonomija Sand\u017eaka\"],\"articleSection\":[\"Ro\u017eaje\",\"Berane\",\"Politika\",\"Petnjica\",\"Bijelo Polje\",\"Pljevlja\",\"Plav\",\"Gusinje\",\"VIJESTI DANA\"],\"inLanguage\":\"bs-BA\",\"potentialAction\":[{\"@type\":\"CommentAction\",\"name\":\"Comment\",\"target\":[\"https:\/\/sandzakpress.net\/arhiva\/srbi-iz-crne-gore-hocemo-i-mi-autonomiju-opstina-u-kojima-zive-srbi-na-sjeveru-crne-gore\/#respond\"]}]},{\"@type\":\"WebPage\",\"@id\":\"https:\/\/sandzakpress.net\/arhiva\/srbi-iz-crne-gore-hocemo-i-mi-autonomiju-opstina-u-kojima-zive-srbi-na-sjeveru-crne-gore\/\",\"url\":\"https:\/\/sandzakpress.net\/arhiva\/srbi-iz-crne-gore-hocemo-i-mi-autonomiju-opstina-u-kojima-zive-srbi-na-sjeveru-crne-gore\/\",\"name\":\"Srbi iz Crne Gore: \u2018Ho\u0107emo i mi autonomiju op\u0161tina u kojima \u017eive Srbi na sjeveru Crne Gore\u2019\",\"isPartOf\":{\"@id\":\"https:\/\/sandzakpress.net\/arhiva\/#website\"},\"primaryImageOfPage\":{\"@id\":\"https:\/\/sandzakpress.net\/arhiva\/srbi-iz-crne-gore-hocemo-i-mi-autonomiju-opstina-u-kojima-zive-srbi-na-sjeveru-crne-gore\/#primaryimage\"},\"image\":{\"@id\":\"https:\/\/sandzakpress.net\/arhiva\/srbi-iz-crne-gore-hocemo-i-mi-autonomiju-opstina-u-kojima-zive-srbi-na-sjeveru-crne-gore\/#primaryimage\"},\"thumbnailUrl\":\"https:\/\/sandzakpress.net\/arhiva\/wp-content\/uploads\/2013\/11\/reg-Etnicka-CG2-300x2201.jpg\",\"datePublished\":\"2013-11-29T10:13:25+00:00\",\"breadcrumb\":{\"@id\":\"https:\/\/sandzakpress.net\/arhiva\/srbi-iz-crne-gore-hocemo-i-mi-autonomiju-opstina-u-kojima-zive-srbi-na-sjeveru-crne-gore\/#breadcrumb\"},\"inLanguage\":\"bs-BA\",\"potentialAction\":[{\"@type\":\"ReadAction\",\"target\":[\"https:\/\/sandzakpress.net\/arhiva\/srbi-iz-crne-gore-hocemo-i-mi-autonomiju-opstina-u-kojima-zive-srbi-na-sjeveru-crne-gore\/\"]}]},{\"@type\":\"ImageObject\",\"inLanguage\":\"bs-BA\",\"@id\":\"https:\/\/sandzakpress.net\/arhiva\/srbi-iz-crne-gore-hocemo-i-mi-autonomiju-opstina-u-kojima-zive-srbi-na-sjeveru-crne-gore\/#primaryimage\",\"url\":\"https:\/\/sandzakpress.net\/arhiva\/wp-content\/uploads\/2013\/11\/reg-Etnicka-CG2-300x2201.jpg\",\"contentUrl\":\"https:\/\/sandzakpress.net\/arhiva\/wp-content\/uploads\/2013\/11\/reg-Etnicka-CG2-300x2201.jpg\",\"width\":300,\"height\":220},{\"@type\":\"BreadcrumbList\",\"@id\":\"https:\/\/sandzakpress.net\/arhiva\/srbi-iz-crne-gore-hocemo-i-mi-autonomiju-opstina-u-kojima-zive-srbi-na-sjeveru-crne-gore\/#breadcrumb\",\"itemListElement\":[{\"@type\":\"ListItem\",\"position\":1,\"name\":\"Home\",\"item\":\"https:\/\/sandzakpress.net\/arhiva\/\"},{\"@type\":\"ListItem\",\"position\":2,\"name\":\"Srbi iz Crne Gore: \u2018Ho\u0107emo i mi autonomiju op\u0161tina u kojima \u017eive Srbi na sjeveru Crne Gore\u2019\"}]},{\"@type\":\"WebSite\",\"@id\":\"https:\/\/sandzakpress.net\/arhiva\/#website\",\"url\":\"https:\/\/sandzakpress.net\/arhiva\/\",\"name\":\"Sand\u017eak PRESS\",\"description\":\"Prve elektronske novine u Sand\u017eaku\",\"publisher\":{\"@id\":\"https:\/\/sandzakpress.net\/arhiva\/#\/schema\/person\/6e72b67d6e51910a1117b3b483ba20bd\"},\"potentialAction\":[{\"@type\":\"SearchAction\",\"target\":{\"@type\":\"EntryPoint\",\"urlTemplate\":\"https:\/\/sandzakpress.net\/arhiva\/?s={search_term_string}\"},\"query-input\":{\"@type\":\"PropertyValueSpecification\",\"valueRequired\":true,\"valueName\":\"search_term_string\"}}],\"inLanguage\":\"bs-BA\"},{\"@type\":[\"Person\",\"Organization\"],\"@id\":\"https:\/\/sandzakpress.net\/arhiva\/#\/schema\/person\/6e72b67d6e51910a1117b3b483ba20bd\",\"name\":\"Kul\",\"image\":{\"@type\":\"ImageObject\",\"inLanguage\":\"bs-BA\",\"@id\":\"https:\/\/sandzakpress.net\/arhiva\/#\/schema\/person\/image\/\",\"url\":\"https:\/\/secure.gravatar.com\/avatar\/42263f39aa27ac04c43cab85c280eb2e?s=96&d=mm&r=pg\",\"contentUrl\":\"https:\/\/secure.gravatar.com\/avatar\/42263f39aa27ac04c43cab85c280eb2e?s=96&d=mm&r=pg\",\"caption\":\"Kul\"},\"logo\":{\"@id\":\"https:\/\/sandzakpress.net\/arhiva\/#\/schema\/person\/image\/\"}},{\"@type\":\"Person\",\"@id\":\"https:\/\/sandzakpress.net\/arhiva\/#\/schema\/person\/c8baee722073534b583ea7bdb2e36c02\",\"name\":\"bosniak\",\"image\":{\"@type\":\"ImageObject\",\"inLanguage\":\"bs-BA\",\"@id\":\"https:\/\/sandzakpress.net\/arhiva\/#\/schema\/person\/image\/\",\"url\":\"https:\/\/secure.gravatar.com\/avatar\/a04fd330bfe3a36a72a0ad4a6d89fca7?s=96&d=mm&r=pg\",\"contentUrl\":\"https:\/\/secure.gravatar.com\/avatar\/a04fd330bfe3a36a72a0ad4a6d89fca7?s=96&d=mm&r=pg\",\"caption\":\"bosniak\"},\"url\":\"https:\/\/sandzakpress.net\/arhiva\/author\/bosniak\/\"}]}<\/script>\n<!-- \/ Yoast SEO Premium plugin. -->","yoast_head_json":{"title":"Srbi iz Crne Gore: \u2018Ho\u0107emo i mi autonomiju op\u0161tina u kojima \u017eive Srbi na sjeveru Crne Gore\u2019","robots":{"index":"index","follow":"follow","max-snippet":"max-snippet:-1","max-image-preview":"max-image-preview:large","max-video-preview":"max-video-preview:-1"},"canonical":"https:\/\/sandzakpress.net\/arhiva\/srbi-iz-crne-gore-hocemo-i-mi-autonomiju-opstina-u-kojima-zive-srbi-na-sjeveru-crne-gore\/","og_locale":"bs_BA","og_type":"article","og_title":"Srbi iz Crne Gore: \u2018Ho\u0107emo i mi autonomiju op\u0161tina u kojima \u017eive Srbi na sjeveru Crne Gore\u2019","og_description":"Ju\u017eni Sand\u017eak &#8211; Identi\u010dno reagovanje tri parlamentarne stranke povodom inicijative Srpske liste za srpsku autonomiju pokazuje da strukture DPS-a, SDP-a i Demokratskog fronta, jo\u0161 od ga\u0161enja Srpske narodne stranke, imaju dogovor da obesmisle i blokiraju svako pravo srpskog naroda u Crnoj Gori. Najbanalnije i naj\u017ealosnije, ali i najindikativnije, u koordinisanim odgovorima ove tri partije jeste [&hellip;]","og_url":"https:\/\/sandzakpress.net\/arhiva\/srbi-iz-crne-gore-hocemo-i-mi-autonomiju-opstina-u-kojima-zive-srbi-na-sjeveru-crne-gore\/","og_site_name":"Sand\u017eak PRESS","article_published_time":"2013-11-29T10:13:25+00:00","og_image":[{"width":300,"height":220,"url":"https:\/\/sandzakpress.net\/arhiva\/wp-content\/uploads\/2013\/11\/reg-Etnicka-CG2-300x2201.jpg","type":"image\/jpeg"}],"author":"bosniak","twitter_card":"summary_large_image","twitter_misc":{"Written by":"bosniak","Est. reading time":"3 minute"},"schema":{"@context":"https:\/\/schema.org","@graph":[{"@type":"Article","@id":"https:\/\/sandzakpress.net\/arhiva\/srbi-iz-crne-gore-hocemo-i-mi-autonomiju-opstina-u-kojima-zive-srbi-na-sjeveru-crne-gore\/#article","isPartOf":{"@id":"https:\/\/sandzakpress.net\/arhiva\/srbi-iz-crne-gore-hocemo-i-mi-autonomiju-opstina-u-kojima-zive-srbi-na-sjeveru-crne-gore\/"},"author":{"name":"bosniak","@id":"https:\/\/sandzakpress.net\/arhiva\/#\/schema\/person\/c8baee722073534b583ea7bdb2e36c02"},"headline":"Srbi iz Crne Gore: \u2018Ho\u0107emo i mi autonomiju op\u0161tina u kojima \u017eive Srbi na sjeveru Crne Gore\u2019","datePublished":"2013-11-29T10:13:25+00:00","mainEntityOfPage":{"@id":"https:\/\/sandzakpress.net\/arhiva\/srbi-iz-crne-gore-hocemo-i-mi-autonomiju-opstina-u-kojima-zive-srbi-na-sjeveru-crne-gore\/"},"wordCount":679,"commentCount":6,"publisher":{"@id":"https:\/\/sandzakpress.net\/arhiva\/#\/schema\/person\/6e72b67d6e51910a1117b3b483ba20bd"},"image":{"@id":"https:\/\/sandzakpress.net\/arhiva\/srbi-iz-crne-gore-hocemo-i-mi-autonomiju-opstina-u-kojima-zive-srbi-na-sjeveru-crne-gore\/#primaryimage"},"thumbnailUrl":"https:\/\/sandzakpress.net\/arhiva\/wp-content\/uploads\/2013\/11\/reg-Etnicka-CG2-300x2201.jpg","keywords":["nepravde crnogorske vlasti","Autonomija Sand\u017eaka"],"articleSection":["Ro\u017eaje","Berane","Politika","Petnjica","Bijelo Polje","Pljevlja","Plav","Gusinje","VIJESTI DANA"],"inLanguage":"bs-BA","potentialAction":[{"@type":"CommentAction","name":"Comment","target":["https:\/\/sandzakpress.net\/arhiva\/srbi-iz-crne-gore-hocemo-i-mi-autonomiju-opstina-u-kojima-zive-srbi-na-sjeveru-crne-gore\/#respond"]}]},{"@type":"WebPage","@id":"https:\/\/sandzakpress.net\/arhiva\/srbi-iz-crne-gore-hocemo-i-mi-autonomiju-opstina-u-kojima-zive-srbi-na-sjeveru-crne-gore\/","url":"https:\/\/sandzakpress.net\/arhiva\/srbi-iz-crne-gore-hocemo-i-mi-autonomiju-opstina-u-kojima-zive-srbi-na-sjeveru-crne-gore\/","name":"Srbi iz Crne Gore: \u2018Ho\u0107emo i mi autonomiju op\u0161tina u kojima \u017eive Srbi na sjeveru Crne Gore\u2019","isPartOf":{"@id":"https:\/\/sandzakpress.net\/arhiva\/#website"},"primaryImageOfPage":{"@id":"https:\/\/sandzakpress.net\/arhiva\/srbi-iz-crne-gore-hocemo-i-mi-autonomiju-opstina-u-kojima-zive-srbi-na-sjeveru-crne-gore\/#primaryimage"},"image":{"@id":"https:\/\/sandzakpress.net\/arhiva\/srbi-iz-crne-gore-hocemo-i-mi-autonomiju-opstina-u-kojima-zive-srbi-na-sjeveru-crne-gore\/#primaryimage"},"thumbnailUrl":"https:\/\/sandzakpress.net\/arhiva\/wp-content\/uploads\/2013\/11\/reg-Etnicka-CG2-300x2201.jpg","datePublished":"2013-11-29T10:13:25+00:00","breadcrumb":{"@id":"https:\/\/sandzakpress.net\/arhiva\/srbi-iz-crne-gore-hocemo-i-mi-autonomiju-opstina-u-kojima-zive-srbi-na-sjeveru-crne-gore\/#breadcrumb"},"inLanguage":"bs-BA","potentialAction":[{"@type":"ReadAction","target":["https:\/\/sandzakpress.net\/arhiva\/srbi-iz-crne-gore-hocemo-i-mi-autonomiju-opstina-u-kojima-zive-srbi-na-sjeveru-crne-gore\/"]}]},{"@type":"ImageObject","inLanguage":"bs-BA","@id":"https:\/\/sandzakpress.net\/arhiva\/srbi-iz-crne-gore-hocemo-i-mi-autonomiju-opstina-u-kojima-zive-srbi-na-sjeveru-crne-gore\/#primaryimage","url":"https:\/\/sandzakpress.net\/arhiva\/wp-content\/uploads\/2013\/11\/reg-Etnicka-CG2-300x2201.jpg","contentUrl":"https:\/\/sandzakpress.net\/arhiva\/wp-content\/uploads\/2013\/11\/reg-Etnicka-CG2-300x2201.jpg","width":300,"height":220},{"@type":"BreadcrumbList","@id":"https:\/\/sandzakpress.net\/arhiva\/srbi-iz-crne-gore-hocemo-i-mi-autonomiju-opstina-u-kojima-zive-srbi-na-sjeveru-crne-gore\/#breadcrumb","itemListElement":[{"@type":"ListItem","position":1,"name":"Home","item":"https:\/\/sandzakpress.net\/arhiva\/"},{"@type":"ListItem","position":2,"name":"Srbi iz Crne Gore: \u2018Ho\u0107emo i mi autonomiju op\u0161tina u kojima \u017eive Srbi na sjeveru Crne Gore\u2019"}]},{"@type":"WebSite","@id":"https:\/\/sandzakpress.net\/arhiva\/#website","url":"https:\/\/sandzakpress.net\/arhiva\/","name":"Sand\u017eak PRESS","description":"Prve elektronske novine u Sand\u017eaku","publisher":{"@id":"https:\/\/sandzakpress.net\/arhiva\/#\/schema\/person\/6e72b67d6e51910a1117b3b483ba20bd"},"potentialAction":[{"@type":"SearchAction","target":{"@type":"EntryPoint","urlTemplate":"https:\/\/sandzakpress.net\/arhiva\/?s={search_term_string}"},"query-input":{"@type":"PropertyValueSpecification","valueRequired":true,"valueName":"search_term_string"}}],"inLanguage":"bs-BA"},{"@type":["Person","Organization"],"@id":"https:\/\/sandzakpress.net\/arhiva\/#\/schema\/person\/6e72b67d6e51910a1117b3b483ba20bd","name":"Kul","image":{"@type":"ImageObject","inLanguage":"bs-BA","@id":"https:\/\/sandzakpress.net\/arhiva\/#\/schema\/person\/image\/","url":"https:\/\/secure.gravatar.com\/avatar\/42263f39aa27ac04c43cab85c280eb2e?s=96&d=mm&r=pg","contentUrl":"https:\/\/secure.gravatar.com\/avatar\/42263f39aa27ac04c43cab85c280eb2e?s=96&d=mm&r=pg","caption":"Kul"},"logo":{"@id":"https:\/\/sandzakpress.net\/arhiva\/#\/schema\/person\/image\/"}},{"@type":"Person","@id":"https:\/\/sandzakpress.net\/arhiva\/#\/schema\/person\/c8baee722073534b583ea7bdb2e36c02","name":"bosniak","image":{"@type":"ImageObject","inLanguage":"bs-BA","@id":"https:\/\/sandzakpress.net\/arhiva\/#\/schema\/person\/image\/","url":"https:\/\/secure.gravatar.com\/avatar\/a04fd330bfe3a36a72a0ad4a6d89fca7?s=96&d=mm&r=pg","contentUrl":"https:\/\/secure.gravatar.com\/avatar\/a04fd330bfe3a36a72a0ad4a6d89fca7?s=96&d=mm&r=pg","caption":"bosniak"},"url":"https:\/\/sandzakpress.net\/arhiva\/author\/bosniak\/"}]}},"_links":{"self":[{"href":"https:\/\/sandzakpress.net\/arhiva\/wp-json\/wp\/v2\/posts\/96921"}],"collection":[{"href":"https:\/\/sandzakpress.net\/arhiva\/wp-json\/wp\/v2\/posts"}],"about":[{"href":"https:\/\/sandzakpress.net\/arhiva\/wp-json\/wp\/v2\/types\/post"}],"author":[{"embeddable":true,"href":"https:\/\/sandzakpress.net\/arhiva\/wp-json\/wp\/v2\/users\/83"}],"replies":[{"embeddable":true,"href":"https:\/\/sandzakpress.net\/arhiva\/wp-json\/wp\/v2\/comments?post=96921"}],"version-history":[{"count":0,"href":"https:\/\/sandzakpress.net\/arhiva\/wp-json\/wp\/v2\/posts\/96921\/revisions"}],"wp:featuredmedia":[{"embeddable":true,"href":"https:\/\/sandzakpress.net\/arhiva\/wp-json\/wp\/v2\/media\/96923"}],"wp:attachment":[{"href":"https:\/\/sandzakpress.net\/arhiva\/wp-json\/wp\/v2\/media?parent=96921"}],"wp:term":[{"taxonomy":"category","embeddable":true,"href":"https:\/\/sandzakpress.net\/arhiva\/wp-json\/wp\/v2\/categories?post=96921"},{"taxonomy":"post_tag","embeddable":true,"href":"https:\/\/sandzakpress.net\/arhiva\/wp-json\/wp\/v2\/tags?post=96921"}],"curies":[{"name":"wp","href":"https:\/\/api.w.org\/{rel}","templated":true}]}}