{"id":9689,"date":"2010-11-09T20:28:43","date_gmt":"2010-11-09T19:28:43","guid":{"rendered":"https:\/\/sandzakpress.net\/arhiva\/?p=9689"},"modified":"2010-11-10T07:24:19","modified_gmt":"2010-11-10T06:24:19","slug":"ugljanin-i-zilkic-razlicito-o-diskriminaciji-bosnjaka","status":"publish","type":"post","link":"https:\/\/sandzakpress.net\/arhiva\/ugljanin-i-zilkic-razlicito-o-diskriminaciji-bosnjaka\/","title":{"rendered":"Ugljanin i Zilki\u0107 opre\u010dno o diskriminaciji Bo\u0161njaka"},"content":{"rendered":"<p><strong><a href=\"https:\/\/sandzakpress.net\/arhiva\/wp-content\/uploads\/2010\/11\/16140_105758032768118_100000017652418_149102_6669773_n.jpg\"><img loading=\"lazy\" decoding=\"async\" class=\"alignleft size-medium wp-image-9690\" title=\"16140_105758032768118_100000017652418_149102_6669773_n\" src=\"https:\/\/sandzakpress.net\/arhiva\/wp-content\/uploads\/2010\/11\/16140_105758032768118_100000017652418_149102_6669773_n-300x270.jpg\" alt=\"\" width=\"217\" height=\"194\" \/><\/a>Sjeverni Sand\u017eak &#8211; Po prvi put, Bo\u0161njaci Sand\u017eaka, imaju prilike \u010duti razli\u010dite izjave od predsjednika SDA Sulejmana Ugljanina i njegovog prijatelja Adema Zilki\u0107a. <\/strong><\/p>\n<p>Rije\u010d je o diskriminaciji nad Bo\u0161njacima, koju intenzivno \u010dini republika Srbija.<\/p>\n<blockquote><p><strong>Sulejman Ugljanin o diskriminaciji:<\/strong><\/p>\n<p>\u201cMomentalno, prava Bo\u0161njaka u ovoj zemlji su na niskom nivou. O pravima Bo\u0161njaka se mnogo ne razmi\u0161lja.<\/p>\n<p>Na \u017ealost, ni ova na\u0161a vlada nije imala razumijevanja da otkloni neke  ru\u017ene stvari i da pomogne da se neke pozitivne stvari kod Bo\u0161njaka  primijene\u201d<\/p><\/blockquote>\n<blockquote><p><strong>Adem Zilki\u0107 o diskriminaciji:<\/strong><\/p>\n<p>\u201eDr\u017eava nije pravila problem oko toga \u0161to je od 60 podignutih vjerskih  objekata, samo dva dobilo dozvolu. Imamo \u010detiri srednje \u0161kole, \u010detrnaest  obdani\u0161ta, Fakultet za islamske studije i to samo po sebi govori da  nema diskriminacije.\u201c<\/p><\/blockquote>\n<p>Da li ovakva izjava Ugljanina predstavlja pripremu da ugasi paravjersku tvorevinu na \u010delu sa Zilki\u0107em, koju je i sam proizveo ili mo\u017eda samo kampanja za predstoje\u0107e izbore, ostaje da vrijeme poka\u017ee?<\/p>\n<p>Izvor:<strong> SandzakPRESS.net<\/strong><\/p>\n","protected":false},"excerpt":{"rendered":"<p>Sjeverni Sand\u017eak &#8211; Po prvi put, Bo\u0161njaci Sand\u017eaka, imaju prilike \u010duti razli\u010dite izjave od predsjednika SDA Sulejmana Ugljanina i njegovog prijatelja Adema Zilki\u0107a. Rije\u010d je o diskriminaciji nad Bo\u0161njacima, koju intenzivno \u010dini republika Srbija. Sulejman Ugljanin o diskriminaciji: \u201cMomentalno, prava Bo\u0161njaka u ovoj zemlji su na niskom nivou. O pravima Bo\u0161njaka se mnogo ne razmi\u0161lja. [&hellip;]<\/p>\n","protected":false},"author":83,"featured_media":9690,"comment_status":"open","ping_status":"open","sticky":false,"template":"","format":"standard","meta":{"footnotes":""},"categories":[72,1,52,327,392,393,394],"tags":[],"class_list":{"0":"post-9689","1":"post","2":"type-post","3":"status-publish","4":"format-standard","5":"has-post-thumbnail","7":"category-novi-pazar","8":"category-politika","9":"category-sjenica","10":"category-tutin","11":"category-prijepolje_","12":"category-priboj","13":"category-nova-varos"},"yoast_head":"<!-- This site is optimized with the Yoast SEO Premium plugin v23.1 (Yoast SEO v24.9) - https:\/\/yoast.com\/wordpress\/plugins\/seo\/ -->\n<title>Ugljanin i Zilki\u0107 opre\u010dno o diskriminaciji Bo\u0161njaka<\/title>\n<meta name=\"robots\" content=\"index, follow, max-snippet:-1, max-image-preview:large, max-video-preview:-1\" \/>\n<link rel=\"canonical\" href=\"https:\/\/sandzakpress.net\/arhiva\/ugljanin-i-zilkic-razlicito-o-diskriminaciji-bosnjaka\/\" \/>\n<meta property=\"og:locale\" content=\"bs_BA\" \/>\n<meta property=\"og:type\" content=\"article\" \/>\n<meta property=\"og:title\" content=\"Ugljanin i Zilki\u0107 opre\u010dno o diskriminaciji Bo\u0161njaka\" \/>\n<meta property=\"og:description\" content=\"Sjeverni Sand\u017eak &#8211; Po prvi put, Bo\u0161njaci Sand\u017eaka, imaju prilike \u010duti razli\u010dite izjave od predsjednika SDA Sulejmana Ugljanina i njegovog prijatelja Adema Zilki\u0107a. Rije\u010d je o diskriminaciji nad Bo\u0161njacima, koju intenzivno \u010dini republika Srbija. Sulejman Ugljanin o diskriminaciji: \u201cMomentalno, prava Bo\u0161njaka u ovoj zemlji su na niskom nivou. O pravima Bo\u0161njaka se mnogo ne razmi\u0161lja. [&hellip;]\" \/>\n<meta property=\"og:url\" content=\"https:\/\/sandzakpress.net\/arhiva\/ugljanin-i-zilkic-razlicito-o-diskriminaciji-bosnjaka\/\" \/>\n<meta property=\"og:site_name\" content=\"Sand\u017eak PRESS\" \/>\n<meta property=\"article:published_time\" content=\"2010-11-09T19:28:43+00:00\" \/>\n<meta property=\"article:modified_time\" content=\"2010-11-10T06:24:19+00:00\" \/>\n<meta property=\"og:image\" content=\"https:\/\/sandzakpress.net\/arhiva\/wp-content\/uploads\/2010\/11\/16140_105758032768118_100000017652418_149102_6669773_n.jpg\" \/>\n\t<meta property=\"og:image:width\" content=\"395\" \/>\n\t<meta property=\"og:image:height\" content=\"356\" \/>\n\t<meta property=\"og:image:type\" content=\"image\/jpeg\" \/>\n<meta name=\"author\" content=\"bosniak\" \/>\n<meta name=\"twitter:card\" content=\"summary_large_image\" \/>\n<meta name=\"twitter:label1\" content=\"Written by\" \/>\n\t<meta name=\"twitter:data1\" content=\"bosniak\" \/>\n\t<meta name=\"twitter:label2\" content=\"Est. reading time\" \/>\n\t<meta name=\"twitter:data2\" content=\"1 minuta\" \/>\n<script type=\"application\/ld+json\" class=\"yoast-schema-graph\">{\"@context\":\"https:\/\/schema.org\",\"@graph\":[{\"@type\":\"Article\",\"@id\":\"https:\/\/sandzakpress.net\/arhiva\/ugljanin-i-zilkic-razlicito-o-diskriminaciji-bosnjaka\/#article\",\"isPartOf\":{\"@id\":\"https:\/\/sandzakpress.net\/arhiva\/ugljanin-i-zilkic-razlicito-o-diskriminaciji-bosnjaka\/\"},\"author\":{\"name\":\"bosniak\",\"@id\":\"https:\/\/sandzakpress.net\/arhiva\/#\/schema\/person\/c8baee722073534b583ea7bdb2e36c02\"},\"headline\":\"Ugljanin i Zilki\u0107 opre\u010dno o diskriminaciji Bo\u0161njaka\",\"datePublished\":\"2010-11-09T19:28:43+00:00\",\"dateModified\":\"2010-11-10T06:24:19+00:00\",\"mainEntityOfPage\":{\"@id\":\"https:\/\/sandzakpress.net\/arhiva\/ugljanin-i-zilkic-razlicito-o-diskriminaciji-bosnjaka\/\"},\"wordCount\":180,\"commentCount\":16,\"publisher\":{\"@id\":\"https:\/\/sandzakpress.net\/arhiva\/#\/schema\/person\/6e72b67d6e51910a1117b3b483ba20bd\"},\"image\":{\"@id\":\"https:\/\/sandzakpress.net\/arhiva\/ugljanin-i-zilkic-razlicito-o-diskriminaciji-bosnjaka\/#primaryimage\"},\"thumbnailUrl\":\"https:\/\/sandzakpress.net\/arhiva\/wp-content\/uploads\/2010\/11\/16140_105758032768118_100000017652418_149102_6669773_n.jpg\",\"articleSection\":[\"Novi Pazar\",\"Politika\",\"Sjenica\",\"Tutin\",\"Prijepolje\",\"Priboj\",\"Nova Varo\u0161\"],\"inLanguage\":\"bs-BA\",\"potentialAction\":[{\"@type\":\"CommentAction\",\"name\":\"Comment\",\"target\":[\"https:\/\/sandzakpress.net\/arhiva\/ugljanin-i-zilkic-razlicito-o-diskriminaciji-bosnjaka\/#respond\"]}]},{\"@type\":\"WebPage\",\"@id\":\"https:\/\/sandzakpress.net\/arhiva\/ugljanin-i-zilkic-razlicito-o-diskriminaciji-bosnjaka\/\",\"url\":\"https:\/\/sandzakpress.net\/arhiva\/ugljanin-i-zilkic-razlicito-o-diskriminaciji-bosnjaka\/\",\"name\":\"Ugljanin i Zilki\u0107 opre\u010dno o diskriminaciji Bo\u0161njaka\",\"isPartOf\":{\"@id\":\"https:\/\/sandzakpress.net\/arhiva\/#website\"},\"primaryImageOfPage\":{\"@id\":\"https:\/\/sandzakpress.net\/arhiva\/ugljanin-i-zilkic-razlicito-o-diskriminaciji-bosnjaka\/#primaryimage\"},\"image\":{\"@id\":\"https:\/\/sandzakpress.net\/arhiva\/ugljanin-i-zilkic-razlicito-o-diskriminaciji-bosnjaka\/#primaryimage\"},\"thumbnailUrl\":\"https:\/\/sandzakpress.net\/arhiva\/wp-content\/uploads\/2010\/11\/16140_105758032768118_100000017652418_149102_6669773_n.jpg\",\"datePublished\":\"2010-11-09T19:28:43+00:00\",\"dateModified\":\"2010-11-10T06:24:19+00:00\",\"breadcrumb\":{\"@id\":\"https:\/\/sandzakpress.net\/arhiva\/ugljanin-i-zilkic-razlicito-o-diskriminaciji-bosnjaka\/#breadcrumb\"},\"inLanguage\":\"bs-BA\",\"potentialAction\":[{\"@type\":\"ReadAction\",\"target\":[\"https:\/\/sandzakpress.net\/arhiva\/ugljanin-i-zilkic-razlicito-o-diskriminaciji-bosnjaka\/\"]}]},{\"@type\":\"ImageObject\",\"inLanguage\":\"bs-BA\",\"@id\":\"https:\/\/sandzakpress.net\/arhiva\/ugljanin-i-zilkic-razlicito-o-diskriminaciji-bosnjaka\/#primaryimage\",\"url\":\"https:\/\/sandzakpress.net\/arhiva\/wp-content\/uploads\/2010\/11\/16140_105758032768118_100000017652418_149102_6669773_n.jpg\",\"contentUrl\":\"https:\/\/sandzakpress.net\/arhiva\/wp-content\/uploads\/2010\/11\/16140_105758032768118_100000017652418_149102_6669773_n.jpg\",\"width\":395,\"height\":356},{\"@type\":\"BreadcrumbList\",\"@id\":\"https:\/\/sandzakpress.net\/arhiva\/ugljanin-i-zilkic-razlicito-o-diskriminaciji-bosnjaka\/#breadcrumb\",\"itemListElement\":[{\"@type\":\"ListItem\",\"position\":1,\"name\":\"Home\",\"item\":\"https:\/\/sandzakpress.net\/arhiva\/\"},{\"@type\":\"ListItem\",\"position\":2,\"name\":\"Ugljanin i Zilki\u0107 opre\u010dno o diskriminaciji Bo\u0161njaka\"}]},{\"@type\":\"WebSite\",\"@id\":\"https:\/\/sandzakpress.net\/arhiva\/#website\",\"url\":\"https:\/\/sandzakpress.net\/arhiva\/\",\"name\":\"Sand\u017eak PRESS\",\"description\":\"Prve elektronske novine u Sand\u017eaku\",\"publisher\":{\"@id\":\"https:\/\/sandzakpress.net\/arhiva\/#\/schema\/person\/6e72b67d6e51910a1117b3b483ba20bd\"},\"potentialAction\":[{\"@type\":\"SearchAction\",\"target\":{\"@type\":\"EntryPoint\",\"urlTemplate\":\"https:\/\/sandzakpress.net\/arhiva\/?s={search_term_string}\"},\"query-input\":{\"@type\":\"PropertyValueSpecification\",\"valueRequired\":true,\"valueName\":\"search_term_string\"}}],\"inLanguage\":\"bs-BA\"},{\"@type\":[\"Person\",\"Organization\"],\"@id\":\"https:\/\/sandzakpress.net\/arhiva\/#\/schema\/person\/6e72b67d6e51910a1117b3b483ba20bd\",\"name\":\"Kul\",\"image\":{\"@type\":\"ImageObject\",\"inLanguage\":\"bs-BA\",\"@id\":\"https:\/\/sandzakpress.net\/arhiva\/#\/schema\/person\/image\/\",\"url\":\"https:\/\/secure.gravatar.com\/avatar\/42263f39aa27ac04c43cab85c280eb2e?s=96&d=mm&r=pg\",\"contentUrl\":\"https:\/\/secure.gravatar.com\/avatar\/42263f39aa27ac04c43cab85c280eb2e?s=96&d=mm&r=pg\",\"caption\":\"Kul\"},\"logo\":{\"@id\":\"https:\/\/sandzakpress.net\/arhiva\/#\/schema\/person\/image\/\"}},{\"@type\":\"Person\",\"@id\":\"https:\/\/sandzakpress.net\/arhiva\/#\/schema\/person\/c8baee722073534b583ea7bdb2e36c02\",\"name\":\"bosniak\",\"image\":{\"@type\":\"ImageObject\",\"inLanguage\":\"bs-BA\",\"@id\":\"https:\/\/sandzakpress.net\/arhiva\/#\/schema\/person\/image\/\",\"url\":\"https:\/\/secure.gravatar.com\/avatar\/a04fd330bfe3a36a72a0ad4a6d89fca7?s=96&d=mm&r=pg\",\"contentUrl\":\"https:\/\/secure.gravatar.com\/avatar\/a04fd330bfe3a36a72a0ad4a6d89fca7?s=96&d=mm&r=pg\",\"caption\":\"bosniak\"},\"url\":\"https:\/\/sandzakpress.net\/arhiva\/author\/bosniak\/\"}]}<\/script>\n<!-- \/ Yoast SEO Premium plugin. -->","yoast_head_json":{"title":"Ugljanin i Zilki\u0107 opre\u010dno o diskriminaciji Bo\u0161njaka","robots":{"index":"index","follow":"follow","max-snippet":"max-snippet:-1","max-image-preview":"max-image-preview:large","max-video-preview":"max-video-preview:-1"},"canonical":"https:\/\/sandzakpress.net\/arhiva\/ugljanin-i-zilkic-razlicito-o-diskriminaciji-bosnjaka\/","og_locale":"bs_BA","og_type":"article","og_title":"Ugljanin i Zilki\u0107 opre\u010dno o diskriminaciji Bo\u0161njaka","og_description":"Sjeverni Sand\u017eak &#8211; Po prvi put, Bo\u0161njaci Sand\u017eaka, imaju prilike \u010duti razli\u010dite izjave od predsjednika SDA Sulejmana Ugljanina i njegovog prijatelja Adema Zilki\u0107a. Rije\u010d je o diskriminaciji nad Bo\u0161njacima, koju intenzivno \u010dini republika Srbija. Sulejman Ugljanin o diskriminaciji: \u201cMomentalno, prava Bo\u0161njaka u ovoj zemlji su na niskom nivou. O pravima Bo\u0161njaka se mnogo ne razmi\u0161lja. [&hellip;]","og_url":"https:\/\/sandzakpress.net\/arhiva\/ugljanin-i-zilkic-razlicito-o-diskriminaciji-bosnjaka\/","og_site_name":"Sand\u017eak PRESS","article_published_time":"2010-11-09T19:28:43+00:00","article_modified_time":"2010-11-10T06:24:19+00:00","og_image":[{"width":395,"height":356,"url":"https:\/\/sandzakpress.net\/arhiva\/wp-content\/uploads\/2010\/11\/16140_105758032768118_100000017652418_149102_6669773_n.jpg","type":"image\/jpeg"}],"author":"bosniak","twitter_card":"summary_large_image","twitter_misc":{"Written by":"bosniak","Est. reading time":"1 minuta"},"schema":{"@context":"https:\/\/schema.org","@graph":[{"@type":"Article","@id":"https:\/\/sandzakpress.net\/arhiva\/ugljanin-i-zilkic-razlicito-o-diskriminaciji-bosnjaka\/#article","isPartOf":{"@id":"https:\/\/sandzakpress.net\/arhiva\/ugljanin-i-zilkic-razlicito-o-diskriminaciji-bosnjaka\/"},"author":{"name":"bosniak","@id":"https:\/\/sandzakpress.net\/arhiva\/#\/schema\/person\/c8baee722073534b583ea7bdb2e36c02"},"headline":"Ugljanin i Zilki\u0107 opre\u010dno o diskriminaciji Bo\u0161njaka","datePublished":"2010-11-09T19:28:43+00:00","dateModified":"2010-11-10T06:24:19+00:00","mainEntityOfPage":{"@id":"https:\/\/sandzakpress.net\/arhiva\/ugljanin-i-zilkic-razlicito-o-diskriminaciji-bosnjaka\/"},"wordCount":180,"commentCount":16,"publisher":{"@id":"https:\/\/sandzakpress.net\/arhiva\/#\/schema\/person\/6e72b67d6e51910a1117b3b483ba20bd"},"image":{"@id":"https:\/\/sandzakpress.net\/arhiva\/ugljanin-i-zilkic-razlicito-o-diskriminaciji-bosnjaka\/#primaryimage"},"thumbnailUrl":"https:\/\/sandzakpress.net\/arhiva\/wp-content\/uploads\/2010\/11\/16140_105758032768118_100000017652418_149102_6669773_n.jpg","articleSection":["Novi Pazar","Politika","Sjenica","Tutin","Prijepolje","Priboj","Nova Varo\u0161"],"inLanguage":"bs-BA","potentialAction":[{"@type":"CommentAction","name":"Comment","target":["https:\/\/sandzakpress.net\/arhiva\/ugljanin-i-zilkic-razlicito-o-diskriminaciji-bosnjaka\/#respond"]}]},{"@type":"WebPage","@id":"https:\/\/sandzakpress.net\/arhiva\/ugljanin-i-zilkic-razlicito-o-diskriminaciji-bosnjaka\/","url":"https:\/\/sandzakpress.net\/arhiva\/ugljanin-i-zilkic-razlicito-o-diskriminaciji-bosnjaka\/","name":"Ugljanin i Zilki\u0107 opre\u010dno o diskriminaciji Bo\u0161njaka","isPartOf":{"@id":"https:\/\/sandzakpress.net\/arhiva\/#website"},"primaryImageOfPage":{"@id":"https:\/\/sandzakpress.net\/arhiva\/ugljanin-i-zilkic-razlicito-o-diskriminaciji-bosnjaka\/#primaryimage"},"image":{"@id":"https:\/\/sandzakpress.net\/arhiva\/ugljanin-i-zilkic-razlicito-o-diskriminaciji-bosnjaka\/#primaryimage"},"thumbnailUrl":"https:\/\/sandzakpress.net\/arhiva\/wp-content\/uploads\/2010\/11\/16140_105758032768118_100000017652418_149102_6669773_n.jpg","datePublished":"2010-11-09T19:28:43+00:00","dateModified":"2010-11-10T06:24:19+00:00","breadcrumb":{"@id":"https:\/\/sandzakpress.net\/arhiva\/ugljanin-i-zilkic-razlicito-o-diskriminaciji-bosnjaka\/#breadcrumb"},"inLanguage":"bs-BA","potentialAction":[{"@type":"ReadAction","target":["https:\/\/sandzakpress.net\/arhiva\/ugljanin-i-zilkic-razlicito-o-diskriminaciji-bosnjaka\/"]}]},{"@type":"ImageObject","inLanguage":"bs-BA","@id":"https:\/\/sandzakpress.net\/arhiva\/ugljanin-i-zilkic-razlicito-o-diskriminaciji-bosnjaka\/#primaryimage","url":"https:\/\/sandzakpress.net\/arhiva\/wp-content\/uploads\/2010\/11\/16140_105758032768118_100000017652418_149102_6669773_n.jpg","contentUrl":"https:\/\/sandzakpress.net\/arhiva\/wp-content\/uploads\/2010\/11\/16140_105758032768118_100000017652418_149102_6669773_n.jpg","width":395,"height":356},{"@type":"BreadcrumbList","@id":"https:\/\/sandzakpress.net\/arhiva\/ugljanin-i-zilkic-razlicito-o-diskriminaciji-bosnjaka\/#breadcrumb","itemListElement":[{"@type":"ListItem","position":1,"name":"Home","item":"https:\/\/sandzakpress.net\/arhiva\/"},{"@type":"ListItem","position":2,"name":"Ugljanin i Zilki\u0107 opre\u010dno o diskriminaciji Bo\u0161njaka"}]},{"@type":"WebSite","@id":"https:\/\/sandzakpress.net\/arhiva\/#website","url":"https:\/\/sandzakpress.net\/arhiva\/","name":"Sand\u017eak PRESS","description":"Prve elektronske novine u Sand\u017eaku","publisher":{"@id":"https:\/\/sandzakpress.net\/arhiva\/#\/schema\/person\/6e72b67d6e51910a1117b3b483ba20bd"},"potentialAction":[{"@type":"SearchAction","target":{"@type":"EntryPoint","urlTemplate":"https:\/\/sandzakpress.net\/arhiva\/?s={search_term_string}"},"query-input":{"@type":"PropertyValueSpecification","valueRequired":true,"valueName":"search_term_string"}}],"inLanguage":"bs-BA"},{"@type":["Person","Organization"],"@id":"https:\/\/sandzakpress.net\/arhiva\/#\/schema\/person\/6e72b67d6e51910a1117b3b483ba20bd","name":"Kul","image":{"@type":"ImageObject","inLanguage":"bs-BA","@id":"https:\/\/sandzakpress.net\/arhiva\/#\/schema\/person\/image\/","url":"https:\/\/secure.gravatar.com\/avatar\/42263f39aa27ac04c43cab85c280eb2e?s=96&d=mm&r=pg","contentUrl":"https:\/\/secure.gravatar.com\/avatar\/42263f39aa27ac04c43cab85c280eb2e?s=96&d=mm&r=pg","caption":"Kul"},"logo":{"@id":"https:\/\/sandzakpress.net\/arhiva\/#\/schema\/person\/image\/"}},{"@type":"Person","@id":"https:\/\/sandzakpress.net\/arhiva\/#\/schema\/person\/c8baee722073534b583ea7bdb2e36c02","name":"bosniak","image":{"@type":"ImageObject","inLanguage":"bs-BA","@id":"https:\/\/sandzakpress.net\/arhiva\/#\/schema\/person\/image\/","url":"https:\/\/secure.gravatar.com\/avatar\/a04fd330bfe3a36a72a0ad4a6d89fca7?s=96&d=mm&r=pg","contentUrl":"https:\/\/secure.gravatar.com\/avatar\/a04fd330bfe3a36a72a0ad4a6d89fca7?s=96&d=mm&r=pg","caption":"bosniak"},"url":"https:\/\/sandzakpress.net\/arhiva\/author\/bosniak\/"}]}},"_links":{"self":[{"href":"https:\/\/sandzakpress.net\/arhiva\/wp-json\/wp\/v2\/posts\/9689"}],"collection":[{"href":"https:\/\/sandzakpress.net\/arhiva\/wp-json\/wp\/v2\/posts"}],"about":[{"href":"https:\/\/sandzakpress.net\/arhiva\/wp-json\/wp\/v2\/types\/post"}],"author":[{"embeddable":true,"href":"https:\/\/sandzakpress.net\/arhiva\/wp-json\/wp\/v2\/users\/83"}],"replies":[{"embeddable":true,"href":"https:\/\/sandzakpress.net\/arhiva\/wp-json\/wp\/v2\/comments?post=9689"}],"version-history":[{"count":0,"href":"https:\/\/sandzakpress.net\/arhiva\/wp-json\/wp\/v2\/posts\/9689\/revisions"}],"wp:featuredmedia":[{"embeddable":true,"href":"https:\/\/sandzakpress.net\/arhiva\/wp-json\/wp\/v2\/media\/9690"}],"wp:attachment":[{"href":"https:\/\/sandzakpress.net\/arhiva\/wp-json\/wp\/v2\/media?parent=9689"}],"wp:term":[{"taxonomy":"category","embeddable":true,"href":"https:\/\/sandzakpress.net\/arhiva\/wp-json\/wp\/v2\/categories?post=9689"},{"taxonomy":"post_tag","embeddable":true,"href":"https:\/\/sandzakpress.net\/arhiva\/wp-json\/wp\/v2\/tags?post=9689"}],"curies":[{"name":"wp","href":"https:\/\/api.w.org\/{rel}","templated":true}]}}