{"id":96862,"date":"2013-11-27T19:57:50","date_gmt":"2013-11-27T18:57:50","guid":{"rendered":"https:\/\/sandzakpress.net\/arhiva\/?p=96862"},"modified":"2013-11-27T19:57:50","modified_gmt":"2013-11-27T18:57:50","slug":"direktor-novopazarske-gimnazije-vrsi-diskriminaciju-nad-ucenicima-bosnjacke-nacionalnosti","status":"publish","type":"post","link":"https:\/\/sandzakpress.net\/arhiva\/direktor-novopazarske-gimnazije-vrsi-diskriminaciju-nad-ucenicima-bosnjacke-nacionalnosti\/","title":{"rendered":"Direktor novopazarske Gimnazije vr\u0161i diskriminaciju nad u\u010denicima bo\u0161nja\u010dke nacionalnosti"},"content":{"rendered":"<p><img loading=\"lazy\" decoding=\"async\" class=\"aligncenter size-full wp-image-96863\" alt=\"dru-NOVOPAZARSKA-GIMNAZIJA_620x0\" src=\"https:\/\/sandzakpress.net\/arhiva\/wp-content\/uploads\/2013\/11\/dru-NOVOPAZARSKA-GIMNAZIJA_620x0.jpg\" width=\"616\" height=\"393\" \/><\/p>\n<p><strong>Novi Pazar &#8211; Grupa od 40 roditelja u\u010denika novopazarske gimnazije podnijela je Osnovnom javnom tu\u017eila\u0161tvu u Novom Pazaru krivi\u010dnu prijavu protiv direktora ove \u0161kole Zorana Milosavljevi\u0107a, jer, kako je navedeno u prijavi, nije ispo\u0161tovao zakon i u\u010denicima nije omogu\u0107io nastavu na njihovom maternjem &#8211; bosanskom jeziku.<\/strong><\/p>\n<p><span>Prije njega tu\u017ebe dobilo je nekoliko kolega, direktora osnovnih i srednjih \u0161kola u Novom Pazaru. \u00a0Direktori \u0161kola ka\u017eu da su se na\u0161li izme\u0111u dvije vatre &#8211; odluke Ministarstva prosvete da bosanski u\u0111e u u\u010dionice i nemogu\u0107nosti da tu odluku sprovedu, jer nemaju potrebne uslove.<\/span><\/p>\n<p><span>Direktor Milosavljevi\u0107 nije \u017eelio da komentari\u0161e prijavu, a roditelji koji tra\u017ee pravo koje im je dr\u017eava obe\u0107ala, bez mogu\u0107nosti da obe\u0107anje po hitnom postupku i ispuni, ka\u017eu da im je tu\u017eba bila jedino rje\u0161enje. Rje\u0161enja, me\u0111utim, ni sa tu\u017ebom nema.<\/span><\/p>\n<p><span>Direktori, posebno u Prijepolju, opstrui\u0161u nastavu na bosanskom, dok \u201eprozvani\u201c direktori, me\u0111u kojima je i Milosavljevi\u0107, tvrde da nemaju ni dovoljno u\u010dionica, a ni nastavnika za po\u010detak nastave na bosanskom i da jo\u0161 nisu dobili potrebne naloge, instrukcije i obave\u0161tenja od nadle\u017enog ministarstva. Iz istih razloga podnijete su krivi\u010dne prijave i protiv nekoliko odgovornih u \u0161kolskim upravama Kraljevo i U\u017eice.<\/span><\/p>\n<p>Nastava na bosanskom u\u010di se u 35 \u0161kola i obdani\u0161ta u 184 odeljenja. Na tom jeziku u\u010di 4.088 Bo\u0161njaka.<\/p>\n","protected":false},"excerpt":{"rendered":"<p>Novi Pazar &#8211; Grupa od 40 roditelja u\u010denika novopazarske gimnazije podnijela je Osnovnom javnom tu\u017eila\u0161tvu u Novom Pazaru krivi\u010dnu prijavu protiv direktora ove \u0161kole Zorana Milosavljevi\u0107a, jer, kako je navedeno u prijavi, nije ispo\u0161tovao zakon i u\u010denicima nije omogu\u0107io nastavu na njihovom maternjem &#8211; bosanskom jeziku. Prije njega tu\u017ebe dobilo je nekoliko kolega, direktora osnovnih [&hellip;]<\/p>\n","protected":false},"author":83,"featured_media":96863,"comment_status":"open","ping_status":"open","sticky":false,"template":"","format":"standard","meta":{"footnotes":""},"categories":[72,1,8957],"tags":[10217,10319],"class_list":{"0":"post-96862","1":"post","2":"type-post","3":"status-publish","4":"format-standard","5":"has-post-thumbnail","7":"category-novi-pazar","8":"category-politika","9":"category-vijesti-dana","10":"tag-nepravde-srpske-vlasti","11":"tag-bosanski-jezik"},"yoast_head":"<!-- This site is optimized with the Yoast SEO Premium plugin v23.1 (Yoast SEO v24.9) - https:\/\/yoast.com\/wordpress\/plugins\/seo\/ -->\n<title>Direktor novopazarske Gimnazije vr\u0161i diskriminaciju nad u\u010denicima bo\u0161nja\u010dke nacionalnosti<\/title>\n<meta name=\"robots\" content=\"index, follow, max-snippet:-1, max-image-preview:large, max-video-preview:-1\" \/>\n<link rel=\"canonical\" href=\"https:\/\/sandzakpress.net\/arhiva\/direktor-novopazarske-gimnazije-vrsi-diskriminaciju-nad-ucenicima-bosnjacke-nacionalnosti\/\" \/>\n<meta property=\"og:locale\" content=\"bs_BA\" \/>\n<meta property=\"og:type\" content=\"article\" \/>\n<meta property=\"og:title\" content=\"Direktor novopazarske Gimnazije vr\u0161i diskriminaciju nad u\u010denicima bo\u0161nja\u010dke nacionalnosti\" \/>\n<meta property=\"og:description\" content=\"Novi Pazar &#8211; Grupa od 40 roditelja u\u010denika novopazarske gimnazije podnijela je Osnovnom javnom tu\u017eila\u0161tvu u Novom Pazaru krivi\u010dnu prijavu protiv direktora ove \u0161kole Zorana Milosavljevi\u0107a, jer, kako je navedeno u prijavi, nije ispo\u0161tovao zakon i u\u010denicima nije omogu\u0107io nastavu na njihovom maternjem &#8211; bosanskom jeziku. Prije njega tu\u017ebe dobilo je nekoliko kolega, direktora osnovnih [&hellip;]\" \/>\n<meta property=\"og:url\" content=\"https:\/\/sandzakpress.net\/arhiva\/direktor-novopazarske-gimnazije-vrsi-diskriminaciju-nad-ucenicima-bosnjacke-nacionalnosti\/\" \/>\n<meta property=\"og:site_name\" content=\"Sand\u017eak PRESS\" \/>\n<meta property=\"article:published_time\" content=\"2013-11-27T18:57:50+00:00\" \/>\n<meta property=\"og:image\" content=\"https:\/\/sandzakpress.net\/arhiva\/wp-content\/uploads\/2013\/11\/dru-NOVOPAZARSKA-GIMNAZIJA_620x0.jpg\" \/>\n\t<meta property=\"og:image:width\" content=\"616\" \/>\n\t<meta property=\"og:image:height\" content=\"393\" \/>\n\t<meta property=\"og:image:type\" content=\"image\/jpeg\" \/>\n<meta name=\"author\" content=\"bosniak\" \/>\n<meta name=\"twitter:card\" content=\"summary_large_image\" \/>\n<meta name=\"twitter:label1\" content=\"Written by\" \/>\n\t<meta name=\"twitter:data1\" content=\"bosniak\" \/>\n\t<meta name=\"twitter:label2\" content=\"Est. reading time\" \/>\n\t<meta name=\"twitter:data2\" content=\"1 minuta\" \/>\n<script type=\"application\/ld+json\" class=\"yoast-schema-graph\">{\"@context\":\"https:\/\/schema.org\",\"@graph\":[{\"@type\":\"Article\",\"@id\":\"https:\/\/sandzakpress.net\/arhiva\/direktor-novopazarske-gimnazije-vrsi-diskriminaciju-nad-ucenicima-bosnjacke-nacionalnosti\/#article\",\"isPartOf\":{\"@id\":\"https:\/\/sandzakpress.net\/arhiva\/direktor-novopazarske-gimnazije-vrsi-diskriminaciju-nad-ucenicima-bosnjacke-nacionalnosti\/\"},\"author\":{\"name\":\"bosniak\",\"@id\":\"https:\/\/sandzakpress.net\/arhiva\/#\/schema\/person\/c8baee722073534b583ea7bdb2e36c02\"},\"headline\":\"Direktor novopazarske Gimnazije vr\u0161i diskriminaciju nad u\u010denicima bo\u0161nja\u010dke nacionalnosti\",\"datePublished\":\"2013-11-27T18:57:50+00:00\",\"mainEntityOfPage\":{\"@id\":\"https:\/\/sandzakpress.net\/arhiva\/direktor-novopazarske-gimnazije-vrsi-diskriminaciju-nad-ucenicima-bosnjacke-nacionalnosti\/\"},\"wordCount\":257,\"commentCount\":4,\"publisher\":{\"@id\":\"https:\/\/sandzakpress.net\/arhiva\/#\/schema\/person\/6e72b67d6e51910a1117b3b483ba20bd\"},\"image\":{\"@id\":\"https:\/\/sandzakpress.net\/arhiva\/direktor-novopazarske-gimnazije-vrsi-diskriminaciju-nad-ucenicima-bosnjacke-nacionalnosti\/#primaryimage\"},\"thumbnailUrl\":\"https:\/\/sandzakpress.net\/arhiva\/wp-content\/uploads\/2013\/11\/dru-NOVOPAZARSKA-GIMNAZIJA_620x0.jpg\",\"keywords\":[\"nepravde srpske vlasti\",\"bosanski jezik\"],\"articleSection\":[\"Novi Pazar\",\"Politika\",\"VIJESTI DANA\"],\"inLanguage\":\"bs-BA\",\"potentialAction\":[{\"@type\":\"CommentAction\",\"name\":\"Comment\",\"target\":[\"https:\/\/sandzakpress.net\/arhiva\/direktor-novopazarske-gimnazije-vrsi-diskriminaciju-nad-ucenicima-bosnjacke-nacionalnosti\/#respond\"]}]},{\"@type\":\"WebPage\",\"@id\":\"https:\/\/sandzakpress.net\/arhiva\/direktor-novopazarske-gimnazije-vrsi-diskriminaciju-nad-ucenicima-bosnjacke-nacionalnosti\/\",\"url\":\"https:\/\/sandzakpress.net\/arhiva\/direktor-novopazarske-gimnazije-vrsi-diskriminaciju-nad-ucenicima-bosnjacke-nacionalnosti\/\",\"name\":\"Direktor novopazarske Gimnazije vr\u0161i diskriminaciju nad u\u010denicima bo\u0161nja\u010dke nacionalnosti\",\"isPartOf\":{\"@id\":\"https:\/\/sandzakpress.net\/arhiva\/#website\"},\"primaryImageOfPage\":{\"@id\":\"https:\/\/sandzakpress.net\/arhiva\/direktor-novopazarske-gimnazije-vrsi-diskriminaciju-nad-ucenicima-bosnjacke-nacionalnosti\/#primaryimage\"},\"image\":{\"@id\":\"https:\/\/sandzakpress.net\/arhiva\/direktor-novopazarske-gimnazije-vrsi-diskriminaciju-nad-ucenicima-bosnjacke-nacionalnosti\/#primaryimage\"},\"thumbnailUrl\":\"https:\/\/sandzakpress.net\/arhiva\/wp-content\/uploads\/2013\/11\/dru-NOVOPAZARSKA-GIMNAZIJA_620x0.jpg\",\"datePublished\":\"2013-11-27T18:57:50+00:00\",\"breadcrumb\":{\"@id\":\"https:\/\/sandzakpress.net\/arhiva\/direktor-novopazarske-gimnazije-vrsi-diskriminaciju-nad-ucenicima-bosnjacke-nacionalnosti\/#breadcrumb\"},\"inLanguage\":\"bs-BA\",\"potentialAction\":[{\"@type\":\"ReadAction\",\"target\":[\"https:\/\/sandzakpress.net\/arhiva\/direktor-novopazarske-gimnazije-vrsi-diskriminaciju-nad-ucenicima-bosnjacke-nacionalnosti\/\"]}]},{\"@type\":\"ImageObject\",\"inLanguage\":\"bs-BA\",\"@id\":\"https:\/\/sandzakpress.net\/arhiva\/direktor-novopazarske-gimnazije-vrsi-diskriminaciju-nad-ucenicima-bosnjacke-nacionalnosti\/#primaryimage\",\"url\":\"https:\/\/sandzakpress.net\/arhiva\/wp-content\/uploads\/2013\/11\/dru-NOVOPAZARSKA-GIMNAZIJA_620x0.jpg\",\"contentUrl\":\"https:\/\/sandzakpress.net\/arhiva\/wp-content\/uploads\/2013\/11\/dru-NOVOPAZARSKA-GIMNAZIJA_620x0.jpg\",\"width\":616,\"height\":393},{\"@type\":\"BreadcrumbList\",\"@id\":\"https:\/\/sandzakpress.net\/arhiva\/direktor-novopazarske-gimnazije-vrsi-diskriminaciju-nad-ucenicima-bosnjacke-nacionalnosti\/#breadcrumb\",\"itemListElement\":[{\"@type\":\"ListItem\",\"position\":1,\"name\":\"Home\",\"item\":\"https:\/\/sandzakpress.net\/arhiva\/\"},{\"@type\":\"ListItem\",\"position\":2,\"name\":\"Direktor novopazarske Gimnazije vr\u0161i diskriminaciju nad u\u010denicima bo\u0161nja\u010dke nacionalnosti\"}]},{\"@type\":\"WebSite\",\"@id\":\"https:\/\/sandzakpress.net\/arhiva\/#website\",\"url\":\"https:\/\/sandzakpress.net\/arhiva\/\",\"name\":\"Sand\u017eak PRESS\",\"description\":\"Prve elektronske novine u Sand\u017eaku\",\"publisher\":{\"@id\":\"https:\/\/sandzakpress.net\/arhiva\/#\/schema\/person\/6e72b67d6e51910a1117b3b483ba20bd\"},\"potentialAction\":[{\"@type\":\"SearchAction\",\"target\":{\"@type\":\"EntryPoint\",\"urlTemplate\":\"https:\/\/sandzakpress.net\/arhiva\/?s={search_term_string}\"},\"query-input\":{\"@type\":\"PropertyValueSpecification\",\"valueRequired\":true,\"valueName\":\"search_term_string\"}}],\"inLanguage\":\"bs-BA\"},{\"@type\":[\"Person\",\"Organization\"],\"@id\":\"https:\/\/sandzakpress.net\/arhiva\/#\/schema\/person\/6e72b67d6e51910a1117b3b483ba20bd\",\"name\":\"Kul\",\"image\":{\"@type\":\"ImageObject\",\"inLanguage\":\"bs-BA\",\"@id\":\"https:\/\/sandzakpress.net\/arhiva\/#\/schema\/person\/image\/\",\"url\":\"https:\/\/secure.gravatar.com\/avatar\/42263f39aa27ac04c43cab85c280eb2e?s=96&d=mm&r=pg\",\"contentUrl\":\"https:\/\/secure.gravatar.com\/avatar\/42263f39aa27ac04c43cab85c280eb2e?s=96&d=mm&r=pg\",\"caption\":\"Kul\"},\"logo\":{\"@id\":\"https:\/\/sandzakpress.net\/arhiva\/#\/schema\/person\/image\/\"}},{\"@type\":\"Person\",\"@id\":\"https:\/\/sandzakpress.net\/arhiva\/#\/schema\/person\/c8baee722073534b583ea7bdb2e36c02\",\"name\":\"bosniak\",\"image\":{\"@type\":\"ImageObject\",\"inLanguage\":\"bs-BA\",\"@id\":\"https:\/\/sandzakpress.net\/arhiva\/#\/schema\/person\/image\/\",\"url\":\"https:\/\/secure.gravatar.com\/avatar\/a04fd330bfe3a36a72a0ad4a6d89fca7?s=96&d=mm&r=pg\",\"contentUrl\":\"https:\/\/secure.gravatar.com\/avatar\/a04fd330bfe3a36a72a0ad4a6d89fca7?s=96&d=mm&r=pg\",\"caption\":\"bosniak\"},\"url\":\"https:\/\/sandzakpress.net\/arhiva\/author\/bosniak\/\"}]}<\/script>\n<!-- \/ Yoast SEO Premium plugin. -->","yoast_head_json":{"title":"Direktor novopazarske Gimnazije vr\u0161i diskriminaciju nad u\u010denicima bo\u0161nja\u010dke nacionalnosti","robots":{"index":"index","follow":"follow","max-snippet":"max-snippet:-1","max-image-preview":"max-image-preview:large","max-video-preview":"max-video-preview:-1"},"canonical":"https:\/\/sandzakpress.net\/arhiva\/direktor-novopazarske-gimnazije-vrsi-diskriminaciju-nad-ucenicima-bosnjacke-nacionalnosti\/","og_locale":"bs_BA","og_type":"article","og_title":"Direktor novopazarske Gimnazije vr\u0161i diskriminaciju nad u\u010denicima bo\u0161nja\u010dke nacionalnosti","og_description":"Novi Pazar &#8211; Grupa od 40 roditelja u\u010denika novopazarske gimnazije podnijela je Osnovnom javnom tu\u017eila\u0161tvu u Novom Pazaru krivi\u010dnu prijavu protiv direktora ove \u0161kole Zorana Milosavljevi\u0107a, jer, kako je navedeno u prijavi, nije ispo\u0161tovao zakon i u\u010denicima nije omogu\u0107io nastavu na njihovom maternjem &#8211; bosanskom jeziku. Prije njega tu\u017ebe dobilo je nekoliko kolega, direktora osnovnih [&hellip;]","og_url":"https:\/\/sandzakpress.net\/arhiva\/direktor-novopazarske-gimnazije-vrsi-diskriminaciju-nad-ucenicima-bosnjacke-nacionalnosti\/","og_site_name":"Sand\u017eak PRESS","article_published_time":"2013-11-27T18:57:50+00:00","og_image":[{"width":616,"height":393,"url":"https:\/\/sandzakpress.net\/arhiva\/wp-content\/uploads\/2013\/11\/dru-NOVOPAZARSKA-GIMNAZIJA_620x0.jpg","type":"image\/jpeg"}],"author":"bosniak","twitter_card":"summary_large_image","twitter_misc":{"Written by":"bosniak","Est. reading time":"1 minuta"},"schema":{"@context":"https:\/\/schema.org","@graph":[{"@type":"Article","@id":"https:\/\/sandzakpress.net\/arhiva\/direktor-novopazarske-gimnazije-vrsi-diskriminaciju-nad-ucenicima-bosnjacke-nacionalnosti\/#article","isPartOf":{"@id":"https:\/\/sandzakpress.net\/arhiva\/direktor-novopazarske-gimnazije-vrsi-diskriminaciju-nad-ucenicima-bosnjacke-nacionalnosti\/"},"author":{"name":"bosniak","@id":"https:\/\/sandzakpress.net\/arhiva\/#\/schema\/person\/c8baee722073534b583ea7bdb2e36c02"},"headline":"Direktor novopazarske Gimnazije vr\u0161i diskriminaciju nad u\u010denicima bo\u0161nja\u010dke nacionalnosti","datePublished":"2013-11-27T18:57:50+00:00","mainEntityOfPage":{"@id":"https:\/\/sandzakpress.net\/arhiva\/direktor-novopazarske-gimnazije-vrsi-diskriminaciju-nad-ucenicima-bosnjacke-nacionalnosti\/"},"wordCount":257,"commentCount":4,"publisher":{"@id":"https:\/\/sandzakpress.net\/arhiva\/#\/schema\/person\/6e72b67d6e51910a1117b3b483ba20bd"},"image":{"@id":"https:\/\/sandzakpress.net\/arhiva\/direktor-novopazarske-gimnazije-vrsi-diskriminaciju-nad-ucenicima-bosnjacke-nacionalnosti\/#primaryimage"},"thumbnailUrl":"https:\/\/sandzakpress.net\/arhiva\/wp-content\/uploads\/2013\/11\/dru-NOVOPAZARSKA-GIMNAZIJA_620x0.jpg","keywords":["nepravde srpske vlasti","bosanski jezik"],"articleSection":["Novi Pazar","Politika","VIJESTI DANA"],"inLanguage":"bs-BA","potentialAction":[{"@type":"CommentAction","name":"Comment","target":["https:\/\/sandzakpress.net\/arhiva\/direktor-novopazarske-gimnazije-vrsi-diskriminaciju-nad-ucenicima-bosnjacke-nacionalnosti\/#respond"]}]},{"@type":"WebPage","@id":"https:\/\/sandzakpress.net\/arhiva\/direktor-novopazarske-gimnazije-vrsi-diskriminaciju-nad-ucenicima-bosnjacke-nacionalnosti\/","url":"https:\/\/sandzakpress.net\/arhiva\/direktor-novopazarske-gimnazije-vrsi-diskriminaciju-nad-ucenicima-bosnjacke-nacionalnosti\/","name":"Direktor novopazarske Gimnazije vr\u0161i diskriminaciju nad u\u010denicima bo\u0161nja\u010dke nacionalnosti","isPartOf":{"@id":"https:\/\/sandzakpress.net\/arhiva\/#website"},"primaryImageOfPage":{"@id":"https:\/\/sandzakpress.net\/arhiva\/direktor-novopazarske-gimnazije-vrsi-diskriminaciju-nad-ucenicima-bosnjacke-nacionalnosti\/#primaryimage"},"image":{"@id":"https:\/\/sandzakpress.net\/arhiva\/direktor-novopazarske-gimnazije-vrsi-diskriminaciju-nad-ucenicima-bosnjacke-nacionalnosti\/#primaryimage"},"thumbnailUrl":"https:\/\/sandzakpress.net\/arhiva\/wp-content\/uploads\/2013\/11\/dru-NOVOPAZARSKA-GIMNAZIJA_620x0.jpg","datePublished":"2013-11-27T18:57:50+00:00","breadcrumb":{"@id":"https:\/\/sandzakpress.net\/arhiva\/direktor-novopazarske-gimnazije-vrsi-diskriminaciju-nad-ucenicima-bosnjacke-nacionalnosti\/#breadcrumb"},"inLanguage":"bs-BA","potentialAction":[{"@type":"ReadAction","target":["https:\/\/sandzakpress.net\/arhiva\/direktor-novopazarske-gimnazije-vrsi-diskriminaciju-nad-ucenicima-bosnjacke-nacionalnosti\/"]}]},{"@type":"ImageObject","inLanguage":"bs-BA","@id":"https:\/\/sandzakpress.net\/arhiva\/direktor-novopazarske-gimnazije-vrsi-diskriminaciju-nad-ucenicima-bosnjacke-nacionalnosti\/#primaryimage","url":"https:\/\/sandzakpress.net\/arhiva\/wp-content\/uploads\/2013\/11\/dru-NOVOPAZARSKA-GIMNAZIJA_620x0.jpg","contentUrl":"https:\/\/sandzakpress.net\/arhiva\/wp-content\/uploads\/2013\/11\/dru-NOVOPAZARSKA-GIMNAZIJA_620x0.jpg","width":616,"height":393},{"@type":"BreadcrumbList","@id":"https:\/\/sandzakpress.net\/arhiva\/direktor-novopazarske-gimnazije-vrsi-diskriminaciju-nad-ucenicima-bosnjacke-nacionalnosti\/#breadcrumb","itemListElement":[{"@type":"ListItem","position":1,"name":"Home","item":"https:\/\/sandzakpress.net\/arhiva\/"},{"@type":"ListItem","position":2,"name":"Direktor novopazarske Gimnazije vr\u0161i diskriminaciju nad u\u010denicima bo\u0161nja\u010dke nacionalnosti"}]},{"@type":"WebSite","@id":"https:\/\/sandzakpress.net\/arhiva\/#website","url":"https:\/\/sandzakpress.net\/arhiva\/","name":"Sand\u017eak PRESS","description":"Prve elektronske novine u Sand\u017eaku","publisher":{"@id":"https:\/\/sandzakpress.net\/arhiva\/#\/schema\/person\/6e72b67d6e51910a1117b3b483ba20bd"},"potentialAction":[{"@type":"SearchAction","target":{"@type":"EntryPoint","urlTemplate":"https:\/\/sandzakpress.net\/arhiva\/?s={search_term_string}"},"query-input":{"@type":"PropertyValueSpecification","valueRequired":true,"valueName":"search_term_string"}}],"inLanguage":"bs-BA"},{"@type":["Person","Organization"],"@id":"https:\/\/sandzakpress.net\/arhiva\/#\/schema\/person\/6e72b67d6e51910a1117b3b483ba20bd","name":"Kul","image":{"@type":"ImageObject","inLanguage":"bs-BA","@id":"https:\/\/sandzakpress.net\/arhiva\/#\/schema\/person\/image\/","url":"https:\/\/secure.gravatar.com\/avatar\/42263f39aa27ac04c43cab85c280eb2e?s=96&d=mm&r=pg","contentUrl":"https:\/\/secure.gravatar.com\/avatar\/42263f39aa27ac04c43cab85c280eb2e?s=96&d=mm&r=pg","caption":"Kul"},"logo":{"@id":"https:\/\/sandzakpress.net\/arhiva\/#\/schema\/person\/image\/"}},{"@type":"Person","@id":"https:\/\/sandzakpress.net\/arhiva\/#\/schema\/person\/c8baee722073534b583ea7bdb2e36c02","name":"bosniak","image":{"@type":"ImageObject","inLanguage":"bs-BA","@id":"https:\/\/sandzakpress.net\/arhiva\/#\/schema\/person\/image\/","url":"https:\/\/secure.gravatar.com\/avatar\/a04fd330bfe3a36a72a0ad4a6d89fca7?s=96&d=mm&r=pg","contentUrl":"https:\/\/secure.gravatar.com\/avatar\/a04fd330bfe3a36a72a0ad4a6d89fca7?s=96&d=mm&r=pg","caption":"bosniak"},"url":"https:\/\/sandzakpress.net\/arhiva\/author\/bosniak\/"}]}},"_links":{"self":[{"href":"https:\/\/sandzakpress.net\/arhiva\/wp-json\/wp\/v2\/posts\/96862"}],"collection":[{"href":"https:\/\/sandzakpress.net\/arhiva\/wp-json\/wp\/v2\/posts"}],"about":[{"href":"https:\/\/sandzakpress.net\/arhiva\/wp-json\/wp\/v2\/types\/post"}],"author":[{"embeddable":true,"href":"https:\/\/sandzakpress.net\/arhiva\/wp-json\/wp\/v2\/users\/83"}],"replies":[{"embeddable":true,"href":"https:\/\/sandzakpress.net\/arhiva\/wp-json\/wp\/v2\/comments?post=96862"}],"version-history":[{"count":0,"href":"https:\/\/sandzakpress.net\/arhiva\/wp-json\/wp\/v2\/posts\/96862\/revisions"}],"wp:featuredmedia":[{"embeddable":true,"href":"https:\/\/sandzakpress.net\/arhiva\/wp-json\/wp\/v2\/media\/96863"}],"wp:attachment":[{"href":"https:\/\/sandzakpress.net\/arhiva\/wp-json\/wp\/v2\/media?parent=96862"}],"wp:term":[{"taxonomy":"category","embeddable":true,"href":"https:\/\/sandzakpress.net\/arhiva\/wp-json\/wp\/v2\/categories?post=96862"},{"taxonomy":"post_tag","embeddable":true,"href":"https:\/\/sandzakpress.net\/arhiva\/wp-json\/wp\/v2\/tags?post=96862"}],"curies":[{"name":"wp","href":"https:\/\/api.w.org\/{rel}","templated":true}]}}