{"id":96715,"date":"2013-11-26T17:09:56","date_gmt":"2013-11-26T16:09:56","guid":{"rendered":"https:\/\/sandzakpress.net\/arhiva\/?p=96715"},"modified":"2013-11-27T08:09:12","modified_gmt":"2013-11-27T07:09:12","slug":"osnovana-bnf-za-svedsku","status":"publish","type":"post","link":"https:\/\/sandzakpress.net\/arhiva\/osnovana-bnf-za-svedsku\/","title":{"rendered":"Osnovana BNF za \u0160vedsku"},"content":{"rendered":"<p><strong><img loading=\"lazy\" decoding=\"async\" class=\"alignleft size-full wp-image-96716\" alt=\"1d36d23b156ead252433d4ce2c21c387_L-280x187\" src=\"https:\/\/sandzakpress.net\/arhiva\/wp-content\/uploads\/2013\/11\/1d36d23b156ead252433d4ce2c21c387_L-280x187.jpg\" width=\"280\" height=\"187\" \/>\u0160vedska &#8211; Subota, 23. novembar 2013. godine ostat \u0107e upisan i zapam\u0107en kao jedan od najzna\u010dajnijih datuma za Bo\u0161njake \u0160vedske. Tog dana je odr\u017ean spektakularan i nesvakida\u0161nji skup za prilike Bo\u0161njaka u \u0160vedskoj kojem je prethodila Izborna skup\u0161tina BNF-a za \u0160vedsku.<\/strong><\/p>\n<h2>Osnivanje BNF-a za \u0160vedsku<\/h2>\n<p>Na poziv koordinacijonog odbora za osnivanje BNF-a za \u0160vedsku, 23. novembra 2013. godine je odr\u017eana Izborna skup\u0161tina za osnivanje BNF-a za \u0160vedsku. Predsjedavaju\u0107i skup\u0161tine je bio Dr. A\u0161k Ga\u0161i a u toku skup\u0161tine bio je prisutan i predsjednik BNF-a gospodin Hako Duljevi\u0107 koji se i obratio prisutnima. Glavna ta\u010dka dnevnog reda skup\u0161tine bila je biranje Glavnog odbora BNF-a za \u0160vedsku kojeg \u010dine 11 na skup\u0161tini izabranih \u010dlanova. Prijedlog koordinacijonog odbora o sastavu GO jednoglasno je usvojen od strane izborne skup\u0161tine tako da je izabran GO u sljede\u0107em sastavu:<\/p>\n<p>Nermin \u0160irbi\u0107<\/p>\n<p>Ferko \u0160anti\u0107<\/p>\n<p>Elvir Bajraktarevi\u0107<\/p>\n<p>Irfan Ibrahimovi\u0107<\/p>\n<p>Haris Duratovi\u0107<\/p>\n<p>Amer Olevi\u0107<\/p>\n<p>Ahmet Ljaji\u0107<\/p>\n<p>Fahrudin \u0110elilovi\u0107<\/p>\n<p>Enes Deli\u0107<\/p>\n<p>Mustafa Stroil<\/p>\n<p>Enes Me\u0111edovi\u0107<\/p>\n<h2>Prva sjednica GO BNF-a za \u0160vedsku i biranje Izvr\u0161nog Odbora<\/h2>\n<p>Nakon osnivanja BNF-a za \u0160vedsku i biranja GO ove organizacije odr\u017eala se prva sjednica ovog odbora na kojoj su svi \u010dlanovi GO imali pravo birati predsjednika, sekretara i blagajnika BNF-a za \u0160vedsku. Za predsjednika BNF-a \u0160vedske izabran je Nermin \u0160irbi\u0107, za sekretara Irfan Ibrahimovi\u0107 i za blagajnika Elvir Bajraktarevi\u0107. Pored ove trojice navedenih, u Izvr\u0161ni Odbor BNF-a za \u0160vedsku u\u0161li su i \u010dlanovi GO Haris Duratovi\u0107 i Mustafa Stroil.<\/p>\n<p>Izborna skup\u0161tina i sve ono \u0161to ona podrazumijeva protekla je u najboljem mogu\u0107em redu uz konstruktivan dijalog i prijedloge prisutnih kako bi se rad ove novo osnovane Bo\u0161nja\u010dke organizacije u \u0160vedskoj usavr\u0161io \u0161to je mogu\u0107e br\u017ee i bolje.<\/p>\n<p><strong>Promotivni skup BNF-a za \u0160vedsku<\/strong><\/p>\n<p>U ve\u010dernjim satima istog dana odr\u017ean je i promotivni skup povodom osnivanja BNF-a za \u0160vedsku na kojem je prisustvovalo preko 1000 Bo\u0161njaka koji su radi ovog skupa do\u0161li iz svih krajeva ove Skandinavske zemlje. Posebnu \u010dast i zadovoljstvo kao organizatoru ovog skupa pri\u010dinjavalo nam je prisustvo i aktivno u\u010de\u0161\u0107e na\u0161ih dragih musafira iz Bosne, Sand\u017eaka, Hrvatske, Francuske, Belgije, Luksemburga, Njema\u010dke i Danske.<\/p>\n<h2>Sa\u017eeti izvje\u0161taj sa promotivnog skupa povodom osnivanja BNF-a za \u0160vedsku<\/h2>\n<p>Posebnu te\u017einu i va\u017enost ovom skupu daje \u010dinjenica da je otvoren u\u010denjem odlomka iz Kur'ana \u010casnog i to od strane na\u0161eg mladog Davuda Avdi\u0107a koji je u \u0160vedskoj ro\u0111en i u \u0160vedskoj je nau\u010dio ovako lijepo u\u010diti, \u0161to nam ja\u010da nadu a i motiv da jo\u0161 vi\u0161e nastavimo raditi na o\u010duvanju na\u0161eg vjerskog, nacionalnog i kulturnog identiteta ma gdje bili.<\/p>\n<p>Amer Olevi\u0107 je u svojstvu moderatora skupa pozvao Glavnog Imama Islamske zajednice Bo\u0161njaka u \u0160vedskoj Idriza ef. Karamana da se prvi obrati skupu. U toku svog govora Idriz ef. Karaman je naglasio da je Malme ovog dana glavni grad Bo\u0161njaka u \u010ditavom Svijetu.<\/p>\n<p>Nakon govora Idriz ef. Karamana pozvani su \u010dlanovi GO BNF-a za \u0160vedsku da iza\u0111u na binu a tim povodom je skup poselamio i kratko se obratio izabrani predsjednik Nermin \u0160irbi\u0107.<\/p>\n<h2>Premijera igrano-dokumentarnog filma o stradanju Bo\u0161njaka Prijedora pod nazivom \u201ePrijedorsko ljeto &#8216;92\u201c<\/h2>\n<p>U sklopu promotivnog skupa BNF-a je premijerno prikazan i igrano-dokumentarni film u izradi multimedijalnog servisa ExitMedia pod nazivom \u201ePrijedorsko ljeto &#8216;92\u201c. Producent Enes Hotic se obratio prisutnima prije samog prikazivanja filma i tom prilikom spomenuo je neke od zlo\u010dina \u010detnika po\u010dinjene nad Bo\u0161njacima Prijedora koji su posebno aktuelizirani ovih dana kada je otkrivena najve\u0107a masovna grobnica nakon drugog svjetskog rata, Toma\u0161ica kod Prijedora.<\/p>\n<p>Nakon prikazivanja ovog filma usljedila je sevdalinka posvje\u0107ena majci koju je otpjevao Semin Rizvi\u0107 a koja svojim sadr\u017eajem odgovara da bude izvedena neposredno nakon filma sa ovakvim potresnim materijalom.<\/p>\n<h2>Obra\u0107anje predsjednika BNF-a, gospodina Haka Duljevi\u0107a<\/h2>\n<p>Sljede\u0107i govornik je dobio jedan zaista nezahvalan zadatak. Bilo je te\u0161ko oduprijeti se onim slikama i zvucima iz prethodno prikazanog filma a jo\u0161 je te\u017ee u takvom stanju dobiti zadatak ohrabrivanja drugih. Me\u0111utim, gospodin Hako Duljevi\u0107 iako vidno dirnut sadr\u017eajem filma, izborio se protiv osje\u0107aja tuge i pesimizma. U svome obra\u0107anju je izmedju ostalog ukazao na va\u017enost uvezivanja Bo\u0161njaka \u0161irom svijeta kako bi zajedni\u010dkim snagama pomogli sopstvene institucije koje su od vitalnog zna\u010daja za na\u0161 narod.<\/p>\n<h2>Obra\u0107anje generalnog sekretara SBK-a, Dr. Tarika Kurbegovi\u0107a<\/h2>\n<p>Dr. Tarik Kurbegovi\u0107 je u svom kratkom ali veoma interesantnom i upe\u010datljivom obra\u0107anju ukazao na va\u017enost anga\u017emana i rada za uspjeh i prosperitet na\u0161ih institucija poput Bo\u0161nja\u010dke akademije nauka i umjetnosti i Svjetskog bo\u0161nja\u010dkog kongresa.<\/p>\n<h2>Obra\u0107anje predsjednika SBK-a, reis-uleme emeritusa Dr. Mustafe Ceri\u0107a<\/h2>\n<p>Predsjednik SBK-a Dr. Mustafa Ceri\u0107 je uvodni dio svog govora posvetio premijeri filma \u201ePrijedorsko ljeto &#8216;92\u201c koji je na njega kao i na ostale prisutne ostavio dubok trag. Zahvalio se producentu Enesu Hoti\u0107u i izrazio \u017eelju za daljim anga\u017emanom multimedijalnog servisa ExitMedia na sli\u010dnim temama. Dr. Ceri\u0107 je kratko govorio o nekoliko bitnih tema i izme\u0111u ostalog je rekao da su \u017eene te koje su mo\u017eda i najgore do\u017eivjele strahote rata i da su one te koje su najzaslu\u017enije za o\u010duvanje islama na na\u0161im prostorima.<\/p>\n<h2>Video prezentacija nau\u010dnog centra BANU-a u Novom Pazaru<\/h2>\n<p>Nakon govora Dr. Ceri\u0107a prisutni su bili u prilici pogledati video prezentaciju nau\u010dnog centra namijenjenog za Bo\u0161nja\u010dku akademiju nauka i umjetnosti, BANU koji se gradi nadomak Novog Pazara. Kompjuterski ilustrativni snimak je prikazao sve bitnije prostorije ovog nau\u010dnog centra gdje \u0107e bo\u0161nja\u010dki akademici raditi i pripremati sve ono \u0161to su Bo\u0161njaci pri\u017eeljkivali da imaju godinama a nisu imali. Objekti \u0107e biti opremljeni najsavremenijom opremom i pomagalima za uspje\u0161an i kvalitetan rad a akademici \u0107e imati i obezbje\u0111en smje\u0161taj kao i prostorije za rekreaciju i slobodno vrijeme.<\/p>\n<h2>Obra\u0107anje Generalnog Sekretara BANU-a, Sand\u017ea\u010dkog Muftije Muamera ef. Zukorli\u0107a<\/h2>\n<p>Dugo i\u0161\u010dekivano obra\u0107anje posljednjeg govornika se kao i dosada isplatilo. Bilo je vrijedno \u010dekati jer se imalo \u0161ta puno toga korisnog \u010duti. Ovaj govor bi najradije u cijelosti prenijeli ali zbog sku\u010denosti sa vremenom i prostorom moramo na\u017ealost skratiti. Nakon \u0161to se dotakao sadr\u017eaja filma \u201ePrijedorsko ljeto &#8216;92\u201c, muftija je priznao da nije bio siguran da \u0107e se uspjeti izboriti sa pesimizmom i tugom koji su ga bili obuzeli. Me\u0111utim, ipak se je nekako uspio oduprijeti tim osje\u0107ajima.<\/p>\n<p>Govorio je o va\u017enosti vjerskog i nacionalnog saffa, o zajednici i jedinstvu Bo\u0161njaka koji rade za interese Bo\u0161njaka a ne za interese Beograda i Podgorice. Podvukao je \u010dinjenicu da je kod Bo\u0161njaka islamski i nacionalni identitet nerazdvojiv a stoga treba i na\u0161 anga\u017eman na tome putu biti nerazdvojiv. Istakao je va\u017enost \u201eujedinjenja Bo\u0161nja\u010dkih nov\u010danika\u201c kako drugim imenom nazva BNF, jer je to ekonomska snaga koja mo\u017ee pokrenuti prosperitet Bo\u0161nja\u010dke nacije na njihovom vjerskom, nacionalnom i kulturnom osvje\u0161\u0107ivanju. Na\u0161a matica Bosna je u invalidskim kolicima i od nje ne mo\u017eemo zahtijevati pomo\u0107 a ako bi je i tra\u017eili nebi je dobili kako re\u010de muftija Muamer ef. Zukorli\u0107. Moramo pomo\u0107i na\u0161oj matici Bosni da ustane iz tih invalidskih kolica a onda mo\u017eemo ne\u0161to o\u010dekivati od nje. Taj govor je podsje\u0107ao na famoznu re\u010denicu koju je izrekao John F. Kennedy: \u201e<em>Ne pitaj \u0161ta dr\u017eava mo\u017ee uraditi za tebe ve\u0107 pitaj \u0161ta ti mo\u017ee\u0161 uraditi za nju!<\/em>\u201c<\/p>\n<h2>Donacije za nau\u010dni centar BANU-a u Novom Pazaru<\/h2>\n<p>Na posljetku obra\u0107anja je Muftija Sand\u017ea\u010dki istakao kako je bitno da konkretno ne\u0161to uradimo za dobrobit na\u0161ih institucija i nagovijestio da \u0107e se te ve\u010deri primati donacije za nau\u010dni centar BANU-a u Novom Pazaru te da uvakufljenje jednog kvadratnog metra u tom centru kosta 500 eura ali da svako mo\u017ee sebi da odredi koliko je u stanju da pomogne. Bo\u0161njaci \u0160vedske su te ve\u010deri pokazali visoki nivo svijesti za svoje nacionalne institucije i jo\u0161 jednom pokazali kako ne \u017eale \u017ertvovati deo svog imetka za dobrobit svoga naroda i zajednice.<\/p>\n<p>Po\u0161to j prikupljanje donacija po\u010delo oko 21 \u010das te su ljudi ve\u0107 hteli i\u0107i ku\u0107i a nisu \u017eeljeli iza\u0107i bez da u\u010destvuju u ovom hajru, nastali su redovi kod popisiva\u010da donacija. Uz Allahovu pomo\u0107 a sebebom Sand\u017ea\u010dkog muftije te ve\u010deri je sakupljeno 758\u00a0000 \u0161vedskih kruna.<\/p>\n<p>Glavni Odbor BNF-a za \u0160vedsku se svim prisutnim na ovom skupu od srca zahvaljuje uz dovu Uzvi\u0161enom Allahu da ih obilato nagradi!<\/p>\n<p><strong><em>Irfan Ibrahimovi\u0107, sekretar BNF-a za \u0160vedsku<\/em><\/strong><\/p>\n<p>(bhfondacija)<\/p>\n","protected":false},"excerpt":{"rendered":"<p>\u0160vedska &#8211; Subota, 23. novembar 2013. godine ostat \u0107e upisan i zapam\u0107en kao jedan od najzna\u010dajnijih datuma za Bo\u0161njake \u0160vedske. Tog dana je odr\u017ean spektakularan i nesvakida\u0161nji skup za prilike Bo\u0161njaka u \u0160vedskoj kojem je prethodila Izborna skup\u0161tina BNF-a za \u0160vedsku. Osnivanje BNF-a za \u0160vedsku Na poziv koordinacijonog odbora za osnivanje BNF-a za \u0160vedsku, 23. [&hellip;]<\/p>\n","protected":false},"author":83,"featured_media":96716,"comment_status":"open","ping_status":"open","sticky":false,"template":"","format":"standard","meta":{"footnotes":""},"categories":[800,9543],"tags":[],"class_list":{"0":"post-96715","1":"post","2":"type-post","3":"status-publish","4":"format-standard","5":"has-post-thumbnail","7":"category-nacija","8":"category-svedska-dijaspora-gradovi-vase-vijesti"},"yoast_head":"<!-- This site is optimized with the Yoast SEO Premium plugin v23.1 (Yoast SEO v24.9) - https:\/\/yoast.com\/wordpress\/plugins\/seo\/ -->\n<title>Osnovana BNF za \u0160vedsku<\/title>\n<meta name=\"robots\" content=\"index, follow, max-snippet:-1, max-image-preview:large, max-video-preview:-1\" \/>\n<link rel=\"canonical\" href=\"https:\/\/sandzakpress.net\/arhiva\/osnovana-bnf-za-svedsku\/\" \/>\n<meta property=\"og:locale\" content=\"bs_BA\" \/>\n<meta property=\"og:type\" content=\"article\" \/>\n<meta property=\"og:title\" content=\"Osnovana BNF za \u0160vedsku\" \/>\n<meta property=\"og:description\" content=\"\u0160vedska &#8211; Subota, 23. novembar 2013. godine ostat \u0107e upisan i zapam\u0107en kao jedan od najzna\u010dajnijih datuma za Bo\u0161njake \u0160vedske. Tog dana je odr\u017ean spektakularan i nesvakida\u0161nji skup za prilike Bo\u0161njaka u \u0160vedskoj kojem je prethodila Izborna skup\u0161tina BNF-a za \u0160vedsku. Osnivanje BNF-a za \u0160vedsku Na poziv koordinacijonog odbora za osnivanje BNF-a za \u0160vedsku, 23. [&hellip;]\" \/>\n<meta property=\"og:url\" content=\"https:\/\/sandzakpress.net\/arhiva\/osnovana-bnf-za-svedsku\/\" \/>\n<meta property=\"og:site_name\" content=\"Sand\u017eak PRESS\" \/>\n<meta property=\"article:published_time\" content=\"2013-11-26T16:09:56+00:00\" \/>\n<meta property=\"article:modified_time\" content=\"2013-11-27T07:09:12+00:00\" \/>\n<meta property=\"og:image\" content=\"https:\/\/sandzakpress.net\/arhiva\/wp-content\/uploads\/2013\/11\/1d36d23b156ead252433d4ce2c21c387_L-280x187.jpg\" \/>\n\t<meta property=\"og:image:width\" content=\"280\" \/>\n\t<meta property=\"og:image:height\" content=\"187\" \/>\n\t<meta property=\"og:image:type\" content=\"image\/jpeg\" \/>\n<meta name=\"author\" content=\"bosniak\" \/>\n<meta name=\"twitter:card\" content=\"summary_large_image\" \/>\n<meta name=\"twitter:label1\" content=\"Written by\" \/>\n\t<meta name=\"twitter:data1\" content=\"bosniak\" \/>\n\t<meta name=\"twitter:label2\" content=\"Est. reading time\" \/>\n\t<meta name=\"twitter:data2\" content=\"7 minuta\" \/>\n<script type=\"application\/ld+json\" class=\"yoast-schema-graph\">{\"@context\":\"https:\/\/schema.org\",\"@graph\":[{\"@type\":\"Article\",\"@id\":\"https:\/\/sandzakpress.net\/arhiva\/osnovana-bnf-za-svedsku\/#article\",\"isPartOf\":{\"@id\":\"https:\/\/sandzakpress.net\/arhiva\/osnovana-bnf-za-svedsku\/\"},\"author\":{\"name\":\"bosniak\",\"@id\":\"https:\/\/sandzakpress.net\/arhiva\/#\/schema\/person\/c8baee722073534b583ea7bdb2e36c02\"},\"headline\":\"Osnovana BNF za \u0160vedsku\",\"datePublished\":\"2013-11-26T16:09:56+00:00\",\"dateModified\":\"2013-11-27T07:09:12+00:00\",\"mainEntityOfPage\":{\"@id\":\"https:\/\/sandzakpress.net\/arhiva\/osnovana-bnf-za-svedsku\/\"},\"wordCount\":1474,\"commentCount\":0,\"publisher\":{\"@id\":\"https:\/\/sandzakpress.net\/arhiva\/#\/schema\/person\/6e72b67d6e51910a1117b3b483ba20bd\"},\"image\":{\"@id\":\"https:\/\/sandzakpress.net\/arhiva\/osnovana-bnf-za-svedsku\/#primaryimage\"},\"thumbnailUrl\":\"https:\/\/sandzakpress.net\/arhiva\/wp-content\/uploads\/2013\/11\/1d36d23b156ead252433d4ce2c21c387_L-280x187.jpg\",\"articleSection\":[\"Nacija\",\"\u0160vedska\"],\"inLanguage\":\"bs-BA\",\"potentialAction\":[{\"@type\":\"CommentAction\",\"name\":\"Comment\",\"target\":[\"https:\/\/sandzakpress.net\/arhiva\/osnovana-bnf-za-svedsku\/#respond\"]}]},{\"@type\":\"WebPage\",\"@id\":\"https:\/\/sandzakpress.net\/arhiva\/osnovana-bnf-za-svedsku\/\",\"url\":\"https:\/\/sandzakpress.net\/arhiva\/osnovana-bnf-za-svedsku\/\",\"name\":\"Osnovana BNF za \u0160vedsku\",\"isPartOf\":{\"@id\":\"https:\/\/sandzakpress.net\/arhiva\/#website\"},\"primaryImageOfPage\":{\"@id\":\"https:\/\/sandzakpress.net\/arhiva\/osnovana-bnf-za-svedsku\/#primaryimage\"},\"image\":{\"@id\":\"https:\/\/sandzakpress.net\/arhiva\/osnovana-bnf-za-svedsku\/#primaryimage\"},\"thumbnailUrl\":\"https:\/\/sandzakpress.net\/arhiva\/wp-content\/uploads\/2013\/11\/1d36d23b156ead252433d4ce2c21c387_L-280x187.jpg\",\"datePublished\":\"2013-11-26T16:09:56+00:00\",\"dateModified\":\"2013-11-27T07:09:12+00:00\",\"breadcrumb\":{\"@id\":\"https:\/\/sandzakpress.net\/arhiva\/osnovana-bnf-za-svedsku\/#breadcrumb\"},\"inLanguage\":\"bs-BA\",\"potentialAction\":[{\"@type\":\"ReadAction\",\"target\":[\"https:\/\/sandzakpress.net\/arhiva\/osnovana-bnf-za-svedsku\/\"]}]},{\"@type\":\"ImageObject\",\"inLanguage\":\"bs-BA\",\"@id\":\"https:\/\/sandzakpress.net\/arhiva\/osnovana-bnf-za-svedsku\/#primaryimage\",\"url\":\"https:\/\/sandzakpress.net\/arhiva\/wp-content\/uploads\/2013\/11\/1d36d23b156ead252433d4ce2c21c387_L-280x187.jpg\",\"contentUrl\":\"https:\/\/sandzakpress.net\/arhiva\/wp-content\/uploads\/2013\/11\/1d36d23b156ead252433d4ce2c21c387_L-280x187.jpg\",\"width\":280,\"height\":187},{\"@type\":\"BreadcrumbList\",\"@id\":\"https:\/\/sandzakpress.net\/arhiva\/osnovana-bnf-za-svedsku\/#breadcrumb\",\"itemListElement\":[{\"@type\":\"ListItem\",\"position\":1,\"name\":\"Home\",\"item\":\"https:\/\/sandzakpress.net\/arhiva\/\"},{\"@type\":\"ListItem\",\"position\":2,\"name\":\"Osnovana BNF za \u0160vedsku\"}]},{\"@type\":\"WebSite\",\"@id\":\"https:\/\/sandzakpress.net\/arhiva\/#website\",\"url\":\"https:\/\/sandzakpress.net\/arhiva\/\",\"name\":\"Sand\u017eak PRESS\",\"description\":\"Prve elektronske novine u Sand\u017eaku\",\"publisher\":{\"@id\":\"https:\/\/sandzakpress.net\/arhiva\/#\/schema\/person\/6e72b67d6e51910a1117b3b483ba20bd\"},\"potentialAction\":[{\"@type\":\"SearchAction\",\"target\":{\"@type\":\"EntryPoint\",\"urlTemplate\":\"https:\/\/sandzakpress.net\/arhiva\/?s={search_term_string}\"},\"query-input\":{\"@type\":\"PropertyValueSpecification\",\"valueRequired\":true,\"valueName\":\"search_term_string\"}}],\"inLanguage\":\"bs-BA\"},{\"@type\":[\"Person\",\"Organization\"],\"@id\":\"https:\/\/sandzakpress.net\/arhiva\/#\/schema\/person\/6e72b67d6e51910a1117b3b483ba20bd\",\"name\":\"Kul\",\"image\":{\"@type\":\"ImageObject\",\"inLanguage\":\"bs-BA\",\"@id\":\"https:\/\/sandzakpress.net\/arhiva\/#\/schema\/person\/image\/\",\"url\":\"https:\/\/secure.gravatar.com\/avatar\/42263f39aa27ac04c43cab85c280eb2e?s=96&d=mm&r=pg\",\"contentUrl\":\"https:\/\/secure.gravatar.com\/avatar\/42263f39aa27ac04c43cab85c280eb2e?s=96&d=mm&r=pg\",\"caption\":\"Kul\"},\"logo\":{\"@id\":\"https:\/\/sandzakpress.net\/arhiva\/#\/schema\/person\/image\/\"}},{\"@type\":\"Person\",\"@id\":\"https:\/\/sandzakpress.net\/arhiva\/#\/schema\/person\/c8baee722073534b583ea7bdb2e36c02\",\"name\":\"bosniak\",\"image\":{\"@type\":\"ImageObject\",\"inLanguage\":\"bs-BA\",\"@id\":\"https:\/\/sandzakpress.net\/arhiva\/#\/schema\/person\/image\/\",\"url\":\"https:\/\/secure.gravatar.com\/avatar\/a04fd330bfe3a36a72a0ad4a6d89fca7?s=96&d=mm&r=pg\",\"contentUrl\":\"https:\/\/secure.gravatar.com\/avatar\/a04fd330bfe3a36a72a0ad4a6d89fca7?s=96&d=mm&r=pg\",\"caption\":\"bosniak\"},\"url\":\"https:\/\/sandzakpress.net\/arhiva\/author\/bosniak\/\"}]}<\/script>\n<!-- \/ Yoast SEO Premium plugin. -->","yoast_head_json":{"title":"Osnovana BNF za \u0160vedsku","robots":{"index":"index","follow":"follow","max-snippet":"max-snippet:-1","max-image-preview":"max-image-preview:large","max-video-preview":"max-video-preview:-1"},"canonical":"https:\/\/sandzakpress.net\/arhiva\/osnovana-bnf-za-svedsku\/","og_locale":"bs_BA","og_type":"article","og_title":"Osnovana BNF za \u0160vedsku","og_description":"\u0160vedska &#8211; Subota, 23. novembar 2013. godine ostat \u0107e upisan i zapam\u0107en kao jedan od najzna\u010dajnijih datuma za Bo\u0161njake \u0160vedske. Tog dana je odr\u017ean spektakularan i nesvakida\u0161nji skup za prilike Bo\u0161njaka u \u0160vedskoj kojem je prethodila Izborna skup\u0161tina BNF-a za \u0160vedsku. Osnivanje BNF-a za \u0160vedsku Na poziv koordinacijonog odbora za osnivanje BNF-a za \u0160vedsku, 23. [&hellip;]","og_url":"https:\/\/sandzakpress.net\/arhiva\/osnovana-bnf-za-svedsku\/","og_site_name":"Sand\u017eak PRESS","article_published_time":"2013-11-26T16:09:56+00:00","article_modified_time":"2013-11-27T07:09:12+00:00","og_image":[{"width":280,"height":187,"url":"https:\/\/sandzakpress.net\/arhiva\/wp-content\/uploads\/2013\/11\/1d36d23b156ead252433d4ce2c21c387_L-280x187.jpg","type":"image\/jpeg"}],"author":"bosniak","twitter_card":"summary_large_image","twitter_misc":{"Written by":"bosniak","Est. reading time":"7 minuta"},"schema":{"@context":"https:\/\/schema.org","@graph":[{"@type":"Article","@id":"https:\/\/sandzakpress.net\/arhiva\/osnovana-bnf-za-svedsku\/#article","isPartOf":{"@id":"https:\/\/sandzakpress.net\/arhiva\/osnovana-bnf-za-svedsku\/"},"author":{"name":"bosniak","@id":"https:\/\/sandzakpress.net\/arhiva\/#\/schema\/person\/c8baee722073534b583ea7bdb2e36c02"},"headline":"Osnovana BNF za \u0160vedsku","datePublished":"2013-11-26T16:09:56+00:00","dateModified":"2013-11-27T07:09:12+00:00","mainEntityOfPage":{"@id":"https:\/\/sandzakpress.net\/arhiva\/osnovana-bnf-za-svedsku\/"},"wordCount":1474,"commentCount":0,"publisher":{"@id":"https:\/\/sandzakpress.net\/arhiva\/#\/schema\/person\/6e72b67d6e51910a1117b3b483ba20bd"},"image":{"@id":"https:\/\/sandzakpress.net\/arhiva\/osnovana-bnf-za-svedsku\/#primaryimage"},"thumbnailUrl":"https:\/\/sandzakpress.net\/arhiva\/wp-content\/uploads\/2013\/11\/1d36d23b156ead252433d4ce2c21c387_L-280x187.jpg","articleSection":["Nacija","\u0160vedska"],"inLanguage":"bs-BA","potentialAction":[{"@type":"CommentAction","name":"Comment","target":["https:\/\/sandzakpress.net\/arhiva\/osnovana-bnf-za-svedsku\/#respond"]}]},{"@type":"WebPage","@id":"https:\/\/sandzakpress.net\/arhiva\/osnovana-bnf-za-svedsku\/","url":"https:\/\/sandzakpress.net\/arhiva\/osnovana-bnf-za-svedsku\/","name":"Osnovana BNF za \u0160vedsku","isPartOf":{"@id":"https:\/\/sandzakpress.net\/arhiva\/#website"},"primaryImageOfPage":{"@id":"https:\/\/sandzakpress.net\/arhiva\/osnovana-bnf-za-svedsku\/#primaryimage"},"image":{"@id":"https:\/\/sandzakpress.net\/arhiva\/osnovana-bnf-za-svedsku\/#primaryimage"},"thumbnailUrl":"https:\/\/sandzakpress.net\/arhiva\/wp-content\/uploads\/2013\/11\/1d36d23b156ead252433d4ce2c21c387_L-280x187.jpg","datePublished":"2013-11-26T16:09:56+00:00","dateModified":"2013-11-27T07:09:12+00:00","breadcrumb":{"@id":"https:\/\/sandzakpress.net\/arhiva\/osnovana-bnf-za-svedsku\/#breadcrumb"},"inLanguage":"bs-BA","potentialAction":[{"@type":"ReadAction","target":["https:\/\/sandzakpress.net\/arhiva\/osnovana-bnf-za-svedsku\/"]}]},{"@type":"ImageObject","inLanguage":"bs-BA","@id":"https:\/\/sandzakpress.net\/arhiva\/osnovana-bnf-za-svedsku\/#primaryimage","url":"https:\/\/sandzakpress.net\/arhiva\/wp-content\/uploads\/2013\/11\/1d36d23b156ead252433d4ce2c21c387_L-280x187.jpg","contentUrl":"https:\/\/sandzakpress.net\/arhiva\/wp-content\/uploads\/2013\/11\/1d36d23b156ead252433d4ce2c21c387_L-280x187.jpg","width":280,"height":187},{"@type":"BreadcrumbList","@id":"https:\/\/sandzakpress.net\/arhiva\/osnovana-bnf-za-svedsku\/#breadcrumb","itemListElement":[{"@type":"ListItem","position":1,"name":"Home","item":"https:\/\/sandzakpress.net\/arhiva\/"},{"@type":"ListItem","position":2,"name":"Osnovana BNF za \u0160vedsku"}]},{"@type":"WebSite","@id":"https:\/\/sandzakpress.net\/arhiva\/#website","url":"https:\/\/sandzakpress.net\/arhiva\/","name":"Sand\u017eak PRESS","description":"Prve elektronske novine u Sand\u017eaku","publisher":{"@id":"https:\/\/sandzakpress.net\/arhiva\/#\/schema\/person\/6e72b67d6e51910a1117b3b483ba20bd"},"potentialAction":[{"@type":"SearchAction","target":{"@type":"EntryPoint","urlTemplate":"https:\/\/sandzakpress.net\/arhiva\/?s={search_term_string}"},"query-input":{"@type":"PropertyValueSpecification","valueRequired":true,"valueName":"search_term_string"}}],"inLanguage":"bs-BA"},{"@type":["Person","Organization"],"@id":"https:\/\/sandzakpress.net\/arhiva\/#\/schema\/person\/6e72b67d6e51910a1117b3b483ba20bd","name":"Kul","image":{"@type":"ImageObject","inLanguage":"bs-BA","@id":"https:\/\/sandzakpress.net\/arhiva\/#\/schema\/person\/image\/","url":"https:\/\/secure.gravatar.com\/avatar\/42263f39aa27ac04c43cab85c280eb2e?s=96&d=mm&r=pg","contentUrl":"https:\/\/secure.gravatar.com\/avatar\/42263f39aa27ac04c43cab85c280eb2e?s=96&d=mm&r=pg","caption":"Kul"},"logo":{"@id":"https:\/\/sandzakpress.net\/arhiva\/#\/schema\/person\/image\/"}},{"@type":"Person","@id":"https:\/\/sandzakpress.net\/arhiva\/#\/schema\/person\/c8baee722073534b583ea7bdb2e36c02","name":"bosniak","image":{"@type":"ImageObject","inLanguage":"bs-BA","@id":"https:\/\/sandzakpress.net\/arhiva\/#\/schema\/person\/image\/","url":"https:\/\/secure.gravatar.com\/avatar\/a04fd330bfe3a36a72a0ad4a6d89fca7?s=96&d=mm&r=pg","contentUrl":"https:\/\/secure.gravatar.com\/avatar\/a04fd330bfe3a36a72a0ad4a6d89fca7?s=96&d=mm&r=pg","caption":"bosniak"},"url":"https:\/\/sandzakpress.net\/arhiva\/author\/bosniak\/"}]}},"_links":{"self":[{"href":"https:\/\/sandzakpress.net\/arhiva\/wp-json\/wp\/v2\/posts\/96715"}],"collection":[{"href":"https:\/\/sandzakpress.net\/arhiva\/wp-json\/wp\/v2\/posts"}],"about":[{"href":"https:\/\/sandzakpress.net\/arhiva\/wp-json\/wp\/v2\/types\/post"}],"author":[{"embeddable":true,"href":"https:\/\/sandzakpress.net\/arhiva\/wp-json\/wp\/v2\/users\/83"}],"replies":[{"embeddable":true,"href":"https:\/\/sandzakpress.net\/arhiva\/wp-json\/wp\/v2\/comments?post=96715"}],"version-history":[{"count":0,"href":"https:\/\/sandzakpress.net\/arhiva\/wp-json\/wp\/v2\/posts\/96715\/revisions"}],"wp:featuredmedia":[{"embeddable":true,"href":"https:\/\/sandzakpress.net\/arhiva\/wp-json\/wp\/v2\/media\/96716"}],"wp:attachment":[{"href":"https:\/\/sandzakpress.net\/arhiva\/wp-json\/wp\/v2\/media?parent=96715"}],"wp:term":[{"taxonomy":"category","embeddable":true,"href":"https:\/\/sandzakpress.net\/arhiva\/wp-json\/wp\/v2\/categories?post=96715"},{"taxonomy":"post_tag","embeddable":true,"href":"https:\/\/sandzakpress.net\/arhiva\/wp-json\/wp\/v2\/tags?post=96715"}],"curies":[{"name":"wp","href":"https:\/\/api.w.org\/{rel}","templated":true}]}}