{"id":96669,"date":"2013-11-26T11:27:29","date_gmt":"2013-11-26T10:27:29","guid":{"rendered":"https:\/\/sandzakpress.net\/arhiva\/?p=96669"},"modified":"2013-11-26T11:27:43","modified_gmt":"2013-11-26T10:27:43","slug":"ambasador-evropske-unije-nesuglasice-usporavaju-razvoj-sandzaka","status":"publish","type":"post","link":"https:\/\/sandzakpress.net\/arhiva\/ambasador-evropske-unije-nesuglasice-usporavaju-razvoj-sandzaka\/","title":{"rendered":"Ambasador EU: &#8216;Nesuglasice usporavaju razvoj Sand\u017eaka&#8217;"},"content":{"rendered":"<p><img decoding=\"async\" alt=\"Tanjug (Rade Preli\u0107)\" src=\"http:\/\/www.rtv.rs\/sr_lat\/politika\/slike\/2013\/03\/19\/majkl-devenport-ambasador-britanija-britanije-tanjug-rade-prelic-jpg_660x330.jpg\" \/><\/p>\n<p><strong>Sjeverni Sand\u017eak &#8211; \u0160ef Evropske delegacije u Srbiji Majkl Devenport naglasio je u intervjuu Sto plus radiju zna\u010daj saradnje i sloge me\u0111u politi\u010dkim i vjerskim liderima u San\u017eaku.<\/strong><\/p>\n<p>On je ocijenio da nesuglasice do kojih je do\u0161lo \u201csvakako\u201d usporavaju rad na projektima koje EU sprovodi na tom podru\u010dju.<\/p>\n<p>\u201cIpak, mislim da su sve strane svjesne da je efikasna saradnja jedini put ka uspjehu i pobolj\u0161anju \u017eivota ovdje. Mislim da je to jasno i uo\u010di po\u010detka pregovora sa EU\u201d, rekao je \u0161ef Delegacije EU u Srbiji.<\/p>\n<p>Devenport je naglasio da \u0107e posle zavr\u0161etka Programa Evropskog partnerstva PROGRES za njegov nastavak na jugu i jugozapadu Srbije preko IPA fondova dodatno biti izdvojeno 19,6 miliona eura.<\/p>\n<p>(Radio100+)<\/p>\n","protected":false},"excerpt":{"rendered":"<p>Sjeverni Sand\u017eak &#8211; \u0160ef Evropske delegacije u Srbiji Majkl Devenport naglasio je u intervjuu Sto plus radiju zna\u010daj saradnje i sloge me\u0111u politi\u010dkim i vjerskim liderima u San\u017eaku. On je ocijenio da nesuglasice do kojih je do\u0161lo \u201csvakako\u201d usporavaju rad na projektima koje EU sprovodi na tom podru\u010dju. \u201cIpak, mislim da su sve strane svjesne [&hellip;]<\/p>\n","protected":false},"author":83,"featured_media":96670,"comment_status":"open","ping_status":"open","sticky":false,"template":"","format":"standard","meta":{"footnotes":""},"categories":[72,1,52,327,392,8957],"tags":[10288],"class_list":{"0":"post-96669","1":"post","2":"type-post","3":"status-publish","4":"format-standard","5":"has-post-thumbnail","7":"category-novi-pazar","8":"category-politika","9":"category-sjenica","10":"category-tutin","11":"category-prijepolje_","12":"category-vijesti-dana","13":"tag-autonomija-sandzaka"},"yoast_head":"<!-- This site is optimized with the Yoast SEO Premium plugin v23.1 (Yoast SEO v24.9) - https:\/\/yoast.com\/wordpress\/plugins\/seo\/ -->\n<title>Ambasador EU: &#039;Nesuglasice usporavaju razvoj Sand\u017eaka&#039;<\/title>\n<meta name=\"robots\" content=\"index, follow, max-snippet:-1, max-image-preview:large, max-video-preview:-1\" \/>\n<link rel=\"canonical\" href=\"https:\/\/sandzakpress.net\/arhiva\/ambasador-evropske-unije-nesuglasice-usporavaju-razvoj-sandzaka\/\" \/>\n<meta property=\"og:locale\" content=\"bs_BA\" \/>\n<meta property=\"og:type\" content=\"article\" \/>\n<meta property=\"og:title\" content=\"Ambasador EU: &#039;Nesuglasice usporavaju razvoj Sand\u017eaka&#039;\" \/>\n<meta property=\"og:description\" content=\"Sjeverni Sand\u017eak &#8211; \u0160ef Evropske delegacije u Srbiji Majkl Devenport naglasio je u intervjuu Sto plus radiju zna\u010daj saradnje i sloge me\u0111u politi\u010dkim i vjerskim liderima u San\u017eaku. On je ocijenio da nesuglasice do kojih je do\u0161lo \u201csvakako\u201d usporavaju rad na projektima koje EU sprovodi na tom podru\u010dju. \u201cIpak, mislim da su sve strane svjesne [&hellip;]\" \/>\n<meta property=\"og:url\" content=\"https:\/\/sandzakpress.net\/arhiva\/ambasador-evropske-unije-nesuglasice-usporavaju-razvoj-sandzaka\/\" \/>\n<meta property=\"og:site_name\" content=\"Sand\u017eak PRESS\" \/>\n<meta property=\"article:published_time\" content=\"2013-11-26T10:27:29+00:00\" \/>\n<meta property=\"article:modified_time\" content=\"2013-11-26T10:27:43+00:00\" \/>\n<meta property=\"og:image\" content=\"https:\/\/sandzakpress.net\/arhiva\/wp-content\/uploads\/2013\/11\/majkl-devenport-ambasador-britanija-britanije-tanjug-rade-prelic-jpg_660x330.jpg\" \/>\n\t<meta property=\"og:image:width\" content=\"616\" \/>\n\t<meta property=\"og:image:height\" content=\"308\" \/>\n\t<meta property=\"og:image:type\" content=\"image\/jpeg\" \/>\n<meta name=\"author\" content=\"bosniak\" \/>\n<meta name=\"twitter:card\" content=\"summary_large_image\" \/>\n<meta name=\"twitter:label1\" content=\"Written by\" \/>\n\t<meta name=\"twitter:data1\" content=\"bosniak\" \/>\n\t<meta name=\"twitter:label2\" content=\"Est. reading time\" \/>\n\t<meta name=\"twitter:data2\" content=\"1 minuta\" \/>\n<script type=\"application\/ld+json\" class=\"yoast-schema-graph\">{\"@context\":\"https:\/\/schema.org\",\"@graph\":[{\"@type\":\"Article\",\"@id\":\"https:\/\/sandzakpress.net\/arhiva\/ambasador-evropske-unije-nesuglasice-usporavaju-razvoj-sandzaka\/#article\",\"isPartOf\":{\"@id\":\"https:\/\/sandzakpress.net\/arhiva\/ambasador-evropske-unije-nesuglasice-usporavaju-razvoj-sandzaka\/\"},\"author\":{\"name\":\"bosniak\",\"@id\":\"https:\/\/sandzakpress.net\/arhiva\/#\/schema\/person\/c8baee722073534b583ea7bdb2e36c02\"},\"headline\":\"Ambasador EU: &#8216;Nesuglasice usporavaju razvoj Sand\u017eaka&#8217;\",\"datePublished\":\"2013-11-26T10:27:29+00:00\",\"dateModified\":\"2013-11-26T10:27:43+00:00\",\"mainEntityOfPage\":{\"@id\":\"https:\/\/sandzakpress.net\/arhiva\/ambasador-evropske-unije-nesuglasice-usporavaju-razvoj-sandzaka\/\"},\"wordCount\":131,\"commentCount\":5,\"publisher\":{\"@id\":\"https:\/\/sandzakpress.net\/arhiva\/#\/schema\/person\/6e72b67d6e51910a1117b3b483ba20bd\"},\"image\":{\"@id\":\"https:\/\/sandzakpress.net\/arhiva\/ambasador-evropske-unije-nesuglasice-usporavaju-razvoj-sandzaka\/#primaryimage\"},\"thumbnailUrl\":\"https:\/\/sandzakpress.net\/arhiva\/wp-content\/uploads\/2013\/11\/majkl-devenport-ambasador-britanija-britanije-tanjug-rade-prelic-jpg_660x330.jpg\",\"keywords\":[\"Autonomija Sand\u017eaka\"],\"articleSection\":[\"Novi Pazar\",\"Politika\",\"Sjenica\",\"Tutin\",\"Prijepolje\",\"VIJESTI DANA\"],\"inLanguage\":\"bs-BA\",\"potentialAction\":[{\"@type\":\"CommentAction\",\"name\":\"Comment\",\"target\":[\"https:\/\/sandzakpress.net\/arhiva\/ambasador-evropske-unije-nesuglasice-usporavaju-razvoj-sandzaka\/#respond\"]}]},{\"@type\":\"WebPage\",\"@id\":\"https:\/\/sandzakpress.net\/arhiva\/ambasador-evropske-unije-nesuglasice-usporavaju-razvoj-sandzaka\/\",\"url\":\"https:\/\/sandzakpress.net\/arhiva\/ambasador-evropske-unije-nesuglasice-usporavaju-razvoj-sandzaka\/\",\"name\":\"Ambasador EU: 'Nesuglasice usporavaju razvoj Sand\u017eaka'\",\"isPartOf\":{\"@id\":\"https:\/\/sandzakpress.net\/arhiva\/#website\"},\"primaryImageOfPage\":{\"@id\":\"https:\/\/sandzakpress.net\/arhiva\/ambasador-evropske-unije-nesuglasice-usporavaju-razvoj-sandzaka\/#primaryimage\"},\"image\":{\"@id\":\"https:\/\/sandzakpress.net\/arhiva\/ambasador-evropske-unije-nesuglasice-usporavaju-razvoj-sandzaka\/#primaryimage\"},\"thumbnailUrl\":\"https:\/\/sandzakpress.net\/arhiva\/wp-content\/uploads\/2013\/11\/majkl-devenport-ambasador-britanija-britanije-tanjug-rade-prelic-jpg_660x330.jpg\",\"datePublished\":\"2013-11-26T10:27:29+00:00\",\"dateModified\":\"2013-11-26T10:27:43+00:00\",\"breadcrumb\":{\"@id\":\"https:\/\/sandzakpress.net\/arhiva\/ambasador-evropske-unije-nesuglasice-usporavaju-razvoj-sandzaka\/#breadcrumb\"},\"inLanguage\":\"bs-BA\",\"potentialAction\":[{\"@type\":\"ReadAction\",\"target\":[\"https:\/\/sandzakpress.net\/arhiva\/ambasador-evropske-unije-nesuglasice-usporavaju-razvoj-sandzaka\/\"]}]},{\"@type\":\"ImageObject\",\"inLanguage\":\"bs-BA\",\"@id\":\"https:\/\/sandzakpress.net\/arhiva\/ambasador-evropske-unije-nesuglasice-usporavaju-razvoj-sandzaka\/#primaryimage\",\"url\":\"https:\/\/sandzakpress.net\/arhiva\/wp-content\/uploads\/2013\/11\/majkl-devenport-ambasador-britanija-britanije-tanjug-rade-prelic-jpg_660x330.jpg\",\"contentUrl\":\"https:\/\/sandzakpress.net\/arhiva\/wp-content\/uploads\/2013\/11\/majkl-devenport-ambasador-britanija-britanije-tanjug-rade-prelic-jpg_660x330.jpg\",\"width\":616,\"height\":308},{\"@type\":\"BreadcrumbList\",\"@id\":\"https:\/\/sandzakpress.net\/arhiva\/ambasador-evropske-unije-nesuglasice-usporavaju-razvoj-sandzaka\/#breadcrumb\",\"itemListElement\":[{\"@type\":\"ListItem\",\"position\":1,\"name\":\"Home\",\"item\":\"https:\/\/sandzakpress.net\/arhiva\/\"},{\"@type\":\"ListItem\",\"position\":2,\"name\":\"Ambasador EU: &#8216;Nesuglasice usporavaju razvoj Sand\u017eaka&#8217;\"}]},{\"@type\":\"WebSite\",\"@id\":\"https:\/\/sandzakpress.net\/arhiva\/#website\",\"url\":\"https:\/\/sandzakpress.net\/arhiva\/\",\"name\":\"Sand\u017eak PRESS\",\"description\":\"Prve elektronske novine u Sand\u017eaku\",\"publisher\":{\"@id\":\"https:\/\/sandzakpress.net\/arhiva\/#\/schema\/person\/6e72b67d6e51910a1117b3b483ba20bd\"},\"potentialAction\":[{\"@type\":\"SearchAction\",\"target\":{\"@type\":\"EntryPoint\",\"urlTemplate\":\"https:\/\/sandzakpress.net\/arhiva\/?s={search_term_string}\"},\"query-input\":{\"@type\":\"PropertyValueSpecification\",\"valueRequired\":true,\"valueName\":\"search_term_string\"}}],\"inLanguage\":\"bs-BA\"},{\"@type\":[\"Person\",\"Organization\"],\"@id\":\"https:\/\/sandzakpress.net\/arhiva\/#\/schema\/person\/6e72b67d6e51910a1117b3b483ba20bd\",\"name\":\"Kul\",\"image\":{\"@type\":\"ImageObject\",\"inLanguage\":\"bs-BA\",\"@id\":\"https:\/\/sandzakpress.net\/arhiva\/#\/schema\/person\/image\/\",\"url\":\"https:\/\/secure.gravatar.com\/avatar\/42263f39aa27ac04c43cab85c280eb2e?s=96&d=mm&r=pg\",\"contentUrl\":\"https:\/\/secure.gravatar.com\/avatar\/42263f39aa27ac04c43cab85c280eb2e?s=96&d=mm&r=pg\",\"caption\":\"Kul\"},\"logo\":{\"@id\":\"https:\/\/sandzakpress.net\/arhiva\/#\/schema\/person\/image\/\"}},{\"@type\":\"Person\",\"@id\":\"https:\/\/sandzakpress.net\/arhiva\/#\/schema\/person\/c8baee722073534b583ea7bdb2e36c02\",\"name\":\"bosniak\",\"image\":{\"@type\":\"ImageObject\",\"inLanguage\":\"bs-BA\",\"@id\":\"https:\/\/sandzakpress.net\/arhiva\/#\/schema\/person\/image\/\",\"url\":\"https:\/\/secure.gravatar.com\/avatar\/a04fd330bfe3a36a72a0ad4a6d89fca7?s=96&d=mm&r=pg\",\"contentUrl\":\"https:\/\/secure.gravatar.com\/avatar\/a04fd330bfe3a36a72a0ad4a6d89fca7?s=96&d=mm&r=pg\",\"caption\":\"bosniak\"},\"url\":\"https:\/\/sandzakpress.net\/arhiva\/author\/bosniak\/\"}]}<\/script>\n<!-- \/ Yoast SEO Premium plugin. -->","yoast_head_json":{"title":"Ambasador EU: 'Nesuglasice usporavaju razvoj Sand\u017eaka'","robots":{"index":"index","follow":"follow","max-snippet":"max-snippet:-1","max-image-preview":"max-image-preview:large","max-video-preview":"max-video-preview:-1"},"canonical":"https:\/\/sandzakpress.net\/arhiva\/ambasador-evropske-unije-nesuglasice-usporavaju-razvoj-sandzaka\/","og_locale":"bs_BA","og_type":"article","og_title":"Ambasador EU: 'Nesuglasice usporavaju razvoj Sand\u017eaka'","og_description":"Sjeverni Sand\u017eak &#8211; \u0160ef Evropske delegacije u Srbiji Majkl Devenport naglasio je u intervjuu Sto plus radiju zna\u010daj saradnje i sloge me\u0111u politi\u010dkim i vjerskim liderima u San\u017eaku. On je ocijenio da nesuglasice do kojih je do\u0161lo \u201csvakako\u201d usporavaju rad na projektima koje EU sprovodi na tom podru\u010dju. \u201cIpak, mislim da su sve strane svjesne [&hellip;]","og_url":"https:\/\/sandzakpress.net\/arhiva\/ambasador-evropske-unije-nesuglasice-usporavaju-razvoj-sandzaka\/","og_site_name":"Sand\u017eak PRESS","article_published_time":"2013-11-26T10:27:29+00:00","article_modified_time":"2013-11-26T10:27:43+00:00","og_image":[{"width":616,"height":308,"url":"https:\/\/sandzakpress.net\/arhiva\/wp-content\/uploads\/2013\/11\/majkl-devenport-ambasador-britanija-britanije-tanjug-rade-prelic-jpg_660x330.jpg","type":"image\/jpeg"}],"author":"bosniak","twitter_card":"summary_large_image","twitter_misc":{"Written by":"bosniak","Est. reading time":"1 minuta"},"schema":{"@context":"https:\/\/schema.org","@graph":[{"@type":"Article","@id":"https:\/\/sandzakpress.net\/arhiva\/ambasador-evropske-unije-nesuglasice-usporavaju-razvoj-sandzaka\/#article","isPartOf":{"@id":"https:\/\/sandzakpress.net\/arhiva\/ambasador-evropske-unije-nesuglasice-usporavaju-razvoj-sandzaka\/"},"author":{"name":"bosniak","@id":"https:\/\/sandzakpress.net\/arhiva\/#\/schema\/person\/c8baee722073534b583ea7bdb2e36c02"},"headline":"Ambasador EU: &#8216;Nesuglasice usporavaju razvoj Sand\u017eaka&#8217;","datePublished":"2013-11-26T10:27:29+00:00","dateModified":"2013-11-26T10:27:43+00:00","mainEntityOfPage":{"@id":"https:\/\/sandzakpress.net\/arhiva\/ambasador-evropske-unije-nesuglasice-usporavaju-razvoj-sandzaka\/"},"wordCount":131,"commentCount":5,"publisher":{"@id":"https:\/\/sandzakpress.net\/arhiva\/#\/schema\/person\/6e72b67d6e51910a1117b3b483ba20bd"},"image":{"@id":"https:\/\/sandzakpress.net\/arhiva\/ambasador-evropske-unije-nesuglasice-usporavaju-razvoj-sandzaka\/#primaryimage"},"thumbnailUrl":"https:\/\/sandzakpress.net\/arhiva\/wp-content\/uploads\/2013\/11\/majkl-devenport-ambasador-britanija-britanije-tanjug-rade-prelic-jpg_660x330.jpg","keywords":["Autonomija Sand\u017eaka"],"articleSection":["Novi Pazar","Politika","Sjenica","Tutin","Prijepolje","VIJESTI DANA"],"inLanguage":"bs-BA","potentialAction":[{"@type":"CommentAction","name":"Comment","target":["https:\/\/sandzakpress.net\/arhiva\/ambasador-evropske-unije-nesuglasice-usporavaju-razvoj-sandzaka\/#respond"]}]},{"@type":"WebPage","@id":"https:\/\/sandzakpress.net\/arhiva\/ambasador-evropske-unije-nesuglasice-usporavaju-razvoj-sandzaka\/","url":"https:\/\/sandzakpress.net\/arhiva\/ambasador-evropske-unije-nesuglasice-usporavaju-razvoj-sandzaka\/","name":"Ambasador EU: 'Nesuglasice usporavaju razvoj Sand\u017eaka'","isPartOf":{"@id":"https:\/\/sandzakpress.net\/arhiva\/#website"},"primaryImageOfPage":{"@id":"https:\/\/sandzakpress.net\/arhiva\/ambasador-evropske-unije-nesuglasice-usporavaju-razvoj-sandzaka\/#primaryimage"},"image":{"@id":"https:\/\/sandzakpress.net\/arhiva\/ambasador-evropske-unije-nesuglasice-usporavaju-razvoj-sandzaka\/#primaryimage"},"thumbnailUrl":"https:\/\/sandzakpress.net\/arhiva\/wp-content\/uploads\/2013\/11\/majkl-devenport-ambasador-britanija-britanije-tanjug-rade-prelic-jpg_660x330.jpg","datePublished":"2013-11-26T10:27:29+00:00","dateModified":"2013-11-26T10:27:43+00:00","breadcrumb":{"@id":"https:\/\/sandzakpress.net\/arhiva\/ambasador-evropske-unije-nesuglasice-usporavaju-razvoj-sandzaka\/#breadcrumb"},"inLanguage":"bs-BA","potentialAction":[{"@type":"ReadAction","target":["https:\/\/sandzakpress.net\/arhiva\/ambasador-evropske-unije-nesuglasice-usporavaju-razvoj-sandzaka\/"]}]},{"@type":"ImageObject","inLanguage":"bs-BA","@id":"https:\/\/sandzakpress.net\/arhiva\/ambasador-evropske-unije-nesuglasice-usporavaju-razvoj-sandzaka\/#primaryimage","url":"https:\/\/sandzakpress.net\/arhiva\/wp-content\/uploads\/2013\/11\/majkl-devenport-ambasador-britanija-britanije-tanjug-rade-prelic-jpg_660x330.jpg","contentUrl":"https:\/\/sandzakpress.net\/arhiva\/wp-content\/uploads\/2013\/11\/majkl-devenport-ambasador-britanija-britanije-tanjug-rade-prelic-jpg_660x330.jpg","width":616,"height":308},{"@type":"BreadcrumbList","@id":"https:\/\/sandzakpress.net\/arhiva\/ambasador-evropske-unije-nesuglasice-usporavaju-razvoj-sandzaka\/#breadcrumb","itemListElement":[{"@type":"ListItem","position":1,"name":"Home","item":"https:\/\/sandzakpress.net\/arhiva\/"},{"@type":"ListItem","position":2,"name":"Ambasador EU: &#8216;Nesuglasice usporavaju razvoj Sand\u017eaka&#8217;"}]},{"@type":"WebSite","@id":"https:\/\/sandzakpress.net\/arhiva\/#website","url":"https:\/\/sandzakpress.net\/arhiva\/","name":"Sand\u017eak PRESS","description":"Prve elektronske novine u Sand\u017eaku","publisher":{"@id":"https:\/\/sandzakpress.net\/arhiva\/#\/schema\/person\/6e72b67d6e51910a1117b3b483ba20bd"},"potentialAction":[{"@type":"SearchAction","target":{"@type":"EntryPoint","urlTemplate":"https:\/\/sandzakpress.net\/arhiva\/?s={search_term_string}"},"query-input":{"@type":"PropertyValueSpecification","valueRequired":true,"valueName":"search_term_string"}}],"inLanguage":"bs-BA"},{"@type":["Person","Organization"],"@id":"https:\/\/sandzakpress.net\/arhiva\/#\/schema\/person\/6e72b67d6e51910a1117b3b483ba20bd","name":"Kul","image":{"@type":"ImageObject","inLanguage":"bs-BA","@id":"https:\/\/sandzakpress.net\/arhiva\/#\/schema\/person\/image\/","url":"https:\/\/secure.gravatar.com\/avatar\/42263f39aa27ac04c43cab85c280eb2e?s=96&d=mm&r=pg","contentUrl":"https:\/\/secure.gravatar.com\/avatar\/42263f39aa27ac04c43cab85c280eb2e?s=96&d=mm&r=pg","caption":"Kul"},"logo":{"@id":"https:\/\/sandzakpress.net\/arhiva\/#\/schema\/person\/image\/"}},{"@type":"Person","@id":"https:\/\/sandzakpress.net\/arhiva\/#\/schema\/person\/c8baee722073534b583ea7bdb2e36c02","name":"bosniak","image":{"@type":"ImageObject","inLanguage":"bs-BA","@id":"https:\/\/sandzakpress.net\/arhiva\/#\/schema\/person\/image\/","url":"https:\/\/secure.gravatar.com\/avatar\/a04fd330bfe3a36a72a0ad4a6d89fca7?s=96&d=mm&r=pg","contentUrl":"https:\/\/secure.gravatar.com\/avatar\/a04fd330bfe3a36a72a0ad4a6d89fca7?s=96&d=mm&r=pg","caption":"bosniak"},"url":"https:\/\/sandzakpress.net\/arhiva\/author\/bosniak\/"}]}},"_links":{"self":[{"href":"https:\/\/sandzakpress.net\/arhiva\/wp-json\/wp\/v2\/posts\/96669"}],"collection":[{"href":"https:\/\/sandzakpress.net\/arhiva\/wp-json\/wp\/v2\/posts"}],"about":[{"href":"https:\/\/sandzakpress.net\/arhiva\/wp-json\/wp\/v2\/types\/post"}],"author":[{"embeddable":true,"href":"https:\/\/sandzakpress.net\/arhiva\/wp-json\/wp\/v2\/users\/83"}],"replies":[{"embeddable":true,"href":"https:\/\/sandzakpress.net\/arhiva\/wp-json\/wp\/v2\/comments?post=96669"}],"version-history":[{"count":0,"href":"https:\/\/sandzakpress.net\/arhiva\/wp-json\/wp\/v2\/posts\/96669\/revisions"}],"wp:featuredmedia":[{"embeddable":true,"href":"https:\/\/sandzakpress.net\/arhiva\/wp-json\/wp\/v2\/media\/96670"}],"wp:attachment":[{"href":"https:\/\/sandzakpress.net\/arhiva\/wp-json\/wp\/v2\/media?parent=96669"}],"wp:term":[{"taxonomy":"category","embeddable":true,"href":"https:\/\/sandzakpress.net\/arhiva\/wp-json\/wp\/v2\/categories?post=96669"},{"taxonomy":"post_tag","embeddable":true,"href":"https:\/\/sandzakpress.net\/arhiva\/wp-json\/wp\/v2\/tags?post=96669"}],"curies":[{"name":"wp","href":"https:\/\/api.w.org\/{rel}","templated":true}]}}