{"id":96658,"date":"2013-11-25T22:37:17","date_gmt":"2013-11-25T21:37:17","guid":{"rendered":"https:\/\/sandzakpress.net\/arhiva\/?p=96658"},"modified":"2013-11-25T22:37:17","modified_gmt":"2013-11-25T21:37:17","slug":"kalac-zabrinjava-nas-indiferentnost-bosnjackih-politicara","status":"publish","type":"post","link":"https:\/\/sandzakpress.net\/arhiva\/kalac-zabrinjava-nas-indiferentnost-bosnjackih-politicara\/","title":{"rendered":"Kala\u010d: &#8216;Zabrinjava nas indiferentnost bo\u0161nja\u010dkih politi\u010dara&#8217;"},"content":{"rendered":"<p><strong><img loading=\"lazy\" decoding=\"async\" class=\"alignleft size-medium wp-image-96659\" alt=\"hqdefault\" src=\"https:\/\/sandzakpress.net\/arhiva\/wp-content\/uploads\/2013\/11\/hqdefault2-300x220.jpg\" width=\"300\" height=\"220\" \/>Ju\u017eni Sand\u017eak &#8211; Gospodine Kala\u010d, predsjednik ste nedavno osnovane (30.09.2013.) politi\u010dke partije u Crnoj Gori, Bo\u0161nja\u010dke demokratske zajednice (BDZ). U \u010demu \u0107e se politika Va\u0161e stranke razlikovati od politike koju trenutno vodi Bo\u0161nja\u010dka stranka ?<\/strong><\/p>\n<div>Izbornu skup\u0161tinu Bo\u0161nja\u010dke demokratske zajednice u Crnoj Gori zakazali smo za 30. novembar ove godine, kada \u0107emo izabrati organe i rukovodstvo partije. Na osniva\u010dkoj skup\u0161tini odr\u017eanoj 4. septembra 2013.godine u Ro\u017eajama, izabran sam za lice koje po zakonu predstavlja i zastupa ovu stranku. Ako Bog da, bi\u0107u kandidat za predsjednika, ali kako je izborna skup\u0161tina pred nama, u ovom momentu ne mo\u017eemo govoriti o bilo kome kao predsjedniku ove partije.<\/div>\n<div><\/div>\n<div>Na\u0161a politi\u010dka platforma daje jasan odgovor na va\u0161e pitanje o sli\u010dnostima i razlikama sa partijom koja kao parlamentarna ve\u0107 postoji na politi\u010dkoj sceni Crne Gore. BDZ je partija centra koja slobodu svakog pojedinca ali i zajednice dr\u017ei kao jedan od primarnih politi\u010dkih ciljeva. To prije svega podrazumijeva uravnote\u017een odnos prema tradicionalnim vrijednostima, socijalnoj pravdi i slobodnom tr\u017ei\u0161tu. \u201eSrednji put je uvjet ravnomjernog razvoja dru\u0161tva na personalnom, porodi\u010dnom i kolektivnom nivou\u201c, stoji u na\u0161em programu. Sva ova tri elementa: tradicionalne vrijednosti, socijalna pravda, te slobodno tr\u017ei\u0161te podrazumijevaju slobodne ljude, ljude koji ne robuju drugim ljudima, a to prije svega zna\u010di vlastodr\u0161cima, odnosno, vladarima. Jer slobodan \u010dovjek ne mo\u017ee biti slobodan kao ovisnik ljudi, kako god da se oni zovu. Kada se danas bolje zagledamo u politi\u010dku strukturu partija u CG, koje \u010dine vlast, ne mo\u017eemo ne primijetiti da se u su\u0161tini i ne radi o politi\u010dkim partijama ve\u0107 prije svega o poslovno interesnim udru\u017eenjima, biznis asocijacijama, a imaju\u0107i u vidu da se kriju iza izbornog legitimiteta, zna\u010di udru\u017eenjima koje zloupotrebljavaju i kriminalizuju vlast a narod dr\u017ee u pokornosti simuliraju\u0107i brigu o njemu, o njegovim pojedina\u010dnim i kolektivnim interesima. Bo\u0161njaci su se ponadali da u toj strukturi koja u svom imenu nosi ime na\u0161eg naroda, imaju svoju nacionalnu politiku, a dobili su samo \u010duvare re\u017eima od izborne neizvjesnosti koja bi u uslovima neadekvatne kontrole bira\u010dkog tijela, odnosno mogu\u0107nosti slobodnog izbora, mogla ugroziti aktuelni re\u017eim.<\/div>\n<div><\/div>\n<div>S druge strane, ovo \u0161to danas imamo u ponudi bilo pod nacionalnim ili gra\u0111anskim programom a doti\u010de se bo\u0161nja\u010dkog nacionalnog interesa u Crnoj Gori, ustvari predstavlja jednu konzervativnu politiku koja nema odgovore niti na jedno va\u017eno pitanje koje tra\u017ei vrijeme u kojem \u017eivimo. Njihova politika nije slobodna ve\u0107 se kre\u0107e u strogo determiniranom krugu politi\u010dkih struktura koje su optere\u0107ene prljavom ratnom pro\u0161lo\u0161\u0107u ali i ni\u0161ta manje problemati\u010dnom aktuelnom politikom. Crnogorska politi\u010dka elita nikako da se jasno opredijeli prema Evropi, ve\u0107 sve \u0161to na tom planu radi, \u010dini se da vi\u0161e bje\u017ei od nje nego \u0161to joj ide u susret. Bo\u0161nja\u010dka aktuelna politika, uhva\u0107ena u ovakvom sistemu vlasti, ni\u010dim ne pokazuje da je spremna podr\u017eati bilo kakvu promjenu vlasti, ve\u0107 se gr\u010devito bori za odr\u017eanje aktuelnog re\u017eima, ve\u017eu\u0107i sudbinu na\u0161eg naroda za njegov opstanak, \u0161to je potpuni politi\u010dki apsurd.<\/div>\n<div><\/div>\n<div>Ovo zna\u010di da su Bo\u0161nja\u010dki politi\u010dari raspore\u0111eni u tzv. gra\u0111anskim partijama u vlasti ali, \u0161to je jo\u0161 \u010dudnije, i oni iz takozvanog nacionalnog politi\u010dkog e\u0161alona, potpuno saglasni da bi eventualne promjene aktuelnog re\u017eima imale pogubne posljedice za Bo\u0161njake u Crnoj Gori. Ovo samo govori o stanju u kome se ove polit\u010dke strukture nalaze, o njihovoj politi\u010dkoj ovisnosti i neslobodi. Potpuno su se odrekli bilo kakve politi\u010dke inicijative, a posebno u procesima evropskih integracija, u procesima regionalizacije, a to zna\u010di usvajanju i implementaciji evropskih demokratskih standarda. Sti\u010de se utisak da se njihov politi\u010dki domen svakog dana sve vi\u0161e smanjuje, \u0161to dobrim dijelom potvr\u0111uje glasine da su se u politi\u010dkom smislu ve\u0107 odavno na\u0161li s druge strane bo\u0161nja\u010dkih nacionalnih interesa. Ovdje se mora naglasiti da se me\u0111u politi\u010darima u opozicionim, tzv.gra\u0111anskim politi\u010dkim strukturama, pojavljuju izvjesni znaci slobode, i iz redova na\u0161eg naroda, \u0161to se mo\u017ee primijetiti i na krajnje nervoznim reakcijama re\u017eima i njegovih \u010duvara iz politi\u010dkih struktura na\u0161eg naroda.<\/div>\n<div><\/div>\n<div>Dakle, ovo \u0161to danas imamo kao bo\u0161nja\u010dku politiku u Crnoj Gori, predstavlja zatvoren, autiziran sistem vrijednosti, koji prije svega podrazumijeva brigu za dr\u017eavne interese Crne Gore koji se kao vrijednost uspostavljaju u crnogorskim politi\u010dkim strukturama, pa tek onda nacionalni interes Bo\u0161njaka. I taj i takav redoslijed politi\u010dkih prioriteta potpuno je uvjetovan interesima aktuelnog re\u017eima, tako da se slobodno mo\u017ee re\u0107i da su nacionalni interesi Bo\u0161njaka potpuno podre\u0111eni interesima drugih, \u010dija je briga prema nama vrlo upitna.<\/div>\n<div><\/div>\n<div>BDZ u Crnoj Gori ima druga\u010diji politi\u010dki prioritet koji bi se mogao iskazati u jednoj re\u010denici: Nacionalni interes Bo\u0161njaka u Crnoj Gori u saglasju sa op\u0107im bo\u0161nja\u010dkim nacionalnim interesom, uz uva\u017eavanje dr\u017eavnog suvereniteta Crne Gore i njenog evropskog puta. Ovo zna\u010di da se na\u0161a politika ne smije niti jednog sekunda odvajati od prioriteta nacionalnih interesa svih Bo\u0161njaka u svijetu, koja se definira kroz bo\u0161nja\u010dke nacionalne institucije, kakva je u prvom redu Svjetski bo\u0161nja\u010dki kongres.<\/div>\n<div><\/div>\n<div>Ono \u0161to danas imamo u aktuelnoj politi\u010dkoj ponudi u Crnoj Gori, potpuno je suprotno.<\/div>\n<div><\/div>\n<div><strong>&#8211; U opisu BDZ izme\u0111u ostalog stoji da se radi o partiji sa uravnote\u017eenim odnosom prema tradicionalnim vrijednostima, \u0161to ste i u prethodnom odgovoru \u00a0pomenuli.- Mo\u017eete li nam podrobnije predo\u010diti \u0161ta to zapravo zna\u010di ?<\/strong><\/div>\n<div><strong><\/strong><\/div>\n<div>Rije\u010d je o na\u0161oj nasu\u0161noj potrebi da svoj nacionalni identitet poja\u010davamo afirmacijom na\u0161ih tradicionalnih vrijednosti koje u osnovi podrazumijevaju slobodnog \u010dovjeka. Ta sloboda je uvjet svih uvjeta a jasno je svima nama da se radi o jednom od izvornih postulata islama koji nas u\u010di da \u010dovjek prestaje biti \u010dovjekom onog momenta kada izgubi kop\u010du sa Gospodarem, Allahom d\u017e.\u0161. \u00a0a postane rob \u010dovjeka. Ne postoji nikakva civilizacijska mudrost koja mo\u017ee nadvisiti ovaj princip. I na\u0161a politi\u010dka misao i praksa mora biti na tom fonu i u mjeri u kojoj se udaljava od ovih vrijednosti, prestaje biti na\u0161om politikom.<\/div>\n<div><\/div>\n<div>Uravnote\u017eenost na koju ukazuje na\u0161 program podrazumijeva odnos izme\u0111u tradicije, socijalne pravde i slobodnog tr\u017ei\u0161ta. U ovoj re\u010denici je sadr\u017eana formula dr\u017eavnog ure\u0111enja. Mi preporu\u010dujemo i zala\u017eemo se za dr\u017eavno ustrojstvo koje se zasniva na vrijednostima zajednica a ne samo pojedinaca, jer je tradicija vrijednost koju dominantno artikuliraju i ba\u0161tine zajednice. S druge strane, socijalna pravda kao elemanat ovog uravnote\u017eenog ustrojstva je jedan od neizostavnih stubova stabilnosti svakog dr\u017eavnog ure\u0111enja. Tamo gdje se ne uspostavi sistem socijalne pravde, dr\u017eava je usmjerena ka nestanku. Tre\u0107i stub stabilnosti opstanka jedne dr\u017eave je privatno vlasni\u0161tvo kojeg nema bez slobodnog tr\u017ei\u0161ta, niti slobodnog tr\u017ei\u0161ta bez privatnog vlasni\u0161tva. Uravnote\u017eenost ovih triju elemenata jeste na\u0161 politi\u010dki imperativ na planu na\u0161eg doprinosa razvoju dr\u017eavnog ustrojstva za koje vjerujemo da mo\u017ee obezbijediti stabilnost dr\u017eave i dru\u0161tva u kojoj \u017eivimo.<\/div>\n<div><\/div>\n<div><strong>&#8211; Da li je BDZ stranka regionalnog karaktera, ovdje prvenstveno mislim na Ju\u017eni Sand\u017eak, ili \u0107e Va\u0161e djelovanje biti prisutno na teritoriji cjelokupne Crne Gore ?<\/strong><\/div>\n<div><strong><\/strong><\/div>\n<div>Neki politi\u010dki krugovi bi \u017eeljeli da nas u\u010dine marginalnim te iz tog razloga se nedavno moglo \u010duti kako smo mi neka partija lokalnog karaktera. \u017delim obradovati sve iskrene patriote i Bo\u0161njake i sve slobodne gra\u0111ane Crne Gore, da na\u0161a misija nije tako uskogruda jer mi na\u0161im programom i politikom donosimo istinsko politi\u010dko osvje\u017eenje i za Bo\u0161njake ali i za druge narode i gra\u0111ane u Crnoj Gori. Mi se zala\u017eemo za istinsku regionalizaciju Crne Gore, i u tom smislu, povratak ideji Sand\u017eaka kao moderne evropske regije, \u0161to se realno mo\u017ee ostvariti samo uz ozbiljniju demokratizaciju i decentralizaciju Crne Gore. Na\u0161 politi\u010dki interes podrazumijeva potpuno otvaranje Crne Gore kao dijela evropskog prostora u kome \u0107e Bo\u0161njaci mo\u0107i ostvarivati sva prava kao narod a nikako kao nacionalna manjina sa rezerviranim pravima po nekom zastarjelom principu reciprociteta bilaterarnih me\u0111udr\u017eavnih odnosa, principu koji i da je kao takav pravedan u slu\u010daju primjene na nas Bo\u0161njake nema uslove, budu\u0107i da Bosna jo\u0161 uvijek nema kapacitet za\u0161tite Bo\u0161njaka kao nacionalnih manjina bilo gdje da \u017eive.<\/div>\n<div><\/div>\n<div><strong>&#8211; Ko je glavni krivac zbog nepo\u0161tivanja ugovora o Sand\u017eaku kao prekograni\u010dnoj regiji, koji je uo\u010di samog referenduma potpisan od strane \u0110ukanovi\u0107a i predstavnika Bo\u0161nja\u010dke stranke?<\/strong><\/div>\n<div><strong><\/strong><\/div>\n<div>O\u010digledno je da u Crnoj Gori postoji neki drugi prioriteti i da se na ovom pitanju ni\u0161ta afirmativno ne radi. Crnogorske vlasti rade na u\u010dvr\u0161\u0107ivanju centralne vlasti \u0161to ugro\u017eava evropsku praksu decentralizacije i regionalizma.<\/div>\n<div><\/div>\n<div>Akteri pomenutog sporazuma kao \u0161to vidimo ovo pitanje potpuno marginalizuju uprkos \u010dinjenici da \u010dak postoji i zakonska obaveza da se pitanju regionalizacije Crne Gore ozbiljnije pristupi. Nekoliko puta sam do sada ukazivao na sistemsku anomaliju da Vlada ignori\u0161e Zakon o regionalnom razvoju koji podrazumijeva postojanje Ministarstva za regionalni razvoj i odgovaraju\u0107ih regionalnih agencija, sa podrazumijevanim bud\u017eetom. Od toga mi danas imamo samo Potpredsjednika vlade za regionalni razvoj koji nema odgovaraju\u0107e ministarstvo i opredijeljena bud\u017eetskla sredstva, a jedino \u0161to ima je o\u010digledna unaprijed projektovana odgovornost za neuspjeh u ravnomjernom regionalnom razvoju Crne Gore.<\/div>\n<div><\/div>\n<div>Prihvatanjem takve pozicije u vlasti stranka koja je politi\u010dki vlasnik ovog va\u017enog dokumenta, \u010dini veliku \u0161tetu ravnomjernom regionalnom razvoju i svjesno ili nesvjesno potpoma\u017ee dalje raseljavanje regiona Sand\u017eaka.<\/div>\n<div><\/div>\n<div><strong>&#8211; Po\u010detkom mjeseca (10.11.), ugledni britanski pisac pakistanskog porijekla, Tarik Ali, dao je intervju za srbijansku Politiku, u kojem izme\u0111u ostalog iznosi i sljede\u0107u tvrdnju : \u201eCrna Gora je tu\u017ena pri\u010da male zemlje koja sigurno ne bi opstala da nije novca ruske mafije. I to je realnost. Tamo \u017eivi mnogo dobrih ljudi, dobrih intelektualaca, ali ekonomski zemljom dominira mafija\u201c. \u00a0Koliko po Vama ima istine u ovoj izjavi, i koji je Va\u0161 komentar na nju?<\/strong><\/div>\n<div><strong><\/strong><\/div>\n<div>Opstanak Crne Gore se ne mo\u017ee dovoditi u pitanje unato\u010d \u010dinjenici da je na njenom tr\u017ei\u0161tu prisutno mnogo sumnjivih investitora i kapitala sumnjivog porijekla. Prosto, ovo je evropski prostor i dok je Evrope bi\u0107e i Crne Gore. Na\u017ealost ova resursima bogata zemlja lo\u0161om prvenstveno ekonomskom politikom njene Vlade nije uspjela da obezbijedi stabilan ekonomski i op\u0107e dru\u0161tveni razvoj. Lo\u0161a politika Vlade je produkovala ogromne socijalne razlike izme\u0111u malobrojne enormno bogate politi\u010dke elite i ostatka veoma osiroma\u0161enog naroda. Nebriga, \u010dak i namjerno devastiranje postoje\u0107ih privrednih resursa u regionu Sand\u017eaka, jasno pokazuju da je dr\u017eavna politika koja se u du\u017eem periodu vodi u Crnoj Gori, \u00a0ista ona politika koju je i Milo\u0161evi\u0107 vodio prema Sand\u017eaku. Cilj je da se ovaj region osiroma\u0161i i na taj na\u010din pospje\u0161i raseljavanje njegovog starosjedela\u010dkog bo\u0161nja\u010dkog stanovni\u0161tva.<\/div>\n<div><\/div>\n<div>Stavovi uglednog britanskog istori\u010dara i romanopisca manje-vi\u0161e upu\u0107uju na jedan fenomen crnogorskog politi\u010dkog raspe\u0107a izme\u0111u Evrope, odnosno Nato-saveza, i Ruskog ekonomskog i vojnog uticaja. U tom ideolo\u0161ki raspetom stanju crnogorske elite mo\u017ee se prepoznati nedostatak jasne dr\u017eavni\u010dke vizije, odnosno neodlu\u010dnosti da se odgovori na ispru\u017eenu ruku Evrope. Saradnjom sa Nato-savezom te davanjem nekih veoma prozai\u010dnih signala savezni\u0161tva, crnogorska politi\u010dka elita poku\u0161ava prikriti stvarne brojne i pozama\u0161ne ruske investicije koje dominiraju u Crnoj Gori, odnosno stvarno prisustvo ruskog ekonomskog i politi\u010dkog uticaja.<\/div>\n<div><\/div>\n<div><strong>&#8211; Crna Gora je nizom manifestacija ove godine obilje\u017eila 200 godina od ro\u0111enja Njego\u0161a. Ujedno, Vlada Crne Gore je danas usvojila predlog da se upravo dana\u0161nji dan, 13. novembar, \u0161to odgovara datumu ro\u0111enja Njego\u0161a, odre\u0111uje za dr\u017eavni praznik Crne Gore. Novi praznik \u0107e se navodno zvati Njego\u0161ev dan, i obilje\u017eava\u0107e se kao Dan crnogorske kulture. Kako gledate na tu novu odluku Vlade, te molim Vas da ujedno pojasnite na\u0161em \u010ditateljstvu, \u0161ta zapravo Bo\u0161njacima predstavlja Njego\u0161?<\/strong><\/div>\n<div><strong><\/strong><\/div>\n<div>Za jednu multietni\u010dku Crnu Goru, kako je u svrhu prezentacije evropske Crne Gore, vlasti \u010desto promoviraju, ovo je u najmanju ruku skandalozno. Najmanje jedna \u010detvrtina stanovni\u0161tva se sa ovim ne mo\u017ee slo\u017eiti jer se radi o historijskoj li\u010dnosti koja je sa\u010dinila i u emanet ostavila budu\u0107im pokoljenjima genocidni program etni\u010dkog \u010di\u0161\u0107enja ovog dijela balkanskog prostora od njenog starosjedela\u010dkog stanovni\u0161tva \u010dije je jedini grijeh samo to \u0161to je \u00a0prihvatilo Posljednju Bo\u017eju Objavu i na\u0161lo spas i izlaz iz balkanskog mraka i neznanja. Ovo je zbog toga jo\u0161 jedan dokaz da crnogorska politi\u010dka elita nije promijenila svoj politi\u010dki kurs \u010diju smo zaslijepljenost mi Bo\u0161njaci mnogo puta osjetili, a posljednji put tragi\u010dno pre\u017eivljavali u vrijeme Milo\u0161evi\u0107eve vladavine.<\/div>\n<div><\/div>\n<div>Stavom aktuelnog premijera i \u0161efa vladaju\u0107e DPS da je evropski put Crne Gore njego\u0161evski put, ova se partija otvoreno vra\u0107a na stari ideolo\u0161ki kolosijek devedesetih. Ve\u0107i problem za demokratizaciju Crne Gore od toga je \u0161to me\u0111u opozicijom ne postoji niti jedna partija koja pravi bilo kakav otklon od ovakve politike, pa se sa velikom sigurno\u0161\u0107u mo\u017ee re\u0107i da DPS ovakvim ideolo\u0161kim pozicioniranjem sigurno dr\u017ei lidersku poziciju. Njego\u0161 je postao onaj sami vrh crnogorskog politi\u010dkog prostora na kojem ko pobode svoju zastavu, on njime i vlada. \u0110ukanovi\u0107 je to vje\u0161to poput posljednjeg aduta iskoristio a opozicija nema hrabrosti da se tom \u201evrhu\u201c suprostavi te se promjena vlasti realno i ne mo\u017ee o\u010dekivati.<\/div>\n<div><\/div>\n<div>Ono \u0161to nas posebno zabrinjava je indiferentnost bo\u0161nja\u010dkih politi\u010dara u vlasti koji ili \u0107ute ili posve neadekvatno reaguju na ovu dru\u0161tvenu pojavu koja je jasan znak da Crna Gora na ovaj na\u010din, novim savremenijim sredstvima ulazi u novi krug \u201eistrage poturica\u201c.<\/div>\n<p><strong>&#8211; Prije ne\u0161to vi\u0161e od godinu dana, potpisan je ugovor izme\u0111u reisa Rifata ef. Fejzi\u0107a i premijera Igora Luk\u0161i\u0107a. Navodno se radi o ugovoru koji defini\u0161e ure\u0111enje odnosa od zajedni\u010dkog interesa izme\u0111u Vlade Crne Gore i Islamske zajednice u Crnoj Gori. Mnogi bo\u0161nja\u010dki intelektualci i aktivisti su osudili potpisivaje takvog ugovora, obrazla\u017eu\u0107i da se radi o ugovoru koji nikako nije u interesu Bo\u0161njaka i generalno muslimana Crne Gore. Druga strana ga je pak nazvala historijskim. Kako Vi gledate na potpisivanje tog ugovora?<\/strong><\/p>\n<p>Ovim dokumentom je stavljena \u010dvrsta brana eventualnog povratka Islamske zajednice u Crnoj Gori svom prirodnom ihodi\u0161tu Rijasetu IZ BiH u Sarajevu, odakle se u periodu agresije na BiH ova IZ i izdvojila. \u010cini se da mu je to bila osnovna namjena. Ali na\u017ealost to nije i jedina njegova mahana. Kada sam prvi put pro\u010ditao ovaj Ugovor, bio sam prosto zaprepa\u0161\u0107en \u010dinjenicom da se neko usudio potpisati tako ne\u0161to u ime Islama i u ime Islamske zajednice.<\/p>\n<p>Danas sam ubije\u0111en da se radi o jednom dokumentu koji \u0107e u budu\u0107nosti postati primjer kako se jednom narodu na krajnje problemati\u010dan na\u010din oduzimaju osnovna gra\u0111anska i vjerska prava. Tim ugovorom se muslimanima u Crnoj Gori \u201edaju\u201c prava koja su oni ve\u0107 imali, i to imali u znatno \u0161irem obimu, a za uzvrat im se nudi dr\u017eavna za\u0161tita od njenih \u010dlanova za koje \u0107e dr\u017eava bez upliva Islamske zajednice, procjenjivati njihovu podobnost i \u201espa\u0161avati\u201c tu istu islamsku zajednicu od njih.<\/p>\n<p>Rije\u010d je o jednom potpuno neustavnom dokumentu kojeg \u0107e Ustavni sud prosto morati oboriti \u010dim bilo ko podnese ustavnu tu\u017ebu za njegovu neustavnost jer se dr\u017eava, odnosno Vlada, suprotno Ustavu Crne Gore, mije\u0161a u stvari Islamske zajednice koje po prirodnom pravu spadaju u njenu nadle\u017enost, odnosno zadire u njenu ustavom definiranu autonomnost. Ustvari, \u0161to je jo\u0161 i stra\u0161nije, neustavnost ovog Ugovora je, \u010dini se, namjerno i postavljena kako bi se isti oborio jednog dana kada \u201eneko\u201c procijeni \u201epravi trenutak\u201c za to, \u00a0\u010dime \u0107e se ustavna pozicija Islamske zajednice, u Crnoj Gori potpuno zakomplicirati i obesmisliti.<\/p>\n<p>Ovim dokumentom je drasti\u010dno povrije\u0111en i sam Ustav Islamske zajednice u Crnoj Gori, ali u na\u0161im okolnostima kao da to i nije neki problem. Islamska zajednica u Crnoj Gori je zahvaljuju\u0107i ovom dokumentu postala jedina vjerska organizacija u regionu, i najvjerovatnije mnogo \u0161ire, kojoj Vlada bira prvog \u010dovjeka.<\/p>\n<p><strong>&#8211; Da se vratimo na pitanje Sand\u017eaka. \u2013 Nedavno ste, na poziv Evropskih regija, bili \u010dlan sand\u017ea\u010dke delegacije koja je prisustvovala njihovoj Godi\u0161njoj skup\u0161tini u Lije\u017eu. Mo\u017eete li nas bli\u017ee upoznati sa zna\u010dajnim detaljima sa tog skupa i zna\u010daja Va\u0161eg u\u010destvovanja na njemu? Da li je bilo rije\u010di i o na\u0161oj prekograni\u010dnoj regiji, Sand\u017eak?<\/strong><\/p>\n<p>Delegaciju je predvodio rektor Internacionalnog univerziteta u Novom Pazaru, Prof.Dr. Mevlud Dudi\u0107. Prisustvovali smo jednom za nas veoma interesantnom skupu i tom prilikom imali nekoliko zna\u010dajnih susreta. Svakako da je za nas najva\u017enije \u0161to smo imali priliku susresti se sa predsjednikom Evropskih regija, godpodinom Lambercom, koji je obe\u0107ao posjetiti Sand\u017eak.<\/p>\n<p>Delegacija regije Sand\u017eak je bila posebno predstavljena na zajedni\u010dkoj sve\u010danoj ve\u010deri, kada je gospodin Lamberc prisutnima kratko objasnio gdje se Sand\u017eak ta\u010dno nalazi, isti\u010du\u0107i da je za njih prisustvo na\u0161e delegacije veoma va\u017eno kao \u0161to je va\u017eno i postojanje i uspostava ove regije.<\/p>\n<p><strong>&#8211; Zamolio bih Vas da za kraj ovog na\u0161eg razgovora, uputite poruku Bo\u0161njacima u dijaspori, osobito onima koji su bili prisiljeni napustiti prostor Crne Gore, a kojih na\u017ealost nije mali broj.<\/strong><\/p>\n<p>Bo\u0161njaci su nakon jednog dugog perioda potpune dezorijentiranosti i ideolo\u0161ke usitnjenosti, uspjeli kona\u010dno formirati svoje nacionalne institucije pod jedinstvenim krovom koji se zove Svjetski bo\u0161nja\u010dki kongres (SBK) sa sjedi\u0161tem u Sarajevu. Ova \u010dinjenica bi trebalo da dominira na\u0161om nacionalnom svije\u0161\u0107u. Ni\u0161ta se vi\u0161e nebi smjelo de\u0161avati, naro\u010dito u na\u0161em politi\u010dkom \u017eivotu a da ne pro\u0111e ovaj jedinstveni nacionalni filter. Prosto, svako politi\u010dko djelovanje i stranaka i politi\u010dra, mora imati provjeru i potvrdu ispravnosti u krovnoj nacionalnoj instituciji koja se zove SBK bar u dijelu onih nacionalnih interesa ispod kojih se ne smije i\u0107i. Na\u0161a budu\u0107nost \u0107e zavisiti upravo od toga da li \u0107emo djelovati kao organizovan narod ili \u0107emo ostati razbijeni i ideolo\u0161ko-politi\u010dki podre\u0111eni centrima mo\u0107i ja\u010dih susjednih nam naroda, koji naravno sve \u010dine da nas zadr\u017ee u takvom stanju pot\u010dinjenosti.<\/p>\n<p>U tom \u00a0smislu, moja poruka Bo\u0161njacima u dijaspori jeste da nastoje da uo\u010de ovaj napor ujedinjenja i koncentracije na\u0161eg svekolikog nacionalnog potencijala i stavljanja istog u slu\u017ebu na\u0161ih nacionalnih interesa a ne interesa naroda koji su prema vjekovnom iskustvu pokazivali \u00a0jasnu namjeru da ostvare svoje nacionalne ciljeve na \u0161tetu na\u0161eg bo\u0161nja\u010dkog nacionalnog interesa.<\/p>\n<p>Vrijeme pred nama je vrijeme izbora da li smo za evropske integracije ili neke druge, koji naginju prema pravoslavno-ruskim centrima. \u010cini se da pojedini re\u017eimi na Balkanu i dalje aktivno igraju na kartu nade propasti evropskog projekta, uporno se dr\u017ee\u0107i ruskog kruga, bilo kroz otvaranje investicijama, bilo ideologijama sa tog interesnog podru\u010dja. Na\u0161a domovina Bosna i Sand\u017eak pripada evropskom civilizacijskom krugu, a kroz brojnu dijasporu ve\u0107 u drugoj ili tre\u0107oj generaciji aktivno daje doprinos i njenom kulturnom oboga\u0107ivanju na\u0161im kulturnim i vjerskim posebnostima.<\/p>\n<p>(Identitet.lu)<\/p>\n","protected":false},"excerpt":{"rendered":"<p>Ju\u017eni Sand\u017eak &#8211; Gospodine Kala\u010d, predsjednik ste nedavno osnovane (30.09.2013.) politi\u010dke partije u Crnoj Gori, Bo\u0161nja\u010dke demokratske zajednice (BDZ). U \u010demu \u0107e se politika Va\u0161e stranke razlikovati od politike koju trenutno vodi Bo\u0161nja\u010dka stranka ? Izbornu skup\u0161tinu Bo\u0161nja\u010dke demokratske zajednice u Crnoj Gori zakazali smo za 30. novembar ove godine, kada \u0107emo izabrati organe i [&hellip;]<\/p>\n","protected":false},"author":83,"featured_media":96660,"comment_status":"open","ping_status":"open","sticky":false,"template":"","format":"standard","meta":{"footnotes":""},"categories":[398,1,397,10174,396,395,399,10173,8957],"tags":[10223,10251],"class_list":{"0":"post-96658","1":"post","2":"type-post","3":"status-publish","4":"format-standard","5":"has-post-thumbnail","7":"category-rozaje","8":"category-politika","9":"category-berane","10":"category-petnjica-vase-vijesti","11":"category-bijelo_polje","12":"category-pljevlja_","13":"category-plav_","14":"category-gusinje-vase-vijesti","15":"category-vijesti-dana","16":"tag-bdz","17":"tag-hazbija-kalac"},"yoast_head":"<!-- This site is optimized with the Yoast SEO Premium plugin v23.1 (Yoast SEO v24.9) - https:\/\/yoast.com\/wordpress\/plugins\/seo\/ -->\n<title>Kala\u010d: &#039;Zabrinjava nas indiferentnost bo\u0161nja\u010dkih politi\u010dara&#039;<\/title>\n<meta name=\"robots\" content=\"index, follow, max-snippet:-1, max-image-preview:large, max-video-preview:-1\" \/>\n<link rel=\"canonical\" href=\"https:\/\/sandzakpress.net\/arhiva\/kalac-zabrinjava-nas-indiferentnost-bosnjackih-politicara\/\" \/>\n<meta property=\"og:locale\" content=\"bs_BA\" \/>\n<meta property=\"og:type\" content=\"article\" \/>\n<meta property=\"og:title\" content=\"Kala\u010d: &#039;Zabrinjava nas indiferentnost bo\u0161nja\u010dkih politi\u010dara&#039;\" \/>\n<meta property=\"og:description\" content=\"Ju\u017eni Sand\u017eak &#8211; Gospodine Kala\u010d, predsjednik ste nedavno osnovane (30.09.2013.) politi\u010dke partije u Crnoj Gori, Bo\u0161nja\u010dke demokratske zajednice (BDZ). U \u010demu \u0107e se politika Va\u0161e stranke razlikovati od politike koju trenutno vodi Bo\u0161nja\u010dka stranka ? Izbornu skup\u0161tinu Bo\u0161nja\u010dke demokratske zajednice u Crnoj Gori zakazali smo za 30. novembar ove godine, kada \u0107emo izabrati organe i [&hellip;]\" \/>\n<meta property=\"og:url\" content=\"https:\/\/sandzakpress.net\/arhiva\/kalac-zabrinjava-nas-indiferentnost-bosnjackih-politicara\/\" \/>\n<meta property=\"og:site_name\" content=\"Sand\u017eak PRESS\" \/>\n<meta property=\"article:published_time\" content=\"2013-11-25T21:37:17+00:00\" \/>\n<meta property=\"og:image\" content=\"https:\/\/sandzakpress.net\/arhiva\/wp-content\/uploads\/2013\/11\/hqdefault2-300x2201.jpg\" \/>\n\t<meta property=\"og:image:width\" content=\"300\" \/>\n\t<meta property=\"og:image:height\" content=\"220\" \/>\n\t<meta property=\"og:image:type\" content=\"image\/jpeg\" \/>\n<meta name=\"author\" content=\"bosniak\" \/>\n<meta name=\"twitter:card\" content=\"summary_large_image\" \/>\n<meta name=\"twitter:label1\" content=\"Written by\" \/>\n\t<meta name=\"twitter:data1\" content=\"bosniak\" \/>\n\t<meta name=\"twitter:label2\" content=\"Est. reading time\" \/>\n\t<meta name=\"twitter:data2\" content=\"17 minuta\" \/>\n<script type=\"application\/ld+json\" class=\"yoast-schema-graph\">{\"@context\":\"https:\/\/schema.org\",\"@graph\":[{\"@type\":\"Article\",\"@id\":\"https:\/\/sandzakpress.net\/arhiva\/kalac-zabrinjava-nas-indiferentnost-bosnjackih-politicara\/#article\",\"isPartOf\":{\"@id\":\"https:\/\/sandzakpress.net\/arhiva\/kalac-zabrinjava-nas-indiferentnost-bosnjackih-politicara\/\"},\"author\":{\"name\":\"bosniak\",\"@id\":\"https:\/\/sandzakpress.net\/arhiva\/#\/schema\/person\/c8baee722073534b583ea7bdb2e36c02\"},\"headline\":\"Kala\u010d: &#8216;Zabrinjava nas indiferentnost bo\u0161nja\u010dkih politi\u010dara&#8217;\",\"datePublished\":\"2013-11-25T21:37:17+00:00\",\"mainEntityOfPage\":{\"@id\":\"https:\/\/sandzakpress.net\/arhiva\/kalac-zabrinjava-nas-indiferentnost-bosnjackih-politicara\/\"},\"wordCount\":3340,\"commentCount\":3,\"publisher\":{\"@id\":\"https:\/\/sandzakpress.net\/arhiva\/#\/schema\/person\/6e72b67d6e51910a1117b3b483ba20bd\"},\"image\":{\"@id\":\"https:\/\/sandzakpress.net\/arhiva\/kalac-zabrinjava-nas-indiferentnost-bosnjackih-politicara\/#primaryimage\"},\"thumbnailUrl\":\"https:\/\/sandzakpress.net\/arhiva\/wp-content\/uploads\/2013\/11\/hqdefault2-300x2201.jpg\",\"keywords\":[\"BDZ\",\"Hazbija Kala\u010d\"],\"articleSection\":[\"Ro\u017eaje\",\"Politika\",\"Berane\",\"Petnjica\",\"Bijelo Polje\",\"Pljevlja\",\"Plav\",\"Gusinje\",\"VIJESTI DANA\"],\"inLanguage\":\"bs-BA\",\"potentialAction\":[{\"@type\":\"CommentAction\",\"name\":\"Comment\",\"target\":[\"https:\/\/sandzakpress.net\/arhiva\/kalac-zabrinjava-nas-indiferentnost-bosnjackih-politicara\/#respond\"]}]},{\"@type\":\"WebPage\",\"@id\":\"https:\/\/sandzakpress.net\/arhiva\/kalac-zabrinjava-nas-indiferentnost-bosnjackih-politicara\/\",\"url\":\"https:\/\/sandzakpress.net\/arhiva\/kalac-zabrinjava-nas-indiferentnost-bosnjackih-politicara\/\",\"name\":\"Kala\u010d: 'Zabrinjava nas indiferentnost bo\u0161nja\u010dkih politi\u010dara'\",\"isPartOf\":{\"@id\":\"https:\/\/sandzakpress.net\/arhiva\/#website\"},\"primaryImageOfPage\":{\"@id\":\"https:\/\/sandzakpress.net\/arhiva\/kalac-zabrinjava-nas-indiferentnost-bosnjackih-politicara\/#primaryimage\"},\"image\":{\"@id\":\"https:\/\/sandzakpress.net\/arhiva\/kalac-zabrinjava-nas-indiferentnost-bosnjackih-politicara\/#primaryimage\"},\"thumbnailUrl\":\"https:\/\/sandzakpress.net\/arhiva\/wp-content\/uploads\/2013\/11\/hqdefault2-300x2201.jpg\",\"datePublished\":\"2013-11-25T21:37:17+00:00\",\"breadcrumb\":{\"@id\":\"https:\/\/sandzakpress.net\/arhiva\/kalac-zabrinjava-nas-indiferentnost-bosnjackih-politicara\/#breadcrumb\"},\"inLanguage\":\"bs-BA\",\"potentialAction\":[{\"@type\":\"ReadAction\",\"target\":[\"https:\/\/sandzakpress.net\/arhiva\/kalac-zabrinjava-nas-indiferentnost-bosnjackih-politicara\/\"]}]},{\"@type\":\"ImageObject\",\"inLanguage\":\"bs-BA\",\"@id\":\"https:\/\/sandzakpress.net\/arhiva\/kalac-zabrinjava-nas-indiferentnost-bosnjackih-politicara\/#primaryimage\",\"url\":\"https:\/\/sandzakpress.net\/arhiva\/wp-content\/uploads\/2013\/11\/hqdefault2-300x2201.jpg\",\"contentUrl\":\"https:\/\/sandzakpress.net\/arhiva\/wp-content\/uploads\/2013\/11\/hqdefault2-300x2201.jpg\",\"width\":300,\"height\":220},{\"@type\":\"BreadcrumbList\",\"@id\":\"https:\/\/sandzakpress.net\/arhiva\/kalac-zabrinjava-nas-indiferentnost-bosnjackih-politicara\/#breadcrumb\",\"itemListElement\":[{\"@type\":\"ListItem\",\"position\":1,\"name\":\"Home\",\"item\":\"https:\/\/sandzakpress.net\/arhiva\/\"},{\"@type\":\"ListItem\",\"position\":2,\"name\":\"Kala\u010d: &#8216;Zabrinjava nas indiferentnost bo\u0161nja\u010dkih politi\u010dara&#8217;\"}]},{\"@type\":\"WebSite\",\"@id\":\"https:\/\/sandzakpress.net\/arhiva\/#website\",\"url\":\"https:\/\/sandzakpress.net\/arhiva\/\",\"name\":\"Sand\u017eak PRESS\",\"description\":\"Prve elektronske novine u Sand\u017eaku\",\"publisher\":{\"@id\":\"https:\/\/sandzakpress.net\/arhiva\/#\/schema\/person\/6e72b67d6e51910a1117b3b483ba20bd\"},\"potentialAction\":[{\"@type\":\"SearchAction\",\"target\":{\"@type\":\"EntryPoint\",\"urlTemplate\":\"https:\/\/sandzakpress.net\/arhiva\/?s={search_term_string}\"},\"query-input\":{\"@type\":\"PropertyValueSpecification\",\"valueRequired\":true,\"valueName\":\"search_term_string\"}}],\"inLanguage\":\"bs-BA\"},{\"@type\":[\"Person\",\"Organization\"],\"@id\":\"https:\/\/sandzakpress.net\/arhiva\/#\/schema\/person\/6e72b67d6e51910a1117b3b483ba20bd\",\"name\":\"Kul\",\"image\":{\"@type\":\"ImageObject\",\"inLanguage\":\"bs-BA\",\"@id\":\"https:\/\/sandzakpress.net\/arhiva\/#\/schema\/person\/image\/\",\"url\":\"https:\/\/secure.gravatar.com\/avatar\/42263f39aa27ac04c43cab85c280eb2e?s=96&d=mm&r=pg\",\"contentUrl\":\"https:\/\/secure.gravatar.com\/avatar\/42263f39aa27ac04c43cab85c280eb2e?s=96&d=mm&r=pg\",\"caption\":\"Kul\"},\"logo\":{\"@id\":\"https:\/\/sandzakpress.net\/arhiva\/#\/schema\/person\/image\/\"}},{\"@type\":\"Person\",\"@id\":\"https:\/\/sandzakpress.net\/arhiva\/#\/schema\/person\/c8baee722073534b583ea7bdb2e36c02\",\"name\":\"bosniak\",\"image\":{\"@type\":\"ImageObject\",\"inLanguage\":\"bs-BA\",\"@id\":\"https:\/\/sandzakpress.net\/arhiva\/#\/schema\/person\/image\/\",\"url\":\"https:\/\/secure.gravatar.com\/avatar\/a04fd330bfe3a36a72a0ad4a6d89fca7?s=96&d=mm&r=pg\",\"contentUrl\":\"https:\/\/secure.gravatar.com\/avatar\/a04fd330bfe3a36a72a0ad4a6d89fca7?s=96&d=mm&r=pg\",\"caption\":\"bosniak\"},\"url\":\"https:\/\/sandzakpress.net\/arhiva\/author\/bosniak\/\"}]}<\/script>\n<!-- \/ Yoast SEO Premium plugin. -->","yoast_head_json":{"title":"Kala\u010d: 'Zabrinjava nas indiferentnost bo\u0161nja\u010dkih politi\u010dara'","robots":{"index":"index","follow":"follow","max-snippet":"max-snippet:-1","max-image-preview":"max-image-preview:large","max-video-preview":"max-video-preview:-1"},"canonical":"https:\/\/sandzakpress.net\/arhiva\/kalac-zabrinjava-nas-indiferentnost-bosnjackih-politicara\/","og_locale":"bs_BA","og_type":"article","og_title":"Kala\u010d: 'Zabrinjava nas indiferentnost bo\u0161nja\u010dkih politi\u010dara'","og_description":"Ju\u017eni Sand\u017eak &#8211; Gospodine Kala\u010d, predsjednik ste nedavno osnovane (30.09.2013.) politi\u010dke partije u Crnoj Gori, Bo\u0161nja\u010dke demokratske zajednice (BDZ). U \u010demu \u0107e se politika Va\u0161e stranke razlikovati od politike koju trenutno vodi Bo\u0161nja\u010dka stranka ? Izbornu skup\u0161tinu Bo\u0161nja\u010dke demokratske zajednice u Crnoj Gori zakazali smo za 30. novembar ove godine, kada \u0107emo izabrati organe i [&hellip;]","og_url":"https:\/\/sandzakpress.net\/arhiva\/kalac-zabrinjava-nas-indiferentnost-bosnjackih-politicara\/","og_site_name":"Sand\u017eak PRESS","article_published_time":"2013-11-25T21:37:17+00:00","og_image":[{"width":300,"height":220,"url":"https:\/\/sandzakpress.net\/arhiva\/wp-content\/uploads\/2013\/11\/hqdefault2-300x2201.jpg","type":"image\/jpeg"}],"author":"bosniak","twitter_card":"summary_large_image","twitter_misc":{"Written by":"bosniak","Est. reading time":"17 minuta"},"schema":{"@context":"https:\/\/schema.org","@graph":[{"@type":"Article","@id":"https:\/\/sandzakpress.net\/arhiva\/kalac-zabrinjava-nas-indiferentnost-bosnjackih-politicara\/#article","isPartOf":{"@id":"https:\/\/sandzakpress.net\/arhiva\/kalac-zabrinjava-nas-indiferentnost-bosnjackih-politicara\/"},"author":{"name":"bosniak","@id":"https:\/\/sandzakpress.net\/arhiva\/#\/schema\/person\/c8baee722073534b583ea7bdb2e36c02"},"headline":"Kala\u010d: &#8216;Zabrinjava nas indiferentnost bo\u0161nja\u010dkih politi\u010dara&#8217;","datePublished":"2013-11-25T21:37:17+00:00","mainEntityOfPage":{"@id":"https:\/\/sandzakpress.net\/arhiva\/kalac-zabrinjava-nas-indiferentnost-bosnjackih-politicara\/"},"wordCount":3340,"commentCount":3,"publisher":{"@id":"https:\/\/sandzakpress.net\/arhiva\/#\/schema\/person\/6e72b67d6e51910a1117b3b483ba20bd"},"image":{"@id":"https:\/\/sandzakpress.net\/arhiva\/kalac-zabrinjava-nas-indiferentnost-bosnjackih-politicara\/#primaryimage"},"thumbnailUrl":"https:\/\/sandzakpress.net\/arhiva\/wp-content\/uploads\/2013\/11\/hqdefault2-300x2201.jpg","keywords":["BDZ","Hazbija Kala\u010d"],"articleSection":["Ro\u017eaje","Politika","Berane","Petnjica","Bijelo Polje","Pljevlja","Plav","Gusinje","VIJESTI DANA"],"inLanguage":"bs-BA","potentialAction":[{"@type":"CommentAction","name":"Comment","target":["https:\/\/sandzakpress.net\/arhiva\/kalac-zabrinjava-nas-indiferentnost-bosnjackih-politicara\/#respond"]}]},{"@type":"WebPage","@id":"https:\/\/sandzakpress.net\/arhiva\/kalac-zabrinjava-nas-indiferentnost-bosnjackih-politicara\/","url":"https:\/\/sandzakpress.net\/arhiva\/kalac-zabrinjava-nas-indiferentnost-bosnjackih-politicara\/","name":"Kala\u010d: 'Zabrinjava nas indiferentnost bo\u0161nja\u010dkih politi\u010dara'","isPartOf":{"@id":"https:\/\/sandzakpress.net\/arhiva\/#website"},"primaryImageOfPage":{"@id":"https:\/\/sandzakpress.net\/arhiva\/kalac-zabrinjava-nas-indiferentnost-bosnjackih-politicara\/#primaryimage"},"image":{"@id":"https:\/\/sandzakpress.net\/arhiva\/kalac-zabrinjava-nas-indiferentnost-bosnjackih-politicara\/#primaryimage"},"thumbnailUrl":"https:\/\/sandzakpress.net\/arhiva\/wp-content\/uploads\/2013\/11\/hqdefault2-300x2201.jpg","datePublished":"2013-11-25T21:37:17+00:00","breadcrumb":{"@id":"https:\/\/sandzakpress.net\/arhiva\/kalac-zabrinjava-nas-indiferentnost-bosnjackih-politicara\/#breadcrumb"},"inLanguage":"bs-BA","potentialAction":[{"@type":"ReadAction","target":["https:\/\/sandzakpress.net\/arhiva\/kalac-zabrinjava-nas-indiferentnost-bosnjackih-politicara\/"]}]},{"@type":"ImageObject","inLanguage":"bs-BA","@id":"https:\/\/sandzakpress.net\/arhiva\/kalac-zabrinjava-nas-indiferentnost-bosnjackih-politicara\/#primaryimage","url":"https:\/\/sandzakpress.net\/arhiva\/wp-content\/uploads\/2013\/11\/hqdefault2-300x2201.jpg","contentUrl":"https:\/\/sandzakpress.net\/arhiva\/wp-content\/uploads\/2013\/11\/hqdefault2-300x2201.jpg","width":300,"height":220},{"@type":"BreadcrumbList","@id":"https:\/\/sandzakpress.net\/arhiva\/kalac-zabrinjava-nas-indiferentnost-bosnjackih-politicara\/#breadcrumb","itemListElement":[{"@type":"ListItem","position":1,"name":"Home","item":"https:\/\/sandzakpress.net\/arhiva\/"},{"@type":"ListItem","position":2,"name":"Kala\u010d: &#8216;Zabrinjava nas indiferentnost bo\u0161nja\u010dkih politi\u010dara&#8217;"}]},{"@type":"WebSite","@id":"https:\/\/sandzakpress.net\/arhiva\/#website","url":"https:\/\/sandzakpress.net\/arhiva\/","name":"Sand\u017eak PRESS","description":"Prve elektronske novine u Sand\u017eaku","publisher":{"@id":"https:\/\/sandzakpress.net\/arhiva\/#\/schema\/person\/6e72b67d6e51910a1117b3b483ba20bd"},"potentialAction":[{"@type":"SearchAction","target":{"@type":"EntryPoint","urlTemplate":"https:\/\/sandzakpress.net\/arhiva\/?s={search_term_string}"},"query-input":{"@type":"PropertyValueSpecification","valueRequired":true,"valueName":"search_term_string"}}],"inLanguage":"bs-BA"},{"@type":["Person","Organization"],"@id":"https:\/\/sandzakpress.net\/arhiva\/#\/schema\/person\/6e72b67d6e51910a1117b3b483ba20bd","name":"Kul","image":{"@type":"ImageObject","inLanguage":"bs-BA","@id":"https:\/\/sandzakpress.net\/arhiva\/#\/schema\/person\/image\/","url":"https:\/\/secure.gravatar.com\/avatar\/42263f39aa27ac04c43cab85c280eb2e?s=96&d=mm&r=pg","contentUrl":"https:\/\/secure.gravatar.com\/avatar\/42263f39aa27ac04c43cab85c280eb2e?s=96&d=mm&r=pg","caption":"Kul"},"logo":{"@id":"https:\/\/sandzakpress.net\/arhiva\/#\/schema\/person\/image\/"}},{"@type":"Person","@id":"https:\/\/sandzakpress.net\/arhiva\/#\/schema\/person\/c8baee722073534b583ea7bdb2e36c02","name":"bosniak","image":{"@type":"ImageObject","inLanguage":"bs-BA","@id":"https:\/\/sandzakpress.net\/arhiva\/#\/schema\/person\/image\/","url":"https:\/\/secure.gravatar.com\/avatar\/a04fd330bfe3a36a72a0ad4a6d89fca7?s=96&d=mm&r=pg","contentUrl":"https:\/\/secure.gravatar.com\/avatar\/a04fd330bfe3a36a72a0ad4a6d89fca7?s=96&d=mm&r=pg","caption":"bosniak"},"url":"https:\/\/sandzakpress.net\/arhiva\/author\/bosniak\/"}]}},"_links":{"self":[{"href":"https:\/\/sandzakpress.net\/arhiva\/wp-json\/wp\/v2\/posts\/96658"}],"collection":[{"href":"https:\/\/sandzakpress.net\/arhiva\/wp-json\/wp\/v2\/posts"}],"about":[{"href":"https:\/\/sandzakpress.net\/arhiva\/wp-json\/wp\/v2\/types\/post"}],"author":[{"embeddable":true,"href":"https:\/\/sandzakpress.net\/arhiva\/wp-json\/wp\/v2\/users\/83"}],"replies":[{"embeddable":true,"href":"https:\/\/sandzakpress.net\/arhiva\/wp-json\/wp\/v2\/comments?post=96658"}],"version-history":[{"count":0,"href":"https:\/\/sandzakpress.net\/arhiva\/wp-json\/wp\/v2\/posts\/96658\/revisions"}],"wp:featuredmedia":[{"embeddable":true,"href":"https:\/\/sandzakpress.net\/arhiva\/wp-json\/wp\/v2\/media\/96660"}],"wp:attachment":[{"href":"https:\/\/sandzakpress.net\/arhiva\/wp-json\/wp\/v2\/media?parent=96658"}],"wp:term":[{"taxonomy":"category","embeddable":true,"href":"https:\/\/sandzakpress.net\/arhiva\/wp-json\/wp\/v2\/categories?post=96658"},{"taxonomy":"post_tag","embeddable":true,"href":"https:\/\/sandzakpress.net\/arhiva\/wp-json\/wp\/v2\/tags?post=96658"}],"curies":[{"name":"wp","href":"https:\/\/api.w.org\/{rel}","templated":true}]}}