{"id":96551,"date":"2013-11-25T21:25:08","date_gmt":"2013-11-25T20:25:08","guid":{"rendered":"https:\/\/sandzakpress.net\/arhiva\/?p=96551"},"modified":"2013-11-28T00:00:29","modified_gmt":"2013-11-27T23:00:29","slug":"odrzana-svecana-akademije-povodom-dana-drzavnosti-bih-i-70-godina-od-historijskih-odluka-zavnobih-a","status":"publish","type":"post","link":"https:\/\/sandzakpress.net\/arhiva\/odrzana-svecana-akademije-povodom-dana-drzavnosti-bih-i-70-godina-od-historijskih-odluka-zavnobih-a\/","title":{"rendered":"Odr\u017eana sve\u010dana Akademije povodom Dana dr\u017eavnosti BiH i 70 godina od historijskih odluka  ZAVNOBiH-a"},"content":{"rendered":"<p><strong><img loading=\"lazy\" decoding=\"async\" class=\"alignleft size-full wp-image-96553\" alt=\"1426627_457056327739123_66721647_n-280x210\" src=\"https:\/\/sandzakpress.net\/arhiva\/wp-content\/uploads\/2013\/11\/1426627_457056327739123_66721647_n-280x210.jpg\" width=\"280\" height=\"210\" \/>Amerika, BIH &#8211; U organizaciji Kongresa Bo\u0161njaka Sjeverne Amerike i Instituta za istra\u017eivanje genocida, Kanada, a pod pokroviteljstvom bo\u0161nja\u010dkih d\u017eemata u Kanadi u velikoj sali Bo\u0161nja\u010dke islamske zajednice \u201eGazi Husrev Beg\u201c Toronto u subotu 23. novembra odr\u017eana je sve\u010dana Akademija povodom Dana dr\u017eavnosti BiH i 70 godina od historijskih odluka ZAVNOBiH-a.<\/strong><\/p>\n<p>U ime organizatora: Midhat \u010cehaji\u0107, Mirsad i Ismeta Smaji\u0107 i D\u017eenita Troki\u0107 su divnim dekoracijama sale i vo\u0111enjem Akademije donijeli dio na\u0161e BiH u daleki Toronto.<\/p>\n<p>Najmla\u0111i kanadski Bo\u0161njaci i Bo\u0161njakinje: Mahmutovi\u0107 Lejla, Terzi\u0107 Elma, Mu\u010devi\u0107 Ena i Vila Merima su svojim divnim recitacijama i \u010ditanjima pokazali da kanadski Bo\u0161njaci ne trebaju brinuti za svoju bo\u0161nja\u010dku i bosanskohercegova\u010dku budu\u0107nost.<\/p>\n<p>Podsje\u0107aju\u0107i na historijski zna\u010daj ZAVNOBiH-a Esad Troki\u0107 je izme\u0111u ostalog rekao: \u201eZAVNOBiH je udario temelje za izgradnju nove BiH s ure\u0111enjem koje garantuje napa\u0107enim bosanskohercegova\u010dkim narodima bolju i sretniju budu\u0107nost, ure\u0111enjem koje po\u010diva na demokraciji, nacionalnoj ravnopravnosti, bratskoj slozi i socijalnoj pravdi. Danas, kada je BiH podijeljena zemlja, zemlja u blokadi, zemlja u stanju poluprotektorata, ZAVNOBiH u mnogo \u010demu mo\u017ee biti pou\u010dan. Da bi BiH postala moderna demokratska dr\u017eava i gra\u0111ansko dru\u0161tvo, ure\u0111eno na punom po\u0161tivanju osnovnih ljudskih i gra\u0111anskih prava i sloboda moramo se vratiti osnovnim principima ZAVNOBiH-a Vije\u0107nici ZAVNOBiH-a su duboko bili svjesni da BiH mo\u017ee opstati i imati perspektivu samo ako se dosljedno ispo\u0161tuje nacionalna ravnopravnost. Njena je stabilnost samo u punoj nacionalnoj ravnopravnosti, me\u0111usobnom uva\u017eavanju, solidarnosti i toleranciji. Kada se god u povijesti naru\u0161avao taj princip, dolazilo je do krvavih obra\u010duna i sveop\u0107e kataklizme\u201c.<\/p>\n<p>Kulturno umjetni\u010dko dru\u0161tvo \u201eMerak\u201c iz Toronta je svojim umjetni\u010dkim kreacijama pokazalo da se kulturno bogastvo iz na\u0161e domovine uspje\u0161no razvija i u Kanadi. Ovo kulturno umjetni\u010dko dru\u0161tvo \u0107e sljede\u0107e subote organizovati prvo bo\u0161nja\u010dko sijelo povdom Dana dr\u017eavnosti na\u0161e domovine.<\/p>\n<p>&nbsp;<\/p>\n<p>&nbsp;<\/p>\n<p>Izlaganje o zna\u010daju ZAVVNOBiH-a za o\u010duvanje hiljadugodi\u0161nje bosanskohercegova\u010dke dr\u017eavne i dru\u0161tve tradicije sa posebnim osvrtom na dana\u0161nje prilike u na\u0161oj domovini podnio je profesor Emir Rami\u0107, dirketor Instituta za ista\u017eivanje genocida, Kanada. Profesor Rami\u0107 je izme\u0111u ostalog rekao: \u201eIdeologijama i praksama koje su \u017eeljele, \u017eele i \u017eeli\u0107e u budu\u0107nosti da razbiju BiH ne odgovaraju historijske odluke ZAVNOBiH-a koje su potvrdile modernu dr\u017eavnost BiH koja je imala status dr\u017eave jo\u0161 prije hiljadu godina. Osnovna teza tih ideologija je da dr\u017eava BiH nikad nije ni bila. A, osnovni element tih ideologija je negiranje identiteta bo\u0161nja\u010dkog naroda, kao osnovne spone bosanskohercegova\u010dke dr\u017eavne i dru\u0161tvene samostalnosti, nezavisnosti, teritorijalnog integriteta. Stalna egzistencija tih neprijateljskih ideologija je znak da fa\u0161izam nikada nije do kraja pobije\u0111en, \u0161to se jasno pokazalo u agresiji Srbije, Crne Gore i Hrvatske na me\u0111unarodno priznanje BiH koje je izvr\u0161eno upravo u granicama koje je uokvirio ZAVNOBiH. Zbog toga su antifa\u0161izam i ZAVNOBiH potrebni BiH jednako kao i prije 70 godina.<\/p>\n<p>ZAVNOBiH je jedan od najzna\u010dajnijih datuma bosanskohercegova\u010dke povijesti. Principi na kojima je utemeljen imaju trajan karakter i povijesni zna\u010daj. Bez uva\u017eavanja i primjene tih osnovnih principa BiH nema perspektivu. Svima onima koji BiH ne \u017eele kao suverenu, jedinstvenu i demokratsku dr\u017eavu, zajednicu konstitutivnih i ravnopravnih naroda, onima koji bi BiH najradije vidjeli u sastavu velike Srbije, velike Hrvatske, ili kao neku \u201cmuslimaniju\u201d, odnosno kao neku uniju tri odijeljena nacionalna entiteta principi ZAVNOBiH-a su problem. Agresija na BiH jeste sru\u0161ila mnoge zablude, raskrinkala mnoge ideologije i mitove, dala te\u0161ke, krvave historijske pouke, ali sve to ne smije biti razlog da se odstupi od principa ZAVNOBiH-a koji su satkani u bi\u0107u BiH, oli\u010denog u ideji Bosne i bosanskom duhu\u201c.<\/p>\n<p>Poslije izlaganja profesora Rami\u0107a pro\u010ditana je Rezolucija sjevernoameri\u010dkih Bo\u0161njaka o zna\u010daju ZAVNOBiH-a za dr\u017eavnost BiH. Rezolucija je usvojena dugotrajnim aplauzom. Tekst rezolucije bi\u0107e objavljen u javnost poslije centralne Akademije sjevernoameri\u010dkih Bo\u0161njaka koju organizuje Kongres Bo\u0161njaka Sjeverne Amerike sljede\u0107e subote u Atlanti.<\/p>\n<p>Hamdija Torlak je na sazu odli\u010dno pokazao narodno bogatstvo BiH.<\/p>\n<p>Sa ove Akademije kanadski Bo\u0161njaci poru\u010duju:<\/p>\n<p><b>Veli\u010dina i historijska vrijednost ZAVNOBiH-a ogleda se u tome \u0161to je umjesto mr\u017enje ponudio \u2013 bratstvo, umjesto razdora \u2013 jedinstvo, umjesto podvojenosti \u2013 ravnopravnost, umjesto slu\u017eenja tu\u0111ini, velikosrpskoj i velikohrvatskoj hegemoniji \u2013 samostalnost-nezavisnost-suverenost, u vlastitoj dr\u017eavnoj, politi\u010dkoj, ekonomskoj i kulturnoj zajednici. Svima onima koji bojkotuju ovaj historijski datum, svima onima koji za dr\u017eavu BiH govore da je vje\u0161ta\u010dka tvorevina koja nema prosperiteta, svima onima koji negiraju antifa\u0161isti\u010dki program oli\u010den u borbi protiv velikosrpske i velikohrvatske hegemonije, svima onima koji gu\u0161e\u00a0\u00a0slobodu Bo\u0161njaka u obrazovanju i pravo Bo\u0161njaka na svoj identitet, i, posebno politi\u010dkom establi\u0161mentu barbarskog velikosrpskog aparthejda u dijelu BiH koji je privremeno okupiran, koji uporno ali bezuspje\u0161no galami da se narodi BiH trebaju mirno razi\u0107i poru\u010dujemo:<\/b><\/p>\n<p><b>BiH je na \u010dist i \u010dastan na\u010din branila i odbranila svoju dr\u017eavnu, politi\u010dku, pravnu opstojnost, nezavisnost, samostalnost, suverenost u vi\u0161estrukoj agresiji i genocidu nad njenim gra\u0111anima od 1992. do 1995. godine u antifa\u0161isti\u010dkom, narodnooslobodila\u010dkom ratu.<\/b><\/p>\n<p>(SBK)<\/p>\n","protected":false},"excerpt":{"rendered":"<p>Amerika, BIH &#8211; U organizaciji Kongresa Bo\u0161njaka Sjeverne Amerike i Instituta za istra\u017eivanje genocida, Kanada, a pod pokroviteljstvom bo\u0161nja\u010dkih d\u017eemata u Kanadi u velikoj sali Bo\u0161nja\u010dke islamske zajednice \u201eGazi Husrev Beg\u201c Toronto u subotu 23. novembra odr\u017eana je sve\u010dana Akademija povodom Dana dr\u017eavnosti BiH i 70 godina od historijskih odluka ZAVNOBiH-a. U ime organizatora: Midhat [&hellip;]<\/p>\n","protected":false},"author":83,"featured_media":96553,"comment_status":"open","ping_status":"open","sticky":false,"template":"","format":"standard","meta":{"footnotes":""},"categories":[800,2860,3012,10177],"tags":[],"class_list":{"0":"post-96551","1":"post","2":"type-post","3":"status-publish","4":"format-standard","5":"has-post-thumbnail","7":"category-nacija","8":"category-bosna-i-hercegovina-gradovi","9":"category-amerika-gradovi","10":"category-kanada-vase-vijesti"},"yoast_head":"<!-- This site is optimized with the Yoast SEO Premium plugin v23.1 (Yoast SEO v24.9) - https:\/\/yoast.com\/wordpress\/plugins\/seo\/ -->\n<title>Odr\u017eana sve\u010dana Akademije povodom Dana dr\u017eavnosti BiH i 70 godina od historijskih odluka ZAVNOBiH-a<\/title>\n<meta name=\"robots\" content=\"index, follow, max-snippet:-1, max-image-preview:large, max-video-preview:-1\" \/>\n<link rel=\"canonical\" href=\"https:\/\/sandzakpress.net\/arhiva\/odrzana-svecana-akademije-povodom-dana-drzavnosti-bih-i-70-godina-od-historijskih-odluka-zavnobih-a\/\" \/>\n<meta property=\"og:locale\" content=\"bs_BA\" \/>\n<meta property=\"og:type\" content=\"article\" \/>\n<meta property=\"og:title\" content=\"Odr\u017eana sve\u010dana Akademije povodom Dana dr\u017eavnosti BiH i 70 godina od historijskih odluka ZAVNOBiH-a\" \/>\n<meta property=\"og:description\" content=\"Amerika, BIH &#8211; U organizaciji Kongresa Bo\u0161njaka Sjeverne Amerike i Instituta za istra\u017eivanje genocida, Kanada, a pod pokroviteljstvom bo\u0161nja\u010dkih d\u017eemata u Kanadi u velikoj sali Bo\u0161nja\u010dke islamske zajednice \u201eGazi Husrev Beg\u201c Toronto u subotu 23. novembra odr\u017eana je sve\u010dana Akademija povodom Dana dr\u017eavnosti BiH i 70 godina od historijskih odluka ZAVNOBiH-a. U ime organizatora: Midhat [&hellip;]\" \/>\n<meta property=\"og:url\" content=\"https:\/\/sandzakpress.net\/arhiva\/odrzana-svecana-akademije-povodom-dana-drzavnosti-bih-i-70-godina-od-historijskih-odluka-zavnobih-a\/\" \/>\n<meta property=\"og:site_name\" content=\"Sand\u017eak PRESS\" \/>\n<meta property=\"article:published_time\" content=\"2013-11-25T20:25:08+00:00\" \/>\n<meta property=\"article:modified_time\" content=\"2013-11-27T23:00:29+00:00\" \/>\n<meta property=\"og:image\" content=\"https:\/\/sandzakpress.net\/arhiva\/wp-content\/uploads\/2013\/11\/1426627_457056327739123_66721647_n-280x210.jpg\" \/>\n\t<meta property=\"og:image:width\" content=\"280\" \/>\n\t<meta property=\"og:image:height\" content=\"210\" \/>\n\t<meta property=\"og:image:type\" content=\"image\/jpeg\" \/>\n<meta name=\"author\" content=\"bosniak\" \/>\n<meta name=\"twitter:card\" content=\"summary_large_image\" \/>\n<meta name=\"twitter:label1\" content=\"Written by\" \/>\n\t<meta name=\"twitter:data1\" content=\"bosniak\" \/>\n\t<meta name=\"twitter:label2\" content=\"Est. reading time\" \/>\n\t<meta name=\"twitter:data2\" content=\"5 minuta\" \/>\n<script type=\"application\/ld+json\" class=\"yoast-schema-graph\">{\"@context\":\"https:\/\/schema.org\",\"@graph\":[{\"@type\":\"Article\",\"@id\":\"https:\/\/sandzakpress.net\/arhiva\/odrzana-svecana-akademije-povodom-dana-drzavnosti-bih-i-70-godina-od-historijskih-odluka-zavnobih-a\/#article\",\"isPartOf\":{\"@id\":\"https:\/\/sandzakpress.net\/arhiva\/odrzana-svecana-akademije-povodom-dana-drzavnosti-bih-i-70-godina-od-historijskih-odluka-zavnobih-a\/\"},\"author\":{\"name\":\"bosniak\",\"@id\":\"https:\/\/sandzakpress.net\/arhiva\/#\/schema\/person\/c8baee722073534b583ea7bdb2e36c02\"},\"headline\":\"Odr\u017eana sve\u010dana Akademije povodom Dana dr\u017eavnosti BiH i 70 godina od historijskih odluka ZAVNOBiH-a\",\"datePublished\":\"2013-11-25T20:25:08+00:00\",\"dateModified\":\"2013-11-27T23:00:29+00:00\",\"mainEntityOfPage\":{\"@id\":\"https:\/\/sandzakpress.net\/arhiva\/odrzana-svecana-akademije-povodom-dana-drzavnosti-bih-i-70-godina-od-historijskih-odluka-zavnobih-a\/\"},\"wordCount\":917,\"commentCount\":0,\"publisher\":{\"@id\":\"https:\/\/sandzakpress.net\/arhiva\/#\/schema\/person\/6e72b67d6e51910a1117b3b483ba20bd\"},\"image\":{\"@id\":\"https:\/\/sandzakpress.net\/arhiva\/odrzana-svecana-akademije-povodom-dana-drzavnosti-bih-i-70-godina-od-historijskih-odluka-zavnobih-a\/#primaryimage\"},\"thumbnailUrl\":\"https:\/\/sandzakpress.net\/arhiva\/wp-content\/uploads\/2013\/11\/1426627_457056327739123_66721647_n-280x210.jpg\",\"articleSection\":[\"Nacija\",\"Bosna i Hercegovina\",\"Amerika\",\"Kanada\"],\"inLanguage\":\"bs-BA\",\"potentialAction\":[{\"@type\":\"CommentAction\",\"name\":\"Comment\",\"target\":[\"https:\/\/sandzakpress.net\/arhiva\/odrzana-svecana-akademije-povodom-dana-drzavnosti-bih-i-70-godina-od-historijskih-odluka-zavnobih-a\/#respond\"]}]},{\"@type\":\"WebPage\",\"@id\":\"https:\/\/sandzakpress.net\/arhiva\/odrzana-svecana-akademije-povodom-dana-drzavnosti-bih-i-70-godina-od-historijskih-odluka-zavnobih-a\/\",\"url\":\"https:\/\/sandzakpress.net\/arhiva\/odrzana-svecana-akademije-povodom-dana-drzavnosti-bih-i-70-godina-od-historijskih-odluka-zavnobih-a\/\",\"name\":\"Odr\u017eana sve\u010dana Akademije povodom Dana dr\u017eavnosti BiH i 70 godina od historijskih odluka ZAVNOBiH-a\",\"isPartOf\":{\"@id\":\"https:\/\/sandzakpress.net\/arhiva\/#website\"},\"primaryImageOfPage\":{\"@id\":\"https:\/\/sandzakpress.net\/arhiva\/odrzana-svecana-akademije-povodom-dana-drzavnosti-bih-i-70-godina-od-historijskih-odluka-zavnobih-a\/#primaryimage\"},\"image\":{\"@id\":\"https:\/\/sandzakpress.net\/arhiva\/odrzana-svecana-akademije-povodom-dana-drzavnosti-bih-i-70-godina-od-historijskih-odluka-zavnobih-a\/#primaryimage\"},\"thumbnailUrl\":\"https:\/\/sandzakpress.net\/arhiva\/wp-content\/uploads\/2013\/11\/1426627_457056327739123_66721647_n-280x210.jpg\",\"datePublished\":\"2013-11-25T20:25:08+00:00\",\"dateModified\":\"2013-11-27T23:00:29+00:00\",\"breadcrumb\":{\"@id\":\"https:\/\/sandzakpress.net\/arhiva\/odrzana-svecana-akademije-povodom-dana-drzavnosti-bih-i-70-godina-od-historijskih-odluka-zavnobih-a\/#breadcrumb\"},\"inLanguage\":\"bs-BA\",\"potentialAction\":[{\"@type\":\"ReadAction\",\"target\":[\"https:\/\/sandzakpress.net\/arhiva\/odrzana-svecana-akademije-povodom-dana-drzavnosti-bih-i-70-godina-od-historijskih-odluka-zavnobih-a\/\"]}]},{\"@type\":\"ImageObject\",\"inLanguage\":\"bs-BA\",\"@id\":\"https:\/\/sandzakpress.net\/arhiva\/odrzana-svecana-akademije-povodom-dana-drzavnosti-bih-i-70-godina-od-historijskih-odluka-zavnobih-a\/#primaryimage\",\"url\":\"https:\/\/sandzakpress.net\/arhiva\/wp-content\/uploads\/2013\/11\/1426627_457056327739123_66721647_n-280x210.jpg\",\"contentUrl\":\"https:\/\/sandzakpress.net\/arhiva\/wp-content\/uploads\/2013\/11\/1426627_457056327739123_66721647_n-280x210.jpg\",\"width\":280,\"height\":210},{\"@type\":\"BreadcrumbList\",\"@id\":\"https:\/\/sandzakpress.net\/arhiva\/odrzana-svecana-akademije-povodom-dana-drzavnosti-bih-i-70-godina-od-historijskih-odluka-zavnobih-a\/#breadcrumb\",\"itemListElement\":[{\"@type\":\"ListItem\",\"position\":1,\"name\":\"Home\",\"item\":\"https:\/\/sandzakpress.net\/arhiva\/\"},{\"@type\":\"ListItem\",\"position\":2,\"name\":\"Odr\u017eana sve\u010dana Akademije povodom Dana dr\u017eavnosti BiH i 70 godina od historijskih odluka ZAVNOBiH-a\"}]},{\"@type\":\"WebSite\",\"@id\":\"https:\/\/sandzakpress.net\/arhiva\/#website\",\"url\":\"https:\/\/sandzakpress.net\/arhiva\/\",\"name\":\"Sand\u017eak PRESS\",\"description\":\"Prve elektronske novine u Sand\u017eaku\",\"publisher\":{\"@id\":\"https:\/\/sandzakpress.net\/arhiva\/#\/schema\/person\/6e72b67d6e51910a1117b3b483ba20bd\"},\"potentialAction\":[{\"@type\":\"SearchAction\",\"target\":{\"@type\":\"EntryPoint\",\"urlTemplate\":\"https:\/\/sandzakpress.net\/arhiva\/?s={search_term_string}\"},\"query-input\":{\"@type\":\"PropertyValueSpecification\",\"valueRequired\":true,\"valueName\":\"search_term_string\"}}],\"inLanguage\":\"bs-BA\"},{\"@type\":[\"Person\",\"Organization\"],\"@id\":\"https:\/\/sandzakpress.net\/arhiva\/#\/schema\/person\/6e72b67d6e51910a1117b3b483ba20bd\",\"name\":\"Kul\",\"image\":{\"@type\":\"ImageObject\",\"inLanguage\":\"bs-BA\",\"@id\":\"https:\/\/sandzakpress.net\/arhiva\/#\/schema\/person\/image\/\",\"url\":\"https:\/\/secure.gravatar.com\/avatar\/42263f39aa27ac04c43cab85c280eb2e?s=96&d=mm&r=pg\",\"contentUrl\":\"https:\/\/secure.gravatar.com\/avatar\/42263f39aa27ac04c43cab85c280eb2e?s=96&d=mm&r=pg\",\"caption\":\"Kul\"},\"logo\":{\"@id\":\"https:\/\/sandzakpress.net\/arhiva\/#\/schema\/person\/image\/\"}},{\"@type\":\"Person\",\"@id\":\"https:\/\/sandzakpress.net\/arhiva\/#\/schema\/person\/c8baee722073534b583ea7bdb2e36c02\",\"name\":\"bosniak\",\"image\":{\"@type\":\"ImageObject\",\"inLanguage\":\"bs-BA\",\"@id\":\"https:\/\/sandzakpress.net\/arhiva\/#\/schema\/person\/image\/\",\"url\":\"https:\/\/secure.gravatar.com\/avatar\/a04fd330bfe3a36a72a0ad4a6d89fca7?s=96&d=mm&r=pg\",\"contentUrl\":\"https:\/\/secure.gravatar.com\/avatar\/a04fd330bfe3a36a72a0ad4a6d89fca7?s=96&d=mm&r=pg\",\"caption\":\"bosniak\"},\"url\":\"https:\/\/sandzakpress.net\/arhiva\/author\/bosniak\/\"}]}<\/script>\n<!-- \/ Yoast SEO Premium plugin. -->","yoast_head_json":{"title":"Odr\u017eana sve\u010dana Akademije povodom Dana dr\u017eavnosti BiH i 70 godina od historijskih odluka ZAVNOBiH-a","robots":{"index":"index","follow":"follow","max-snippet":"max-snippet:-1","max-image-preview":"max-image-preview:large","max-video-preview":"max-video-preview:-1"},"canonical":"https:\/\/sandzakpress.net\/arhiva\/odrzana-svecana-akademije-povodom-dana-drzavnosti-bih-i-70-godina-od-historijskih-odluka-zavnobih-a\/","og_locale":"bs_BA","og_type":"article","og_title":"Odr\u017eana sve\u010dana Akademije povodom Dana dr\u017eavnosti BiH i 70 godina od historijskih odluka ZAVNOBiH-a","og_description":"Amerika, BIH &#8211; U organizaciji Kongresa Bo\u0161njaka Sjeverne Amerike i Instituta za istra\u017eivanje genocida, Kanada, a pod pokroviteljstvom bo\u0161nja\u010dkih d\u017eemata u Kanadi u velikoj sali Bo\u0161nja\u010dke islamske zajednice \u201eGazi Husrev Beg\u201c Toronto u subotu 23. novembra odr\u017eana je sve\u010dana Akademija povodom Dana dr\u017eavnosti BiH i 70 godina od historijskih odluka ZAVNOBiH-a. U ime organizatora: Midhat [&hellip;]","og_url":"https:\/\/sandzakpress.net\/arhiva\/odrzana-svecana-akademije-povodom-dana-drzavnosti-bih-i-70-godina-od-historijskih-odluka-zavnobih-a\/","og_site_name":"Sand\u017eak PRESS","article_published_time":"2013-11-25T20:25:08+00:00","article_modified_time":"2013-11-27T23:00:29+00:00","og_image":[{"width":280,"height":210,"url":"https:\/\/sandzakpress.net\/arhiva\/wp-content\/uploads\/2013\/11\/1426627_457056327739123_66721647_n-280x210.jpg","type":"image\/jpeg"}],"author":"bosniak","twitter_card":"summary_large_image","twitter_misc":{"Written by":"bosniak","Est. reading time":"5 minuta"},"schema":{"@context":"https:\/\/schema.org","@graph":[{"@type":"Article","@id":"https:\/\/sandzakpress.net\/arhiva\/odrzana-svecana-akademije-povodom-dana-drzavnosti-bih-i-70-godina-od-historijskih-odluka-zavnobih-a\/#article","isPartOf":{"@id":"https:\/\/sandzakpress.net\/arhiva\/odrzana-svecana-akademije-povodom-dana-drzavnosti-bih-i-70-godina-od-historijskih-odluka-zavnobih-a\/"},"author":{"name":"bosniak","@id":"https:\/\/sandzakpress.net\/arhiva\/#\/schema\/person\/c8baee722073534b583ea7bdb2e36c02"},"headline":"Odr\u017eana sve\u010dana Akademije povodom Dana dr\u017eavnosti BiH i 70 godina od historijskih odluka ZAVNOBiH-a","datePublished":"2013-11-25T20:25:08+00:00","dateModified":"2013-11-27T23:00:29+00:00","mainEntityOfPage":{"@id":"https:\/\/sandzakpress.net\/arhiva\/odrzana-svecana-akademije-povodom-dana-drzavnosti-bih-i-70-godina-od-historijskih-odluka-zavnobih-a\/"},"wordCount":917,"commentCount":0,"publisher":{"@id":"https:\/\/sandzakpress.net\/arhiva\/#\/schema\/person\/6e72b67d6e51910a1117b3b483ba20bd"},"image":{"@id":"https:\/\/sandzakpress.net\/arhiva\/odrzana-svecana-akademije-povodom-dana-drzavnosti-bih-i-70-godina-od-historijskih-odluka-zavnobih-a\/#primaryimage"},"thumbnailUrl":"https:\/\/sandzakpress.net\/arhiva\/wp-content\/uploads\/2013\/11\/1426627_457056327739123_66721647_n-280x210.jpg","articleSection":["Nacija","Bosna i Hercegovina","Amerika","Kanada"],"inLanguage":"bs-BA","potentialAction":[{"@type":"CommentAction","name":"Comment","target":["https:\/\/sandzakpress.net\/arhiva\/odrzana-svecana-akademije-povodom-dana-drzavnosti-bih-i-70-godina-od-historijskih-odluka-zavnobih-a\/#respond"]}]},{"@type":"WebPage","@id":"https:\/\/sandzakpress.net\/arhiva\/odrzana-svecana-akademije-povodom-dana-drzavnosti-bih-i-70-godina-od-historijskih-odluka-zavnobih-a\/","url":"https:\/\/sandzakpress.net\/arhiva\/odrzana-svecana-akademije-povodom-dana-drzavnosti-bih-i-70-godina-od-historijskih-odluka-zavnobih-a\/","name":"Odr\u017eana sve\u010dana Akademije povodom Dana dr\u017eavnosti BiH i 70 godina od historijskih odluka ZAVNOBiH-a","isPartOf":{"@id":"https:\/\/sandzakpress.net\/arhiva\/#website"},"primaryImageOfPage":{"@id":"https:\/\/sandzakpress.net\/arhiva\/odrzana-svecana-akademije-povodom-dana-drzavnosti-bih-i-70-godina-od-historijskih-odluka-zavnobih-a\/#primaryimage"},"image":{"@id":"https:\/\/sandzakpress.net\/arhiva\/odrzana-svecana-akademije-povodom-dana-drzavnosti-bih-i-70-godina-od-historijskih-odluka-zavnobih-a\/#primaryimage"},"thumbnailUrl":"https:\/\/sandzakpress.net\/arhiva\/wp-content\/uploads\/2013\/11\/1426627_457056327739123_66721647_n-280x210.jpg","datePublished":"2013-11-25T20:25:08+00:00","dateModified":"2013-11-27T23:00:29+00:00","breadcrumb":{"@id":"https:\/\/sandzakpress.net\/arhiva\/odrzana-svecana-akademije-povodom-dana-drzavnosti-bih-i-70-godina-od-historijskih-odluka-zavnobih-a\/#breadcrumb"},"inLanguage":"bs-BA","potentialAction":[{"@type":"ReadAction","target":["https:\/\/sandzakpress.net\/arhiva\/odrzana-svecana-akademije-povodom-dana-drzavnosti-bih-i-70-godina-od-historijskih-odluka-zavnobih-a\/"]}]},{"@type":"ImageObject","inLanguage":"bs-BA","@id":"https:\/\/sandzakpress.net\/arhiva\/odrzana-svecana-akademije-povodom-dana-drzavnosti-bih-i-70-godina-od-historijskih-odluka-zavnobih-a\/#primaryimage","url":"https:\/\/sandzakpress.net\/arhiva\/wp-content\/uploads\/2013\/11\/1426627_457056327739123_66721647_n-280x210.jpg","contentUrl":"https:\/\/sandzakpress.net\/arhiva\/wp-content\/uploads\/2013\/11\/1426627_457056327739123_66721647_n-280x210.jpg","width":280,"height":210},{"@type":"BreadcrumbList","@id":"https:\/\/sandzakpress.net\/arhiva\/odrzana-svecana-akademije-povodom-dana-drzavnosti-bih-i-70-godina-od-historijskih-odluka-zavnobih-a\/#breadcrumb","itemListElement":[{"@type":"ListItem","position":1,"name":"Home","item":"https:\/\/sandzakpress.net\/arhiva\/"},{"@type":"ListItem","position":2,"name":"Odr\u017eana sve\u010dana Akademije povodom Dana dr\u017eavnosti BiH i 70 godina od historijskih odluka ZAVNOBiH-a"}]},{"@type":"WebSite","@id":"https:\/\/sandzakpress.net\/arhiva\/#website","url":"https:\/\/sandzakpress.net\/arhiva\/","name":"Sand\u017eak PRESS","description":"Prve elektronske novine u Sand\u017eaku","publisher":{"@id":"https:\/\/sandzakpress.net\/arhiva\/#\/schema\/person\/6e72b67d6e51910a1117b3b483ba20bd"},"potentialAction":[{"@type":"SearchAction","target":{"@type":"EntryPoint","urlTemplate":"https:\/\/sandzakpress.net\/arhiva\/?s={search_term_string}"},"query-input":{"@type":"PropertyValueSpecification","valueRequired":true,"valueName":"search_term_string"}}],"inLanguage":"bs-BA"},{"@type":["Person","Organization"],"@id":"https:\/\/sandzakpress.net\/arhiva\/#\/schema\/person\/6e72b67d6e51910a1117b3b483ba20bd","name":"Kul","image":{"@type":"ImageObject","inLanguage":"bs-BA","@id":"https:\/\/sandzakpress.net\/arhiva\/#\/schema\/person\/image\/","url":"https:\/\/secure.gravatar.com\/avatar\/42263f39aa27ac04c43cab85c280eb2e?s=96&d=mm&r=pg","contentUrl":"https:\/\/secure.gravatar.com\/avatar\/42263f39aa27ac04c43cab85c280eb2e?s=96&d=mm&r=pg","caption":"Kul"},"logo":{"@id":"https:\/\/sandzakpress.net\/arhiva\/#\/schema\/person\/image\/"}},{"@type":"Person","@id":"https:\/\/sandzakpress.net\/arhiva\/#\/schema\/person\/c8baee722073534b583ea7bdb2e36c02","name":"bosniak","image":{"@type":"ImageObject","inLanguage":"bs-BA","@id":"https:\/\/sandzakpress.net\/arhiva\/#\/schema\/person\/image\/","url":"https:\/\/secure.gravatar.com\/avatar\/a04fd330bfe3a36a72a0ad4a6d89fca7?s=96&d=mm&r=pg","contentUrl":"https:\/\/secure.gravatar.com\/avatar\/a04fd330bfe3a36a72a0ad4a6d89fca7?s=96&d=mm&r=pg","caption":"bosniak"},"url":"https:\/\/sandzakpress.net\/arhiva\/author\/bosniak\/"}]}},"_links":{"self":[{"href":"https:\/\/sandzakpress.net\/arhiva\/wp-json\/wp\/v2\/posts\/96551"}],"collection":[{"href":"https:\/\/sandzakpress.net\/arhiva\/wp-json\/wp\/v2\/posts"}],"about":[{"href":"https:\/\/sandzakpress.net\/arhiva\/wp-json\/wp\/v2\/types\/post"}],"author":[{"embeddable":true,"href":"https:\/\/sandzakpress.net\/arhiva\/wp-json\/wp\/v2\/users\/83"}],"replies":[{"embeddable":true,"href":"https:\/\/sandzakpress.net\/arhiva\/wp-json\/wp\/v2\/comments?post=96551"}],"version-history":[{"count":0,"href":"https:\/\/sandzakpress.net\/arhiva\/wp-json\/wp\/v2\/posts\/96551\/revisions"}],"wp:featuredmedia":[{"embeddable":true,"href":"https:\/\/sandzakpress.net\/arhiva\/wp-json\/wp\/v2\/media\/96553"}],"wp:attachment":[{"href":"https:\/\/sandzakpress.net\/arhiva\/wp-json\/wp\/v2\/media?parent=96551"}],"wp:term":[{"taxonomy":"category","embeddable":true,"href":"https:\/\/sandzakpress.net\/arhiva\/wp-json\/wp\/v2\/categories?post=96551"},{"taxonomy":"post_tag","embeddable":true,"href":"https:\/\/sandzakpress.net\/arhiva\/wp-json\/wp\/v2\/tags?post=96551"}],"curies":[{"name":"wp","href":"https:\/\/api.w.org\/{rel}","templated":true}]}}