{"id":96525,"date":"2013-11-25T17:19:19","date_gmt":"2013-11-25T16:19:19","guid":{"rendered":"https:\/\/sandzakpress.net\/arhiva\/?p=96525"},"modified":"2013-11-25T17:19:52","modified_gmt":"2013-11-25T16:19:52","slug":"bosnjacka-lada-spasa","status":"publish","type":"post","link":"https:\/\/sandzakpress.net\/arhiva\/bosnjacka-lada-spasa\/","title":{"rendered":"Bo\u0161nja\u010dka la\u0111a spasa"},"content":{"rendered":"<p><img loading=\"lazy\" decoding=\"async\" class=\"alignleft size-medium wp-image-96527\" alt=\"unnamed\" src=\"https:\/\/sandzakpress.net\/arhiva\/wp-content\/uploads\/2013\/11\/unnamed-300x220.jpg\" width=\"300\" height=\"220\" \/>Uloga Bo\u017eijih Poslanika bila je uputiti narod na Pravi put, odvratiti ga od zla i spasiti stradanja. Allah d\u017e.\u0161. je tako poslao Poslanika Nuha a.s. da opominje narod koji se odao idolopoklonstvu, velikom nasilju i raznim grijesima. Narod se pozivu nije odazvao i Allah d\u017e.\u0161. je naredio Nuhu a.s. da gradi la\u0111u u kojoj \u0107e samo vjernici biti spa\u0161eni od op\u0107eg potopa na Zemlji.<\/p>\n<p>,,I gradi la\u0111u pred Nama i po na\u0161em nadahnu\u0107u i ne obra\u0107aj Mi se vi\u0161e zbog nevjernika &#8211; oni \u0107e sigurno biti potopljeni.<\/p>\n<p>I on je gradio la\u0111u. I kad god bi pored njega prolazile glave\u0161ine naroda njegova, rugale bi mu se.<\/p>\n<p>&#8216;Ako se vi rugate nama \u2013 govorio je \u2013 rugat \u0107emo se i mi vama, onako kako se vi rugate, i saznat \u0107ete, zaista, koga \u0107e sna\u0107i sramna kazna i ko \u0107e u vje\u010dnoj kazni biti&#8217;.&#8221; (Hud, 37-39)<\/p>\n<p><b>Pi\u0161e: Mersada Nuruddina Agovi\u0107<\/b><\/p>\n<p>,,Svako vrijeme nosi svoje breme&#8221; \u2013 ka\u017ee narodna izreka, a povijest potvr\u0111uje njenu istinitost. Bez obzira koliko vremena bila te\u0161ka, iskonska je potreba \u010dovjeka da bude slobodan i \u017eivi \u017eivot dostojan \u010dovjeka. Kad god je dolazilo vrijeme u kojem su ljudi jedni drugima ugro\u017eavali pravo na slobodu i dostojanstven \u017eivot, pojavljivali su se pojedinci koji su prkosili nepravdi preuzimaju\u0107i teret no\u0161enja baklje slobode.<\/p>\n<p>Na primjer, tok ameri\u010dke historije promijenio je Martin Luter King koji se nenasilnim putem borio za prava Afroamerikanaca. Njegov pokret je koristio demonstracije, mar\u0161eve, skupove, bojkote i druge nenasilne metode u borbi za zakonska prava gra\u0111ana. Zahvaljuju\u0107i brutalnoj reakciji lokalnih vlasti zabilje\u017eenoj kamerama, pokret je dobio simpatije svjetske javnosti. \u017divot je okon\u010dao u naru\u010denom atentatu koji je nad njim izvr\u0161io jedan sitni kriminalac, ali njegove ideje su poslije tog \u010dina donijele slobodu njegovom narodu. Poznat je po stavu da o zlu i nepravdi treba javno govoriti i njegova je poznata izjava: ,,\u0106utanje je izdaja!&#8221;<\/p>\n<p>Druga dvojica, Nelson Mendela i Alija Izetbegovi\u0107, su zbog svojih stavova bili proganjani, hap\u0161eni i zatvarani, ali su na kraju postali predsjednici svojih dr\u017eava. ,,Mladi Muslimani&#8221; su, kao najelitniji i najobrazovaniji pripadnici islama u biv\u0161oj Jugoslaviji, hap\u0161eni i zatvarani samo radi svojih ideolo\u0161kih ubje\u0111enja.<\/p>\n<p>I uvijek je bilo onih koji su se suprotstavljali nepravdi i onih koji su se kao pjena morskim talasima prepu\u0161tali i zagovarali da treba biti &#8216;suzdr\u017ean i odmjeren&#8217; i u vrijeme kad jedinu la\u0111u spasa za narod predstavlja aktivno djelovanje i bezrezervna borba protiv zla.<\/p>\n<p><b>Ne budi &#8216;suzdr\u017ean i odmjeren&#8217; prema zlu, ve\u0107 aktivno djeluj protiv njega!<\/b><\/p>\n<p>Nakon brojnih genocida nad Bo\u0161njacima o kojima svjedo\u010di bli\u017ea i dalja povijest, vjerske, nacionalne i kulturne bo\u0161nja\u010dke institucije umnogome su danas preuzele ulogu spasavanja dostojanstva muslimana Bo\u0161njaka na ovim prostorima. Polahko se, ali sigurno ispravlja stoljetna nepravda nad Bo\u0161njacima koji su bili zakinuti u osnovnim ljudskim pravima, po\u010dev\u0161i od prava na slobodno izra\u017eavanje i slobodno slu\u017eenje svojim jezikom, pismom, kulturnim dobrima i tradicijom. Krvlju je pla\u0107ena sloboda i pravo na ime, jezik, slobodu vjere, pravo na nacionalno izja\u0161njavanje i \u010duvanje kulture i tradicije. Ali, ono \u0161to su borci u ratu branili, politi\u010dari ho\u0107e u miru da prodaju i razore.<\/p>\n<p>Na\u0161a djeca usred Bosne i Hercegovine (kojeg li apsurda) ne mogu da poha\u0111aju nastavu na svom maternjem bosanskom jeziku. Roditelji im se na ulici smrzavaju, spavaju\u0107i pod \u0161atorima, bore\u0107i se za prava svoje djece. Tamo gdje se narod vratio i opstao u najte\u017eim socijalno-ekonomskim uslovima i nerazvijenoj infrastrukturi, politi\u010dari sad ne \u017eele ili ne umiju da se izbore za njihova elementarna ljudska prava.<\/p>\n<p>Na vlast su do\u0161li beskrupulozni likovi koji umi\u0161ljaju da je narod tu radi njih, a ne oni radi naroda. Kao posljedica vo\u0111enja pogre\u0161nih politika danas je zavladalo siroma\u0161tvo, korupcija i organizirani kriminal i u zemlji i regionu. Bo\u0161njaci se moraju boriti na dva fronta: na polju za\u0161tite svojih vrijednosti i na polju rje\u0161avanja problema od op\u0107edru\u0161tvenog zna\u010daja.<\/p>\n<p>Svu tu borbu ote\u017eavaju im pojedinci &#8221;zale\u0111enih mozgova&#8221; koji su se jednom davno obavezali na odanost &#8216;sistemu&#8217; i do smrti ostaju pri tome kao hipnotisani, ne shvataju\u0107i da je taj &#8216;sistem&#8217; zauvijek prevazi\u0111en i da je do\u0161lo vrijeme slobode mi\u0161ljenja, izja\u0161njavanja i djelovanja u skladu sa svojim uvjerenjima.<\/p>\n<p>Ote\u017eavaju pojedinci na vlasti od kojih su jedni o\u010dito prodane du\u0161e i prljavi politi\u010dki &#8216;igra\u010di&#8217;, a drugi jednostavno nesposobni za funkciju koja im je data na povjerenje od strane naroda. Neki od takvih su se, po nalogu neprijatelja, o\u010dito obavezali da konstantno omalova\u017eavaju i na &#8216;no\u017e&#8217; do\u010dekuju svaki dobar projekat koji danas pokrene sposoban bo\u0161nja\u010dki lider. Oni \u010dine sve \u0161to je u njihovoj mo\u0107i da prosperitetni projekti ostanu mrtvo slovo na papiru i da bo\u0161nja\u010dka &#8221;Nuhova la\u0111a spasa&#8221; nikad ne zaplovi. Ali, poznato nam je kako su pro\u0161li vjernici na Nuhovoj la\u0111i, a kako su skon\u010dali oni koji su se izrugivali i njenu gradnju opstruirali.<\/p>\n<p>Islamska zajednica, Rijaset IZ, Islamski fakulteti, medrese, mektebi, \u0161kole Kur'ana i druge organizacije i institucije sa vjerskim prefiksom su oduvijek davale nemjerljiv doprinos u izgradnji &#8216;la\u0111e spasa&#8217; za ummet u cjelini. Me\u0111utim, \u010dini se da se i u ovim institucijama nastoje infiltrirati pojedinci koji \u0107e, ako ne zaustaviti, ono bar usporiti izgradnju spomenute la\u0111e.<\/p>\n<p>Svaka organizacija, udru\u017eenje i institucija sa bo\u0161nja\u010dkim prefiksom svjesna potrebe o\u010duvanja bo\u0161nja\u010dkih vrijednosti doprinosi izgradnji bo\u0161nja\u010dke &#8216;la\u0111e&#8217; na svoj na\u010din.\u00a0 Zahvaljuju\u0107i radu ovakvih udru\u017eenja, organizacija i institucija averzija mladih Bo\u0161njaka prema politi\u010dkom djelovanju u posljednjih nekoliko godina se bitno smanjila i oni su danas bezrezervno spremni doprinijeti napretku svog naroda, zajednice i dru\u0161tva. Pokrenuti su brojni vjerski i nacionalni bo\u0161nja\u010dki internet portali koji, u tom smislu, daju nemjerljiv doprinos u borbi za za\u0161titu prava i slobode. Oni su, na neki na\u010din, branik i protivte\u017ea antibo\u0161nja\u010dkim neprijateljskim medijima koji su pokazali nevi\u0111enu brutalnost medijske zloupotrebe u cilju destabilizacije bo\u0161nja\u010dkog bi\u0107a.<\/p>\n<p>Ta medijska brutalnost, unazad nekoliko godina, je bila takva da bi se mogle napisati enciklopedije o napadima na reisu-l-ulemu Mustafu ef. Ceri\u0107a i muftiju Muamera ef. Zukorli\u0107a.<\/p>\n<p>A za\u0161to su toliki napadi bili usmjereni ba\u0161 na ovu dvojicu? Na to pitanje danas i srednjo\u0161kolci znaju odgovor. Zato \u0161to su prvaci me\u0111u Bo\u0161njacima!<\/p>\n<p>Ali, prvaci ne bi mogli biti prvaci da nije i onih drugih. Danas je doprinos svakog\u00a0 Bo\u0161njaka bitan. I kao nikad prije, potrebno je bo\u0161nja\u010dko jedinstvo.<\/p>\n<p><b>Cijena razjedinjenosti se skupo pla\u0107a<\/b><\/p>\n<p>Bo\u0161njaci sebi ne bi smjeli dozvoliti naivnost i razjedinjenost prikazanu u pri\u010di o stradanju bikova. Naime, u pri\u010di su se jedan bijeli i par crnih bikova prilikom ispa\u0161e uvijek dr\u017eali zajedno, tako da im vukovi iz \u0161ume ni\u0161ta nisu mogli. Stari lukavi vuk je smislio na\u010din kako da ih razjedini, pa je prilazio jednom po jednom crnom biku i govorio: ,,Znate li da ste zbog tog bijelog bika no\u0107u mnogo uo\u010dljiv i lahak plijen za svaku zvijer? Nije fer da zbog njega stradate!&#8221; Crni bikovi su mu povjerovali. Narednog dana su se na ispa\u0161i dr\u017eali distancirano od bijelog bika, tako da ga je, u trenutku kad je ostao sam, vuk brzo napao i ubio. Bikova je bilo manje, a vuk je neumorno radio na njihovom daljem razjedinjavanju. Brzo ih je savladao. Prilikom napada posljednjeg crnog bika koji je ostao sam, podrugljivo se smijao i pitao: ,,Je li ti \u017eao umrijeti?&#8221; Crni bik mu je tu\u017eno odgovorio: ,,Umro sam ja onda kad je ubijen bijeli bik!&#8221;<\/p>\n<p><b>Ukrcajte se na bo\u0161nja\u010dku la\u0111u spasa!<\/b><\/p>\n<p>Bo\u0161nja\u010dku la\u0111u spasa predstavlja jedinstvo Bo\u0161njaka. To su institucije koje pozivaju na jedinstvo, prije svih Islamska zajednica kao krovna vjerska institucija na \u010delu sa reis-l-ulemom mr. Huseinom Kavazovi\u0107em i bo\u0161nja\u010dkim nevladinim organizacijama i udru\u017eenjima na \u010delu sa Svjetskim bo\u0161nja\u010dkim kongresom koje su odlu\u010dne braniti vjerske i nacionalne bo\u0161nja\u010dke interese i dr\u017eavu Bosnu i Hercegovinu.<\/p>\n<p>Bo\u0161njaci imaju svjesne, hrabre i po\u017ertvovane lidere (lidera) koji upozoravaju na opasnosti po narod i upu\u0107uju na put spasa, neumorno grade la\u0111u i pozivaju narod\u00a0 na ukrcavanje u nju. Grade islamske centre, bo\u0161nja\u010dke nacionalne centre, d\u017eamije, univerzitete, medrese, imarete, sportske dvorane&#8230;<\/p>\n<p>Na mjestima gdje su bile poljane danas ni\u010du d\u017eamije i islamski centri, a na mjestima bo\u0161nja\u010dkih stradanja bo\u0161nja\u010dki nacionalni centri. I pove\u0107at \u0107e se intenzitet neprijateljskih medijskih napada na graditelje &#8221;Nuhove la\u0111e&#8221;, ali \u0107e se, shodno tome, pove\u0107ati i broj &#8221;Nuhovih sljedbenika&#8221; i pomaga\u010da (kao \u0161to je u proteklom periodu bio slu\u010daj).<\/p>\n<p>I unato\u010d opstrukcijama kod popisnog izja\u0161njavanja Bo\u0161njaka, kako je izvijestilo vi\u0161e medijskih izvora, vi\u0161e od 50 % ukupnog stanovni\u0161tva Bosne i Hercegovine \u010dine Bo\u0161njaci. Stolje\u0107ima su ih nazivali ,,Dobrim Bo\u0161njanima&#8221;, a nisu ih d\u017eaba nazivali &#8216;Dobrim&#8217;. Njihova velikodu\u0161nost i dobrota \u0107e napraviti mjesta za sve dobre ljude koji \u017eele da se ukrcaju na bo\u0161nja\u010dku &#8216;la\u0111u&#8217;. Oni koji ne \u017eele, nek poku\u0161aju prona\u0107i spas na kakvom bre\u017euljku, poput Nuhovog (a.s.) sina.<\/p>\n<p>&nbsp;<\/p>\n<p>&nbsp;<\/p>\n<p>(Saff 351)<\/p>\n","protected":false},"excerpt":{"rendered":"<p> Mersada Nuruddina Agovi\u0107<\/p>\n","protected":false},"author":83,"featured_media":96528,"comment_status":"open","ping_status":"open","sticky":false,"template":"","format":"standard","meta":{"footnotes":""},"categories":[10196,10429],"tags":[10213],"class_list":{"0":"post-96525","1":"post","2":"type-post","3":"status-publish","4":"format-standard","5":"has-post-thumbnail","7":"category-iz-pera-nasih-autora","8":"category-vazno","9":"tag-mersada-nuruddina-agovic"},"yoast_head":"<!-- This site is optimized with the Yoast SEO Premium plugin v23.1 (Yoast SEO v24.9) - https:\/\/yoast.com\/wordpress\/plugins\/seo\/ -->\n<title>Bo\u0161nja\u010dka la\u0111a spasa<\/title>\n<meta name=\"robots\" content=\"index, follow, max-snippet:-1, max-image-preview:large, max-video-preview:-1\" \/>\n<link rel=\"canonical\" href=\"https:\/\/sandzakpress.net\/arhiva\/bosnjacka-lada-spasa\/\" \/>\n<meta property=\"og:locale\" content=\"bs_BA\" \/>\n<meta property=\"og:type\" content=\"article\" \/>\n<meta property=\"og:title\" content=\"Bo\u0161nja\u010dka la\u0111a spasa\" \/>\n<meta property=\"og:description\" content=\"Mersada Nuruddina Agovi\u0107\" \/>\n<meta property=\"og:url\" content=\"https:\/\/sandzakpress.net\/arhiva\/bosnjacka-lada-spasa\/\" \/>\n<meta property=\"og:site_name\" content=\"Sand\u017eak PRESS\" \/>\n<meta property=\"article:published_time\" content=\"2013-11-25T16:19:19+00:00\" \/>\n<meta property=\"article:modified_time\" content=\"2013-11-25T16:19:52+00:00\" \/>\n<meta property=\"og:image\" content=\"https:\/\/sandzakpress.net\/arhiva\/wp-content\/uploads\/2013\/11\/unnamed-300x2201.jpg\" \/>\n\t<meta property=\"og:image:width\" content=\"300\" \/>\n\t<meta property=\"og:image:height\" content=\"220\" \/>\n\t<meta property=\"og:image:type\" content=\"image\/jpeg\" \/>\n<meta name=\"author\" content=\"bosniak\" \/>\n<meta name=\"twitter:card\" content=\"summary_large_image\" \/>\n<meta name=\"twitter:label1\" content=\"Written by\" \/>\n\t<meta name=\"twitter:data1\" content=\"bosniak\" \/>\n\t<meta name=\"twitter:label2\" content=\"Est. reading time\" \/>\n\t<meta name=\"twitter:data2\" content=\"8 minuta\" \/>\n<script type=\"application\/ld+json\" class=\"yoast-schema-graph\">{\"@context\":\"https:\/\/schema.org\",\"@graph\":[{\"@type\":\"Article\",\"@id\":\"https:\/\/sandzakpress.net\/arhiva\/bosnjacka-lada-spasa\/#article\",\"isPartOf\":{\"@id\":\"https:\/\/sandzakpress.net\/arhiva\/bosnjacka-lada-spasa\/\"},\"author\":{\"name\":\"bosniak\",\"@id\":\"https:\/\/sandzakpress.net\/arhiva\/#\/schema\/person\/c8baee722073534b583ea7bdb2e36c02\"},\"headline\":\"Bo\u0161nja\u010dka la\u0111a spasa\",\"datePublished\":\"2013-11-25T16:19:19+00:00\",\"dateModified\":\"2013-11-25T16:19:52+00:00\",\"mainEntityOfPage\":{\"@id\":\"https:\/\/sandzakpress.net\/arhiva\/bosnjacka-lada-spasa\/\"},\"wordCount\":1606,\"commentCount\":0,\"publisher\":{\"@id\":\"https:\/\/sandzakpress.net\/arhiva\/#\/schema\/person\/6e72b67d6e51910a1117b3b483ba20bd\"},\"image\":{\"@id\":\"https:\/\/sandzakpress.net\/arhiva\/bosnjacka-lada-spasa\/#primaryimage\"},\"thumbnailUrl\":\"https:\/\/sandzakpress.net\/arhiva\/wp-content\/uploads\/2013\/11\/unnamed-300x2201.jpg\",\"keywords\":[\"Mersada Nuruddina Agovi\u0107\"],\"articleSection\":[\"Iz pera na\u0161ih autora\",\"VA\u017dNO!\"],\"inLanguage\":\"bs-BA\",\"potentialAction\":[{\"@type\":\"CommentAction\",\"name\":\"Comment\",\"target\":[\"https:\/\/sandzakpress.net\/arhiva\/bosnjacka-lada-spasa\/#respond\"]}]},{\"@type\":\"WebPage\",\"@id\":\"https:\/\/sandzakpress.net\/arhiva\/bosnjacka-lada-spasa\/\",\"url\":\"https:\/\/sandzakpress.net\/arhiva\/bosnjacka-lada-spasa\/\",\"name\":\"Bo\u0161nja\u010dka la\u0111a spasa\",\"isPartOf\":{\"@id\":\"https:\/\/sandzakpress.net\/arhiva\/#website\"},\"primaryImageOfPage\":{\"@id\":\"https:\/\/sandzakpress.net\/arhiva\/bosnjacka-lada-spasa\/#primaryimage\"},\"image\":{\"@id\":\"https:\/\/sandzakpress.net\/arhiva\/bosnjacka-lada-spasa\/#primaryimage\"},\"thumbnailUrl\":\"https:\/\/sandzakpress.net\/arhiva\/wp-content\/uploads\/2013\/11\/unnamed-300x2201.jpg\",\"datePublished\":\"2013-11-25T16:19:19+00:00\",\"dateModified\":\"2013-11-25T16:19:52+00:00\",\"breadcrumb\":{\"@id\":\"https:\/\/sandzakpress.net\/arhiva\/bosnjacka-lada-spasa\/#breadcrumb\"},\"inLanguage\":\"bs-BA\",\"potentialAction\":[{\"@type\":\"ReadAction\",\"target\":[\"https:\/\/sandzakpress.net\/arhiva\/bosnjacka-lada-spasa\/\"]}]},{\"@type\":\"ImageObject\",\"inLanguage\":\"bs-BA\",\"@id\":\"https:\/\/sandzakpress.net\/arhiva\/bosnjacka-lada-spasa\/#primaryimage\",\"url\":\"https:\/\/sandzakpress.net\/arhiva\/wp-content\/uploads\/2013\/11\/unnamed-300x2201.jpg\",\"contentUrl\":\"https:\/\/sandzakpress.net\/arhiva\/wp-content\/uploads\/2013\/11\/unnamed-300x2201.jpg\",\"width\":300,\"height\":220},{\"@type\":\"BreadcrumbList\",\"@id\":\"https:\/\/sandzakpress.net\/arhiva\/bosnjacka-lada-spasa\/#breadcrumb\",\"itemListElement\":[{\"@type\":\"ListItem\",\"position\":1,\"name\":\"Home\",\"item\":\"https:\/\/sandzakpress.net\/arhiva\/\"},{\"@type\":\"ListItem\",\"position\":2,\"name\":\"Bo\u0161nja\u010dka la\u0111a spasa\"}]},{\"@type\":\"WebSite\",\"@id\":\"https:\/\/sandzakpress.net\/arhiva\/#website\",\"url\":\"https:\/\/sandzakpress.net\/arhiva\/\",\"name\":\"Sand\u017eak PRESS\",\"description\":\"Prve elektronske novine u Sand\u017eaku\",\"publisher\":{\"@id\":\"https:\/\/sandzakpress.net\/arhiva\/#\/schema\/person\/6e72b67d6e51910a1117b3b483ba20bd\"},\"potentialAction\":[{\"@type\":\"SearchAction\",\"target\":{\"@type\":\"EntryPoint\",\"urlTemplate\":\"https:\/\/sandzakpress.net\/arhiva\/?s={search_term_string}\"},\"query-input\":{\"@type\":\"PropertyValueSpecification\",\"valueRequired\":true,\"valueName\":\"search_term_string\"}}],\"inLanguage\":\"bs-BA\"},{\"@type\":[\"Person\",\"Organization\"],\"@id\":\"https:\/\/sandzakpress.net\/arhiva\/#\/schema\/person\/6e72b67d6e51910a1117b3b483ba20bd\",\"name\":\"Kul\",\"image\":{\"@type\":\"ImageObject\",\"inLanguage\":\"bs-BA\",\"@id\":\"https:\/\/sandzakpress.net\/arhiva\/#\/schema\/person\/image\/\",\"url\":\"https:\/\/secure.gravatar.com\/avatar\/42263f39aa27ac04c43cab85c280eb2e?s=96&d=mm&r=pg\",\"contentUrl\":\"https:\/\/secure.gravatar.com\/avatar\/42263f39aa27ac04c43cab85c280eb2e?s=96&d=mm&r=pg\",\"caption\":\"Kul\"},\"logo\":{\"@id\":\"https:\/\/sandzakpress.net\/arhiva\/#\/schema\/person\/image\/\"}},{\"@type\":\"Person\",\"@id\":\"https:\/\/sandzakpress.net\/arhiva\/#\/schema\/person\/c8baee722073534b583ea7bdb2e36c02\",\"name\":\"bosniak\",\"image\":{\"@type\":\"ImageObject\",\"inLanguage\":\"bs-BA\",\"@id\":\"https:\/\/sandzakpress.net\/arhiva\/#\/schema\/person\/image\/\",\"url\":\"https:\/\/secure.gravatar.com\/avatar\/a04fd330bfe3a36a72a0ad4a6d89fca7?s=96&d=mm&r=pg\",\"contentUrl\":\"https:\/\/secure.gravatar.com\/avatar\/a04fd330bfe3a36a72a0ad4a6d89fca7?s=96&d=mm&r=pg\",\"caption\":\"bosniak\"},\"url\":\"https:\/\/sandzakpress.net\/arhiva\/author\/bosniak\/\"}]}<\/script>\n<!-- \/ Yoast SEO Premium plugin. -->","yoast_head_json":{"title":"Bo\u0161nja\u010dka la\u0111a spasa","robots":{"index":"index","follow":"follow","max-snippet":"max-snippet:-1","max-image-preview":"max-image-preview:large","max-video-preview":"max-video-preview:-1"},"canonical":"https:\/\/sandzakpress.net\/arhiva\/bosnjacka-lada-spasa\/","og_locale":"bs_BA","og_type":"article","og_title":"Bo\u0161nja\u010dka la\u0111a spasa","og_description":"Mersada Nuruddina Agovi\u0107","og_url":"https:\/\/sandzakpress.net\/arhiva\/bosnjacka-lada-spasa\/","og_site_name":"Sand\u017eak PRESS","article_published_time":"2013-11-25T16:19:19+00:00","article_modified_time":"2013-11-25T16:19:52+00:00","og_image":[{"width":300,"height":220,"url":"https:\/\/sandzakpress.net\/arhiva\/wp-content\/uploads\/2013\/11\/unnamed-300x2201.jpg","type":"image\/jpeg"}],"author":"bosniak","twitter_card":"summary_large_image","twitter_misc":{"Written by":"bosniak","Est. reading time":"8 minuta"},"schema":{"@context":"https:\/\/schema.org","@graph":[{"@type":"Article","@id":"https:\/\/sandzakpress.net\/arhiva\/bosnjacka-lada-spasa\/#article","isPartOf":{"@id":"https:\/\/sandzakpress.net\/arhiva\/bosnjacka-lada-spasa\/"},"author":{"name":"bosniak","@id":"https:\/\/sandzakpress.net\/arhiva\/#\/schema\/person\/c8baee722073534b583ea7bdb2e36c02"},"headline":"Bo\u0161nja\u010dka la\u0111a spasa","datePublished":"2013-11-25T16:19:19+00:00","dateModified":"2013-11-25T16:19:52+00:00","mainEntityOfPage":{"@id":"https:\/\/sandzakpress.net\/arhiva\/bosnjacka-lada-spasa\/"},"wordCount":1606,"commentCount":0,"publisher":{"@id":"https:\/\/sandzakpress.net\/arhiva\/#\/schema\/person\/6e72b67d6e51910a1117b3b483ba20bd"},"image":{"@id":"https:\/\/sandzakpress.net\/arhiva\/bosnjacka-lada-spasa\/#primaryimage"},"thumbnailUrl":"https:\/\/sandzakpress.net\/arhiva\/wp-content\/uploads\/2013\/11\/unnamed-300x2201.jpg","keywords":["Mersada Nuruddina Agovi\u0107"],"articleSection":["Iz pera na\u0161ih autora","VA\u017dNO!"],"inLanguage":"bs-BA","potentialAction":[{"@type":"CommentAction","name":"Comment","target":["https:\/\/sandzakpress.net\/arhiva\/bosnjacka-lada-spasa\/#respond"]}]},{"@type":"WebPage","@id":"https:\/\/sandzakpress.net\/arhiva\/bosnjacka-lada-spasa\/","url":"https:\/\/sandzakpress.net\/arhiva\/bosnjacka-lada-spasa\/","name":"Bo\u0161nja\u010dka la\u0111a spasa","isPartOf":{"@id":"https:\/\/sandzakpress.net\/arhiva\/#website"},"primaryImageOfPage":{"@id":"https:\/\/sandzakpress.net\/arhiva\/bosnjacka-lada-spasa\/#primaryimage"},"image":{"@id":"https:\/\/sandzakpress.net\/arhiva\/bosnjacka-lada-spasa\/#primaryimage"},"thumbnailUrl":"https:\/\/sandzakpress.net\/arhiva\/wp-content\/uploads\/2013\/11\/unnamed-300x2201.jpg","datePublished":"2013-11-25T16:19:19+00:00","dateModified":"2013-11-25T16:19:52+00:00","breadcrumb":{"@id":"https:\/\/sandzakpress.net\/arhiva\/bosnjacka-lada-spasa\/#breadcrumb"},"inLanguage":"bs-BA","potentialAction":[{"@type":"ReadAction","target":["https:\/\/sandzakpress.net\/arhiva\/bosnjacka-lada-spasa\/"]}]},{"@type":"ImageObject","inLanguage":"bs-BA","@id":"https:\/\/sandzakpress.net\/arhiva\/bosnjacka-lada-spasa\/#primaryimage","url":"https:\/\/sandzakpress.net\/arhiva\/wp-content\/uploads\/2013\/11\/unnamed-300x2201.jpg","contentUrl":"https:\/\/sandzakpress.net\/arhiva\/wp-content\/uploads\/2013\/11\/unnamed-300x2201.jpg","width":300,"height":220},{"@type":"BreadcrumbList","@id":"https:\/\/sandzakpress.net\/arhiva\/bosnjacka-lada-spasa\/#breadcrumb","itemListElement":[{"@type":"ListItem","position":1,"name":"Home","item":"https:\/\/sandzakpress.net\/arhiva\/"},{"@type":"ListItem","position":2,"name":"Bo\u0161nja\u010dka la\u0111a spasa"}]},{"@type":"WebSite","@id":"https:\/\/sandzakpress.net\/arhiva\/#website","url":"https:\/\/sandzakpress.net\/arhiva\/","name":"Sand\u017eak PRESS","description":"Prve elektronske novine u Sand\u017eaku","publisher":{"@id":"https:\/\/sandzakpress.net\/arhiva\/#\/schema\/person\/6e72b67d6e51910a1117b3b483ba20bd"},"potentialAction":[{"@type":"SearchAction","target":{"@type":"EntryPoint","urlTemplate":"https:\/\/sandzakpress.net\/arhiva\/?s={search_term_string}"},"query-input":{"@type":"PropertyValueSpecification","valueRequired":true,"valueName":"search_term_string"}}],"inLanguage":"bs-BA"},{"@type":["Person","Organization"],"@id":"https:\/\/sandzakpress.net\/arhiva\/#\/schema\/person\/6e72b67d6e51910a1117b3b483ba20bd","name":"Kul","image":{"@type":"ImageObject","inLanguage":"bs-BA","@id":"https:\/\/sandzakpress.net\/arhiva\/#\/schema\/person\/image\/","url":"https:\/\/secure.gravatar.com\/avatar\/42263f39aa27ac04c43cab85c280eb2e?s=96&d=mm&r=pg","contentUrl":"https:\/\/secure.gravatar.com\/avatar\/42263f39aa27ac04c43cab85c280eb2e?s=96&d=mm&r=pg","caption":"Kul"},"logo":{"@id":"https:\/\/sandzakpress.net\/arhiva\/#\/schema\/person\/image\/"}},{"@type":"Person","@id":"https:\/\/sandzakpress.net\/arhiva\/#\/schema\/person\/c8baee722073534b583ea7bdb2e36c02","name":"bosniak","image":{"@type":"ImageObject","inLanguage":"bs-BA","@id":"https:\/\/sandzakpress.net\/arhiva\/#\/schema\/person\/image\/","url":"https:\/\/secure.gravatar.com\/avatar\/a04fd330bfe3a36a72a0ad4a6d89fca7?s=96&d=mm&r=pg","contentUrl":"https:\/\/secure.gravatar.com\/avatar\/a04fd330bfe3a36a72a0ad4a6d89fca7?s=96&d=mm&r=pg","caption":"bosniak"},"url":"https:\/\/sandzakpress.net\/arhiva\/author\/bosniak\/"}]}},"_links":{"self":[{"href":"https:\/\/sandzakpress.net\/arhiva\/wp-json\/wp\/v2\/posts\/96525"}],"collection":[{"href":"https:\/\/sandzakpress.net\/arhiva\/wp-json\/wp\/v2\/posts"}],"about":[{"href":"https:\/\/sandzakpress.net\/arhiva\/wp-json\/wp\/v2\/types\/post"}],"author":[{"embeddable":true,"href":"https:\/\/sandzakpress.net\/arhiva\/wp-json\/wp\/v2\/users\/83"}],"replies":[{"embeddable":true,"href":"https:\/\/sandzakpress.net\/arhiva\/wp-json\/wp\/v2\/comments?post=96525"}],"version-history":[{"count":0,"href":"https:\/\/sandzakpress.net\/arhiva\/wp-json\/wp\/v2\/posts\/96525\/revisions"}],"wp:featuredmedia":[{"embeddable":true,"href":"https:\/\/sandzakpress.net\/arhiva\/wp-json\/wp\/v2\/media\/96528"}],"wp:attachment":[{"href":"https:\/\/sandzakpress.net\/arhiva\/wp-json\/wp\/v2\/media?parent=96525"}],"wp:term":[{"taxonomy":"category","embeddable":true,"href":"https:\/\/sandzakpress.net\/arhiva\/wp-json\/wp\/v2\/categories?post=96525"},{"taxonomy":"post_tag","embeddable":true,"href":"https:\/\/sandzakpress.net\/arhiva\/wp-json\/wp\/v2\/tags?post=96525"}],"curies":[{"name":"wp","href":"https:\/\/api.w.org\/{rel}","templated":true}]}}