{"id":96519,"date":"2013-11-25T15:38:49","date_gmt":"2013-11-25T14:38:49","guid":{"rendered":"https:\/\/sandzakpress.net\/arhiva\/?p=96519"},"modified":"2013-11-25T15:40:05","modified_gmt":"2013-11-25T14:40:05","slug":"ko-ureduje-prljave-dnevnike-regionalne-tv","status":"publish","type":"post","link":"https:\/\/sandzakpress.net\/arhiva\/prljavi-dnevnici-denisa-i-senade","title":{"rendered":"Ko ure\u0111uje prljave Dnevnike Regionalne TV?"},"content":{"rendered":"<p><img loading=\"lazy\" decoding=\"async\" class=\"aligncenter size-full wp-image-96521\" alt=\"Denis_Senka\" src=\"https:\/\/sandzakpress.net\/arhiva\/wp-content\/uploads\/2013\/11\/Denis_Senka.jpg\" width=\"616\" height=\"380\" \/><\/p>\n<p><strong>Novi Pazar &#8211; Senadu Kali\u0107 je na prijedlog i inicijativu direktora RTV Denisa Mavri\u0107a na mjesto urednice RTV postavila SDP partija Rasima Ljaji\u0107a.<\/strong><\/p>\n<p>Grad Novi Pazar svake godine za potrebe RTV izdvaja preko 400. 000 eura, \u010diji najve\u0107i dio odlazi za plate poslu\u0161nika Rasima Ljaji\u0107a. Gradske vlasti su jedini grad u dr\u017eavi koji ne finansira niti jedan privatni medij, ali zato izdvaja ogromana sredstva za bla\u0107enje svih onih koji nisu po volji ministra Ljaji\u0107a.<\/p>\n<p>Zamislite samo kolika je plata Denisa Mavri\u0107a direktora koji je tek prije nekoliko dana zavr\u0161io Vi\u0161u \u0161kolu u Ljeposavi\u0107u \u00a0za potrebe ponovnog imenovanja za direktora RTV, na namje\u0161tenom konkursu, kada je komisija, po nalogu Ljaji\u0107 Rasima, za direktora predlo\u017eila pomenutog Mavri\u0107a u odnosu na kandidata sa svim potrebnim referencama Stevana Milanovi\u0107a, koji je naveo u biografiji da je visoko obrazovanje stekao na Elektrotehni\u010dkom fakultetu Univerziteta u Beogradu, na smeru Telekomunikacije.<\/p>\n<p>Tokom karijere radio je kao savjetnik za ra\u010dunarske mre\u017ee i telekomunikacije u Ministarstvu pravde, re\u017eiser i prezenter TV Beograd i Glasa Amerike. Tako\u0111e, bio je zaposlen u TV Novi Sad kao re\u017eiser i scenarista, a radio je i kao saradnik ameri\u010dke korporacije Fixya Electronics Corporation.<\/p>\n<p>No, Rasimu Ljaji\u0107u stru\u010dnost i obrazovanost ne igraju ulogu u odnosu na poslu\u0161nost i bezobzirnost u napadanju svih onih \u0161to se ne sla\u017eu sa politikom koja Sand\u017eak i sve njegove gra\u0111ane vra\u0107a u daleko pro\u0161lost, gdje tekovina 19. vijeka, asfalt, jo\u0161 uvijek nedostaje i u samom centru Novog Pazara.<\/p>\n","protected":false},"excerpt":{"rendered":"<p>Novi Pazar &#8211; Senadu Kali\u0107 je na prijedlog i inicijativu direktora RTV Denisa Mavri\u0107a na mjesto urednice RTV postavila SDP partija Rasima Ljaji\u0107a. Grad Novi Pazar svake godine za potrebe RTV izdvaja preko 400. 000 eura, \u010diji najve\u0107i dio odlazi za plate poslu\u0161nika Rasima Ljaji\u0107a. Gradske vlasti su jedini grad u dr\u017eavi koji ne finansira [&hellip;]<\/p>\n","protected":false},"author":83,"featured_media":96521,"comment_status":"open","ping_status":"open","sticky":false,"template":"","format":"standard","meta":{"footnotes":""},"categories":[72,1,8957],"tags":[10248,10257],"class_list":{"0":"post-96519","1":"post","2":"type-post","3":"status-publish","4":"format-standard","5":"has-post-thumbnail","7":"category-novi-pazar","8":"category-politika","9":"category-vijesti-dana","10":"tag-gradska-uprava-novi-pazar","11":"tag-sdp"},"yoast_head":"<!-- This site is optimized with the Yoast SEO Premium plugin v23.1 (Yoast SEO v24.9) - https:\/\/yoast.com\/wordpress\/plugins\/seo\/ -->\n<title>Ko ure\u0111uje prljave Dnevnike Regionalne TV?<\/title>\n<meta name=\"robots\" content=\"index, follow, max-snippet:-1, max-image-preview:large, max-video-preview:-1\" \/>\n<link rel=\"canonical\" href=\"https:\/\/sandzakpress.net\/arhiva\/prljavi-dnevnici-denisa-i-senade\/\" \/>\n<meta property=\"og:locale\" content=\"bs_BA\" \/>\n<meta property=\"og:type\" content=\"article\" \/>\n<meta property=\"og:title\" content=\"Ko ure\u0111uje prljave Dnevnike Regionalne TV?\" \/>\n<meta property=\"og:description\" content=\"Novi Pazar &#8211; Senadu Kali\u0107 je na prijedlog i inicijativu direktora RTV Denisa Mavri\u0107a na mjesto urednice RTV postavila SDP partija Rasima Ljaji\u0107a. Grad Novi Pazar svake godine za potrebe RTV izdvaja preko 400. 000 eura, \u010diji najve\u0107i dio odlazi za plate poslu\u0161nika Rasima Ljaji\u0107a. Gradske vlasti su jedini grad u dr\u017eavi koji ne finansira [&hellip;]\" \/>\n<meta property=\"og:url\" content=\"https:\/\/sandzakpress.net\/arhiva\/prljavi-dnevnici-denisa-i-senade\/\" \/>\n<meta property=\"og:site_name\" content=\"Sand\u017eak PRESS\" \/>\n<meta property=\"article:published_time\" content=\"2013-11-25T14:38:49+00:00\" \/>\n<meta property=\"article:modified_time\" content=\"2013-11-25T14:40:05+00:00\" \/>\n<meta property=\"og:image\" content=\"https:\/\/sandzakpress.net\/arhiva\/wp-content\/uploads\/2013\/11\/Denis_Senka.jpg\" \/>\n\t<meta property=\"og:image:width\" content=\"616\" \/>\n\t<meta property=\"og:image:height\" content=\"380\" \/>\n\t<meta property=\"og:image:type\" content=\"image\/jpeg\" \/>\n<meta name=\"author\" content=\"bosniak\" \/>\n<meta name=\"twitter:card\" content=\"summary_large_image\" \/>\n<meta name=\"twitter:label1\" content=\"Written by\" \/>\n\t<meta name=\"twitter:data1\" content=\"bosniak\" \/>\n\t<meta name=\"twitter:label2\" content=\"Est. reading time\" \/>\n\t<meta name=\"twitter:data2\" content=\"1 minuta\" \/>\n<script type=\"application\/ld+json\" class=\"yoast-schema-graph\">{\"@context\":\"https:\/\/schema.org\",\"@graph\":[{\"@type\":\"Article\",\"@id\":\"https:\/\/sandzakpress.net\/arhiva\/prljavi-dnevnici-denisa-i-senade\/#article\",\"isPartOf\":{\"@id\":\"https:\/\/sandzakpress.net\/arhiva\/prljavi-dnevnici-denisa-i-senade\/\"},\"author\":{\"name\":\"bosniak\",\"@id\":\"https:\/\/sandzakpress.net\/arhiva\/#\/schema\/person\/c8baee722073534b583ea7bdb2e36c02\"},\"headline\":\"Ko ure\u0111uje prljave Dnevnike Regionalne TV?\",\"datePublished\":\"2013-11-25T14:38:49+00:00\",\"dateModified\":\"2013-11-25T14:40:05+00:00\",\"mainEntityOfPage\":{\"@id\":\"https:\/\/sandzakpress.net\/arhiva\/prljavi-dnevnici-denisa-i-senade\/\"},\"wordCount\":273,\"commentCount\":15,\"publisher\":{\"@id\":\"https:\/\/sandzakpress.net\/arhiva\/#\/schema\/person\/6e72b67d6e51910a1117b3b483ba20bd\"},\"image\":{\"@id\":\"https:\/\/sandzakpress.net\/arhiva\/prljavi-dnevnici-denisa-i-senade\/#primaryimage\"},\"thumbnailUrl\":\"https:\/\/sandzakpress.net\/arhiva\/wp-content\/uploads\/2013\/11\/Denis_Senka.jpg\",\"keywords\":[\"Vlast u Novom Pazaru\",\"SDPS\"],\"articleSection\":[\"Novi Pazar\",\"Politika\",\"VIJESTI DANA\"],\"inLanguage\":\"bs-BA\",\"potentialAction\":[{\"@type\":\"CommentAction\",\"name\":\"Comment\",\"target\":[\"https:\/\/sandzakpress.net\/arhiva\/prljavi-dnevnici-denisa-i-senade\/#respond\"]}]},{\"@type\":\"WebPage\",\"@id\":\"https:\/\/sandzakpress.net\/arhiva\/prljavi-dnevnici-denisa-i-senade\/\",\"url\":\"https:\/\/sandzakpress.net\/arhiva\/prljavi-dnevnici-denisa-i-senade\/\",\"name\":\"Ko ure\u0111uje prljave Dnevnike Regionalne TV?\",\"isPartOf\":{\"@id\":\"https:\/\/sandzakpress.net\/arhiva\/#website\"},\"primaryImageOfPage\":{\"@id\":\"https:\/\/sandzakpress.net\/arhiva\/prljavi-dnevnici-denisa-i-senade\/#primaryimage\"},\"image\":{\"@id\":\"https:\/\/sandzakpress.net\/arhiva\/prljavi-dnevnici-denisa-i-senade\/#primaryimage\"},\"thumbnailUrl\":\"https:\/\/sandzakpress.net\/arhiva\/wp-content\/uploads\/2013\/11\/Denis_Senka.jpg\",\"datePublished\":\"2013-11-25T14:38:49+00:00\",\"dateModified\":\"2013-11-25T14:40:05+00:00\",\"breadcrumb\":{\"@id\":\"https:\/\/sandzakpress.net\/arhiva\/prljavi-dnevnici-denisa-i-senade\/#breadcrumb\"},\"inLanguage\":\"bs-BA\",\"potentialAction\":[{\"@type\":\"ReadAction\",\"target\":[\"https:\/\/sandzakpress.net\/arhiva\/prljavi-dnevnici-denisa-i-senade\/\"]}]},{\"@type\":\"ImageObject\",\"inLanguage\":\"bs-BA\",\"@id\":\"https:\/\/sandzakpress.net\/arhiva\/prljavi-dnevnici-denisa-i-senade\/#primaryimage\",\"url\":\"https:\/\/sandzakpress.net\/arhiva\/wp-content\/uploads\/2013\/11\/Denis_Senka.jpg\",\"contentUrl\":\"https:\/\/sandzakpress.net\/arhiva\/wp-content\/uploads\/2013\/11\/Denis_Senka.jpg\",\"width\":616,\"height\":380},{\"@type\":\"BreadcrumbList\",\"@id\":\"https:\/\/sandzakpress.net\/arhiva\/prljavi-dnevnici-denisa-i-senade\/#breadcrumb\",\"itemListElement\":[{\"@type\":\"ListItem\",\"position\":1,\"name\":\"Home\",\"item\":\"https:\/\/sandzakpress.net\/arhiva\/\"},{\"@type\":\"ListItem\",\"position\":2,\"name\":\"Ko ure\u0111uje prljave Dnevnike Regionalne TV?\"}]},{\"@type\":\"WebSite\",\"@id\":\"https:\/\/sandzakpress.net\/arhiva\/#website\",\"url\":\"https:\/\/sandzakpress.net\/arhiva\/\",\"name\":\"Sand\u017eak PRESS\",\"description\":\"Prve elektronske novine u Sand\u017eaku\",\"publisher\":{\"@id\":\"https:\/\/sandzakpress.net\/arhiva\/#\/schema\/person\/6e72b67d6e51910a1117b3b483ba20bd\"},\"potentialAction\":[{\"@type\":\"SearchAction\",\"target\":{\"@type\":\"EntryPoint\",\"urlTemplate\":\"https:\/\/sandzakpress.net\/arhiva\/?s={search_term_string}\"},\"query-input\":{\"@type\":\"PropertyValueSpecification\",\"valueRequired\":true,\"valueName\":\"search_term_string\"}}],\"inLanguage\":\"bs-BA\"},{\"@type\":[\"Person\",\"Organization\"],\"@id\":\"https:\/\/sandzakpress.net\/arhiva\/#\/schema\/person\/6e72b67d6e51910a1117b3b483ba20bd\",\"name\":\"Kul\",\"image\":{\"@type\":\"ImageObject\",\"inLanguage\":\"bs-BA\",\"@id\":\"https:\/\/sandzakpress.net\/arhiva\/#\/schema\/person\/image\/\",\"url\":\"https:\/\/secure.gravatar.com\/avatar\/42263f39aa27ac04c43cab85c280eb2e?s=96&d=mm&r=pg\",\"contentUrl\":\"https:\/\/secure.gravatar.com\/avatar\/42263f39aa27ac04c43cab85c280eb2e?s=96&d=mm&r=pg\",\"caption\":\"Kul\"},\"logo\":{\"@id\":\"https:\/\/sandzakpress.net\/arhiva\/#\/schema\/person\/image\/\"}},{\"@type\":\"Person\",\"@id\":\"https:\/\/sandzakpress.net\/arhiva\/#\/schema\/person\/c8baee722073534b583ea7bdb2e36c02\",\"name\":\"bosniak\",\"image\":{\"@type\":\"ImageObject\",\"inLanguage\":\"bs-BA\",\"@id\":\"https:\/\/sandzakpress.net\/arhiva\/#\/schema\/person\/image\/\",\"url\":\"https:\/\/secure.gravatar.com\/avatar\/a04fd330bfe3a36a72a0ad4a6d89fca7?s=96&d=mm&r=pg\",\"contentUrl\":\"https:\/\/secure.gravatar.com\/avatar\/a04fd330bfe3a36a72a0ad4a6d89fca7?s=96&d=mm&r=pg\",\"caption\":\"bosniak\"},\"url\":\"https:\/\/sandzakpress.net\/arhiva\/author\/bosniak\/\"}]}<\/script>\n<!-- \/ Yoast SEO Premium plugin. -->","yoast_head_json":{"title":"Ko ure\u0111uje prljave Dnevnike Regionalne TV?","robots":{"index":"index","follow":"follow","max-snippet":"max-snippet:-1","max-image-preview":"max-image-preview:large","max-video-preview":"max-video-preview:-1"},"canonical":"https:\/\/sandzakpress.net\/arhiva\/prljavi-dnevnici-denisa-i-senade\/","og_locale":"bs_BA","og_type":"article","og_title":"Ko ure\u0111uje prljave Dnevnike Regionalne TV?","og_description":"Novi Pazar &#8211; Senadu Kali\u0107 je na prijedlog i inicijativu direktora RTV Denisa Mavri\u0107a na mjesto urednice RTV postavila SDP partija Rasima Ljaji\u0107a. Grad Novi Pazar svake godine za potrebe RTV izdvaja preko 400. 000 eura, \u010diji najve\u0107i dio odlazi za plate poslu\u0161nika Rasima Ljaji\u0107a. Gradske vlasti su jedini grad u dr\u017eavi koji ne finansira [&hellip;]","og_url":"https:\/\/sandzakpress.net\/arhiva\/prljavi-dnevnici-denisa-i-senade\/","og_site_name":"Sand\u017eak PRESS","article_published_time":"2013-11-25T14:38:49+00:00","article_modified_time":"2013-11-25T14:40:05+00:00","og_image":[{"width":616,"height":380,"url":"https:\/\/sandzakpress.net\/arhiva\/wp-content\/uploads\/2013\/11\/Denis_Senka.jpg","type":"image\/jpeg"}],"author":"bosniak","twitter_card":"summary_large_image","twitter_misc":{"Written by":"bosniak","Est. reading time":"1 minuta"},"schema":{"@context":"https:\/\/schema.org","@graph":[{"@type":"Article","@id":"https:\/\/sandzakpress.net\/arhiva\/prljavi-dnevnici-denisa-i-senade\/#article","isPartOf":{"@id":"https:\/\/sandzakpress.net\/arhiva\/prljavi-dnevnici-denisa-i-senade\/"},"author":{"name":"bosniak","@id":"https:\/\/sandzakpress.net\/arhiva\/#\/schema\/person\/c8baee722073534b583ea7bdb2e36c02"},"headline":"Ko ure\u0111uje prljave Dnevnike Regionalne TV?","datePublished":"2013-11-25T14:38:49+00:00","dateModified":"2013-11-25T14:40:05+00:00","mainEntityOfPage":{"@id":"https:\/\/sandzakpress.net\/arhiva\/prljavi-dnevnici-denisa-i-senade\/"},"wordCount":273,"commentCount":15,"publisher":{"@id":"https:\/\/sandzakpress.net\/arhiva\/#\/schema\/person\/6e72b67d6e51910a1117b3b483ba20bd"},"image":{"@id":"https:\/\/sandzakpress.net\/arhiva\/prljavi-dnevnici-denisa-i-senade\/#primaryimage"},"thumbnailUrl":"https:\/\/sandzakpress.net\/arhiva\/wp-content\/uploads\/2013\/11\/Denis_Senka.jpg","keywords":["Vlast u Novom Pazaru","SDPS"],"articleSection":["Novi Pazar","Politika","VIJESTI DANA"],"inLanguage":"bs-BA","potentialAction":[{"@type":"CommentAction","name":"Comment","target":["https:\/\/sandzakpress.net\/arhiva\/prljavi-dnevnici-denisa-i-senade\/#respond"]}]},{"@type":"WebPage","@id":"https:\/\/sandzakpress.net\/arhiva\/prljavi-dnevnici-denisa-i-senade\/","url":"https:\/\/sandzakpress.net\/arhiva\/prljavi-dnevnici-denisa-i-senade\/","name":"Ko ure\u0111uje prljave Dnevnike Regionalne TV?","isPartOf":{"@id":"https:\/\/sandzakpress.net\/arhiva\/#website"},"primaryImageOfPage":{"@id":"https:\/\/sandzakpress.net\/arhiva\/prljavi-dnevnici-denisa-i-senade\/#primaryimage"},"image":{"@id":"https:\/\/sandzakpress.net\/arhiva\/prljavi-dnevnici-denisa-i-senade\/#primaryimage"},"thumbnailUrl":"https:\/\/sandzakpress.net\/arhiva\/wp-content\/uploads\/2013\/11\/Denis_Senka.jpg","datePublished":"2013-11-25T14:38:49+00:00","dateModified":"2013-11-25T14:40:05+00:00","breadcrumb":{"@id":"https:\/\/sandzakpress.net\/arhiva\/prljavi-dnevnici-denisa-i-senade\/#breadcrumb"},"inLanguage":"bs-BA","potentialAction":[{"@type":"ReadAction","target":["https:\/\/sandzakpress.net\/arhiva\/prljavi-dnevnici-denisa-i-senade\/"]}]},{"@type":"ImageObject","inLanguage":"bs-BA","@id":"https:\/\/sandzakpress.net\/arhiva\/prljavi-dnevnici-denisa-i-senade\/#primaryimage","url":"https:\/\/sandzakpress.net\/arhiva\/wp-content\/uploads\/2013\/11\/Denis_Senka.jpg","contentUrl":"https:\/\/sandzakpress.net\/arhiva\/wp-content\/uploads\/2013\/11\/Denis_Senka.jpg","width":616,"height":380},{"@type":"BreadcrumbList","@id":"https:\/\/sandzakpress.net\/arhiva\/prljavi-dnevnici-denisa-i-senade\/#breadcrumb","itemListElement":[{"@type":"ListItem","position":1,"name":"Home","item":"https:\/\/sandzakpress.net\/arhiva\/"},{"@type":"ListItem","position":2,"name":"Ko ure\u0111uje prljave Dnevnike Regionalne TV?"}]},{"@type":"WebSite","@id":"https:\/\/sandzakpress.net\/arhiva\/#website","url":"https:\/\/sandzakpress.net\/arhiva\/","name":"Sand\u017eak PRESS","description":"Prve elektronske novine u Sand\u017eaku","publisher":{"@id":"https:\/\/sandzakpress.net\/arhiva\/#\/schema\/person\/6e72b67d6e51910a1117b3b483ba20bd"},"potentialAction":[{"@type":"SearchAction","target":{"@type":"EntryPoint","urlTemplate":"https:\/\/sandzakpress.net\/arhiva\/?s={search_term_string}"},"query-input":{"@type":"PropertyValueSpecification","valueRequired":true,"valueName":"search_term_string"}}],"inLanguage":"bs-BA"},{"@type":["Person","Organization"],"@id":"https:\/\/sandzakpress.net\/arhiva\/#\/schema\/person\/6e72b67d6e51910a1117b3b483ba20bd","name":"Kul","image":{"@type":"ImageObject","inLanguage":"bs-BA","@id":"https:\/\/sandzakpress.net\/arhiva\/#\/schema\/person\/image\/","url":"https:\/\/secure.gravatar.com\/avatar\/42263f39aa27ac04c43cab85c280eb2e?s=96&d=mm&r=pg","contentUrl":"https:\/\/secure.gravatar.com\/avatar\/42263f39aa27ac04c43cab85c280eb2e?s=96&d=mm&r=pg","caption":"Kul"},"logo":{"@id":"https:\/\/sandzakpress.net\/arhiva\/#\/schema\/person\/image\/"}},{"@type":"Person","@id":"https:\/\/sandzakpress.net\/arhiva\/#\/schema\/person\/c8baee722073534b583ea7bdb2e36c02","name":"bosniak","image":{"@type":"ImageObject","inLanguage":"bs-BA","@id":"https:\/\/sandzakpress.net\/arhiva\/#\/schema\/person\/image\/","url":"https:\/\/secure.gravatar.com\/avatar\/a04fd330bfe3a36a72a0ad4a6d89fca7?s=96&d=mm&r=pg","contentUrl":"https:\/\/secure.gravatar.com\/avatar\/a04fd330bfe3a36a72a0ad4a6d89fca7?s=96&d=mm&r=pg","caption":"bosniak"},"url":"https:\/\/sandzakpress.net\/arhiva\/author\/bosniak\/"}]}},"_links":{"self":[{"href":"https:\/\/sandzakpress.net\/arhiva\/wp-json\/wp\/v2\/posts\/96519"}],"collection":[{"href":"https:\/\/sandzakpress.net\/arhiva\/wp-json\/wp\/v2\/posts"}],"about":[{"href":"https:\/\/sandzakpress.net\/arhiva\/wp-json\/wp\/v2\/types\/post"}],"author":[{"embeddable":true,"href":"https:\/\/sandzakpress.net\/arhiva\/wp-json\/wp\/v2\/users\/83"}],"replies":[{"embeddable":true,"href":"https:\/\/sandzakpress.net\/arhiva\/wp-json\/wp\/v2\/comments?post=96519"}],"version-history":[{"count":0,"href":"https:\/\/sandzakpress.net\/arhiva\/wp-json\/wp\/v2\/posts\/96519\/revisions"}],"wp:featuredmedia":[{"embeddable":true,"href":"https:\/\/sandzakpress.net\/arhiva\/wp-json\/wp\/v2\/media\/96521"}],"wp:attachment":[{"href":"https:\/\/sandzakpress.net\/arhiva\/wp-json\/wp\/v2\/media?parent=96519"}],"wp:term":[{"taxonomy":"category","embeddable":true,"href":"https:\/\/sandzakpress.net\/arhiva\/wp-json\/wp\/v2\/categories?post=96519"},{"taxonomy":"post_tag","embeddable":true,"href":"https:\/\/sandzakpress.net\/arhiva\/wp-json\/wp\/v2\/tags?post=96519"}],"curies":[{"name":"wp","href":"https:\/\/api.w.org\/{rel}","templated":true}]}}