{"id":96450,"date":"2013-11-23T21:39:04","date_gmt":"2013-11-23T20:39:04","guid":{"rendered":"https:\/\/sandzakpress.net\/arhiva\/?p=96450"},"modified":"2013-11-23T21:46:13","modified_gmt":"2013-11-23T20:46:13","slug":"srpski-mediji-i-intelektualci-zaustavite-sandzak-na-celu-sa-zukorlicem-prije-nego-ode-stopama-kosova","status":"publish","type":"post","link":"https:\/\/sandzakpress.net\/arhiva\/srpski-mediji-i-intelektualci-zaustavite-sandzak-na-celu-sa-zukorlicem-prije-nego-ode-stopama-kosova\/","title":{"rendered":"Srpski mediji i intelektualci: Zaustavite Sand\u017eak na \u010delu sa Zukorli\u0107em, prije nego ode stopama Kosova!"},"content":{"rendered":"<h3><img loading=\"lazy\" decoding=\"async\" class=\"alignleft\" alt=\"\" src=\"http:\/\/www.vesti-online.com\/data\/images\/2013-01-26\/297416_muamer-zukorlic--foto-facebook-com-01_f.jpg?ver=1381250708\" width=\"384\" height=\"232\" \/>Sjeverni Sand\u017eak &#8211; Poziv muftije Muamera Zukorli\u0107a na dijalog o autonomiji Sand\u017eaka i njegova inicijativa da se uvede zasebna himna za Bo\u0161njake direktno je kr\u0161enje Ustava Republike Srbije, upozoravaju srpski politi\u010dki analiti\u010dari.<\/h3>\n<div id=\"singleNewsContent\">\n<div>Oni ka\u017eu da se ekstremnim izjavama mora stati na put da se ne bi ponovio scenario sa Kosovom, koje smo korak po korak godinama pre\u0107utno gubili!<\/div>\n<div><\/div>\n<div>&#8211; Nijedna bitna promjena u dru\u0161tvu i dr\u017eavi se ne de\u0161ava preko no\u0107i. Za sve je potrebno vrijeme i utabavanje terena. Ni Kosovo preko no\u0107i nije dobilo nezavisnost, ve\u0107 smo upadljivim izostankom reakcije bilje\u017eili gre\u0161ku za gre\u0161kom. Pominjanje autonomije, kao i promjene himne, kao osnovnog obilje\u017eja dr\u017eave, ekstremno je pona\u0161anje i nadasve je protivno Ustavu, koji garantuje suverenitet i integritet &#8211; ka\u017ee za \u201cAlo!\u201d analiti\u010dar Bo\u0161ko Jak\u0161i\u0107, koji polu\u0161aljivo dodaje da, ukoliko se ovakvi ispadi budu tolerisali, u jednom momentu \u0107e u Ra\u0161koj biti normalno da se Bajram slavi kao dr\u017eavni praznik, a brak sklapa sa tri \u017eene!<\/p>\n<div>I Milovan Drecun, predsjednik skup\u0161tinskog odbora za Kosovo i Metohiju, smatra da su ovakve Zukorli\u0107eve izjave potencijalna opasnost za suverenitet zemlje u budu\u0107nosti i da dr\u017eava treba pomno da prati ekstremisti\u010dke tendencije pojedinih bo\u0161nja\u010dkih grupa koje imaju potporu i u odre\u0111enim krugovima van Srbije.<\/div>\n<div><\/div>\n<div>&#8211; Zukorli\u0107 pod vidom nekakve autonomije tra\u017ei prekrajanje granica. Me\u0111utim, on za to nema ni pribli\u017eno ve\u0107insku podr\u0161ku Bo\u0161njaka, koji su potpuno integrisani u dru\u0161tvo, imaju \u00a0svoje institucije, politi\u010dare i dva ministra. Ipak, zbog spre\u010davanja mogu\u0107nosti gubitka kontrole, Zukorli\u0107evo djelovanje treba pomno pratiti i obesmisliti &#8211; smatra Drecun.<\/div>\n<div><\/div>\n<div>Podsjetimo, muftija Muamer Zukorli\u0107 ponovo je ju\u010der \u0161okirao javnost izjaviv\u0161i na okruglom stolu u pljevaljskoj gimnaziji, gdje je bio povodom 70. godi\u0161njice zasijedanja Zemaljskog antifa\u0161isti\u010dkog ve\u0107a narodnog oslobo\u0111enja Sand\u017eaka, da je do\u0161lo vreme da se re\u0161i pitanje autonomije Ra\u0161ke oblasti! Tom prilikom, on je rekao da \u201cPljevlja treba da budu glavni grad Sand\u017eaka\u201d, kao i da \u201cnema problem sa srpskom i crnogorskom himnom, ali da se problem javlja kada neko odlu\u010di da je to i himna Bo\u0161njaka\u201d.<\/p>\n<div>&#8211; Himna mora biti plod kompromisa, da svako ima svoju ili da postoji tre\u0107a koja ne miri\u0161e ni na koga &#8211; rekao je Zukorli\u0107.<br \/>\nNjegov govor bio je propra\u0107en aplauzima.<\/div>\n<div><\/div>\n<div>(Alo)<\/div>\n<\/div>\n<\/div>\n<\/div>\n","protected":false},"excerpt":{"rendered":"<p>Sjeverni Sand\u017eak &#8211; Poziv muftije Muamera Zukorli\u0107a na dijalog o autonomiji Sand\u017eaka i njegova inicijativa da se uvede zasebna himna za Bo\u0161njake direktno je kr\u0161enje Ustava Republike Srbije, upozoravaju srpski politi\u010dki analiti\u010dari. Oni ka\u017eu da se ekstremnim izjavama mora stati na put da se ne bi ponovio scenario sa Kosovom, koje smo korak po korak [&hellip;]<\/p>\n","protected":false},"author":83,"featured_media":96451,"comment_status":"open","ping_status":"open","sticky":false,"template":"","format":"standard","meta":{"footnotes":""},"categories":[72,398,800,52,397,327,10174,392,396,393,395,394,399,10173,8957],"tags":[10204,10288],"class_list":{"0":"post-96450","1":"post","2":"type-post","3":"status-publish","4":"format-standard","5":"has-post-thumbnail","7":"category-novi-pazar","8":"category-rozaje","9":"category-nacija","10":"category-sjenica","11":"category-berane","12":"category-tutin","13":"category-petnjica-vase-vijesti","14":"category-prijepolje_","15":"category-bijelo_polje","16":"category-priboj","17":"category-pljevlja_","18":"category-nova-varos","19":"category-plav_","20":"category-gusinje-vase-vijesti","21":"category-vijesti-dana","22":"tag-muftija-muamer-zukorlic","23":"tag-autonomija-sandzaka"},"yoast_head":"<!-- This site is optimized with the Yoast SEO Premium plugin v23.1 (Yoast SEO v24.9) - https:\/\/yoast.com\/wordpress\/plugins\/seo\/ -->\n<title>Srpski mediji i intelektualci: Zaustavite Sand\u017eak na \u010delu sa Zukorli\u0107em, prije nego ode stopama Kosova!<\/title>\n<meta name=\"robots\" content=\"index, follow, max-snippet:-1, max-image-preview:large, max-video-preview:-1\" \/>\n<link rel=\"canonical\" href=\"https:\/\/sandzakpress.net\/arhiva\/srpski-mediji-i-intelektualci-zaustavite-sandzak-na-celu-sa-zukorlicem-prije-nego-ode-stopama-kosova\/\" \/>\n<meta property=\"og:locale\" content=\"bs_BA\" \/>\n<meta property=\"og:type\" content=\"article\" \/>\n<meta property=\"og:title\" content=\"Srpski mediji i intelektualci: Zaustavite Sand\u017eak na \u010delu sa Zukorli\u0107em, prije nego ode stopama Kosova!\" \/>\n<meta property=\"og:description\" content=\"Sjeverni Sand\u017eak &#8211; Poziv muftije Muamera Zukorli\u0107a na dijalog o autonomiji Sand\u017eaka i njegova inicijativa da se uvede zasebna himna za Bo\u0161njake direktno je kr\u0161enje Ustava Republike Srbije, upozoravaju srpski politi\u010dki analiti\u010dari. Oni ka\u017eu da se ekstremnim izjavama mora stati na put da se ne bi ponovio scenario sa Kosovom, koje smo korak po korak [&hellip;]\" \/>\n<meta property=\"og:url\" content=\"https:\/\/sandzakpress.net\/arhiva\/srpski-mediji-i-intelektualci-zaustavite-sandzak-na-celu-sa-zukorlicem-prije-nego-ode-stopama-kosova\/\" \/>\n<meta property=\"og:site_name\" content=\"Sand\u017eak PRESS\" \/>\n<meta property=\"article:published_time\" content=\"2013-11-23T20:39:04+00:00\" \/>\n<meta property=\"article:modified_time\" content=\"2013-11-23T20:46:13+00:00\" \/>\n<meta property=\"og:image\" content=\"https:\/\/sandzakpress.net\/arhiva\/wp-content\/uploads\/2013\/11\/297416_muamer-zukorlic-foto-facebook-com-01_f.jpg\" \/>\n\t<meta property=\"og:image:width\" content=\"480\" \/>\n\t<meta property=\"og:image:height\" content=\"290\" \/>\n\t<meta property=\"og:image:type\" content=\"image\/jpeg\" \/>\n<meta name=\"author\" content=\"bosniak\" \/>\n<meta name=\"twitter:card\" content=\"summary_large_image\" \/>\n<meta name=\"twitter:label1\" content=\"Written by\" \/>\n\t<meta name=\"twitter:data1\" content=\"bosniak\" \/>\n\t<meta name=\"twitter:label2\" content=\"Est. reading time\" \/>\n\t<meta name=\"twitter:data2\" content=\"2 minute\" \/>\n<script type=\"application\/ld+json\" class=\"yoast-schema-graph\">{\"@context\":\"https:\/\/schema.org\",\"@graph\":[{\"@type\":\"Article\",\"@id\":\"https:\/\/sandzakpress.net\/arhiva\/srpski-mediji-i-intelektualci-zaustavite-sandzak-na-celu-sa-zukorlicem-prije-nego-ode-stopama-kosova\/#article\",\"isPartOf\":{\"@id\":\"https:\/\/sandzakpress.net\/arhiva\/srpski-mediji-i-intelektualci-zaustavite-sandzak-na-celu-sa-zukorlicem-prije-nego-ode-stopama-kosova\/\"},\"author\":{\"name\":\"bosniak\",\"@id\":\"https:\/\/sandzakpress.net\/arhiva\/#\/schema\/person\/c8baee722073534b583ea7bdb2e36c02\"},\"headline\":\"Srpski mediji i intelektualci: Zaustavite Sand\u017eak na \u010delu sa Zukorli\u0107em, prije nego ode stopama Kosova!\",\"datePublished\":\"2013-11-23T20:39:04+00:00\",\"dateModified\":\"2013-11-23T20:46:13+00:00\",\"mainEntityOfPage\":{\"@id\":\"https:\/\/sandzakpress.net\/arhiva\/srpski-mediji-i-intelektualci-zaustavite-sandzak-na-celu-sa-zukorlicem-prije-nego-ode-stopama-kosova\/\"},\"wordCount\":435,\"commentCount\":29,\"publisher\":{\"@id\":\"https:\/\/sandzakpress.net\/arhiva\/#\/schema\/person\/6e72b67d6e51910a1117b3b483ba20bd\"},\"image\":{\"@id\":\"https:\/\/sandzakpress.net\/arhiva\/srpski-mediji-i-intelektualci-zaustavite-sandzak-na-celu-sa-zukorlicem-prije-nego-ode-stopama-kosova\/#primaryimage\"},\"thumbnailUrl\":\"https:\/\/sandzakpress.net\/arhiva\/wp-content\/uploads\/2013\/11\/297416_muamer-zukorlic-foto-facebook-com-01_f.jpg\",\"keywords\":[\"muftija Muamer Zukorli\u0107\",\"Autonomija Sand\u017eaka\"],\"articleSection\":[\"Novi Pazar\",\"Ro\u017eaje\",\"Nacija\",\"Sjenica\",\"Berane\",\"Tutin\",\"Petnjica\",\"Prijepolje\",\"Bijelo Polje\",\"Priboj\",\"Pljevlja\",\"Nova Varo\u0161\",\"Plav\",\"Gusinje\",\"VIJESTI DANA\"],\"inLanguage\":\"bs-BA\",\"potentialAction\":[{\"@type\":\"CommentAction\",\"name\":\"Comment\",\"target\":[\"https:\/\/sandzakpress.net\/arhiva\/srpski-mediji-i-intelektualci-zaustavite-sandzak-na-celu-sa-zukorlicem-prije-nego-ode-stopama-kosova\/#respond\"]}]},{\"@type\":\"WebPage\",\"@id\":\"https:\/\/sandzakpress.net\/arhiva\/srpski-mediji-i-intelektualci-zaustavite-sandzak-na-celu-sa-zukorlicem-prije-nego-ode-stopama-kosova\/\",\"url\":\"https:\/\/sandzakpress.net\/arhiva\/srpski-mediji-i-intelektualci-zaustavite-sandzak-na-celu-sa-zukorlicem-prije-nego-ode-stopama-kosova\/\",\"name\":\"Srpski mediji i intelektualci: Zaustavite Sand\u017eak na \u010delu sa Zukorli\u0107em, prije nego ode stopama Kosova!\",\"isPartOf\":{\"@id\":\"https:\/\/sandzakpress.net\/arhiva\/#website\"},\"primaryImageOfPage\":{\"@id\":\"https:\/\/sandzakpress.net\/arhiva\/srpski-mediji-i-intelektualci-zaustavite-sandzak-na-celu-sa-zukorlicem-prije-nego-ode-stopama-kosova\/#primaryimage\"},\"image\":{\"@id\":\"https:\/\/sandzakpress.net\/arhiva\/srpski-mediji-i-intelektualci-zaustavite-sandzak-na-celu-sa-zukorlicem-prije-nego-ode-stopama-kosova\/#primaryimage\"},\"thumbnailUrl\":\"https:\/\/sandzakpress.net\/arhiva\/wp-content\/uploads\/2013\/11\/297416_muamer-zukorlic-foto-facebook-com-01_f.jpg\",\"datePublished\":\"2013-11-23T20:39:04+00:00\",\"dateModified\":\"2013-11-23T20:46:13+00:00\",\"breadcrumb\":{\"@id\":\"https:\/\/sandzakpress.net\/arhiva\/srpski-mediji-i-intelektualci-zaustavite-sandzak-na-celu-sa-zukorlicem-prije-nego-ode-stopama-kosova\/#breadcrumb\"},\"inLanguage\":\"bs-BA\",\"potentialAction\":[{\"@type\":\"ReadAction\",\"target\":[\"https:\/\/sandzakpress.net\/arhiva\/srpski-mediji-i-intelektualci-zaustavite-sandzak-na-celu-sa-zukorlicem-prije-nego-ode-stopama-kosova\/\"]}]},{\"@type\":\"ImageObject\",\"inLanguage\":\"bs-BA\",\"@id\":\"https:\/\/sandzakpress.net\/arhiva\/srpski-mediji-i-intelektualci-zaustavite-sandzak-na-celu-sa-zukorlicem-prije-nego-ode-stopama-kosova\/#primaryimage\",\"url\":\"https:\/\/sandzakpress.net\/arhiva\/wp-content\/uploads\/2013\/11\/297416_muamer-zukorlic-foto-facebook-com-01_f.jpg\",\"contentUrl\":\"https:\/\/sandzakpress.net\/arhiva\/wp-content\/uploads\/2013\/11\/297416_muamer-zukorlic-foto-facebook-com-01_f.jpg\",\"width\":480,\"height\":290},{\"@type\":\"BreadcrumbList\",\"@id\":\"https:\/\/sandzakpress.net\/arhiva\/srpski-mediji-i-intelektualci-zaustavite-sandzak-na-celu-sa-zukorlicem-prije-nego-ode-stopama-kosova\/#breadcrumb\",\"itemListElement\":[{\"@type\":\"ListItem\",\"position\":1,\"name\":\"Home\",\"item\":\"https:\/\/sandzakpress.net\/arhiva\/\"},{\"@type\":\"ListItem\",\"position\":2,\"name\":\"Srpski mediji i intelektualci: Zaustavite Sand\u017eak na \u010delu sa Zukorli\u0107em, prije nego ode stopama Kosova!\"}]},{\"@type\":\"WebSite\",\"@id\":\"https:\/\/sandzakpress.net\/arhiva\/#website\",\"url\":\"https:\/\/sandzakpress.net\/arhiva\/\",\"name\":\"Sand\u017eak PRESS\",\"description\":\"Prve elektronske novine u Sand\u017eaku\",\"publisher\":{\"@id\":\"https:\/\/sandzakpress.net\/arhiva\/#\/schema\/person\/6e72b67d6e51910a1117b3b483ba20bd\"},\"potentialAction\":[{\"@type\":\"SearchAction\",\"target\":{\"@type\":\"EntryPoint\",\"urlTemplate\":\"https:\/\/sandzakpress.net\/arhiva\/?s={search_term_string}\"},\"query-input\":{\"@type\":\"PropertyValueSpecification\",\"valueRequired\":true,\"valueName\":\"search_term_string\"}}],\"inLanguage\":\"bs-BA\"},{\"@type\":[\"Person\",\"Organization\"],\"@id\":\"https:\/\/sandzakpress.net\/arhiva\/#\/schema\/person\/6e72b67d6e51910a1117b3b483ba20bd\",\"name\":\"Kul\",\"image\":{\"@type\":\"ImageObject\",\"inLanguage\":\"bs-BA\",\"@id\":\"https:\/\/sandzakpress.net\/arhiva\/#\/schema\/person\/image\/\",\"url\":\"https:\/\/secure.gravatar.com\/avatar\/42263f39aa27ac04c43cab85c280eb2e?s=96&d=mm&r=pg\",\"contentUrl\":\"https:\/\/secure.gravatar.com\/avatar\/42263f39aa27ac04c43cab85c280eb2e?s=96&d=mm&r=pg\",\"caption\":\"Kul\"},\"logo\":{\"@id\":\"https:\/\/sandzakpress.net\/arhiva\/#\/schema\/person\/image\/\"}},{\"@type\":\"Person\",\"@id\":\"https:\/\/sandzakpress.net\/arhiva\/#\/schema\/person\/c8baee722073534b583ea7bdb2e36c02\",\"name\":\"bosniak\",\"image\":{\"@type\":\"ImageObject\",\"inLanguage\":\"bs-BA\",\"@id\":\"https:\/\/sandzakpress.net\/arhiva\/#\/schema\/person\/image\/\",\"url\":\"https:\/\/secure.gravatar.com\/avatar\/a04fd330bfe3a36a72a0ad4a6d89fca7?s=96&d=mm&r=pg\",\"contentUrl\":\"https:\/\/secure.gravatar.com\/avatar\/a04fd330bfe3a36a72a0ad4a6d89fca7?s=96&d=mm&r=pg\",\"caption\":\"bosniak\"},\"url\":\"https:\/\/sandzakpress.net\/arhiva\/author\/bosniak\/\"}]}<\/script>\n<!-- \/ Yoast SEO Premium plugin. -->","yoast_head_json":{"title":"Srpski mediji i intelektualci: Zaustavite Sand\u017eak na \u010delu sa Zukorli\u0107em, prije nego ode stopama Kosova!","robots":{"index":"index","follow":"follow","max-snippet":"max-snippet:-1","max-image-preview":"max-image-preview:large","max-video-preview":"max-video-preview:-1"},"canonical":"https:\/\/sandzakpress.net\/arhiva\/srpski-mediji-i-intelektualci-zaustavite-sandzak-na-celu-sa-zukorlicem-prije-nego-ode-stopama-kosova\/","og_locale":"bs_BA","og_type":"article","og_title":"Srpski mediji i intelektualci: Zaustavite Sand\u017eak na \u010delu sa Zukorli\u0107em, prije nego ode stopama Kosova!","og_description":"Sjeverni Sand\u017eak &#8211; Poziv muftije Muamera Zukorli\u0107a na dijalog o autonomiji Sand\u017eaka i njegova inicijativa da se uvede zasebna himna za Bo\u0161njake direktno je kr\u0161enje Ustava Republike Srbije, upozoravaju srpski politi\u010dki analiti\u010dari. Oni ka\u017eu da se ekstremnim izjavama mora stati na put da se ne bi ponovio scenario sa Kosovom, koje smo korak po korak [&hellip;]","og_url":"https:\/\/sandzakpress.net\/arhiva\/srpski-mediji-i-intelektualci-zaustavite-sandzak-na-celu-sa-zukorlicem-prije-nego-ode-stopama-kosova\/","og_site_name":"Sand\u017eak PRESS","article_published_time":"2013-11-23T20:39:04+00:00","article_modified_time":"2013-11-23T20:46:13+00:00","og_image":[{"width":480,"height":290,"url":"https:\/\/sandzakpress.net\/arhiva\/wp-content\/uploads\/2013\/11\/297416_muamer-zukorlic-foto-facebook-com-01_f.jpg","type":"image\/jpeg"}],"author":"bosniak","twitter_card":"summary_large_image","twitter_misc":{"Written by":"bosniak","Est. reading time":"2 minute"},"schema":{"@context":"https:\/\/schema.org","@graph":[{"@type":"Article","@id":"https:\/\/sandzakpress.net\/arhiva\/srpski-mediji-i-intelektualci-zaustavite-sandzak-na-celu-sa-zukorlicem-prije-nego-ode-stopama-kosova\/#article","isPartOf":{"@id":"https:\/\/sandzakpress.net\/arhiva\/srpski-mediji-i-intelektualci-zaustavite-sandzak-na-celu-sa-zukorlicem-prije-nego-ode-stopama-kosova\/"},"author":{"name":"bosniak","@id":"https:\/\/sandzakpress.net\/arhiva\/#\/schema\/person\/c8baee722073534b583ea7bdb2e36c02"},"headline":"Srpski mediji i intelektualci: Zaustavite Sand\u017eak na \u010delu sa Zukorli\u0107em, prije nego ode stopama Kosova!","datePublished":"2013-11-23T20:39:04+00:00","dateModified":"2013-11-23T20:46:13+00:00","mainEntityOfPage":{"@id":"https:\/\/sandzakpress.net\/arhiva\/srpski-mediji-i-intelektualci-zaustavite-sandzak-na-celu-sa-zukorlicem-prije-nego-ode-stopama-kosova\/"},"wordCount":435,"commentCount":29,"publisher":{"@id":"https:\/\/sandzakpress.net\/arhiva\/#\/schema\/person\/6e72b67d6e51910a1117b3b483ba20bd"},"image":{"@id":"https:\/\/sandzakpress.net\/arhiva\/srpski-mediji-i-intelektualci-zaustavite-sandzak-na-celu-sa-zukorlicem-prije-nego-ode-stopama-kosova\/#primaryimage"},"thumbnailUrl":"https:\/\/sandzakpress.net\/arhiva\/wp-content\/uploads\/2013\/11\/297416_muamer-zukorlic-foto-facebook-com-01_f.jpg","keywords":["muftija Muamer Zukorli\u0107","Autonomija Sand\u017eaka"],"articleSection":["Novi Pazar","Ro\u017eaje","Nacija","Sjenica","Berane","Tutin","Petnjica","Prijepolje","Bijelo Polje","Priboj","Pljevlja","Nova Varo\u0161","Plav","Gusinje","VIJESTI DANA"],"inLanguage":"bs-BA","potentialAction":[{"@type":"CommentAction","name":"Comment","target":["https:\/\/sandzakpress.net\/arhiva\/srpski-mediji-i-intelektualci-zaustavite-sandzak-na-celu-sa-zukorlicem-prije-nego-ode-stopama-kosova\/#respond"]}]},{"@type":"WebPage","@id":"https:\/\/sandzakpress.net\/arhiva\/srpski-mediji-i-intelektualci-zaustavite-sandzak-na-celu-sa-zukorlicem-prije-nego-ode-stopama-kosova\/","url":"https:\/\/sandzakpress.net\/arhiva\/srpski-mediji-i-intelektualci-zaustavite-sandzak-na-celu-sa-zukorlicem-prije-nego-ode-stopama-kosova\/","name":"Srpski mediji i intelektualci: Zaustavite Sand\u017eak na \u010delu sa Zukorli\u0107em, prije nego ode stopama Kosova!","isPartOf":{"@id":"https:\/\/sandzakpress.net\/arhiva\/#website"},"primaryImageOfPage":{"@id":"https:\/\/sandzakpress.net\/arhiva\/srpski-mediji-i-intelektualci-zaustavite-sandzak-na-celu-sa-zukorlicem-prije-nego-ode-stopama-kosova\/#primaryimage"},"image":{"@id":"https:\/\/sandzakpress.net\/arhiva\/srpski-mediji-i-intelektualci-zaustavite-sandzak-na-celu-sa-zukorlicem-prije-nego-ode-stopama-kosova\/#primaryimage"},"thumbnailUrl":"https:\/\/sandzakpress.net\/arhiva\/wp-content\/uploads\/2013\/11\/297416_muamer-zukorlic-foto-facebook-com-01_f.jpg","datePublished":"2013-11-23T20:39:04+00:00","dateModified":"2013-11-23T20:46:13+00:00","breadcrumb":{"@id":"https:\/\/sandzakpress.net\/arhiva\/srpski-mediji-i-intelektualci-zaustavite-sandzak-na-celu-sa-zukorlicem-prije-nego-ode-stopama-kosova\/#breadcrumb"},"inLanguage":"bs-BA","potentialAction":[{"@type":"ReadAction","target":["https:\/\/sandzakpress.net\/arhiva\/srpski-mediji-i-intelektualci-zaustavite-sandzak-na-celu-sa-zukorlicem-prije-nego-ode-stopama-kosova\/"]}]},{"@type":"ImageObject","inLanguage":"bs-BA","@id":"https:\/\/sandzakpress.net\/arhiva\/srpski-mediji-i-intelektualci-zaustavite-sandzak-na-celu-sa-zukorlicem-prije-nego-ode-stopama-kosova\/#primaryimage","url":"https:\/\/sandzakpress.net\/arhiva\/wp-content\/uploads\/2013\/11\/297416_muamer-zukorlic-foto-facebook-com-01_f.jpg","contentUrl":"https:\/\/sandzakpress.net\/arhiva\/wp-content\/uploads\/2013\/11\/297416_muamer-zukorlic-foto-facebook-com-01_f.jpg","width":480,"height":290},{"@type":"BreadcrumbList","@id":"https:\/\/sandzakpress.net\/arhiva\/srpski-mediji-i-intelektualci-zaustavite-sandzak-na-celu-sa-zukorlicem-prije-nego-ode-stopama-kosova\/#breadcrumb","itemListElement":[{"@type":"ListItem","position":1,"name":"Home","item":"https:\/\/sandzakpress.net\/arhiva\/"},{"@type":"ListItem","position":2,"name":"Srpski mediji i intelektualci: Zaustavite Sand\u017eak na \u010delu sa Zukorli\u0107em, prije nego ode stopama Kosova!"}]},{"@type":"WebSite","@id":"https:\/\/sandzakpress.net\/arhiva\/#website","url":"https:\/\/sandzakpress.net\/arhiva\/","name":"Sand\u017eak PRESS","description":"Prve elektronske novine u Sand\u017eaku","publisher":{"@id":"https:\/\/sandzakpress.net\/arhiva\/#\/schema\/person\/6e72b67d6e51910a1117b3b483ba20bd"},"potentialAction":[{"@type":"SearchAction","target":{"@type":"EntryPoint","urlTemplate":"https:\/\/sandzakpress.net\/arhiva\/?s={search_term_string}"},"query-input":{"@type":"PropertyValueSpecification","valueRequired":true,"valueName":"search_term_string"}}],"inLanguage":"bs-BA"},{"@type":["Person","Organization"],"@id":"https:\/\/sandzakpress.net\/arhiva\/#\/schema\/person\/6e72b67d6e51910a1117b3b483ba20bd","name":"Kul","image":{"@type":"ImageObject","inLanguage":"bs-BA","@id":"https:\/\/sandzakpress.net\/arhiva\/#\/schema\/person\/image\/","url":"https:\/\/secure.gravatar.com\/avatar\/42263f39aa27ac04c43cab85c280eb2e?s=96&d=mm&r=pg","contentUrl":"https:\/\/secure.gravatar.com\/avatar\/42263f39aa27ac04c43cab85c280eb2e?s=96&d=mm&r=pg","caption":"Kul"},"logo":{"@id":"https:\/\/sandzakpress.net\/arhiva\/#\/schema\/person\/image\/"}},{"@type":"Person","@id":"https:\/\/sandzakpress.net\/arhiva\/#\/schema\/person\/c8baee722073534b583ea7bdb2e36c02","name":"bosniak","image":{"@type":"ImageObject","inLanguage":"bs-BA","@id":"https:\/\/sandzakpress.net\/arhiva\/#\/schema\/person\/image\/","url":"https:\/\/secure.gravatar.com\/avatar\/a04fd330bfe3a36a72a0ad4a6d89fca7?s=96&d=mm&r=pg","contentUrl":"https:\/\/secure.gravatar.com\/avatar\/a04fd330bfe3a36a72a0ad4a6d89fca7?s=96&d=mm&r=pg","caption":"bosniak"},"url":"https:\/\/sandzakpress.net\/arhiva\/author\/bosniak\/"}]}},"_links":{"self":[{"href":"https:\/\/sandzakpress.net\/arhiva\/wp-json\/wp\/v2\/posts\/96450"}],"collection":[{"href":"https:\/\/sandzakpress.net\/arhiva\/wp-json\/wp\/v2\/posts"}],"about":[{"href":"https:\/\/sandzakpress.net\/arhiva\/wp-json\/wp\/v2\/types\/post"}],"author":[{"embeddable":true,"href":"https:\/\/sandzakpress.net\/arhiva\/wp-json\/wp\/v2\/users\/83"}],"replies":[{"embeddable":true,"href":"https:\/\/sandzakpress.net\/arhiva\/wp-json\/wp\/v2\/comments?post=96450"}],"version-history":[{"count":0,"href":"https:\/\/sandzakpress.net\/arhiva\/wp-json\/wp\/v2\/posts\/96450\/revisions"}],"wp:featuredmedia":[{"embeddable":true,"href":"https:\/\/sandzakpress.net\/arhiva\/wp-json\/wp\/v2\/media\/96451"}],"wp:attachment":[{"href":"https:\/\/sandzakpress.net\/arhiva\/wp-json\/wp\/v2\/media?parent=96450"}],"wp:term":[{"taxonomy":"category","embeddable":true,"href":"https:\/\/sandzakpress.net\/arhiva\/wp-json\/wp\/v2\/categories?post=96450"},{"taxonomy":"post_tag","embeddable":true,"href":"https:\/\/sandzakpress.net\/arhiva\/wp-json\/wp\/v2\/tags?post=96450"}],"curies":[{"name":"wp","href":"https:\/\/api.w.org\/{rel}","templated":true}]}}