{"id":96437,"date":"2013-11-23T14:58:20","date_gmt":"2013-11-23T13:58:20","guid":{"rendered":"https:\/\/sandzakpress.net\/arhiva\/?p=96437"},"modified":"2013-11-23T15:00:06","modified_gmt":"2013-11-23T14:00:06","slug":"ko-koga-laze-gospodo-premovic","status":"publish","type":"post","link":"https:\/\/sandzakpress.net\/arhiva\/ko-koga-laze-gospodo-premovic\/","title":{"rendered":"Ko koga la\u017ee gospo\u0111o Premovi\u0107?"},"content":{"rendered":"<figure id=\"attachment_96438\" aria-describedby=\"caption-attachment-96438\" style=\"width: 300px\" class=\"wp-caption alignright\"><img loading=\"lazy\" decoding=\"async\" class=\"size-medium wp-image-96438\" alt=\"sulejman alickovic\" src=\"https:\/\/sandzakpress.net\/arhiva\/wp-content\/uploads\/2013\/11\/sulejman-alickovic-300x220.jpg\" width=\"300\" height=\"220\" \/><figcaption id=\"caption-attachment-96438\" class=\"wp-caption-text\">Pi\u0161e: Sulejman Ali\u010dkovi\u0107<\/figcaption><\/figure>\n<p>Ko to \u017euri da sve one gradine koje do sada nijesu imale imena proglasi Srpskim. Tako to ide u \u017eurbi da \u010dak i imena naselja neznaju iako se u dokumentima mo\u017ee pro\u010ditati. Ime zadnje gradine o kojoj govori arheolog \u201eDostinik\u201c ne postoji. Konstantin Porfirogenit pi\u0161e i navodi \u201eDestinik\u201c ili Destinikon. Na\u017ealost Srpski arheolozi ne prate jedni druge jer ovaj grad je odavno otkriven na Kosovu tako bar oni tvrde. Po\u0161to najnovija zbivanja pokazuju da se historija mo\u017ee tuma\u010diti i ovako i onako, pa se \u201cmalo modificirati\u201c prema trenutnim potrebama, tu su i razli\u010dita vi\u0111enja hroni\u010dara iz raznih epoha, tako da i ova pri\u010da slu\u017ei samo kao pri\u010da. <!--more-->Zar se mora prikrivati istina o Crkvi Svetih apostola Petra i Pavla, kod Novog Pazara, ona nije oduvek bila pravoslavna, jer pravoslavlje kao ogranak hri\u0161\u0107anstva, prije 1054. godine, nije postojalo. A crkva je, svakako, sagra\u0111ena mnogo prije sredine XI veka. Tako\u0111e se postavlja pitanje otkud sada ovaj Dosttanik \u201eDestinik\u201c zar nije on ve\u0107 prona\u0111en? Evo \u0161ta pi\u0161e dr. \u0110or\u0111e Jankovi\u0107 sa Katedre za srednjovjekovnu arheologiju \u2013 Filozofski fakultet, Beograd, predmet: Srednjovjekovna arheologija: \u201eSredi\u0161te srpske dr\u017eave u IX-X stolje\u0107u bilo je u Metohiji\u201c. To proizilazi iz historijskih i arheolo\u0161kih podataka. Naime, smatra se da je u Metohiji bio grad Destinik u IX-X stolje\u0107u, prvi me\u0111u gradovima koje u Srbiji navodi car Konstantin VII Porfirogenit. Analogno Hrvatskoj, gde je prvonavedeni grad Nin ujedno i sjedi\u0161te episkopa za Hrvatsku (DAI, cap. 31; N. Klai\u0107, Povijest Hrvata u ranom srednjem vijeku, Zagreb 1975, 232-239) i Destinik je bio prestonica i sjedi\u0161te episkopa Srbije. Mjestimi\u010dna iskopavanja preduzeta u Pe\u0107koj patrijar\u0161iji 1931-1932, otkrila su u temeljima mnogo ve\u0107u staru crkvu, mo\u017eda trobrodnu baziliku, kojoj pripadaju bo\u010dni zidovi sredi\u0161nje crkve Svetih Apostola (M. Canak-Medic; L'architecture de la premiere moitie de XIIIeme siecle, II, Institut pour la protection des monuments historique de la Republique de Serbie, Beograd 1995, pp 16-29). Jedino se zna\u010dajem ovog starog hrama, verovatno starog episkopskog sjedi\u0161ta, mo\u017ee objasniti njegov izbor za prijesto srpskih arhiepiskopa u XIII stolje\u0107u, a ne u nekom monumentalnijem hramu, kakva su bezmalo sva episkopska sjedi\u0161ta tog vremena, tako\u0111e podignuta na starijim svetili\u0161tima.<\/p>\n<p>Duboki zna\u010daj Kosova Polja kao mati\u010dnog prostora za srpski narod, pokazuje i raspored dvoraca Nemanji\u0107a, najslavnije srpske dinastije (1166-1371). Njihova koncentracija najve\u0107a je na jugu Kosova polja, oko dana\u0161njeg Uro\u0161evca, gde se nekada nalazilo Svr\u010dinsko jezero (S. Cirkovic; Palais princiers autour de l'ancien lac de Kossovo, Recherches sur Vart, 20, Matica Srpska, Novi Sad 1989, pp 83). Tu je sredi\u0161nje razvode Balkanskog poluostrva. Iz nekada\u0161njeg jezera, danas iz re\u010dice Nerodimke, vode oti\u010du istovremeno i u Crno i u Egejsko more. Tu su bila smje\u0161tena \u010detiri dvorca: Nerodimlja (gde je bila palata i u VI stolje\u0107u), Pauni (mesto se spominje u XI stolje\u0107u), Svr\u010din i \u0160timlje. Zapadno od \u0160timlja je razvode prema Jadranskom moru. Izbor ovog polo\u017eaja za naj\u010de\u0161\u0107e boravi\u0161te srpskih vladara ne mo\u017ee biti slu\u010dajan. Vratimo se sada Gradini nedaleko sela Vrhsjence u samom selu le\u017ei nekropola ste\u0107aka. Istina je da se na putu Vija metalika nalazi i gradina kod Vrsjenice. Odavde se mogu kontrolisati karavani, obezbje\u0111ivati njihova za\u0161tita od vremena Ilira pa do dolaska Osmanlija. Mnoga mjesta zabilje\u017ei\u0161e i Osmanski defteri 1468\/69: Pirte\u0161 ?, VRHSENICA domova 9, neo\u017eenjenih 5, Prihod: 625. U napomeni stoji: U orginalu Vrh-Seni\u010da. Danas naselje Vrsenica je jugoisto\u010dno od Sjenice. Kao \u0161to vidimo i ovdje se izbjeglo slovo h poznato je i za\u0161to. Nemogav\u0161i izbe\u0107i istinu da je saobra\u0107ajnica postojala hiljadama godina ipak se izgovorila re\u010denica: \u201eOvom drevnom saobra\u0107ajnicom izme\u0111u obronaka Golije i Pe\u0161terske visoravni, ve\u0107 hiljadama godina cirkuli\u0161e roba izme\u0111u centralnog Balkana i jadranskih luka.\u201c Iz koje izvla\u010dimo zaklju\u010dak da su pred iliri, Iliri bili ti koju su trasirali ovu saobra\u0107ajnicu. Normalno naseljavali ovaj prostor i pravili svoje gradove i naselja.<\/p>\n<p><img loading=\"lazy\" decoding=\"async\" class=\"size-large wp-image-96441 alignnone\" alt=\"suljo a\" src=\"https:\/\/sandzakpress.net\/arhiva\/wp-content\/uploads\/2013\/11\/suljo-a-616x462.jpg\" width=\"615\" height=\"461\" \/><\/p>\n<p>&#8211; Ovo je deo puta Vija metalika, kojim su metali iz isto\u010dnog dela provincije Dalmacije, iz kopova Kopaonika i Rogozne. Kada znamo da su postojale trgova\u010dke razmjene u samoj unutra\u0161njosti Starog Ilirika vjerovatno mo\u017eemo donijeti zaklju\u010dak da su postojali i putni pravci koje su poslije samo iskoristile Rimske Legije i tim pravcima osvajale i teritoriju Sand\u017eaka. Kako u svojoj studiji re\u010de Papazoglu \u201enegdje na sjeveru Crne Gore dogodila se najve\u0107a bitka Ilirski ratnika sa rimskom legijom\u201c, (Rimske legije su mogle pro\u0107i samo tamo gdje je postojao put zbog svojih te\u0161ikih oklopa) Bosnsko &#8211; dubrova\u010dki put su koristili trgovci i u anti\u010dko doba to je neosporno. Dubrova\u010dki pute se kretao od Fo\u010de Pljevalja Limskom dolinom, Prijepolje (Hisard\u017eik) Milo\u0161evac, Ka\u0107evac Kearaula, Gora\u0107ica, Sjenica, Brniica \u0160tavalj. Putni pravac u nauci poznat Zetski put nije nastao u vremenu Osmanlija to sa sigurno\u0161\u0107u mogu tvrditi a ni za vrijeme Rimljana, jer logi\u010dno da su tim putem prolazili jo\u0161 Iliri njegova trasa nas vodi ispod Kraljevskog grada Ilira Arse-Ras. Put se od Pazari\u0161ta odvaja u dva pravca jedan vodi uzvodno pored rijeke Ra\u0161ke do sela Bagri tu prelazi preko Ra\u0161ke, pa uz kosu Sije\u010de, brdo i selo Crno\u010du, nastavlja Ko\u0161tampolja, Devre\u010da, Grdaca, Suhodola, Korita i Bihora gdje se spaja sa putem \u0161to je dolazio od Sjeni\u010dke visoravni i Moravice. Postoje oni histori\u010dari koji ne \u017eele da vide istinu da je preko 60 % naziva mjesta pored tog puta Ilirskog jezika, ve\u0107 da bi dokazali kako je to njihovo navedu kao toponime fortifikacijskih objekata, \u010dije su posade taj put osiguravale: Gradac, Samograd, Gradina. Neznam koliko je to uop\u0161te va\u017eno da bi se negiralo ono \u0161to su fakti da se na ovoj teritoriji Bo\u0161njaci nalaze du\u017ee od svih ostalih.<\/p>\n<p>Mnoge od ovih toponima je nau\u010dno obradio Akademik Alija D\u017eogovi\u0107: Atlas Izoglose Sand\u017eaka.<\/p>\n<p>Jo\u0161 jedan va\u017ean putni pravac iz anti\u010dkog doba je i put za Bosnu preko Priboja: Ilid\u017ea (Raj\u010dinovi\u0107e), Dolinom Ljudske rijeke, Petrova, Sitni\u010de na Vare\u0161, Vever, Okose, \u0160titare, Koznik, \u0160arski Prevoj, Brnjica, Sjenica, Vrsjenica, Vapa Lupoglava, \u017dvala na uvcu Lopi\u017ee Ruto\u0161e Priboj, Uibar, i put prema Glasincu i Rogatici. Ovo su putevi koji su trasirani ba\u0161 uz rijeke i prevoje da bi se \u0161to lak\u0161e putovalo sa kojima. U narodu poznate (d\u017eada) po svoj prilici ovo su putevi koje su posllije Ilira. koristili i Rimljni i Osmanlije pojedini pravci se koriste i danas. Postojanje velikog broja Gradina, Gradaca na teritoriji Sand\u017eaka koje su rijetko istra\u017eivane ili samo povr\u0161no samo gornji sloj tojest sloj Nemanji\u0107a \u0161to je jo\u0161 jedan od dokaza da se najmanje radilo na tome da se osvjetli historija jednog naroda na ovim prostorima. Tako od Rasa pa sve redom \u0161to pripada bo\u0161nja\u010dkoj historiji poku\u0161avali su pripisivati kao svoje. Me\u0111utim ako samo malo dublje zakopamo, a uz to i onomastiku pogledamo mnogih toponima, oronima, hidronima, koji se nalaze na svim ovim putnim pravcima, vidje\u0107emo da su rijetki iz Slovenskog jezika. Po\u0111emo li od Rasa, Ra\u0161ke, Vivera, Vare\u0161a, Pe\u0161teri, Prijepolja pa do Uibara \u0161to zna\u010di od Ibra do Drine vidje\u0107emo koji su to narodi ostavljali tragove tamo gdje su \u017eivjeli. Trgova\u010dke veze Ilira, Kelta, Gota, Grka i Rimljana trasiraju i putne pravce. \u017deljezna ruda se iskopavala i za vrijeme Ilirskih kraljeva, srebro tako\u0111e. Dokaza za to ima mnogo iako je tek jedan mali dio otkriven. Gulhovi\u010da je poznati rudnik \u017eeljeza i za vrijeme Ilira. Zar to ne dokazuju strelice nau\u0161nice, od \u017eeljeza prona\u0111ene na teritoriji Sand\u017eaka sve je to nekada bilo izlo\u017eeno u muzeju Ras i moglo se pro\u010ditati da pripada Ilirima. Od 7. stolje\u0107a prije nove ere \u017eeljezo preuzima primat, prepu\u0161taju\u0107i bronzi domenu nakita i umjetnosti. Razli\u010dita ilirska plemena pod utjecajem hal\u0161tatskih kultura formiraju vlastite regionalne varijante.<\/p>\n<p><img loading=\"lazy\" decoding=\"async\" class=\"size-large wp-image-96443 alignnone\" alt=\"suljo b\" src=\"https:\/\/sandzakpress.net\/arhiva\/wp-content\/uploads\/2013\/11\/suljo-b-616x462.jpg\" width=\"615\" height=\"461\" \/><\/p>\n<p>Pojedina plemena imaju izuzetnu sklonost ki\u0107enju (te\u0161ke, predimenzionirane ogrlice od \u017eute, plave ili bijele staklene paste, masivne bron\u010dane fibule, bron\u010dani privjesci u obliku \u017eivotinja i ljudi, spiralne narukvice, dijademi, kape i oglavlja od bron\u010danog lima.) Mnoge urne su se mogle vidjeti iz vremena Ilira, danas toga vi\u0161e nema ili je pripisano drugima. Na\u017ealost da se niko nije dohvatio ovog veoma va\u017enog posla i kao \u0161to je to uradi Ivo Bojanovski za Bosnu da obradi to i za prostor Sand\u017eaka. Postojanje Ilirskih gradova je sigurno dovelo i do putnih komunikacija na na\u0161im prostorima u anti\u010dko doba. Me\u0111utim ako se ne preuzme obaveza da se utvrdi stvarna historija a ne prihvatanje neke koja je pisana na mitomaniji to se od takvih ne mo\u017ee ni o\u010dekivati, jer tu nema istine a niti nauke.<\/p>\n<p>Ilirska plemena stvarala su svoje dr\u017eave, zapravo saveze, plemena. Poznato je petnaestak vladara, od kojih je znatan broj bio iz plemena Ardijeja. Od njih je, svakako, najslavnija bila kraljica Teuta. Iz gr\u010dkih kolonija s obale i otoka, a osobito iz susjedne velike Narone, prodirala je onodobna mediteranska kultura i na ovo podru\u010dje. O tome svjedo\u010de brojni ostatci iz toga razdoblja. U tom pogledu vrlo je vrijedno novo nalazi\u0161te u tvr\u0111avi Ras, selo Glogovik, najnovija nekropola u selu Pru\u017eanj, koje upe\u010datljivo potvr\u0111uje tu iliro-gr\u010dku kulturnu sferu, nekoliko kopalja, ali i drugi brojni ostatci (omega-igle, fibule, ukrasi, bogata keramika\u2026) koje arheolozi smje\u0161taju na prijelazu iz V. u IV. stolje\u0107e prije nove ere a neke \u010dak i mnogo ranije. Nije li ba\u0161 Teuta ostavila trag svog imena u nazivu grada Tutina. Trag Gradine je materijalni dokaz od koga se ne mo\u017ee bje\u017eati. I kao \u0161to postoje Ilirske gradine tvr\u0111ave tako su isto i trgova\u010dki karavani morali dolaziti i odlaziti nude\u0107i i kupuju\u0107i robu. Me\u0111utim kao \u0161to su narodi ostavljali materijalne kao i u samoj onomastici. Prelaze\u0107i rijeku Vapu ni slutila izgleda nije da je ba\u0161 to ime rijeka dobila ime koju su ostavili Kelti, Vrsjenica dobila ime od Iliro-Kelta koji su boravili na ovim prostorima. Gledaju\u0107i na Giljevu vidjela je planinu kojoj ime ostavi\u0161e Iliri starosjedioci ovih prostora ili kako to voli da ka\u017ee arheolog Dardani. Poznato je da na ovim prostorima borave Pirusti. Breuci i ostala plemena. Samo utvr\u0111enje je suhozid a u nauci dobro poznato ko je takva utvr\u0111enja gradio. \u0160to se ti\u010de sahranjivanje mrtvih prona\u0111eni su tumuli-gomile na skoro \u010ditavoj teritoriji Sand\u017eaka bar ono \u0161to je do sada istra\u017eeno. Glogovik pa sve redom. Na kraju bih postavio pitanje.<\/p>\n<p>Dali sada sve ono \u0161to je bilo Kosovo treba da postane Sand\u017eak ? Prebacuje li se to kolijevka sa jednog mjesta na drugo, vrijeme \u0107e pokazati ali izgleda ve\u0107 je po\u010delo.<\/p>\n","protected":false},"excerpt":{"rendered":"<p>Sulejman Ali\u010dkovi\u0107<\/p>\n","protected":false},"author":83,"featured_media":96439,"comment_status":"open","ping_status":"open","sticky":false,"template":"","format":"standard","meta":{"footnotes":""},"categories":[10196],"tags":[],"class_list":{"0":"post-96437","1":"post","2":"type-post","3":"status-publish","4":"format-standard","5":"has-post-thumbnail","7":"category-iz-pera-nasih-autora"},"yoast_head":"<!-- This site is optimized with the Yoast SEO Premium plugin v23.1 (Yoast SEO v24.9) - https:\/\/yoast.com\/wordpress\/plugins\/seo\/ -->\n<title>Ko koga la\u017ee gospo\u0111o Premovi\u0107?<\/title>\n<meta name=\"robots\" content=\"index, follow, max-snippet:-1, max-image-preview:large, max-video-preview:-1\" \/>\n<link rel=\"canonical\" href=\"https:\/\/sandzakpress.net\/arhiva\/ko-koga-laze-gospodo-premovic\/\" \/>\n<meta property=\"og:locale\" content=\"bs_BA\" \/>\n<meta property=\"og:type\" content=\"article\" \/>\n<meta property=\"og:title\" content=\"Ko koga la\u017ee gospo\u0111o Premovi\u0107?\" \/>\n<meta property=\"og:description\" content=\"Sulejman Ali\u010dkovi\u0107\" \/>\n<meta property=\"og:url\" content=\"https:\/\/sandzakpress.net\/arhiva\/ko-koga-laze-gospodo-premovic\/\" \/>\n<meta property=\"og:site_name\" content=\"Sand\u017eak PRESS\" \/>\n<meta property=\"article:published_time\" content=\"2013-11-23T13:58:20+00:00\" \/>\n<meta property=\"article:modified_time\" content=\"2013-11-23T14:00:06+00:00\" \/>\n<meta property=\"og:image\" content=\"https:\/\/sandzakpress.net\/arhiva\/wp-content\/uploads\/2013\/11\/sulejman-alickovic-300x2201.jpg\" \/>\n\t<meta property=\"og:image:width\" content=\"300\" \/>\n\t<meta property=\"og:image:height\" content=\"220\" \/>\n\t<meta property=\"og:image:type\" content=\"image\/jpeg\" \/>\n<meta name=\"author\" content=\"bosniak\" \/>\n<meta name=\"twitter:card\" content=\"summary_large_image\" \/>\n<meta name=\"twitter:label1\" content=\"Written by\" \/>\n\t<meta name=\"twitter:data1\" content=\"bosniak\" \/>\n\t<meta name=\"twitter:label2\" content=\"Est. reading time\" \/>\n\t<meta name=\"twitter:data2\" content=\"9 minuta\" \/>\n<script type=\"application\/ld+json\" class=\"yoast-schema-graph\">{\"@context\":\"https:\/\/schema.org\",\"@graph\":[{\"@type\":\"Article\",\"@id\":\"https:\/\/sandzakpress.net\/arhiva\/ko-koga-laze-gospodo-premovic\/#article\",\"isPartOf\":{\"@id\":\"https:\/\/sandzakpress.net\/arhiva\/ko-koga-laze-gospodo-premovic\/\"},\"author\":{\"name\":\"bosniak\",\"@id\":\"https:\/\/sandzakpress.net\/arhiva\/#\/schema\/person\/c8baee722073534b583ea7bdb2e36c02\"},\"headline\":\"Ko koga la\u017ee gospo\u0111o Premovi\u0107?\",\"datePublished\":\"2013-11-23T13:58:20+00:00\",\"dateModified\":\"2013-11-23T14:00:06+00:00\",\"mainEntityOfPage\":{\"@id\":\"https:\/\/sandzakpress.net\/arhiva\/ko-koga-laze-gospodo-premovic\/\"},\"wordCount\":1863,\"commentCount\":35,\"publisher\":{\"@id\":\"https:\/\/sandzakpress.net\/arhiva\/#\/schema\/person\/6e72b67d6e51910a1117b3b483ba20bd\"},\"image\":{\"@id\":\"https:\/\/sandzakpress.net\/arhiva\/ko-koga-laze-gospodo-premovic\/#primaryimage\"},\"thumbnailUrl\":\"https:\/\/sandzakpress.net\/arhiva\/wp-content\/uploads\/2013\/11\/sulejman-alickovic-300x2201.jpg\",\"articleSection\":[\"Iz pera na\u0161ih autora\"],\"inLanguage\":\"bs-BA\",\"potentialAction\":[{\"@type\":\"CommentAction\",\"name\":\"Comment\",\"target\":[\"https:\/\/sandzakpress.net\/arhiva\/ko-koga-laze-gospodo-premovic\/#respond\"]}]},{\"@type\":\"WebPage\",\"@id\":\"https:\/\/sandzakpress.net\/arhiva\/ko-koga-laze-gospodo-premovic\/\",\"url\":\"https:\/\/sandzakpress.net\/arhiva\/ko-koga-laze-gospodo-premovic\/\",\"name\":\"Ko koga la\u017ee gospo\u0111o Premovi\u0107?\",\"isPartOf\":{\"@id\":\"https:\/\/sandzakpress.net\/arhiva\/#website\"},\"primaryImageOfPage\":{\"@id\":\"https:\/\/sandzakpress.net\/arhiva\/ko-koga-laze-gospodo-premovic\/#primaryimage\"},\"image\":{\"@id\":\"https:\/\/sandzakpress.net\/arhiva\/ko-koga-laze-gospodo-premovic\/#primaryimage\"},\"thumbnailUrl\":\"https:\/\/sandzakpress.net\/arhiva\/wp-content\/uploads\/2013\/11\/sulejman-alickovic-300x2201.jpg\",\"datePublished\":\"2013-11-23T13:58:20+00:00\",\"dateModified\":\"2013-11-23T14:00:06+00:00\",\"breadcrumb\":{\"@id\":\"https:\/\/sandzakpress.net\/arhiva\/ko-koga-laze-gospodo-premovic\/#breadcrumb\"},\"inLanguage\":\"bs-BA\",\"potentialAction\":[{\"@type\":\"ReadAction\",\"target\":[\"https:\/\/sandzakpress.net\/arhiva\/ko-koga-laze-gospodo-premovic\/\"]}]},{\"@type\":\"ImageObject\",\"inLanguage\":\"bs-BA\",\"@id\":\"https:\/\/sandzakpress.net\/arhiva\/ko-koga-laze-gospodo-premovic\/#primaryimage\",\"url\":\"https:\/\/sandzakpress.net\/arhiva\/wp-content\/uploads\/2013\/11\/sulejman-alickovic-300x2201.jpg\",\"contentUrl\":\"https:\/\/sandzakpress.net\/arhiva\/wp-content\/uploads\/2013\/11\/sulejman-alickovic-300x2201.jpg\",\"width\":300,\"height\":220},{\"@type\":\"BreadcrumbList\",\"@id\":\"https:\/\/sandzakpress.net\/arhiva\/ko-koga-laze-gospodo-premovic\/#breadcrumb\",\"itemListElement\":[{\"@type\":\"ListItem\",\"position\":1,\"name\":\"Home\",\"item\":\"https:\/\/sandzakpress.net\/arhiva\/\"},{\"@type\":\"ListItem\",\"position\":2,\"name\":\"Ko koga la\u017ee gospo\u0111o Premovi\u0107?\"}]},{\"@type\":\"WebSite\",\"@id\":\"https:\/\/sandzakpress.net\/arhiva\/#website\",\"url\":\"https:\/\/sandzakpress.net\/arhiva\/\",\"name\":\"Sand\u017eak PRESS\",\"description\":\"Prve elektronske novine u Sand\u017eaku\",\"publisher\":{\"@id\":\"https:\/\/sandzakpress.net\/arhiva\/#\/schema\/person\/6e72b67d6e51910a1117b3b483ba20bd\"},\"potentialAction\":[{\"@type\":\"SearchAction\",\"target\":{\"@type\":\"EntryPoint\",\"urlTemplate\":\"https:\/\/sandzakpress.net\/arhiva\/?s={search_term_string}\"},\"query-input\":{\"@type\":\"PropertyValueSpecification\",\"valueRequired\":true,\"valueName\":\"search_term_string\"}}],\"inLanguage\":\"bs-BA\"},{\"@type\":[\"Person\",\"Organization\"],\"@id\":\"https:\/\/sandzakpress.net\/arhiva\/#\/schema\/person\/6e72b67d6e51910a1117b3b483ba20bd\",\"name\":\"Kul\",\"image\":{\"@type\":\"ImageObject\",\"inLanguage\":\"bs-BA\",\"@id\":\"https:\/\/sandzakpress.net\/arhiva\/#\/schema\/person\/image\/\",\"url\":\"https:\/\/secure.gravatar.com\/avatar\/42263f39aa27ac04c43cab85c280eb2e?s=96&d=mm&r=pg\",\"contentUrl\":\"https:\/\/secure.gravatar.com\/avatar\/42263f39aa27ac04c43cab85c280eb2e?s=96&d=mm&r=pg\",\"caption\":\"Kul\"},\"logo\":{\"@id\":\"https:\/\/sandzakpress.net\/arhiva\/#\/schema\/person\/image\/\"}},{\"@type\":\"Person\",\"@id\":\"https:\/\/sandzakpress.net\/arhiva\/#\/schema\/person\/c8baee722073534b583ea7bdb2e36c02\",\"name\":\"bosniak\",\"image\":{\"@type\":\"ImageObject\",\"inLanguage\":\"bs-BA\",\"@id\":\"https:\/\/sandzakpress.net\/arhiva\/#\/schema\/person\/image\/\",\"url\":\"https:\/\/secure.gravatar.com\/avatar\/a04fd330bfe3a36a72a0ad4a6d89fca7?s=96&d=mm&r=pg\",\"contentUrl\":\"https:\/\/secure.gravatar.com\/avatar\/a04fd330bfe3a36a72a0ad4a6d89fca7?s=96&d=mm&r=pg\",\"caption\":\"bosniak\"},\"url\":\"https:\/\/sandzakpress.net\/arhiva\/author\/bosniak\/\"}]}<\/script>\n<!-- \/ Yoast SEO Premium plugin. -->","yoast_head_json":{"title":"Ko koga la\u017ee gospo\u0111o Premovi\u0107?","robots":{"index":"index","follow":"follow","max-snippet":"max-snippet:-1","max-image-preview":"max-image-preview:large","max-video-preview":"max-video-preview:-1"},"canonical":"https:\/\/sandzakpress.net\/arhiva\/ko-koga-laze-gospodo-premovic\/","og_locale":"bs_BA","og_type":"article","og_title":"Ko koga la\u017ee gospo\u0111o Premovi\u0107?","og_description":"Sulejman Ali\u010dkovi\u0107","og_url":"https:\/\/sandzakpress.net\/arhiva\/ko-koga-laze-gospodo-premovic\/","og_site_name":"Sand\u017eak PRESS","article_published_time":"2013-11-23T13:58:20+00:00","article_modified_time":"2013-11-23T14:00:06+00:00","og_image":[{"width":300,"height":220,"url":"https:\/\/sandzakpress.net\/arhiva\/wp-content\/uploads\/2013\/11\/sulejman-alickovic-300x2201.jpg","type":"image\/jpeg"}],"author":"bosniak","twitter_card":"summary_large_image","twitter_misc":{"Written by":"bosniak","Est. reading time":"9 minuta"},"schema":{"@context":"https:\/\/schema.org","@graph":[{"@type":"Article","@id":"https:\/\/sandzakpress.net\/arhiva\/ko-koga-laze-gospodo-premovic\/#article","isPartOf":{"@id":"https:\/\/sandzakpress.net\/arhiva\/ko-koga-laze-gospodo-premovic\/"},"author":{"name":"bosniak","@id":"https:\/\/sandzakpress.net\/arhiva\/#\/schema\/person\/c8baee722073534b583ea7bdb2e36c02"},"headline":"Ko koga la\u017ee gospo\u0111o Premovi\u0107?","datePublished":"2013-11-23T13:58:20+00:00","dateModified":"2013-11-23T14:00:06+00:00","mainEntityOfPage":{"@id":"https:\/\/sandzakpress.net\/arhiva\/ko-koga-laze-gospodo-premovic\/"},"wordCount":1863,"commentCount":35,"publisher":{"@id":"https:\/\/sandzakpress.net\/arhiva\/#\/schema\/person\/6e72b67d6e51910a1117b3b483ba20bd"},"image":{"@id":"https:\/\/sandzakpress.net\/arhiva\/ko-koga-laze-gospodo-premovic\/#primaryimage"},"thumbnailUrl":"https:\/\/sandzakpress.net\/arhiva\/wp-content\/uploads\/2013\/11\/sulejman-alickovic-300x2201.jpg","articleSection":["Iz pera na\u0161ih autora"],"inLanguage":"bs-BA","potentialAction":[{"@type":"CommentAction","name":"Comment","target":["https:\/\/sandzakpress.net\/arhiva\/ko-koga-laze-gospodo-premovic\/#respond"]}]},{"@type":"WebPage","@id":"https:\/\/sandzakpress.net\/arhiva\/ko-koga-laze-gospodo-premovic\/","url":"https:\/\/sandzakpress.net\/arhiva\/ko-koga-laze-gospodo-premovic\/","name":"Ko koga la\u017ee gospo\u0111o Premovi\u0107?","isPartOf":{"@id":"https:\/\/sandzakpress.net\/arhiva\/#website"},"primaryImageOfPage":{"@id":"https:\/\/sandzakpress.net\/arhiva\/ko-koga-laze-gospodo-premovic\/#primaryimage"},"image":{"@id":"https:\/\/sandzakpress.net\/arhiva\/ko-koga-laze-gospodo-premovic\/#primaryimage"},"thumbnailUrl":"https:\/\/sandzakpress.net\/arhiva\/wp-content\/uploads\/2013\/11\/sulejman-alickovic-300x2201.jpg","datePublished":"2013-11-23T13:58:20+00:00","dateModified":"2013-11-23T14:00:06+00:00","breadcrumb":{"@id":"https:\/\/sandzakpress.net\/arhiva\/ko-koga-laze-gospodo-premovic\/#breadcrumb"},"inLanguage":"bs-BA","potentialAction":[{"@type":"ReadAction","target":["https:\/\/sandzakpress.net\/arhiva\/ko-koga-laze-gospodo-premovic\/"]}]},{"@type":"ImageObject","inLanguage":"bs-BA","@id":"https:\/\/sandzakpress.net\/arhiva\/ko-koga-laze-gospodo-premovic\/#primaryimage","url":"https:\/\/sandzakpress.net\/arhiva\/wp-content\/uploads\/2013\/11\/sulejman-alickovic-300x2201.jpg","contentUrl":"https:\/\/sandzakpress.net\/arhiva\/wp-content\/uploads\/2013\/11\/sulejman-alickovic-300x2201.jpg","width":300,"height":220},{"@type":"BreadcrumbList","@id":"https:\/\/sandzakpress.net\/arhiva\/ko-koga-laze-gospodo-premovic\/#breadcrumb","itemListElement":[{"@type":"ListItem","position":1,"name":"Home","item":"https:\/\/sandzakpress.net\/arhiva\/"},{"@type":"ListItem","position":2,"name":"Ko koga la\u017ee gospo\u0111o Premovi\u0107?"}]},{"@type":"WebSite","@id":"https:\/\/sandzakpress.net\/arhiva\/#website","url":"https:\/\/sandzakpress.net\/arhiva\/","name":"Sand\u017eak PRESS","description":"Prve elektronske novine u Sand\u017eaku","publisher":{"@id":"https:\/\/sandzakpress.net\/arhiva\/#\/schema\/person\/6e72b67d6e51910a1117b3b483ba20bd"},"potentialAction":[{"@type":"SearchAction","target":{"@type":"EntryPoint","urlTemplate":"https:\/\/sandzakpress.net\/arhiva\/?s={search_term_string}"},"query-input":{"@type":"PropertyValueSpecification","valueRequired":true,"valueName":"search_term_string"}}],"inLanguage":"bs-BA"},{"@type":["Person","Organization"],"@id":"https:\/\/sandzakpress.net\/arhiva\/#\/schema\/person\/6e72b67d6e51910a1117b3b483ba20bd","name":"Kul","image":{"@type":"ImageObject","inLanguage":"bs-BA","@id":"https:\/\/sandzakpress.net\/arhiva\/#\/schema\/person\/image\/","url":"https:\/\/secure.gravatar.com\/avatar\/42263f39aa27ac04c43cab85c280eb2e?s=96&d=mm&r=pg","contentUrl":"https:\/\/secure.gravatar.com\/avatar\/42263f39aa27ac04c43cab85c280eb2e?s=96&d=mm&r=pg","caption":"Kul"},"logo":{"@id":"https:\/\/sandzakpress.net\/arhiva\/#\/schema\/person\/image\/"}},{"@type":"Person","@id":"https:\/\/sandzakpress.net\/arhiva\/#\/schema\/person\/c8baee722073534b583ea7bdb2e36c02","name":"bosniak","image":{"@type":"ImageObject","inLanguage":"bs-BA","@id":"https:\/\/sandzakpress.net\/arhiva\/#\/schema\/person\/image\/","url":"https:\/\/secure.gravatar.com\/avatar\/a04fd330bfe3a36a72a0ad4a6d89fca7?s=96&d=mm&r=pg","contentUrl":"https:\/\/secure.gravatar.com\/avatar\/a04fd330bfe3a36a72a0ad4a6d89fca7?s=96&d=mm&r=pg","caption":"bosniak"},"url":"https:\/\/sandzakpress.net\/arhiva\/author\/bosniak\/"}]}},"_links":{"self":[{"href":"https:\/\/sandzakpress.net\/arhiva\/wp-json\/wp\/v2\/posts\/96437"}],"collection":[{"href":"https:\/\/sandzakpress.net\/arhiva\/wp-json\/wp\/v2\/posts"}],"about":[{"href":"https:\/\/sandzakpress.net\/arhiva\/wp-json\/wp\/v2\/types\/post"}],"author":[{"embeddable":true,"href":"https:\/\/sandzakpress.net\/arhiva\/wp-json\/wp\/v2\/users\/83"}],"replies":[{"embeddable":true,"href":"https:\/\/sandzakpress.net\/arhiva\/wp-json\/wp\/v2\/comments?post=96437"}],"version-history":[{"count":0,"href":"https:\/\/sandzakpress.net\/arhiva\/wp-json\/wp\/v2\/posts\/96437\/revisions"}],"wp:featuredmedia":[{"embeddable":true,"href":"https:\/\/sandzakpress.net\/arhiva\/wp-json\/wp\/v2\/media\/96439"}],"wp:attachment":[{"href":"https:\/\/sandzakpress.net\/arhiva\/wp-json\/wp\/v2\/media?parent=96437"}],"wp:term":[{"taxonomy":"category","embeddable":true,"href":"https:\/\/sandzakpress.net\/arhiva\/wp-json\/wp\/v2\/categories?post=96437"},{"taxonomy":"post_tag","embeddable":true,"href":"https:\/\/sandzakpress.net\/arhiva\/wp-json\/wp\/v2\/tags?post=96437"}],"curies":[{"name":"wp","href":"https:\/\/api.w.org\/{rel}","templated":true}]}}