{"id":96294,"date":"2013-11-22T16:55:42","date_gmt":"2013-11-22T15:55:42","guid":{"rendered":"https:\/\/sandzakpress.net\/arhiva\/?p=96294"},"modified":"2013-11-22T17:00:03","modified_gmt":"2013-11-22T16:00:03","slug":"sad-zele-da-vide-kosovo-i-region-u-evropskoj-uniji","status":"publish","type":"post","link":"https:\/\/sandzakpress.net\/arhiva\/sad-zele-da-vide-kosovo-i-region-u-evropskoj-uniji\/","title":{"rendered":"SAD \u017eele da vide Kosovo i region u Evropskoj uniji"},"content":{"rendered":"<h3><img loading=\"lazy\" decoding=\"async\" class=\"alignleft size-full wp-image-96295\" alt=\"jahjaga sad_1\" src=\"https:\/\/sandzakpress.net\/arhiva\/wp-content\/uploads\/2013\/11\/jahjaga-sad_1.jpg\" width=\"240\" height=\"180\" \/>Amerika, Kosovo &#8211; Zamjenik pomo\u0107nika dr\u017eavnog sekretara SAD za evropska i evroazijska pitanja Hojt Brajan Ji izjavio je u Pri\u0161tini da \u0107e SAD nastaviti da podr\u017eavaju Kosovo.<\/h3>\n<div>\n<div><\/div>\n<div>\n<p>Na sastanku s predsjednicom Kosova Atifetom Jahjagom, ameri\u010dki diplomata je rekao da SAD \u017eele da vide Kosovo i region u Evropskoj uniji.<\/p>\n<p>On je rekao da Kosovo treba da nastavi reforme i proces demokratizacije.<\/p>\n<p>Kako je saop\u0161teno iz kabineta predsjednice, Jahjaga je ocjenila da su odnosi Kosova i SAD odli\u010dni i podvukla zna\u010daj ameri\u010dke podr\u0161ke.<\/p>\n<p>Jahjaga je rekla da je va\u017ean dijalog Kosova i Srbije koji je doveo do Briselskog sporazuma od aprila. Ona se zalo\u017eila za doslijednu primjenu tog sporazuma navode\u0107i da je on doveo i do odr\u017eavanja slobodnih i demokratskih lokalnih izbora na Kosovu.<\/p>\n<p>Prema rije\u010dima predsjednice, primjena postignutih sporazuma vodi ka punoj normalizaciji odnosa Srbije i Kosova, \u010dime se otvara i put evropskoj integraciji obije zemlje.<\/p>\n<p>Jahjaga smatra da dijalog treba zaokru\u017eiti pravnim sporazumom koji \u0107e omogu\u0107iti da Kosovo i Srbija nastave svoje puteve ka EU, a da pritom ne blokiraju jedni druge.<\/p>\n<p>(Bosnjak-KS)<\/p>\n<\/div>\n<\/div>\n","protected":false},"excerpt":{"rendered":"<p>Amerika, Kosovo &#8211; Zamjenik pomo\u0107nika dr\u017eavnog sekretara SAD za evropska i evroazijska pitanja Hojt Brajan Ji izjavio je u Pri\u0161tini da \u0107e SAD nastaviti da podr\u017eavaju Kosovo. Na sastanku s predsjednicom Kosova Atifetom Jahjagom, ameri\u010dki diplomata je rekao da SAD \u017eele da vide Kosovo i region u Evropskoj uniji. On je rekao da Kosovo treba [&hellip;]<\/p>\n","protected":false},"author":83,"featured_media":96295,"comment_status":"open","ping_status":"open","sticky":false,"template":"","format":"standard","meta":{"footnotes":""},"categories":[3012,1,2690],"tags":[],"class_list":{"0":"post-96294","1":"post","2":"type-post","3":"status-publish","4":"format-standard","5":"has-post-thumbnail","7":"category-amerika-gradovi","8":"category-politika","9":"category-kosovo-gradovi"},"yoast_head":"<!-- This site is optimized with the Yoast SEO Premium plugin v23.1 (Yoast SEO v24.9) - https:\/\/yoast.com\/wordpress\/plugins\/seo\/ -->\n<title>SAD \u017eele da vide Kosovo i region u Evropskoj uniji<\/title>\n<meta name=\"robots\" content=\"index, follow, max-snippet:-1, max-image-preview:large, max-video-preview:-1\" \/>\n<link rel=\"canonical\" href=\"https:\/\/sandzakpress.net\/arhiva\/sad-zele-da-vide-kosovo-i-region-u-evropskoj-uniji\/\" \/>\n<meta property=\"og:locale\" content=\"bs_BA\" \/>\n<meta property=\"og:type\" content=\"article\" \/>\n<meta property=\"og:title\" content=\"SAD \u017eele da vide Kosovo i region u Evropskoj uniji\" \/>\n<meta property=\"og:description\" content=\"Amerika, Kosovo &#8211; Zamjenik pomo\u0107nika dr\u017eavnog sekretara SAD za evropska i evroazijska pitanja Hojt Brajan Ji izjavio je u Pri\u0161tini da \u0107e SAD nastaviti da podr\u017eavaju Kosovo. Na sastanku s predsjednicom Kosova Atifetom Jahjagom, ameri\u010dki diplomata je rekao da SAD \u017eele da vide Kosovo i region u Evropskoj uniji. On je rekao da Kosovo treba [&hellip;]\" \/>\n<meta property=\"og:url\" content=\"https:\/\/sandzakpress.net\/arhiva\/sad-zele-da-vide-kosovo-i-region-u-evropskoj-uniji\/\" \/>\n<meta property=\"og:site_name\" content=\"Sand\u017eak PRESS\" \/>\n<meta property=\"article:published_time\" content=\"2013-11-22T15:55:42+00:00\" \/>\n<meta property=\"article:modified_time\" content=\"2013-11-22T16:00:03+00:00\" \/>\n<meta property=\"og:image\" content=\"https:\/\/sandzakpress.net\/arhiva\/wp-content\/uploads\/2013\/11\/jahjaga-sad_1.jpg\" \/>\n\t<meta property=\"og:image:width\" content=\"240\" \/>\n\t<meta property=\"og:image:height\" content=\"180\" \/>\n\t<meta property=\"og:image:type\" content=\"image\/jpeg\" \/>\n<meta name=\"author\" content=\"bosniak\" \/>\n<meta name=\"twitter:card\" content=\"summary_large_image\" \/>\n<meta name=\"twitter:label1\" content=\"Written by\" \/>\n\t<meta name=\"twitter:data1\" content=\"bosniak\" \/>\n\t<meta name=\"twitter:label2\" content=\"Est. reading time\" \/>\n\t<meta name=\"twitter:data2\" content=\"1 minuta\" \/>\n<script type=\"application\/ld+json\" class=\"yoast-schema-graph\">{\"@context\":\"https:\/\/schema.org\",\"@graph\":[{\"@type\":\"Article\",\"@id\":\"https:\/\/sandzakpress.net\/arhiva\/sad-zele-da-vide-kosovo-i-region-u-evropskoj-uniji\/#article\",\"isPartOf\":{\"@id\":\"https:\/\/sandzakpress.net\/arhiva\/sad-zele-da-vide-kosovo-i-region-u-evropskoj-uniji\/\"},\"author\":{\"name\":\"bosniak\",\"@id\":\"https:\/\/sandzakpress.net\/arhiva\/#\/schema\/person\/c8baee722073534b583ea7bdb2e36c02\"},\"headline\":\"SAD \u017eele da vide Kosovo i region u Evropskoj uniji\",\"datePublished\":\"2013-11-22T15:55:42+00:00\",\"dateModified\":\"2013-11-22T16:00:03+00:00\",\"mainEntityOfPage\":{\"@id\":\"https:\/\/sandzakpress.net\/arhiva\/sad-zele-da-vide-kosovo-i-region-u-evropskoj-uniji\/\"},\"wordCount\":201,\"commentCount\":0,\"publisher\":{\"@id\":\"https:\/\/sandzakpress.net\/arhiva\/#\/schema\/person\/6e72b67d6e51910a1117b3b483ba20bd\"},\"image\":{\"@id\":\"https:\/\/sandzakpress.net\/arhiva\/sad-zele-da-vide-kosovo-i-region-u-evropskoj-uniji\/#primaryimage\"},\"thumbnailUrl\":\"https:\/\/sandzakpress.net\/arhiva\/wp-content\/uploads\/2013\/11\/jahjaga-sad_1.jpg\",\"articleSection\":[\"Amerika\",\"Politika\",\"Kosovo\"],\"inLanguage\":\"bs-BA\",\"potentialAction\":[{\"@type\":\"CommentAction\",\"name\":\"Comment\",\"target\":[\"https:\/\/sandzakpress.net\/arhiva\/sad-zele-da-vide-kosovo-i-region-u-evropskoj-uniji\/#respond\"]}]},{\"@type\":\"WebPage\",\"@id\":\"https:\/\/sandzakpress.net\/arhiva\/sad-zele-da-vide-kosovo-i-region-u-evropskoj-uniji\/\",\"url\":\"https:\/\/sandzakpress.net\/arhiva\/sad-zele-da-vide-kosovo-i-region-u-evropskoj-uniji\/\",\"name\":\"SAD \u017eele da vide Kosovo i region u Evropskoj uniji\",\"isPartOf\":{\"@id\":\"https:\/\/sandzakpress.net\/arhiva\/#website\"},\"primaryImageOfPage\":{\"@id\":\"https:\/\/sandzakpress.net\/arhiva\/sad-zele-da-vide-kosovo-i-region-u-evropskoj-uniji\/#primaryimage\"},\"image\":{\"@id\":\"https:\/\/sandzakpress.net\/arhiva\/sad-zele-da-vide-kosovo-i-region-u-evropskoj-uniji\/#primaryimage\"},\"thumbnailUrl\":\"https:\/\/sandzakpress.net\/arhiva\/wp-content\/uploads\/2013\/11\/jahjaga-sad_1.jpg\",\"datePublished\":\"2013-11-22T15:55:42+00:00\",\"dateModified\":\"2013-11-22T16:00:03+00:00\",\"breadcrumb\":{\"@id\":\"https:\/\/sandzakpress.net\/arhiva\/sad-zele-da-vide-kosovo-i-region-u-evropskoj-uniji\/#breadcrumb\"},\"inLanguage\":\"bs-BA\",\"potentialAction\":[{\"@type\":\"ReadAction\",\"target\":[\"https:\/\/sandzakpress.net\/arhiva\/sad-zele-da-vide-kosovo-i-region-u-evropskoj-uniji\/\"]}]},{\"@type\":\"ImageObject\",\"inLanguage\":\"bs-BA\",\"@id\":\"https:\/\/sandzakpress.net\/arhiva\/sad-zele-da-vide-kosovo-i-region-u-evropskoj-uniji\/#primaryimage\",\"url\":\"https:\/\/sandzakpress.net\/arhiva\/wp-content\/uploads\/2013\/11\/jahjaga-sad_1.jpg\",\"contentUrl\":\"https:\/\/sandzakpress.net\/arhiva\/wp-content\/uploads\/2013\/11\/jahjaga-sad_1.jpg\",\"width\":240,\"height\":180},{\"@type\":\"BreadcrumbList\",\"@id\":\"https:\/\/sandzakpress.net\/arhiva\/sad-zele-da-vide-kosovo-i-region-u-evropskoj-uniji\/#breadcrumb\",\"itemListElement\":[{\"@type\":\"ListItem\",\"position\":1,\"name\":\"Home\",\"item\":\"https:\/\/sandzakpress.net\/arhiva\/\"},{\"@type\":\"ListItem\",\"position\":2,\"name\":\"SAD \u017eele da vide Kosovo i region u Evropskoj uniji\"}]},{\"@type\":\"WebSite\",\"@id\":\"https:\/\/sandzakpress.net\/arhiva\/#website\",\"url\":\"https:\/\/sandzakpress.net\/arhiva\/\",\"name\":\"Sand\u017eak PRESS\",\"description\":\"Prve elektronske novine u Sand\u017eaku\",\"publisher\":{\"@id\":\"https:\/\/sandzakpress.net\/arhiva\/#\/schema\/person\/6e72b67d6e51910a1117b3b483ba20bd\"},\"potentialAction\":[{\"@type\":\"SearchAction\",\"target\":{\"@type\":\"EntryPoint\",\"urlTemplate\":\"https:\/\/sandzakpress.net\/arhiva\/?s={search_term_string}\"},\"query-input\":{\"@type\":\"PropertyValueSpecification\",\"valueRequired\":true,\"valueName\":\"search_term_string\"}}],\"inLanguage\":\"bs-BA\"},{\"@type\":[\"Person\",\"Organization\"],\"@id\":\"https:\/\/sandzakpress.net\/arhiva\/#\/schema\/person\/6e72b67d6e51910a1117b3b483ba20bd\",\"name\":\"Kul\",\"image\":{\"@type\":\"ImageObject\",\"inLanguage\":\"bs-BA\",\"@id\":\"https:\/\/sandzakpress.net\/arhiva\/#\/schema\/person\/image\/\",\"url\":\"https:\/\/secure.gravatar.com\/avatar\/42263f39aa27ac04c43cab85c280eb2e?s=96&d=mm&r=pg\",\"contentUrl\":\"https:\/\/secure.gravatar.com\/avatar\/42263f39aa27ac04c43cab85c280eb2e?s=96&d=mm&r=pg\",\"caption\":\"Kul\"},\"logo\":{\"@id\":\"https:\/\/sandzakpress.net\/arhiva\/#\/schema\/person\/image\/\"}},{\"@type\":\"Person\",\"@id\":\"https:\/\/sandzakpress.net\/arhiva\/#\/schema\/person\/c8baee722073534b583ea7bdb2e36c02\",\"name\":\"bosniak\",\"image\":{\"@type\":\"ImageObject\",\"inLanguage\":\"bs-BA\",\"@id\":\"https:\/\/sandzakpress.net\/arhiva\/#\/schema\/person\/image\/\",\"url\":\"https:\/\/secure.gravatar.com\/avatar\/a04fd330bfe3a36a72a0ad4a6d89fca7?s=96&d=mm&r=pg\",\"contentUrl\":\"https:\/\/secure.gravatar.com\/avatar\/a04fd330bfe3a36a72a0ad4a6d89fca7?s=96&d=mm&r=pg\",\"caption\":\"bosniak\"},\"url\":\"https:\/\/sandzakpress.net\/arhiva\/author\/bosniak\/\"}]}<\/script>\n<!-- \/ Yoast SEO Premium plugin. -->","yoast_head_json":{"title":"SAD \u017eele da vide Kosovo i region u Evropskoj uniji","robots":{"index":"index","follow":"follow","max-snippet":"max-snippet:-1","max-image-preview":"max-image-preview:large","max-video-preview":"max-video-preview:-1"},"canonical":"https:\/\/sandzakpress.net\/arhiva\/sad-zele-da-vide-kosovo-i-region-u-evropskoj-uniji\/","og_locale":"bs_BA","og_type":"article","og_title":"SAD \u017eele da vide Kosovo i region u Evropskoj uniji","og_description":"Amerika, Kosovo &#8211; Zamjenik pomo\u0107nika dr\u017eavnog sekretara SAD za evropska i evroazijska pitanja Hojt Brajan Ji izjavio je u Pri\u0161tini da \u0107e SAD nastaviti da podr\u017eavaju Kosovo. Na sastanku s predsjednicom Kosova Atifetom Jahjagom, ameri\u010dki diplomata je rekao da SAD \u017eele da vide Kosovo i region u Evropskoj uniji. On je rekao da Kosovo treba [&hellip;]","og_url":"https:\/\/sandzakpress.net\/arhiva\/sad-zele-da-vide-kosovo-i-region-u-evropskoj-uniji\/","og_site_name":"Sand\u017eak PRESS","article_published_time":"2013-11-22T15:55:42+00:00","article_modified_time":"2013-11-22T16:00:03+00:00","og_image":[{"width":240,"height":180,"url":"https:\/\/sandzakpress.net\/arhiva\/wp-content\/uploads\/2013\/11\/jahjaga-sad_1.jpg","type":"image\/jpeg"}],"author":"bosniak","twitter_card":"summary_large_image","twitter_misc":{"Written by":"bosniak","Est. reading time":"1 minuta"},"schema":{"@context":"https:\/\/schema.org","@graph":[{"@type":"Article","@id":"https:\/\/sandzakpress.net\/arhiva\/sad-zele-da-vide-kosovo-i-region-u-evropskoj-uniji\/#article","isPartOf":{"@id":"https:\/\/sandzakpress.net\/arhiva\/sad-zele-da-vide-kosovo-i-region-u-evropskoj-uniji\/"},"author":{"name":"bosniak","@id":"https:\/\/sandzakpress.net\/arhiva\/#\/schema\/person\/c8baee722073534b583ea7bdb2e36c02"},"headline":"SAD \u017eele da vide Kosovo i region u Evropskoj uniji","datePublished":"2013-11-22T15:55:42+00:00","dateModified":"2013-11-22T16:00:03+00:00","mainEntityOfPage":{"@id":"https:\/\/sandzakpress.net\/arhiva\/sad-zele-da-vide-kosovo-i-region-u-evropskoj-uniji\/"},"wordCount":201,"commentCount":0,"publisher":{"@id":"https:\/\/sandzakpress.net\/arhiva\/#\/schema\/person\/6e72b67d6e51910a1117b3b483ba20bd"},"image":{"@id":"https:\/\/sandzakpress.net\/arhiva\/sad-zele-da-vide-kosovo-i-region-u-evropskoj-uniji\/#primaryimage"},"thumbnailUrl":"https:\/\/sandzakpress.net\/arhiva\/wp-content\/uploads\/2013\/11\/jahjaga-sad_1.jpg","articleSection":["Amerika","Politika","Kosovo"],"inLanguage":"bs-BA","potentialAction":[{"@type":"CommentAction","name":"Comment","target":["https:\/\/sandzakpress.net\/arhiva\/sad-zele-da-vide-kosovo-i-region-u-evropskoj-uniji\/#respond"]}]},{"@type":"WebPage","@id":"https:\/\/sandzakpress.net\/arhiva\/sad-zele-da-vide-kosovo-i-region-u-evropskoj-uniji\/","url":"https:\/\/sandzakpress.net\/arhiva\/sad-zele-da-vide-kosovo-i-region-u-evropskoj-uniji\/","name":"SAD \u017eele da vide Kosovo i region u Evropskoj uniji","isPartOf":{"@id":"https:\/\/sandzakpress.net\/arhiva\/#website"},"primaryImageOfPage":{"@id":"https:\/\/sandzakpress.net\/arhiva\/sad-zele-da-vide-kosovo-i-region-u-evropskoj-uniji\/#primaryimage"},"image":{"@id":"https:\/\/sandzakpress.net\/arhiva\/sad-zele-da-vide-kosovo-i-region-u-evropskoj-uniji\/#primaryimage"},"thumbnailUrl":"https:\/\/sandzakpress.net\/arhiva\/wp-content\/uploads\/2013\/11\/jahjaga-sad_1.jpg","datePublished":"2013-11-22T15:55:42+00:00","dateModified":"2013-11-22T16:00:03+00:00","breadcrumb":{"@id":"https:\/\/sandzakpress.net\/arhiva\/sad-zele-da-vide-kosovo-i-region-u-evropskoj-uniji\/#breadcrumb"},"inLanguage":"bs-BA","potentialAction":[{"@type":"ReadAction","target":["https:\/\/sandzakpress.net\/arhiva\/sad-zele-da-vide-kosovo-i-region-u-evropskoj-uniji\/"]}]},{"@type":"ImageObject","inLanguage":"bs-BA","@id":"https:\/\/sandzakpress.net\/arhiva\/sad-zele-da-vide-kosovo-i-region-u-evropskoj-uniji\/#primaryimage","url":"https:\/\/sandzakpress.net\/arhiva\/wp-content\/uploads\/2013\/11\/jahjaga-sad_1.jpg","contentUrl":"https:\/\/sandzakpress.net\/arhiva\/wp-content\/uploads\/2013\/11\/jahjaga-sad_1.jpg","width":240,"height":180},{"@type":"BreadcrumbList","@id":"https:\/\/sandzakpress.net\/arhiva\/sad-zele-da-vide-kosovo-i-region-u-evropskoj-uniji\/#breadcrumb","itemListElement":[{"@type":"ListItem","position":1,"name":"Home","item":"https:\/\/sandzakpress.net\/arhiva\/"},{"@type":"ListItem","position":2,"name":"SAD \u017eele da vide Kosovo i region u Evropskoj uniji"}]},{"@type":"WebSite","@id":"https:\/\/sandzakpress.net\/arhiva\/#website","url":"https:\/\/sandzakpress.net\/arhiva\/","name":"Sand\u017eak PRESS","description":"Prve elektronske novine u Sand\u017eaku","publisher":{"@id":"https:\/\/sandzakpress.net\/arhiva\/#\/schema\/person\/6e72b67d6e51910a1117b3b483ba20bd"},"potentialAction":[{"@type":"SearchAction","target":{"@type":"EntryPoint","urlTemplate":"https:\/\/sandzakpress.net\/arhiva\/?s={search_term_string}"},"query-input":{"@type":"PropertyValueSpecification","valueRequired":true,"valueName":"search_term_string"}}],"inLanguage":"bs-BA"},{"@type":["Person","Organization"],"@id":"https:\/\/sandzakpress.net\/arhiva\/#\/schema\/person\/6e72b67d6e51910a1117b3b483ba20bd","name":"Kul","image":{"@type":"ImageObject","inLanguage":"bs-BA","@id":"https:\/\/sandzakpress.net\/arhiva\/#\/schema\/person\/image\/","url":"https:\/\/secure.gravatar.com\/avatar\/42263f39aa27ac04c43cab85c280eb2e?s=96&d=mm&r=pg","contentUrl":"https:\/\/secure.gravatar.com\/avatar\/42263f39aa27ac04c43cab85c280eb2e?s=96&d=mm&r=pg","caption":"Kul"},"logo":{"@id":"https:\/\/sandzakpress.net\/arhiva\/#\/schema\/person\/image\/"}},{"@type":"Person","@id":"https:\/\/sandzakpress.net\/arhiva\/#\/schema\/person\/c8baee722073534b583ea7bdb2e36c02","name":"bosniak","image":{"@type":"ImageObject","inLanguage":"bs-BA","@id":"https:\/\/sandzakpress.net\/arhiva\/#\/schema\/person\/image\/","url":"https:\/\/secure.gravatar.com\/avatar\/a04fd330bfe3a36a72a0ad4a6d89fca7?s=96&d=mm&r=pg","contentUrl":"https:\/\/secure.gravatar.com\/avatar\/a04fd330bfe3a36a72a0ad4a6d89fca7?s=96&d=mm&r=pg","caption":"bosniak"},"url":"https:\/\/sandzakpress.net\/arhiva\/author\/bosniak\/"}]}},"_links":{"self":[{"href":"https:\/\/sandzakpress.net\/arhiva\/wp-json\/wp\/v2\/posts\/96294"}],"collection":[{"href":"https:\/\/sandzakpress.net\/arhiva\/wp-json\/wp\/v2\/posts"}],"about":[{"href":"https:\/\/sandzakpress.net\/arhiva\/wp-json\/wp\/v2\/types\/post"}],"author":[{"embeddable":true,"href":"https:\/\/sandzakpress.net\/arhiva\/wp-json\/wp\/v2\/users\/83"}],"replies":[{"embeddable":true,"href":"https:\/\/sandzakpress.net\/arhiva\/wp-json\/wp\/v2\/comments?post=96294"}],"version-history":[{"count":0,"href":"https:\/\/sandzakpress.net\/arhiva\/wp-json\/wp\/v2\/posts\/96294\/revisions"}],"wp:featuredmedia":[{"embeddable":true,"href":"https:\/\/sandzakpress.net\/arhiva\/wp-json\/wp\/v2\/media\/96295"}],"wp:attachment":[{"href":"https:\/\/sandzakpress.net\/arhiva\/wp-json\/wp\/v2\/media?parent=96294"}],"wp:term":[{"taxonomy":"category","embeddable":true,"href":"https:\/\/sandzakpress.net\/arhiva\/wp-json\/wp\/v2\/categories?post=96294"},{"taxonomy":"post_tag","embeddable":true,"href":"https:\/\/sandzakpress.net\/arhiva\/wp-json\/wp\/v2\/tags?post=96294"}],"curies":[{"name":"wp","href":"https:\/\/api.w.org\/{rel}","templated":true}]}}