{"id":95970,"date":"2013-11-20T07:32:05","date_gmt":"2013-11-20T06:32:05","guid":{"rendered":"https:\/\/sandzakpress.net\/arhiva\/?p=95970"},"modified":"2013-11-20T18:32:23","modified_gmt":"2013-11-20T17:32:23","slug":"novopazarac-mevlid-jasarevic-osuden-na-15-godina-zatvora-zbog-napada-na-americku-ambasadu","status":"publish","type":"post","link":"https:\/\/sandzakpress.net\/arhiva\/novopazarac-mevlid-jasarevic-osuden-na-15-godina-zatvora-zbog-napada-na-americku-ambasadu\/","title":{"rendered":"Novopazarac Mevlid Ja\u0161arevi\u0107 osu\u0111en na 15 godina zatvora zbog napada na Ameri\u010dku ambasadu"},"content":{"rendered":"<p><strong><img loading=\"lazy\" decoding=\"async\" class=\"alignleft\" alt=\"\" src=\"http:\/\/i2.wp.com\/www.putvjernika.com\/wp-content\/uploads\/2013\/11\/Mevlid.jpg?resize=736%2C352\" width=\"442\" height=\"211\" \/>BiH, Novi Pazar &#8211; Mevlid Ja\u0161arevi\u0107, koji je izveo oru\u017eani napad na ameri\u010dku ambasadu u Sarajevu 28. oktobra 2011. godine, osu\u0111en je na 15 godina zatvora odlukom Apelacionog vije\u0107a Odjela II za organizovani kriminal, privredni kriminal i korupciju Suda Bosne i Hercegovine, javlja reporter Al Jazeere Sanel Kajan.<\/strong><\/p>\n<p>Prema odluci Apelacionog vije\u0107a, Ja\u0161arevi\u0107 \u0107e ostati u pritvoru do upu\u0107ivanja na izdr\u017eavanje kazne, a najdu\u017ee do isteka pritvorske kazne. Predsjedavaju\u0107i Apelacionog vije\u0107a Hilmo Vu\u010dini\u0107 rekao je da protiv presude nije dozvoljena \u017ealba.<\/p>\n<p>Ja\u0161arevi\u0107ev advokat Senad Dupovac rekao je kako smatra da je ovom presudom do\u0161lo do povrede ljudskih prava. Glasnogovornik Tu\u017eila\u0161tva BiH Boris Grube\u0161i\u0107 izjavio je da je Tu\u017eila\u0161tvo zadovoljno izre\u010denom pravosna\u017enom presudom.<\/p>\n<p><strong><\/strong>Apelaciono vije\u0107e Suda BiH poni\u0161tilo je u julu presudu od 6. decembra pro\u0161le godine, kojom je Ja\u0161arevi\u0107, dr\u017eavljanin Srbije, progla\u0161en krivim, te osu\u0111en na kaznu zatvora od 18 godina. Presuda je poni\u0161tena zbog bitnih povreda postupka.<\/p>\n<p><strong>Izvor:<\/strong>\u00a0Al Jazeera i agencije<\/p>\n","protected":false},"excerpt":{"rendered":"<p>BiH, Novi Pazar &#8211; Mevlid Ja\u0161arevi\u0107, koji je izveo oru\u017eani napad na ameri\u010dku ambasadu u Sarajevu 28. oktobra 2011. godine, osu\u0111en je na 15 godina zatvora odlukom Apelacionog vije\u0107a Odjela II za organizovani kriminal, privredni kriminal i korupciju Suda Bosne i Hercegovine, javlja reporter Al Jazeere Sanel Kajan. Prema odluci Apelacionog vije\u0107a, Ja\u0161arevi\u0107 \u0107e ostati [&hellip;]<\/p>\n","protected":false},"author":83,"featured_media":95971,"comment_status":"open","ping_status":"open","sticky":false,"template":"","format":"standard","meta":{"footnotes":""},"categories":[72,2860,1,8957],"tags":[10281],"class_list":{"0":"post-95970","1":"post","2":"type-post","3":"status-publish","4":"format-standard","5":"has-post-thumbnail","7":"category-novi-pazar","8":"category-bosna-i-hercegovina-gradovi","9":"category-politika","10":"category-vijesti-dana","11":"tag-razbojnistvo-u-sandzaku"},"yoast_head":"<!-- This site is optimized with the Yoast SEO Premium plugin v23.1 (Yoast SEO v24.9) - https:\/\/yoast.com\/wordpress\/plugins\/seo\/ -->\n<title>Novopazarac Mevlid Ja\u0161arevi\u0107 osu\u0111en na 15 godina zatvora zbog napada na Ameri\u010dku ambasadu<\/title>\n<meta name=\"robots\" content=\"index, follow, max-snippet:-1, max-image-preview:large, max-video-preview:-1\" \/>\n<link rel=\"canonical\" href=\"https:\/\/sandzakpress.net\/arhiva\/novopazarac-mevlid-jasarevic-osuden-na-15-godina-zatvora-zbog-napada-na-americku-ambasadu\/\" \/>\n<meta property=\"og:locale\" content=\"bs_BA\" \/>\n<meta property=\"og:type\" content=\"article\" \/>\n<meta property=\"og:title\" content=\"Novopazarac Mevlid Ja\u0161arevi\u0107 osu\u0111en na 15 godina zatvora zbog napada na Ameri\u010dku ambasadu\" \/>\n<meta property=\"og:description\" content=\"BiH, Novi Pazar &#8211; Mevlid Ja\u0161arevi\u0107, koji je izveo oru\u017eani napad na ameri\u010dku ambasadu u Sarajevu 28. oktobra 2011. godine, osu\u0111en je na 15 godina zatvora odlukom Apelacionog vije\u0107a Odjela II za organizovani kriminal, privredni kriminal i korupciju Suda Bosne i Hercegovine, javlja reporter Al Jazeere Sanel Kajan. Prema odluci Apelacionog vije\u0107a, Ja\u0161arevi\u0107 \u0107e ostati [&hellip;]\" \/>\n<meta property=\"og:url\" content=\"https:\/\/sandzakpress.net\/arhiva\/novopazarac-mevlid-jasarevic-osuden-na-15-godina-zatvora-zbog-napada-na-americku-ambasadu\/\" \/>\n<meta property=\"og:site_name\" content=\"Sand\u017eak PRESS\" \/>\n<meta property=\"article:published_time\" content=\"2013-11-20T06:32:05+00:00\" \/>\n<meta property=\"article:modified_time\" content=\"2013-11-20T17:32:23+00:00\" \/>\n<meta property=\"og:image\" content=\"https:\/\/sandzakpress.net\/arhiva\/wp-content\/uploads\/2013\/11\/Mevlid.jpg\" \/>\n\t<meta property=\"og:image:width\" content=\"616\" \/>\n\t<meta property=\"og:image:height\" content=\"295\" \/>\n\t<meta property=\"og:image:type\" content=\"image\/jpeg\" \/>\n<meta name=\"author\" content=\"bosniak\" \/>\n<meta name=\"twitter:card\" content=\"summary_large_image\" \/>\n<meta name=\"twitter:label1\" content=\"Written by\" \/>\n\t<meta name=\"twitter:data1\" content=\"bosniak\" \/>\n\t<meta name=\"twitter:label2\" content=\"Est. reading time\" \/>\n\t<meta name=\"twitter:data2\" content=\"1 minuta\" \/>\n<script type=\"application\/ld+json\" class=\"yoast-schema-graph\">{\"@context\":\"https:\/\/schema.org\",\"@graph\":[{\"@type\":\"Article\",\"@id\":\"https:\/\/sandzakpress.net\/arhiva\/novopazarac-mevlid-jasarevic-osuden-na-15-godina-zatvora-zbog-napada-na-americku-ambasadu\/#article\",\"isPartOf\":{\"@id\":\"https:\/\/sandzakpress.net\/arhiva\/novopazarac-mevlid-jasarevic-osuden-na-15-godina-zatvora-zbog-napada-na-americku-ambasadu\/\"},\"author\":{\"name\":\"bosniak\",\"@id\":\"https:\/\/sandzakpress.net\/arhiva\/#\/schema\/person\/c8baee722073534b583ea7bdb2e36c02\"},\"headline\":\"Novopazarac Mevlid Ja\u0161arevi\u0107 osu\u0111en na 15 godina zatvora zbog napada na Ameri\u010dku ambasadu\",\"datePublished\":\"2013-11-20T06:32:05+00:00\",\"dateModified\":\"2013-11-20T17:32:23+00:00\",\"mainEntityOfPage\":{\"@id\":\"https:\/\/sandzakpress.net\/arhiva\/novopazarac-mevlid-jasarevic-osuden-na-15-godina-zatvora-zbog-napada-na-americku-ambasadu\/\"},\"wordCount\":194,\"commentCount\":5,\"publisher\":{\"@id\":\"https:\/\/sandzakpress.net\/arhiva\/#\/schema\/person\/6e72b67d6e51910a1117b3b483ba20bd\"},\"image\":{\"@id\":\"https:\/\/sandzakpress.net\/arhiva\/novopazarac-mevlid-jasarevic-osuden-na-15-godina-zatvora-zbog-napada-na-americku-ambasadu\/#primaryimage\"},\"thumbnailUrl\":\"https:\/\/sandzakpress.net\/arhiva\/wp-content\/uploads\/2013\/11\/Mevlid.jpg\",\"keywords\":[\"problemi u Sand\u017eaku\"],\"articleSection\":[\"Novi Pazar\",\"Bosna i Hercegovina\",\"Politika\",\"VIJESTI DANA\"],\"inLanguage\":\"bs-BA\",\"potentialAction\":[{\"@type\":\"CommentAction\",\"name\":\"Comment\",\"target\":[\"https:\/\/sandzakpress.net\/arhiva\/novopazarac-mevlid-jasarevic-osuden-na-15-godina-zatvora-zbog-napada-na-americku-ambasadu\/#respond\"]}]},{\"@type\":\"WebPage\",\"@id\":\"https:\/\/sandzakpress.net\/arhiva\/novopazarac-mevlid-jasarevic-osuden-na-15-godina-zatvora-zbog-napada-na-americku-ambasadu\/\",\"url\":\"https:\/\/sandzakpress.net\/arhiva\/novopazarac-mevlid-jasarevic-osuden-na-15-godina-zatvora-zbog-napada-na-americku-ambasadu\/\",\"name\":\"Novopazarac Mevlid Ja\u0161arevi\u0107 osu\u0111en na 15 godina zatvora zbog napada na Ameri\u010dku ambasadu\",\"isPartOf\":{\"@id\":\"https:\/\/sandzakpress.net\/arhiva\/#website\"},\"primaryImageOfPage\":{\"@id\":\"https:\/\/sandzakpress.net\/arhiva\/novopazarac-mevlid-jasarevic-osuden-na-15-godina-zatvora-zbog-napada-na-americku-ambasadu\/#primaryimage\"},\"image\":{\"@id\":\"https:\/\/sandzakpress.net\/arhiva\/novopazarac-mevlid-jasarevic-osuden-na-15-godina-zatvora-zbog-napada-na-americku-ambasadu\/#primaryimage\"},\"thumbnailUrl\":\"https:\/\/sandzakpress.net\/arhiva\/wp-content\/uploads\/2013\/11\/Mevlid.jpg\",\"datePublished\":\"2013-11-20T06:32:05+00:00\",\"dateModified\":\"2013-11-20T17:32:23+00:00\",\"breadcrumb\":{\"@id\":\"https:\/\/sandzakpress.net\/arhiva\/novopazarac-mevlid-jasarevic-osuden-na-15-godina-zatvora-zbog-napada-na-americku-ambasadu\/#breadcrumb\"},\"inLanguage\":\"bs-BA\",\"potentialAction\":[{\"@type\":\"ReadAction\",\"target\":[\"https:\/\/sandzakpress.net\/arhiva\/novopazarac-mevlid-jasarevic-osuden-na-15-godina-zatvora-zbog-napada-na-americku-ambasadu\/\"]}]},{\"@type\":\"ImageObject\",\"inLanguage\":\"bs-BA\",\"@id\":\"https:\/\/sandzakpress.net\/arhiva\/novopazarac-mevlid-jasarevic-osuden-na-15-godina-zatvora-zbog-napada-na-americku-ambasadu\/#primaryimage\",\"url\":\"https:\/\/sandzakpress.net\/arhiva\/wp-content\/uploads\/2013\/11\/Mevlid.jpg\",\"contentUrl\":\"https:\/\/sandzakpress.net\/arhiva\/wp-content\/uploads\/2013\/11\/Mevlid.jpg\",\"width\":616,\"height\":295},{\"@type\":\"BreadcrumbList\",\"@id\":\"https:\/\/sandzakpress.net\/arhiva\/novopazarac-mevlid-jasarevic-osuden-na-15-godina-zatvora-zbog-napada-na-americku-ambasadu\/#breadcrumb\",\"itemListElement\":[{\"@type\":\"ListItem\",\"position\":1,\"name\":\"Home\",\"item\":\"https:\/\/sandzakpress.net\/arhiva\/\"},{\"@type\":\"ListItem\",\"position\":2,\"name\":\"Novopazarac Mevlid Ja\u0161arevi\u0107 osu\u0111en na 15 godina zatvora zbog napada na Ameri\u010dku ambasadu\"}]},{\"@type\":\"WebSite\",\"@id\":\"https:\/\/sandzakpress.net\/arhiva\/#website\",\"url\":\"https:\/\/sandzakpress.net\/arhiva\/\",\"name\":\"Sand\u017eak PRESS\",\"description\":\"Prve elektronske novine u Sand\u017eaku\",\"publisher\":{\"@id\":\"https:\/\/sandzakpress.net\/arhiva\/#\/schema\/person\/6e72b67d6e51910a1117b3b483ba20bd\"},\"potentialAction\":[{\"@type\":\"SearchAction\",\"target\":{\"@type\":\"EntryPoint\",\"urlTemplate\":\"https:\/\/sandzakpress.net\/arhiva\/?s={search_term_string}\"},\"query-input\":{\"@type\":\"PropertyValueSpecification\",\"valueRequired\":true,\"valueName\":\"search_term_string\"}}],\"inLanguage\":\"bs-BA\"},{\"@type\":[\"Person\",\"Organization\"],\"@id\":\"https:\/\/sandzakpress.net\/arhiva\/#\/schema\/person\/6e72b67d6e51910a1117b3b483ba20bd\",\"name\":\"Kul\",\"image\":{\"@type\":\"ImageObject\",\"inLanguage\":\"bs-BA\",\"@id\":\"https:\/\/sandzakpress.net\/arhiva\/#\/schema\/person\/image\/\",\"url\":\"https:\/\/secure.gravatar.com\/avatar\/42263f39aa27ac04c43cab85c280eb2e?s=96&d=mm&r=pg\",\"contentUrl\":\"https:\/\/secure.gravatar.com\/avatar\/42263f39aa27ac04c43cab85c280eb2e?s=96&d=mm&r=pg\",\"caption\":\"Kul\"},\"logo\":{\"@id\":\"https:\/\/sandzakpress.net\/arhiva\/#\/schema\/person\/image\/\"}},{\"@type\":\"Person\",\"@id\":\"https:\/\/sandzakpress.net\/arhiva\/#\/schema\/person\/c8baee722073534b583ea7bdb2e36c02\",\"name\":\"bosniak\",\"image\":{\"@type\":\"ImageObject\",\"inLanguage\":\"bs-BA\",\"@id\":\"https:\/\/sandzakpress.net\/arhiva\/#\/schema\/person\/image\/\",\"url\":\"https:\/\/secure.gravatar.com\/avatar\/a04fd330bfe3a36a72a0ad4a6d89fca7?s=96&d=mm&r=pg\",\"contentUrl\":\"https:\/\/secure.gravatar.com\/avatar\/a04fd330bfe3a36a72a0ad4a6d89fca7?s=96&d=mm&r=pg\",\"caption\":\"bosniak\"},\"url\":\"https:\/\/sandzakpress.net\/arhiva\/author\/bosniak\/\"}]}<\/script>\n<!-- \/ Yoast SEO Premium plugin. -->","yoast_head_json":{"title":"Novopazarac Mevlid Ja\u0161arevi\u0107 osu\u0111en na 15 godina zatvora zbog napada na Ameri\u010dku ambasadu","robots":{"index":"index","follow":"follow","max-snippet":"max-snippet:-1","max-image-preview":"max-image-preview:large","max-video-preview":"max-video-preview:-1"},"canonical":"https:\/\/sandzakpress.net\/arhiva\/novopazarac-mevlid-jasarevic-osuden-na-15-godina-zatvora-zbog-napada-na-americku-ambasadu\/","og_locale":"bs_BA","og_type":"article","og_title":"Novopazarac Mevlid Ja\u0161arevi\u0107 osu\u0111en na 15 godina zatvora zbog napada na Ameri\u010dku ambasadu","og_description":"BiH, Novi Pazar &#8211; Mevlid Ja\u0161arevi\u0107, koji je izveo oru\u017eani napad na ameri\u010dku ambasadu u Sarajevu 28. oktobra 2011. godine, osu\u0111en je na 15 godina zatvora odlukom Apelacionog vije\u0107a Odjela II za organizovani kriminal, privredni kriminal i korupciju Suda Bosne i Hercegovine, javlja reporter Al Jazeere Sanel Kajan. Prema odluci Apelacionog vije\u0107a, Ja\u0161arevi\u0107 \u0107e ostati [&hellip;]","og_url":"https:\/\/sandzakpress.net\/arhiva\/novopazarac-mevlid-jasarevic-osuden-na-15-godina-zatvora-zbog-napada-na-americku-ambasadu\/","og_site_name":"Sand\u017eak PRESS","article_published_time":"2013-11-20T06:32:05+00:00","article_modified_time":"2013-11-20T17:32:23+00:00","og_image":[{"width":616,"height":295,"url":"https:\/\/sandzakpress.net\/arhiva\/wp-content\/uploads\/2013\/11\/Mevlid.jpg","type":"image\/jpeg"}],"author":"bosniak","twitter_card":"summary_large_image","twitter_misc":{"Written by":"bosniak","Est. reading time":"1 minuta"},"schema":{"@context":"https:\/\/schema.org","@graph":[{"@type":"Article","@id":"https:\/\/sandzakpress.net\/arhiva\/novopazarac-mevlid-jasarevic-osuden-na-15-godina-zatvora-zbog-napada-na-americku-ambasadu\/#article","isPartOf":{"@id":"https:\/\/sandzakpress.net\/arhiva\/novopazarac-mevlid-jasarevic-osuden-na-15-godina-zatvora-zbog-napada-na-americku-ambasadu\/"},"author":{"name":"bosniak","@id":"https:\/\/sandzakpress.net\/arhiva\/#\/schema\/person\/c8baee722073534b583ea7bdb2e36c02"},"headline":"Novopazarac Mevlid Ja\u0161arevi\u0107 osu\u0111en na 15 godina zatvora zbog napada na Ameri\u010dku ambasadu","datePublished":"2013-11-20T06:32:05+00:00","dateModified":"2013-11-20T17:32:23+00:00","mainEntityOfPage":{"@id":"https:\/\/sandzakpress.net\/arhiva\/novopazarac-mevlid-jasarevic-osuden-na-15-godina-zatvora-zbog-napada-na-americku-ambasadu\/"},"wordCount":194,"commentCount":5,"publisher":{"@id":"https:\/\/sandzakpress.net\/arhiva\/#\/schema\/person\/6e72b67d6e51910a1117b3b483ba20bd"},"image":{"@id":"https:\/\/sandzakpress.net\/arhiva\/novopazarac-mevlid-jasarevic-osuden-na-15-godina-zatvora-zbog-napada-na-americku-ambasadu\/#primaryimage"},"thumbnailUrl":"https:\/\/sandzakpress.net\/arhiva\/wp-content\/uploads\/2013\/11\/Mevlid.jpg","keywords":["problemi u Sand\u017eaku"],"articleSection":["Novi Pazar","Bosna i Hercegovina","Politika","VIJESTI DANA"],"inLanguage":"bs-BA","potentialAction":[{"@type":"CommentAction","name":"Comment","target":["https:\/\/sandzakpress.net\/arhiva\/novopazarac-mevlid-jasarevic-osuden-na-15-godina-zatvora-zbog-napada-na-americku-ambasadu\/#respond"]}]},{"@type":"WebPage","@id":"https:\/\/sandzakpress.net\/arhiva\/novopazarac-mevlid-jasarevic-osuden-na-15-godina-zatvora-zbog-napada-na-americku-ambasadu\/","url":"https:\/\/sandzakpress.net\/arhiva\/novopazarac-mevlid-jasarevic-osuden-na-15-godina-zatvora-zbog-napada-na-americku-ambasadu\/","name":"Novopazarac Mevlid Ja\u0161arevi\u0107 osu\u0111en na 15 godina zatvora zbog napada na Ameri\u010dku ambasadu","isPartOf":{"@id":"https:\/\/sandzakpress.net\/arhiva\/#website"},"primaryImageOfPage":{"@id":"https:\/\/sandzakpress.net\/arhiva\/novopazarac-mevlid-jasarevic-osuden-na-15-godina-zatvora-zbog-napada-na-americku-ambasadu\/#primaryimage"},"image":{"@id":"https:\/\/sandzakpress.net\/arhiva\/novopazarac-mevlid-jasarevic-osuden-na-15-godina-zatvora-zbog-napada-na-americku-ambasadu\/#primaryimage"},"thumbnailUrl":"https:\/\/sandzakpress.net\/arhiva\/wp-content\/uploads\/2013\/11\/Mevlid.jpg","datePublished":"2013-11-20T06:32:05+00:00","dateModified":"2013-11-20T17:32:23+00:00","breadcrumb":{"@id":"https:\/\/sandzakpress.net\/arhiva\/novopazarac-mevlid-jasarevic-osuden-na-15-godina-zatvora-zbog-napada-na-americku-ambasadu\/#breadcrumb"},"inLanguage":"bs-BA","potentialAction":[{"@type":"ReadAction","target":["https:\/\/sandzakpress.net\/arhiva\/novopazarac-mevlid-jasarevic-osuden-na-15-godina-zatvora-zbog-napada-na-americku-ambasadu\/"]}]},{"@type":"ImageObject","inLanguage":"bs-BA","@id":"https:\/\/sandzakpress.net\/arhiva\/novopazarac-mevlid-jasarevic-osuden-na-15-godina-zatvora-zbog-napada-na-americku-ambasadu\/#primaryimage","url":"https:\/\/sandzakpress.net\/arhiva\/wp-content\/uploads\/2013\/11\/Mevlid.jpg","contentUrl":"https:\/\/sandzakpress.net\/arhiva\/wp-content\/uploads\/2013\/11\/Mevlid.jpg","width":616,"height":295},{"@type":"BreadcrumbList","@id":"https:\/\/sandzakpress.net\/arhiva\/novopazarac-mevlid-jasarevic-osuden-na-15-godina-zatvora-zbog-napada-na-americku-ambasadu\/#breadcrumb","itemListElement":[{"@type":"ListItem","position":1,"name":"Home","item":"https:\/\/sandzakpress.net\/arhiva\/"},{"@type":"ListItem","position":2,"name":"Novopazarac Mevlid Ja\u0161arevi\u0107 osu\u0111en na 15 godina zatvora zbog napada na Ameri\u010dku ambasadu"}]},{"@type":"WebSite","@id":"https:\/\/sandzakpress.net\/arhiva\/#website","url":"https:\/\/sandzakpress.net\/arhiva\/","name":"Sand\u017eak PRESS","description":"Prve elektronske novine u Sand\u017eaku","publisher":{"@id":"https:\/\/sandzakpress.net\/arhiva\/#\/schema\/person\/6e72b67d6e51910a1117b3b483ba20bd"},"potentialAction":[{"@type":"SearchAction","target":{"@type":"EntryPoint","urlTemplate":"https:\/\/sandzakpress.net\/arhiva\/?s={search_term_string}"},"query-input":{"@type":"PropertyValueSpecification","valueRequired":true,"valueName":"search_term_string"}}],"inLanguage":"bs-BA"},{"@type":["Person","Organization"],"@id":"https:\/\/sandzakpress.net\/arhiva\/#\/schema\/person\/6e72b67d6e51910a1117b3b483ba20bd","name":"Kul","image":{"@type":"ImageObject","inLanguage":"bs-BA","@id":"https:\/\/sandzakpress.net\/arhiva\/#\/schema\/person\/image\/","url":"https:\/\/secure.gravatar.com\/avatar\/42263f39aa27ac04c43cab85c280eb2e?s=96&d=mm&r=pg","contentUrl":"https:\/\/secure.gravatar.com\/avatar\/42263f39aa27ac04c43cab85c280eb2e?s=96&d=mm&r=pg","caption":"Kul"},"logo":{"@id":"https:\/\/sandzakpress.net\/arhiva\/#\/schema\/person\/image\/"}},{"@type":"Person","@id":"https:\/\/sandzakpress.net\/arhiva\/#\/schema\/person\/c8baee722073534b583ea7bdb2e36c02","name":"bosniak","image":{"@type":"ImageObject","inLanguage":"bs-BA","@id":"https:\/\/sandzakpress.net\/arhiva\/#\/schema\/person\/image\/","url":"https:\/\/secure.gravatar.com\/avatar\/a04fd330bfe3a36a72a0ad4a6d89fca7?s=96&d=mm&r=pg","contentUrl":"https:\/\/secure.gravatar.com\/avatar\/a04fd330bfe3a36a72a0ad4a6d89fca7?s=96&d=mm&r=pg","caption":"bosniak"},"url":"https:\/\/sandzakpress.net\/arhiva\/author\/bosniak\/"}]}},"_links":{"self":[{"href":"https:\/\/sandzakpress.net\/arhiva\/wp-json\/wp\/v2\/posts\/95970"}],"collection":[{"href":"https:\/\/sandzakpress.net\/arhiva\/wp-json\/wp\/v2\/posts"}],"about":[{"href":"https:\/\/sandzakpress.net\/arhiva\/wp-json\/wp\/v2\/types\/post"}],"author":[{"embeddable":true,"href":"https:\/\/sandzakpress.net\/arhiva\/wp-json\/wp\/v2\/users\/83"}],"replies":[{"embeddable":true,"href":"https:\/\/sandzakpress.net\/arhiva\/wp-json\/wp\/v2\/comments?post=95970"}],"version-history":[{"count":0,"href":"https:\/\/sandzakpress.net\/arhiva\/wp-json\/wp\/v2\/posts\/95970\/revisions"}],"wp:featuredmedia":[{"embeddable":true,"href":"https:\/\/sandzakpress.net\/arhiva\/wp-json\/wp\/v2\/media\/95971"}],"wp:attachment":[{"href":"https:\/\/sandzakpress.net\/arhiva\/wp-json\/wp\/v2\/media?parent=95970"}],"wp:term":[{"taxonomy":"category","embeddable":true,"href":"https:\/\/sandzakpress.net\/arhiva\/wp-json\/wp\/v2\/categories?post=95970"},{"taxonomy":"post_tag","embeddable":true,"href":"https:\/\/sandzakpress.net\/arhiva\/wp-json\/wp\/v2\/tags?post=95970"}],"curies":[{"name":"wp","href":"https:\/\/api.w.org\/{rel}","templated":true}]}}