{"id":95958,"date":"2013-11-20T17:24:36","date_gmt":"2013-11-20T16:24:36","guid":{"rendered":"https:\/\/sandzakpress.net\/arhiva\/?p=95958"},"modified":"2013-11-21T14:44:29","modified_gmt":"2013-11-21T13:44:29","slug":"dan-sandzaka-mubarek-olsun","status":"publish","type":"post","link":"https:\/\/sandzakpress.net\/arhiva\/dan-sandzaka-mubarek-olsun\/","title":{"rendered":"Nek vam je hajrli Dan Sand\u017eaka"},"content":{"rendered":"<p style=\"text-align: left;\" align=\"center\"><img loading=\"lazy\" decoding=\"async\" class=\"aligncenter size-full wp-image-95959\" alt=\"grb-karta-sandzaka-drvo\" src=\"https:\/\/sandzakpress.net\/arhiva\/wp-content\/uploads\/2013\/11\/grb-karta-sandzaka-drvo.jpg\" width=\"616\" height=\"407\" \/><\/p>\n<h2 style=\"text-align: center;\" align=\"center\">REDAKCIJA SAND\u017dAK PRESS VAM \u010cESTITA DAN SAND\u017dAKA<\/h2>\n<p><em><strong>Bo\u0161nja\u010dka demokratska zajednica &#8211; BDZ<\/strong><\/em><\/p>\n<p>Na dana\u0161nji dan prije 70 godina osnovano je Zemaljsko antifa\u0161isti\u010dko vije\u0107e narodnog oslobo\u0111enja Sand\u017eaka (ZAVNOS) u Pljevljima kao ravnopravna administrativno upravna jedinica na sa svim ostalim republikama Jugoslavije. Narodi Sand\u017eaka, Bo\u0161njaci, Srbi, Crnogorci, Albanci i drugi su tog dana pokazali narodnosnu i slobodarsku svijest i te\u017enju prema ideji su\u017eivota i izgradnje sand\u017eaka kao jedinstvene teritorije sa uniktnim principom su\u017eivota, uva\u017eavanja i pro\u017eimanja kultura i civilizacija kao jedinim mogu\u0107im putem opstanka i razvoja ovog podru\u010dja. Zato je dana\u0161nji dan, iako su ga Bo\u0161njaci priznali za svoj nacionalni blagdan, podjednako va\u017ean i za ostale narode Sand\u017eaka.<\/p>\n<p>Bo\u0161nja\u010dka demokratska zajednica Sand\u017eaka svim Bo\u0161njacima i svim drugim narodima Sand\u017eaka koji ovaj dan do\u017eivljavaju kao svoj praznik ili dan kada je civilizacija nadja\u010dala antihumanizam\u00a0 upu\u0107uje \u010destitke i \u017eeli da ga provedu u sve\u010darskoj atmosferi, okru\u017eeni dragim osobama, prijateljima i svim dobronamjernim ljudima koji iznad svega ba\u0161tine univerzalne ljudske vrijednosti i tradiciju antifa\u0161izma.<\/p>\n<p style=\"text-align: right;\"><em>Predsjednik BDZ Sand\u017eaka<\/em><\/p>\n<p style=\"text-align: right;\"><em>Jahja Fehratovi\u0107\u00a0<\/em><\/p>\n<p>&#8212;&#8212;&#8212;&#8212;&#8212;&#8212;&#8212;&#8212;&#8212;&#8212;&#8212;&#8212;&#8212;&#8212;&#8212;&#8212;&#8212;&#8212;&#8212;&#8212;&#8212;&#8212;&#8212;&#8212;&#8212;&#8212;&#8212;&#8212;&#8212;&#8212;&#8212;&#8212;&#8212;&#8212;&#8212;&#8212;&#8212;&#8212;&#8212;&#8212;&#8212;&#8212;&#8212;&#8212;&#8212;&#8212;&#8212;&#8212;&#8212;&#8212;&#8212;<\/p>\n<p style=\"text-align: left;\" align=\"center\"><em><strong>Bo\u0161nja\u010dko nacionalno vije\u0107e &#8211; BNV<\/strong><\/em><\/p>\n<p style=\"text-align: left;\" align=\"center\">U ime Bo\u0161nja\u010dkog nacionalnog vije\u0107a kao i u svoje li\u010dno, svim gra\u0111ankama i gra\u0111anima Sand\u017eaka \u010destitam 20. novembar \u2013 Dan Sand\u017eaka.<\/p>\n<p style=\"text-align: left;\" align=\"center\">Ovaj datum je dokaz antifa\u0161isti\u010dke pro\u0161losti Bo\u0161njaka i Sand\u017eaka, kao i vjekovne potrebe sand\u017ea\u010dkog stanovni\u0161tva za autonomijom historijske regije Sand\u017eak.<\/p>\n<p style=\"text-align: right;\" align=\"right\"><em>Predsjednik<\/em><\/p>\n<p style=\"text-align: right;\" align=\"right\"><em>Samir Tandir<\/em><\/p>\n<p>&#8212;&#8212;&#8212;&#8212;&#8212;&#8212;&#8212;&#8212;&#8212;&#8212;&#8212;&#8212;&#8212;&#8212;&#8212;&#8212;&#8212;&#8212;&#8212;&#8212;&#8212;&#8212;&#8212;&#8212;&#8212;&#8212;&#8212;&#8212;&#8212;&#8212;&#8212;&#8212;&#8212;&#8212;&#8212;&#8212;&#8212;&#8212;&#8212;&#8212;&#8212;&#8212;&#8212;&#8212;&#8212;&#8212;&#8212;&#8212;&#8212;&#8212;&#8212;<\/p>\n<p style=\"text-align: left;\" align=\"center\"><em><strong>Narodno vije\u0107e Sand\u017eaka &#8211; NVS<\/strong><\/em><\/p>\n<p>U ime Narodnog vije\u0107a Sand\u017eaka (NVS) i svoje li\u010dno ime, svim gra\u0111anima upu\u0107ujem srda\u010dne \u010destitke povodom 20. novembra \u2013 Dana Sand\u017eaka.<\/p>\n<p>Gra\u0111ani Sand\u017eaka se suo\u010davaju sa te\u0161kim \u017eivotnim uslovima, bez radnih mjesta, bez fabrika i stranih ulaganja, bez kvalitetne putne mre\u017ee i ostalih elementarnih uslova za \u017eivot. Svi ovi problemi mogu biti rije\u0161eni samo ukoliko ustrajemo u naporima u cilju izgradnje odgovornog i radnog dru\u0161tva, jakog pozitivnog duha, koje gaji su\u017eivot i toleranciju, te me\u0111usobno uva\u017eavanje i po\u0161tovanje.<\/p>\n<p style=\"text-align: right;\"><em>Predsjednik \u00a0\u00a0<\/em><br \/>\n<em>Izvr\u0161nog vije\u0107a Sand\u017eaka\u00a0\u00a0 <\/em><br \/>\n<em> Sead \u0160a\u0107irovi\u0107<\/em><\/p>\n<p>&#8212;&#8212;&#8212;&#8212;&#8212;&#8212;&#8212;&#8212;&#8212;&#8212;&#8212;&#8212;&#8212;&#8212;&#8212;&#8212;&#8212;&#8212;&#8212;&#8212;&#8212;&#8212;&#8212;&#8212;&#8212;&#8212;&#8212;&#8212;&#8212;&#8212;&#8212;&#8212;&#8212;&#8212;&#8212;&#8212;&#8212;&#8212;&#8212;&#8212;&#8212;&#8212;&#8212;&#8212;&#8212;&#8212;&#8212;&#8212;&#8212;&#8212;&#8212;<\/p>\n<p style=\"text-align: left;\" align=\"center\"><em><strong>Zajednica sand\u017ea\u010dke dijaspore &#8211; ZSD<\/strong><\/em><\/p>\n<p>U ime ZSD kao i u svoje li\u010dno ime \u010destitam gradjanima Sandzaka kao i na\u0161im ljudima u dijaspori\u00a0 20. novembar &#8211; Dan Sandzaka.<\/p>\n<p>Neka nam sje\u0107anje na na ZAVNOS i na\u0161e hrabre i istaknute pojedince bude dodatna inspiracija da nastavimo putem autonomije Sandzaka kao prekograni\u010dne regije.<\/p>\n<p>Bo\u0161njaci u Sandzaku koji su uvijek promovisali su\u017eivot, toleranciju i pozitivne vrijednosti ne\u0107e prestati da se bore za slobodu i sopstvena prava kao i prava drugih naroda Sandzaka.<\/p>\n<p style=\"text-align: right;\"><em>Predsjednik ZSD<br \/>\nMithat Mujovic<\/em><\/p>\n<p>&#8212;&#8212;&#8212;&#8212;&#8212;&#8212;&#8212;&#8212;&#8212;&#8212;&#8212;&#8212;&#8212;&#8212;&#8212;&#8212;&#8212;&#8212;&#8212;&#8212;&#8212;&#8212;&#8212;&#8212;&#8212;&#8212;&#8212;&#8212;&#8212;&#8212;&#8212;&#8212;&#8212;&#8212;&#8212;&#8212;&#8212;&#8212;&#8212;&#8212;&#8212;&#8212;&#8212;&#8212;&#8212;&#8212;&#8212;&#8212;&#8212;&#8212;&#8212;<\/p>\n<p><em><strong>Stranka demokratske akcije &#8211; SDA<\/strong><\/em><\/p>\n<div id=\"centar\">\n<div>\n<p>Povodom obilje\u017eavanja 20. novembra Dana Sand\u017eaka, predsjednik SDA Sand\u017eaka i ministar u Vladi Republike Srbije dr. Sulejman Ugljanin, uputio je \u010destitku svim gra\u0111anima Sand\u017eaka.<\/p>\n<p>U \u010destitki se ka\u017ee:<\/p>\n<p>&#8220;20 novembar je nacionalni praznik Bo\u0161njaka i svih gra\u0111ana Sand\u017eaka jer su se tada Bo\u0161njaci, Srbi i Crnogorci ujedinili protiv fa\u0161izma i u Pljevljima osnovali Zemaljsko antifa\u0161isti\u010dko vije\u0107e narodnog oslobo\u0111enja Sand\u017eaka. 20 novembar predstavlja najvetliju stranicu moderne istorije Sand\u017eaka i on predstavlja simbol antifa\u0161izma, borbe za ljudska prava i slobode.<\/p>\n<p>\u010cestitam ovaj veliki praznik Bo\u0161njacima i svim gra\u0111anima Sand\u017eaka i \u017eelim da ga provedu u\u00a0 sre\u0107i, miru, slozi i dobrom zdravlju.&#8221;<\/p>\n<p style=\"text-align: right;\"><em>SDA<\/em><\/p>\n<\/div>\n<\/div>\n<div><\/div>\n<div id=\"footer\"><\/div>\n","protected":false},"excerpt":{"rendered":"<p>REDAKCIJA SAND\u017dAK PRESS VAM \u010cESTITA DAN SAND\u017dAKA<\/p>\n","protected":false},"author":83,"featured_media":95959,"comment_status":"open","ping_status":"open","sticky":false,"template":"","format":"standard","meta":{"footnotes":""},"categories":[72,398,800,52,397,327,10174,392,396,393,395,394,399,10173,8957],"tags":[10288],"class_list":{"0":"post-95958","1":"post","2":"type-post","3":"status-publish","4":"format-standard","5":"has-post-thumbnail","7":"category-novi-pazar","8":"category-rozaje","9":"category-nacija","10":"category-sjenica","11":"category-berane","12":"category-tutin","13":"category-petnjica-vase-vijesti","14":"category-prijepolje_","15":"category-bijelo_polje","16":"category-priboj","17":"category-pljevlja_","18":"category-nova-varos","19":"category-plav_","20":"category-gusinje-vase-vijesti","21":"category-vijesti-dana","22":"tag-autonomija-sandzaka"},"yoast_head":"<!-- This site is optimized with the Yoast SEO Premium plugin v23.1 (Yoast SEO v24.9) - https:\/\/yoast.com\/wordpress\/plugins\/seo\/ -->\n<title>Nek vam je hajrli Dan Sand\u017eaka<\/title>\n<meta name=\"robots\" content=\"index, follow, max-snippet:-1, max-image-preview:large, max-video-preview:-1\" \/>\n<link rel=\"canonical\" href=\"https:\/\/sandzakpress.net\/arhiva\/dan-sandzaka-mubarek-olsun\/\" \/>\n<meta property=\"og:locale\" content=\"bs_BA\" \/>\n<meta property=\"og:type\" content=\"article\" \/>\n<meta property=\"og:title\" content=\"Nek vam je hajrli Dan Sand\u017eaka\" \/>\n<meta property=\"og:description\" content=\"REDAKCIJA SAND\u017dAK PRESS VAM \u010cESTITA DAN SAND\u017dAKA\" \/>\n<meta property=\"og:url\" content=\"https:\/\/sandzakpress.net\/arhiva\/dan-sandzaka-mubarek-olsun\/\" \/>\n<meta property=\"og:site_name\" content=\"Sand\u017eak PRESS\" \/>\n<meta property=\"article:published_time\" content=\"2013-11-20T16:24:36+00:00\" \/>\n<meta property=\"article:modified_time\" content=\"2013-11-21T13:44:29+00:00\" \/>\n<meta property=\"og:image\" content=\"https:\/\/sandzakpress.net\/arhiva\/wp-content\/uploads\/2013\/11\/grb-karta-sandzaka-drvo.jpg\" \/>\n\t<meta property=\"og:image:width\" content=\"616\" \/>\n\t<meta property=\"og:image:height\" content=\"407\" \/>\n\t<meta property=\"og:image:type\" content=\"image\/jpeg\" \/>\n<meta name=\"author\" content=\"bosniak\" \/>\n<meta name=\"twitter:card\" content=\"summary_large_image\" \/>\n<meta name=\"twitter:label1\" content=\"Written by\" \/>\n\t<meta name=\"twitter:data1\" content=\"bosniak\" \/>\n\t<meta name=\"twitter:label2\" content=\"Est. reading time\" \/>\n\t<meta name=\"twitter:data2\" content=\"3 minute\" \/>\n<script type=\"application\/ld+json\" class=\"yoast-schema-graph\">{\"@context\":\"https:\/\/schema.org\",\"@graph\":[{\"@type\":\"Article\",\"@id\":\"https:\/\/sandzakpress.net\/arhiva\/dan-sandzaka-mubarek-olsun\/#article\",\"isPartOf\":{\"@id\":\"https:\/\/sandzakpress.net\/arhiva\/dan-sandzaka-mubarek-olsun\/\"},\"author\":{\"name\":\"bosniak\",\"@id\":\"https:\/\/sandzakpress.net\/arhiva\/#\/schema\/person\/c8baee722073534b583ea7bdb2e36c02\"},\"headline\":\"Nek vam je hajrli Dan Sand\u017eaka\",\"datePublished\":\"2013-11-20T16:24:36+00:00\",\"dateModified\":\"2013-11-21T13:44:29+00:00\",\"mainEntityOfPage\":{\"@id\":\"https:\/\/sandzakpress.net\/arhiva\/dan-sandzaka-mubarek-olsun\/\"},\"wordCount\":605,\"commentCount\":8,\"publisher\":{\"@id\":\"https:\/\/sandzakpress.net\/arhiva\/#\/schema\/person\/6e72b67d6e51910a1117b3b483ba20bd\"},\"image\":{\"@id\":\"https:\/\/sandzakpress.net\/arhiva\/dan-sandzaka-mubarek-olsun\/#primaryimage\"},\"thumbnailUrl\":\"https:\/\/sandzakpress.net\/arhiva\/wp-content\/uploads\/2013\/11\/grb-karta-sandzaka-drvo.jpg\",\"keywords\":[\"Autonomija Sand\u017eaka\"],\"articleSection\":[\"Novi Pazar\",\"Ro\u017eaje\",\"Nacija\",\"Sjenica\",\"Berane\",\"Tutin\",\"Petnjica\",\"Prijepolje\",\"Bijelo Polje\",\"Priboj\",\"Pljevlja\",\"Nova Varo\u0161\",\"Plav\",\"Gusinje\",\"VIJESTI DANA\"],\"inLanguage\":\"bs-BA\",\"potentialAction\":[{\"@type\":\"CommentAction\",\"name\":\"Comment\",\"target\":[\"https:\/\/sandzakpress.net\/arhiva\/dan-sandzaka-mubarek-olsun\/#respond\"]}]},{\"@type\":\"WebPage\",\"@id\":\"https:\/\/sandzakpress.net\/arhiva\/dan-sandzaka-mubarek-olsun\/\",\"url\":\"https:\/\/sandzakpress.net\/arhiva\/dan-sandzaka-mubarek-olsun\/\",\"name\":\"Nek vam je hajrli Dan Sand\u017eaka\",\"isPartOf\":{\"@id\":\"https:\/\/sandzakpress.net\/arhiva\/#website\"},\"primaryImageOfPage\":{\"@id\":\"https:\/\/sandzakpress.net\/arhiva\/dan-sandzaka-mubarek-olsun\/#primaryimage\"},\"image\":{\"@id\":\"https:\/\/sandzakpress.net\/arhiva\/dan-sandzaka-mubarek-olsun\/#primaryimage\"},\"thumbnailUrl\":\"https:\/\/sandzakpress.net\/arhiva\/wp-content\/uploads\/2013\/11\/grb-karta-sandzaka-drvo.jpg\",\"datePublished\":\"2013-11-20T16:24:36+00:00\",\"dateModified\":\"2013-11-21T13:44:29+00:00\",\"breadcrumb\":{\"@id\":\"https:\/\/sandzakpress.net\/arhiva\/dan-sandzaka-mubarek-olsun\/#breadcrumb\"},\"inLanguage\":\"bs-BA\",\"potentialAction\":[{\"@type\":\"ReadAction\",\"target\":[\"https:\/\/sandzakpress.net\/arhiva\/dan-sandzaka-mubarek-olsun\/\"]}]},{\"@type\":\"ImageObject\",\"inLanguage\":\"bs-BA\",\"@id\":\"https:\/\/sandzakpress.net\/arhiva\/dan-sandzaka-mubarek-olsun\/#primaryimage\",\"url\":\"https:\/\/sandzakpress.net\/arhiva\/wp-content\/uploads\/2013\/11\/grb-karta-sandzaka-drvo.jpg\",\"contentUrl\":\"https:\/\/sandzakpress.net\/arhiva\/wp-content\/uploads\/2013\/11\/grb-karta-sandzaka-drvo.jpg\",\"width\":616,\"height\":407},{\"@type\":\"BreadcrumbList\",\"@id\":\"https:\/\/sandzakpress.net\/arhiva\/dan-sandzaka-mubarek-olsun\/#breadcrumb\",\"itemListElement\":[{\"@type\":\"ListItem\",\"position\":1,\"name\":\"Home\",\"item\":\"https:\/\/sandzakpress.net\/arhiva\/\"},{\"@type\":\"ListItem\",\"position\":2,\"name\":\"Nek vam je hajrli Dan Sand\u017eaka\"}]},{\"@type\":\"WebSite\",\"@id\":\"https:\/\/sandzakpress.net\/arhiva\/#website\",\"url\":\"https:\/\/sandzakpress.net\/arhiva\/\",\"name\":\"Sand\u017eak PRESS\",\"description\":\"Prve elektronske novine u Sand\u017eaku\",\"publisher\":{\"@id\":\"https:\/\/sandzakpress.net\/arhiva\/#\/schema\/person\/6e72b67d6e51910a1117b3b483ba20bd\"},\"potentialAction\":[{\"@type\":\"SearchAction\",\"target\":{\"@type\":\"EntryPoint\",\"urlTemplate\":\"https:\/\/sandzakpress.net\/arhiva\/?s={search_term_string}\"},\"query-input\":{\"@type\":\"PropertyValueSpecification\",\"valueRequired\":true,\"valueName\":\"search_term_string\"}}],\"inLanguage\":\"bs-BA\"},{\"@type\":[\"Person\",\"Organization\"],\"@id\":\"https:\/\/sandzakpress.net\/arhiva\/#\/schema\/person\/6e72b67d6e51910a1117b3b483ba20bd\",\"name\":\"Kul\",\"image\":{\"@type\":\"ImageObject\",\"inLanguage\":\"bs-BA\",\"@id\":\"https:\/\/sandzakpress.net\/arhiva\/#\/schema\/person\/image\/\",\"url\":\"https:\/\/secure.gravatar.com\/avatar\/42263f39aa27ac04c43cab85c280eb2e?s=96&d=mm&r=pg\",\"contentUrl\":\"https:\/\/secure.gravatar.com\/avatar\/42263f39aa27ac04c43cab85c280eb2e?s=96&d=mm&r=pg\",\"caption\":\"Kul\"},\"logo\":{\"@id\":\"https:\/\/sandzakpress.net\/arhiva\/#\/schema\/person\/image\/\"}},{\"@type\":\"Person\",\"@id\":\"https:\/\/sandzakpress.net\/arhiva\/#\/schema\/person\/c8baee722073534b583ea7bdb2e36c02\",\"name\":\"bosniak\",\"image\":{\"@type\":\"ImageObject\",\"inLanguage\":\"bs-BA\",\"@id\":\"https:\/\/sandzakpress.net\/arhiva\/#\/schema\/person\/image\/\",\"url\":\"https:\/\/secure.gravatar.com\/avatar\/a04fd330bfe3a36a72a0ad4a6d89fca7?s=96&d=mm&r=pg\",\"contentUrl\":\"https:\/\/secure.gravatar.com\/avatar\/a04fd330bfe3a36a72a0ad4a6d89fca7?s=96&d=mm&r=pg\",\"caption\":\"bosniak\"},\"url\":\"https:\/\/sandzakpress.net\/arhiva\/author\/bosniak\/\"}]}<\/script>\n<!-- \/ Yoast SEO Premium plugin. -->","yoast_head_json":{"title":"Nek vam je hajrli Dan Sand\u017eaka","robots":{"index":"index","follow":"follow","max-snippet":"max-snippet:-1","max-image-preview":"max-image-preview:large","max-video-preview":"max-video-preview:-1"},"canonical":"https:\/\/sandzakpress.net\/arhiva\/dan-sandzaka-mubarek-olsun\/","og_locale":"bs_BA","og_type":"article","og_title":"Nek vam je hajrli Dan Sand\u017eaka","og_description":"REDAKCIJA SAND\u017dAK PRESS VAM \u010cESTITA DAN SAND\u017dAKA","og_url":"https:\/\/sandzakpress.net\/arhiva\/dan-sandzaka-mubarek-olsun\/","og_site_name":"Sand\u017eak PRESS","article_published_time":"2013-11-20T16:24:36+00:00","article_modified_time":"2013-11-21T13:44:29+00:00","og_image":[{"width":616,"height":407,"url":"https:\/\/sandzakpress.net\/arhiva\/wp-content\/uploads\/2013\/11\/grb-karta-sandzaka-drvo.jpg","type":"image\/jpeg"}],"author":"bosniak","twitter_card":"summary_large_image","twitter_misc":{"Written by":"bosniak","Est. reading time":"3 minute"},"schema":{"@context":"https:\/\/schema.org","@graph":[{"@type":"Article","@id":"https:\/\/sandzakpress.net\/arhiva\/dan-sandzaka-mubarek-olsun\/#article","isPartOf":{"@id":"https:\/\/sandzakpress.net\/arhiva\/dan-sandzaka-mubarek-olsun\/"},"author":{"name":"bosniak","@id":"https:\/\/sandzakpress.net\/arhiva\/#\/schema\/person\/c8baee722073534b583ea7bdb2e36c02"},"headline":"Nek vam je hajrli Dan Sand\u017eaka","datePublished":"2013-11-20T16:24:36+00:00","dateModified":"2013-11-21T13:44:29+00:00","mainEntityOfPage":{"@id":"https:\/\/sandzakpress.net\/arhiva\/dan-sandzaka-mubarek-olsun\/"},"wordCount":605,"commentCount":8,"publisher":{"@id":"https:\/\/sandzakpress.net\/arhiva\/#\/schema\/person\/6e72b67d6e51910a1117b3b483ba20bd"},"image":{"@id":"https:\/\/sandzakpress.net\/arhiva\/dan-sandzaka-mubarek-olsun\/#primaryimage"},"thumbnailUrl":"https:\/\/sandzakpress.net\/arhiva\/wp-content\/uploads\/2013\/11\/grb-karta-sandzaka-drvo.jpg","keywords":["Autonomija Sand\u017eaka"],"articleSection":["Novi Pazar","Ro\u017eaje","Nacija","Sjenica","Berane","Tutin","Petnjica","Prijepolje","Bijelo Polje","Priboj","Pljevlja","Nova Varo\u0161","Plav","Gusinje","VIJESTI DANA"],"inLanguage":"bs-BA","potentialAction":[{"@type":"CommentAction","name":"Comment","target":["https:\/\/sandzakpress.net\/arhiva\/dan-sandzaka-mubarek-olsun\/#respond"]}]},{"@type":"WebPage","@id":"https:\/\/sandzakpress.net\/arhiva\/dan-sandzaka-mubarek-olsun\/","url":"https:\/\/sandzakpress.net\/arhiva\/dan-sandzaka-mubarek-olsun\/","name":"Nek vam je hajrli Dan Sand\u017eaka","isPartOf":{"@id":"https:\/\/sandzakpress.net\/arhiva\/#website"},"primaryImageOfPage":{"@id":"https:\/\/sandzakpress.net\/arhiva\/dan-sandzaka-mubarek-olsun\/#primaryimage"},"image":{"@id":"https:\/\/sandzakpress.net\/arhiva\/dan-sandzaka-mubarek-olsun\/#primaryimage"},"thumbnailUrl":"https:\/\/sandzakpress.net\/arhiva\/wp-content\/uploads\/2013\/11\/grb-karta-sandzaka-drvo.jpg","datePublished":"2013-11-20T16:24:36+00:00","dateModified":"2013-11-21T13:44:29+00:00","breadcrumb":{"@id":"https:\/\/sandzakpress.net\/arhiva\/dan-sandzaka-mubarek-olsun\/#breadcrumb"},"inLanguage":"bs-BA","potentialAction":[{"@type":"ReadAction","target":["https:\/\/sandzakpress.net\/arhiva\/dan-sandzaka-mubarek-olsun\/"]}]},{"@type":"ImageObject","inLanguage":"bs-BA","@id":"https:\/\/sandzakpress.net\/arhiva\/dan-sandzaka-mubarek-olsun\/#primaryimage","url":"https:\/\/sandzakpress.net\/arhiva\/wp-content\/uploads\/2013\/11\/grb-karta-sandzaka-drvo.jpg","contentUrl":"https:\/\/sandzakpress.net\/arhiva\/wp-content\/uploads\/2013\/11\/grb-karta-sandzaka-drvo.jpg","width":616,"height":407},{"@type":"BreadcrumbList","@id":"https:\/\/sandzakpress.net\/arhiva\/dan-sandzaka-mubarek-olsun\/#breadcrumb","itemListElement":[{"@type":"ListItem","position":1,"name":"Home","item":"https:\/\/sandzakpress.net\/arhiva\/"},{"@type":"ListItem","position":2,"name":"Nek vam je hajrli Dan Sand\u017eaka"}]},{"@type":"WebSite","@id":"https:\/\/sandzakpress.net\/arhiva\/#website","url":"https:\/\/sandzakpress.net\/arhiva\/","name":"Sand\u017eak PRESS","description":"Prve elektronske novine u Sand\u017eaku","publisher":{"@id":"https:\/\/sandzakpress.net\/arhiva\/#\/schema\/person\/6e72b67d6e51910a1117b3b483ba20bd"},"potentialAction":[{"@type":"SearchAction","target":{"@type":"EntryPoint","urlTemplate":"https:\/\/sandzakpress.net\/arhiva\/?s={search_term_string}"},"query-input":{"@type":"PropertyValueSpecification","valueRequired":true,"valueName":"search_term_string"}}],"inLanguage":"bs-BA"},{"@type":["Person","Organization"],"@id":"https:\/\/sandzakpress.net\/arhiva\/#\/schema\/person\/6e72b67d6e51910a1117b3b483ba20bd","name":"Kul","image":{"@type":"ImageObject","inLanguage":"bs-BA","@id":"https:\/\/sandzakpress.net\/arhiva\/#\/schema\/person\/image\/","url":"https:\/\/secure.gravatar.com\/avatar\/42263f39aa27ac04c43cab85c280eb2e?s=96&d=mm&r=pg","contentUrl":"https:\/\/secure.gravatar.com\/avatar\/42263f39aa27ac04c43cab85c280eb2e?s=96&d=mm&r=pg","caption":"Kul"},"logo":{"@id":"https:\/\/sandzakpress.net\/arhiva\/#\/schema\/person\/image\/"}},{"@type":"Person","@id":"https:\/\/sandzakpress.net\/arhiva\/#\/schema\/person\/c8baee722073534b583ea7bdb2e36c02","name":"bosniak","image":{"@type":"ImageObject","inLanguage":"bs-BA","@id":"https:\/\/sandzakpress.net\/arhiva\/#\/schema\/person\/image\/","url":"https:\/\/secure.gravatar.com\/avatar\/a04fd330bfe3a36a72a0ad4a6d89fca7?s=96&d=mm&r=pg","contentUrl":"https:\/\/secure.gravatar.com\/avatar\/a04fd330bfe3a36a72a0ad4a6d89fca7?s=96&d=mm&r=pg","caption":"bosniak"},"url":"https:\/\/sandzakpress.net\/arhiva\/author\/bosniak\/"}]}},"_links":{"self":[{"href":"https:\/\/sandzakpress.net\/arhiva\/wp-json\/wp\/v2\/posts\/95958"}],"collection":[{"href":"https:\/\/sandzakpress.net\/arhiva\/wp-json\/wp\/v2\/posts"}],"about":[{"href":"https:\/\/sandzakpress.net\/arhiva\/wp-json\/wp\/v2\/types\/post"}],"author":[{"embeddable":true,"href":"https:\/\/sandzakpress.net\/arhiva\/wp-json\/wp\/v2\/users\/83"}],"replies":[{"embeddable":true,"href":"https:\/\/sandzakpress.net\/arhiva\/wp-json\/wp\/v2\/comments?post=95958"}],"version-history":[{"count":0,"href":"https:\/\/sandzakpress.net\/arhiva\/wp-json\/wp\/v2\/posts\/95958\/revisions"}],"wp:featuredmedia":[{"embeddable":true,"href":"https:\/\/sandzakpress.net\/arhiva\/wp-json\/wp\/v2\/media\/95959"}],"wp:attachment":[{"href":"https:\/\/sandzakpress.net\/arhiva\/wp-json\/wp\/v2\/media?parent=95958"}],"wp:term":[{"taxonomy":"category","embeddable":true,"href":"https:\/\/sandzakpress.net\/arhiva\/wp-json\/wp\/v2\/categories?post=95958"},{"taxonomy":"post_tag","embeddable":true,"href":"https:\/\/sandzakpress.net\/arhiva\/wp-json\/wp\/v2\/tags?post=95958"}],"curies":[{"name":"wp","href":"https:\/\/api.w.org\/{rel}","templated":true}]}}