{"id":9592,"date":"2010-11-05T22:08:30","date_gmt":"2010-11-05T21:08:30","guid":{"rendered":"https:\/\/sandzakpress.net\/arhiva\/?p=9592"},"modified":"2010-11-05T22:08:30","modified_gmt":"2010-11-05T21:08:30","slug":"tendenciozna-laz-medija-centra-iz-beograda","status":"publish","type":"post","link":"https:\/\/sandzakpress.net\/arhiva\/tendenciozna-laz-medija-centra-iz-beograda\/","title":{"rendered":"Tendenciozna la\u017e Medija centra iz Beograda"},"content":{"rendered":"<p><strong><a href=\"https:\/\/sandzakpress.net\/arhiva\/wp-content\/uploads\/2010\/11\/meho-mahmutovic.jpg\"><img loading=\"lazy\" decoding=\"async\" class=\"alignleft size-full wp-image-9594\" title=\"meho-mahmutovic\" src=\"https:\/\/sandzakpress.net\/arhiva\/wp-content\/uploads\/2010\/11\/meho-mahmutovic.jpg\" alt=\"\" width=\"107\" height=\"103\" \/><\/a>Novi Pazar &#8211; Me\u0161ihat Islamske zajednice u Srbiji najo\u0161trije osu\u0111uje \u0161irenje la\u017ei i neistina od strane Medija centra iz Beograda na ra\u010dun glavnog muftije Muamer ef. Zukorli\u0107a izre\u010denih u saop\u0161tenju u kojem se javnost dezinformi\u0161e da Glavni muftija nije dozvolio ekipi Regionalne televizije Novi Pazar pra\u0107enje sastanka sa grupom stranih novinara akeditovanih u Srbiji i novinara doma\u0107ih redakcija, odr\u017eanom 03.11.2010. god. u prostorijama Me\u0161ihata.<\/strong><\/p>\n<p>Regionalna televizija Novi Pazar, kao i svi ostali mediji, uredno je obavije\u0161tena o odr\u017eavanju pomenutog sastanka i obezbije\u0111en joj je ravnopravan tretman prilikom snimanja i izvje\u0161tavanja sa ovoga skupa. Koriste\u0107i snimke svog snimatelja Hajrudina Li\u010dine, u Dnevniku u 19 \u010dasova emitovan je prilog o pomenutom sastanku.<\/p>\n<p>Zbog \u0161irenja dezinformacija i tenedencioznog plasiranja neistine, Me\u0161ihat Islamske zajednice u Srbiji \u0107e podnijeti krivi\u010dnu prijavu protiv odgovornog lica u Medija centru iz Beograda.<\/p>\n<p><a href=\"https:\/\/sandzakpress.net\/arhiva\/wp-content\/uploads\/2010\/11\/novinari-kod-muftije-03.10.2010-2.jpg\"><img loading=\"lazy\" decoding=\"async\" class=\"aligncenter size-full wp-image-9593\" title=\"novinari kod muftije 03.10.2010 (2)\" src=\"https:\/\/sandzakpress.net\/arhiva\/wp-content\/uploads\/2010\/11\/novinari-kod-muftije-03.10.2010-2.jpg\" alt=\"\" width=\"616\" height=\"269\" \/><\/a><\/p>\n<p style=\"text-align: center;\"><strong>Novinari kod Glavnog muftije<\/strong><\/p>\n<p>U organizaciji Medija centra u Beogradu, a uz podr\u0161ku Fonda za otvoreno dru\u0161tvo iz Beograda, 23 doma\u0107a i strana novinara akreditovana u Republici Srbiji, u srijedu 3. novembra posjetila su Me\u0161ihat Islamske zajednice, gdje ih je primio glavni muftija Muamer ef. Zukorli\u0107.<\/p>\n<p>Tom prilikom, Glavni muftija ih je upoznao sa tri stuba stabilnosti dr\u017eave u regiji Sand\u017eak, koje \u010dine Islamska zajednica, Bo\u0161nja\u010dko nacionalno vije\u0107e i Internacionalni univerzitet, a koji su permanentno na udaru aktuelnog re\u017eima uz kontinuirano kr\u0161enje vjerskih i nacionalnih prava muslimana u Srbiji.<\/p>\n<p>Nakon toga novinari Italijanske dr\u017eavne novinske agencije \u201eAnsa\u201c, Bugarskog dr\u017eavnog radija, Francuskog \u201eFrans presa\u201c, Italijanske privatne novinske agencije \u201eApkom\u201c, Instituta za medije u Beogradu, beogradskog nedjeljnika \u201eVreme\u201c i Televizije \u201eSpektra\u201c iz Bujanovca postavljali su pitanja Glavnom muftiji, na koja su dobili iscrpne odgovore.<\/p>\n<p>Izvor: <strong>SandzakPRESS, IslamskaZajednica.org<\/strong><\/p>\n","protected":false},"excerpt":{"rendered":"<p>Novi Pazar &#8211; Me\u0161ihat Islamske zajednice u Srbiji najo\u0161trije osu\u0111uje \u0161irenje la\u017ei i neistina od strane Medija centra iz Beograda na ra\u010dun glavnog muftije Muamer ef. Zukorli\u0107a izre\u010denih u saop\u0161tenju u kojem se javnost dezinformi\u0161e da Glavni muftija nije dozvolio ekipi Regionalne televizije Novi Pazar pra\u0107enje sastanka sa grupom stranih novinara akeditovanih u Srbiji i [&hellip;]<\/p>\n","protected":false},"author":83,"featured_media":9594,"comment_status":"open","ping_status":"open","sticky":false,"template":"","format":"standard","meta":{"footnotes":""},"categories":[72,800],"tags":[],"class_list":{"0":"post-9592","1":"post","2":"type-post","3":"status-publish","4":"format-standard","5":"has-post-thumbnail","7":"category-novi-pazar","8":"category-nacija"},"yoast_head":"<!-- This site is optimized with the Yoast SEO Premium plugin v23.1 (Yoast SEO v24.9) - https:\/\/yoast.com\/wordpress\/plugins\/seo\/ -->\n<title>Tendenciozna la\u017e Medija centra iz Beograda<\/title>\n<meta name=\"robots\" content=\"index, follow, max-snippet:-1, max-image-preview:large, max-video-preview:-1\" \/>\n<link rel=\"canonical\" href=\"https:\/\/sandzakpress.net\/arhiva\/tendenciozna-laz-medija-centra-iz-beograda\/\" \/>\n<meta property=\"og:locale\" content=\"bs_BA\" \/>\n<meta property=\"og:type\" content=\"article\" \/>\n<meta property=\"og:title\" content=\"Tendenciozna la\u017e Medija centra iz Beograda\" \/>\n<meta property=\"og:description\" content=\"Novi Pazar &#8211; Me\u0161ihat Islamske zajednice u Srbiji najo\u0161trije osu\u0111uje \u0161irenje la\u017ei i neistina od strane Medija centra iz Beograda na ra\u010dun glavnog muftije Muamer ef. Zukorli\u0107a izre\u010denih u saop\u0161tenju u kojem se javnost dezinformi\u0161e da Glavni muftija nije dozvolio ekipi Regionalne televizije Novi Pazar pra\u0107enje sastanka sa grupom stranih novinara akeditovanih u Srbiji i [&hellip;]\" \/>\n<meta property=\"og:url\" content=\"https:\/\/sandzakpress.net\/arhiva\/tendenciozna-laz-medija-centra-iz-beograda\/\" \/>\n<meta property=\"og:site_name\" content=\"Sand\u017eak PRESS\" \/>\n<meta property=\"article:published_time\" content=\"2010-11-05T21:08:30+00:00\" \/>\n<meta property=\"og:image\" content=\"https:\/\/sandzakpress.net\/arhiva\/wp-content\/uploads\/2010\/11\/meho-mahmutovic.jpg\" \/>\n\t<meta property=\"og:image:width\" content=\"137\" \/>\n\t<meta property=\"og:image:height\" content=\"132\" \/>\n\t<meta property=\"og:image:type\" content=\"image\/jpeg\" \/>\n<meta name=\"author\" content=\"bosniak\" \/>\n<meta name=\"twitter:card\" content=\"summary_large_image\" \/>\n<meta name=\"twitter:label1\" content=\"Written by\" \/>\n\t<meta name=\"twitter:data1\" content=\"bosniak\" \/>\n\t<meta name=\"twitter:label2\" content=\"Est. reading time\" \/>\n\t<meta name=\"twitter:data2\" content=\"2 minute\" \/>\n<script type=\"application\/ld+json\" class=\"yoast-schema-graph\">{\"@context\":\"https:\/\/schema.org\",\"@graph\":[{\"@type\":\"Article\",\"@id\":\"https:\/\/sandzakpress.net\/arhiva\/tendenciozna-laz-medija-centra-iz-beograda\/#article\",\"isPartOf\":{\"@id\":\"https:\/\/sandzakpress.net\/arhiva\/tendenciozna-laz-medija-centra-iz-beograda\/\"},\"author\":{\"name\":\"bosniak\",\"@id\":\"https:\/\/sandzakpress.net\/arhiva\/#\/schema\/person\/c8baee722073534b583ea7bdb2e36c02\"},\"headline\":\"Tendenciozna la\u017e Medija centra iz Beograda\",\"datePublished\":\"2010-11-05T21:08:30+00:00\",\"mainEntityOfPage\":{\"@id\":\"https:\/\/sandzakpress.net\/arhiva\/tendenciozna-laz-medija-centra-iz-beograda\/\"},\"wordCount\":306,\"commentCount\":8,\"publisher\":{\"@id\":\"https:\/\/sandzakpress.net\/arhiva\/#\/schema\/person\/6e72b67d6e51910a1117b3b483ba20bd\"},\"image\":{\"@id\":\"https:\/\/sandzakpress.net\/arhiva\/tendenciozna-laz-medija-centra-iz-beograda\/#primaryimage\"},\"thumbnailUrl\":\"https:\/\/sandzakpress.net\/arhiva\/wp-content\/uploads\/2010\/11\/meho-mahmutovic.jpg\",\"articleSection\":[\"Novi Pazar\",\"Nacija\"],\"inLanguage\":\"bs-BA\",\"potentialAction\":[{\"@type\":\"CommentAction\",\"name\":\"Comment\",\"target\":[\"https:\/\/sandzakpress.net\/arhiva\/tendenciozna-laz-medija-centra-iz-beograda\/#respond\"]}]},{\"@type\":\"WebPage\",\"@id\":\"https:\/\/sandzakpress.net\/arhiva\/tendenciozna-laz-medija-centra-iz-beograda\/\",\"url\":\"https:\/\/sandzakpress.net\/arhiva\/tendenciozna-laz-medija-centra-iz-beograda\/\",\"name\":\"Tendenciozna la\u017e Medija centra iz Beograda\",\"isPartOf\":{\"@id\":\"https:\/\/sandzakpress.net\/arhiva\/#website\"},\"primaryImageOfPage\":{\"@id\":\"https:\/\/sandzakpress.net\/arhiva\/tendenciozna-laz-medija-centra-iz-beograda\/#primaryimage\"},\"image\":{\"@id\":\"https:\/\/sandzakpress.net\/arhiva\/tendenciozna-laz-medija-centra-iz-beograda\/#primaryimage\"},\"thumbnailUrl\":\"https:\/\/sandzakpress.net\/arhiva\/wp-content\/uploads\/2010\/11\/meho-mahmutovic.jpg\",\"datePublished\":\"2010-11-05T21:08:30+00:00\",\"breadcrumb\":{\"@id\":\"https:\/\/sandzakpress.net\/arhiva\/tendenciozna-laz-medija-centra-iz-beograda\/#breadcrumb\"},\"inLanguage\":\"bs-BA\",\"potentialAction\":[{\"@type\":\"ReadAction\",\"target\":[\"https:\/\/sandzakpress.net\/arhiva\/tendenciozna-laz-medija-centra-iz-beograda\/\"]}]},{\"@type\":\"ImageObject\",\"inLanguage\":\"bs-BA\",\"@id\":\"https:\/\/sandzakpress.net\/arhiva\/tendenciozna-laz-medija-centra-iz-beograda\/#primaryimage\",\"url\":\"https:\/\/sandzakpress.net\/arhiva\/wp-content\/uploads\/2010\/11\/meho-mahmutovic.jpg\",\"contentUrl\":\"https:\/\/sandzakpress.net\/arhiva\/wp-content\/uploads\/2010\/11\/meho-mahmutovic.jpg\",\"width\":137,\"height\":132},{\"@type\":\"BreadcrumbList\",\"@id\":\"https:\/\/sandzakpress.net\/arhiva\/tendenciozna-laz-medija-centra-iz-beograda\/#breadcrumb\",\"itemListElement\":[{\"@type\":\"ListItem\",\"position\":1,\"name\":\"Home\",\"item\":\"https:\/\/sandzakpress.net\/arhiva\/\"},{\"@type\":\"ListItem\",\"position\":2,\"name\":\"Tendenciozna la\u017e Medija centra iz Beograda\"}]},{\"@type\":\"WebSite\",\"@id\":\"https:\/\/sandzakpress.net\/arhiva\/#website\",\"url\":\"https:\/\/sandzakpress.net\/arhiva\/\",\"name\":\"Sand\u017eak PRESS\",\"description\":\"Prve elektronske novine u Sand\u017eaku\",\"publisher\":{\"@id\":\"https:\/\/sandzakpress.net\/arhiva\/#\/schema\/person\/6e72b67d6e51910a1117b3b483ba20bd\"},\"potentialAction\":[{\"@type\":\"SearchAction\",\"target\":{\"@type\":\"EntryPoint\",\"urlTemplate\":\"https:\/\/sandzakpress.net\/arhiva\/?s={search_term_string}\"},\"query-input\":{\"@type\":\"PropertyValueSpecification\",\"valueRequired\":true,\"valueName\":\"search_term_string\"}}],\"inLanguage\":\"bs-BA\"},{\"@type\":[\"Person\",\"Organization\"],\"@id\":\"https:\/\/sandzakpress.net\/arhiva\/#\/schema\/person\/6e72b67d6e51910a1117b3b483ba20bd\",\"name\":\"Kul\",\"image\":{\"@type\":\"ImageObject\",\"inLanguage\":\"bs-BA\",\"@id\":\"https:\/\/sandzakpress.net\/arhiva\/#\/schema\/person\/image\/\",\"url\":\"https:\/\/secure.gravatar.com\/avatar\/42263f39aa27ac04c43cab85c280eb2e?s=96&d=mm&r=pg\",\"contentUrl\":\"https:\/\/secure.gravatar.com\/avatar\/42263f39aa27ac04c43cab85c280eb2e?s=96&d=mm&r=pg\",\"caption\":\"Kul\"},\"logo\":{\"@id\":\"https:\/\/sandzakpress.net\/arhiva\/#\/schema\/person\/image\/\"}},{\"@type\":\"Person\",\"@id\":\"https:\/\/sandzakpress.net\/arhiva\/#\/schema\/person\/c8baee722073534b583ea7bdb2e36c02\",\"name\":\"bosniak\",\"image\":{\"@type\":\"ImageObject\",\"inLanguage\":\"bs-BA\",\"@id\":\"https:\/\/sandzakpress.net\/arhiva\/#\/schema\/person\/image\/\",\"url\":\"https:\/\/secure.gravatar.com\/avatar\/a04fd330bfe3a36a72a0ad4a6d89fca7?s=96&d=mm&r=pg\",\"contentUrl\":\"https:\/\/secure.gravatar.com\/avatar\/a04fd330bfe3a36a72a0ad4a6d89fca7?s=96&d=mm&r=pg\",\"caption\":\"bosniak\"},\"url\":\"https:\/\/sandzakpress.net\/arhiva\/author\/bosniak\/\"}]}<\/script>\n<!-- \/ Yoast SEO Premium plugin. -->","yoast_head_json":{"title":"Tendenciozna la\u017e Medija centra iz Beograda","robots":{"index":"index","follow":"follow","max-snippet":"max-snippet:-1","max-image-preview":"max-image-preview:large","max-video-preview":"max-video-preview:-1"},"canonical":"https:\/\/sandzakpress.net\/arhiva\/tendenciozna-laz-medija-centra-iz-beograda\/","og_locale":"bs_BA","og_type":"article","og_title":"Tendenciozna la\u017e Medija centra iz Beograda","og_description":"Novi Pazar &#8211; Me\u0161ihat Islamske zajednice u Srbiji najo\u0161trije osu\u0111uje \u0161irenje la\u017ei i neistina od strane Medija centra iz Beograda na ra\u010dun glavnog muftije Muamer ef. Zukorli\u0107a izre\u010denih u saop\u0161tenju u kojem se javnost dezinformi\u0161e da Glavni muftija nije dozvolio ekipi Regionalne televizije Novi Pazar pra\u0107enje sastanka sa grupom stranih novinara akeditovanih u Srbiji i [&hellip;]","og_url":"https:\/\/sandzakpress.net\/arhiva\/tendenciozna-laz-medija-centra-iz-beograda\/","og_site_name":"Sand\u017eak PRESS","article_published_time":"2010-11-05T21:08:30+00:00","og_image":[{"width":137,"height":132,"url":"https:\/\/sandzakpress.net\/arhiva\/wp-content\/uploads\/2010\/11\/meho-mahmutovic.jpg","type":"image\/jpeg"}],"author":"bosniak","twitter_card":"summary_large_image","twitter_misc":{"Written by":"bosniak","Est. reading time":"2 minute"},"schema":{"@context":"https:\/\/schema.org","@graph":[{"@type":"Article","@id":"https:\/\/sandzakpress.net\/arhiva\/tendenciozna-laz-medija-centra-iz-beograda\/#article","isPartOf":{"@id":"https:\/\/sandzakpress.net\/arhiva\/tendenciozna-laz-medija-centra-iz-beograda\/"},"author":{"name":"bosniak","@id":"https:\/\/sandzakpress.net\/arhiva\/#\/schema\/person\/c8baee722073534b583ea7bdb2e36c02"},"headline":"Tendenciozna la\u017e Medija centra iz Beograda","datePublished":"2010-11-05T21:08:30+00:00","mainEntityOfPage":{"@id":"https:\/\/sandzakpress.net\/arhiva\/tendenciozna-laz-medija-centra-iz-beograda\/"},"wordCount":306,"commentCount":8,"publisher":{"@id":"https:\/\/sandzakpress.net\/arhiva\/#\/schema\/person\/6e72b67d6e51910a1117b3b483ba20bd"},"image":{"@id":"https:\/\/sandzakpress.net\/arhiva\/tendenciozna-laz-medija-centra-iz-beograda\/#primaryimage"},"thumbnailUrl":"https:\/\/sandzakpress.net\/arhiva\/wp-content\/uploads\/2010\/11\/meho-mahmutovic.jpg","articleSection":["Novi Pazar","Nacija"],"inLanguage":"bs-BA","potentialAction":[{"@type":"CommentAction","name":"Comment","target":["https:\/\/sandzakpress.net\/arhiva\/tendenciozna-laz-medija-centra-iz-beograda\/#respond"]}]},{"@type":"WebPage","@id":"https:\/\/sandzakpress.net\/arhiva\/tendenciozna-laz-medija-centra-iz-beograda\/","url":"https:\/\/sandzakpress.net\/arhiva\/tendenciozna-laz-medija-centra-iz-beograda\/","name":"Tendenciozna la\u017e Medija centra iz Beograda","isPartOf":{"@id":"https:\/\/sandzakpress.net\/arhiva\/#website"},"primaryImageOfPage":{"@id":"https:\/\/sandzakpress.net\/arhiva\/tendenciozna-laz-medija-centra-iz-beograda\/#primaryimage"},"image":{"@id":"https:\/\/sandzakpress.net\/arhiva\/tendenciozna-laz-medija-centra-iz-beograda\/#primaryimage"},"thumbnailUrl":"https:\/\/sandzakpress.net\/arhiva\/wp-content\/uploads\/2010\/11\/meho-mahmutovic.jpg","datePublished":"2010-11-05T21:08:30+00:00","breadcrumb":{"@id":"https:\/\/sandzakpress.net\/arhiva\/tendenciozna-laz-medija-centra-iz-beograda\/#breadcrumb"},"inLanguage":"bs-BA","potentialAction":[{"@type":"ReadAction","target":["https:\/\/sandzakpress.net\/arhiva\/tendenciozna-laz-medija-centra-iz-beograda\/"]}]},{"@type":"ImageObject","inLanguage":"bs-BA","@id":"https:\/\/sandzakpress.net\/arhiva\/tendenciozna-laz-medija-centra-iz-beograda\/#primaryimage","url":"https:\/\/sandzakpress.net\/arhiva\/wp-content\/uploads\/2010\/11\/meho-mahmutovic.jpg","contentUrl":"https:\/\/sandzakpress.net\/arhiva\/wp-content\/uploads\/2010\/11\/meho-mahmutovic.jpg","width":137,"height":132},{"@type":"BreadcrumbList","@id":"https:\/\/sandzakpress.net\/arhiva\/tendenciozna-laz-medija-centra-iz-beograda\/#breadcrumb","itemListElement":[{"@type":"ListItem","position":1,"name":"Home","item":"https:\/\/sandzakpress.net\/arhiva\/"},{"@type":"ListItem","position":2,"name":"Tendenciozna la\u017e Medija centra iz Beograda"}]},{"@type":"WebSite","@id":"https:\/\/sandzakpress.net\/arhiva\/#website","url":"https:\/\/sandzakpress.net\/arhiva\/","name":"Sand\u017eak PRESS","description":"Prve elektronske novine u Sand\u017eaku","publisher":{"@id":"https:\/\/sandzakpress.net\/arhiva\/#\/schema\/person\/6e72b67d6e51910a1117b3b483ba20bd"},"potentialAction":[{"@type":"SearchAction","target":{"@type":"EntryPoint","urlTemplate":"https:\/\/sandzakpress.net\/arhiva\/?s={search_term_string}"},"query-input":{"@type":"PropertyValueSpecification","valueRequired":true,"valueName":"search_term_string"}}],"inLanguage":"bs-BA"},{"@type":["Person","Organization"],"@id":"https:\/\/sandzakpress.net\/arhiva\/#\/schema\/person\/6e72b67d6e51910a1117b3b483ba20bd","name":"Kul","image":{"@type":"ImageObject","inLanguage":"bs-BA","@id":"https:\/\/sandzakpress.net\/arhiva\/#\/schema\/person\/image\/","url":"https:\/\/secure.gravatar.com\/avatar\/42263f39aa27ac04c43cab85c280eb2e?s=96&d=mm&r=pg","contentUrl":"https:\/\/secure.gravatar.com\/avatar\/42263f39aa27ac04c43cab85c280eb2e?s=96&d=mm&r=pg","caption":"Kul"},"logo":{"@id":"https:\/\/sandzakpress.net\/arhiva\/#\/schema\/person\/image\/"}},{"@type":"Person","@id":"https:\/\/sandzakpress.net\/arhiva\/#\/schema\/person\/c8baee722073534b583ea7bdb2e36c02","name":"bosniak","image":{"@type":"ImageObject","inLanguage":"bs-BA","@id":"https:\/\/sandzakpress.net\/arhiva\/#\/schema\/person\/image\/","url":"https:\/\/secure.gravatar.com\/avatar\/a04fd330bfe3a36a72a0ad4a6d89fca7?s=96&d=mm&r=pg","contentUrl":"https:\/\/secure.gravatar.com\/avatar\/a04fd330bfe3a36a72a0ad4a6d89fca7?s=96&d=mm&r=pg","caption":"bosniak"},"url":"https:\/\/sandzakpress.net\/arhiva\/author\/bosniak\/"}]}},"_links":{"self":[{"href":"https:\/\/sandzakpress.net\/arhiva\/wp-json\/wp\/v2\/posts\/9592"}],"collection":[{"href":"https:\/\/sandzakpress.net\/arhiva\/wp-json\/wp\/v2\/posts"}],"about":[{"href":"https:\/\/sandzakpress.net\/arhiva\/wp-json\/wp\/v2\/types\/post"}],"author":[{"embeddable":true,"href":"https:\/\/sandzakpress.net\/arhiva\/wp-json\/wp\/v2\/users\/83"}],"replies":[{"embeddable":true,"href":"https:\/\/sandzakpress.net\/arhiva\/wp-json\/wp\/v2\/comments?post=9592"}],"version-history":[{"count":0,"href":"https:\/\/sandzakpress.net\/arhiva\/wp-json\/wp\/v2\/posts\/9592\/revisions"}],"wp:featuredmedia":[{"embeddable":true,"href":"https:\/\/sandzakpress.net\/arhiva\/wp-json\/wp\/v2\/media\/9594"}],"wp:attachment":[{"href":"https:\/\/sandzakpress.net\/arhiva\/wp-json\/wp\/v2\/media?parent=9592"}],"wp:term":[{"taxonomy":"category","embeddable":true,"href":"https:\/\/sandzakpress.net\/arhiva\/wp-json\/wp\/v2\/categories?post=9592"},{"taxonomy":"post_tag","embeddable":true,"href":"https:\/\/sandzakpress.net\/arhiva\/wp-json\/wp\/v2\/tags?post=9592"}],"curies":[{"name":"wp","href":"https:\/\/api.w.org\/{rel}","templated":true}]}}