{"id":95755,"date":"2013-11-18T21:04:48","date_gmt":"2013-11-18T20:04:48","guid":{"rendered":"https:\/\/sandzakpress.net\/arhiva\/?p=95755"},"modified":"2013-11-18T21:17:18","modified_gmt":"2013-11-18T20:17:18","slug":"tribina-uns-a-dzudzevic-pobjegao-sa-skupa-novinari-regionalne-priznali-da-su-ucijenjeni","status":"publish","type":"post","link":"https:\/\/sandzakpress.net\/arhiva\/tribina-uns-a-dzudzevic-pobjegao-sa-skupa-novinari-regionalne-priznali-da-su-ucijenjeni\/","title":{"rendered":"Tribina UNS-a: D\u017eud\u017eevi\u0107 pobjegao sa skupa, novinari Regionalne priznali da su ucijenjeni"},"content":{"rendered":"<p><strong><span style=\"font-size: 13px;\"><a href=\"https:\/\/sandzakpress.net\/arhiva\/wp-content\/uploads\/2013\/11\/oebs-okrugli-sto-rejhan-kurtovic-1.jpg\"><img loading=\"lazy\" decoding=\"async\" class=\"alignleft size-medium wp-image-95756\" alt=\"oebs - okrugli sto - rejhan kurtovic (1)\" src=\"https:\/\/sandzakpress.net\/arhiva\/wp-content\/uploads\/2013\/11\/oebs-okrugli-sto-rejhan-kurtovic-1-300x220.jpg\" width=\"300\" height=\"220\" \/><\/a>Novi Pazar &#8211; Danas je u prostorijama OEBS-a u organizaciji UNS-a i Kancelarije za ljudska i manjinska prava odr\u017eana tribina na temu: \u201ePromovisanje medija manjina, preporuke i standardi za izvje\u0161tavanje o nacionalnim manjinama\u201c koji je deo programa Borba protiv diskriminacije i unapre\u0111enje polo\u017eaja osjetljivih grupa stanovni\u0161tva.<!--more--><\/span><\/strong><\/p>\n<p>Uvodni\u010dari su bili: Sla\u0111ana Novosel \u2013 dopisnica lista \u201eDanas\u201c, Sead Biberovi\u0107, Svetlana Nikolin \u2013 \u010dasopis \u201e21 vek in Medias res\u201c i Nino Brajovi\u0107 \u2013 generlani sekretar UNS-a.<\/p>\n<p>Na tribini je su u\u010destvovali predstavnici nevladinih organizacija, novinari lokalnih i republi\u010dkih medija iz Sand\u017eaka, predstavnici Kancelarije za ljudska i manjinska prava, predstavnici OEBS-a i Esad D\u017eud\u017eevi\u0107.<\/p>\n<p>Ispred Bo\u0161nja\u010dkog nacionalnog vije\u0107a na skupu je u\u010destvovao sekretar Odbora za za\u0161titu ljudskih prava i sloboda mr. Rejhan Kurtovi\u0107.<\/p>\n<p><a href=\"https:\/\/sandzakpress.net\/arhiva\/wp-content\/uploads\/2013\/11\/oebs-okrugli-sto-rejhan-kurtovic-3.jpg\"><img loading=\"lazy\" decoding=\"async\" class=\"alignnone size-full wp-image-95757\" alt=\"oebs - okrugli sto - rejhan kurtovic (3)\" src=\"https:\/\/sandzakpress.net\/arhiva\/wp-content\/uploads\/2013\/11\/oebs-okrugli-sto-rejhan-kurtovic-3.jpg\" width=\"616\" height=\"346\" \/><\/a><\/p>\n<p><b>D\u017eud\u017eevi\u0107 pobjegao sa skupa<\/b><\/p>\n<p>Nakon argumentiranog obra\u0107anja mr. Kurtovi\u0107a i suprostavljanja tendencioznom predstavljanju Esada D\u017eud\u017eevi\u0107a, te umanjivanja zna\u010daja legitimnog Bo\u0161nja\u010dkog nacionalnog vije\u0107a, te superiornog demaskiranja neprofesionalnog, zlonamjernog, diskriminiraju\u0107eg i tendencioznog izvje\u0161avanja o Sand\u017eaku, Bo\u0161njacima i njihovim vjerskim velikodostojnicima, D\u017eud\u017eevi\u0107 je napustio skup, jer nije mogao ponuditi odgovor niti na jedno od postavljenih pitanja, nakon \u010dega se razvila vi\u0161e\u010dasovna diskusija.<\/p>\n<p><a href=\"https:\/\/sandzakpress.net\/arhiva\/wp-content\/uploads\/2013\/11\/oebs-okrugli-sto-rejhan-kurtovic-7.jpg\"><img loading=\"lazy\" decoding=\"async\" class=\"alignnone size-full wp-image-95758\" alt=\"oebs - okrugli sto - rejhan kurtovic (7)\" src=\"https:\/\/sandzakpress.net\/arhiva\/wp-content\/uploads\/2013\/11\/oebs-okrugli-sto-rejhan-kurtovic-7.jpg\" width=\"616\" height=\"346\" \/><\/a><\/p>\n<p><b>Novinari RTV-a priznali da su ucijenjeni<\/b><\/p>\n<p>Tokom diskusije, u kojoj su svi u\u010desnici \u017eustro kritizirali rad javnog servisa Regionalne televizije, koji se, kako se moglo \u010duti na skupu, nazvao \u201eMehovizija\u201c i novinari regionane televizije su javno priznali da su za prljave priloge ucijenjeni ostankom na posao i platama koje nisu, kako su sami priznali, primili posljednja 4 mjeseca. Isto tako, naveli da zbog ovih izjava mogu ostati bez posla, kao \u0161to se u pro\u0161lim vremenima \u010desto de\u0161avalo sa novinarima Regionalne TV koji su odbijali da la\u017eiraju vijesti i prave medijske hajke u korist lokalnih vlasti.<\/p>\n<p><img loading=\"lazy\" decoding=\"async\" class=\"alignnone size-full wp-image-95759\" style=\"font-size: 13px;\" alt=\"oebs - okrugli sto - rejhan kurtovic (6)\" src=\"https:\/\/sandzakpress.net\/arhiva\/wp-content\/uploads\/2013\/11\/oebs-okrugli-sto-rejhan-kurtovic-6.jpg\" width=\"616\" height=\"346\" \/><\/p>\n<p>Ve\u0107ina u\u010desnika su se slo\u017eili da Regionalna televizija ne zaslu\u017euje da bude javni servis jer ne izvje\u0161tava objektivno, te da se ne mo\u017ee finansirati iz bud\u017eeta Grada Novog Pazara.<\/p>\n<p>Posebno se u kritikama istakao Sead Biberovi\u0107 koji je konstatovao da Regionalna TV nema niti jednog profesionalnog novinara, i da ne mo\u017ee da upali televizor od aktuelnog gradona\u010delnika Meha Mahmutovi\u0107a, koji kako Biberovi\u0107 ka\u017ee \u201eviri iz svake zakrpljene rupe u Novom Pazaru\u201c.<\/p>\n<p><iframe loading=\"lazy\" src=\"\/\/www.youtube.com\/embed\/qeojnGu9qHc\" height=\"480\" width=\"616\" allowfullscreen=\"\" frameborder=\"0\"><\/iframe><\/p>\n","protected":false},"excerpt":{"rendered":"<p>Novi Pazar &#8211; Danas je u prostorijama OEBS-a u organizaciji UNS-a i Kancelarije za ljudska i manjinska prava odr\u017eana tribina na temu: \u201ePromovisanje medija manjina, preporuke i standardi za izvje\u0161tavanje o nacionalnim manjinama\u201c koji je deo programa Borba protiv diskriminacije i unapre\u0111enje polo\u017eaja osjetljivih grupa stanovni\u0161tva.<\/p>\n","protected":false},"author":83,"featured_media":95761,"comment_status":"open","ping_status":"open","sticky":false,"template":"","format":"standard","meta":{"footnotes":""},"categories":[72,800,8957],"tags":[10238,10243,10248],"class_list":{"0":"post-95755","1":"post","2":"type-post","3":"status-publish","4":"format-standard","5":"has-post-thumbnail","7":"category-novi-pazar","8":"category-nacija","9":"category-vijesti-dana","10":"tag-esad-dzudzevic","11":"tag-bnv","12":"tag-gradska-uprava-novi-pazar"},"yoast_head":"<!-- This site is optimized with the Yoast SEO Premium plugin v23.1 (Yoast SEO v24.9) - https:\/\/yoast.com\/wordpress\/plugins\/seo\/ -->\n<title>Tribina UNS-a: D\u017eud\u017eevi\u0107 pobjegao sa skupa, novinari Regionalne priznali da su ucijenjeni<\/title>\n<meta name=\"robots\" content=\"index, follow, max-snippet:-1, max-image-preview:large, max-video-preview:-1\" \/>\n<link rel=\"canonical\" href=\"https:\/\/sandzakpress.net\/arhiva\/tribina-uns-a-dzudzevic-pobjegao-sa-skupa-novinari-regionalne-priznali-da-su-ucijenjeni\/\" \/>\n<meta property=\"og:locale\" content=\"bs_BA\" \/>\n<meta property=\"og:type\" content=\"article\" \/>\n<meta property=\"og:title\" content=\"Tribina UNS-a: D\u017eud\u017eevi\u0107 pobjegao sa skupa, novinari Regionalne priznali da su ucijenjeni\" \/>\n<meta property=\"og:description\" content=\"Novi Pazar &#8211; Danas je u prostorijama OEBS-a u organizaciji UNS-a i Kancelarije za ljudska i manjinska prava odr\u017eana tribina na temu: \u201ePromovisanje medija manjina, preporuke i standardi za izvje\u0161tavanje o nacionalnim manjinama\u201c koji je deo programa Borba protiv diskriminacije i unapre\u0111enje polo\u017eaja osjetljivih grupa stanovni\u0161tva.\" \/>\n<meta property=\"og:url\" content=\"https:\/\/sandzakpress.net\/arhiva\/tribina-uns-a-dzudzevic-pobjegao-sa-skupa-novinari-regionalne-priznali-da-su-ucijenjeni\/\" \/>\n<meta property=\"og:site_name\" content=\"Sand\u017eak PRESS\" \/>\n<meta property=\"article:published_time\" content=\"2013-11-18T20:04:48+00:00\" \/>\n<meta property=\"article:modified_time\" content=\"2013-11-18T20:17:18+00:00\" \/>\n<meta property=\"og:image\" content=\"https:\/\/sandzakpress.net\/arhiva\/wp-content\/uploads\/2013\/11\/oebs-okrugli-sto-rejhan-kurtovic-1-300x2201.jpg\" \/>\n\t<meta property=\"og:image:width\" content=\"300\" \/>\n\t<meta property=\"og:image:height\" content=\"220\" \/>\n\t<meta property=\"og:image:type\" content=\"image\/jpeg\" \/>\n<meta name=\"author\" content=\"bosniak\" \/>\n<meta name=\"twitter:card\" content=\"summary_large_image\" \/>\n<meta name=\"twitter:label1\" content=\"Written by\" \/>\n\t<meta name=\"twitter:data1\" content=\"bosniak\" \/>\n\t<meta name=\"twitter:label2\" content=\"Est. reading time\" \/>\n\t<meta name=\"twitter:data2\" content=\"2 minute\" \/>\n<script type=\"application\/ld+json\" class=\"yoast-schema-graph\">{\"@context\":\"https:\/\/schema.org\",\"@graph\":[{\"@type\":\"Article\",\"@id\":\"https:\/\/sandzakpress.net\/arhiva\/tribina-uns-a-dzudzevic-pobjegao-sa-skupa-novinari-regionalne-priznali-da-su-ucijenjeni\/#article\",\"isPartOf\":{\"@id\":\"https:\/\/sandzakpress.net\/arhiva\/tribina-uns-a-dzudzevic-pobjegao-sa-skupa-novinari-regionalne-priznali-da-su-ucijenjeni\/\"},\"author\":{\"name\":\"bosniak\",\"@id\":\"https:\/\/sandzakpress.net\/arhiva\/#\/schema\/person\/c8baee722073534b583ea7bdb2e36c02\"},\"headline\":\"Tribina UNS-a: D\u017eud\u017eevi\u0107 pobjegao sa skupa, novinari Regionalne priznali da su ucijenjeni\",\"datePublished\":\"2013-11-18T20:04:48+00:00\",\"dateModified\":\"2013-11-18T20:17:18+00:00\",\"mainEntityOfPage\":{\"@id\":\"https:\/\/sandzakpress.net\/arhiva\/tribina-uns-a-dzudzevic-pobjegao-sa-skupa-novinari-regionalne-priznali-da-su-ucijenjeni\/\"},\"wordCount\":404,\"commentCount\":23,\"publisher\":{\"@id\":\"https:\/\/sandzakpress.net\/arhiva\/#\/schema\/person\/6e72b67d6e51910a1117b3b483ba20bd\"},\"image\":{\"@id\":\"https:\/\/sandzakpress.net\/arhiva\/tribina-uns-a-dzudzevic-pobjegao-sa-skupa-novinari-regionalne-priznali-da-su-ucijenjeni\/#primaryimage\"},\"thumbnailUrl\":\"https:\/\/sandzakpress.net\/arhiva\/wp-content\/uploads\/2013\/11\/oebs-okrugli-sto-rejhan-kurtovic-1-300x2201.jpg\",\"keywords\":[\"Esad D\u017eud\u017eo\",\"BNV\",\"Vlast u Novom Pazaru\"],\"articleSection\":[\"Novi Pazar\",\"Nacija\",\"VIJESTI DANA\"],\"inLanguage\":\"bs-BA\",\"potentialAction\":[{\"@type\":\"CommentAction\",\"name\":\"Comment\",\"target\":[\"https:\/\/sandzakpress.net\/arhiva\/tribina-uns-a-dzudzevic-pobjegao-sa-skupa-novinari-regionalne-priznali-da-su-ucijenjeni\/#respond\"]}]},{\"@type\":\"WebPage\",\"@id\":\"https:\/\/sandzakpress.net\/arhiva\/tribina-uns-a-dzudzevic-pobjegao-sa-skupa-novinari-regionalne-priznali-da-su-ucijenjeni\/\",\"url\":\"https:\/\/sandzakpress.net\/arhiva\/tribina-uns-a-dzudzevic-pobjegao-sa-skupa-novinari-regionalne-priznali-da-su-ucijenjeni\/\",\"name\":\"Tribina UNS-a: D\u017eud\u017eevi\u0107 pobjegao sa skupa, novinari Regionalne priznali da su ucijenjeni\",\"isPartOf\":{\"@id\":\"https:\/\/sandzakpress.net\/arhiva\/#website\"},\"primaryImageOfPage\":{\"@id\":\"https:\/\/sandzakpress.net\/arhiva\/tribina-uns-a-dzudzevic-pobjegao-sa-skupa-novinari-regionalne-priznali-da-su-ucijenjeni\/#primaryimage\"},\"image\":{\"@id\":\"https:\/\/sandzakpress.net\/arhiva\/tribina-uns-a-dzudzevic-pobjegao-sa-skupa-novinari-regionalne-priznali-da-su-ucijenjeni\/#primaryimage\"},\"thumbnailUrl\":\"https:\/\/sandzakpress.net\/arhiva\/wp-content\/uploads\/2013\/11\/oebs-okrugli-sto-rejhan-kurtovic-1-300x2201.jpg\",\"datePublished\":\"2013-11-18T20:04:48+00:00\",\"dateModified\":\"2013-11-18T20:17:18+00:00\",\"breadcrumb\":{\"@id\":\"https:\/\/sandzakpress.net\/arhiva\/tribina-uns-a-dzudzevic-pobjegao-sa-skupa-novinari-regionalne-priznali-da-su-ucijenjeni\/#breadcrumb\"},\"inLanguage\":\"bs-BA\",\"potentialAction\":[{\"@type\":\"ReadAction\",\"target\":[\"https:\/\/sandzakpress.net\/arhiva\/tribina-uns-a-dzudzevic-pobjegao-sa-skupa-novinari-regionalne-priznali-da-su-ucijenjeni\/\"]}]},{\"@type\":\"ImageObject\",\"inLanguage\":\"bs-BA\",\"@id\":\"https:\/\/sandzakpress.net\/arhiva\/tribina-uns-a-dzudzevic-pobjegao-sa-skupa-novinari-regionalne-priznali-da-su-ucijenjeni\/#primaryimage\",\"url\":\"https:\/\/sandzakpress.net\/arhiva\/wp-content\/uploads\/2013\/11\/oebs-okrugli-sto-rejhan-kurtovic-1-300x2201.jpg\",\"contentUrl\":\"https:\/\/sandzakpress.net\/arhiva\/wp-content\/uploads\/2013\/11\/oebs-okrugli-sto-rejhan-kurtovic-1-300x2201.jpg\",\"width\":300,\"height\":220},{\"@type\":\"BreadcrumbList\",\"@id\":\"https:\/\/sandzakpress.net\/arhiva\/tribina-uns-a-dzudzevic-pobjegao-sa-skupa-novinari-regionalne-priznali-da-su-ucijenjeni\/#breadcrumb\",\"itemListElement\":[{\"@type\":\"ListItem\",\"position\":1,\"name\":\"Home\",\"item\":\"https:\/\/sandzakpress.net\/arhiva\/\"},{\"@type\":\"ListItem\",\"position\":2,\"name\":\"Tribina UNS-a: D\u017eud\u017eevi\u0107 pobjegao sa skupa, novinari Regionalne priznali da su ucijenjeni\"}]},{\"@type\":\"WebSite\",\"@id\":\"https:\/\/sandzakpress.net\/arhiva\/#website\",\"url\":\"https:\/\/sandzakpress.net\/arhiva\/\",\"name\":\"Sand\u017eak PRESS\",\"description\":\"Prve elektronske novine u Sand\u017eaku\",\"publisher\":{\"@id\":\"https:\/\/sandzakpress.net\/arhiva\/#\/schema\/person\/6e72b67d6e51910a1117b3b483ba20bd\"},\"potentialAction\":[{\"@type\":\"SearchAction\",\"target\":{\"@type\":\"EntryPoint\",\"urlTemplate\":\"https:\/\/sandzakpress.net\/arhiva\/?s={search_term_string}\"},\"query-input\":{\"@type\":\"PropertyValueSpecification\",\"valueRequired\":true,\"valueName\":\"search_term_string\"}}],\"inLanguage\":\"bs-BA\"},{\"@type\":[\"Person\",\"Organization\"],\"@id\":\"https:\/\/sandzakpress.net\/arhiva\/#\/schema\/person\/6e72b67d6e51910a1117b3b483ba20bd\",\"name\":\"Kul\",\"image\":{\"@type\":\"ImageObject\",\"inLanguage\":\"bs-BA\",\"@id\":\"https:\/\/sandzakpress.net\/arhiva\/#\/schema\/person\/image\/\",\"url\":\"https:\/\/secure.gravatar.com\/avatar\/42263f39aa27ac04c43cab85c280eb2e?s=96&d=mm&r=pg\",\"contentUrl\":\"https:\/\/secure.gravatar.com\/avatar\/42263f39aa27ac04c43cab85c280eb2e?s=96&d=mm&r=pg\",\"caption\":\"Kul\"},\"logo\":{\"@id\":\"https:\/\/sandzakpress.net\/arhiva\/#\/schema\/person\/image\/\"}},{\"@type\":\"Person\",\"@id\":\"https:\/\/sandzakpress.net\/arhiva\/#\/schema\/person\/c8baee722073534b583ea7bdb2e36c02\",\"name\":\"bosniak\",\"image\":{\"@type\":\"ImageObject\",\"inLanguage\":\"bs-BA\",\"@id\":\"https:\/\/sandzakpress.net\/arhiva\/#\/schema\/person\/image\/\",\"url\":\"https:\/\/secure.gravatar.com\/avatar\/a04fd330bfe3a36a72a0ad4a6d89fca7?s=96&d=mm&r=pg\",\"contentUrl\":\"https:\/\/secure.gravatar.com\/avatar\/a04fd330bfe3a36a72a0ad4a6d89fca7?s=96&d=mm&r=pg\",\"caption\":\"bosniak\"},\"url\":\"https:\/\/sandzakpress.net\/arhiva\/author\/bosniak\/\"}]}<\/script>\n<!-- \/ Yoast SEO Premium plugin. -->","yoast_head_json":{"title":"Tribina UNS-a: D\u017eud\u017eevi\u0107 pobjegao sa skupa, novinari Regionalne priznali da su ucijenjeni","robots":{"index":"index","follow":"follow","max-snippet":"max-snippet:-1","max-image-preview":"max-image-preview:large","max-video-preview":"max-video-preview:-1"},"canonical":"https:\/\/sandzakpress.net\/arhiva\/tribina-uns-a-dzudzevic-pobjegao-sa-skupa-novinari-regionalne-priznali-da-su-ucijenjeni\/","og_locale":"bs_BA","og_type":"article","og_title":"Tribina UNS-a: D\u017eud\u017eevi\u0107 pobjegao sa skupa, novinari Regionalne priznali da su ucijenjeni","og_description":"Novi Pazar &#8211; Danas je u prostorijama OEBS-a u organizaciji UNS-a i Kancelarije za ljudska i manjinska prava odr\u017eana tribina na temu: \u201ePromovisanje medija manjina, preporuke i standardi za izvje\u0161tavanje o nacionalnim manjinama\u201c koji je deo programa Borba protiv diskriminacije i unapre\u0111enje polo\u017eaja osjetljivih grupa stanovni\u0161tva.","og_url":"https:\/\/sandzakpress.net\/arhiva\/tribina-uns-a-dzudzevic-pobjegao-sa-skupa-novinari-regionalne-priznali-da-su-ucijenjeni\/","og_site_name":"Sand\u017eak PRESS","article_published_time":"2013-11-18T20:04:48+00:00","article_modified_time":"2013-11-18T20:17:18+00:00","og_image":[{"width":300,"height":220,"url":"https:\/\/sandzakpress.net\/arhiva\/wp-content\/uploads\/2013\/11\/oebs-okrugli-sto-rejhan-kurtovic-1-300x2201.jpg","type":"image\/jpeg"}],"author":"bosniak","twitter_card":"summary_large_image","twitter_misc":{"Written by":"bosniak","Est. reading time":"2 minute"},"schema":{"@context":"https:\/\/schema.org","@graph":[{"@type":"Article","@id":"https:\/\/sandzakpress.net\/arhiva\/tribina-uns-a-dzudzevic-pobjegao-sa-skupa-novinari-regionalne-priznali-da-su-ucijenjeni\/#article","isPartOf":{"@id":"https:\/\/sandzakpress.net\/arhiva\/tribina-uns-a-dzudzevic-pobjegao-sa-skupa-novinari-regionalne-priznali-da-su-ucijenjeni\/"},"author":{"name":"bosniak","@id":"https:\/\/sandzakpress.net\/arhiva\/#\/schema\/person\/c8baee722073534b583ea7bdb2e36c02"},"headline":"Tribina UNS-a: D\u017eud\u017eevi\u0107 pobjegao sa skupa, novinari Regionalne priznali da su ucijenjeni","datePublished":"2013-11-18T20:04:48+00:00","dateModified":"2013-11-18T20:17:18+00:00","mainEntityOfPage":{"@id":"https:\/\/sandzakpress.net\/arhiva\/tribina-uns-a-dzudzevic-pobjegao-sa-skupa-novinari-regionalne-priznali-da-su-ucijenjeni\/"},"wordCount":404,"commentCount":23,"publisher":{"@id":"https:\/\/sandzakpress.net\/arhiva\/#\/schema\/person\/6e72b67d6e51910a1117b3b483ba20bd"},"image":{"@id":"https:\/\/sandzakpress.net\/arhiva\/tribina-uns-a-dzudzevic-pobjegao-sa-skupa-novinari-regionalne-priznali-da-su-ucijenjeni\/#primaryimage"},"thumbnailUrl":"https:\/\/sandzakpress.net\/arhiva\/wp-content\/uploads\/2013\/11\/oebs-okrugli-sto-rejhan-kurtovic-1-300x2201.jpg","keywords":["Esad D\u017eud\u017eo","BNV","Vlast u Novom Pazaru"],"articleSection":["Novi Pazar","Nacija","VIJESTI DANA"],"inLanguage":"bs-BA","potentialAction":[{"@type":"CommentAction","name":"Comment","target":["https:\/\/sandzakpress.net\/arhiva\/tribina-uns-a-dzudzevic-pobjegao-sa-skupa-novinari-regionalne-priznali-da-su-ucijenjeni\/#respond"]}]},{"@type":"WebPage","@id":"https:\/\/sandzakpress.net\/arhiva\/tribina-uns-a-dzudzevic-pobjegao-sa-skupa-novinari-regionalne-priznali-da-su-ucijenjeni\/","url":"https:\/\/sandzakpress.net\/arhiva\/tribina-uns-a-dzudzevic-pobjegao-sa-skupa-novinari-regionalne-priznali-da-su-ucijenjeni\/","name":"Tribina UNS-a: D\u017eud\u017eevi\u0107 pobjegao sa skupa, novinari Regionalne priznali da su ucijenjeni","isPartOf":{"@id":"https:\/\/sandzakpress.net\/arhiva\/#website"},"primaryImageOfPage":{"@id":"https:\/\/sandzakpress.net\/arhiva\/tribina-uns-a-dzudzevic-pobjegao-sa-skupa-novinari-regionalne-priznali-da-su-ucijenjeni\/#primaryimage"},"image":{"@id":"https:\/\/sandzakpress.net\/arhiva\/tribina-uns-a-dzudzevic-pobjegao-sa-skupa-novinari-regionalne-priznali-da-su-ucijenjeni\/#primaryimage"},"thumbnailUrl":"https:\/\/sandzakpress.net\/arhiva\/wp-content\/uploads\/2013\/11\/oebs-okrugli-sto-rejhan-kurtovic-1-300x2201.jpg","datePublished":"2013-11-18T20:04:48+00:00","dateModified":"2013-11-18T20:17:18+00:00","breadcrumb":{"@id":"https:\/\/sandzakpress.net\/arhiva\/tribina-uns-a-dzudzevic-pobjegao-sa-skupa-novinari-regionalne-priznali-da-su-ucijenjeni\/#breadcrumb"},"inLanguage":"bs-BA","potentialAction":[{"@type":"ReadAction","target":["https:\/\/sandzakpress.net\/arhiva\/tribina-uns-a-dzudzevic-pobjegao-sa-skupa-novinari-regionalne-priznali-da-su-ucijenjeni\/"]}]},{"@type":"ImageObject","inLanguage":"bs-BA","@id":"https:\/\/sandzakpress.net\/arhiva\/tribina-uns-a-dzudzevic-pobjegao-sa-skupa-novinari-regionalne-priznali-da-su-ucijenjeni\/#primaryimage","url":"https:\/\/sandzakpress.net\/arhiva\/wp-content\/uploads\/2013\/11\/oebs-okrugli-sto-rejhan-kurtovic-1-300x2201.jpg","contentUrl":"https:\/\/sandzakpress.net\/arhiva\/wp-content\/uploads\/2013\/11\/oebs-okrugli-sto-rejhan-kurtovic-1-300x2201.jpg","width":300,"height":220},{"@type":"BreadcrumbList","@id":"https:\/\/sandzakpress.net\/arhiva\/tribina-uns-a-dzudzevic-pobjegao-sa-skupa-novinari-regionalne-priznali-da-su-ucijenjeni\/#breadcrumb","itemListElement":[{"@type":"ListItem","position":1,"name":"Home","item":"https:\/\/sandzakpress.net\/arhiva\/"},{"@type":"ListItem","position":2,"name":"Tribina UNS-a: D\u017eud\u017eevi\u0107 pobjegao sa skupa, novinari Regionalne priznali da su ucijenjeni"}]},{"@type":"WebSite","@id":"https:\/\/sandzakpress.net\/arhiva\/#website","url":"https:\/\/sandzakpress.net\/arhiva\/","name":"Sand\u017eak PRESS","description":"Prve elektronske novine u Sand\u017eaku","publisher":{"@id":"https:\/\/sandzakpress.net\/arhiva\/#\/schema\/person\/6e72b67d6e51910a1117b3b483ba20bd"},"potentialAction":[{"@type":"SearchAction","target":{"@type":"EntryPoint","urlTemplate":"https:\/\/sandzakpress.net\/arhiva\/?s={search_term_string}"},"query-input":{"@type":"PropertyValueSpecification","valueRequired":true,"valueName":"search_term_string"}}],"inLanguage":"bs-BA"},{"@type":["Person","Organization"],"@id":"https:\/\/sandzakpress.net\/arhiva\/#\/schema\/person\/6e72b67d6e51910a1117b3b483ba20bd","name":"Kul","image":{"@type":"ImageObject","inLanguage":"bs-BA","@id":"https:\/\/sandzakpress.net\/arhiva\/#\/schema\/person\/image\/","url":"https:\/\/secure.gravatar.com\/avatar\/42263f39aa27ac04c43cab85c280eb2e?s=96&d=mm&r=pg","contentUrl":"https:\/\/secure.gravatar.com\/avatar\/42263f39aa27ac04c43cab85c280eb2e?s=96&d=mm&r=pg","caption":"Kul"},"logo":{"@id":"https:\/\/sandzakpress.net\/arhiva\/#\/schema\/person\/image\/"}},{"@type":"Person","@id":"https:\/\/sandzakpress.net\/arhiva\/#\/schema\/person\/c8baee722073534b583ea7bdb2e36c02","name":"bosniak","image":{"@type":"ImageObject","inLanguage":"bs-BA","@id":"https:\/\/sandzakpress.net\/arhiva\/#\/schema\/person\/image\/","url":"https:\/\/secure.gravatar.com\/avatar\/a04fd330bfe3a36a72a0ad4a6d89fca7?s=96&d=mm&r=pg","contentUrl":"https:\/\/secure.gravatar.com\/avatar\/a04fd330bfe3a36a72a0ad4a6d89fca7?s=96&d=mm&r=pg","caption":"bosniak"},"url":"https:\/\/sandzakpress.net\/arhiva\/author\/bosniak\/"}]}},"_links":{"self":[{"href":"https:\/\/sandzakpress.net\/arhiva\/wp-json\/wp\/v2\/posts\/95755"}],"collection":[{"href":"https:\/\/sandzakpress.net\/arhiva\/wp-json\/wp\/v2\/posts"}],"about":[{"href":"https:\/\/sandzakpress.net\/arhiva\/wp-json\/wp\/v2\/types\/post"}],"author":[{"embeddable":true,"href":"https:\/\/sandzakpress.net\/arhiva\/wp-json\/wp\/v2\/users\/83"}],"replies":[{"embeddable":true,"href":"https:\/\/sandzakpress.net\/arhiva\/wp-json\/wp\/v2\/comments?post=95755"}],"version-history":[{"count":0,"href":"https:\/\/sandzakpress.net\/arhiva\/wp-json\/wp\/v2\/posts\/95755\/revisions"}],"wp:featuredmedia":[{"embeddable":true,"href":"https:\/\/sandzakpress.net\/arhiva\/wp-json\/wp\/v2\/media\/95761"}],"wp:attachment":[{"href":"https:\/\/sandzakpress.net\/arhiva\/wp-json\/wp\/v2\/media?parent=95755"}],"wp:term":[{"taxonomy":"category","embeddable":true,"href":"https:\/\/sandzakpress.net\/arhiva\/wp-json\/wp\/v2\/categories?post=95755"},{"taxonomy":"post_tag","embeddable":true,"href":"https:\/\/sandzakpress.net\/arhiva\/wp-json\/wp\/v2\/tags?post=95755"}],"curies":[{"name":"wp","href":"https:\/\/api.w.org\/{rel}","templated":true}]}}