{"id":95684,"date":"2013-11-18T16:38:49","date_gmt":"2013-11-18T15:38:49","guid":{"rendered":"https:\/\/sandzakpress.net\/arhiva\/?p=95684"},"modified":"2013-11-18T22:23:41","modified_gmt":"2013-11-18T21:23:41","slug":"sirija-poginuo-njemacki-mladi-reprezentativac","status":"publish","type":"post","link":"https:\/\/sandzakpress.net\/arhiva\/sirija-poginuo-njemacki-mladi-reprezentativac\/","title":{"rendered":"Sirija: Poginuo njema\u010dki mladi reprezentativac"},"content":{"rendered":"<h3><img decoding=\"async\" style=\"font-size: 13px;\" alt=\"Biv\u0161i mladi reprezentativac Njema\u010dke Burak Karan poginuo u Siriji\" src=\"http:\/\/static.klix.ba\/media\/images\/vijesti\/b_131118060.jpg?v=1\" \/><\/h3>\n<p><strong>Njema\u010dka &#8211; Dvadeset\u0161estogodi\u0161nji Burak Karan, koji je va\u017eio za veoma talentovanog nogometa\u0161a i koji je sedam puta nastupio za njema\u010dke mlade nogometne selekcije prije nego je prekinuo karijeru i pridru\u017eio se pobunjenicima, poginuo je u ratu u Siriji.<\/strong><\/p>\n<p>Prema pisanju njema\u010dkog Welta, Karan je poginuo 11. oktobra u blizini grada Azaz, koje se nalazi na tursko-sirijskoj granici. Poginuo je u zra\u010dnom napadu koji je izvela vojska sirijskog predsjednika Bashara al-Assada.<\/p>\n<p>Kada je rije\u010d o nogometnoj karijeri, Karan je pro\u0161ao Bayerovu \u0161kolu nogometa, bio je igra\u010d HSV-a, Herthe, Hannovera 96 i Alemannije Aachen. Nastupio je sedam puta za njema\u010dke reprezentacije do 16 i 17 godina. igrao je u istom timu sa danas poznatim igra\u010dima Kevinom-Princeom Boatengom, Samijem Khedirom i Dennisom Aogom.<\/p>\n<p>Karijeru je prekinuo kada mu je bilo 20 godina. Nakon toga se pridru\u017eio mud\u017eahidima u Siriji, a posljednje mjesece \u017eivota je proveo na rati\u0161tu u Siriji.<\/p>\n<p>(Vijesti ummeta)<\/p>\n","protected":false},"excerpt":{"rendered":"<p>Njema\u010dka &#8211; Dvadeset\u0161estogodi\u0161nji Burak Karan, koji je va\u017eio za veoma talentovanog nogometa\u0161a i koji je sedam puta nastupio za njema\u010dke mlade nogometne selekcije prije nego je prekinuo karijeru i pridru\u017eio se pobunjenicima, poginuo je u ratu u Siriji. Prema pisanju njema\u010dkog Welta, Karan je poginuo 11. oktobra u blizini grada Azaz, koje se nalazi na [&hellip;]<\/p>\n","protected":false},"author":83,"featured_media":95685,"comment_status":"open","ping_status":"open","sticky":false,"template":"","format":"standard","meta":{"footnotes":""},"categories":[9,8957],"tags":[10225],"class_list":{"0":"post-95684","1":"post","2":"type-post","3":"status-publish","4":"format-standard","5":"has-post-thumbnail","7":"category-svijet","8":"category-vijesti-dana","9":"tag-sirija"},"yoast_head":"<!-- This site is optimized with the Yoast SEO Premium plugin v23.1 (Yoast SEO v24.9) - https:\/\/yoast.com\/wordpress\/plugins\/seo\/ -->\n<title>Sirija: Poginuo njema\u010dki mladi reprezentativac<\/title>\n<meta name=\"robots\" content=\"index, follow, max-snippet:-1, max-image-preview:large, max-video-preview:-1\" \/>\n<link rel=\"canonical\" href=\"https:\/\/sandzakpress.net\/arhiva\/sirija-poginuo-njemacki-mladi-reprezentativac\/\" \/>\n<meta property=\"og:locale\" content=\"bs_BA\" \/>\n<meta property=\"og:type\" content=\"article\" \/>\n<meta property=\"og:title\" content=\"Sirija: Poginuo njema\u010dki mladi reprezentativac\" \/>\n<meta property=\"og:description\" content=\"Njema\u010dka &#8211; Dvadeset\u0161estogodi\u0161nji Burak Karan, koji je va\u017eio za veoma talentovanog nogometa\u0161a i koji je sedam puta nastupio za njema\u010dke mlade nogometne selekcije prije nego je prekinuo karijeru i pridru\u017eio se pobunjenicima, poginuo je u ratu u Siriji. Prema pisanju njema\u010dkog Welta, Karan je poginuo 11. oktobra u blizini grada Azaz, koje se nalazi na [&hellip;]\" \/>\n<meta property=\"og:url\" content=\"https:\/\/sandzakpress.net\/arhiva\/sirija-poginuo-njemacki-mladi-reprezentativac\/\" \/>\n<meta property=\"og:site_name\" content=\"Sand\u017eak PRESS\" \/>\n<meta property=\"article:published_time\" content=\"2013-11-18T15:38:49+00:00\" \/>\n<meta property=\"article:modified_time\" content=\"2013-11-18T21:23:41+00:00\" \/>\n<meta property=\"og:image\" content=\"https:\/\/sandzakpress.net\/arhiva\/wp-content\/uploads\/2013\/11\/b_131118060.jpg\" \/>\n\t<meta property=\"og:image:width\" content=\"616\" \/>\n\t<meta property=\"og:image:height\" content=\"341\" \/>\n\t<meta property=\"og:image:type\" content=\"image\/jpeg\" \/>\n<meta name=\"author\" content=\"bosniak\" \/>\n<meta name=\"twitter:card\" content=\"summary_large_image\" \/>\n<meta name=\"twitter:label1\" content=\"Written by\" \/>\n\t<meta name=\"twitter:data1\" content=\"bosniak\" \/>\n\t<meta name=\"twitter:label2\" content=\"Est. reading time\" \/>\n\t<meta name=\"twitter:data2\" content=\"1 minuta\" \/>\n<script type=\"application\/ld+json\" class=\"yoast-schema-graph\">{\"@context\":\"https:\/\/schema.org\",\"@graph\":[{\"@type\":\"Article\",\"@id\":\"https:\/\/sandzakpress.net\/arhiva\/sirija-poginuo-njemacki-mladi-reprezentativac\/#article\",\"isPartOf\":{\"@id\":\"https:\/\/sandzakpress.net\/arhiva\/sirija-poginuo-njemacki-mladi-reprezentativac\/\"},\"author\":{\"name\":\"bosniak\",\"@id\":\"https:\/\/sandzakpress.net\/arhiva\/#\/schema\/person\/c8baee722073534b583ea7bdb2e36c02\"},\"headline\":\"Sirija: Poginuo njema\u010dki mladi reprezentativac\",\"datePublished\":\"2013-11-18T15:38:49+00:00\",\"dateModified\":\"2013-11-18T21:23:41+00:00\",\"mainEntityOfPage\":{\"@id\":\"https:\/\/sandzakpress.net\/arhiva\/sirija-poginuo-njemacki-mladi-reprezentativac\/\"},\"wordCount\":164,\"commentCount\":0,\"publisher\":{\"@id\":\"https:\/\/sandzakpress.net\/arhiva\/#\/schema\/person\/6e72b67d6e51910a1117b3b483ba20bd\"},\"image\":{\"@id\":\"https:\/\/sandzakpress.net\/arhiva\/sirija-poginuo-njemacki-mladi-reprezentativac\/#primaryimage\"},\"thumbnailUrl\":\"https:\/\/sandzakpress.net\/arhiva\/wp-content\/uploads\/2013\/11\/b_131118060.jpg\",\"keywords\":[\"Sirija\"],\"articleSection\":[\"Svijet\",\"VIJESTI DANA\"],\"inLanguage\":\"bs-BA\",\"potentialAction\":[{\"@type\":\"CommentAction\",\"name\":\"Comment\",\"target\":[\"https:\/\/sandzakpress.net\/arhiva\/sirija-poginuo-njemacki-mladi-reprezentativac\/#respond\"]}]},{\"@type\":\"WebPage\",\"@id\":\"https:\/\/sandzakpress.net\/arhiva\/sirija-poginuo-njemacki-mladi-reprezentativac\/\",\"url\":\"https:\/\/sandzakpress.net\/arhiva\/sirija-poginuo-njemacki-mladi-reprezentativac\/\",\"name\":\"Sirija: Poginuo njema\u010dki mladi reprezentativac\",\"isPartOf\":{\"@id\":\"https:\/\/sandzakpress.net\/arhiva\/#website\"},\"primaryImageOfPage\":{\"@id\":\"https:\/\/sandzakpress.net\/arhiva\/sirija-poginuo-njemacki-mladi-reprezentativac\/#primaryimage\"},\"image\":{\"@id\":\"https:\/\/sandzakpress.net\/arhiva\/sirija-poginuo-njemacki-mladi-reprezentativac\/#primaryimage\"},\"thumbnailUrl\":\"https:\/\/sandzakpress.net\/arhiva\/wp-content\/uploads\/2013\/11\/b_131118060.jpg\",\"datePublished\":\"2013-11-18T15:38:49+00:00\",\"dateModified\":\"2013-11-18T21:23:41+00:00\",\"breadcrumb\":{\"@id\":\"https:\/\/sandzakpress.net\/arhiva\/sirija-poginuo-njemacki-mladi-reprezentativac\/#breadcrumb\"},\"inLanguage\":\"bs-BA\",\"potentialAction\":[{\"@type\":\"ReadAction\",\"target\":[\"https:\/\/sandzakpress.net\/arhiva\/sirija-poginuo-njemacki-mladi-reprezentativac\/\"]}]},{\"@type\":\"ImageObject\",\"inLanguage\":\"bs-BA\",\"@id\":\"https:\/\/sandzakpress.net\/arhiva\/sirija-poginuo-njemacki-mladi-reprezentativac\/#primaryimage\",\"url\":\"https:\/\/sandzakpress.net\/arhiva\/wp-content\/uploads\/2013\/11\/b_131118060.jpg\",\"contentUrl\":\"https:\/\/sandzakpress.net\/arhiva\/wp-content\/uploads\/2013\/11\/b_131118060.jpg\",\"width\":616,\"height\":341},{\"@type\":\"BreadcrumbList\",\"@id\":\"https:\/\/sandzakpress.net\/arhiva\/sirija-poginuo-njemacki-mladi-reprezentativac\/#breadcrumb\",\"itemListElement\":[{\"@type\":\"ListItem\",\"position\":1,\"name\":\"Home\",\"item\":\"https:\/\/sandzakpress.net\/arhiva\/\"},{\"@type\":\"ListItem\",\"position\":2,\"name\":\"Sirija: Poginuo njema\u010dki mladi reprezentativac\"}]},{\"@type\":\"WebSite\",\"@id\":\"https:\/\/sandzakpress.net\/arhiva\/#website\",\"url\":\"https:\/\/sandzakpress.net\/arhiva\/\",\"name\":\"Sand\u017eak PRESS\",\"description\":\"Prve elektronske novine u Sand\u017eaku\",\"publisher\":{\"@id\":\"https:\/\/sandzakpress.net\/arhiva\/#\/schema\/person\/6e72b67d6e51910a1117b3b483ba20bd\"},\"potentialAction\":[{\"@type\":\"SearchAction\",\"target\":{\"@type\":\"EntryPoint\",\"urlTemplate\":\"https:\/\/sandzakpress.net\/arhiva\/?s={search_term_string}\"},\"query-input\":{\"@type\":\"PropertyValueSpecification\",\"valueRequired\":true,\"valueName\":\"search_term_string\"}}],\"inLanguage\":\"bs-BA\"},{\"@type\":[\"Person\",\"Organization\"],\"@id\":\"https:\/\/sandzakpress.net\/arhiva\/#\/schema\/person\/6e72b67d6e51910a1117b3b483ba20bd\",\"name\":\"Kul\",\"image\":{\"@type\":\"ImageObject\",\"inLanguage\":\"bs-BA\",\"@id\":\"https:\/\/sandzakpress.net\/arhiva\/#\/schema\/person\/image\/\",\"url\":\"https:\/\/secure.gravatar.com\/avatar\/42263f39aa27ac04c43cab85c280eb2e?s=96&d=mm&r=pg\",\"contentUrl\":\"https:\/\/secure.gravatar.com\/avatar\/42263f39aa27ac04c43cab85c280eb2e?s=96&d=mm&r=pg\",\"caption\":\"Kul\"},\"logo\":{\"@id\":\"https:\/\/sandzakpress.net\/arhiva\/#\/schema\/person\/image\/\"}},{\"@type\":\"Person\",\"@id\":\"https:\/\/sandzakpress.net\/arhiva\/#\/schema\/person\/c8baee722073534b583ea7bdb2e36c02\",\"name\":\"bosniak\",\"image\":{\"@type\":\"ImageObject\",\"inLanguage\":\"bs-BA\",\"@id\":\"https:\/\/sandzakpress.net\/arhiva\/#\/schema\/person\/image\/\",\"url\":\"https:\/\/secure.gravatar.com\/avatar\/a04fd330bfe3a36a72a0ad4a6d89fca7?s=96&d=mm&r=pg\",\"contentUrl\":\"https:\/\/secure.gravatar.com\/avatar\/a04fd330bfe3a36a72a0ad4a6d89fca7?s=96&d=mm&r=pg\",\"caption\":\"bosniak\"},\"url\":\"https:\/\/sandzakpress.net\/arhiva\/author\/bosniak\/\"}]}<\/script>\n<!-- \/ Yoast SEO Premium plugin. -->","yoast_head_json":{"title":"Sirija: Poginuo njema\u010dki mladi reprezentativac","robots":{"index":"index","follow":"follow","max-snippet":"max-snippet:-1","max-image-preview":"max-image-preview:large","max-video-preview":"max-video-preview:-1"},"canonical":"https:\/\/sandzakpress.net\/arhiva\/sirija-poginuo-njemacki-mladi-reprezentativac\/","og_locale":"bs_BA","og_type":"article","og_title":"Sirija: Poginuo njema\u010dki mladi reprezentativac","og_description":"Njema\u010dka &#8211; Dvadeset\u0161estogodi\u0161nji Burak Karan, koji je va\u017eio za veoma talentovanog nogometa\u0161a i koji je sedam puta nastupio za njema\u010dke mlade nogometne selekcije prije nego je prekinuo karijeru i pridru\u017eio se pobunjenicima, poginuo je u ratu u Siriji. Prema pisanju njema\u010dkog Welta, Karan je poginuo 11. oktobra u blizini grada Azaz, koje se nalazi na [&hellip;]","og_url":"https:\/\/sandzakpress.net\/arhiva\/sirija-poginuo-njemacki-mladi-reprezentativac\/","og_site_name":"Sand\u017eak PRESS","article_published_time":"2013-11-18T15:38:49+00:00","article_modified_time":"2013-11-18T21:23:41+00:00","og_image":[{"width":616,"height":341,"url":"https:\/\/sandzakpress.net\/arhiva\/wp-content\/uploads\/2013\/11\/b_131118060.jpg","type":"image\/jpeg"}],"author":"bosniak","twitter_card":"summary_large_image","twitter_misc":{"Written by":"bosniak","Est. reading time":"1 minuta"},"schema":{"@context":"https:\/\/schema.org","@graph":[{"@type":"Article","@id":"https:\/\/sandzakpress.net\/arhiva\/sirija-poginuo-njemacki-mladi-reprezentativac\/#article","isPartOf":{"@id":"https:\/\/sandzakpress.net\/arhiva\/sirija-poginuo-njemacki-mladi-reprezentativac\/"},"author":{"name":"bosniak","@id":"https:\/\/sandzakpress.net\/arhiva\/#\/schema\/person\/c8baee722073534b583ea7bdb2e36c02"},"headline":"Sirija: Poginuo njema\u010dki mladi reprezentativac","datePublished":"2013-11-18T15:38:49+00:00","dateModified":"2013-11-18T21:23:41+00:00","mainEntityOfPage":{"@id":"https:\/\/sandzakpress.net\/arhiva\/sirija-poginuo-njemacki-mladi-reprezentativac\/"},"wordCount":164,"commentCount":0,"publisher":{"@id":"https:\/\/sandzakpress.net\/arhiva\/#\/schema\/person\/6e72b67d6e51910a1117b3b483ba20bd"},"image":{"@id":"https:\/\/sandzakpress.net\/arhiva\/sirija-poginuo-njemacki-mladi-reprezentativac\/#primaryimage"},"thumbnailUrl":"https:\/\/sandzakpress.net\/arhiva\/wp-content\/uploads\/2013\/11\/b_131118060.jpg","keywords":["Sirija"],"articleSection":["Svijet","VIJESTI DANA"],"inLanguage":"bs-BA","potentialAction":[{"@type":"CommentAction","name":"Comment","target":["https:\/\/sandzakpress.net\/arhiva\/sirija-poginuo-njemacki-mladi-reprezentativac\/#respond"]}]},{"@type":"WebPage","@id":"https:\/\/sandzakpress.net\/arhiva\/sirija-poginuo-njemacki-mladi-reprezentativac\/","url":"https:\/\/sandzakpress.net\/arhiva\/sirija-poginuo-njemacki-mladi-reprezentativac\/","name":"Sirija: Poginuo njema\u010dki mladi reprezentativac","isPartOf":{"@id":"https:\/\/sandzakpress.net\/arhiva\/#website"},"primaryImageOfPage":{"@id":"https:\/\/sandzakpress.net\/arhiva\/sirija-poginuo-njemacki-mladi-reprezentativac\/#primaryimage"},"image":{"@id":"https:\/\/sandzakpress.net\/arhiva\/sirija-poginuo-njemacki-mladi-reprezentativac\/#primaryimage"},"thumbnailUrl":"https:\/\/sandzakpress.net\/arhiva\/wp-content\/uploads\/2013\/11\/b_131118060.jpg","datePublished":"2013-11-18T15:38:49+00:00","dateModified":"2013-11-18T21:23:41+00:00","breadcrumb":{"@id":"https:\/\/sandzakpress.net\/arhiva\/sirija-poginuo-njemacki-mladi-reprezentativac\/#breadcrumb"},"inLanguage":"bs-BA","potentialAction":[{"@type":"ReadAction","target":["https:\/\/sandzakpress.net\/arhiva\/sirija-poginuo-njemacki-mladi-reprezentativac\/"]}]},{"@type":"ImageObject","inLanguage":"bs-BA","@id":"https:\/\/sandzakpress.net\/arhiva\/sirija-poginuo-njemacki-mladi-reprezentativac\/#primaryimage","url":"https:\/\/sandzakpress.net\/arhiva\/wp-content\/uploads\/2013\/11\/b_131118060.jpg","contentUrl":"https:\/\/sandzakpress.net\/arhiva\/wp-content\/uploads\/2013\/11\/b_131118060.jpg","width":616,"height":341},{"@type":"BreadcrumbList","@id":"https:\/\/sandzakpress.net\/arhiva\/sirija-poginuo-njemacki-mladi-reprezentativac\/#breadcrumb","itemListElement":[{"@type":"ListItem","position":1,"name":"Home","item":"https:\/\/sandzakpress.net\/arhiva\/"},{"@type":"ListItem","position":2,"name":"Sirija: Poginuo njema\u010dki mladi reprezentativac"}]},{"@type":"WebSite","@id":"https:\/\/sandzakpress.net\/arhiva\/#website","url":"https:\/\/sandzakpress.net\/arhiva\/","name":"Sand\u017eak PRESS","description":"Prve elektronske novine u Sand\u017eaku","publisher":{"@id":"https:\/\/sandzakpress.net\/arhiva\/#\/schema\/person\/6e72b67d6e51910a1117b3b483ba20bd"},"potentialAction":[{"@type":"SearchAction","target":{"@type":"EntryPoint","urlTemplate":"https:\/\/sandzakpress.net\/arhiva\/?s={search_term_string}"},"query-input":{"@type":"PropertyValueSpecification","valueRequired":true,"valueName":"search_term_string"}}],"inLanguage":"bs-BA"},{"@type":["Person","Organization"],"@id":"https:\/\/sandzakpress.net\/arhiva\/#\/schema\/person\/6e72b67d6e51910a1117b3b483ba20bd","name":"Kul","image":{"@type":"ImageObject","inLanguage":"bs-BA","@id":"https:\/\/sandzakpress.net\/arhiva\/#\/schema\/person\/image\/","url":"https:\/\/secure.gravatar.com\/avatar\/42263f39aa27ac04c43cab85c280eb2e?s=96&d=mm&r=pg","contentUrl":"https:\/\/secure.gravatar.com\/avatar\/42263f39aa27ac04c43cab85c280eb2e?s=96&d=mm&r=pg","caption":"Kul"},"logo":{"@id":"https:\/\/sandzakpress.net\/arhiva\/#\/schema\/person\/image\/"}},{"@type":"Person","@id":"https:\/\/sandzakpress.net\/arhiva\/#\/schema\/person\/c8baee722073534b583ea7bdb2e36c02","name":"bosniak","image":{"@type":"ImageObject","inLanguage":"bs-BA","@id":"https:\/\/sandzakpress.net\/arhiva\/#\/schema\/person\/image\/","url":"https:\/\/secure.gravatar.com\/avatar\/a04fd330bfe3a36a72a0ad4a6d89fca7?s=96&d=mm&r=pg","contentUrl":"https:\/\/secure.gravatar.com\/avatar\/a04fd330bfe3a36a72a0ad4a6d89fca7?s=96&d=mm&r=pg","caption":"bosniak"},"url":"https:\/\/sandzakpress.net\/arhiva\/author\/bosniak\/"}]}},"_links":{"self":[{"href":"https:\/\/sandzakpress.net\/arhiva\/wp-json\/wp\/v2\/posts\/95684"}],"collection":[{"href":"https:\/\/sandzakpress.net\/arhiva\/wp-json\/wp\/v2\/posts"}],"about":[{"href":"https:\/\/sandzakpress.net\/arhiva\/wp-json\/wp\/v2\/types\/post"}],"author":[{"embeddable":true,"href":"https:\/\/sandzakpress.net\/arhiva\/wp-json\/wp\/v2\/users\/83"}],"replies":[{"embeddable":true,"href":"https:\/\/sandzakpress.net\/arhiva\/wp-json\/wp\/v2\/comments?post=95684"}],"version-history":[{"count":0,"href":"https:\/\/sandzakpress.net\/arhiva\/wp-json\/wp\/v2\/posts\/95684\/revisions"}],"wp:featuredmedia":[{"embeddable":true,"href":"https:\/\/sandzakpress.net\/arhiva\/wp-json\/wp\/v2\/media\/95685"}],"wp:attachment":[{"href":"https:\/\/sandzakpress.net\/arhiva\/wp-json\/wp\/v2\/media?parent=95684"}],"wp:term":[{"taxonomy":"category","embeddable":true,"href":"https:\/\/sandzakpress.net\/arhiva\/wp-json\/wp\/v2\/categories?post=95684"},{"taxonomy":"post_tag","embeddable":true,"href":"https:\/\/sandzakpress.net\/arhiva\/wp-json\/wp\/v2\/tags?post=95684"}],"curies":[{"name":"wp","href":"https:\/\/api.w.org\/{rel}","templated":true}]}}