{"id":95485,"date":"2013-11-16T01:34:43","date_gmt":"2013-11-16T00:34:43","guid":{"rendered":"https:\/\/sandzakpress.net\/arhiva\/?p=95485"},"modified":"2013-11-16T01:37:48","modified_gmt":"2013-11-16T00:37:48","slug":"ljajiceva-vlast-oslobodit-cemo-trg-od-muftije-zukorlica","status":"publish","type":"post","link":"https:\/\/sandzakpress.net\/arhiva\/ljajiceva-vlast-oslobodit-cemo-trg-od-muftije-zukorlica\/","title":{"rendered":"Ljaji\u0107eva vlast: &#8216;Oslobodit \u0107emo Trg od Muftije Zukorli\u0107a!&#8217;"},"content":{"rendered":"<div class=\"youtube-embed\" data-video_id=\"tarzTJWwR2o\"><iframe loading=\"lazy\" title=\"SDP press\" width=\"696\" height=\"522\" src=\"https:\/\/www.youtube.com\/embed\/tarzTJWwR2o?feature=oembed&#038;enablejsapi=1\" frameborder=\"0\" allow=\"accelerometer; autoplay; encrypted-media; gyroscope; picture-in-picture\" allowfullscreen><\/iframe><\/div>\n<p><strong>Novi Pazar &#8211; Na dana\u0161njoj konferenciji za novinare Sand\u017ea\u010dke demokratske partije bilo je rije\u010di o divljoj gradnji Meha Mahmutovi\u0107a i pro\u0161irenju vakufskih objekata od strane muftije Muamera Zukorli\u0107a.<\/strong><\/p>\n<p>Elvir Hamidovi\u0107 je danas poru\u010dio da aktuelna vlast i SDP to ne\u0107e dozvoliti aktivnsti Muftije Zukorli\u0107a. Hamidovi\u0107 je govorio i o napadima na gradona\u010delnika Novog Pazara dr Meha Mahmutovi\u0107a, rekav\u0161i da je Mahmutovi\u0107\u00a0 izgradnju svog objekta po\u010deo prije nego je do\u0161ao na \u010delo grada, te da drugi porodi\u010dni objekat pro\u0161iruje u skladu za zakonom na privatnom zemlji\u0161tu \u0161to se nikako ne mo\u017ee izjedna\u010davati sa uzurpacijom Gradskog trga- bio je izri\u010dit Hamidovi\u0107.<\/p>\n<p>\u201c\u017delim da dam sud ispred Sand\u017ea\u010dke demokratske partije na temu koja se uporna plasira javnosti u posljednje vrijeme. Naime, radi se o tome da se \u017eeli iskompromitovati li\u010dnost gradona\u010delnika dr Meha Mahmutovi\u0107a, tako \u0161to se u prvi plan stavlja stambeni objekat gradona\u010delnika Novog Pazara. Tako\u0111er \u017eelim re\u0107i i da kao \u010dlan GO Odbora Sand\u017ea\u010dke demokratske partije, i kao arhitekta u Gradskoj upravi ne podr\u017eavam nikakvu divlju gradnju, a posebno ne divlju gradnju i uzurpaciju na Gradskom trgu.\u00a0 Postavlja se pitanje Gradskog trga. Ovdje je svaki komentar suvi\u0161an, pogotovo izgradnja kafi\u0107a i ostalih ugostiteljskih objekata.\u00a0 Kada pogledate sada\u0161nje stanje tog objekta vjerovatno se planira nadogradnja jo\u0161 jednog sprata. Mi kao vlast Gradske uprave ne\u0107emo to dozvoliti sigurno, jer trg je vlasni\u0161tvo ne muftije Zukorli\u0107a, ve\u0107 vlasni\u0161tvo svih gra\u0111ana Novog Pazara, posebno na\u0161e djece\u201c, kazao je Hamidovi\u0107.<\/p>\n<p>Na pitanje novinara \u0161ta je razlog napada na gradona\u010delnika Mahmutovi\u0107a po pitanju njegovih stambenih objekata, Hamidovi\u0107 odgovara: \u201eJasna je namjera da se skrene pa\u017enja od zauzimanja i uzurpacije povr\u0161ina Gradskog trga. Mi kao vlast bori\u0107emo se zakonskim sredstvima da tome stanemo na kraj. Kada govorimo o objektima gradona\u010delnika dr Mahmutovi\u0107a, njegova vikendica sagra\u0111ena je jo\u0161 2007. godine i uredno je podnijeta dokumentacija, odnosno zahtjev za legalizaciju tog objekta. Kada je rije\u010d o ku\u0107i u Jo\u0161anici, u pitanju je ku\u0107a koja je sagra\u0111ena na njegovoj parceli, ovdje se radi o regularnom pro\u0161irenju stambenog prostora.\u00a0 Ta ku\u0107a u Jo\u0161anici je legalizovana 2004. godine, i zbog pro\u0161irenja podnijet je zahtjev 2013. godine.\u00a0 17. septembra ove godine Mahmutovi\u0107 je dobio sve neophodne dozvole za gradnju, i sve se radi u skladu sa zakonom\u201c, kazao je \u010dlan GO Odbora Sand\u017ea\u010dke demokratske partije, Elvir Hamidovi\u0107.<\/p>\n<p>Aleksandar Ni\u0107iforovi\u0107<\/p>\n<figure style=\"width: 576px\" class=\"wp-caption aligncenter\"><img loading=\"lazy\" decoding=\"async\" alt=\"Novi Pazar - trg  - jesen 2010.\" src=\"http:\/\/static.panoramio.com\/photos\/large\/50405288.jpg\" width=\"576\" height=\"382\" \/><figcaption class=\"wp-caption-text\">Trg Gazi Isa-bega i Muftije Zukorli\u0107a<\/figcaption><\/figure>\n<p>(RTVNP)<\/p>\n","protected":false},"excerpt":{"rendered":"<p>Novi Pazar &#8211; Na dana\u0161njoj konferenciji za novinare Sand\u017ea\u010dke demokratske partije bilo je rije\u010di o divljoj gradnji Meha Mahmutovi\u0107a i pro\u0161irenju vakufskih objekata od strane muftije Muamera Zukorli\u0107a. Elvir Hamidovi\u0107 je danas poru\u010dio da aktuelna vlast i SDP to ne\u0107e dozvoliti aktivnsti Muftije Zukorli\u0107a. Hamidovi\u0107 je govorio i o napadima na gradona\u010delnika Novog Pazara dr [&hellip;]<\/p>\n","protected":false},"author":83,"featured_media":95486,"comment_status":"open","ping_status":"open","sticky":false,"template":"","format":"standard","meta":{"footnotes":""},"categories":[72,1,8957],"tags":[10210,10248],"class_list":{"0":"post-95485","1":"post","2":"type-post","3":"status-publish","4":"format-standard","5":"has-post-thumbnail","7":"category-novi-pazar","8":"category-politika","9":"category-vijesti-dana","10":"tag-rasim-ljajic","11":"tag-gradska-uprava-novi-pazar"},"yoast_head":"<!-- This site is optimized with the Yoast SEO Premium plugin v23.1 (Yoast SEO v24.9) - https:\/\/yoast.com\/wordpress\/plugins\/seo\/ -->\n<title>Ljaji\u0107eva vlast: &#039;Oslobodit \u0107emo Trg od Muftije Zukorli\u0107a!&#039;<\/title>\n<meta name=\"robots\" content=\"index, follow, max-snippet:-1, max-image-preview:large, max-video-preview:-1\" \/>\n<link rel=\"canonical\" href=\"https:\/\/sandzakpress.net\/arhiva\/ljajiceva-vlast-oslobodit-cemo-trg-od-muftije-zukorlica\/\" \/>\n<meta property=\"og:locale\" content=\"bs_BA\" \/>\n<meta property=\"og:type\" content=\"article\" \/>\n<meta property=\"og:title\" content=\"Ljaji\u0107eva vlast: &#039;Oslobodit \u0107emo Trg od Muftije Zukorli\u0107a!&#039;\" \/>\n<meta property=\"og:description\" content=\"Novi Pazar &#8211; Na dana\u0161njoj konferenciji za novinare Sand\u017ea\u010dke demokratske partije bilo je rije\u010di o divljoj gradnji Meha Mahmutovi\u0107a i pro\u0161irenju vakufskih objekata od strane muftije Muamera Zukorli\u0107a. Elvir Hamidovi\u0107 je danas poru\u010dio da aktuelna vlast i SDP to ne\u0107e dozvoliti aktivnsti Muftije Zukorli\u0107a. Hamidovi\u0107 je govorio i o napadima na gradona\u010delnika Novog Pazara dr [&hellip;]\" \/>\n<meta property=\"og:url\" content=\"https:\/\/sandzakpress.net\/arhiva\/ljajiceva-vlast-oslobodit-cemo-trg-od-muftije-zukorlica\/\" \/>\n<meta property=\"og:site_name\" content=\"Sand\u017eak PRESS\" \/>\n<meta property=\"article:published_time\" content=\"2013-11-16T00:34:43+00:00\" \/>\n<meta property=\"article:modified_time\" content=\"2013-11-16T00:37:48+00:00\" \/>\n<meta property=\"og:image\" content=\"https:\/\/sandzakpress.net\/arhiva\/wp-content\/uploads\/2013\/11\/016.jpg\" \/>\n\t<meta property=\"og:image:width\" content=\"480\" \/>\n\t<meta property=\"og:image:height\" content=\"360\" \/>\n\t<meta property=\"og:image:type\" content=\"image\/jpeg\" \/>\n<meta name=\"author\" content=\"bosniak\" \/>\n<meta name=\"twitter:card\" content=\"summary_large_image\" \/>\n<meta name=\"twitter:label1\" content=\"Written by\" \/>\n\t<meta name=\"twitter:data1\" content=\"bosniak\" \/>\n\t<meta name=\"twitter:label2\" content=\"Est. reading time\" \/>\n\t<meta name=\"twitter:data2\" content=\"2 minute\" \/>\n<script type=\"application\/ld+json\" class=\"yoast-schema-graph\">{\"@context\":\"https:\/\/schema.org\",\"@graph\":[{\"@type\":\"Article\",\"@id\":\"https:\/\/sandzakpress.net\/arhiva\/ljajiceva-vlast-oslobodit-cemo-trg-od-muftije-zukorlica\/#article\",\"isPartOf\":{\"@id\":\"https:\/\/sandzakpress.net\/arhiva\/ljajiceva-vlast-oslobodit-cemo-trg-od-muftije-zukorlica\/\"},\"author\":{\"name\":\"bosniak\",\"@id\":\"https:\/\/sandzakpress.net\/arhiva\/#\/schema\/person\/c8baee722073534b583ea7bdb2e36c02\"},\"headline\":\"Ljaji\u0107eva vlast: &#8216;Oslobodit \u0107emo Trg od Muftije Zukorli\u0107a!&#8217;\",\"datePublished\":\"2013-11-16T00:34:43+00:00\",\"dateModified\":\"2013-11-16T00:37:48+00:00\",\"mainEntityOfPage\":{\"@id\":\"https:\/\/sandzakpress.net\/arhiva\/ljajiceva-vlast-oslobodit-cemo-trg-od-muftije-zukorlica\/\"},\"wordCount\":463,\"commentCount\":28,\"publisher\":{\"@id\":\"https:\/\/sandzakpress.net\/arhiva\/#\/schema\/person\/6e72b67d6e51910a1117b3b483ba20bd\"},\"image\":{\"@id\":\"https:\/\/sandzakpress.net\/arhiva\/ljajiceva-vlast-oslobodit-cemo-trg-od-muftije-zukorlica\/#primaryimage\"},\"thumbnailUrl\":\"https:\/\/sandzakpress.net\/arhiva\/wp-content\/uploads\/2013\/11\/016.jpg\",\"keywords\":[\"Rasim Ljaji\u0107\",\"Vlast u Novom Pazaru\"],\"articleSection\":[\"Novi Pazar\",\"Politika\",\"VIJESTI DANA\"],\"inLanguage\":\"bs-BA\",\"potentialAction\":[{\"@type\":\"CommentAction\",\"name\":\"Comment\",\"target\":[\"https:\/\/sandzakpress.net\/arhiva\/ljajiceva-vlast-oslobodit-cemo-trg-od-muftije-zukorlica\/#respond\"]}]},{\"@type\":\"WebPage\",\"@id\":\"https:\/\/sandzakpress.net\/arhiva\/ljajiceva-vlast-oslobodit-cemo-trg-od-muftije-zukorlica\/\",\"url\":\"https:\/\/sandzakpress.net\/arhiva\/ljajiceva-vlast-oslobodit-cemo-trg-od-muftije-zukorlica\/\",\"name\":\"Ljaji\u0107eva vlast: 'Oslobodit \u0107emo Trg od Muftije Zukorli\u0107a!'\",\"isPartOf\":{\"@id\":\"https:\/\/sandzakpress.net\/arhiva\/#website\"},\"primaryImageOfPage\":{\"@id\":\"https:\/\/sandzakpress.net\/arhiva\/ljajiceva-vlast-oslobodit-cemo-trg-od-muftije-zukorlica\/#primaryimage\"},\"image\":{\"@id\":\"https:\/\/sandzakpress.net\/arhiva\/ljajiceva-vlast-oslobodit-cemo-trg-od-muftije-zukorlica\/#primaryimage\"},\"thumbnailUrl\":\"https:\/\/sandzakpress.net\/arhiva\/wp-content\/uploads\/2013\/11\/016.jpg\",\"datePublished\":\"2013-11-16T00:34:43+00:00\",\"dateModified\":\"2013-11-16T00:37:48+00:00\",\"breadcrumb\":{\"@id\":\"https:\/\/sandzakpress.net\/arhiva\/ljajiceva-vlast-oslobodit-cemo-trg-od-muftije-zukorlica\/#breadcrumb\"},\"inLanguage\":\"bs-BA\",\"potentialAction\":[{\"@type\":\"ReadAction\",\"target\":[\"https:\/\/sandzakpress.net\/arhiva\/ljajiceva-vlast-oslobodit-cemo-trg-od-muftije-zukorlica\/\"]}]},{\"@type\":\"ImageObject\",\"inLanguage\":\"bs-BA\",\"@id\":\"https:\/\/sandzakpress.net\/arhiva\/ljajiceva-vlast-oslobodit-cemo-trg-od-muftije-zukorlica\/#primaryimage\",\"url\":\"https:\/\/sandzakpress.net\/arhiva\/wp-content\/uploads\/2013\/11\/016.jpg\",\"contentUrl\":\"https:\/\/sandzakpress.net\/arhiva\/wp-content\/uploads\/2013\/11\/016.jpg\",\"width\":480,\"height\":360},{\"@type\":\"BreadcrumbList\",\"@id\":\"https:\/\/sandzakpress.net\/arhiva\/ljajiceva-vlast-oslobodit-cemo-trg-od-muftije-zukorlica\/#breadcrumb\",\"itemListElement\":[{\"@type\":\"ListItem\",\"position\":1,\"name\":\"Home\",\"item\":\"https:\/\/sandzakpress.net\/arhiva\/\"},{\"@type\":\"ListItem\",\"position\":2,\"name\":\"Ljaji\u0107eva vlast: &#8216;Oslobodit \u0107emo Trg od Muftije Zukorli\u0107a!&#8217;\"}]},{\"@type\":\"WebSite\",\"@id\":\"https:\/\/sandzakpress.net\/arhiva\/#website\",\"url\":\"https:\/\/sandzakpress.net\/arhiva\/\",\"name\":\"Sand\u017eak PRESS\",\"description\":\"Prve elektronske novine u Sand\u017eaku\",\"publisher\":{\"@id\":\"https:\/\/sandzakpress.net\/arhiva\/#\/schema\/person\/6e72b67d6e51910a1117b3b483ba20bd\"},\"potentialAction\":[{\"@type\":\"SearchAction\",\"target\":{\"@type\":\"EntryPoint\",\"urlTemplate\":\"https:\/\/sandzakpress.net\/arhiva\/?s={search_term_string}\"},\"query-input\":{\"@type\":\"PropertyValueSpecification\",\"valueRequired\":true,\"valueName\":\"search_term_string\"}}],\"inLanguage\":\"bs-BA\"},{\"@type\":[\"Person\",\"Organization\"],\"@id\":\"https:\/\/sandzakpress.net\/arhiva\/#\/schema\/person\/6e72b67d6e51910a1117b3b483ba20bd\",\"name\":\"Kul\",\"image\":{\"@type\":\"ImageObject\",\"inLanguage\":\"bs-BA\",\"@id\":\"https:\/\/sandzakpress.net\/arhiva\/#\/schema\/person\/image\/\",\"url\":\"https:\/\/secure.gravatar.com\/avatar\/42263f39aa27ac04c43cab85c280eb2e?s=96&d=mm&r=pg\",\"contentUrl\":\"https:\/\/secure.gravatar.com\/avatar\/42263f39aa27ac04c43cab85c280eb2e?s=96&d=mm&r=pg\",\"caption\":\"Kul\"},\"logo\":{\"@id\":\"https:\/\/sandzakpress.net\/arhiva\/#\/schema\/person\/image\/\"}},{\"@type\":\"Person\",\"@id\":\"https:\/\/sandzakpress.net\/arhiva\/#\/schema\/person\/c8baee722073534b583ea7bdb2e36c02\",\"name\":\"bosniak\",\"image\":{\"@type\":\"ImageObject\",\"inLanguage\":\"bs-BA\",\"@id\":\"https:\/\/sandzakpress.net\/arhiva\/#\/schema\/person\/image\/\",\"url\":\"https:\/\/secure.gravatar.com\/avatar\/a04fd330bfe3a36a72a0ad4a6d89fca7?s=96&d=mm&r=pg\",\"contentUrl\":\"https:\/\/secure.gravatar.com\/avatar\/a04fd330bfe3a36a72a0ad4a6d89fca7?s=96&d=mm&r=pg\",\"caption\":\"bosniak\"},\"url\":\"https:\/\/sandzakpress.net\/arhiva\/author\/bosniak\/\"}]}<\/script>\n<!-- \/ Yoast SEO Premium plugin. -->","yoast_head_json":{"title":"Ljaji\u0107eva vlast: 'Oslobodit \u0107emo Trg od Muftije Zukorli\u0107a!'","robots":{"index":"index","follow":"follow","max-snippet":"max-snippet:-1","max-image-preview":"max-image-preview:large","max-video-preview":"max-video-preview:-1"},"canonical":"https:\/\/sandzakpress.net\/arhiva\/ljajiceva-vlast-oslobodit-cemo-trg-od-muftije-zukorlica\/","og_locale":"bs_BA","og_type":"article","og_title":"Ljaji\u0107eva vlast: 'Oslobodit \u0107emo Trg od Muftije Zukorli\u0107a!'","og_description":"Novi Pazar &#8211; Na dana\u0161njoj konferenciji za novinare Sand\u017ea\u010dke demokratske partije bilo je rije\u010di o divljoj gradnji Meha Mahmutovi\u0107a i pro\u0161irenju vakufskih objekata od strane muftije Muamera Zukorli\u0107a. Elvir Hamidovi\u0107 je danas poru\u010dio da aktuelna vlast i SDP to ne\u0107e dozvoliti aktivnsti Muftije Zukorli\u0107a. Hamidovi\u0107 je govorio i o napadima na gradona\u010delnika Novog Pazara dr [&hellip;]","og_url":"https:\/\/sandzakpress.net\/arhiva\/ljajiceva-vlast-oslobodit-cemo-trg-od-muftije-zukorlica\/","og_site_name":"Sand\u017eak PRESS","article_published_time":"2013-11-16T00:34:43+00:00","article_modified_time":"2013-11-16T00:37:48+00:00","og_image":[{"width":480,"height":360,"url":"https:\/\/sandzakpress.net\/arhiva\/wp-content\/uploads\/2013\/11\/016.jpg","type":"image\/jpeg"}],"author":"bosniak","twitter_card":"summary_large_image","twitter_misc":{"Written by":"bosniak","Est. reading time":"2 minute"},"schema":{"@context":"https:\/\/schema.org","@graph":[{"@type":"Article","@id":"https:\/\/sandzakpress.net\/arhiva\/ljajiceva-vlast-oslobodit-cemo-trg-od-muftije-zukorlica\/#article","isPartOf":{"@id":"https:\/\/sandzakpress.net\/arhiva\/ljajiceva-vlast-oslobodit-cemo-trg-od-muftije-zukorlica\/"},"author":{"name":"bosniak","@id":"https:\/\/sandzakpress.net\/arhiva\/#\/schema\/person\/c8baee722073534b583ea7bdb2e36c02"},"headline":"Ljaji\u0107eva vlast: &#8216;Oslobodit \u0107emo Trg od Muftije Zukorli\u0107a!&#8217;","datePublished":"2013-11-16T00:34:43+00:00","dateModified":"2013-11-16T00:37:48+00:00","mainEntityOfPage":{"@id":"https:\/\/sandzakpress.net\/arhiva\/ljajiceva-vlast-oslobodit-cemo-trg-od-muftije-zukorlica\/"},"wordCount":463,"commentCount":28,"publisher":{"@id":"https:\/\/sandzakpress.net\/arhiva\/#\/schema\/person\/6e72b67d6e51910a1117b3b483ba20bd"},"image":{"@id":"https:\/\/sandzakpress.net\/arhiva\/ljajiceva-vlast-oslobodit-cemo-trg-od-muftije-zukorlica\/#primaryimage"},"thumbnailUrl":"https:\/\/sandzakpress.net\/arhiva\/wp-content\/uploads\/2013\/11\/016.jpg","keywords":["Rasim Ljaji\u0107","Vlast u Novom Pazaru"],"articleSection":["Novi Pazar","Politika","VIJESTI DANA"],"inLanguage":"bs-BA","potentialAction":[{"@type":"CommentAction","name":"Comment","target":["https:\/\/sandzakpress.net\/arhiva\/ljajiceva-vlast-oslobodit-cemo-trg-od-muftije-zukorlica\/#respond"]}]},{"@type":"WebPage","@id":"https:\/\/sandzakpress.net\/arhiva\/ljajiceva-vlast-oslobodit-cemo-trg-od-muftije-zukorlica\/","url":"https:\/\/sandzakpress.net\/arhiva\/ljajiceva-vlast-oslobodit-cemo-trg-od-muftije-zukorlica\/","name":"Ljaji\u0107eva vlast: 'Oslobodit \u0107emo Trg od Muftije Zukorli\u0107a!'","isPartOf":{"@id":"https:\/\/sandzakpress.net\/arhiva\/#website"},"primaryImageOfPage":{"@id":"https:\/\/sandzakpress.net\/arhiva\/ljajiceva-vlast-oslobodit-cemo-trg-od-muftije-zukorlica\/#primaryimage"},"image":{"@id":"https:\/\/sandzakpress.net\/arhiva\/ljajiceva-vlast-oslobodit-cemo-trg-od-muftije-zukorlica\/#primaryimage"},"thumbnailUrl":"https:\/\/sandzakpress.net\/arhiva\/wp-content\/uploads\/2013\/11\/016.jpg","datePublished":"2013-11-16T00:34:43+00:00","dateModified":"2013-11-16T00:37:48+00:00","breadcrumb":{"@id":"https:\/\/sandzakpress.net\/arhiva\/ljajiceva-vlast-oslobodit-cemo-trg-od-muftije-zukorlica\/#breadcrumb"},"inLanguage":"bs-BA","potentialAction":[{"@type":"ReadAction","target":["https:\/\/sandzakpress.net\/arhiva\/ljajiceva-vlast-oslobodit-cemo-trg-od-muftije-zukorlica\/"]}]},{"@type":"ImageObject","inLanguage":"bs-BA","@id":"https:\/\/sandzakpress.net\/arhiva\/ljajiceva-vlast-oslobodit-cemo-trg-od-muftije-zukorlica\/#primaryimage","url":"https:\/\/sandzakpress.net\/arhiva\/wp-content\/uploads\/2013\/11\/016.jpg","contentUrl":"https:\/\/sandzakpress.net\/arhiva\/wp-content\/uploads\/2013\/11\/016.jpg","width":480,"height":360},{"@type":"BreadcrumbList","@id":"https:\/\/sandzakpress.net\/arhiva\/ljajiceva-vlast-oslobodit-cemo-trg-od-muftije-zukorlica\/#breadcrumb","itemListElement":[{"@type":"ListItem","position":1,"name":"Home","item":"https:\/\/sandzakpress.net\/arhiva\/"},{"@type":"ListItem","position":2,"name":"Ljaji\u0107eva vlast: &#8216;Oslobodit \u0107emo Trg od Muftije Zukorli\u0107a!&#8217;"}]},{"@type":"WebSite","@id":"https:\/\/sandzakpress.net\/arhiva\/#website","url":"https:\/\/sandzakpress.net\/arhiva\/","name":"Sand\u017eak PRESS","description":"Prve elektronske novine u Sand\u017eaku","publisher":{"@id":"https:\/\/sandzakpress.net\/arhiva\/#\/schema\/person\/6e72b67d6e51910a1117b3b483ba20bd"},"potentialAction":[{"@type":"SearchAction","target":{"@type":"EntryPoint","urlTemplate":"https:\/\/sandzakpress.net\/arhiva\/?s={search_term_string}"},"query-input":{"@type":"PropertyValueSpecification","valueRequired":true,"valueName":"search_term_string"}}],"inLanguage":"bs-BA"},{"@type":["Person","Organization"],"@id":"https:\/\/sandzakpress.net\/arhiva\/#\/schema\/person\/6e72b67d6e51910a1117b3b483ba20bd","name":"Kul","image":{"@type":"ImageObject","inLanguage":"bs-BA","@id":"https:\/\/sandzakpress.net\/arhiva\/#\/schema\/person\/image\/","url":"https:\/\/secure.gravatar.com\/avatar\/42263f39aa27ac04c43cab85c280eb2e?s=96&d=mm&r=pg","contentUrl":"https:\/\/secure.gravatar.com\/avatar\/42263f39aa27ac04c43cab85c280eb2e?s=96&d=mm&r=pg","caption":"Kul"},"logo":{"@id":"https:\/\/sandzakpress.net\/arhiva\/#\/schema\/person\/image\/"}},{"@type":"Person","@id":"https:\/\/sandzakpress.net\/arhiva\/#\/schema\/person\/c8baee722073534b583ea7bdb2e36c02","name":"bosniak","image":{"@type":"ImageObject","inLanguage":"bs-BA","@id":"https:\/\/sandzakpress.net\/arhiva\/#\/schema\/person\/image\/","url":"https:\/\/secure.gravatar.com\/avatar\/a04fd330bfe3a36a72a0ad4a6d89fca7?s=96&d=mm&r=pg","contentUrl":"https:\/\/secure.gravatar.com\/avatar\/a04fd330bfe3a36a72a0ad4a6d89fca7?s=96&d=mm&r=pg","caption":"bosniak"},"url":"https:\/\/sandzakpress.net\/arhiva\/author\/bosniak\/"}]}},"_links":{"self":[{"href":"https:\/\/sandzakpress.net\/arhiva\/wp-json\/wp\/v2\/posts\/95485"}],"collection":[{"href":"https:\/\/sandzakpress.net\/arhiva\/wp-json\/wp\/v2\/posts"}],"about":[{"href":"https:\/\/sandzakpress.net\/arhiva\/wp-json\/wp\/v2\/types\/post"}],"author":[{"embeddable":true,"href":"https:\/\/sandzakpress.net\/arhiva\/wp-json\/wp\/v2\/users\/83"}],"replies":[{"embeddable":true,"href":"https:\/\/sandzakpress.net\/arhiva\/wp-json\/wp\/v2\/comments?post=95485"}],"version-history":[{"count":0,"href":"https:\/\/sandzakpress.net\/arhiva\/wp-json\/wp\/v2\/posts\/95485\/revisions"}],"wp:featuredmedia":[{"embeddable":true,"href":"https:\/\/sandzakpress.net\/arhiva\/wp-json\/wp\/v2\/media\/95486"}],"wp:attachment":[{"href":"https:\/\/sandzakpress.net\/arhiva\/wp-json\/wp\/v2\/media?parent=95485"}],"wp:term":[{"taxonomy":"category","embeddable":true,"href":"https:\/\/sandzakpress.net\/arhiva\/wp-json\/wp\/v2\/categories?post=95485"},{"taxonomy":"post_tag","embeddable":true,"href":"https:\/\/sandzakpress.net\/arhiva\/wp-json\/wp\/v2\/tags?post=95485"}],"curies":[{"name":"wp","href":"https:\/\/api.w.org\/{rel}","templated":true}]}}