{"id":953,"date":"2010-01-06T14:56:52","date_gmt":"2010-01-06T14:56:52","guid":{"rendered":"https:\/\/sandzakpress.net\/arhiva\/?p=953"},"modified":"2010-01-06T14:56:52","modified_gmt":"2010-01-06T14:56:52","slug":"udzbenici-nase-djece","status":"publish","type":"post","link":"https:\/\/sandzakpress.net\/arhiva\/udzbenici-nase-djece\/","title":{"rendered":"Ud\u017ebenici na\u0161e djece!"},"content":{"rendered":"<p><a href=\"https:\/\/sandzakpress.net\/arhiva\/wp-content\/uploads\/2010\/01\/udzbenici.jpg\"><img loading=\"lazy\" decoding=\"async\" class=\"aligncenter size-full wp-image-954\" title=\"udzbenici\" src=\"https:\/\/sandzakpress.net\/arhiva\/wp-content\/uploads\/2010\/01\/udzbenici.jpg\" alt=\"\" width=\"620\" height=\"284\" \/><\/a><\/p>\n<p><strong>Vjerovali ili ne, 98% ilustracija u Zavodovoj \u010citanci za 7. razred, iz koje u\u010de i na\u0161a djeca, jesu ikone, sveci, freske i slike raznih crkvenih velikodostojnika, pri \u010demu su ostalih 2% sli\u010dice \u017eive i ne\u017eive prirode<\/strong><\/p>\n<p>Kada pro\u0111em Starom \u0107uprijom na Drini, testirala sam sebe, zanimljivo, rijetko se sjetim Mehmed-pa\u0161e Sokolovi\u0107a, vakifa, koji je podigao ovaj most, rijetko mu prou\u010dim Fatihu. Prosto mi ne padne na pamet&#8230; Ali se uvijek sjetim Stoje i Stojana, izmi\u0161ljenih likova romana \u201eNa Drini \u0107uprija\u201c, koji su, tobo\u017ee, uzidani u ovaj most, pa im je majka dolazila i, ne znam kako, dojila&#8230; I tamo nekog, tako\u0111er izmi\u0161ljenog lika i doga\u0111aja, koga muslimani nabijaju na kolac&#8230; Te jezive slike su prva asocijacija na ovaj most, vakuf. Da, to je kompleks \u201eturske krivice\u201c s kojim smo porasli i kojim smo obrazovnim sistemom indoktrinirani i osaka\u0107eni decenijama unazad, pa i danas. Ineresantan mi je bio podatak do kojeg sam nedavno do\u0161la, a koji ka\u017ee da je Ivo Andri\u0107 ovaj motiv nabijanja na kolac nekog radnika na mostu, preuzeo iz stvarnosti, ta\u010dnije iz nekih bosanskih novina koje su objavile vijest da su Srbi nekog Bo\u0161njaka tako ubili.<\/p>\n<p><strong>Porasli s kompleksom \u201eturske krivice\u201c<\/strong><\/p>\n<p>I, haj sad&#8230; Skoro smo u sklopu odre\u0111enog predmeta na Fakultetu imali razgovor sa profesorima i nastavnicima srednjih i osnovnih \u0161kola o ud\u017ebenicima za srpski jezik po kojima izvode nastavu. Slu\u010dajno mi je do\u0161la u ruke \u010citanka za 7. razred osnovne \u0161kole. Radi ibreta, sigurno je imate u torbi va\u0161eg djeteta, pa je malo proanalizirajte. Ja sam listala, listala i zaklju\u010dila da su 98% ilustracija, kojima je Zavod kao izdava\u010d opremio ovaj ud\u017ebenik, bile ikone, freske, slike raznih svetaca i crkvenih velikodostojnika&#8230; Bilo je nekih desetak velikih fotografija kao uvod u novu cjelinu ili poglavlje, i onih srednjih i manjih pored nekih tekstova. Postavila sam pitanje profesorima \u0161ta misle o tim ilustracijama, da li im je tu mjesto, da li su primjerene&#8230; Oni su samo iskola\u010dili o\u010di na mene s pitanjem kako smijem to da pominjem u prisustvu svog profesora sa Univerziteta koji nije musliman. Jedna nastavnica je rekla da je to u redu ove godine i da je prije bilo mnogo vi\u0161e takvih ilustracija. Zna\u010di 100%. Ostali su \u0161utjeli i borili se sa ve\u0107 uhodanom borbom kompleksa turske krivice. Naravno, prof. dr. Do\u0161li\u0107 se apsolutno slo\u017eio sa mnom i podr\u017eao me, ali o\u010digledno ne i moji doju\u010dera\u0161nji nastavnici koji su bili zate\u010deni mojim pitanjem.<\/p>\n<p><strong>Prezir prema muslimanima u \u0161kolskoj lektiri<\/strong><\/p>\n<p>Odakle da po\u010dnemo? Mo\u017eda ba\u0161 od Ive Andri\u0107a i njegove \u201e\u0106uprije\u201c u kojoj iznosi stravi\u010dne krvave slike ubijanja Srba od strane muslimana, uzidavanja djece u tu famoznu \u0106upriju, nabijanja na kolac&#8230; Pa njegove \u201eProklete avlije\u201c u kojoj cijelo Osmansko carstvo opisuje kao prokletu avliju, iako je ta avlija njegovom i brojnim drugim narodima donijela civilizaciju, higijenu, obrazovanje, obogatila rje\u010dnik brojnim turcizmima za koje nema zamjene. Ili od \u201eGorskog vijenca\u201c u kome \u201ehod\u017ea ri\u010de sa munare&#8230;\u201c, a koji je obavezna lektira i koje se nastavnici tako striktno dr\u017ee da je \u0161to bolje predo\u010de djeci, te je predaju &#8211; kako ka\u017ee jedna moja koleginica &#8211; od 11. novembra do 11. decembra, ne bi li je djeca \u0161to bolje utuvila i pojedine stihove nau\u010dila napamet. A mora li se to tako? Ka\u017eu mora, jer ih zakon obavezuje Planom i programom. Pa i nas isto obavezuje, a mnogo obrazovaniji od tih na\u0161ih prosje\u010dnih nastavnika, prof. dr. Milinkovi\u0107 na Fakultetu nam je za \u201eGorski vijenac\u201c rekao ovako: \u201eKolege, ja zaista ne znam kako da ovo djelo predajem u ovoj sredini. Uzmite i sami ga pro\u010ditajte i izvucite neke univerzalne poruke.\u201c Pritom, nikoga na ispitu nije pitao o ovom djelu. Valjda je pretpostavio da su nam to nastavnici u osnovnoj i srednjoj ve\u0107 dovoljno dobro utuvili u glavu. To pod jedan, a pod dva: pitam se da li je ta literatura sa takvim nasilni\u010dkim motivima uop\u0161te primjerena uzrastu kome je namijenjena? Ne razumijem za\u0161to da se djeca strave takvim prizorima koji su, plus, izmi\u0161ljeni?!<\/p>\n<p>Po onom \u0161to sam iz rije\u010di mojih profesora shvatila, a za kojima je dugogodi\u0161nje iskustvo ne samo kao profesora, ve\u0107 i kao prosvjetnih inspektora, nastavnici na\u0161e sredine uvijek imaju pravo ne odstupiti od Programa, ve\u0107 tim djelima, ma kakvi ih nobelovci pisali, posvetiti manje pa\u017enje, objasniti i predstaviti djeci razliku izme\u0111u umjetni\u010dke i historijske istine koja se uzima zdravo za gotovo i jednostavno im pomo\u0107i da te nimalo ukusne stvari \u201esa\u017eva\u0107u\u201c i nastave dalje. Ne vjerujem da \u0107e ni oni, a ni svijet propasti ako ne pro\u010ditaju sve o Stojanu i Stoji \u201euzidanim\u201c u \u0106upriju na Drini, ukradenom motivu nabijanja na kolac i hod\u017ei koji \u201eri\u010de\u201c sa munare&#8230; No, valja se nadati boljem vaktu, novim generacijama oslobo\u0111enim od indoktrinacija koje \u0107e, a i vrijeme je, nadam se sastaviti novi Plan i program sa kombinacijama srpske, bo\u0161nja\u010dke i drugih knji\u017eevnosti&#8230;<\/p>\n<p>Autor: <strong>Sanela Misirli\u0107<\/strong><\/p>\n","protected":false},"excerpt":{"rendered":"<p>Vjerovali ili ne, 98% ilustracija u Zavodovoj \u010citanci za 7. razred, iz koje u\u010de i na\u0161a djeca, jesu ikone, sveci, freske i slike raznih crkvenih velikodostojnika, pri \u010demu su ostalih 2% sli\u010dice \u017eive i ne\u017eive prirode Kada pro\u0111em Starom \u0107uprijom na Drini, testirala sam sebe, zanimljivo, rijetko se sjetim Mehmed-pa\u0161e Sokolovi\u0107a, vakifa, koji je podigao [&hellip;]<\/p>\n","protected":false},"author":83,"featured_media":954,"comment_status":"open","ping_status":"open","sticky":false,"template":"","format":"standard","meta":{"footnotes":""},"categories":[16],"tags":[],"class_list":{"0":"post-953","1":"post","2":"type-post","3":"status-publish","4":"format-standard","5":"has-post-thumbnail","7":"category-novine"},"yoast_head":"<!-- This site is optimized with the Yoast SEO Premium plugin v23.1 (Yoast SEO v24.9) - https:\/\/yoast.com\/wordpress\/plugins\/seo\/ -->\n<title>Ud\u017ebenici na\u0161e djece!<\/title>\n<meta name=\"robots\" content=\"index, follow, max-snippet:-1, max-image-preview:large, max-video-preview:-1\" \/>\n<link rel=\"canonical\" href=\"https:\/\/sandzakpress.net\/arhiva\/udzbenici-nase-djece\/\" \/>\n<meta property=\"og:locale\" content=\"bs_BA\" \/>\n<meta property=\"og:type\" content=\"article\" \/>\n<meta property=\"og:title\" content=\"Ud\u017ebenici na\u0161e djece!\" \/>\n<meta property=\"og:description\" content=\"Vjerovali ili ne, 98% ilustracija u Zavodovoj \u010citanci za 7. razred, iz koje u\u010de i na\u0161a djeca, jesu ikone, sveci, freske i slike raznih crkvenih velikodostojnika, pri \u010demu su ostalih 2% sli\u010dice \u017eive i ne\u017eive prirode Kada pro\u0111em Starom \u0107uprijom na Drini, testirala sam sebe, zanimljivo, rijetko se sjetim Mehmed-pa\u0161e Sokolovi\u0107a, vakifa, koji je podigao [&hellip;]\" \/>\n<meta property=\"og:url\" content=\"https:\/\/sandzakpress.net\/arhiva\/udzbenici-nase-djece\/\" \/>\n<meta property=\"og:site_name\" content=\"Sand\u017eak PRESS\" \/>\n<meta property=\"article:published_time\" content=\"2010-01-06T14:56:52+00:00\" \/>\n<meta property=\"og:image\" content=\"https:\/\/sandzakpress.net\/arhiva\/wp-content\/uploads\/2010\/01\/udzbenici.jpg\" \/>\n\t<meta property=\"og:image:width\" content=\"616\" \/>\n\t<meta property=\"og:image:height\" content=\"282\" \/>\n\t<meta property=\"og:image:type\" content=\"image\/jpeg\" \/>\n<meta name=\"author\" content=\"bosniak\" \/>\n<meta name=\"twitter:card\" content=\"summary_large_image\" \/>\n<meta name=\"twitter:label1\" content=\"Written by\" \/>\n\t<meta name=\"twitter:data1\" content=\"bosniak\" \/>\n\t<meta name=\"twitter:label2\" content=\"Est. reading time\" \/>\n\t<meta name=\"twitter:data2\" content=\"4 minute\" \/>\n<script type=\"application\/ld+json\" class=\"yoast-schema-graph\">{\"@context\":\"https:\/\/schema.org\",\"@graph\":[{\"@type\":\"Article\",\"@id\":\"https:\/\/sandzakpress.net\/arhiva\/udzbenici-nase-djece\/#article\",\"isPartOf\":{\"@id\":\"https:\/\/sandzakpress.net\/arhiva\/udzbenici-nase-djece\/\"},\"author\":{\"name\":\"bosniak\",\"@id\":\"https:\/\/sandzakpress.net\/arhiva\/#\/schema\/person\/c8baee722073534b583ea7bdb2e36c02\"},\"headline\":\"Ud\u017ebenici na\u0161e djece!\",\"datePublished\":\"2010-01-06T14:56:52+00:00\",\"mainEntityOfPage\":{\"@id\":\"https:\/\/sandzakpress.net\/arhiva\/udzbenici-nase-djece\/\"},\"wordCount\":862,\"commentCount\":0,\"publisher\":{\"@id\":\"https:\/\/sandzakpress.net\/arhiva\/#\/schema\/person\/6e72b67d6e51910a1117b3b483ba20bd\"},\"image\":{\"@id\":\"https:\/\/sandzakpress.net\/arhiva\/udzbenici-nase-djece\/#primaryimage\"},\"thumbnailUrl\":\"https:\/\/sandzakpress.net\/arhiva\/wp-content\/uploads\/2010\/01\/udzbenici.jpg\",\"articleSection\":[\"Novine\"],\"inLanguage\":\"bs-BA\",\"potentialAction\":[{\"@type\":\"CommentAction\",\"name\":\"Comment\",\"target\":[\"https:\/\/sandzakpress.net\/arhiva\/udzbenici-nase-djece\/#respond\"]}]},{\"@type\":\"WebPage\",\"@id\":\"https:\/\/sandzakpress.net\/arhiva\/udzbenici-nase-djece\/\",\"url\":\"https:\/\/sandzakpress.net\/arhiva\/udzbenici-nase-djece\/\",\"name\":\"Ud\u017ebenici na\u0161e djece!\",\"isPartOf\":{\"@id\":\"https:\/\/sandzakpress.net\/arhiva\/#website\"},\"primaryImageOfPage\":{\"@id\":\"https:\/\/sandzakpress.net\/arhiva\/udzbenici-nase-djece\/#primaryimage\"},\"image\":{\"@id\":\"https:\/\/sandzakpress.net\/arhiva\/udzbenici-nase-djece\/#primaryimage\"},\"thumbnailUrl\":\"https:\/\/sandzakpress.net\/arhiva\/wp-content\/uploads\/2010\/01\/udzbenici.jpg\",\"datePublished\":\"2010-01-06T14:56:52+00:00\",\"breadcrumb\":{\"@id\":\"https:\/\/sandzakpress.net\/arhiva\/udzbenici-nase-djece\/#breadcrumb\"},\"inLanguage\":\"bs-BA\",\"potentialAction\":[{\"@type\":\"ReadAction\",\"target\":[\"https:\/\/sandzakpress.net\/arhiva\/udzbenici-nase-djece\/\"]}]},{\"@type\":\"ImageObject\",\"inLanguage\":\"bs-BA\",\"@id\":\"https:\/\/sandzakpress.net\/arhiva\/udzbenici-nase-djece\/#primaryimage\",\"url\":\"https:\/\/sandzakpress.net\/arhiva\/wp-content\/uploads\/2010\/01\/udzbenici.jpg\",\"contentUrl\":\"https:\/\/sandzakpress.net\/arhiva\/wp-content\/uploads\/2010\/01\/udzbenici.jpg\",\"width\":616,\"height\":282},{\"@type\":\"BreadcrumbList\",\"@id\":\"https:\/\/sandzakpress.net\/arhiva\/udzbenici-nase-djece\/#breadcrumb\",\"itemListElement\":[{\"@type\":\"ListItem\",\"position\":1,\"name\":\"Home\",\"item\":\"https:\/\/sandzakpress.net\/arhiva\/\"},{\"@type\":\"ListItem\",\"position\":2,\"name\":\"Ud\u017ebenici na\u0161e djece!\"}]},{\"@type\":\"WebSite\",\"@id\":\"https:\/\/sandzakpress.net\/arhiva\/#website\",\"url\":\"https:\/\/sandzakpress.net\/arhiva\/\",\"name\":\"Sand\u017eak PRESS\",\"description\":\"Prve elektronske novine u Sand\u017eaku\",\"publisher\":{\"@id\":\"https:\/\/sandzakpress.net\/arhiva\/#\/schema\/person\/6e72b67d6e51910a1117b3b483ba20bd\"},\"potentialAction\":[{\"@type\":\"SearchAction\",\"target\":{\"@type\":\"EntryPoint\",\"urlTemplate\":\"https:\/\/sandzakpress.net\/arhiva\/?s={search_term_string}\"},\"query-input\":{\"@type\":\"PropertyValueSpecification\",\"valueRequired\":true,\"valueName\":\"search_term_string\"}}],\"inLanguage\":\"bs-BA\"},{\"@type\":[\"Person\",\"Organization\"],\"@id\":\"https:\/\/sandzakpress.net\/arhiva\/#\/schema\/person\/6e72b67d6e51910a1117b3b483ba20bd\",\"name\":\"Kul\",\"image\":{\"@type\":\"ImageObject\",\"inLanguage\":\"bs-BA\",\"@id\":\"https:\/\/sandzakpress.net\/arhiva\/#\/schema\/person\/image\/\",\"url\":\"https:\/\/secure.gravatar.com\/avatar\/42263f39aa27ac04c43cab85c280eb2e?s=96&d=mm&r=pg\",\"contentUrl\":\"https:\/\/secure.gravatar.com\/avatar\/42263f39aa27ac04c43cab85c280eb2e?s=96&d=mm&r=pg\",\"caption\":\"Kul\"},\"logo\":{\"@id\":\"https:\/\/sandzakpress.net\/arhiva\/#\/schema\/person\/image\/\"}},{\"@type\":\"Person\",\"@id\":\"https:\/\/sandzakpress.net\/arhiva\/#\/schema\/person\/c8baee722073534b583ea7bdb2e36c02\",\"name\":\"bosniak\",\"image\":{\"@type\":\"ImageObject\",\"inLanguage\":\"bs-BA\",\"@id\":\"https:\/\/sandzakpress.net\/arhiva\/#\/schema\/person\/image\/\",\"url\":\"https:\/\/secure.gravatar.com\/avatar\/a04fd330bfe3a36a72a0ad4a6d89fca7?s=96&d=mm&r=pg\",\"contentUrl\":\"https:\/\/secure.gravatar.com\/avatar\/a04fd330bfe3a36a72a0ad4a6d89fca7?s=96&d=mm&r=pg\",\"caption\":\"bosniak\"},\"url\":\"https:\/\/sandzakpress.net\/arhiva\/author\/bosniak\/\"}]}<\/script>\n<!-- \/ Yoast SEO Premium plugin. -->","yoast_head_json":{"title":"Ud\u017ebenici na\u0161e djece!","robots":{"index":"index","follow":"follow","max-snippet":"max-snippet:-1","max-image-preview":"max-image-preview:large","max-video-preview":"max-video-preview:-1"},"canonical":"https:\/\/sandzakpress.net\/arhiva\/udzbenici-nase-djece\/","og_locale":"bs_BA","og_type":"article","og_title":"Ud\u017ebenici na\u0161e djece!","og_description":"Vjerovali ili ne, 98% ilustracija u Zavodovoj \u010citanci za 7. razred, iz koje u\u010de i na\u0161a djeca, jesu ikone, sveci, freske i slike raznih crkvenih velikodostojnika, pri \u010demu su ostalih 2% sli\u010dice \u017eive i ne\u017eive prirode Kada pro\u0111em Starom \u0107uprijom na Drini, testirala sam sebe, zanimljivo, rijetko se sjetim Mehmed-pa\u0161e Sokolovi\u0107a, vakifa, koji je podigao [&hellip;]","og_url":"https:\/\/sandzakpress.net\/arhiva\/udzbenici-nase-djece\/","og_site_name":"Sand\u017eak PRESS","article_published_time":"2010-01-06T14:56:52+00:00","og_image":[{"width":616,"height":282,"url":"https:\/\/sandzakpress.net\/arhiva\/wp-content\/uploads\/2010\/01\/udzbenici.jpg","type":"image\/jpeg"}],"author":"bosniak","twitter_card":"summary_large_image","twitter_misc":{"Written by":"bosniak","Est. reading time":"4 minute"},"schema":{"@context":"https:\/\/schema.org","@graph":[{"@type":"Article","@id":"https:\/\/sandzakpress.net\/arhiva\/udzbenici-nase-djece\/#article","isPartOf":{"@id":"https:\/\/sandzakpress.net\/arhiva\/udzbenici-nase-djece\/"},"author":{"name":"bosniak","@id":"https:\/\/sandzakpress.net\/arhiva\/#\/schema\/person\/c8baee722073534b583ea7bdb2e36c02"},"headline":"Ud\u017ebenici na\u0161e djece!","datePublished":"2010-01-06T14:56:52+00:00","mainEntityOfPage":{"@id":"https:\/\/sandzakpress.net\/arhiva\/udzbenici-nase-djece\/"},"wordCount":862,"commentCount":0,"publisher":{"@id":"https:\/\/sandzakpress.net\/arhiva\/#\/schema\/person\/6e72b67d6e51910a1117b3b483ba20bd"},"image":{"@id":"https:\/\/sandzakpress.net\/arhiva\/udzbenici-nase-djece\/#primaryimage"},"thumbnailUrl":"https:\/\/sandzakpress.net\/arhiva\/wp-content\/uploads\/2010\/01\/udzbenici.jpg","articleSection":["Novine"],"inLanguage":"bs-BA","potentialAction":[{"@type":"CommentAction","name":"Comment","target":["https:\/\/sandzakpress.net\/arhiva\/udzbenici-nase-djece\/#respond"]}]},{"@type":"WebPage","@id":"https:\/\/sandzakpress.net\/arhiva\/udzbenici-nase-djece\/","url":"https:\/\/sandzakpress.net\/arhiva\/udzbenici-nase-djece\/","name":"Ud\u017ebenici na\u0161e djece!","isPartOf":{"@id":"https:\/\/sandzakpress.net\/arhiva\/#website"},"primaryImageOfPage":{"@id":"https:\/\/sandzakpress.net\/arhiva\/udzbenici-nase-djece\/#primaryimage"},"image":{"@id":"https:\/\/sandzakpress.net\/arhiva\/udzbenici-nase-djece\/#primaryimage"},"thumbnailUrl":"https:\/\/sandzakpress.net\/arhiva\/wp-content\/uploads\/2010\/01\/udzbenici.jpg","datePublished":"2010-01-06T14:56:52+00:00","breadcrumb":{"@id":"https:\/\/sandzakpress.net\/arhiva\/udzbenici-nase-djece\/#breadcrumb"},"inLanguage":"bs-BA","potentialAction":[{"@type":"ReadAction","target":["https:\/\/sandzakpress.net\/arhiva\/udzbenici-nase-djece\/"]}]},{"@type":"ImageObject","inLanguage":"bs-BA","@id":"https:\/\/sandzakpress.net\/arhiva\/udzbenici-nase-djece\/#primaryimage","url":"https:\/\/sandzakpress.net\/arhiva\/wp-content\/uploads\/2010\/01\/udzbenici.jpg","contentUrl":"https:\/\/sandzakpress.net\/arhiva\/wp-content\/uploads\/2010\/01\/udzbenici.jpg","width":616,"height":282},{"@type":"BreadcrumbList","@id":"https:\/\/sandzakpress.net\/arhiva\/udzbenici-nase-djece\/#breadcrumb","itemListElement":[{"@type":"ListItem","position":1,"name":"Home","item":"https:\/\/sandzakpress.net\/arhiva\/"},{"@type":"ListItem","position":2,"name":"Ud\u017ebenici na\u0161e djece!"}]},{"@type":"WebSite","@id":"https:\/\/sandzakpress.net\/arhiva\/#website","url":"https:\/\/sandzakpress.net\/arhiva\/","name":"Sand\u017eak PRESS","description":"Prve elektronske novine u Sand\u017eaku","publisher":{"@id":"https:\/\/sandzakpress.net\/arhiva\/#\/schema\/person\/6e72b67d6e51910a1117b3b483ba20bd"},"potentialAction":[{"@type":"SearchAction","target":{"@type":"EntryPoint","urlTemplate":"https:\/\/sandzakpress.net\/arhiva\/?s={search_term_string}"},"query-input":{"@type":"PropertyValueSpecification","valueRequired":true,"valueName":"search_term_string"}}],"inLanguage":"bs-BA"},{"@type":["Person","Organization"],"@id":"https:\/\/sandzakpress.net\/arhiva\/#\/schema\/person\/6e72b67d6e51910a1117b3b483ba20bd","name":"Kul","image":{"@type":"ImageObject","inLanguage":"bs-BA","@id":"https:\/\/sandzakpress.net\/arhiva\/#\/schema\/person\/image\/","url":"https:\/\/secure.gravatar.com\/avatar\/42263f39aa27ac04c43cab85c280eb2e?s=96&d=mm&r=pg","contentUrl":"https:\/\/secure.gravatar.com\/avatar\/42263f39aa27ac04c43cab85c280eb2e?s=96&d=mm&r=pg","caption":"Kul"},"logo":{"@id":"https:\/\/sandzakpress.net\/arhiva\/#\/schema\/person\/image\/"}},{"@type":"Person","@id":"https:\/\/sandzakpress.net\/arhiva\/#\/schema\/person\/c8baee722073534b583ea7bdb2e36c02","name":"bosniak","image":{"@type":"ImageObject","inLanguage":"bs-BA","@id":"https:\/\/sandzakpress.net\/arhiva\/#\/schema\/person\/image\/","url":"https:\/\/secure.gravatar.com\/avatar\/a04fd330bfe3a36a72a0ad4a6d89fca7?s=96&d=mm&r=pg","contentUrl":"https:\/\/secure.gravatar.com\/avatar\/a04fd330bfe3a36a72a0ad4a6d89fca7?s=96&d=mm&r=pg","caption":"bosniak"},"url":"https:\/\/sandzakpress.net\/arhiva\/author\/bosniak\/"}]}},"_links":{"self":[{"href":"https:\/\/sandzakpress.net\/arhiva\/wp-json\/wp\/v2\/posts\/953"}],"collection":[{"href":"https:\/\/sandzakpress.net\/arhiva\/wp-json\/wp\/v2\/posts"}],"about":[{"href":"https:\/\/sandzakpress.net\/arhiva\/wp-json\/wp\/v2\/types\/post"}],"author":[{"embeddable":true,"href":"https:\/\/sandzakpress.net\/arhiva\/wp-json\/wp\/v2\/users\/83"}],"replies":[{"embeddable":true,"href":"https:\/\/sandzakpress.net\/arhiva\/wp-json\/wp\/v2\/comments?post=953"}],"version-history":[{"count":0,"href":"https:\/\/sandzakpress.net\/arhiva\/wp-json\/wp\/v2\/posts\/953\/revisions"}],"wp:featuredmedia":[{"embeddable":true,"href":"https:\/\/sandzakpress.net\/arhiva\/wp-json\/wp\/v2\/media\/954"}],"wp:attachment":[{"href":"https:\/\/sandzakpress.net\/arhiva\/wp-json\/wp\/v2\/media?parent=953"}],"wp:term":[{"taxonomy":"category","embeddable":true,"href":"https:\/\/sandzakpress.net\/arhiva\/wp-json\/wp\/v2\/categories?post=953"},{"taxonomy":"post_tag","embeddable":true,"href":"https:\/\/sandzakpress.net\/arhiva\/wp-json\/wp\/v2\/tags?post=953"}],"curies":[{"name":"wp","href":"https:\/\/api.w.org\/{rel}","templated":true}]}}