{"id":9493,"date":"2010-10-31T17:32:59","date_gmt":"2010-10-31T16:32:59","guid":{"rendered":"https:\/\/sandzakpress.net\/arhiva\/?p=9493"},"modified":"2010-10-31T17:32:59","modified_gmt":"2010-10-31T16:32:59","slug":"vlada-upozorava-samu-sebe","status":"publish","type":"post","link":"https:\/\/sandzakpress.net\/arhiva\/vlada-upozorava-samu-sebe\/","title":{"rendered":"Vlada upozorava samu sebe"},"content":{"rendered":"<figure id=\"attachment_9494\" aria-describedby=\"caption-attachment-9494\" style=\"width: 199px\" class=\"wp-caption alignleft\"><a href=\"https:\/\/sandzakpress.net\/arhiva\/wp-content\/uploads\/2010\/10\/85703_0215-ugljanin-foto-zoran-ras_f.jpg\"><img loading=\"lazy\" decoding=\"async\" class=\"size-full wp-image-9494\" title=\"85703_0215-ugljanin-foto-zoran-ras_f\" src=\"https:\/\/sandzakpress.net\/arhiva\/wp-content\/uploads\/2010\/10\/85703_0215-ugljanin-foto-zoran-ras_f.jpg\" alt=\"\" width=\"199\" height=\"270\" \/><\/a><figcaption id=\"caption-attachment-9494\" class=\"wp-caption-text\">Sulejman Ugljanin, ministar bez portfelja<\/figcaption><\/figure>\n<p><strong>Dok  smo razgovarali, u Novom Pazaru vlast je probala da po pravosna\u017enoj  sudskoj odluci iseli Fakultet za islamske studije, a muftija Muamer ef.  Zukorli\u0107 ne da.. Iseljenje je izostalo, a od ministra Ugljanina, koga  stanovnici Sand\u017eaka tiho optu\u017euju da ih je zaboravio kad je u\u0161ao u  srpsku vladu, tra\u017eimo komentar i odgovor na to kako rije\u0161iti sukobe.<\/strong><\/p>\n<p><strong>Na \u0161ta mislite? Da je Sand\u017eak zanemaren, da su Bo\u0161njaci diskriminisani?<\/strong><\/p>\n<p>&#8211; Ne samo Bo\u0161njaci, \u010ditava regija je ekonomski nerazvijena, zapostavljena, zanemarena i da tek sad po\u010dinjemo da radimo neke dobre poslove i da to daje rezultate i otvara nadu i perspektivu za sve gra\u0111ane koji tamo \u017eive.<\/p>\n<p><strong>Cijela Srbija je ekonomski nerazvijena, ali da li sada\u0161nja vlada posebno diskrimini\u0161e Sand\u017eak ili naprotiv?<\/strong><\/p>\n<p>&#8211; Ne bih sad otvarao to pitanje. Vladi sam prije mjesec dana dao prijedlog mjera za ekonomski razvoj Sand\u017eaka i stabilizaciju politi\u010dkih i ekonomskih prilika u tom regionu. O\u010dekujem da Vlada adekvatno reaguje i da da ekonomski odgovor na sve probleme koji postoje. Ekonomski odgovor je najbolji. O\u010dekujem da sva ministarstva u\u010destvuju u prikupljanju dodatnih sredstava za ostvarenje programa za razvoj Sand\u017eaka. U programu su klju\u010dni revitalizacija industrijske zone u Novom Pazaru i u Tutinu, po\u010detak izgradnje autoputa Beograd &#8211; ju\u017eni Jadran, povratak prognanih Bo\u0161njaka iz op\u0161tine Priboj, \u0161to je i ekonomski i politi\u010dki problem. Do sada nijedna vlada nije ni\u0161ta u\u010dinila po tom pitanju.<\/p>\n<p><strong>Da li je Vlada prihvatila va\u0161 zahtjev da rebalansom bud\u017eeta dobijete dodatni novac i da li \u0107ete glasati za rebalans ako vas odbiju?<\/strong><\/p>\n<p>&#8211; Razgovori se vode na nivou koalicije i o\u010dekujem da \u0107e svi partneri u Vladi u\u010diniti ne\u0161to da se usvoji objektivan program. A \u0161to se ti\u010de glasanja, ucjene nisu na\u0161 pristup. \u0160ta mi s dva glasa mo\u017eemo da promijenimo? Poku\u0161avamo da dr\u017eavotvorne stranke dovedemo do toga da preuzmu odgovornost za Sand\u017eak. Do sada su imale neodgovoran odnos.<\/p>\n<p><strong>Za\u0161to su Bo\u0161njaci jedina nacionalna manjina koja nije osnovala Nacionalno ve\u0107e?<\/strong><\/p>\n<p>&#8211; Punih 19 godina vodio sam Bo\u0161nja\u010dko nacionalno ve\u0107e i sve je funkcionisalo kao sat. Sad kad se nisam kandidovao, ne mogu da ga izaberu. Posmatram to sa strane.<\/p>\n<p><strong>Kako vidite regionalizaciju Srbije?<\/strong><\/p>\n<p>&#8211; Ravnomerni regionalni razvoj je ustavna kategorija. U Sand\u017eaku je najve\u0107i procenat gra\u0111ana u Srbiji glasao za Ustav. Ali okruzi nisu ustavna kategorija, ve\u0107 ostatak Milo\u0161evi\u0107evog miraza, diskriminatorski ostatak i treba to rije\u0161iti. Nacionalne manjine ne smiju da se cijepaju na dva regiona.<\/p>\n<p><strong>Kako ocjenjujete bezbjednosnu situaciju u Sand\u017eaku? Svaki \u010das su neki incidenti, pucnjava, ranjeni&#8230;<\/strong><\/p>\n<p>&#8211; To je pitanje nekorektnih medija i zlonamjernog pisanja. Mnogo manje je tih incidenata u Sand\u017eaku nego u drugim djelovima Srbije, ali mediji svjesno stvaraju krivu sliku. Na primjer, svi su pisali o tome da je kamenovan autobus \u201eNi\u0161 ekspresa\u201c u Novom Pazaru, a to nije ta\u010dno. Dva dje\u010daka od 12 godina ga\u0111ala su se kamenjem i jedan kamen\u010di\u0107 je pogodio \u0161ofer\u0161ajbnu autobusa. Policija je to utvrdila. Naduvavanje takvih lo\u0161ih stvari je nepovoljno za zemlju i za na\u0161 put ka Evropi.<\/p>\n<p><strong>Direktorka Agencije za borbu protiv korupcije po\u010detkom godine vas je pozvala da se odreknete duplih funkcija. Koliko ih imate i koliko su pla\u0107ene?<\/strong><\/p>\n<p>&#8211; Bio sam pogre\u0161na meta, gospo\u0111a Markovi\u0107 nije dobro informisana. Osim funkcije ministra, nijedna druga funkcija nije pla\u0107ena. Sve ostalo radim bez nov\u010dane nadoknade, a ako \u0107e moja ostavka donijeti dobro razvoju Srbije, sutra dajem ostavku. Kao ministar sam kopredsjedavaju\u0107i Komisije za saradnju sa Turskom, \u010dlan sam Upravnog odbora Fonda za razvoj, a rukovo\u0111enje Kancelarijom za ravnomjerni razvoj je u sklopu ministarske funkcije.<\/p>\n<p><strong>Da li ste za rekonstrukciju Vlade?<\/strong><\/p>\n<p>&#8211; Ako \u0107e ga\u0161enje moje pozicije pomo\u0107i dr\u017eavi, spreman sam za taj korak. Ljudi \u0107e re\u0107i: ti Bo\u0161njaci su dobri ljudi, pomogli su formiranje vlade i onda su se povukli da je spasu. To je dobro, zna\u010di, nema separatizma.<\/p>\n<p>Izvor: <strong>Blic.rs<\/strong><\/p>\n","protected":false},"excerpt":{"rendered":"<p>Dok smo razgovarali, u Novom Pazaru vlast je probala da po pravosna\u017enoj sudskoj odluci iseli Fakultet za islamske studije, a muftija Muamer ef. Zukorli\u0107 ne da.. Iseljenje je izostalo, a od ministra Ugljanina, koga stanovnici Sand\u017eaka tiho optu\u017euju da ih je zaboravio kad je u\u0161ao u srpsku vladu, tra\u017eimo komentar i odgovor na to kako [&hellip;]<\/p>\n","protected":false},"author":83,"featured_media":9494,"comment_status":"open","ping_status":"open","sticky":false,"template":"","format":"standard","meta":{"footnotes":""},"categories":[72,327],"tags":[],"class_list":{"0":"post-9493","1":"post","2":"type-post","3":"status-publish","4":"format-standard","5":"has-post-thumbnail","7":"category-novi-pazar","8":"category-tutin"},"yoast_head":"<!-- This site is optimized with the Yoast SEO Premium plugin v23.1 (Yoast SEO v24.9) - https:\/\/yoast.com\/wordpress\/plugins\/seo\/ -->\n<title>Vlada upozorava samu sebe<\/title>\n<meta name=\"robots\" content=\"index, follow, max-snippet:-1, max-image-preview:large, max-video-preview:-1\" \/>\n<link rel=\"canonical\" href=\"https:\/\/sandzakpress.net\/arhiva\/vlada-upozorava-samu-sebe\/\" \/>\n<meta property=\"og:locale\" content=\"bs_BA\" \/>\n<meta property=\"og:type\" content=\"article\" \/>\n<meta property=\"og:title\" content=\"Vlada upozorava samu sebe\" \/>\n<meta property=\"og:description\" content=\"Dok smo razgovarali, u Novom Pazaru vlast je probala da po pravosna\u017enoj sudskoj odluci iseli Fakultet za islamske studije, a muftija Muamer ef. Zukorli\u0107 ne da.. Iseljenje je izostalo, a od ministra Ugljanina, koga stanovnici Sand\u017eaka tiho optu\u017euju da ih je zaboravio kad je u\u0161ao u srpsku vladu, tra\u017eimo komentar i odgovor na to kako [&hellip;]\" \/>\n<meta property=\"og:url\" content=\"https:\/\/sandzakpress.net\/arhiva\/vlada-upozorava-samu-sebe\/\" \/>\n<meta property=\"og:site_name\" content=\"Sand\u017eak PRESS\" \/>\n<meta property=\"article:published_time\" content=\"2010-10-31T16:32:59+00:00\" \/>\n<meta property=\"og:image\" content=\"https:\/\/sandzakpress.net\/arhiva\/wp-content\/uploads\/2010\/10\/85703_0215-ugljanin-foto-zoran-ras_f.jpg\" \/>\n\t<meta property=\"og:image:width\" content=\"199\" \/>\n\t<meta property=\"og:image:height\" content=\"270\" \/>\n\t<meta property=\"og:image:type\" content=\"image\/jpeg\" \/>\n<meta name=\"author\" content=\"bosniak\" \/>\n<meta name=\"twitter:card\" content=\"summary_large_image\" \/>\n<meta name=\"twitter:label1\" content=\"Written by\" \/>\n\t<meta name=\"twitter:data1\" content=\"bosniak\" \/>\n\t<meta name=\"twitter:label2\" content=\"Est. reading time\" \/>\n\t<meta name=\"twitter:data2\" content=\"4 minute\" \/>\n<script type=\"application\/ld+json\" class=\"yoast-schema-graph\">{\"@context\":\"https:\/\/schema.org\",\"@graph\":[{\"@type\":\"Article\",\"@id\":\"https:\/\/sandzakpress.net\/arhiva\/vlada-upozorava-samu-sebe\/#article\",\"isPartOf\":{\"@id\":\"https:\/\/sandzakpress.net\/arhiva\/vlada-upozorava-samu-sebe\/\"},\"author\":{\"name\":\"bosniak\",\"@id\":\"https:\/\/sandzakpress.net\/arhiva\/#\/schema\/person\/c8baee722073534b583ea7bdb2e36c02\"},\"headline\":\"Vlada upozorava samu sebe\",\"datePublished\":\"2010-10-31T16:32:59+00:00\",\"mainEntityOfPage\":{\"@id\":\"https:\/\/sandzakpress.net\/arhiva\/vlada-upozorava-samu-sebe\/\"},\"wordCount\":706,\"commentCount\":7,\"publisher\":{\"@id\":\"https:\/\/sandzakpress.net\/arhiva\/#\/schema\/person\/6e72b67d6e51910a1117b3b483ba20bd\"},\"image\":{\"@id\":\"https:\/\/sandzakpress.net\/arhiva\/vlada-upozorava-samu-sebe\/#primaryimage\"},\"thumbnailUrl\":\"https:\/\/sandzakpress.net\/arhiva\/wp-content\/uploads\/2010\/10\/85703_0215-ugljanin-foto-zoran-ras_f.jpg\",\"articleSection\":[\"Novi Pazar\",\"Tutin\"],\"inLanguage\":\"bs-BA\",\"potentialAction\":[{\"@type\":\"CommentAction\",\"name\":\"Comment\",\"target\":[\"https:\/\/sandzakpress.net\/arhiva\/vlada-upozorava-samu-sebe\/#respond\"]}]},{\"@type\":\"WebPage\",\"@id\":\"https:\/\/sandzakpress.net\/arhiva\/vlada-upozorava-samu-sebe\/\",\"url\":\"https:\/\/sandzakpress.net\/arhiva\/vlada-upozorava-samu-sebe\/\",\"name\":\"Vlada upozorava samu sebe\",\"isPartOf\":{\"@id\":\"https:\/\/sandzakpress.net\/arhiva\/#website\"},\"primaryImageOfPage\":{\"@id\":\"https:\/\/sandzakpress.net\/arhiva\/vlada-upozorava-samu-sebe\/#primaryimage\"},\"image\":{\"@id\":\"https:\/\/sandzakpress.net\/arhiva\/vlada-upozorava-samu-sebe\/#primaryimage\"},\"thumbnailUrl\":\"https:\/\/sandzakpress.net\/arhiva\/wp-content\/uploads\/2010\/10\/85703_0215-ugljanin-foto-zoran-ras_f.jpg\",\"datePublished\":\"2010-10-31T16:32:59+00:00\",\"breadcrumb\":{\"@id\":\"https:\/\/sandzakpress.net\/arhiva\/vlada-upozorava-samu-sebe\/#breadcrumb\"},\"inLanguage\":\"bs-BA\",\"potentialAction\":[{\"@type\":\"ReadAction\",\"target\":[\"https:\/\/sandzakpress.net\/arhiva\/vlada-upozorava-samu-sebe\/\"]}]},{\"@type\":\"ImageObject\",\"inLanguage\":\"bs-BA\",\"@id\":\"https:\/\/sandzakpress.net\/arhiva\/vlada-upozorava-samu-sebe\/#primaryimage\",\"url\":\"https:\/\/sandzakpress.net\/arhiva\/wp-content\/uploads\/2010\/10\/85703_0215-ugljanin-foto-zoran-ras_f.jpg\",\"contentUrl\":\"https:\/\/sandzakpress.net\/arhiva\/wp-content\/uploads\/2010\/10\/85703_0215-ugljanin-foto-zoran-ras_f.jpg\",\"width\":199,\"height\":270},{\"@type\":\"BreadcrumbList\",\"@id\":\"https:\/\/sandzakpress.net\/arhiva\/vlada-upozorava-samu-sebe\/#breadcrumb\",\"itemListElement\":[{\"@type\":\"ListItem\",\"position\":1,\"name\":\"Home\",\"item\":\"https:\/\/sandzakpress.net\/arhiva\/\"},{\"@type\":\"ListItem\",\"position\":2,\"name\":\"Vlada upozorava samu sebe\"}]},{\"@type\":\"WebSite\",\"@id\":\"https:\/\/sandzakpress.net\/arhiva\/#website\",\"url\":\"https:\/\/sandzakpress.net\/arhiva\/\",\"name\":\"Sand\u017eak PRESS\",\"description\":\"Prve elektronske novine u Sand\u017eaku\",\"publisher\":{\"@id\":\"https:\/\/sandzakpress.net\/arhiva\/#\/schema\/person\/6e72b67d6e51910a1117b3b483ba20bd\"},\"potentialAction\":[{\"@type\":\"SearchAction\",\"target\":{\"@type\":\"EntryPoint\",\"urlTemplate\":\"https:\/\/sandzakpress.net\/arhiva\/?s={search_term_string}\"},\"query-input\":{\"@type\":\"PropertyValueSpecification\",\"valueRequired\":true,\"valueName\":\"search_term_string\"}}],\"inLanguage\":\"bs-BA\"},{\"@type\":[\"Person\",\"Organization\"],\"@id\":\"https:\/\/sandzakpress.net\/arhiva\/#\/schema\/person\/6e72b67d6e51910a1117b3b483ba20bd\",\"name\":\"Kul\",\"image\":{\"@type\":\"ImageObject\",\"inLanguage\":\"bs-BA\",\"@id\":\"https:\/\/sandzakpress.net\/arhiva\/#\/schema\/person\/image\/\",\"url\":\"https:\/\/secure.gravatar.com\/avatar\/42263f39aa27ac04c43cab85c280eb2e?s=96&d=mm&r=pg\",\"contentUrl\":\"https:\/\/secure.gravatar.com\/avatar\/42263f39aa27ac04c43cab85c280eb2e?s=96&d=mm&r=pg\",\"caption\":\"Kul\"},\"logo\":{\"@id\":\"https:\/\/sandzakpress.net\/arhiva\/#\/schema\/person\/image\/\"}},{\"@type\":\"Person\",\"@id\":\"https:\/\/sandzakpress.net\/arhiva\/#\/schema\/person\/c8baee722073534b583ea7bdb2e36c02\",\"name\":\"bosniak\",\"image\":{\"@type\":\"ImageObject\",\"inLanguage\":\"bs-BA\",\"@id\":\"https:\/\/sandzakpress.net\/arhiva\/#\/schema\/person\/image\/\",\"url\":\"https:\/\/secure.gravatar.com\/avatar\/a04fd330bfe3a36a72a0ad4a6d89fca7?s=96&d=mm&r=pg\",\"contentUrl\":\"https:\/\/secure.gravatar.com\/avatar\/a04fd330bfe3a36a72a0ad4a6d89fca7?s=96&d=mm&r=pg\",\"caption\":\"bosniak\"},\"url\":\"https:\/\/sandzakpress.net\/arhiva\/author\/bosniak\/\"}]}<\/script>\n<!-- \/ Yoast SEO Premium plugin. -->","yoast_head_json":{"title":"Vlada upozorava samu sebe","robots":{"index":"index","follow":"follow","max-snippet":"max-snippet:-1","max-image-preview":"max-image-preview:large","max-video-preview":"max-video-preview:-1"},"canonical":"https:\/\/sandzakpress.net\/arhiva\/vlada-upozorava-samu-sebe\/","og_locale":"bs_BA","og_type":"article","og_title":"Vlada upozorava samu sebe","og_description":"Dok smo razgovarali, u Novom Pazaru vlast je probala da po pravosna\u017enoj sudskoj odluci iseli Fakultet za islamske studije, a muftija Muamer ef. Zukorli\u0107 ne da.. Iseljenje je izostalo, a od ministra Ugljanina, koga stanovnici Sand\u017eaka tiho optu\u017euju da ih je zaboravio kad je u\u0161ao u srpsku vladu, tra\u017eimo komentar i odgovor na to kako [&hellip;]","og_url":"https:\/\/sandzakpress.net\/arhiva\/vlada-upozorava-samu-sebe\/","og_site_name":"Sand\u017eak PRESS","article_published_time":"2010-10-31T16:32:59+00:00","og_image":[{"width":199,"height":270,"url":"https:\/\/sandzakpress.net\/arhiva\/wp-content\/uploads\/2010\/10\/85703_0215-ugljanin-foto-zoran-ras_f.jpg","type":"image\/jpeg"}],"author":"bosniak","twitter_card":"summary_large_image","twitter_misc":{"Written by":"bosniak","Est. reading time":"4 minute"},"schema":{"@context":"https:\/\/schema.org","@graph":[{"@type":"Article","@id":"https:\/\/sandzakpress.net\/arhiva\/vlada-upozorava-samu-sebe\/#article","isPartOf":{"@id":"https:\/\/sandzakpress.net\/arhiva\/vlada-upozorava-samu-sebe\/"},"author":{"name":"bosniak","@id":"https:\/\/sandzakpress.net\/arhiva\/#\/schema\/person\/c8baee722073534b583ea7bdb2e36c02"},"headline":"Vlada upozorava samu sebe","datePublished":"2010-10-31T16:32:59+00:00","mainEntityOfPage":{"@id":"https:\/\/sandzakpress.net\/arhiva\/vlada-upozorava-samu-sebe\/"},"wordCount":706,"commentCount":7,"publisher":{"@id":"https:\/\/sandzakpress.net\/arhiva\/#\/schema\/person\/6e72b67d6e51910a1117b3b483ba20bd"},"image":{"@id":"https:\/\/sandzakpress.net\/arhiva\/vlada-upozorava-samu-sebe\/#primaryimage"},"thumbnailUrl":"https:\/\/sandzakpress.net\/arhiva\/wp-content\/uploads\/2010\/10\/85703_0215-ugljanin-foto-zoran-ras_f.jpg","articleSection":["Novi Pazar","Tutin"],"inLanguage":"bs-BA","potentialAction":[{"@type":"CommentAction","name":"Comment","target":["https:\/\/sandzakpress.net\/arhiva\/vlada-upozorava-samu-sebe\/#respond"]}]},{"@type":"WebPage","@id":"https:\/\/sandzakpress.net\/arhiva\/vlada-upozorava-samu-sebe\/","url":"https:\/\/sandzakpress.net\/arhiva\/vlada-upozorava-samu-sebe\/","name":"Vlada upozorava samu sebe","isPartOf":{"@id":"https:\/\/sandzakpress.net\/arhiva\/#website"},"primaryImageOfPage":{"@id":"https:\/\/sandzakpress.net\/arhiva\/vlada-upozorava-samu-sebe\/#primaryimage"},"image":{"@id":"https:\/\/sandzakpress.net\/arhiva\/vlada-upozorava-samu-sebe\/#primaryimage"},"thumbnailUrl":"https:\/\/sandzakpress.net\/arhiva\/wp-content\/uploads\/2010\/10\/85703_0215-ugljanin-foto-zoran-ras_f.jpg","datePublished":"2010-10-31T16:32:59+00:00","breadcrumb":{"@id":"https:\/\/sandzakpress.net\/arhiva\/vlada-upozorava-samu-sebe\/#breadcrumb"},"inLanguage":"bs-BA","potentialAction":[{"@type":"ReadAction","target":["https:\/\/sandzakpress.net\/arhiva\/vlada-upozorava-samu-sebe\/"]}]},{"@type":"ImageObject","inLanguage":"bs-BA","@id":"https:\/\/sandzakpress.net\/arhiva\/vlada-upozorava-samu-sebe\/#primaryimage","url":"https:\/\/sandzakpress.net\/arhiva\/wp-content\/uploads\/2010\/10\/85703_0215-ugljanin-foto-zoran-ras_f.jpg","contentUrl":"https:\/\/sandzakpress.net\/arhiva\/wp-content\/uploads\/2010\/10\/85703_0215-ugljanin-foto-zoran-ras_f.jpg","width":199,"height":270},{"@type":"BreadcrumbList","@id":"https:\/\/sandzakpress.net\/arhiva\/vlada-upozorava-samu-sebe\/#breadcrumb","itemListElement":[{"@type":"ListItem","position":1,"name":"Home","item":"https:\/\/sandzakpress.net\/arhiva\/"},{"@type":"ListItem","position":2,"name":"Vlada upozorava samu sebe"}]},{"@type":"WebSite","@id":"https:\/\/sandzakpress.net\/arhiva\/#website","url":"https:\/\/sandzakpress.net\/arhiva\/","name":"Sand\u017eak PRESS","description":"Prve elektronske novine u Sand\u017eaku","publisher":{"@id":"https:\/\/sandzakpress.net\/arhiva\/#\/schema\/person\/6e72b67d6e51910a1117b3b483ba20bd"},"potentialAction":[{"@type":"SearchAction","target":{"@type":"EntryPoint","urlTemplate":"https:\/\/sandzakpress.net\/arhiva\/?s={search_term_string}"},"query-input":{"@type":"PropertyValueSpecification","valueRequired":true,"valueName":"search_term_string"}}],"inLanguage":"bs-BA"},{"@type":["Person","Organization"],"@id":"https:\/\/sandzakpress.net\/arhiva\/#\/schema\/person\/6e72b67d6e51910a1117b3b483ba20bd","name":"Kul","image":{"@type":"ImageObject","inLanguage":"bs-BA","@id":"https:\/\/sandzakpress.net\/arhiva\/#\/schema\/person\/image\/","url":"https:\/\/secure.gravatar.com\/avatar\/42263f39aa27ac04c43cab85c280eb2e?s=96&d=mm&r=pg","contentUrl":"https:\/\/secure.gravatar.com\/avatar\/42263f39aa27ac04c43cab85c280eb2e?s=96&d=mm&r=pg","caption":"Kul"},"logo":{"@id":"https:\/\/sandzakpress.net\/arhiva\/#\/schema\/person\/image\/"}},{"@type":"Person","@id":"https:\/\/sandzakpress.net\/arhiva\/#\/schema\/person\/c8baee722073534b583ea7bdb2e36c02","name":"bosniak","image":{"@type":"ImageObject","inLanguage":"bs-BA","@id":"https:\/\/sandzakpress.net\/arhiva\/#\/schema\/person\/image\/","url":"https:\/\/secure.gravatar.com\/avatar\/a04fd330bfe3a36a72a0ad4a6d89fca7?s=96&d=mm&r=pg","contentUrl":"https:\/\/secure.gravatar.com\/avatar\/a04fd330bfe3a36a72a0ad4a6d89fca7?s=96&d=mm&r=pg","caption":"bosniak"},"url":"https:\/\/sandzakpress.net\/arhiva\/author\/bosniak\/"}]}},"_links":{"self":[{"href":"https:\/\/sandzakpress.net\/arhiva\/wp-json\/wp\/v2\/posts\/9493"}],"collection":[{"href":"https:\/\/sandzakpress.net\/arhiva\/wp-json\/wp\/v2\/posts"}],"about":[{"href":"https:\/\/sandzakpress.net\/arhiva\/wp-json\/wp\/v2\/types\/post"}],"author":[{"embeddable":true,"href":"https:\/\/sandzakpress.net\/arhiva\/wp-json\/wp\/v2\/users\/83"}],"replies":[{"embeddable":true,"href":"https:\/\/sandzakpress.net\/arhiva\/wp-json\/wp\/v2\/comments?post=9493"}],"version-history":[{"count":0,"href":"https:\/\/sandzakpress.net\/arhiva\/wp-json\/wp\/v2\/posts\/9493\/revisions"}],"wp:featuredmedia":[{"embeddable":true,"href":"https:\/\/sandzakpress.net\/arhiva\/wp-json\/wp\/v2\/media\/9494"}],"wp:attachment":[{"href":"https:\/\/sandzakpress.net\/arhiva\/wp-json\/wp\/v2\/media?parent=9493"}],"wp:term":[{"taxonomy":"category","embeddable":true,"href":"https:\/\/sandzakpress.net\/arhiva\/wp-json\/wp\/v2\/categories?post=9493"},{"taxonomy":"post_tag","embeddable":true,"href":"https:\/\/sandzakpress.net\/arhiva\/wp-json\/wp\/v2\/tags?post=9493"}],"curies":[{"name":"wp","href":"https:\/\/api.w.org\/{rel}","templated":true}]}}