{"id":94919,"date":"2013-11-12T18:06:47","date_gmt":"2013-11-12T17:06:47","guid":{"rendered":"https:\/\/sandzakpress.net\/arhiva\/?p=94919"},"modified":"2013-11-12T18:06:47","modified_gmt":"2013-11-12T17:06:47","slug":"reisu-l-ulemu-posjetio-glavni-imam-islamske-zajednice-bosnjaka-sjeverne-amerike","status":"publish","type":"post","link":"https:\/\/sandzakpress.net\/arhiva\/reisu-l-ulemu-posjetio-glavni-imam-islamske-zajednice-bosnjaka-sjeverne-amerike\/","title":{"rendered":"Reisu-l-ulemu posjetio glavni imam Islamske zajednice Bo\u0161njaka Sjeverne Amerike"},"content":{"rendered":"<p><strong><img loading=\"lazy\" decoding=\"async\" class=\"alignleft size-medium wp-image-94920\" alt=\"reis-gl-im-iabna-11-2013-1\" src=\"https:\/\/sandzakpress.net\/arhiva\/wp-content\/uploads\/2013\/11\/reis-gl-im-iabna-11-2013-1-300x220.jpg\" width=\"300\" height=\"220\" \/>BIH, Amerika &#8211; Danas je reisu-l-ulemu Islamske zajednice u Bosni i Hercegovini Husein ef. Kavazovi\u0107a posjetio glavni imam Islamske zajednice Bo\u0161njaka u Sjevernoj Americi Sabahudin ef. \u0106eman. Dana\u0161njem susretu pristustvovali su i dr. Amir Kari\u0107, rukovodilac Vjerskoprosvjetne slu\u017ebe Rijaseta, te mr. Mirsad Kalajd\u017ei\u0107, rukovodilac Ureda za bo\u0161nja\u010dku dijasporu.<\/strong><\/p>\n<p>Sabahudin ef. \u0106eman je upoznao reisu-l-ulemu s trenutnim stanjem u IZ Bo\u0161njaka u Sjevernoj Americi kao i sa promjenama koje se trenutno vr\u0161e u okviru restrukturiranja Islamske zajednice na tom podru\u010dju. Reisu-l-ulema je ovom prilikom iskazao svoju podr\u0161ku tim aktivnostima naglasiv\u0161i njihovu va\u017enost zarad o\u010duvanja stabilnosti i napretka Islamske zajednice na podru\u010dju Sjeverne Amerike.<\/p>\n<p>(Rijaset)<\/p>\n","protected":false},"excerpt":{"rendered":"<p>BIH, Amerika &#8211; Danas je reisu-l-ulemu Islamske zajednice u Bosni i Hercegovini Husein ef. Kavazovi\u0107a posjetio glavni imam Islamske zajednice Bo\u0161njaka u Sjevernoj Americi Sabahudin ef. \u0106eman. Dana\u0161njem susretu pristustvovali su i dr. Amir Kari\u0107, rukovodilac Vjerskoprosvjetne slu\u017ebe Rijaseta, te mr. Mirsad Kalajd\u017ei\u0107, rukovodilac Ureda za bo\u0161nja\u010dku dijasporu. Sabahudin ef. \u0106eman je upoznao reisu-l-ulemu s [&hellip;]<\/p>\n","protected":false},"author":83,"featured_media":94921,"comment_status":"open","ping_status":"open","sticky":false,"template":"","format":"standard","meta":{"footnotes":""},"categories":[2860,3012,802],"tags":[],"class_list":{"0":"post-94919","1":"post","2":"type-post","3":"status-publish","4":"format-standard","5":"has-post-thumbnail","7":"category-bosna-i-hercegovina-gradovi","8":"category-amerika-gradovi","9":"category-islamska_zajednica"},"yoast_head":"<!-- This site is optimized with the Yoast SEO Premium plugin v23.1 (Yoast SEO v24.9) - https:\/\/yoast.com\/wordpress\/plugins\/seo\/ -->\n<title>Reisu-l-ulemu posjetio glavni imam Islamske zajednice Bo\u0161njaka Sjeverne Amerike<\/title>\n<meta name=\"robots\" content=\"index, follow, max-snippet:-1, max-image-preview:large, max-video-preview:-1\" \/>\n<link rel=\"canonical\" href=\"https:\/\/sandzakpress.net\/arhiva\/reisu-l-ulemu-posjetio-glavni-imam-islamske-zajednice-bosnjaka-sjeverne-amerike\/\" \/>\n<meta property=\"og:locale\" content=\"bs_BA\" \/>\n<meta property=\"og:type\" content=\"article\" \/>\n<meta property=\"og:title\" content=\"Reisu-l-ulemu posjetio glavni imam Islamske zajednice Bo\u0161njaka Sjeverne Amerike\" \/>\n<meta property=\"og:description\" content=\"BIH, Amerika &#8211; Danas je reisu-l-ulemu Islamske zajednice u Bosni i Hercegovini Husein ef. Kavazovi\u0107a posjetio glavni imam Islamske zajednice Bo\u0161njaka u Sjevernoj Americi Sabahudin ef. \u0106eman. Dana\u0161njem susretu pristustvovali su i dr. Amir Kari\u0107, rukovodilac Vjerskoprosvjetne slu\u017ebe Rijaseta, te mr. Mirsad Kalajd\u017ei\u0107, rukovodilac Ureda za bo\u0161nja\u010dku dijasporu. Sabahudin ef. \u0106eman je upoznao reisu-l-ulemu s [&hellip;]\" \/>\n<meta property=\"og:url\" content=\"https:\/\/sandzakpress.net\/arhiva\/reisu-l-ulemu-posjetio-glavni-imam-islamske-zajednice-bosnjaka-sjeverne-amerike\/\" \/>\n<meta property=\"og:site_name\" content=\"Sand\u017eak PRESS\" \/>\n<meta property=\"article:published_time\" content=\"2013-11-12T17:06:47+00:00\" \/>\n<meta property=\"og:image\" content=\"https:\/\/sandzakpress.net\/arhiva\/wp-content\/uploads\/2013\/11\/reis-gl-im-iabna-11-2013-1-300x2201.jpg\" \/>\n\t<meta property=\"og:image:width\" content=\"300\" \/>\n\t<meta property=\"og:image:height\" content=\"220\" \/>\n\t<meta property=\"og:image:type\" content=\"image\/jpeg\" \/>\n<meta name=\"author\" content=\"bosniak\" \/>\n<meta name=\"twitter:card\" content=\"summary_large_image\" \/>\n<meta name=\"twitter:label1\" content=\"Written by\" \/>\n\t<meta name=\"twitter:data1\" content=\"bosniak\" \/>\n\t<meta name=\"twitter:label2\" content=\"Est. reading time\" \/>\n\t<meta name=\"twitter:data2\" content=\"1 minuta\" \/>\n<script type=\"application\/ld+json\" class=\"yoast-schema-graph\">{\"@context\":\"https:\/\/schema.org\",\"@graph\":[{\"@type\":\"Article\",\"@id\":\"https:\/\/sandzakpress.net\/arhiva\/reisu-l-ulemu-posjetio-glavni-imam-islamske-zajednice-bosnjaka-sjeverne-amerike\/#article\",\"isPartOf\":{\"@id\":\"https:\/\/sandzakpress.net\/arhiva\/reisu-l-ulemu-posjetio-glavni-imam-islamske-zajednice-bosnjaka-sjeverne-amerike\/\"},\"author\":{\"name\":\"bosniak\",\"@id\":\"https:\/\/sandzakpress.net\/arhiva\/#\/schema\/person\/c8baee722073534b583ea7bdb2e36c02\"},\"headline\":\"Reisu-l-ulemu posjetio glavni imam Islamske zajednice Bo\u0161njaka Sjeverne Amerike\",\"datePublished\":\"2013-11-12T17:06:47+00:00\",\"mainEntityOfPage\":{\"@id\":\"https:\/\/sandzakpress.net\/arhiva\/reisu-l-ulemu-posjetio-glavni-imam-islamske-zajednice-bosnjaka-sjeverne-amerike\/\"},\"wordCount\":128,\"commentCount\":2,\"publisher\":{\"@id\":\"https:\/\/sandzakpress.net\/arhiva\/#\/schema\/person\/6e72b67d6e51910a1117b3b483ba20bd\"},\"image\":{\"@id\":\"https:\/\/sandzakpress.net\/arhiva\/reisu-l-ulemu-posjetio-glavni-imam-islamske-zajednice-bosnjaka-sjeverne-amerike\/#primaryimage\"},\"thumbnailUrl\":\"https:\/\/sandzakpress.net\/arhiva\/wp-content\/uploads\/2013\/11\/reis-gl-im-iabna-11-2013-1-300x2201.jpg\",\"articleSection\":[\"Bosna i Hercegovina\",\"Amerika\",\"Islamska zajednica\"],\"inLanguage\":\"bs-BA\",\"potentialAction\":[{\"@type\":\"CommentAction\",\"name\":\"Comment\",\"target\":[\"https:\/\/sandzakpress.net\/arhiva\/reisu-l-ulemu-posjetio-glavni-imam-islamske-zajednice-bosnjaka-sjeverne-amerike\/#respond\"]}]},{\"@type\":\"WebPage\",\"@id\":\"https:\/\/sandzakpress.net\/arhiva\/reisu-l-ulemu-posjetio-glavni-imam-islamske-zajednice-bosnjaka-sjeverne-amerike\/\",\"url\":\"https:\/\/sandzakpress.net\/arhiva\/reisu-l-ulemu-posjetio-glavni-imam-islamske-zajednice-bosnjaka-sjeverne-amerike\/\",\"name\":\"Reisu-l-ulemu posjetio glavni imam Islamske zajednice Bo\u0161njaka Sjeverne Amerike\",\"isPartOf\":{\"@id\":\"https:\/\/sandzakpress.net\/arhiva\/#website\"},\"primaryImageOfPage\":{\"@id\":\"https:\/\/sandzakpress.net\/arhiva\/reisu-l-ulemu-posjetio-glavni-imam-islamske-zajednice-bosnjaka-sjeverne-amerike\/#primaryimage\"},\"image\":{\"@id\":\"https:\/\/sandzakpress.net\/arhiva\/reisu-l-ulemu-posjetio-glavni-imam-islamske-zajednice-bosnjaka-sjeverne-amerike\/#primaryimage\"},\"thumbnailUrl\":\"https:\/\/sandzakpress.net\/arhiva\/wp-content\/uploads\/2013\/11\/reis-gl-im-iabna-11-2013-1-300x2201.jpg\",\"datePublished\":\"2013-11-12T17:06:47+00:00\",\"breadcrumb\":{\"@id\":\"https:\/\/sandzakpress.net\/arhiva\/reisu-l-ulemu-posjetio-glavni-imam-islamske-zajednice-bosnjaka-sjeverne-amerike\/#breadcrumb\"},\"inLanguage\":\"bs-BA\",\"potentialAction\":[{\"@type\":\"ReadAction\",\"target\":[\"https:\/\/sandzakpress.net\/arhiva\/reisu-l-ulemu-posjetio-glavni-imam-islamske-zajednice-bosnjaka-sjeverne-amerike\/\"]}]},{\"@type\":\"ImageObject\",\"inLanguage\":\"bs-BA\",\"@id\":\"https:\/\/sandzakpress.net\/arhiva\/reisu-l-ulemu-posjetio-glavni-imam-islamske-zajednice-bosnjaka-sjeverne-amerike\/#primaryimage\",\"url\":\"https:\/\/sandzakpress.net\/arhiva\/wp-content\/uploads\/2013\/11\/reis-gl-im-iabna-11-2013-1-300x2201.jpg\",\"contentUrl\":\"https:\/\/sandzakpress.net\/arhiva\/wp-content\/uploads\/2013\/11\/reis-gl-im-iabna-11-2013-1-300x2201.jpg\",\"width\":300,\"height\":220},{\"@type\":\"BreadcrumbList\",\"@id\":\"https:\/\/sandzakpress.net\/arhiva\/reisu-l-ulemu-posjetio-glavni-imam-islamske-zajednice-bosnjaka-sjeverne-amerike\/#breadcrumb\",\"itemListElement\":[{\"@type\":\"ListItem\",\"position\":1,\"name\":\"Home\",\"item\":\"https:\/\/sandzakpress.net\/arhiva\/\"},{\"@type\":\"ListItem\",\"position\":2,\"name\":\"Reisu-l-ulemu posjetio glavni imam Islamske zajednice Bo\u0161njaka Sjeverne Amerike\"}]},{\"@type\":\"WebSite\",\"@id\":\"https:\/\/sandzakpress.net\/arhiva\/#website\",\"url\":\"https:\/\/sandzakpress.net\/arhiva\/\",\"name\":\"Sand\u017eak PRESS\",\"description\":\"Prve elektronske novine u Sand\u017eaku\",\"publisher\":{\"@id\":\"https:\/\/sandzakpress.net\/arhiva\/#\/schema\/person\/6e72b67d6e51910a1117b3b483ba20bd\"},\"potentialAction\":[{\"@type\":\"SearchAction\",\"target\":{\"@type\":\"EntryPoint\",\"urlTemplate\":\"https:\/\/sandzakpress.net\/arhiva\/?s={search_term_string}\"},\"query-input\":{\"@type\":\"PropertyValueSpecification\",\"valueRequired\":true,\"valueName\":\"search_term_string\"}}],\"inLanguage\":\"bs-BA\"},{\"@type\":[\"Person\",\"Organization\"],\"@id\":\"https:\/\/sandzakpress.net\/arhiva\/#\/schema\/person\/6e72b67d6e51910a1117b3b483ba20bd\",\"name\":\"Kul\",\"image\":{\"@type\":\"ImageObject\",\"inLanguage\":\"bs-BA\",\"@id\":\"https:\/\/sandzakpress.net\/arhiva\/#\/schema\/person\/image\/\",\"url\":\"https:\/\/secure.gravatar.com\/avatar\/42263f39aa27ac04c43cab85c280eb2e?s=96&d=mm&r=pg\",\"contentUrl\":\"https:\/\/secure.gravatar.com\/avatar\/42263f39aa27ac04c43cab85c280eb2e?s=96&d=mm&r=pg\",\"caption\":\"Kul\"},\"logo\":{\"@id\":\"https:\/\/sandzakpress.net\/arhiva\/#\/schema\/person\/image\/\"}},{\"@type\":\"Person\",\"@id\":\"https:\/\/sandzakpress.net\/arhiva\/#\/schema\/person\/c8baee722073534b583ea7bdb2e36c02\",\"name\":\"bosniak\",\"image\":{\"@type\":\"ImageObject\",\"inLanguage\":\"bs-BA\",\"@id\":\"https:\/\/sandzakpress.net\/arhiva\/#\/schema\/person\/image\/\",\"url\":\"https:\/\/secure.gravatar.com\/avatar\/a04fd330bfe3a36a72a0ad4a6d89fca7?s=96&d=mm&r=pg\",\"contentUrl\":\"https:\/\/secure.gravatar.com\/avatar\/a04fd330bfe3a36a72a0ad4a6d89fca7?s=96&d=mm&r=pg\",\"caption\":\"bosniak\"},\"url\":\"https:\/\/sandzakpress.net\/arhiva\/author\/bosniak\/\"}]}<\/script>\n<!-- \/ Yoast SEO Premium plugin. -->","yoast_head_json":{"title":"Reisu-l-ulemu posjetio glavni imam Islamske zajednice Bo\u0161njaka Sjeverne Amerike","robots":{"index":"index","follow":"follow","max-snippet":"max-snippet:-1","max-image-preview":"max-image-preview:large","max-video-preview":"max-video-preview:-1"},"canonical":"https:\/\/sandzakpress.net\/arhiva\/reisu-l-ulemu-posjetio-glavni-imam-islamske-zajednice-bosnjaka-sjeverne-amerike\/","og_locale":"bs_BA","og_type":"article","og_title":"Reisu-l-ulemu posjetio glavni imam Islamske zajednice Bo\u0161njaka Sjeverne Amerike","og_description":"BIH, Amerika &#8211; Danas je reisu-l-ulemu Islamske zajednice u Bosni i Hercegovini Husein ef. Kavazovi\u0107a posjetio glavni imam Islamske zajednice Bo\u0161njaka u Sjevernoj Americi Sabahudin ef. \u0106eman. Dana\u0161njem susretu pristustvovali su i dr. Amir Kari\u0107, rukovodilac Vjerskoprosvjetne slu\u017ebe Rijaseta, te mr. Mirsad Kalajd\u017ei\u0107, rukovodilac Ureda za bo\u0161nja\u010dku dijasporu. Sabahudin ef. \u0106eman je upoznao reisu-l-ulemu s [&hellip;]","og_url":"https:\/\/sandzakpress.net\/arhiva\/reisu-l-ulemu-posjetio-glavni-imam-islamske-zajednice-bosnjaka-sjeverne-amerike\/","og_site_name":"Sand\u017eak PRESS","article_published_time":"2013-11-12T17:06:47+00:00","og_image":[{"width":300,"height":220,"url":"https:\/\/sandzakpress.net\/arhiva\/wp-content\/uploads\/2013\/11\/reis-gl-im-iabna-11-2013-1-300x2201.jpg","type":"image\/jpeg"}],"author":"bosniak","twitter_card":"summary_large_image","twitter_misc":{"Written by":"bosniak","Est. reading time":"1 minuta"},"schema":{"@context":"https:\/\/schema.org","@graph":[{"@type":"Article","@id":"https:\/\/sandzakpress.net\/arhiva\/reisu-l-ulemu-posjetio-glavni-imam-islamske-zajednice-bosnjaka-sjeverne-amerike\/#article","isPartOf":{"@id":"https:\/\/sandzakpress.net\/arhiva\/reisu-l-ulemu-posjetio-glavni-imam-islamske-zajednice-bosnjaka-sjeverne-amerike\/"},"author":{"name":"bosniak","@id":"https:\/\/sandzakpress.net\/arhiva\/#\/schema\/person\/c8baee722073534b583ea7bdb2e36c02"},"headline":"Reisu-l-ulemu posjetio glavni imam Islamske zajednice Bo\u0161njaka Sjeverne Amerike","datePublished":"2013-11-12T17:06:47+00:00","mainEntityOfPage":{"@id":"https:\/\/sandzakpress.net\/arhiva\/reisu-l-ulemu-posjetio-glavni-imam-islamske-zajednice-bosnjaka-sjeverne-amerike\/"},"wordCount":128,"commentCount":2,"publisher":{"@id":"https:\/\/sandzakpress.net\/arhiva\/#\/schema\/person\/6e72b67d6e51910a1117b3b483ba20bd"},"image":{"@id":"https:\/\/sandzakpress.net\/arhiva\/reisu-l-ulemu-posjetio-glavni-imam-islamske-zajednice-bosnjaka-sjeverne-amerike\/#primaryimage"},"thumbnailUrl":"https:\/\/sandzakpress.net\/arhiva\/wp-content\/uploads\/2013\/11\/reis-gl-im-iabna-11-2013-1-300x2201.jpg","articleSection":["Bosna i Hercegovina","Amerika","Islamska zajednica"],"inLanguage":"bs-BA","potentialAction":[{"@type":"CommentAction","name":"Comment","target":["https:\/\/sandzakpress.net\/arhiva\/reisu-l-ulemu-posjetio-glavni-imam-islamske-zajednice-bosnjaka-sjeverne-amerike\/#respond"]}]},{"@type":"WebPage","@id":"https:\/\/sandzakpress.net\/arhiva\/reisu-l-ulemu-posjetio-glavni-imam-islamske-zajednice-bosnjaka-sjeverne-amerike\/","url":"https:\/\/sandzakpress.net\/arhiva\/reisu-l-ulemu-posjetio-glavni-imam-islamske-zajednice-bosnjaka-sjeverne-amerike\/","name":"Reisu-l-ulemu posjetio glavni imam Islamske zajednice Bo\u0161njaka Sjeverne Amerike","isPartOf":{"@id":"https:\/\/sandzakpress.net\/arhiva\/#website"},"primaryImageOfPage":{"@id":"https:\/\/sandzakpress.net\/arhiva\/reisu-l-ulemu-posjetio-glavni-imam-islamske-zajednice-bosnjaka-sjeverne-amerike\/#primaryimage"},"image":{"@id":"https:\/\/sandzakpress.net\/arhiva\/reisu-l-ulemu-posjetio-glavni-imam-islamske-zajednice-bosnjaka-sjeverne-amerike\/#primaryimage"},"thumbnailUrl":"https:\/\/sandzakpress.net\/arhiva\/wp-content\/uploads\/2013\/11\/reis-gl-im-iabna-11-2013-1-300x2201.jpg","datePublished":"2013-11-12T17:06:47+00:00","breadcrumb":{"@id":"https:\/\/sandzakpress.net\/arhiva\/reisu-l-ulemu-posjetio-glavni-imam-islamske-zajednice-bosnjaka-sjeverne-amerike\/#breadcrumb"},"inLanguage":"bs-BA","potentialAction":[{"@type":"ReadAction","target":["https:\/\/sandzakpress.net\/arhiva\/reisu-l-ulemu-posjetio-glavni-imam-islamske-zajednice-bosnjaka-sjeverne-amerike\/"]}]},{"@type":"ImageObject","inLanguage":"bs-BA","@id":"https:\/\/sandzakpress.net\/arhiva\/reisu-l-ulemu-posjetio-glavni-imam-islamske-zajednice-bosnjaka-sjeverne-amerike\/#primaryimage","url":"https:\/\/sandzakpress.net\/arhiva\/wp-content\/uploads\/2013\/11\/reis-gl-im-iabna-11-2013-1-300x2201.jpg","contentUrl":"https:\/\/sandzakpress.net\/arhiva\/wp-content\/uploads\/2013\/11\/reis-gl-im-iabna-11-2013-1-300x2201.jpg","width":300,"height":220},{"@type":"BreadcrumbList","@id":"https:\/\/sandzakpress.net\/arhiva\/reisu-l-ulemu-posjetio-glavni-imam-islamske-zajednice-bosnjaka-sjeverne-amerike\/#breadcrumb","itemListElement":[{"@type":"ListItem","position":1,"name":"Home","item":"https:\/\/sandzakpress.net\/arhiva\/"},{"@type":"ListItem","position":2,"name":"Reisu-l-ulemu posjetio glavni imam Islamske zajednice Bo\u0161njaka Sjeverne Amerike"}]},{"@type":"WebSite","@id":"https:\/\/sandzakpress.net\/arhiva\/#website","url":"https:\/\/sandzakpress.net\/arhiva\/","name":"Sand\u017eak PRESS","description":"Prve elektronske novine u Sand\u017eaku","publisher":{"@id":"https:\/\/sandzakpress.net\/arhiva\/#\/schema\/person\/6e72b67d6e51910a1117b3b483ba20bd"},"potentialAction":[{"@type":"SearchAction","target":{"@type":"EntryPoint","urlTemplate":"https:\/\/sandzakpress.net\/arhiva\/?s={search_term_string}"},"query-input":{"@type":"PropertyValueSpecification","valueRequired":true,"valueName":"search_term_string"}}],"inLanguage":"bs-BA"},{"@type":["Person","Organization"],"@id":"https:\/\/sandzakpress.net\/arhiva\/#\/schema\/person\/6e72b67d6e51910a1117b3b483ba20bd","name":"Kul","image":{"@type":"ImageObject","inLanguage":"bs-BA","@id":"https:\/\/sandzakpress.net\/arhiva\/#\/schema\/person\/image\/","url":"https:\/\/secure.gravatar.com\/avatar\/42263f39aa27ac04c43cab85c280eb2e?s=96&d=mm&r=pg","contentUrl":"https:\/\/secure.gravatar.com\/avatar\/42263f39aa27ac04c43cab85c280eb2e?s=96&d=mm&r=pg","caption":"Kul"},"logo":{"@id":"https:\/\/sandzakpress.net\/arhiva\/#\/schema\/person\/image\/"}},{"@type":"Person","@id":"https:\/\/sandzakpress.net\/arhiva\/#\/schema\/person\/c8baee722073534b583ea7bdb2e36c02","name":"bosniak","image":{"@type":"ImageObject","inLanguage":"bs-BA","@id":"https:\/\/sandzakpress.net\/arhiva\/#\/schema\/person\/image\/","url":"https:\/\/secure.gravatar.com\/avatar\/a04fd330bfe3a36a72a0ad4a6d89fca7?s=96&d=mm&r=pg","contentUrl":"https:\/\/secure.gravatar.com\/avatar\/a04fd330bfe3a36a72a0ad4a6d89fca7?s=96&d=mm&r=pg","caption":"bosniak"},"url":"https:\/\/sandzakpress.net\/arhiva\/author\/bosniak\/"}]}},"_links":{"self":[{"href":"https:\/\/sandzakpress.net\/arhiva\/wp-json\/wp\/v2\/posts\/94919"}],"collection":[{"href":"https:\/\/sandzakpress.net\/arhiva\/wp-json\/wp\/v2\/posts"}],"about":[{"href":"https:\/\/sandzakpress.net\/arhiva\/wp-json\/wp\/v2\/types\/post"}],"author":[{"embeddable":true,"href":"https:\/\/sandzakpress.net\/arhiva\/wp-json\/wp\/v2\/users\/83"}],"replies":[{"embeddable":true,"href":"https:\/\/sandzakpress.net\/arhiva\/wp-json\/wp\/v2\/comments?post=94919"}],"version-history":[{"count":0,"href":"https:\/\/sandzakpress.net\/arhiva\/wp-json\/wp\/v2\/posts\/94919\/revisions"}],"wp:featuredmedia":[{"embeddable":true,"href":"https:\/\/sandzakpress.net\/arhiva\/wp-json\/wp\/v2\/media\/94921"}],"wp:attachment":[{"href":"https:\/\/sandzakpress.net\/arhiva\/wp-json\/wp\/v2\/media?parent=94919"}],"wp:term":[{"taxonomy":"category","embeddable":true,"href":"https:\/\/sandzakpress.net\/arhiva\/wp-json\/wp\/v2\/categories?post=94919"},{"taxonomy":"post_tag","embeddable":true,"href":"https:\/\/sandzakpress.net\/arhiva\/wp-json\/wp\/v2\/tags?post=94919"}],"curies":[{"name":"wp","href":"https:\/\/api.w.org\/{rel}","templated":true}]}}