{"id":94814,"date":"2013-11-12T16:02:47","date_gmt":"2013-11-12T15:02:47","guid":{"rendered":"https:\/\/sandzakpress.net\/arhiva\/?p=94814"},"modified":"2013-11-12T17:09:48","modified_gmt":"2013-11-12T16:09:48","slug":"bosnjacki-dzemat-u-wiltz-u-u-luksemburgu-uz-asistenciju-policije-u-blokadi-zbog-samovolje-pojedinaca","status":"publish","type":"post","link":"https:\/\/sandzakpress.net\/arhiva\/bosnjacki-dzemat-u-wiltz-u-u-luksemburgu-uz-asistenciju-policije-u-blokadi-zbog-samovolje-pojedinaca\/","title":{"rendered":"Luksemburg: Bo\u0161nja\u010dki d\u017eemat u Wiltz-u uz asistenciju policije u blokadi, zbog samovolje pojedinaca"},"content":{"rendered":"<div><img loading=\"lazy\" decoding=\"async\" class=\"aligncenter size-full wp-image-94815\" alt=\"20131108_125333\" src=\"https:\/\/sandzakpress.net\/arhiva\/wp-content\/uploads\/2013\/11\/20131108_125333.jpg\" width=\"616\" height=\"274\" \/><\/div>\n<div><strong>Luskemburg &#8211; U na\u0161u redakciju je stiglo saop\u0161tenje iz Luksemburga koje prenosimo u cjelosti:<span style=\"text-decoration: underline;\"><br \/>\n<\/span><\/strong><\/div>\n<div><\/div>\n<div>\n<div style=\"text-align: center;\">POSLEDNJI DIKTATOR LUKSEMBURGA<\/div>\n<div style=\"text-align: left;\">Iz d\u017eemata CCIN iz grada Wiltza odavno ne sti\u017eu pozitivni vijesti. Mo\u017ee se re\u0107i da je glavni razlog takvog stanja porodica Jusufovi\u0107, ta\u010dnije glava porodice \u0160emsudin, koji uporno nastoje privatizovati d\u017eamiju.<\/div>\n<\/div>\n<p style=\"text-align: left;\">U na\u0161oj d\u017eamiji ve\u0107 odavno nema vjeronauke za djecu, na dnevne namaze je zatvorena, a na d\u017eumi se klanja\u010di mogu izbrojati na jednoj ili dvije ruke. Samo jedna stvar funcioni\u0161e, a to je magazin Diwan \u010diji je glavni urednik zet \u0160emsudina Jusufovi\u0107a.<\/p>\n<p>D\u017eematlje su odlu\u010dile da se najzad suprostave samovolji i teroru kojem su izlo\u017eeni od strane \u0160emsudina Jusufovi\u0107a, koji ide dotle da odbija primiti \u010dlanarinu novim \u010dlanovima, jer se boji da \u0107e na taj na\u010din njegova porodica izgubiti monopol nad d\u017eamijom. Pritom se ne libi upu\u0107ivati uvrede i prijetnje d\u017eematlijama. D\u017eematlije su poku\u0161ale promijeniti stanje i peticijom, koju je potpisalo preko 100 d\u017eematlija, zahtjevaju\u0107i od \u0160emsudina Jusufovi\u0107a da prestane sa svojim detinjastim pona\u0161anjem i napokon preda d\u017eamiju u ruke d\u017eemata.<\/p>\n<p>Tako\u0111e pretpro\u0161le d\u017eume d\u017eematlije su organizovale vanrednu skup\u0161tinu i izglasale novi odbor. U novom odboru nema \u0160emsudina i njegovih sinova, \u0161to je bio razlog da se \u0160emsudin obrati policiji i zatra\u017ei njihovu intervenciju, pa smo pro\u0161le d\u017eume ispred d\u017eamije imali i policijsku stra\u017eu, \u0161to je dodatno uznemirilo d\u017eematlije CCIN.<\/p>\n<p>Ovim dopisom d\u017eematlije CCIN iskazuju svoju odlu\u010dnost da iza\u0111u na kraj sa problemom s kojim su suo\u010deni. D\u017eematlije \u017eele da CCIN tako\u0111er bude \u010dlan \u0160ure u Luksemburgu, jer je jedini preostali d\u017eemat u dr\u017eavi koji nije njen \u010dlan, \u0161to je tako\u0111e posljedica \u0160emsudinovih zadrtih stavova, ali vrlo promi\u0161ljenih, jer je \u0160emsudin svjestan da ukoliko bi na\u0161 d\u017eemat CCIN bio \u010dlan \u0160ure, da ne bi mogao da ga privatizuje, barem ne u ovolikoj mjeri.<\/p>\n<p>U me\u0111uvremenu, pojedini d\u017eemati su ve\u0107 uveli zabranu podjele magazina Diwan u njihovim prostorijama, dok drugi d\u017eemati ve\u0107 razmi\u0161ljaju da urade isto, a sve zbog toga \u0161to do dan-danas nije zabilje\u017eeno da je magazin Diwan objavio jednu afirmativnu rije\u010d o nekom d\u017eematu, ili nedaj bo\u017ee \u0160uri, dok se kod luksembur\u0161kog ministarstva za integraciju Diwan prodaje za novinu Bo\u0161njaka Luksemburga te na taj na\u010din uzima od istog tog ministarstva pozama\u0161nu sumu novca.<\/p>\n<p>Jusufovi\u0107 \u0160emsudin sa sinovima nazvali su mnoge d\u017eematlije kriminalcima i ljagali ih u policiji i dr\u017eavne institucije tako da ne postoji Bo\u0161njak u dr\u017eavi Luksemburg sa kime se nisu zavadili, ni u jednom d\u017eematu nemaju pristup, na svakom skupu su ne dobro do\u0161li.<br \/>\nNa kraju, pozivamo \u0160emsudina Jusufovi\u0107a da se dozove pameti i prestane izigravati diktatora u demokratkoj sredini kakva je Luksemburg. Povinuj \u0160emsudine apsulutnoj volji d\u017eematlija, u suprotnom, haram ti bilo!<\/p>\n<p>D\u017dEMAT<br \/>\nCCIN<\/p>\n","protected":false},"excerpt":{"rendered":"<p>Luskemburg &#8211; U na\u0161u redakciju je stiglo saop\u0161tenje iz Luksemburga koje prenosimo u cjelosti: POSLEDNJI DIKTATOR LUKSEMBURGA Iz d\u017eemata CCIN iz grada Wiltza odavno ne sti\u017eu pozitivni vijesti. Mo\u017ee se re\u0107i da je glavni razlog takvog stanja porodica Jusufovi\u0107, ta\u010dnije glava porodice \u0160emsudin, koji uporno nastoje privatizovati d\u017eamiju. U na\u0161oj d\u017eamiji ve\u0107 odavno nema vjeronauke [&hellip;]<\/p>\n","protected":false},"author":83,"featured_media":94815,"comment_status":"open","ping_status":"open","sticky":false,"template":"","format":"standard","meta":{"footnotes":""},"categories":[802,9549,8957],"tags":[10293],"class_list":{"0":"post-94814","1":"post","2":"type-post","3":"status-publish","4":"format-standard","5":"has-post-thumbnail","7":"category-islamska_zajednica","8":"category-luxemburg","9":"category-vijesti-dana","10":"tag-zajednica-sandzacke-dijaspore"},"yoast_head":"<!-- This site is optimized with the Yoast SEO Premium plugin v23.1 (Yoast SEO v24.9) - https:\/\/yoast.com\/wordpress\/plugins\/seo\/ -->\n<title>Luksemburg: Bo\u0161nja\u010dki d\u017eemat u Wiltz-u uz asistenciju policije u blokadi, zbog samovolje pojedinaca<\/title>\n<meta name=\"robots\" content=\"index, follow, max-snippet:-1, max-image-preview:large, max-video-preview:-1\" \/>\n<link rel=\"canonical\" href=\"https:\/\/sandzakpress.net\/arhiva\/bosnjacki-dzemat-u-wiltz-u-u-luksemburgu-uz-asistenciju-policije-u-blokadi-zbog-samovolje-pojedinaca\/\" \/>\n<meta property=\"og:locale\" content=\"bs_BA\" \/>\n<meta property=\"og:type\" content=\"article\" \/>\n<meta property=\"og:title\" content=\"Luksemburg: Bo\u0161nja\u010dki d\u017eemat u Wiltz-u uz asistenciju policije u blokadi, zbog samovolje pojedinaca\" \/>\n<meta property=\"og:description\" content=\"Luskemburg &#8211; U na\u0161u redakciju je stiglo saop\u0161tenje iz Luksemburga koje prenosimo u cjelosti: POSLEDNJI DIKTATOR LUKSEMBURGA Iz d\u017eemata CCIN iz grada Wiltza odavno ne sti\u017eu pozitivni vijesti. Mo\u017ee se re\u0107i da je glavni razlog takvog stanja porodica Jusufovi\u0107, ta\u010dnije glava porodice \u0160emsudin, koji uporno nastoje privatizovati d\u017eamiju. U na\u0161oj d\u017eamiji ve\u0107 odavno nema vjeronauke [&hellip;]\" \/>\n<meta property=\"og:url\" content=\"https:\/\/sandzakpress.net\/arhiva\/bosnjacki-dzemat-u-wiltz-u-u-luksemburgu-uz-asistenciju-policije-u-blokadi-zbog-samovolje-pojedinaca\/\" \/>\n<meta property=\"og:site_name\" content=\"Sand\u017eak PRESS\" \/>\n<meta property=\"article:published_time\" content=\"2013-11-12T15:02:47+00:00\" \/>\n<meta property=\"article:modified_time\" content=\"2013-11-12T16:09:48+00:00\" \/>\n<meta property=\"og:image\" content=\"https:\/\/sandzakpress.net\/arhiva\/wp-content\/uploads\/2013\/11\/20131108_125333.jpg\" \/>\n\t<meta property=\"og:image:width\" content=\"616\" \/>\n\t<meta property=\"og:image:height\" content=\"274\" \/>\n\t<meta property=\"og:image:type\" content=\"image\/jpeg\" \/>\n<meta name=\"author\" content=\"bosniak\" \/>\n<meta name=\"twitter:card\" content=\"summary_large_image\" \/>\n<meta name=\"twitter:label1\" content=\"Written by\" \/>\n\t<meta name=\"twitter:data1\" content=\"bosniak\" \/>\n\t<meta name=\"twitter:label2\" content=\"Est. reading time\" \/>\n\t<meta name=\"twitter:data2\" content=\"3 minute\" \/>\n<script type=\"application\/ld+json\" class=\"yoast-schema-graph\">{\"@context\":\"https:\/\/schema.org\",\"@graph\":[{\"@type\":\"Article\",\"@id\":\"https:\/\/sandzakpress.net\/arhiva\/bosnjacki-dzemat-u-wiltz-u-u-luksemburgu-uz-asistenciju-policije-u-blokadi-zbog-samovolje-pojedinaca\/#article\",\"isPartOf\":{\"@id\":\"https:\/\/sandzakpress.net\/arhiva\/bosnjacki-dzemat-u-wiltz-u-u-luksemburgu-uz-asistenciju-policije-u-blokadi-zbog-samovolje-pojedinaca\/\"},\"author\":{\"name\":\"bosniak\",\"@id\":\"https:\/\/sandzakpress.net\/arhiva\/#\/schema\/person\/c8baee722073534b583ea7bdb2e36c02\"},\"headline\":\"Luksemburg: Bo\u0161nja\u010dki d\u017eemat u Wiltz-u uz asistenciju policije u blokadi, zbog samovolje pojedinaca\",\"datePublished\":\"2013-11-12T15:02:47+00:00\",\"dateModified\":\"2013-11-12T16:09:48+00:00\",\"mainEntityOfPage\":{\"@id\":\"https:\/\/sandzakpress.net\/arhiva\/bosnjacki-dzemat-u-wiltz-u-u-luksemburgu-uz-asistenciju-policije-u-blokadi-zbog-samovolje-pojedinaca\/\"},\"wordCount\":523,\"commentCount\":43,\"publisher\":{\"@id\":\"https:\/\/sandzakpress.net\/arhiva\/#\/schema\/person\/6e72b67d6e51910a1117b3b483ba20bd\"},\"image\":{\"@id\":\"https:\/\/sandzakpress.net\/arhiva\/bosnjacki-dzemat-u-wiltz-u-u-luksemburgu-uz-asistenciju-policije-u-blokadi-zbog-samovolje-pojedinaca\/#primaryimage\"},\"thumbnailUrl\":\"https:\/\/sandzakpress.net\/arhiva\/wp-content\/uploads\/2013\/11\/20131108_125333.jpg\",\"keywords\":[\"Zajednica sand\u017ea\u010dke dijaspore\"],\"articleSection\":[\"Islamska zajednica\",\"Luksemburg\",\"VIJESTI DANA\"],\"inLanguage\":\"bs-BA\",\"potentialAction\":[{\"@type\":\"CommentAction\",\"name\":\"Comment\",\"target\":[\"https:\/\/sandzakpress.net\/arhiva\/bosnjacki-dzemat-u-wiltz-u-u-luksemburgu-uz-asistenciju-policije-u-blokadi-zbog-samovolje-pojedinaca\/#respond\"]}]},{\"@type\":\"WebPage\",\"@id\":\"https:\/\/sandzakpress.net\/arhiva\/bosnjacki-dzemat-u-wiltz-u-u-luksemburgu-uz-asistenciju-policije-u-blokadi-zbog-samovolje-pojedinaca\/\",\"url\":\"https:\/\/sandzakpress.net\/arhiva\/bosnjacki-dzemat-u-wiltz-u-u-luksemburgu-uz-asistenciju-policije-u-blokadi-zbog-samovolje-pojedinaca\/\",\"name\":\"Luksemburg: Bo\u0161nja\u010dki d\u017eemat u Wiltz-u uz asistenciju policije u blokadi, zbog samovolje pojedinaca\",\"isPartOf\":{\"@id\":\"https:\/\/sandzakpress.net\/arhiva\/#website\"},\"primaryImageOfPage\":{\"@id\":\"https:\/\/sandzakpress.net\/arhiva\/bosnjacki-dzemat-u-wiltz-u-u-luksemburgu-uz-asistenciju-policije-u-blokadi-zbog-samovolje-pojedinaca\/#primaryimage\"},\"image\":{\"@id\":\"https:\/\/sandzakpress.net\/arhiva\/bosnjacki-dzemat-u-wiltz-u-u-luksemburgu-uz-asistenciju-policije-u-blokadi-zbog-samovolje-pojedinaca\/#primaryimage\"},\"thumbnailUrl\":\"https:\/\/sandzakpress.net\/arhiva\/wp-content\/uploads\/2013\/11\/20131108_125333.jpg\",\"datePublished\":\"2013-11-12T15:02:47+00:00\",\"dateModified\":\"2013-11-12T16:09:48+00:00\",\"breadcrumb\":{\"@id\":\"https:\/\/sandzakpress.net\/arhiva\/bosnjacki-dzemat-u-wiltz-u-u-luksemburgu-uz-asistenciju-policije-u-blokadi-zbog-samovolje-pojedinaca\/#breadcrumb\"},\"inLanguage\":\"bs-BA\",\"potentialAction\":[{\"@type\":\"ReadAction\",\"target\":[\"https:\/\/sandzakpress.net\/arhiva\/bosnjacki-dzemat-u-wiltz-u-u-luksemburgu-uz-asistenciju-policije-u-blokadi-zbog-samovolje-pojedinaca\/\"]}]},{\"@type\":\"ImageObject\",\"inLanguage\":\"bs-BA\",\"@id\":\"https:\/\/sandzakpress.net\/arhiva\/bosnjacki-dzemat-u-wiltz-u-u-luksemburgu-uz-asistenciju-policije-u-blokadi-zbog-samovolje-pojedinaca\/#primaryimage\",\"url\":\"https:\/\/sandzakpress.net\/arhiva\/wp-content\/uploads\/2013\/11\/20131108_125333.jpg\",\"contentUrl\":\"https:\/\/sandzakpress.net\/arhiva\/wp-content\/uploads\/2013\/11\/20131108_125333.jpg\",\"width\":616,\"height\":274},{\"@type\":\"BreadcrumbList\",\"@id\":\"https:\/\/sandzakpress.net\/arhiva\/bosnjacki-dzemat-u-wiltz-u-u-luksemburgu-uz-asistenciju-policije-u-blokadi-zbog-samovolje-pojedinaca\/#breadcrumb\",\"itemListElement\":[{\"@type\":\"ListItem\",\"position\":1,\"name\":\"Home\",\"item\":\"https:\/\/sandzakpress.net\/arhiva\/\"},{\"@type\":\"ListItem\",\"position\":2,\"name\":\"Luksemburg: Bo\u0161nja\u010dki d\u017eemat u Wiltz-u uz asistenciju policije u blokadi, zbog samovolje pojedinaca\"}]},{\"@type\":\"WebSite\",\"@id\":\"https:\/\/sandzakpress.net\/arhiva\/#website\",\"url\":\"https:\/\/sandzakpress.net\/arhiva\/\",\"name\":\"Sand\u017eak PRESS\",\"description\":\"Prve elektronske novine u Sand\u017eaku\",\"publisher\":{\"@id\":\"https:\/\/sandzakpress.net\/arhiva\/#\/schema\/person\/6e72b67d6e51910a1117b3b483ba20bd\"},\"potentialAction\":[{\"@type\":\"SearchAction\",\"target\":{\"@type\":\"EntryPoint\",\"urlTemplate\":\"https:\/\/sandzakpress.net\/arhiva\/?s={search_term_string}\"},\"query-input\":{\"@type\":\"PropertyValueSpecification\",\"valueRequired\":true,\"valueName\":\"search_term_string\"}}],\"inLanguage\":\"bs-BA\"},{\"@type\":[\"Person\",\"Organization\"],\"@id\":\"https:\/\/sandzakpress.net\/arhiva\/#\/schema\/person\/6e72b67d6e51910a1117b3b483ba20bd\",\"name\":\"Kul\",\"image\":{\"@type\":\"ImageObject\",\"inLanguage\":\"bs-BA\",\"@id\":\"https:\/\/sandzakpress.net\/arhiva\/#\/schema\/person\/image\/\",\"url\":\"https:\/\/secure.gravatar.com\/avatar\/42263f39aa27ac04c43cab85c280eb2e?s=96&d=mm&r=pg\",\"contentUrl\":\"https:\/\/secure.gravatar.com\/avatar\/42263f39aa27ac04c43cab85c280eb2e?s=96&d=mm&r=pg\",\"caption\":\"Kul\"},\"logo\":{\"@id\":\"https:\/\/sandzakpress.net\/arhiva\/#\/schema\/person\/image\/\"}},{\"@type\":\"Person\",\"@id\":\"https:\/\/sandzakpress.net\/arhiva\/#\/schema\/person\/c8baee722073534b583ea7bdb2e36c02\",\"name\":\"bosniak\",\"image\":{\"@type\":\"ImageObject\",\"inLanguage\":\"bs-BA\",\"@id\":\"https:\/\/sandzakpress.net\/arhiva\/#\/schema\/person\/image\/\",\"url\":\"https:\/\/secure.gravatar.com\/avatar\/a04fd330bfe3a36a72a0ad4a6d89fca7?s=96&d=mm&r=pg\",\"contentUrl\":\"https:\/\/secure.gravatar.com\/avatar\/a04fd330bfe3a36a72a0ad4a6d89fca7?s=96&d=mm&r=pg\",\"caption\":\"bosniak\"},\"url\":\"https:\/\/sandzakpress.net\/arhiva\/author\/bosniak\/\"}]}<\/script>\n<!-- \/ Yoast SEO Premium plugin. -->","yoast_head_json":{"title":"Luksemburg: Bo\u0161nja\u010dki d\u017eemat u Wiltz-u uz asistenciju policije u blokadi, zbog samovolje pojedinaca","robots":{"index":"index","follow":"follow","max-snippet":"max-snippet:-1","max-image-preview":"max-image-preview:large","max-video-preview":"max-video-preview:-1"},"canonical":"https:\/\/sandzakpress.net\/arhiva\/bosnjacki-dzemat-u-wiltz-u-u-luksemburgu-uz-asistenciju-policije-u-blokadi-zbog-samovolje-pojedinaca\/","og_locale":"bs_BA","og_type":"article","og_title":"Luksemburg: Bo\u0161nja\u010dki d\u017eemat u Wiltz-u uz asistenciju policije u blokadi, zbog samovolje pojedinaca","og_description":"Luskemburg &#8211; U na\u0161u redakciju je stiglo saop\u0161tenje iz Luksemburga koje prenosimo u cjelosti: POSLEDNJI DIKTATOR LUKSEMBURGA Iz d\u017eemata CCIN iz grada Wiltza odavno ne sti\u017eu pozitivni vijesti. Mo\u017ee se re\u0107i da je glavni razlog takvog stanja porodica Jusufovi\u0107, ta\u010dnije glava porodice \u0160emsudin, koji uporno nastoje privatizovati d\u017eamiju. U na\u0161oj d\u017eamiji ve\u0107 odavno nema vjeronauke [&hellip;]","og_url":"https:\/\/sandzakpress.net\/arhiva\/bosnjacki-dzemat-u-wiltz-u-u-luksemburgu-uz-asistenciju-policije-u-blokadi-zbog-samovolje-pojedinaca\/","og_site_name":"Sand\u017eak PRESS","article_published_time":"2013-11-12T15:02:47+00:00","article_modified_time":"2013-11-12T16:09:48+00:00","og_image":[{"width":616,"height":274,"url":"https:\/\/sandzakpress.net\/arhiva\/wp-content\/uploads\/2013\/11\/20131108_125333.jpg","type":"image\/jpeg"}],"author":"bosniak","twitter_card":"summary_large_image","twitter_misc":{"Written by":"bosniak","Est. reading time":"3 minute"},"schema":{"@context":"https:\/\/schema.org","@graph":[{"@type":"Article","@id":"https:\/\/sandzakpress.net\/arhiva\/bosnjacki-dzemat-u-wiltz-u-u-luksemburgu-uz-asistenciju-policije-u-blokadi-zbog-samovolje-pojedinaca\/#article","isPartOf":{"@id":"https:\/\/sandzakpress.net\/arhiva\/bosnjacki-dzemat-u-wiltz-u-u-luksemburgu-uz-asistenciju-policije-u-blokadi-zbog-samovolje-pojedinaca\/"},"author":{"name":"bosniak","@id":"https:\/\/sandzakpress.net\/arhiva\/#\/schema\/person\/c8baee722073534b583ea7bdb2e36c02"},"headline":"Luksemburg: Bo\u0161nja\u010dki d\u017eemat u Wiltz-u uz asistenciju policije u blokadi, zbog samovolje pojedinaca","datePublished":"2013-11-12T15:02:47+00:00","dateModified":"2013-11-12T16:09:48+00:00","mainEntityOfPage":{"@id":"https:\/\/sandzakpress.net\/arhiva\/bosnjacki-dzemat-u-wiltz-u-u-luksemburgu-uz-asistenciju-policije-u-blokadi-zbog-samovolje-pojedinaca\/"},"wordCount":523,"commentCount":43,"publisher":{"@id":"https:\/\/sandzakpress.net\/arhiva\/#\/schema\/person\/6e72b67d6e51910a1117b3b483ba20bd"},"image":{"@id":"https:\/\/sandzakpress.net\/arhiva\/bosnjacki-dzemat-u-wiltz-u-u-luksemburgu-uz-asistenciju-policije-u-blokadi-zbog-samovolje-pojedinaca\/#primaryimage"},"thumbnailUrl":"https:\/\/sandzakpress.net\/arhiva\/wp-content\/uploads\/2013\/11\/20131108_125333.jpg","keywords":["Zajednica sand\u017ea\u010dke dijaspore"],"articleSection":["Islamska zajednica","Luksemburg","VIJESTI DANA"],"inLanguage":"bs-BA","potentialAction":[{"@type":"CommentAction","name":"Comment","target":["https:\/\/sandzakpress.net\/arhiva\/bosnjacki-dzemat-u-wiltz-u-u-luksemburgu-uz-asistenciju-policije-u-blokadi-zbog-samovolje-pojedinaca\/#respond"]}]},{"@type":"WebPage","@id":"https:\/\/sandzakpress.net\/arhiva\/bosnjacki-dzemat-u-wiltz-u-u-luksemburgu-uz-asistenciju-policije-u-blokadi-zbog-samovolje-pojedinaca\/","url":"https:\/\/sandzakpress.net\/arhiva\/bosnjacki-dzemat-u-wiltz-u-u-luksemburgu-uz-asistenciju-policije-u-blokadi-zbog-samovolje-pojedinaca\/","name":"Luksemburg: Bo\u0161nja\u010dki d\u017eemat u Wiltz-u uz asistenciju policije u blokadi, zbog samovolje pojedinaca","isPartOf":{"@id":"https:\/\/sandzakpress.net\/arhiva\/#website"},"primaryImageOfPage":{"@id":"https:\/\/sandzakpress.net\/arhiva\/bosnjacki-dzemat-u-wiltz-u-u-luksemburgu-uz-asistenciju-policije-u-blokadi-zbog-samovolje-pojedinaca\/#primaryimage"},"image":{"@id":"https:\/\/sandzakpress.net\/arhiva\/bosnjacki-dzemat-u-wiltz-u-u-luksemburgu-uz-asistenciju-policije-u-blokadi-zbog-samovolje-pojedinaca\/#primaryimage"},"thumbnailUrl":"https:\/\/sandzakpress.net\/arhiva\/wp-content\/uploads\/2013\/11\/20131108_125333.jpg","datePublished":"2013-11-12T15:02:47+00:00","dateModified":"2013-11-12T16:09:48+00:00","breadcrumb":{"@id":"https:\/\/sandzakpress.net\/arhiva\/bosnjacki-dzemat-u-wiltz-u-u-luksemburgu-uz-asistenciju-policije-u-blokadi-zbog-samovolje-pojedinaca\/#breadcrumb"},"inLanguage":"bs-BA","potentialAction":[{"@type":"ReadAction","target":["https:\/\/sandzakpress.net\/arhiva\/bosnjacki-dzemat-u-wiltz-u-u-luksemburgu-uz-asistenciju-policije-u-blokadi-zbog-samovolje-pojedinaca\/"]}]},{"@type":"ImageObject","inLanguage":"bs-BA","@id":"https:\/\/sandzakpress.net\/arhiva\/bosnjacki-dzemat-u-wiltz-u-u-luksemburgu-uz-asistenciju-policije-u-blokadi-zbog-samovolje-pojedinaca\/#primaryimage","url":"https:\/\/sandzakpress.net\/arhiva\/wp-content\/uploads\/2013\/11\/20131108_125333.jpg","contentUrl":"https:\/\/sandzakpress.net\/arhiva\/wp-content\/uploads\/2013\/11\/20131108_125333.jpg","width":616,"height":274},{"@type":"BreadcrumbList","@id":"https:\/\/sandzakpress.net\/arhiva\/bosnjacki-dzemat-u-wiltz-u-u-luksemburgu-uz-asistenciju-policije-u-blokadi-zbog-samovolje-pojedinaca\/#breadcrumb","itemListElement":[{"@type":"ListItem","position":1,"name":"Home","item":"https:\/\/sandzakpress.net\/arhiva\/"},{"@type":"ListItem","position":2,"name":"Luksemburg: Bo\u0161nja\u010dki d\u017eemat u Wiltz-u uz asistenciju policije u blokadi, zbog samovolje pojedinaca"}]},{"@type":"WebSite","@id":"https:\/\/sandzakpress.net\/arhiva\/#website","url":"https:\/\/sandzakpress.net\/arhiva\/","name":"Sand\u017eak PRESS","description":"Prve elektronske novine u Sand\u017eaku","publisher":{"@id":"https:\/\/sandzakpress.net\/arhiva\/#\/schema\/person\/6e72b67d6e51910a1117b3b483ba20bd"},"potentialAction":[{"@type":"SearchAction","target":{"@type":"EntryPoint","urlTemplate":"https:\/\/sandzakpress.net\/arhiva\/?s={search_term_string}"},"query-input":{"@type":"PropertyValueSpecification","valueRequired":true,"valueName":"search_term_string"}}],"inLanguage":"bs-BA"},{"@type":["Person","Organization"],"@id":"https:\/\/sandzakpress.net\/arhiva\/#\/schema\/person\/6e72b67d6e51910a1117b3b483ba20bd","name":"Kul","image":{"@type":"ImageObject","inLanguage":"bs-BA","@id":"https:\/\/sandzakpress.net\/arhiva\/#\/schema\/person\/image\/","url":"https:\/\/secure.gravatar.com\/avatar\/42263f39aa27ac04c43cab85c280eb2e?s=96&d=mm&r=pg","contentUrl":"https:\/\/secure.gravatar.com\/avatar\/42263f39aa27ac04c43cab85c280eb2e?s=96&d=mm&r=pg","caption":"Kul"},"logo":{"@id":"https:\/\/sandzakpress.net\/arhiva\/#\/schema\/person\/image\/"}},{"@type":"Person","@id":"https:\/\/sandzakpress.net\/arhiva\/#\/schema\/person\/c8baee722073534b583ea7bdb2e36c02","name":"bosniak","image":{"@type":"ImageObject","inLanguage":"bs-BA","@id":"https:\/\/sandzakpress.net\/arhiva\/#\/schema\/person\/image\/","url":"https:\/\/secure.gravatar.com\/avatar\/a04fd330bfe3a36a72a0ad4a6d89fca7?s=96&d=mm&r=pg","contentUrl":"https:\/\/secure.gravatar.com\/avatar\/a04fd330bfe3a36a72a0ad4a6d89fca7?s=96&d=mm&r=pg","caption":"bosniak"},"url":"https:\/\/sandzakpress.net\/arhiva\/author\/bosniak\/"}]}},"_links":{"self":[{"href":"https:\/\/sandzakpress.net\/arhiva\/wp-json\/wp\/v2\/posts\/94814"}],"collection":[{"href":"https:\/\/sandzakpress.net\/arhiva\/wp-json\/wp\/v2\/posts"}],"about":[{"href":"https:\/\/sandzakpress.net\/arhiva\/wp-json\/wp\/v2\/types\/post"}],"author":[{"embeddable":true,"href":"https:\/\/sandzakpress.net\/arhiva\/wp-json\/wp\/v2\/users\/83"}],"replies":[{"embeddable":true,"href":"https:\/\/sandzakpress.net\/arhiva\/wp-json\/wp\/v2\/comments?post=94814"}],"version-history":[{"count":0,"href":"https:\/\/sandzakpress.net\/arhiva\/wp-json\/wp\/v2\/posts\/94814\/revisions"}],"wp:featuredmedia":[{"embeddable":true,"href":"https:\/\/sandzakpress.net\/arhiva\/wp-json\/wp\/v2\/media\/94815"}],"wp:attachment":[{"href":"https:\/\/sandzakpress.net\/arhiva\/wp-json\/wp\/v2\/media?parent=94814"}],"wp:term":[{"taxonomy":"category","embeddable":true,"href":"https:\/\/sandzakpress.net\/arhiva\/wp-json\/wp\/v2\/categories?post=94814"},{"taxonomy":"post_tag","embeddable":true,"href":"https:\/\/sandzakpress.net\/arhiva\/wp-json\/wp\/v2\/tags?post=94814"}],"curies":[{"name":"wp","href":"https:\/\/api.w.org\/{rel}","templated":true}]}}