{"id":94628,"date":"2013-11-10T11:20:47","date_gmt":"2013-11-10T10:20:47","guid":{"rendered":"https:\/\/sandzakpress.net\/arhiva\/?p=94628"},"modified":"2013-11-10T11:20:47","modified_gmt":"2013-11-10T10:20:47","slug":"haskens-do-marta-naci-rjesenje-za-fap","status":"publish","type":"post","link":"https:\/\/sandzakpress.net\/arhiva\/haskens-do-marta-naci-rjesenje-za-fap\/","title":{"rendered":"Haskens: Do marta na\u0107i rje\u0161enje za FAP"},"content":{"rendered":"<p><strong><img loading=\"lazy\" decoding=\"async\" class=\"alignleft size-medium wp-image-94629\" alt=\"Fap-na-pruzi-1024x682\" src=\"https:\/\/sandzakpress.net\/arhiva\/wp-content\/uploads\/2013\/11\/Fap-na-pruzi-1024x682-300x220.jpg\" width=\"300\" height=\"220\" \/>Priboj &#8211; Imamo vremena do marta da re\u0161imo nagomilane probleme u Fabrici autommobila Priboj (FAP), izjavio je danas u Priboju savjetnik prvog potpredsjednika Vlade, Jorg Haskens, nakon sastanka \u010dlanova Radne grupe za stategiju oporavka ovog preduze\u0107a.<\/strong><\/p>\n<p>\u201cJo\u0161 115 dana je ostalo da se izna\u0111e mogu\u0107e re\u0161enje za te\u0161ko\u0107e sa kojima je suo\u010den FAP. Danas smo obavili razgovore, a ponovo \u0107emo se sastati za 15 dana\u201d, izjavio je Haskens Tanjugu.<\/p>\n<p>Sastanku su, pored radnika i rukovodstva preduze\u0107a prisustvovali predstavnici ministarstava finansija i privrede, kompanije \u201cMercedes\u201d u Beogradu i savjetnici prvog potpredsjednika vlade Aleksandra Vu\u010di\u0107a.<\/p>\n<p>Radnicima FAP-a, koji su bili u \u0161trajku zbog neispla\u0107enih plata i neoverenih knji\u017eica ju\u010de je ispla\u0107ena zarada za jun 2013. godine. Zaposleni u FAP-u i \u010dlanovi njihovih porodica sada mogu da obavljaju preglede u svim zdravstvenim ustanovama u Srbiji, nakon \u0161to je, zvani\u010dnim pismom, poslovno i sindikalno rukovodstvo FAP-a o tome obavestio direktor Zdravstvenog centra U\u017eice Milo\u0161 Bo\u017eovi\u0107.<\/p>\n<p>U pismu Bo\u017eovi\u0107 navodi da je dobio nalog Ministarstva zdravlja da radnici FAP-a, iako formalno nemaju ovjerene zdravstvene knji\u017eice, mogu koristiti besplatno le\u010denje kao i drugi gra\u0111ani Srbije koji imaju uredno overene zdravstvene legitimacije.<\/p>\n<p>Od ponedeljka 4. novembra po\u010delo je zvani\u010dno prijavljivanje radnika FAP-a iz Priboja za napu\u0161tanje firme po osnovu dobrovoljnog izja\u0161njavanja, prijavljivanjem za jednu od \u010detiri ponu\u0111ene opcije socijalnog programa, koje \u0107e trajati do srede, 13. novembra.<\/p>\n<p>FAP trenutno sa tri zavisna preduze\u0107a, Livnicom Prijepolje, \u201eFAP Lim\u201c i \u201eFAP Stana\u201c ima oko 1.500 zaposlenih, a u mati\u010dnom preduze\u0107u 1.103 radnika.<\/p>\n<p>(Priboj033)<\/p>\n","protected":false},"excerpt":{"rendered":"<p>Priboj &#8211; Imamo vremena do marta da re\u0161imo nagomilane probleme u Fabrici autommobila Priboj (FAP), izjavio je danas u Priboju savjetnik prvog potpredsjednika Vlade, Jorg Haskens, nakon sastanka \u010dlanova Radne grupe za stategiju oporavka ovog preduze\u0107a. \u201cJo\u0161 115 dana je ostalo da se izna\u0111e mogu\u0107e re\u0161enje za te\u0161ko\u0107e sa kojima je suo\u010den FAP. Danas smo [&hellip;]<\/p>\n","protected":false},"author":83,"featured_media":94630,"comment_status":"open","ping_status":"open","sticky":false,"template":"","format":"standard","meta":{"footnotes":""},"categories":[1,393],"tags":[],"class_list":{"0":"post-94628","1":"post","2":"type-post","3":"status-publish","4":"format-standard","5":"has-post-thumbnail","7":"category-politika","8":"category-priboj"},"yoast_head":"<!-- This site is optimized with the Yoast SEO Premium plugin v23.1 (Yoast SEO v24.9) - https:\/\/yoast.com\/wordpress\/plugins\/seo\/ -->\n<title>Haskens: Do marta na\u0107i rje\u0161enje za FAP<\/title>\n<meta name=\"robots\" content=\"index, follow, max-snippet:-1, max-image-preview:large, max-video-preview:-1\" \/>\n<link rel=\"canonical\" href=\"https:\/\/sandzakpress.net\/arhiva\/haskens-do-marta-naci-rjesenje-za-fap\/\" \/>\n<meta property=\"og:locale\" content=\"bs_BA\" \/>\n<meta property=\"og:type\" content=\"article\" \/>\n<meta property=\"og:title\" content=\"Haskens: Do marta na\u0107i rje\u0161enje za FAP\" \/>\n<meta property=\"og:description\" content=\"Priboj &#8211; Imamo vremena do marta da re\u0161imo nagomilane probleme u Fabrici autommobila Priboj (FAP), izjavio je danas u Priboju savjetnik prvog potpredsjednika Vlade, Jorg Haskens, nakon sastanka \u010dlanova Radne grupe za stategiju oporavka ovog preduze\u0107a. \u201cJo\u0161 115 dana je ostalo da se izna\u0111e mogu\u0107e re\u0161enje za te\u0161ko\u0107e sa kojima je suo\u010den FAP. Danas smo [&hellip;]\" \/>\n<meta property=\"og:url\" content=\"https:\/\/sandzakpress.net\/arhiva\/haskens-do-marta-naci-rjesenje-za-fap\/\" \/>\n<meta property=\"og:site_name\" content=\"Sand\u017eak PRESS\" \/>\n<meta property=\"article:published_time\" content=\"2013-11-10T10:20:47+00:00\" \/>\n<meta property=\"og:image\" content=\"https:\/\/sandzakpress.net\/arhiva\/wp-content\/uploads\/2013\/11\/Fap-na-pruzi-1024x682-300x2201.jpg\" \/>\n\t<meta property=\"og:image:width\" content=\"300\" \/>\n\t<meta property=\"og:image:height\" content=\"220\" \/>\n\t<meta property=\"og:image:type\" content=\"image\/jpeg\" \/>\n<meta name=\"author\" content=\"bosniak\" \/>\n<meta name=\"twitter:card\" content=\"summary_large_image\" \/>\n<meta name=\"twitter:label1\" content=\"Written by\" \/>\n\t<meta name=\"twitter:data1\" content=\"bosniak\" \/>\n\t<meta name=\"twitter:label2\" content=\"Est. reading time\" \/>\n\t<meta name=\"twitter:data2\" content=\"1 minuta\" \/>\n<script type=\"application\/ld+json\" class=\"yoast-schema-graph\">{\"@context\":\"https:\/\/schema.org\",\"@graph\":[{\"@type\":\"Article\",\"@id\":\"https:\/\/sandzakpress.net\/arhiva\/haskens-do-marta-naci-rjesenje-za-fap\/#article\",\"isPartOf\":{\"@id\":\"https:\/\/sandzakpress.net\/arhiva\/haskens-do-marta-naci-rjesenje-za-fap\/\"},\"author\":{\"name\":\"bosniak\",\"@id\":\"https:\/\/sandzakpress.net\/arhiva\/#\/schema\/person\/c8baee722073534b583ea7bdb2e36c02\"},\"headline\":\"Haskens: Do marta na\u0107i rje\u0161enje za FAP\",\"datePublished\":\"2013-11-10T10:20:47+00:00\",\"mainEntityOfPage\":{\"@id\":\"https:\/\/sandzakpress.net\/arhiva\/haskens-do-marta-naci-rjesenje-za-fap\/\"},\"wordCount\":276,\"commentCount\":0,\"publisher\":{\"@id\":\"https:\/\/sandzakpress.net\/arhiva\/#\/schema\/person\/6e72b67d6e51910a1117b3b483ba20bd\"},\"image\":{\"@id\":\"https:\/\/sandzakpress.net\/arhiva\/haskens-do-marta-naci-rjesenje-za-fap\/#primaryimage\"},\"thumbnailUrl\":\"https:\/\/sandzakpress.net\/arhiva\/wp-content\/uploads\/2013\/11\/Fap-na-pruzi-1024x682-300x2201.jpg\",\"articleSection\":[\"Politika\",\"Priboj\"],\"inLanguage\":\"bs-BA\",\"potentialAction\":[{\"@type\":\"CommentAction\",\"name\":\"Comment\",\"target\":[\"https:\/\/sandzakpress.net\/arhiva\/haskens-do-marta-naci-rjesenje-za-fap\/#respond\"]}]},{\"@type\":\"WebPage\",\"@id\":\"https:\/\/sandzakpress.net\/arhiva\/haskens-do-marta-naci-rjesenje-za-fap\/\",\"url\":\"https:\/\/sandzakpress.net\/arhiva\/haskens-do-marta-naci-rjesenje-za-fap\/\",\"name\":\"Haskens: Do marta na\u0107i rje\u0161enje za FAP\",\"isPartOf\":{\"@id\":\"https:\/\/sandzakpress.net\/arhiva\/#website\"},\"primaryImageOfPage\":{\"@id\":\"https:\/\/sandzakpress.net\/arhiva\/haskens-do-marta-naci-rjesenje-za-fap\/#primaryimage\"},\"image\":{\"@id\":\"https:\/\/sandzakpress.net\/arhiva\/haskens-do-marta-naci-rjesenje-za-fap\/#primaryimage\"},\"thumbnailUrl\":\"https:\/\/sandzakpress.net\/arhiva\/wp-content\/uploads\/2013\/11\/Fap-na-pruzi-1024x682-300x2201.jpg\",\"datePublished\":\"2013-11-10T10:20:47+00:00\",\"breadcrumb\":{\"@id\":\"https:\/\/sandzakpress.net\/arhiva\/haskens-do-marta-naci-rjesenje-za-fap\/#breadcrumb\"},\"inLanguage\":\"bs-BA\",\"potentialAction\":[{\"@type\":\"ReadAction\",\"target\":[\"https:\/\/sandzakpress.net\/arhiva\/haskens-do-marta-naci-rjesenje-za-fap\/\"]}]},{\"@type\":\"ImageObject\",\"inLanguage\":\"bs-BA\",\"@id\":\"https:\/\/sandzakpress.net\/arhiva\/haskens-do-marta-naci-rjesenje-za-fap\/#primaryimage\",\"url\":\"https:\/\/sandzakpress.net\/arhiva\/wp-content\/uploads\/2013\/11\/Fap-na-pruzi-1024x682-300x2201.jpg\",\"contentUrl\":\"https:\/\/sandzakpress.net\/arhiva\/wp-content\/uploads\/2013\/11\/Fap-na-pruzi-1024x682-300x2201.jpg\",\"width\":300,\"height\":220},{\"@type\":\"BreadcrumbList\",\"@id\":\"https:\/\/sandzakpress.net\/arhiva\/haskens-do-marta-naci-rjesenje-za-fap\/#breadcrumb\",\"itemListElement\":[{\"@type\":\"ListItem\",\"position\":1,\"name\":\"Home\",\"item\":\"https:\/\/sandzakpress.net\/arhiva\/\"},{\"@type\":\"ListItem\",\"position\":2,\"name\":\"Haskens: Do marta na\u0107i rje\u0161enje za FAP\"}]},{\"@type\":\"WebSite\",\"@id\":\"https:\/\/sandzakpress.net\/arhiva\/#website\",\"url\":\"https:\/\/sandzakpress.net\/arhiva\/\",\"name\":\"Sand\u017eak PRESS\",\"description\":\"Prve elektronske novine u Sand\u017eaku\",\"publisher\":{\"@id\":\"https:\/\/sandzakpress.net\/arhiva\/#\/schema\/person\/6e72b67d6e51910a1117b3b483ba20bd\"},\"potentialAction\":[{\"@type\":\"SearchAction\",\"target\":{\"@type\":\"EntryPoint\",\"urlTemplate\":\"https:\/\/sandzakpress.net\/arhiva\/?s={search_term_string}\"},\"query-input\":{\"@type\":\"PropertyValueSpecification\",\"valueRequired\":true,\"valueName\":\"search_term_string\"}}],\"inLanguage\":\"bs-BA\"},{\"@type\":[\"Person\",\"Organization\"],\"@id\":\"https:\/\/sandzakpress.net\/arhiva\/#\/schema\/person\/6e72b67d6e51910a1117b3b483ba20bd\",\"name\":\"Kul\",\"image\":{\"@type\":\"ImageObject\",\"inLanguage\":\"bs-BA\",\"@id\":\"https:\/\/sandzakpress.net\/arhiva\/#\/schema\/person\/image\/\",\"url\":\"https:\/\/secure.gravatar.com\/avatar\/42263f39aa27ac04c43cab85c280eb2e?s=96&d=mm&r=pg\",\"contentUrl\":\"https:\/\/secure.gravatar.com\/avatar\/42263f39aa27ac04c43cab85c280eb2e?s=96&d=mm&r=pg\",\"caption\":\"Kul\"},\"logo\":{\"@id\":\"https:\/\/sandzakpress.net\/arhiva\/#\/schema\/person\/image\/\"}},{\"@type\":\"Person\",\"@id\":\"https:\/\/sandzakpress.net\/arhiva\/#\/schema\/person\/c8baee722073534b583ea7bdb2e36c02\",\"name\":\"bosniak\",\"image\":{\"@type\":\"ImageObject\",\"inLanguage\":\"bs-BA\",\"@id\":\"https:\/\/sandzakpress.net\/arhiva\/#\/schema\/person\/image\/\",\"url\":\"https:\/\/secure.gravatar.com\/avatar\/a04fd330bfe3a36a72a0ad4a6d89fca7?s=96&d=mm&r=pg\",\"contentUrl\":\"https:\/\/secure.gravatar.com\/avatar\/a04fd330bfe3a36a72a0ad4a6d89fca7?s=96&d=mm&r=pg\",\"caption\":\"bosniak\"},\"url\":\"https:\/\/sandzakpress.net\/arhiva\/author\/bosniak\/\"}]}<\/script>\n<!-- \/ Yoast SEO Premium plugin. -->","yoast_head_json":{"title":"Haskens: Do marta na\u0107i rje\u0161enje za FAP","robots":{"index":"index","follow":"follow","max-snippet":"max-snippet:-1","max-image-preview":"max-image-preview:large","max-video-preview":"max-video-preview:-1"},"canonical":"https:\/\/sandzakpress.net\/arhiva\/haskens-do-marta-naci-rjesenje-za-fap\/","og_locale":"bs_BA","og_type":"article","og_title":"Haskens: Do marta na\u0107i rje\u0161enje za FAP","og_description":"Priboj &#8211; Imamo vremena do marta da re\u0161imo nagomilane probleme u Fabrici autommobila Priboj (FAP), izjavio je danas u Priboju savjetnik prvog potpredsjednika Vlade, Jorg Haskens, nakon sastanka \u010dlanova Radne grupe za stategiju oporavka ovog preduze\u0107a. \u201cJo\u0161 115 dana je ostalo da se izna\u0111e mogu\u0107e re\u0161enje za te\u0161ko\u0107e sa kojima je suo\u010den FAP. Danas smo [&hellip;]","og_url":"https:\/\/sandzakpress.net\/arhiva\/haskens-do-marta-naci-rjesenje-za-fap\/","og_site_name":"Sand\u017eak PRESS","article_published_time":"2013-11-10T10:20:47+00:00","og_image":[{"width":300,"height":220,"url":"https:\/\/sandzakpress.net\/arhiva\/wp-content\/uploads\/2013\/11\/Fap-na-pruzi-1024x682-300x2201.jpg","type":"image\/jpeg"}],"author":"bosniak","twitter_card":"summary_large_image","twitter_misc":{"Written by":"bosniak","Est. reading time":"1 minuta"},"schema":{"@context":"https:\/\/schema.org","@graph":[{"@type":"Article","@id":"https:\/\/sandzakpress.net\/arhiva\/haskens-do-marta-naci-rjesenje-za-fap\/#article","isPartOf":{"@id":"https:\/\/sandzakpress.net\/arhiva\/haskens-do-marta-naci-rjesenje-za-fap\/"},"author":{"name":"bosniak","@id":"https:\/\/sandzakpress.net\/arhiva\/#\/schema\/person\/c8baee722073534b583ea7bdb2e36c02"},"headline":"Haskens: Do marta na\u0107i rje\u0161enje za FAP","datePublished":"2013-11-10T10:20:47+00:00","mainEntityOfPage":{"@id":"https:\/\/sandzakpress.net\/arhiva\/haskens-do-marta-naci-rjesenje-za-fap\/"},"wordCount":276,"commentCount":0,"publisher":{"@id":"https:\/\/sandzakpress.net\/arhiva\/#\/schema\/person\/6e72b67d6e51910a1117b3b483ba20bd"},"image":{"@id":"https:\/\/sandzakpress.net\/arhiva\/haskens-do-marta-naci-rjesenje-za-fap\/#primaryimage"},"thumbnailUrl":"https:\/\/sandzakpress.net\/arhiva\/wp-content\/uploads\/2013\/11\/Fap-na-pruzi-1024x682-300x2201.jpg","articleSection":["Politika","Priboj"],"inLanguage":"bs-BA","potentialAction":[{"@type":"CommentAction","name":"Comment","target":["https:\/\/sandzakpress.net\/arhiva\/haskens-do-marta-naci-rjesenje-za-fap\/#respond"]}]},{"@type":"WebPage","@id":"https:\/\/sandzakpress.net\/arhiva\/haskens-do-marta-naci-rjesenje-za-fap\/","url":"https:\/\/sandzakpress.net\/arhiva\/haskens-do-marta-naci-rjesenje-za-fap\/","name":"Haskens: Do marta na\u0107i rje\u0161enje za FAP","isPartOf":{"@id":"https:\/\/sandzakpress.net\/arhiva\/#website"},"primaryImageOfPage":{"@id":"https:\/\/sandzakpress.net\/arhiva\/haskens-do-marta-naci-rjesenje-za-fap\/#primaryimage"},"image":{"@id":"https:\/\/sandzakpress.net\/arhiva\/haskens-do-marta-naci-rjesenje-za-fap\/#primaryimage"},"thumbnailUrl":"https:\/\/sandzakpress.net\/arhiva\/wp-content\/uploads\/2013\/11\/Fap-na-pruzi-1024x682-300x2201.jpg","datePublished":"2013-11-10T10:20:47+00:00","breadcrumb":{"@id":"https:\/\/sandzakpress.net\/arhiva\/haskens-do-marta-naci-rjesenje-za-fap\/#breadcrumb"},"inLanguage":"bs-BA","potentialAction":[{"@type":"ReadAction","target":["https:\/\/sandzakpress.net\/arhiva\/haskens-do-marta-naci-rjesenje-za-fap\/"]}]},{"@type":"ImageObject","inLanguage":"bs-BA","@id":"https:\/\/sandzakpress.net\/arhiva\/haskens-do-marta-naci-rjesenje-za-fap\/#primaryimage","url":"https:\/\/sandzakpress.net\/arhiva\/wp-content\/uploads\/2013\/11\/Fap-na-pruzi-1024x682-300x2201.jpg","contentUrl":"https:\/\/sandzakpress.net\/arhiva\/wp-content\/uploads\/2013\/11\/Fap-na-pruzi-1024x682-300x2201.jpg","width":300,"height":220},{"@type":"BreadcrumbList","@id":"https:\/\/sandzakpress.net\/arhiva\/haskens-do-marta-naci-rjesenje-za-fap\/#breadcrumb","itemListElement":[{"@type":"ListItem","position":1,"name":"Home","item":"https:\/\/sandzakpress.net\/arhiva\/"},{"@type":"ListItem","position":2,"name":"Haskens: Do marta na\u0107i rje\u0161enje za FAP"}]},{"@type":"WebSite","@id":"https:\/\/sandzakpress.net\/arhiva\/#website","url":"https:\/\/sandzakpress.net\/arhiva\/","name":"Sand\u017eak PRESS","description":"Prve elektronske novine u Sand\u017eaku","publisher":{"@id":"https:\/\/sandzakpress.net\/arhiva\/#\/schema\/person\/6e72b67d6e51910a1117b3b483ba20bd"},"potentialAction":[{"@type":"SearchAction","target":{"@type":"EntryPoint","urlTemplate":"https:\/\/sandzakpress.net\/arhiva\/?s={search_term_string}"},"query-input":{"@type":"PropertyValueSpecification","valueRequired":true,"valueName":"search_term_string"}}],"inLanguage":"bs-BA"},{"@type":["Person","Organization"],"@id":"https:\/\/sandzakpress.net\/arhiva\/#\/schema\/person\/6e72b67d6e51910a1117b3b483ba20bd","name":"Kul","image":{"@type":"ImageObject","inLanguage":"bs-BA","@id":"https:\/\/sandzakpress.net\/arhiva\/#\/schema\/person\/image\/","url":"https:\/\/secure.gravatar.com\/avatar\/42263f39aa27ac04c43cab85c280eb2e?s=96&d=mm&r=pg","contentUrl":"https:\/\/secure.gravatar.com\/avatar\/42263f39aa27ac04c43cab85c280eb2e?s=96&d=mm&r=pg","caption":"Kul"},"logo":{"@id":"https:\/\/sandzakpress.net\/arhiva\/#\/schema\/person\/image\/"}},{"@type":"Person","@id":"https:\/\/sandzakpress.net\/arhiva\/#\/schema\/person\/c8baee722073534b583ea7bdb2e36c02","name":"bosniak","image":{"@type":"ImageObject","inLanguage":"bs-BA","@id":"https:\/\/sandzakpress.net\/arhiva\/#\/schema\/person\/image\/","url":"https:\/\/secure.gravatar.com\/avatar\/a04fd330bfe3a36a72a0ad4a6d89fca7?s=96&d=mm&r=pg","contentUrl":"https:\/\/secure.gravatar.com\/avatar\/a04fd330bfe3a36a72a0ad4a6d89fca7?s=96&d=mm&r=pg","caption":"bosniak"},"url":"https:\/\/sandzakpress.net\/arhiva\/author\/bosniak\/"}]}},"_links":{"self":[{"href":"https:\/\/sandzakpress.net\/arhiva\/wp-json\/wp\/v2\/posts\/94628"}],"collection":[{"href":"https:\/\/sandzakpress.net\/arhiva\/wp-json\/wp\/v2\/posts"}],"about":[{"href":"https:\/\/sandzakpress.net\/arhiva\/wp-json\/wp\/v2\/types\/post"}],"author":[{"embeddable":true,"href":"https:\/\/sandzakpress.net\/arhiva\/wp-json\/wp\/v2\/users\/83"}],"replies":[{"embeddable":true,"href":"https:\/\/sandzakpress.net\/arhiva\/wp-json\/wp\/v2\/comments?post=94628"}],"version-history":[{"count":0,"href":"https:\/\/sandzakpress.net\/arhiva\/wp-json\/wp\/v2\/posts\/94628\/revisions"}],"wp:featuredmedia":[{"embeddable":true,"href":"https:\/\/sandzakpress.net\/arhiva\/wp-json\/wp\/v2\/media\/94630"}],"wp:attachment":[{"href":"https:\/\/sandzakpress.net\/arhiva\/wp-json\/wp\/v2\/media?parent=94628"}],"wp:term":[{"taxonomy":"category","embeddable":true,"href":"https:\/\/sandzakpress.net\/arhiva\/wp-json\/wp\/v2\/categories?post=94628"},{"taxonomy":"post_tag","embeddable":true,"href":"https:\/\/sandzakpress.net\/arhiva\/wp-json\/wp\/v2\/tags?post=94628"}],"curies":[{"name":"wp","href":"https:\/\/api.w.org\/{rel}","templated":true}]}}