{"id":94532,"date":"2013-11-09T17:00:47","date_gmt":"2013-11-09T16:00:47","guid":{"rendered":"https:\/\/sandzakpress.net\/arhiva\/?p=94532"},"modified":"2013-11-09T18:16:01","modified_gmt":"2013-11-09T17:16:01","slug":"bijelo-polje-otvoren-islamski-centar-u-rasovu","status":"publish","type":"post","link":"https:\/\/sandzakpress.net\/arhiva\/bijelo-polje-otvoren-islamski-centar-u-rasovu\/","title":{"rendered":"Bijelo Polje: Otvoren Islamski centar u Rasovu"},"content":{"rendered":"<p><a href=\"https:\/\/sandzakpress.net\/arhiva\/wp-content\/uploads\/2013\/11\/0-1024x768.jpg\"><img loading=\"lazy\" decoding=\"async\" class=\"aligncenter size-full wp-image-94533\" alt=\"0-1024x768\" src=\"https:\/\/sandzakpress.net\/arhiva\/wp-content\/uploads\/2013\/11\/0-1024x768.jpg\" width=\"616\" height=\"462\" \/><\/a><\/p>\n<p><strong>Bijelo Polje &#8211; Islamski centar u Rasovu sve\u010dano je otvoren u petak 08.11.2013. u prisustvu brojnih vjernika i predstavnika vjerskih zajednica, najvi\u0161ih dr\u017eavnih predstavnika i brojnih gostiju iz zemlje i inostranstva, a formalno su ga otvorili reis Islamske zajednice u Crnoj Gori ef. Rifat Fejzic, izaslanik ambasadora Republike Turske u Crnoj Gori Mehmed Ferhan Jorulmaz i koordinator Kancelarije Turske agencije TIKA za me\u0111unarodni razvoj Mustafa Jazidji.<\/strong><\/p>\n<p>Sve\u010dani skup, koji je vodio predsjednik d\u017eamijskog odbora Rasova i mutevelija ovog Islamskog\u00a0 centra Muradif Grbovi\u0107, pozdravili su i, reis Islamske zajednice u Crnoj Gori ef. Rifat Fejzi\u0107, glavni imam u Bijelom Polju Enis ef. Burdzovi\u0107,izaslanik ambasadora Republike Turske u Crnoj Gori Mehmed Ferhan Jorulmaz i koordinator Kancelarije Turske agencije za me\u0111unarodni razvoj i koordinaciju Mustafa Jazi\u0111i.<\/p>\n<p>Izgradnja ovog Islamskog centra po\u010dela je prije 9 godina na temeljima poru\u0161ene d\u017eamije iz Drugog svjetskog rata. Jo\u0161 davne 1975. godine je ro\u0111ena ideja da se obnovi poru\u0161ena d\u017eamija, ali radovi nisu bili mogu\u0107i sve do 1989.godine. Tada, u vremenu hiperinflacije i ratova u okru\u017eenju, nije bilo lahko nositi taj teret, ba\u0161 kao i te 1975.godine. Kako su dolazila bolja i sigurnija vremena i radovi na izgradnji d\u017eamije su se odvijali dinami\u010dnije. Tako je ve\u0107 za mjesec Ramazana 2001. po\u010delo u njoj da se klanja i ako nije bilo zavr\u0161eno jo\u0161 puno toga na njoj. Dok su trajali radovi na d\u017eamiji, rodila se ideja za izgradnjom Islamskog centra. Ne iz inata prema bilo kome,ve\u0107 kao realna potreba mladog d\u017eemata koji je trebao sistematski odgoj i organizovaniju logistiku za odvijanje vjerskih aktivnosti, istakao je Grbovi\u0107.<\/p>\n<p>Glavni\u00a0 fokus aktivnosti koje \u0107e se odvijati u Islamskom centru \u0107e biti na obrazovanju i odgoju djece, onih na kojima le\u017ei emanet o\u010duvanja Islama i ja\u010danja multietnickog sklada na ovim prostorima. Otvaranjem Islamskog centra\u00a0 svi u Crnoj Gori dobijamo mnogo \u2013 biro rada \u0107e smanjiti broj nezaposlenih, jer \u0107e se kroz aktivnosti Islamskog centra mladi u\u010diti preduzetni\u0161tvu, privrednici \u0107e sjutra dobiti po\u0161tenog radnika, jer \u0107e se mladi u\u010diti odgovornosti i po\u0161tenom odnosu prema ljudima i poslu, kom\u0161ija \u0107e dobiti pa\u017eljivog susjeda, \u017eena \u0107e dobiti vjernog supruga, a on \u010destitu \u017eenu, a ovaj kompleks \u0107e na taj na\u010din ispuniti svoju misiju, poru\u010deno je, izme\u0111u ostalog, sa ovog skupa.<\/p>\n<p>Vrijednost radova na ovom Islamskom centru sa ure\u0111enim dvori\u0161tem iznosila je 205.000 eura, dok je vrijednost radova na d\u017eamiji bila oko 150.000 eura. Neposredno pred otvaranje Islamskog centra uru\u010dene su<b>ZLATNE VAKUFNAME<\/b>\u00a0istaknutim donatorima.<\/p>\n","protected":false},"excerpt":{"rendered":"<p>Bijelo Polje &#8211; Islamski centar u Rasovu sve\u010dano je otvoren u petak 08.11.2013. u prisustvu brojnih vjernika i predstavnika vjerskih zajednica, najvi\u0161ih dr\u017eavnih predstavnika i brojnih gostiju iz zemlje i inostranstva, a formalno su ga otvorili reis Islamske zajednice u Crnoj Gori ef. Rifat Fejzic, izaslanik ambasadora Republike Turske u Crnoj Gori Mehmed Ferhan Jorulmaz [&hellip;]<\/p>\n","protected":false},"author":83,"featured_media":94533,"comment_status":"open","ping_status":"open","sticky":false,"template":"","format":"standard","meta":{"footnotes":""},"categories":[396,802,8957],"tags":[10229],"class_list":{"0":"post-94532","1":"post","2":"type-post","3":"status-publish","4":"format-standard","5":"has-post-thumbnail","7":"category-bijelo_polje","8":"category-islamska_zajednica","9":"category-vijesti-dana","10":"tag-islamska-zajednica"},"yoast_head":"<!-- This site is optimized with the Yoast SEO Premium plugin v23.1 (Yoast SEO v24.9) - https:\/\/yoast.com\/wordpress\/plugins\/seo\/ -->\n<title>Bijelo Polje: Otvoren Islamski centar u Rasovu<\/title>\n<meta name=\"robots\" content=\"index, follow, max-snippet:-1, max-image-preview:large, max-video-preview:-1\" \/>\n<link rel=\"canonical\" href=\"https:\/\/sandzakpress.net\/arhiva\/bijelo-polje-otvoren-islamski-centar-u-rasovu\/\" \/>\n<meta property=\"og:locale\" content=\"bs_BA\" \/>\n<meta property=\"og:type\" content=\"article\" \/>\n<meta property=\"og:title\" content=\"Bijelo Polje: Otvoren Islamski centar u Rasovu\" \/>\n<meta property=\"og:description\" content=\"Bijelo Polje &#8211; Islamski centar u Rasovu sve\u010dano je otvoren u petak 08.11.2013. u prisustvu brojnih vjernika i predstavnika vjerskih zajednica, najvi\u0161ih dr\u017eavnih predstavnika i brojnih gostiju iz zemlje i inostranstva, a formalno su ga otvorili reis Islamske zajednice u Crnoj Gori ef. Rifat Fejzic, izaslanik ambasadora Republike Turske u Crnoj Gori Mehmed Ferhan Jorulmaz [&hellip;]\" \/>\n<meta property=\"og:url\" content=\"https:\/\/sandzakpress.net\/arhiva\/bijelo-polje-otvoren-islamski-centar-u-rasovu\/\" \/>\n<meta property=\"og:site_name\" content=\"Sand\u017eak PRESS\" \/>\n<meta property=\"article:published_time\" content=\"2013-11-09T16:00:47+00:00\" \/>\n<meta property=\"article:modified_time\" content=\"2013-11-09T17:16:01+00:00\" \/>\n<meta property=\"og:image\" content=\"https:\/\/sandzakpress.net\/arhiva\/wp-content\/uploads\/2013\/11\/0-1024x768.jpg\" \/>\n\t<meta property=\"og:image:width\" content=\"616\" \/>\n\t<meta property=\"og:image:height\" content=\"462\" \/>\n\t<meta property=\"og:image:type\" content=\"image\/jpeg\" \/>\n<meta name=\"author\" content=\"bosniak\" \/>\n<meta name=\"twitter:card\" content=\"summary_large_image\" \/>\n<meta name=\"twitter:label1\" content=\"Written by\" \/>\n\t<meta name=\"twitter:data1\" content=\"bosniak\" \/>\n\t<meta name=\"twitter:label2\" content=\"Est. reading time\" \/>\n\t<meta name=\"twitter:data2\" content=\"2 minute\" \/>\n<script type=\"application\/ld+json\" class=\"yoast-schema-graph\">{\"@context\":\"https:\/\/schema.org\",\"@graph\":[{\"@type\":\"Article\",\"@id\":\"https:\/\/sandzakpress.net\/arhiva\/bijelo-polje-otvoren-islamski-centar-u-rasovu\/#article\",\"isPartOf\":{\"@id\":\"https:\/\/sandzakpress.net\/arhiva\/bijelo-polje-otvoren-islamski-centar-u-rasovu\/\"},\"author\":{\"name\":\"bosniak\",\"@id\":\"https:\/\/sandzakpress.net\/arhiva\/#\/schema\/person\/c8baee722073534b583ea7bdb2e36c02\"},\"headline\":\"Bijelo Polje: Otvoren Islamski centar u Rasovu\",\"datePublished\":\"2013-11-09T16:00:47+00:00\",\"dateModified\":\"2013-11-09T17:16:01+00:00\",\"mainEntityOfPage\":{\"@id\":\"https:\/\/sandzakpress.net\/arhiva\/bijelo-polje-otvoren-islamski-centar-u-rasovu\/\"},\"wordCount\":438,\"commentCount\":1,\"publisher\":{\"@id\":\"https:\/\/sandzakpress.net\/arhiva\/#\/schema\/person\/6e72b67d6e51910a1117b3b483ba20bd\"},\"image\":{\"@id\":\"https:\/\/sandzakpress.net\/arhiva\/bijelo-polje-otvoren-islamski-centar-u-rasovu\/#primaryimage\"},\"thumbnailUrl\":\"https:\/\/sandzakpress.net\/arhiva\/wp-content\/uploads\/2013\/11\/0-1024x768.jpg\",\"keywords\":[\"Islamska zajednica\"],\"articleSection\":[\"Bijelo Polje\",\"Islamska zajednica\",\"VIJESTI DANA\"],\"inLanguage\":\"bs-BA\",\"potentialAction\":[{\"@type\":\"CommentAction\",\"name\":\"Comment\",\"target\":[\"https:\/\/sandzakpress.net\/arhiva\/bijelo-polje-otvoren-islamski-centar-u-rasovu\/#respond\"]}]},{\"@type\":\"WebPage\",\"@id\":\"https:\/\/sandzakpress.net\/arhiva\/bijelo-polje-otvoren-islamski-centar-u-rasovu\/\",\"url\":\"https:\/\/sandzakpress.net\/arhiva\/bijelo-polje-otvoren-islamski-centar-u-rasovu\/\",\"name\":\"Bijelo Polje: Otvoren Islamski centar u Rasovu\",\"isPartOf\":{\"@id\":\"https:\/\/sandzakpress.net\/arhiva\/#website\"},\"primaryImageOfPage\":{\"@id\":\"https:\/\/sandzakpress.net\/arhiva\/bijelo-polje-otvoren-islamski-centar-u-rasovu\/#primaryimage\"},\"image\":{\"@id\":\"https:\/\/sandzakpress.net\/arhiva\/bijelo-polje-otvoren-islamski-centar-u-rasovu\/#primaryimage\"},\"thumbnailUrl\":\"https:\/\/sandzakpress.net\/arhiva\/wp-content\/uploads\/2013\/11\/0-1024x768.jpg\",\"datePublished\":\"2013-11-09T16:00:47+00:00\",\"dateModified\":\"2013-11-09T17:16:01+00:00\",\"breadcrumb\":{\"@id\":\"https:\/\/sandzakpress.net\/arhiva\/bijelo-polje-otvoren-islamski-centar-u-rasovu\/#breadcrumb\"},\"inLanguage\":\"bs-BA\",\"potentialAction\":[{\"@type\":\"ReadAction\",\"target\":[\"https:\/\/sandzakpress.net\/arhiva\/bijelo-polje-otvoren-islamski-centar-u-rasovu\/\"]}]},{\"@type\":\"ImageObject\",\"inLanguage\":\"bs-BA\",\"@id\":\"https:\/\/sandzakpress.net\/arhiva\/bijelo-polje-otvoren-islamski-centar-u-rasovu\/#primaryimage\",\"url\":\"https:\/\/sandzakpress.net\/arhiva\/wp-content\/uploads\/2013\/11\/0-1024x768.jpg\",\"contentUrl\":\"https:\/\/sandzakpress.net\/arhiva\/wp-content\/uploads\/2013\/11\/0-1024x768.jpg\",\"width\":616,\"height\":462},{\"@type\":\"BreadcrumbList\",\"@id\":\"https:\/\/sandzakpress.net\/arhiva\/bijelo-polje-otvoren-islamski-centar-u-rasovu\/#breadcrumb\",\"itemListElement\":[{\"@type\":\"ListItem\",\"position\":1,\"name\":\"Home\",\"item\":\"https:\/\/sandzakpress.net\/arhiva\/\"},{\"@type\":\"ListItem\",\"position\":2,\"name\":\"Bijelo Polje: Otvoren Islamski centar u Rasovu\"}]},{\"@type\":\"WebSite\",\"@id\":\"https:\/\/sandzakpress.net\/arhiva\/#website\",\"url\":\"https:\/\/sandzakpress.net\/arhiva\/\",\"name\":\"Sand\u017eak PRESS\",\"description\":\"Prve elektronske novine u Sand\u017eaku\",\"publisher\":{\"@id\":\"https:\/\/sandzakpress.net\/arhiva\/#\/schema\/person\/6e72b67d6e51910a1117b3b483ba20bd\"},\"potentialAction\":[{\"@type\":\"SearchAction\",\"target\":{\"@type\":\"EntryPoint\",\"urlTemplate\":\"https:\/\/sandzakpress.net\/arhiva\/?s={search_term_string}\"},\"query-input\":{\"@type\":\"PropertyValueSpecification\",\"valueRequired\":true,\"valueName\":\"search_term_string\"}}],\"inLanguage\":\"bs-BA\"},{\"@type\":[\"Person\",\"Organization\"],\"@id\":\"https:\/\/sandzakpress.net\/arhiva\/#\/schema\/person\/6e72b67d6e51910a1117b3b483ba20bd\",\"name\":\"Kul\",\"image\":{\"@type\":\"ImageObject\",\"inLanguage\":\"bs-BA\",\"@id\":\"https:\/\/sandzakpress.net\/arhiva\/#\/schema\/person\/image\/\",\"url\":\"https:\/\/secure.gravatar.com\/avatar\/42263f39aa27ac04c43cab85c280eb2e?s=96&d=mm&r=pg\",\"contentUrl\":\"https:\/\/secure.gravatar.com\/avatar\/42263f39aa27ac04c43cab85c280eb2e?s=96&d=mm&r=pg\",\"caption\":\"Kul\"},\"logo\":{\"@id\":\"https:\/\/sandzakpress.net\/arhiva\/#\/schema\/person\/image\/\"}},{\"@type\":\"Person\",\"@id\":\"https:\/\/sandzakpress.net\/arhiva\/#\/schema\/person\/c8baee722073534b583ea7bdb2e36c02\",\"name\":\"bosniak\",\"image\":{\"@type\":\"ImageObject\",\"inLanguage\":\"bs-BA\",\"@id\":\"https:\/\/sandzakpress.net\/arhiva\/#\/schema\/person\/image\/\",\"url\":\"https:\/\/secure.gravatar.com\/avatar\/a04fd330bfe3a36a72a0ad4a6d89fca7?s=96&d=mm&r=pg\",\"contentUrl\":\"https:\/\/secure.gravatar.com\/avatar\/a04fd330bfe3a36a72a0ad4a6d89fca7?s=96&d=mm&r=pg\",\"caption\":\"bosniak\"},\"url\":\"https:\/\/sandzakpress.net\/arhiva\/author\/bosniak\/\"}]}<\/script>\n<!-- \/ Yoast SEO Premium plugin. -->","yoast_head_json":{"title":"Bijelo Polje: Otvoren Islamski centar u Rasovu","robots":{"index":"index","follow":"follow","max-snippet":"max-snippet:-1","max-image-preview":"max-image-preview:large","max-video-preview":"max-video-preview:-1"},"canonical":"https:\/\/sandzakpress.net\/arhiva\/bijelo-polje-otvoren-islamski-centar-u-rasovu\/","og_locale":"bs_BA","og_type":"article","og_title":"Bijelo Polje: Otvoren Islamski centar u Rasovu","og_description":"Bijelo Polje &#8211; Islamski centar u Rasovu sve\u010dano je otvoren u petak 08.11.2013. u prisustvu brojnih vjernika i predstavnika vjerskih zajednica, najvi\u0161ih dr\u017eavnih predstavnika i brojnih gostiju iz zemlje i inostranstva, a formalno su ga otvorili reis Islamske zajednice u Crnoj Gori ef. Rifat Fejzic, izaslanik ambasadora Republike Turske u Crnoj Gori Mehmed Ferhan Jorulmaz [&hellip;]","og_url":"https:\/\/sandzakpress.net\/arhiva\/bijelo-polje-otvoren-islamski-centar-u-rasovu\/","og_site_name":"Sand\u017eak PRESS","article_published_time":"2013-11-09T16:00:47+00:00","article_modified_time":"2013-11-09T17:16:01+00:00","og_image":[{"width":616,"height":462,"url":"https:\/\/sandzakpress.net\/arhiva\/wp-content\/uploads\/2013\/11\/0-1024x768.jpg","type":"image\/jpeg"}],"author":"bosniak","twitter_card":"summary_large_image","twitter_misc":{"Written by":"bosniak","Est. reading time":"2 minute"},"schema":{"@context":"https:\/\/schema.org","@graph":[{"@type":"Article","@id":"https:\/\/sandzakpress.net\/arhiva\/bijelo-polje-otvoren-islamski-centar-u-rasovu\/#article","isPartOf":{"@id":"https:\/\/sandzakpress.net\/arhiva\/bijelo-polje-otvoren-islamski-centar-u-rasovu\/"},"author":{"name":"bosniak","@id":"https:\/\/sandzakpress.net\/arhiva\/#\/schema\/person\/c8baee722073534b583ea7bdb2e36c02"},"headline":"Bijelo Polje: Otvoren Islamski centar u Rasovu","datePublished":"2013-11-09T16:00:47+00:00","dateModified":"2013-11-09T17:16:01+00:00","mainEntityOfPage":{"@id":"https:\/\/sandzakpress.net\/arhiva\/bijelo-polje-otvoren-islamski-centar-u-rasovu\/"},"wordCount":438,"commentCount":1,"publisher":{"@id":"https:\/\/sandzakpress.net\/arhiva\/#\/schema\/person\/6e72b67d6e51910a1117b3b483ba20bd"},"image":{"@id":"https:\/\/sandzakpress.net\/arhiva\/bijelo-polje-otvoren-islamski-centar-u-rasovu\/#primaryimage"},"thumbnailUrl":"https:\/\/sandzakpress.net\/arhiva\/wp-content\/uploads\/2013\/11\/0-1024x768.jpg","keywords":["Islamska zajednica"],"articleSection":["Bijelo Polje","Islamska zajednica","VIJESTI DANA"],"inLanguage":"bs-BA","potentialAction":[{"@type":"CommentAction","name":"Comment","target":["https:\/\/sandzakpress.net\/arhiva\/bijelo-polje-otvoren-islamski-centar-u-rasovu\/#respond"]}]},{"@type":"WebPage","@id":"https:\/\/sandzakpress.net\/arhiva\/bijelo-polje-otvoren-islamski-centar-u-rasovu\/","url":"https:\/\/sandzakpress.net\/arhiva\/bijelo-polje-otvoren-islamski-centar-u-rasovu\/","name":"Bijelo Polje: Otvoren Islamski centar u Rasovu","isPartOf":{"@id":"https:\/\/sandzakpress.net\/arhiva\/#website"},"primaryImageOfPage":{"@id":"https:\/\/sandzakpress.net\/arhiva\/bijelo-polje-otvoren-islamski-centar-u-rasovu\/#primaryimage"},"image":{"@id":"https:\/\/sandzakpress.net\/arhiva\/bijelo-polje-otvoren-islamski-centar-u-rasovu\/#primaryimage"},"thumbnailUrl":"https:\/\/sandzakpress.net\/arhiva\/wp-content\/uploads\/2013\/11\/0-1024x768.jpg","datePublished":"2013-11-09T16:00:47+00:00","dateModified":"2013-11-09T17:16:01+00:00","breadcrumb":{"@id":"https:\/\/sandzakpress.net\/arhiva\/bijelo-polje-otvoren-islamski-centar-u-rasovu\/#breadcrumb"},"inLanguage":"bs-BA","potentialAction":[{"@type":"ReadAction","target":["https:\/\/sandzakpress.net\/arhiva\/bijelo-polje-otvoren-islamski-centar-u-rasovu\/"]}]},{"@type":"ImageObject","inLanguage":"bs-BA","@id":"https:\/\/sandzakpress.net\/arhiva\/bijelo-polje-otvoren-islamski-centar-u-rasovu\/#primaryimage","url":"https:\/\/sandzakpress.net\/arhiva\/wp-content\/uploads\/2013\/11\/0-1024x768.jpg","contentUrl":"https:\/\/sandzakpress.net\/arhiva\/wp-content\/uploads\/2013\/11\/0-1024x768.jpg","width":616,"height":462},{"@type":"BreadcrumbList","@id":"https:\/\/sandzakpress.net\/arhiva\/bijelo-polje-otvoren-islamski-centar-u-rasovu\/#breadcrumb","itemListElement":[{"@type":"ListItem","position":1,"name":"Home","item":"https:\/\/sandzakpress.net\/arhiva\/"},{"@type":"ListItem","position":2,"name":"Bijelo Polje: Otvoren Islamski centar u Rasovu"}]},{"@type":"WebSite","@id":"https:\/\/sandzakpress.net\/arhiva\/#website","url":"https:\/\/sandzakpress.net\/arhiva\/","name":"Sand\u017eak PRESS","description":"Prve elektronske novine u Sand\u017eaku","publisher":{"@id":"https:\/\/sandzakpress.net\/arhiva\/#\/schema\/person\/6e72b67d6e51910a1117b3b483ba20bd"},"potentialAction":[{"@type":"SearchAction","target":{"@type":"EntryPoint","urlTemplate":"https:\/\/sandzakpress.net\/arhiva\/?s={search_term_string}"},"query-input":{"@type":"PropertyValueSpecification","valueRequired":true,"valueName":"search_term_string"}}],"inLanguage":"bs-BA"},{"@type":["Person","Organization"],"@id":"https:\/\/sandzakpress.net\/arhiva\/#\/schema\/person\/6e72b67d6e51910a1117b3b483ba20bd","name":"Kul","image":{"@type":"ImageObject","inLanguage":"bs-BA","@id":"https:\/\/sandzakpress.net\/arhiva\/#\/schema\/person\/image\/","url":"https:\/\/secure.gravatar.com\/avatar\/42263f39aa27ac04c43cab85c280eb2e?s=96&d=mm&r=pg","contentUrl":"https:\/\/secure.gravatar.com\/avatar\/42263f39aa27ac04c43cab85c280eb2e?s=96&d=mm&r=pg","caption":"Kul"},"logo":{"@id":"https:\/\/sandzakpress.net\/arhiva\/#\/schema\/person\/image\/"}},{"@type":"Person","@id":"https:\/\/sandzakpress.net\/arhiva\/#\/schema\/person\/c8baee722073534b583ea7bdb2e36c02","name":"bosniak","image":{"@type":"ImageObject","inLanguage":"bs-BA","@id":"https:\/\/sandzakpress.net\/arhiva\/#\/schema\/person\/image\/","url":"https:\/\/secure.gravatar.com\/avatar\/a04fd330bfe3a36a72a0ad4a6d89fca7?s=96&d=mm&r=pg","contentUrl":"https:\/\/secure.gravatar.com\/avatar\/a04fd330bfe3a36a72a0ad4a6d89fca7?s=96&d=mm&r=pg","caption":"bosniak"},"url":"https:\/\/sandzakpress.net\/arhiva\/author\/bosniak\/"}]}},"_links":{"self":[{"href":"https:\/\/sandzakpress.net\/arhiva\/wp-json\/wp\/v2\/posts\/94532"}],"collection":[{"href":"https:\/\/sandzakpress.net\/arhiva\/wp-json\/wp\/v2\/posts"}],"about":[{"href":"https:\/\/sandzakpress.net\/arhiva\/wp-json\/wp\/v2\/types\/post"}],"author":[{"embeddable":true,"href":"https:\/\/sandzakpress.net\/arhiva\/wp-json\/wp\/v2\/users\/83"}],"replies":[{"embeddable":true,"href":"https:\/\/sandzakpress.net\/arhiva\/wp-json\/wp\/v2\/comments?post=94532"}],"version-history":[{"count":0,"href":"https:\/\/sandzakpress.net\/arhiva\/wp-json\/wp\/v2\/posts\/94532\/revisions"}],"wp:featuredmedia":[{"embeddable":true,"href":"https:\/\/sandzakpress.net\/arhiva\/wp-json\/wp\/v2\/media\/94533"}],"wp:attachment":[{"href":"https:\/\/sandzakpress.net\/arhiva\/wp-json\/wp\/v2\/media?parent=94532"}],"wp:term":[{"taxonomy":"category","embeddable":true,"href":"https:\/\/sandzakpress.net\/arhiva\/wp-json\/wp\/v2\/categories?post=94532"},{"taxonomy":"post_tag","embeddable":true,"href":"https:\/\/sandzakpress.net\/arhiva\/wp-json\/wp\/v2\/tags?post=94532"}],"curies":[{"name":"wp","href":"https:\/\/api.w.org\/{rel}","templated":true}]}}