{"id":9440,"date":"2010-10-26T23:22:39","date_gmt":"2010-10-26T21:22:39","guid":{"rendered":"https:\/\/sandzakpress.net\/arhiva\/?p=9440"},"modified":"2010-10-26T23:22:39","modified_gmt":"2010-10-26T21:22:39","slug":"palestici-upucuju-zahtjev-za-priznanje-granica","status":"publish","type":"post","link":"https:\/\/sandzakpress.net\/arhiva\/palestici-upucuju-zahtjev-za-priznanje-granica\/","title":{"rendered":"Palestici upu\u0107uju zahtjev za priznanje granica?"},"content":{"rendered":"<p><strong><a href=\"https:\/\/sandzakpress.net\/arhiva\/wp-content\/uploads\/2010\/10\/images_2.jpg\"><img loading=\"lazy\" decoding=\"async\" class=\"alignleft size-full wp-image-9441\" title=\"images_2\" src=\"https:\/\/sandzakpress.net\/arhiva\/wp-content\/uploads\/2010\/10\/images_2.jpg\" alt=\"\" width=\"180\" height=\"224\" \/><\/a>Palestina &#8211; Nakon kraha mirovnih pregovora na Bliskom Istoku, palestinska dr\u017eava razmi\u0161lja o soluciji upu\u0107ivanja zahtjeva UN za priznavanje granica. Izrael je upozorio Palestinu da ne preduzima individualne korake u vezi teme nezavisnosti.<\/strong><\/p>\n<p>Izraelski premijer Netanjahu je izjavio da je postizanje mira na bliskom istoku mogu\u0107e ostvariti samo putem pregovora. Netanjahu je na sastanku dr\u017eavnog kabineta rekao da je potrebno izraziti po\u0161tovanje u Palestincima na zahtjevima za odr\u017eavanjem direktnih pregovora. Benjamin Netanjahu je istakao da obra\u0107anje me\u0111unarodnim mehanizmima nije realan prilazak rje\u0161enju i da isto tako ove organizacije ne mogu imati udjela u stvaranju mira.<\/p>\n<p>Ina\u010de kao \u0161to znamo mirovne pregovore koje su zapo\u010dele SAD nisu prekinuti su nakon ponovnog po\u010detka izgradnje jevrejskih naselja u pojasu zapadne obale . palestinska uprava u smislu priznavanja granica razmi\u0161lja da uputi zahtjev Vije\u0107u bezbijednosti UN . Ukoliko se priznaju granice od 1967 godine ,na ovaj na\u010din \u0107e se jo\u0161 jednom potvrditi da su podru\u010dja zapadne obale , pojasa Gaze i isto\u010dnog Jerusalema u okvirima palestinske dr\u017eave.<\/p>\n<p>Na drugoj strani komandant izraelskih vojnih snaga Gabi A\u0161kenazi je u okviru istrage napada na humanitarni brod Mavi Marmara potvrdio da su izraelski komandosi ispalili 308. metaka. Gabinijev pomo\u0107nik je priznao da su 70.metaka utjecali na smrt ili ranjavanje \u010dlanova humanitarnog broda, a da su ostali metci bili upozoravaju\u0107eg karaktera.<\/p>\n<p>Izvor: <strong>IslamBosna.ba<\/strong><\/p>\n","protected":false},"excerpt":{"rendered":"<p>Palestina &#8211; Nakon kraha mirovnih pregovora na Bliskom Istoku, palestinska dr\u017eava razmi\u0161lja o soluciji upu\u0107ivanja zahtjeva UN za priznavanje granica. Izrael je upozorio Palestinu da ne preduzima individualne korake u vezi teme nezavisnosti. Izraelski premijer Netanjahu je izjavio da je postizanje mira na bliskom istoku mogu\u0107e ostvariti samo putem pregovora. Netanjahu je na sastanku dr\u017eavnog [&hellip;]<\/p>\n","protected":false},"author":83,"featured_media":9441,"comment_status":"open","ping_status":"open","sticky":false,"template":"","format":"standard","meta":{"footnotes":""},"categories":[9],"tags":[],"class_list":{"0":"post-9440","1":"post","2":"type-post","3":"status-publish","4":"format-standard","5":"has-post-thumbnail","7":"category-svijet"},"yoast_head":"<!-- This site is optimized with the Yoast SEO Premium plugin v23.1 (Yoast SEO v24.9) - https:\/\/yoast.com\/wordpress\/plugins\/seo\/ -->\n<title>Palestici upu\u0107uju zahtjev za priznanje granica?<\/title>\n<meta name=\"robots\" content=\"index, follow, max-snippet:-1, max-image-preview:large, max-video-preview:-1\" \/>\n<link rel=\"canonical\" href=\"https:\/\/sandzakpress.net\/arhiva\/palestici-upucuju-zahtjev-za-priznanje-granica\/\" \/>\n<meta property=\"og:locale\" content=\"bs_BA\" \/>\n<meta property=\"og:type\" content=\"article\" \/>\n<meta property=\"og:title\" content=\"Palestici upu\u0107uju zahtjev za priznanje granica?\" \/>\n<meta property=\"og:description\" content=\"Palestina &#8211; Nakon kraha mirovnih pregovora na Bliskom Istoku, palestinska dr\u017eava razmi\u0161lja o soluciji upu\u0107ivanja zahtjeva UN za priznavanje granica. Izrael je upozorio Palestinu da ne preduzima individualne korake u vezi teme nezavisnosti. Izraelski premijer Netanjahu je izjavio da je postizanje mira na bliskom istoku mogu\u0107e ostvariti samo putem pregovora. Netanjahu je na sastanku dr\u017eavnog [&hellip;]\" \/>\n<meta property=\"og:url\" content=\"https:\/\/sandzakpress.net\/arhiva\/palestici-upucuju-zahtjev-za-priznanje-granica\/\" \/>\n<meta property=\"og:site_name\" content=\"Sand\u017eak PRESS\" \/>\n<meta property=\"article:published_time\" content=\"2010-10-26T21:22:39+00:00\" \/>\n<meta property=\"og:image\" content=\"https:\/\/sandzakpress.net\/arhiva\/wp-content\/uploads\/2010\/10\/images_2.jpg\" \/>\n\t<meta property=\"og:image:width\" content=\"180\" \/>\n\t<meta property=\"og:image:height\" content=\"224\" \/>\n\t<meta property=\"og:image:type\" content=\"image\/jpeg\" \/>\n<meta name=\"author\" content=\"bosniak\" \/>\n<meta name=\"twitter:card\" content=\"summary_large_image\" \/>\n<meta name=\"twitter:label1\" content=\"Written by\" \/>\n\t<meta name=\"twitter:data1\" content=\"bosniak\" \/>\n\t<meta name=\"twitter:label2\" content=\"Est. reading time\" \/>\n\t<meta name=\"twitter:data2\" content=\"1 minuta\" \/>\n<script type=\"application\/ld+json\" class=\"yoast-schema-graph\">{\"@context\":\"https:\/\/schema.org\",\"@graph\":[{\"@type\":\"Article\",\"@id\":\"https:\/\/sandzakpress.net\/arhiva\/palestici-upucuju-zahtjev-za-priznanje-granica\/#article\",\"isPartOf\":{\"@id\":\"https:\/\/sandzakpress.net\/arhiva\/palestici-upucuju-zahtjev-za-priznanje-granica\/\"},\"author\":{\"name\":\"bosniak\",\"@id\":\"https:\/\/sandzakpress.net\/arhiva\/#\/schema\/person\/c8baee722073534b583ea7bdb2e36c02\"},\"headline\":\"Palestici upu\u0107uju zahtjev za priznanje granica?\",\"datePublished\":\"2010-10-26T21:22:39+00:00\",\"mainEntityOfPage\":{\"@id\":\"https:\/\/sandzakpress.net\/arhiva\/palestici-upucuju-zahtjev-za-priznanje-granica\/\"},\"wordCount\":240,\"commentCount\":2,\"publisher\":{\"@id\":\"https:\/\/sandzakpress.net\/arhiva\/#\/schema\/person\/6e72b67d6e51910a1117b3b483ba20bd\"},\"image\":{\"@id\":\"https:\/\/sandzakpress.net\/arhiva\/palestici-upucuju-zahtjev-za-priznanje-granica\/#primaryimage\"},\"thumbnailUrl\":\"https:\/\/sandzakpress.net\/arhiva\/wp-content\/uploads\/2010\/10\/images_2.jpg\",\"articleSection\":[\"Svijet\"],\"inLanguage\":\"bs-BA\",\"potentialAction\":[{\"@type\":\"CommentAction\",\"name\":\"Comment\",\"target\":[\"https:\/\/sandzakpress.net\/arhiva\/palestici-upucuju-zahtjev-za-priznanje-granica\/#respond\"]}]},{\"@type\":\"WebPage\",\"@id\":\"https:\/\/sandzakpress.net\/arhiva\/palestici-upucuju-zahtjev-za-priznanje-granica\/\",\"url\":\"https:\/\/sandzakpress.net\/arhiva\/palestici-upucuju-zahtjev-za-priznanje-granica\/\",\"name\":\"Palestici upu\u0107uju zahtjev za priznanje granica?\",\"isPartOf\":{\"@id\":\"https:\/\/sandzakpress.net\/arhiva\/#website\"},\"primaryImageOfPage\":{\"@id\":\"https:\/\/sandzakpress.net\/arhiva\/palestici-upucuju-zahtjev-za-priznanje-granica\/#primaryimage\"},\"image\":{\"@id\":\"https:\/\/sandzakpress.net\/arhiva\/palestici-upucuju-zahtjev-za-priznanje-granica\/#primaryimage\"},\"thumbnailUrl\":\"https:\/\/sandzakpress.net\/arhiva\/wp-content\/uploads\/2010\/10\/images_2.jpg\",\"datePublished\":\"2010-10-26T21:22:39+00:00\",\"breadcrumb\":{\"@id\":\"https:\/\/sandzakpress.net\/arhiva\/palestici-upucuju-zahtjev-za-priznanje-granica\/#breadcrumb\"},\"inLanguage\":\"bs-BA\",\"potentialAction\":[{\"@type\":\"ReadAction\",\"target\":[\"https:\/\/sandzakpress.net\/arhiva\/palestici-upucuju-zahtjev-za-priznanje-granica\/\"]}]},{\"@type\":\"ImageObject\",\"inLanguage\":\"bs-BA\",\"@id\":\"https:\/\/sandzakpress.net\/arhiva\/palestici-upucuju-zahtjev-za-priznanje-granica\/#primaryimage\",\"url\":\"https:\/\/sandzakpress.net\/arhiva\/wp-content\/uploads\/2010\/10\/images_2.jpg\",\"contentUrl\":\"https:\/\/sandzakpress.net\/arhiva\/wp-content\/uploads\/2010\/10\/images_2.jpg\",\"width\":180,\"height\":224},{\"@type\":\"BreadcrumbList\",\"@id\":\"https:\/\/sandzakpress.net\/arhiva\/palestici-upucuju-zahtjev-za-priznanje-granica\/#breadcrumb\",\"itemListElement\":[{\"@type\":\"ListItem\",\"position\":1,\"name\":\"Home\",\"item\":\"https:\/\/sandzakpress.net\/arhiva\/\"},{\"@type\":\"ListItem\",\"position\":2,\"name\":\"Palestici upu\u0107uju zahtjev za priznanje granica?\"}]},{\"@type\":\"WebSite\",\"@id\":\"https:\/\/sandzakpress.net\/arhiva\/#website\",\"url\":\"https:\/\/sandzakpress.net\/arhiva\/\",\"name\":\"Sand\u017eak PRESS\",\"description\":\"Prve elektronske novine u Sand\u017eaku\",\"publisher\":{\"@id\":\"https:\/\/sandzakpress.net\/arhiva\/#\/schema\/person\/6e72b67d6e51910a1117b3b483ba20bd\"},\"potentialAction\":[{\"@type\":\"SearchAction\",\"target\":{\"@type\":\"EntryPoint\",\"urlTemplate\":\"https:\/\/sandzakpress.net\/arhiva\/?s={search_term_string}\"},\"query-input\":{\"@type\":\"PropertyValueSpecification\",\"valueRequired\":true,\"valueName\":\"search_term_string\"}}],\"inLanguage\":\"bs-BA\"},{\"@type\":[\"Person\",\"Organization\"],\"@id\":\"https:\/\/sandzakpress.net\/arhiva\/#\/schema\/person\/6e72b67d6e51910a1117b3b483ba20bd\",\"name\":\"Kul\",\"image\":{\"@type\":\"ImageObject\",\"inLanguage\":\"bs-BA\",\"@id\":\"https:\/\/sandzakpress.net\/arhiva\/#\/schema\/person\/image\/\",\"url\":\"https:\/\/secure.gravatar.com\/avatar\/42263f39aa27ac04c43cab85c280eb2e?s=96&d=mm&r=pg\",\"contentUrl\":\"https:\/\/secure.gravatar.com\/avatar\/42263f39aa27ac04c43cab85c280eb2e?s=96&d=mm&r=pg\",\"caption\":\"Kul\"},\"logo\":{\"@id\":\"https:\/\/sandzakpress.net\/arhiva\/#\/schema\/person\/image\/\"}},{\"@type\":\"Person\",\"@id\":\"https:\/\/sandzakpress.net\/arhiva\/#\/schema\/person\/c8baee722073534b583ea7bdb2e36c02\",\"name\":\"bosniak\",\"image\":{\"@type\":\"ImageObject\",\"inLanguage\":\"bs-BA\",\"@id\":\"https:\/\/sandzakpress.net\/arhiva\/#\/schema\/person\/image\/\",\"url\":\"https:\/\/secure.gravatar.com\/avatar\/a04fd330bfe3a36a72a0ad4a6d89fca7?s=96&d=mm&r=pg\",\"contentUrl\":\"https:\/\/secure.gravatar.com\/avatar\/a04fd330bfe3a36a72a0ad4a6d89fca7?s=96&d=mm&r=pg\",\"caption\":\"bosniak\"},\"url\":\"https:\/\/sandzakpress.net\/arhiva\/author\/bosniak\/\"}]}<\/script>\n<!-- \/ Yoast SEO Premium plugin. -->","yoast_head_json":{"title":"Palestici upu\u0107uju zahtjev za priznanje granica?","robots":{"index":"index","follow":"follow","max-snippet":"max-snippet:-1","max-image-preview":"max-image-preview:large","max-video-preview":"max-video-preview:-1"},"canonical":"https:\/\/sandzakpress.net\/arhiva\/palestici-upucuju-zahtjev-za-priznanje-granica\/","og_locale":"bs_BA","og_type":"article","og_title":"Palestici upu\u0107uju zahtjev za priznanje granica?","og_description":"Palestina &#8211; Nakon kraha mirovnih pregovora na Bliskom Istoku, palestinska dr\u017eava razmi\u0161lja o soluciji upu\u0107ivanja zahtjeva UN za priznavanje granica. Izrael je upozorio Palestinu da ne preduzima individualne korake u vezi teme nezavisnosti. Izraelski premijer Netanjahu je izjavio da je postizanje mira na bliskom istoku mogu\u0107e ostvariti samo putem pregovora. Netanjahu je na sastanku dr\u017eavnog [&hellip;]","og_url":"https:\/\/sandzakpress.net\/arhiva\/palestici-upucuju-zahtjev-za-priznanje-granica\/","og_site_name":"Sand\u017eak PRESS","article_published_time":"2010-10-26T21:22:39+00:00","og_image":[{"width":180,"height":224,"url":"https:\/\/sandzakpress.net\/arhiva\/wp-content\/uploads\/2010\/10\/images_2.jpg","type":"image\/jpeg"}],"author":"bosniak","twitter_card":"summary_large_image","twitter_misc":{"Written by":"bosniak","Est. reading time":"1 minuta"},"schema":{"@context":"https:\/\/schema.org","@graph":[{"@type":"Article","@id":"https:\/\/sandzakpress.net\/arhiva\/palestici-upucuju-zahtjev-za-priznanje-granica\/#article","isPartOf":{"@id":"https:\/\/sandzakpress.net\/arhiva\/palestici-upucuju-zahtjev-za-priznanje-granica\/"},"author":{"name":"bosniak","@id":"https:\/\/sandzakpress.net\/arhiva\/#\/schema\/person\/c8baee722073534b583ea7bdb2e36c02"},"headline":"Palestici upu\u0107uju zahtjev za priznanje granica?","datePublished":"2010-10-26T21:22:39+00:00","mainEntityOfPage":{"@id":"https:\/\/sandzakpress.net\/arhiva\/palestici-upucuju-zahtjev-za-priznanje-granica\/"},"wordCount":240,"commentCount":2,"publisher":{"@id":"https:\/\/sandzakpress.net\/arhiva\/#\/schema\/person\/6e72b67d6e51910a1117b3b483ba20bd"},"image":{"@id":"https:\/\/sandzakpress.net\/arhiva\/palestici-upucuju-zahtjev-za-priznanje-granica\/#primaryimage"},"thumbnailUrl":"https:\/\/sandzakpress.net\/arhiva\/wp-content\/uploads\/2010\/10\/images_2.jpg","articleSection":["Svijet"],"inLanguage":"bs-BA","potentialAction":[{"@type":"CommentAction","name":"Comment","target":["https:\/\/sandzakpress.net\/arhiva\/palestici-upucuju-zahtjev-za-priznanje-granica\/#respond"]}]},{"@type":"WebPage","@id":"https:\/\/sandzakpress.net\/arhiva\/palestici-upucuju-zahtjev-za-priznanje-granica\/","url":"https:\/\/sandzakpress.net\/arhiva\/palestici-upucuju-zahtjev-za-priznanje-granica\/","name":"Palestici upu\u0107uju zahtjev za priznanje granica?","isPartOf":{"@id":"https:\/\/sandzakpress.net\/arhiva\/#website"},"primaryImageOfPage":{"@id":"https:\/\/sandzakpress.net\/arhiva\/palestici-upucuju-zahtjev-za-priznanje-granica\/#primaryimage"},"image":{"@id":"https:\/\/sandzakpress.net\/arhiva\/palestici-upucuju-zahtjev-za-priznanje-granica\/#primaryimage"},"thumbnailUrl":"https:\/\/sandzakpress.net\/arhiva\/wp-content\/uploads\/2010\/10\/images_2.jpg","datePublished":"2010-10-26T21:22:39+00:00","breadcrumb":{"@id":"https:\/\/sandzakpress.net\/arhiva\/palestici-upucuju-zahtjev-za-priznanje-granica\/#breadcrumb"},"inLanguage":"bs-BA","potentialAction":[{"@type":"ReadAction","target":["https:\/\/sandzakpress.net\/arhiva\/palestici-upucuju-zahtjev-za-priznanje-granica\/"]}]},{"@type":"ImageObject","inLanguage":"bs-BA","@id":"https:\/\/sandzakpress.net\/arhiva\/palestici-upucuju-zahtjev-za-priznanje-granica\/#primaryimage","url":"https:\/\/sandzakpress.net\/arhiva\/wp-content\/uploads\/2010\/10\/images_2.jpg","contentUrl":"https:\/\/sandzakpress.net\/arhiva\/wp-content\/uploads\/2010\/10\/images_2.jpg","width":180,"height":224},{"@type":"BreadcrumbList","@id":"https:\/\/sandzakpress.net\/arhiva\/palestici-upucuju-zahtjev-za-priznanje-granica\/#breadcrumb","itemListElement":[{"@type":"ListItem","position":1,"name":"Home","item":"https:\/\/sandzakpress.net\/arhiva\/"},{"@type":"ListItem","position":2,"name":"Palestici upu\u0107uju zahtjev za priznanje granica?"}]},{"@type":"WebSite","@id":"https:\/\/sandzakpress.net\/arhiva\/#website","url":"https:\/\/sandzakpress.net\/arhiva\/","name":"Sand\u017eak PRESS","description":"Prve elektronske novine u Sand\u017eaku","publisher":{"@id":"https:\/\/sandzakpress.net\/arhiva\/#\/schema\/person\/6e72b67d6e51910a1117b3b483ba20bd"},"potentialAction":[{"@type":"SearchAction","target":{"@type":"EntryPoint","urlTemplate":"https:\/\/sandzakpress.net\/arhiva\/?s={search_term_string}"},"query-input":{"@type":"PropertyValueSpecification","valueRequired":true,"valueName":"search_term_string"}}],"inLanguage":"bs-BA"},{"@type":["Person","Organization"],"@id":"https:\/\/sandzakpress.net\/arhiva\/#\/schema\/person\/6e72b67d6e51910a1117b3b483ba20bd","name":"Kul","image":{"@type":"ImageObject","inLanguage":"bs-BA","@id":"https:\/\/sandzakpress.net\/arhiva\/#\/schema\/person\/image\/","url":"https:\/\/secure.gravatar.com\/avatar\/42263f39aa27ac04c43cab85c280eb2e?s=96&d=mm&r=pg","contentUrl":"https:\/\/secure.gravatar.com\/avatar\/42263f39aa27ac04c43cab85c280eb2e?s=96&d=mm&r=pg","caption":"Kul"},"logo":{"@id":"https:\/\/sandzakpress.net\/arhiva\/#\/schema\/person\/image\/"}},{"@type":"Person","@id":"https:\/\/sandzakpress.net\/arhiva\/#\/schema\/person\/c8baee722073534b583ea7bdb2e36c02","name":"bosniak","image":{"@type":"ImageObject","inLanguage":"bs-BA","@id":"https:\/\/sandzakpress.net\/arhiva\/#\/schema\/person\/image\/","url":"https:\/\/secure.gravatar.com\/avatar\/a04fd330bfe3a36a72a0ad4a6d89fca7?s=96&d=mm&r=pg","contentUrl":"https:\/\/secure.gravatar.com\/avatar\/a04fd330bfe3a36a72a0ad4a6d89fca7?s=96&d=mm&r=pg","caption":"bosniak"},"url":"https:\/\/sandzakpress.net\/arhiva\/author\/bosniak\/"}]}},"_links":{"self":[{"href":"https:\/\/sandzakpress.net\/arhiva\/wp-json\/wp\/v2\/posts\/9440"}],"collection":[{"href":"https:\/\/sandzakpress.net\/arhiva\/wp-json\/wp\/v2\/posts"}],"about":[{"href":"https:\/\/sandzakpress.net\/arhiva\/wp-json\/wp\/v2\/types\/post"}],"author":[{"embeddable":true,"href":"https:\/\/sandzakpress.net\/arhiva\/wp-json\/wp\/v2\/users\/83"}],"replies":[{"embeddable":true,"href":"https:\/\/sandzakpress.net\/arhiva\/wp-json\/wp\/v2\/comments?post=9440"}],"version-history":[{"count":0,"href":"https:\/\/sandzakpress.net\/arhiva\/wp-json\/wp\/v2\/posts\/9440\/revisions"}],"wp:featuredmedia":[{"embeddable":true,"href":"https:\/\/sandzakpress.net\/arhiva\/wp-json\/wp\/v2\/media\/9441"}],"wp:attachment":[{"href":"https:\/\/sandzakpress.net\/arhiva\/wp-json\/wp\/v2\/media?parent=9440"}],"wp:term":[{"taxonomy":"category","embeddable":true,"href":"https:\/\/sandzakpress.net\/arhiva\/wp-json\/wp\/v2\/categories?post=9440"},{"taxonomy":"post_tag","embeddable":true,"href":"https:\/\/sandzakpress.net\/arhiva\/wp-json\/wp\/v2\/tags?post=9440"}],"curies":[{"name":"wp","href":"https:\/\/api.w.org\/{rel}","templated":true}]}}