{"id":9431,"date":"2010-10-26T23:13:19","date_gmt":"2010-10-26T21:13:19","guid":{"rendered":"https:\/\/sandzakpress.net\/arhiva\/?p=9431"},"modified":"2010-10-26T23:13:19","modified_gmt":"2010-10-26T21:13:19","slug":"sandzaklije-su-ostro-protiv-da-ljajic-igra-za-srbiju","status":"publish","type":"post","link":"https:\/\/sandzakpress.net\/arhiva\/sandzaklije-su-ostro-protiv-da-ljajic-igra-za-srbiju\/","title":{"rendered":"Sand\u017eaklije su o\u0161tro protiv da Ljaji\u0107 igra za Srbiju"},"content":{"rendered":"<p><strong><a href=\"https:\/\/sandzakpress.net\/arhiva\/wp-content\/uploads\/2010\/10\/ademljajic_partizansajt.jpg\"><img loading=\"lazy\" decoding=\"async\" class=\"alignleft size-full wp-image-9432\" title=\"ademljajic_partizansajt\" src=\"https:\/\/sandzakpress.net\/arhiva\/wp-content\/uploads\/2010\/10\/ademljajic_partizansajt.jpg\" alt=\"\" width=\"250\" height=\"160\" \/><\/a>Novi Pazar &#8211; Digla se velika pra\u0161ina, oko eventualnog nastupa mladog Ljaji\u0107a za reprezentaciju BiH , po\u0161to nije dobio poziv za Srbiju.<\/strong><\/p>\n<p>Sandzaklije bi najradije Ljaji\u0107a vidjele u reprezentaciji koji predvodi Safet Su\u0161i\u0107, \u010dak 67,7 % njih smatra da bi Adem trebao zaigrati za Zmajeve.<\/p>\n<p>Ali 24 % Sandzaklija je da Adem zaigra za Orlove.<\/p>\n<p>Pitanje na koje su na\u0161i posjetioci mogli glasati, glasilo je:<\/p>\n<p><strong> <\/strong><\/p>\n<p><strong>\u017delim vidjeti Adema Ljaji\u0107a u ?<\/strong><\/p>\n<p>1. Reprezentaciji BiH &#8211; 147 glasova ( 67,7 % )<\/p>\n<p>2. Reprezentaciji Srbije &#8211; 52 glasa ( 24 % )<\/p>\n<p>3. Sve mi je jedno &#8211; 11 glasova ( 5,1 % )<\/p>\n<p>4. Ne zaslu\u017euje poziv &#8211; 7 glasova ( 3,2 % )<\/p>\n<p>Fiorentina je probila led, pobedom nad Barijem od 2:1. Sini\u0161a Mihajlovi\u0107 je sa\u010duvao mjesto na kormilu &#8221;ljubi\u010dastih&#8221;, ali je i njegov pulen, Adem Ljaji\u0107 malo skinuo pritisak sa sebe. Bio je igra\u010d utakmice<\/p>\n<p>&#8221;Svi u klubu smo malo odahnuli. Ne pamtim da sam od dolaska u Italiju osjetio pritisak, kao pred utakmicu sa Barijem. Pritisak je na sve strane, od navija\u010da, preko medija&#8230;Izgubili smo neke dobijene utakmice, u\u0161li u crnu seriju. Pobjeda protiv Barija je bila mnogo bitna&#8221;, ka\u017ee najbolji pojedinac na terenu u firenci i ka\u017ee da je najve\u0107i pritisak na Mihi.<\/p>\n<p>&#8221;Njemu treba odati priznanje. Sva\u0161ta je pregrmeo. Od po\u010detka je na udaru, a nije samo on kriv za rezultatsku krizu. Igrali smo dobro, ali nam se de\u0161avalo da izgubimo. Protiv Sampa smo vodili 80 minuta, pa smo za dva primili dva gola. On je za sve to preuzimao odgovornost&#8221;, brani mladi Ljaji\u0107 svog trenera-sunarodnika i okre\u0107e se narednim izazovima, uz konstataciju da se svi dobro sla\u017eu sa Mihajlovi\u0107em.<br \/>\n<em><br \/>\n<\/em>&#8221;O\u010dekuje nas Kup sa Empolijem, pa idemo u goste Kataniji. slede nam gostovanja i u Rimu, Milanu i Torinu, koja \u0107e pokazati koliko smo zreli. Svi u klubu imamo fenomenalan odnos. Na istim smo talasnm du\u017einama sa Mihajlovi\u0107em, koji na treninzima pri\u010da Italijanski, pa meni obja\u0161njava na srpskom, \u0161to je pomalo smije\u0161no&#8221;, ka\u017ee Ljaji\u0107 i navodi da mu je bilo te\u0161ko, kada ga niko nije\u00a0 pozvao u nacionalni tim.<\/p>\n<p>Izvor: <strong>SandzakLive.rs<\/strong><\/p>\n","protected":false},"excerpt":{"rendered":"<p>Novi Pazar &#8211; Digla se velika pra\u0161ina, oko eventualnog nastupa mladog Ljaji\u0107a za reprezentaciju BiH , po\u0161to nije dobio poziv za Srbiju. Sandzaklije bi najradije Ljaji\u0107a vidjele u reprezentaciji koji predvodi Safet Su\u0161i\u0107, \u010dak 67,7 % njih smatra da bi Adem trebao zaigrati za Zmajeve. Ali 24 % Sandzaklija je da Adem zaigra za Orlove. [&hellip;]<\/p>\n","protected":false},"author":83,"featured_media":9432,"comment_status":"open","ping_status":"open","sticky":false,"template":"","format":"standard","meta":{"footnotes":""},"categories":[72,13],"tags":[],"class_list":{"0":"post-9431","1":"post","2":"type-post","3":"status-publish","4":"format-standard","5":"has-post-thumbnail","7":"category-novi-pazar","8":"category-sport"},"yoast_head":"<!-- This site is optimized with the Yoast SEO Premium plugin v23.1 (Yoast SEO v24.9) - https:\/\/yoast.com\/wordpress\/plugins\/seo\/ -->\n<title>Sand\u017eaklije su o\u0161tro protiv da Ljaji\u0107 igra za Srbiju<\/title>\n<meta name=\"robots\" content=\"index, follow, max-snippet:-1, max-image-preview:large, max-video-preview:-1\" \/>\n<link rel=\"canonical\" href=\"https:\/\/sandzakpress.net\/arhiva\/sandzaklije-su-ostro-protiv-da-ljajic-igra-za-srbiju\/\" \/>\n<meta property=\"og:locale\" content=\"bs_BA\" \/>\n<meta property=\"og:type\" content=\"article\" \/>\n<meta property=\"og:title\" content=\"Sand\u017eaklije su o\u0161tro protiv da Ljaji\u0107 igra za Srbiju\" \/>\n<meta property=\"og:description\" content=\"Novi Pazar &#8211; Digla se velika pra\u0161ina, oko eventualnog nastupa mladog Ljaji\u0107a za reprezentaciju BiH , po\u0161to nije dobio poziv za Srbiju. Sandzaklije bi najradije Ljaji\u0107a vidjele u reprezentaciji koji predvodi Safet Su\u0161i\u0107, \u010dak 67,7 % njih smatra da bi Adem trebao zaigrati za Zmajeve. Ali 24 % Sandzaklija je da Adem zaigra za Orlove. [&hellip;]\" \/>\n<meta property=\"og:url\" content=\"https:\/\/sandzakpress.net\/arhiva\/sandzaklije-su-ostro-protiv-da-ljajic-igra-za-srbiju\/\" \/>\n<meta property=\"og:site_name\" content=\"Sand\u017eak PRESS\" \/>\n<meta property=\"article:published_time\" content=\"2010-10-26T21:13:19+00:00\" \/>\n<meta property=\"og:image\" content=\"https:\/\/sandzakpress.net\/arhiva\/wp-content\/uploads\/2010\/10\/ademljajic_partizansajt.jpg\" \/>\n\t<meta property=\"og:image:width\" content=\"250\" \/>\n\t<meta property=\"og:image:height\" content=\"160\" \/>\n\t<meta property=\"og:image:type\" content=\"image\/jpeg\" \/>\n<meta name=\"author\" content=\"bosniak\" \/>\n<meta name=\"twitter:card\" content=\"summary_large_image\" \/>\n<meta name=\"twitter:label1\" content=\"Written by\" \/>\n\t<meta name=\"twitter:data1\" content=\"bosniak\" \/>\n\t<meta name=\"twitter:label2\" content=\"Est. reading time\" \/>\n\t<meta name=\"twitter:data2\" content=\"2 minute\" \/>\n<script type=\"application\/ld+json\" class=\"yoast-schema-graph\">{\"@context\":\"https:\/\/schema.org\",\"@graph\":[{\"@type\":\"Article\",\"@id\":\"https:\/\/sandzakpress.net\/arhiva\/sandzaklije-su-ostro-protiv-da-ljajic-igra-za-srbiju\/#article\",\"isPartOf\":{\"@id\":\"https:\/\/sandzakpress.net\/arhiva\/sandzaklije-su-ostro-protiv-da-ljajic-igra-za-srbiju\/\"},\"author\":{\"name\":\"bosniak\",\"@id\":\"https:\/\/sandzakpress.net\/arhiva\/#\/schema\/person\/c8baee722073534b583ea7bdb2e36c02\"},\"headline\":\"Sand\u017eaklije su o\u0161tro protiv da Ljaji\u0107 igra za Srbiju\",\"datePublished\":\"2010-10-26T21:13:19+00:00\",\"mainEntityOfPage\":{\"@id\":\"https:\/\/sandzakpress.net\/arhiva\/sandzaklije-su-ostro-protiv-da-ljajic-igra-za-srbiju\/\"},\"wordCount\":357,\"commentCount\":18,\"publisher\":{\"@id\":\"https:\/\/sandzakpress.net\/arhiva\/#\/schema\/person\/6e72b67d6e51910a1117b3b483ba20bd\"},\"image\":{\"@id\":\"https:\/\/sandzakpress.net\/arhiva\/sandzaklije-su-ostro-protiv-da-ljajic-igra-za-srbiju\/#primaryimage\"},\"thumbnailUrl\":\"https:\/\/sandzakpress.net\/arhiva\/wp-content\/uploads\/2010\/10\/ademljajic_partizansajt.jpg\",\"articleSection\":[\"Novi Pazar\",\"Sport\"],\"inLanguage\":\"bs-BA\",\"potentialAction\":[{\"@type\":\"CommentAction\",\"name\":\"Comment\",\"target\":[\"https:\/\/sandzakpress.net\/arhiva\/sandzaklije-su-ostro-protiv-da-ljajic-igra-za-srbiju\/#respond\"]}]},{\"@type\":\"WebPage\",\"@id\":\"https:\/\/sandzakpress.net\/arhiva\/sandzaklije-su-ostro-protiv-da-ljajic-igra-za-srbiju\/\",\"url\":\"https:\/\/sandzakpress.net\/arhiva\/sandzaklije-su-ostro-protiv-da-ljajic-igra-za-srbiju\/\",\"name\":\"Sand\u017eaklije su o\u0161tro protiv da Ljaji\u0107 igra za Srbiju\",\"isPartOf\":{\"@id\":\"https:\/\/sandzakpress.net\/arhiva\/#website\"},\"primaryImageOfPage\":{\"@id\":\"https:\/\/sandzakpress.net\/arhiva\/sandzaklije-su-ostro-protiv-da-ljajic-igra-za-srbiju\/#primaryimage\"},\"image\":{\"@id\":\"https:\/\/sandzakpress.net\/arhiva\/sandzaklije-su-ostro-protiv-da-ljajic-igra-za-srbiju\/#primaryimage\"},\"thumbnailUrl\":\"https:\/\/sandzakpress.net\/arhiva\/wp-content\/uploads\/2010\/10\/ademljajic_partizansajt.jpg\",\"datePublished\":\"2010-10-26T21:13:19+00:00\",\"breadcrumb\":{\"@id\":\"https:\/\/sandzakpress.net\/arhiva\/sandzaklije-su-ostro-protiv-da-ljajic-igra-za-srbiju\/#breadcrumb\"},\"inLanguage\":\"bs-BA\",\"potentialAction\":[{\"@type\":\"ReadAction\",\"target\":[\"https:\/\/sandzakpress.net\/arhiva\/sandzaklije-su-ostro-protiv-da-ljajic-igra-za-srbiju\/\"]}]},{\"@type\":\"ImageObject\",\"inLanguage\":\"bs-BA\",\"@id\":\"https:\/\/sandzakpress.net\/arhiva\/sandzaklije-su-ostro-protiv-da-ljajic-igra-za-srbiju\/#primaryimage\",\"url\":\"https:\/\/sandzakpress.net\/arhiva\/wp-content\/uploads\/2010\/10\/ademljajic_partizansajt.jpg\",\"contentUrl\":\"https:\/\/sandzakpress.net\/arhiva\/wp-content\/uploads\/2010\/10\/ademljajic_partizansajt.jpg\",\"width\":250,\"height\":160},{\"@type\":\"BreadcrumbList\",\"@id\":\"https:\/\/sandzakpress.net\/arhiva\/sandzaklije-su-ostro-protiv-da-ljajic-igra-za-srbiju\/#breadcrumb\",\"itemListElement\":[{\"@type\":\"ListItem\",\"position\":1,\"name\":\"Home\",\"item\":\"https:\/\/sandzakpress.net\/arhiva\/\"},{\"@type\":\"ListItem\",\"position\":2,\"name\":\"Sand\u017eaklije su o\u0161tro protiv da Ljaji\u0107 igra za Srbiju\"}]},{\"@type\":\"WebSite\",\"@id\":\"https:\/\/sandzakpress.net\/arhiva\/#website\",\"url\":\"https:\/\/sandzakpress.net\/arhiva\/\",\"name\":\"Sand\u017eak PRESS\",\"description\":\"Prve elektronske novine u Sand\u017eaku\",\"publisher\":{\"@id\":\"https:\/\/sandzakpress.net\/arhiva\/#\/schema\/person\/6e72b67d6e51910a1117b3b483ba20bd\"},\"potentialAction\":[{\"@type\":\"SearchAction\",\"target\":{\"@type\":\"EntryPoint\",\"urlTemplate\":\"https:\/\/sandzakpress.net\/arhiva\/?s={search_term_string}\"},\"query-input\":{\"@type\":\"PropertyValueSpecification\",\"valueRequired\":true,\"valueName\":\"search_term_string\"}}],\"inLanguage\":\"bs-BA\"},{\"@type\":[\"Person\",\"Organization\"],\"@id\":\"https:\/\/sandzakpress.net\/arhiva\/#\/schema\/person\/6e72b67d6e51910a1117b3b483ba20bd\",\"name\":\"Kul\",\"image\":{\"@type\":\"ImageObject\",\"inLanguage\":\"bs-BA\",\"@id\":\"https:\/\/sandzakpress.net\/arhiva\/#\/schema\/person\/image\/\",\"url\":\"https:\/\/secure.gravatar.com\/avatar\/42263f39aa27ac04c43cab85c280eb2e?s=96&d=mm&r=pg\",\"contentUrl\":\"https:\/\/secure.gravatar.com\/avatar\/42263f39aa27ac04c43cab85c280eb2e?s=96&d=mm&r=pg\",\"caption\":\"Kul\"},\"logo\":{\"@id\":\"https:\/\/sandzakpress.net\/arhiva\/#\/schema\/person\/image\/\"}},{\"@type\":\"Person\",\"@id\":\"https:\/\/sandzakpress.net\/arhiva\/#\/schema\/person\/c8baee722073534b583ea7bdb2e36c02\",\"name\":\"bosniak\",\"image\":{\"@type\":\"ImageObject\",\"inLanguage\":\"bs-BA\",\"@id\":\"https:\/\/sandzakpress.net\/arhiva\/#\/schema\/person\/image\/\",\"url\":\"https:\/\/secure.gravatar.com\/avatar\/a04fd330bfe3a36a72a0ad4a6d89fca7?s=96&d=mm&r=pg\",\"contentUrl\":\"https:\/\/secure.gravatar.com\/avatar\/a04fd330bfe3a36a72a0ad4a6d89fca7?s=96&d=mm&r=pg\",\"caption\":\"bosniak\"},\"url\":\"https:\/\/sandzakpress.net\/arhiva\/author\/bosniak\/\"}]}<\/script>\n<!-- \/ Yoast SEO Premium plugin. -->","yoast_head_json":{"title":"Sand\u017eaklije su o\u0161tro protiv da Ljaji\u0107 igra za Srbiju","robots":{"index":"index","follow":"follow","max-snippet":"max-snippet:-1","max-image-preview":"max-image-preview:large","max-video-preview":"max-video-preview:-1"},"canonical":"https:\/\/sandzakpress.net\/arhiva\/sandzaklije-su-ostro-protiv-da-ljajic-igra-za-srbiju\/","og_locale":"bs_BA","og_type":"article","og_title":"Sand\u017eaklije su o\u0161tro protiv da Ljaji\u0107 igra za Srbiju","og_description":"Novi Pazar &#8211; Digla se velika pra\u0161ina, oko eventualnog nastupa mladog Ljaji\u0107a za reprezentaciju BiH , po\u0161to nije dobio poziv za Srbiju. Sandzaklije bi najradije Ljaji\u0107a vidjele u reprezentaciji koji predvodi Safet Su\u0161i\u0107, \u010dak 67,7 % njih smatra da bi Adem trebao zaigrati za Zmajeve. Ali 24 % Sandzaklija je da Adem zaigra za Orlove. [&hellip;]","og_url":"https:\/\/sandzakpress.net\/arhiva\/sandzaklije-su-ostro-protiv-da-ljajic-igra-za-srbiju\/","og_site_name":"Sand\u017eak PRESS","article_published_time":"2010-10-26T21:13:19+00:00","og_image":[{"width":250,"height":160,"url":"https:\/\/sandzakpress.net\/arhiva\/wp-content\/uploads\/2010\/10\/ademljajic_partizansajt.jpg","type":"image\/jpeg"}],"author":"bosniak","twitter_card":"summary_large_image","twitter_misc":{"Written by":"bosniak","Est. reading time":"2 minute"},"schema":{"@context":"https:\/\/schema.org","@graph":[{"@type":"Article","@id":"https:\/\/sandzakpress.net\/arhiva\/sandzaklije-su-ostro-protiv-da-ljajic-igra-za-srbiju\/#article","isPartOf":{"@id":"https:\/\/sandzakpress.net\/arhiva\/sandzaklije-su-ostro-protiv-da-ljajic-igra-za-srbiju\/"},"author":{"name":"bosniak","@id":"https:\/\/sandzakpress.net\/arhiva\/#\/schema\/person\/c8baee722073534b583ea7bdb2e36c02"},"headline":"Sand\u017eaklije su o\u0161tro protiv da Ljaji\u0107 igra za Srbiju","datePublished":"2010-10-26T21:13:19+00:00","mainEntityOfPage":{"@id":"https:\/\/sandzakpress.net\/arhiva\/sandzaklije-su-ostro-protiv-da-ljajic-igra-za-srbiju\/"},"wordCount":357,"commentCount":18,"publisher":{"@id":"https:\/\/sandzakpress.net\/arhiva\/#\/schema\/person\/6e72b67d6e51910a1117b3b483ba20bd"},"image":{"@id":"https:\/\/sandzakpress.net\/arhiva\/sandzaklije-su-ostro-protiv-da-ljajic-igra-za-srbiju\/#primaryimage"},"thumbnailUrl":"https:\/\/sandzakpress.net\/arhiva\/wp-content\/uploads\/2010\/10\/ademljajic_partizansajt.jpg","articleSection":["Novi Pazar","Sport"],"inLanguage":"bs-BA","potentialAction":[{"@type":"CommentAction","name":"Comment","target":["https:\/\/sandzakpress.net\/arhiva\/sandzaklije-su-ostro-protiv-da-ljajic-igra-za-srbiju\/#respond"]}]},{"@type":"WebPage","@id":"https:\/\/sandzakpress.net\/arhiva\/sandzaklije-su-ostro-protiv-da-ljajic-igra-za-srbiju\/","url":"https:\/\/sandzakpress.net\/arhiva\/sandzaklije-su-ostro-protiv-da-ljajic-igra-za-srbiju\/","name":"Sand\u017eaklije su o\u0161tro protiv da Ljaji\u0107 igra za Srbiju","isPartOf":{"@id":"https:\/\/sandzakpress.net\/arhiva\/#website"},"primaryImageOfPage":{"@id":"https:\/\/sandzakpress.net\/arhiva\/sandzaklije-su-ostro-protiv-da-ljajic-igra-za-srbiju\/#primaryimage"},"image":{"@id":"https:\/\/sandzakpress.net\/arhiva\/sandzaklije-su-ostro-protiv-da-ljajic-igra-za-srbiju\/#primaryimage"},"thumbnailUrl":"https:\/\/sandzakpress.net\/arhiva\/wp-content\/uploads\/2010\/10\/ademljajic_partizansajt.jpg","datePublished":"2010-10-26T21:13:19+00:00","breadcrumb":{"@id":"https:\/\/sandzakpress.net\/arhiva\/sandzaklije-su-ostro-protiv-da-ljajic-igra-za-srbiju\/#breadcrumb"},"inLanguage":"bs-BA","potentialAction":[{"@type":"ReadAction","target":["https:\/\/sandzakpress.net\/arhiva\/sandzaklije-su-ostro-protiv-da-ljajic-igra-za-srbiju\/"]}]},{"@type":"ImageObject","inLanguage":"bs-BA","@id":"https:\/\/sandzakpress.net\/arhiva\/sandzaklije-su-ostro-protiv-da-ljajic-igra-za-srbiju\/#primaryimage","url":"https:\/\/sandzakpress.net\/arhiva\/wp-content\/uploads\/2010\/10\/ademljajic_partizansajt.jpg","contentUrl":"https:\/\/sandzakpress.net\/arhiva\/wp-content\/uploads\/2010\/10\/ademljajic_partizansajt.jpg","width":250,"height":160},{"@type":"BreadcrumbList","@id":"https:\/\/sandzakpress.net\/arhiva\/sandzaklije-su-ostro-protiv-da-ljajic-igra-za-srbiju\/#breadcrumb","itemListElement":[{"@type":"ListItem","position":1,"name":"Home","item":"https:\/\/sandzakpress.net\/arhiva\/"},{"@type":"ListItem","position":2,"name":"Sand\u017eaklije su o\u0161tro protiv da Ljaji\u0107 igra za Srbiju"}]},{"@type":"WebSite","@id":"https:\/\/sandzakpress.net\/arhiva\/#website","url":"https:\/\/sandzakpress.net\/arhiva\/","name":"Sand\u017eak PRESS","description":"Prve elektronske novine u Sand\u017eaku","publisher":{"@id":"https:\/\/sandzakpress.net\/arhiva\/#\/schema\/person\/6e72b67d6e51910a1117b3b483ba20bd"},"potentialAction":[{"@type":"SearchAction","target":{"@type":"EntryPoint","urlTemplate":"https:\/\/sandzakpress.net\/arhiva\/?s={search_term_string}"},"query-input":{"@type":"PropertyValueSpecification","valueRequired":true,"valueName":"search_term_string"}}],"inLanguage":"bs-BA"},{"@type":["Person","Organization"],"@id":"https:\/\/sandzakpress.net\/arhiva\/#\/schema\/person\/6e72b67d6e51910a1117b3b483ba20bd","name":"Kul","image":{"@type":"ImageObject","inLanguage":"bs-BA","@id":"https:\/\/sandzakpress.net\/arhiva\/#\/schema\/person\/image\/","url":"https:\/\/secure.gravatar.com\/avatar\/42263f39aa27ac04c43cab85c280eb2e?s=96&d=mm&r=pg","contentUrl":"https:\/\/secure.gravatar.com\/avatar\/42263f39aa27ac04c43cab85c280eb2e?s=96&d=mm&r=pg","caption":"Kul"},"logo":{"@id":"https:\/\/sandzakpress.net\/arhiva\/#\/schema\/person\/image\/"}},{"@type":"Person","@id":"https:\/\/sandzakpress.net\/arhiva\/#\/schema\/person\/c8baee722073534b583ea7bdb2e36c02","name":"bosniak","image":{"@type":"ImageObject","inLanguage":"bs-BA","@id":"https:\/\/sandzakpress.net\/arhiva\/#\/schema\/person\/image\/","url":"https:\/\/secure.gravatar.com\/avatar\/a04fd330bfe3a36a72a0ad4a6d89fca7?s=96&d=mm&r=pg","contentUrl":"https:\/\/secure.gravatar.com\/avatar\/a04fd330bfe3a36a72a0ad4a6d89fca7?s=96&d=mm&r=pg","caption":"bosniak"},"url":"https:\/\/sandzakpress.net\/arhiva\/author\/bosniak\/"}]}},"_links":{"self":[{"href":"https:\/\/sandzakpress.net\/arhiva\/wp-json\/wp\/v2\/posts\/9431"}],"collection":[{"href":"https:\/\/sandzakpress.net\/arhiva\/wp-json\/wp\/v2\/posts"}],"about":[{"href":"https:\/\/sandzakpress.net\/arhiva\/wp-json\/wp\/v2\/types\/post"}],"author":[{"embeddable":true,"href":"https:\/\/sandzakpress.net\/arhiva\/wp-json\/wp\/v2\/users\/83"}],"replies":[{"embeddable":true,"href":"https:\/\/sandzakpress.net\/arhiva\/wp-json\/wp\/v2\/comments?post=9431"}],"version-history":[{"count":0,"href":"https:\/\/sandzakpress.net\/arhiva\/wp-json\/wp\/v2\/posts\/9431\/revisions"}],"wp:featuredmedia":[{"embeddable":true,"href":"https:\/\/sandzakpress.net\/arhiva\/wp-json\/wp\/v2\/media\/9432"}],"wp:attachment":[{"href":"https:\/\/sandzakpress.net\/arhiva\/wp-json\/wp\/v2\/media?parent=9431"}],"wp:term":[{"taxonomy":"category","embeddable":true,"href":"https:\/\/sandzakpress.net\/arhiva\/wp-json\/wp\/v2\/categories?post=9431"},{"taxonomy":"post_tag","embeddable":true,"href":"https:\/\/sandzakpress.net\/arhiva\/wp-json\/wp\/v2\/tags?post=9431"}],"curies":[{"name":"wp","href":"https:\/\/api.w.org\/{rel}","templated":true}]}}