{"id":94195,"date":"2013-11-07T20:39:23","date_gmt":"2013-11-07T19:39:23","guid":{"rendered":"https:\/\/sandzakpress.net\/arhiva\/?p=94195"},"modified":"2013-11-07T20:39:23","modified_gmt":"2013-11-07T19:39:23","slug":"knezevicboskovic-ne-postuje-invalide","status":"publish","type":"post","link":"https:\/\/sandzakpress.net\/arhiva\/knezevicboskovic-ne-postuje-invalide\/","title":{"rendered":"Kne\u017eevi\u0107:Bo\u0161kovi\u0107 ne po\u0161tuje invalide"},"content":{"rendered":"<p><strong><img loading=\"lazy\" decoding=\"async\" class=\"alignleft size-medium wp-image-94196\" alt=\"6-11-bp-invalidi\" src=\"https:\/\/sandzakpress.net\/arhiva\/wp-content\/uploads\/2013\/11\/6-11-bp-invalidi-300x180.jpg\" width=\"300\" height=\"180\" \/>Bijelo Polje &#8211; Ministar rada i socijalnog staranja Predrag Bo\u0161kovi\u0107 pokazao je nepo\u0161tovanje prema problemima invalida i prema njima samima, smatra predsjednik Udru\u017eenja invalida rada Bijelog Polja Lazar Kne\u017eevi\u0107.<\/strong><\/p>\n<p>Bo\u0161kovi\u0107 je danas saop\u0161tio da je problem invalida rada rije\u0161en nakon sastanka sa njima 2011. godine po\u0161to je invalidima u nekoliko navrata resorno Ministarstvo izlazilo u susret. &#8220;Zahtjevima bjelopoljskih invalida rada koji \u0161trajkuju, ne mo\u017ee se iza\u0107i u susret u ovom momentu, jer je na snazi finansijska konsolidacija bud\u017eeta&#8221;, saop\u0161tio je resorni ministar.<\/p>\n<p>On je tako\u0111e istakao da na Fond PIO nema dodatnih pritisaka, te da se Bud\u017eet Fonda PIO finansira iz izvornih prihoda sa ne\u0161to iznad 50 procenata, \u0161to zna\u010di da Vlada dotira iz svog bud\u017eeta Fond PIO sa zna\u010dajnim sredstvima od preko 40 odsto.<\/p>\n<p>S druge strane, Kne\u017eevi\u0107 isti\u010de da ih Bo\u0161kovi\u0107, ni nakon devet dana \u0161trajka, nije posjetio. &#8220;I u slu\u010daju da nije dobio poziv, njegova du\u017enost je da obi\u0111e invalide, koji se ovdje bore za \u017eivot i svoja prava. Smatram da je to njegova du\u017enost jer on postoji zbog nas, a ne mi zbog njega. Posljednjim nepo\u0161tovanjem se jo\u0161 jednom potvr\u0111uje ma\u0107ehinski odnos prema problemima sjevera&#8221;, kategori\u010dan je Kne\u017eevi\u0107.Istog je mi\u0161ljenja i Ro\u017eajac Hajran Muri\u0107.<\/p>\n<p>&#8220;Invalidi rada na sjeveru dr\u017eave ostavili su zdravlje u fabrikama izgra\u0111uju\u0107i gradove i zemlju, sada kada im je podr\u0161ka najva\u017enija, ostavljeni su na cjedilu&#8221;, smatra Muri\u0107.<\/p>\n<p>Podr\u0161ku invalidima rada u Bijelom Polju, koji \u0161trajkuju deveti dan, danas su dali predstavnici Demokratskog fronta, NVO i pojedini gra\u0111ani Bijelog Polja. Izvor: portal RTCG<\/p>\n<p>&nbsp;<\/p>\n","protected":false},"excerpt":{"rendered":"<p>Bijelo Polje &#8211; Ministar rada i socijalnog staranja Predrag Bo\u0161kovi\u0107 pokazao je nepo\u0161tovanje prema problemima invalida i prema njima samima, smatra predsjednik Udru\u017eenja invalida rada Bijelog Polja Lazar Kne\u017eevi\u0107. Bo\u0161kovi\u0107 je danas saop\u0161tio da je problem invalida rada rije\u0161en nakon sastanka sa njima 2011. godine po\u0161to je invalidima u nekoliko navrata resorno Ministarstvo izlazilo u [&hellip;]<\/p>\n","protected":false},"author":83,"featured_media":94197,"comment_status":"open","ping_status":"open","sticky":false,"template":"","format":"standard","meta":{"footnotes":""},"categories":[1,396],"tags":[],"class_list":{"0":"post-94195","1":"post","2":"type-post","3":"status-publish","4":"format-standard","5":"has-post-thumbnail","7":"category-politika","8":"category-bijelo_polje"},"yoast_head":"<!-- This site is optimized with the Yoast SEO Premium plugin v23.1 (Yoast SEO v24.9) - https:\/\/yoast.com\/wordpress\/plugins\/seo\/ -->\n<title>Kne\u017eevi\u0107:Bo\u0161kovi\u0107 ne po\u0161tuje invalide<\/title>\n<meta name=\"robots\" content=\"index, follow, max-snippet:-1, max-image-preview:large, max-video-preview:-1\" \/>\n<link rel=\"canonical\" href=\"https:\/\/sandzakpress.net\/arhiva\/knezevicboskovic-ne-postuje-invalide\/\" \/>\n<meta property=\"og:locale\" content=\"bs_BA\" \/>\n<meta property=\"og:type\" content=\"article\" \/>\n<meta property=\"og:title\" content=\"Kne\u017eevi\u0107:Bo\u0161kovi\u0107 ne po\u0161tuje invalide\" \/>\n<meta property=\"og:description\" content=\"Bijelo Polje &#8211; Ministar rada i socijalnog staranja Predrag Bo\u0161kovi\u0107 pokazao je nepo\u0161tovanje prema problemima invalida i prema njima samima, smatra predsjednik Udru\u017eenja invalida rada Bijelog Polja Lazar Kne\u017eevi\u0107. Bo\u0161kovi\u0107 je danas saop\u0161tio da je problem invalida rada rije\u0161en nakon sastanka sa njima 2011. godine po\u0161to je invalidima u nekoliko navrata resorno Ministarstvo izlazilo u [&hellip;]\" \/>\n<meta property=\"og:url\" content=\"https:\/\/sandzakpress.net\/arhiva\/knezevicboskovic-ne-postuje-invalide\/\" \/>\n<meta property=\"og:site_name\" content=\"Sand\u017eak PRESS\" \/>\n<meta property=\"article:published_time\" content=\"2013-11-07T19:39:23+00:00\" \/>\n<meta property=\"og:image\" content=\"https:\/\/sandzakpress.net\/arhiva\/wp-content\/uploads\/2013\/11\/6-11-bp-invalidi-300x1801.jpg\" \/>\n\t<meta property=\"og:image:width\" content=\"300\" \/>\n\t<meta property=\"og:image:height\" content=\"180\" \/>\n\t<meta property=\"og:image:type\" content=\"image\/jpeg\" \/>\n<meta name=\"author\" content=\"bosniak\" \/>\n<meta name=\"twitter:card\" content=\"summary_large_image\" \/>\n<meta name=\"twitter:label1\" content=\"Written by\" \/>\n\t<meta name=\"twitter:data1\" content=\"bosniak\" \/>\n\t<meta name=\"twitter:label2\" content=\"Est. reading time\" \/>\n\t<meta name=\"twitter:data2\" content=\"1 minuta\" \/>\n<script type=\"application\/ld+json\" class=\"yoast-schema-graph\">{\"@context\":\"https:\/\/schema.org\",\"@graph\":[{\"@type\":\"Article\",\"@id\":\"https:\/\/sandzakpress.net\/arhiva\/knezevicboskovic-ne-postuje-invalide\/#article\",\"isPartOf\":{\"@id\":\"https:\/\/sandzakpress.net\/arhiva\/knezevicboskovic-ne-postuje-invalide\/\"},\"author\":{\"name\":\"bosniak\",\"@id\":\"https:\/\/sandzakpress.net\/arhiva\/#\/schema\/person\/c8baee722073534b583ea7bdb2e36c02\"},\"headline\":\"Kne\u017eevi\u0107:Bo\u0161kovi\u0107 ne po\u0161tuje invalide\",\"datePublished\":\"2013-11-07T19:39:23+00:00\",\"mainEntityOfPage\":{\"@id\":\"https:\/\/sandzakpress.net\/arhiva\/knezevicboskovic-ne-postuje-invalide\/\"},\"wordCount\":295,\"commentCount\":0,\"publisher\":{\"@id\":\"https:\/\/sandzakpress.net\/arhiva\/#\/schema\/person\/6e72b67d6e51910a1117b3b483ba20bd\"},\"image\":{\"@id\":\"https:\/\/sandzakpress.net\/arhiva\/knezevicboskovic-ne-postuje-invalide\/#primaryimage\"},\"thumbnailUrl\":\"https:\/\/sandzakpress.net\/arhiva\/wp-content\/uploads\/2013\/11\/6-11-bp-invalidi-300x1801.jpg\",\"articleSection\":[\"Politika\",\"Bijelo Polje\"],\"inLanguage\":\"bs-BA\",\"potentialAction\":[{\"@type\":\"CommentAction\",\"name\":\"Comment\",\"target\":[\"https:\/\/sandzakpress.net\/arhiva\/knezevicboskovic-ne-postuje-invalide\/#respond\"]}]},{\"@type\":\"WebPage\",\"@id\":\"https:\/\/sandzakpress.net\/arhiva\/knezevicboskovic-ne-postuje-invalide\/\",\"url\":\"https:\/\/sandzakpress.net\/arhiva\/knezevicboskovic-ne-postuje-invalide\/\",\"name\":\"Kne\u017eevi\u0107:Bo\u0161kovi\u0107 ne po\u0161tuje invalide\",\"isPartOf\":{\"@id\":\"https:\/\/sandzakpress.net\/arhiva\/#website\"},\"primaryImageOfPage\":{\"@id\":\"https:\/\/sandzakpress.net\/arhiva\/knezevicboskovic-ne-postuje-invalide\/#primaryimage\"},\"image\":{\"@id\":\"https:\/\/sandzakpress.net\/arhiva\/knezevicboskovic-ne-postuje-invalide\/#primaryimage\"},\"thumbnailUrl\":\"https:\/\/sandzakpress.net\/arhiva\/wp-content\/uploads\/2013\/11\/6-11-bp-invalidi-300x1801.jpg\",\"datePublished\":\"2013-11-07T19:39:23+00:00\",\"breadcrumb\":{\"@id\":\"https:\/\/sandzakpress.net\/arhiva\/knezevicboskovic-ne-postuje-invalide\/#breadcrumb\"},\"inLanguage\":\"bs-BA\",\"potentialAction\":[{\"@type\":\"ReadAction\",\"target\":[\"https:\/\/sandzakpress.net\/arhiva\/knezevicboskovic-ne-postuje-invalide\/\"]}]},{\"@type\":\"ImageObject\",\"inLanguage\":\"bs-BA\",\"@id\":\"https:\/\/sandzakpress.net\/arhiva\/knezevicboskovic-ne-postuje-invalide\/#primaryimage\",\"url\":\"https:\/\/sandzakpress.net\/arhiva\/wp-content\/uploads\/2013\/11\/6-11-bp-invalidi-300x1801.jpg\",\"contentUrl\":\"https:\/\/sandzakpress.net\/arhiva\/wp-content\/uploads\/2013\/11\/6-11-bp-invalidi-300x1801.jpg\",\"width\":300,\"height\":180},{\"@type\":\"BreadcrumbList\",\"@id\":\"https:\/\/sandzakpress.net\/arhiva\/knezevicboskovic-ne-postuje-invalide\/#breadcrumb\",\"itemListElement\":[{\"@type\":\"ListItem\",\"position\":1,\"name\":\"Home\",\"item\":\"https:\/\/sandzakpress.net\/arhiva\/\"},{\"@type\":\"ListItem\",\"position\":2,\"name\":\"Kne\u017eevi\u0107:Bo\u0161kovi\u0107 ne po\u0161tuje invalide\"}]},{\"@type\":\"WebSite\",\"@id\":\"https:\/\/sandzakpress.net\/arhiva\/#website\",\"url\":\"https:\/\/sandzakpress.net\/arhiva\/\",\"name\":\"Sand\u017eak PRESS\",\"description\":\"Prve elektronske novine u Sand\u017eaku\",\"publisher\":{\"@id\":\"https:\/\/sandzakpress.net\/arhiva\/#\/schema\/person\/6e72b67d6e51910a1117b3b483ba20bd\"},\"potentialAction\":[{\"@type\":\"SearchAction\",\"target\":{\"@type\":\"EntryPoint\",\"urlTemplate\":\"https:\/\/sandzakpress.net\/arhiva\/?s={search_term_string}\"},\"query-input\":{\"@type\":\"PropertyValueSpecification\",\"valueRequired\":true,\"valueName\":\"search_term_string\"}}],\"inLanguage\":\"bs-BA\"},{\"@type\":[\"Person\",\"Organization\"],\"@id\":\"https:\/\/sandzakpress.net\/arhiva\/#\/schema\/person\/6e72b67d6e51910a1117b3b483ba20bd\",\"name\":\"Kul\",\"image\":{\"@type\":\"ImageObject\",\"inLanguage\":\"bs-BA\",\"@id\":\"https:\/\/sandzakpress.net\/arhiva\/#\/schema\/person\/image\/\",\"url\":\"https:\/\/secure.gravatar.com\/avatar\/42263f39aa27ac04c43cab85c280eb2e?s=96&d=mm&r=pg\",\"contentUrl\":\"https:\/\/secure.gravatar.com\/avatar\/42263f39aa27ac04c43cab85c280eb2e?s=96&d=mm&r=pg\",\"caption\":\"Kul\"},\"logo\":{\"@id\":\"https:\/\/sandzakpress.net\/arhiva\/#\/schema\/person\/image\/\"}},{\"@type\":\"Person\",\"@id\":\"https:\/\/sandzakpress.net\/arhiva\/#\/schema\/person\/c8baee722073534b583ea7bdb2e36c02\",\"name\":\"bosniak\",\"image\":{\"@type\":\"ImageObject\",\"inLanguage\":\"bs-BA\",\"@id\":\"https:\/\/sandzakpress.net\/arhiva\/#\/schema\/person\/image\/\",\"url\":\"https:\/\/secure.gravatar.com\/avatar\/a04fd330bfe3a36a72a0ad4a6d89fca7?s=96&d=mm&r=pg\",\"contentUrl\":\"https:\/\/secure.gravatar.com\/avatar\/a04fd330bfe3a36a72a0ad4a6d89fca7?s=96&d=mm&r=pg\",\"caption\":\"bosniak\"},\"url\":\"https:\/\/sandzakpress.net\/arhiva\/author\/bosniak\/\"}]}<\/script>\n<!-- \/ Yoast SEO Premium plugin. -->","yoast_head_json":{"title":"Kne\u017eevi\u0107:Bo\u0161kovi\u0107 ne po\u0161tuje invalide","robots":{"index":"index","follow":"follow","max-snippet":"max-snippet:-1","max-image-preview":"max-image-preview:large","max-video-preview":"max-video-preview:-1"},"canonical":"https:\/\/sandzakpress.net\/arhiva\/knezevicboskovic-ne-postuje-invalide\/","og_locale":"bs_BA","og_type":"article","og_title":"Kne\u017eevi\u0107:Bo\u0161kovi\u0107 ne po\u0161tuje invalide","og_description":"Bijelo Polje &#8211; Ministar rada i socijalnog staranja Predrag Bo\u0161kovi\u0107 pokazao je nepo\u0161tovanje prema problemima invalida i prema njima samima, smatra predsjednik Udru\u017eenja invalida rada Bijelog Polja Lazar Kne\u017eevi\u0107. Bo\u0161kovi\u0107 je danas saop\u0161tio da je problem invalida rada rije\u0161en nakon sastanka sa njima 2011. godine po\u0161to je invalidima u nekoliko navrata resorno Ministarstvo izlazilo u [&hellip;]","og_url":"https:\/\/sandzakpress.net\/arhiva\/knezevicboskovic-ne-postuje-invalide\/","og_site_name":"Sand\u017eak PRESS","article_published_time":"2013-11-07T19:39:23+00:00","og_image":[{"width":300,"height":180,"url":"https:\/\/sandzakpress.net\/arhiva\/wp-content\/uploads\/2013\/11\/6-11-bp-invalidi-300x1801.jpg","type":"image\/jpeg"}],"author":"bosniak","twitter_card":"summary_large_image","twitter_misc":{"Written by":"bosniak","Est. reading time":"1 minuta"},"schema":{"@context":"https:\/\/schema.org","@graph":[{"@type":"Article","@id":"https:\/\/sandzakpress.net\/arhiva\/knezevicboskovic-ne-postuje-invalide\/#article","isPartOf":{"@id":"https:\/\/sandzakpress.net\/arhiva\/knezevicboskovic-ne-postuje-invalide\/"},"author":{"name":"bosniak","@id":"https:\/\/sandzakpress.net\/arhiva\/#\/schema\/person\/c8baee722073534b583ea7bdb2e36c02"},"headline":"Kne\u017eevi\u0107:Bo\u0161kovi\u0107 ne po\u0161tuje invalide","datePublished":"2013-11-07T19:39:23+00:00","mainEntityOfPage":{"@id":"https:\/\/sandzakpress.net\/arhiva\/knezevicboskovic-ne-postuje-invalide\/"},"wordCount":295,"commentCount":0,"publisher":{"@id":"https:\/\/sandzakpress.net\/arhiva\/#\/schema\/person\/6e72b67d6e51910a1117b3b483ba20bd"},"image":{"@id":"https:\/\/sandzakpress.net\/arhiva\/knezevicboskovic-ne-postuje-invalide\/#primaryimage"},"thumbnailUrl":"https:\/\/sandzakpress.net\/arhiva\/wp-content\/uploads\/2013\/11\/6-11-bp-invalidi-300x1801.jpg","articleSection":["Politika","Bijelo Polje"],"inLanguage":"bs-BA","potentialAction":[{"@type":"CommentAction","name":"Comment","target":["https:\/\/sandzakpress.net\/arhiva\/knezevicboskovic-ne-postuje-invalide\/#respond"]}]},{"@type":"WebPage","@id":"https:\/\/sandzakpress.net\/arhiva\/knezevicboskovic-ne-postuje-invalide\/","url":"https:\/\/sandzakpress.net\/arhiva\/knezevicboskovic-ne-postuje-invalide\/","name":"Kne\u017eevi\u0107:Bo\u0161kovi\u0107 ne po\u0161tuje invalide","isPartOf":{"@id":"https:\/\/sandzakpress.net\/arhiva\/#website"},"primaryImageOfPage":{"@id":"https:\/\/sandzakpress.net\/arhiva\/knezevicboskovic-ne-postuje-invalide\/#primaryimage"},"image":{"@id":"https:\/\/sandzakpress.net\/arhiva\/knezevicboskovic-ne-postuje-invalide\/#primaryimage"},"thumbnailUrl":"https:\/\/sandzakpress.net\/arhiva\/wp-content\/uploads\/2013\/11\/6-11-bp-invalidi-300x1801.jpg","datePublished":"2013-11-07T19:39:23+00:00","breadcrumb":{"@id":"https:\/\/sandzakpress.net\/arhiva\/knezevicboskovic-ne-postuje-invalide\/#breadcrumb"},"inLanguage":"bs-BA","potentialAction":[{"@type":"ReadAction","target":["https:\/\/sandzakpress.net\/arhiva\/knezevicboskovic-ne-postuje-invalide\/"]}]},{"@type":"ImageObject","inLanguage":"bs-BA","@id":"https:\/\/sandzakpress.net\/arhiva\/knezevicboskovic-ne-postuje-invalide\/#primaryimage","url":"https:\/\/sandzakpress.net\/arhiva\/wp-content\/uploads\/2013\/11\/6-11-bp-invalidi-300x1801.jpg","contentUrl":"https:\/\/sandzakpress.net\/arhiva\/wp-content\/uploads\/2013\/11\/6-11-bp-invalidi-300x1801.jpg","width":300,"height":180},{"@type":"BreadcrumbList","@id":"https:\/\/sandzakpress.net\/arhiva\/knezevicboskovic-ne-postuje-invalide\/#breadcrumb","itemListElement":[{"@type":"ListItem","position":1,"name":"Home","item":"https:\/\/sandzakpress.net\/arhiva\/"},{"@type":"ListItem","position":2,"name":"Kne\u017eevi\u0107:Bo\u0161kovi\u0107 ne po\u0161tuje invalide"}]},{"@type":"WebSite","@id":"https:\/\/sandzakpress.net\/arhiva\/#website","url":"https:\/\/sandzakpress.net\/arhiva\/","name":"Sand\u017eak PRESS","description":"Prve elektronske novine u Sand\u017eaku","publisher":{"@id":"https:\/\/sandzakpress.net\/arhiva\/#\/schema\/person\/6e72b67d6e51910a1117b3b483ba20bd"},"potentialAction":[{"@type":"SearchAction","target":{"@type":"EntryPoint","urlTemplate":"https:\/\/sandzakpress.net\/arhiva\/?s={search_term_string}"},"query-input":{"@type":"PropertyValueSpecification","valueRequired":true,"valueName":"search_term_string"}}],"inLanguage":"bs-BA"},{"@type":["Person","Organization"],"@id":"https:\/\/sandzakpress.net\/arhiva\/#\/schema\/person\/6e72b67d6e51910a1117b3b483ba20bd","name":"Kul","image":{"@type":"ImageObject","inLanguage":"bs-BA","@id":"https:\/\/sandzakpress.net\/arhiva\/#\/schema\/person\/image\/","url":"https:\/\/secure.gravatar.com\/avatar\/42263f39aa27ac04c43cab85c280eb2e?s=96&d=mm&r=pg","contentUrl":"https:\/\/secure.gravatar.com\/avatar\/42263f39aa27ac04c43cab85c280eb2e?s=96&d=mm&r=pg","caption":"Kul"},"logo":{"@id":"https:\/\/sandzakpress.net\/arhiva\/#\/schema\/person\/image\/"}},{"@type":"Person","@id":"https:\/\/sandzakpress.net\/arhiva\/#\/schema\/person\/c8baee722073534b583ea7bdb2e36c02","name":"bosniak","image":{"@type":"ImageObject","inLanguage":"bs-BA","@id":"https:\/\/sandzakpress.net\/arhiva\/#\/schema\/person\/image\/","url":"https:\/\/secure.gravatar.com\/avatar\/a04fd330bfe3a36a72a0ad4a6d89fca7?s=96&d=mm&r=pg","contentUrl":"https:\/\/secure.gravatar.com\/avatar\/a04fd330bfe3a36a72a0ad4a6d89fca7?s=96&d=mm&r=pg","caption":"bosniak"},"url":"https:\/\/sandzakpress.net\/arhiva\/author\/bosniak\/"}]}},"_links":{"self":[{"href":"https:\/\/sandzakpress.net\/arhiva\/wp-json\/wp\/v2\/posts\/94195"}],"collection":[{"href":"https:\/\/sandzakpress.net\/arhiva\/wp-json\/wp\/v2\/posts"}],"about":[{"href":"https:\/\/sandzakpress.net\/arhiva\/wp-json\/wp\/v2\/types\/post"}],"author":[{"embeddable":true,"href":"https:\/\/sandzakpress.net\/arhiva\/wp-json\/wp\/v2\/users\/83"}],"replies":[{"embeddable":true,"href":"https:\/\/sandzakpress.net\/arhiva\/wp-json\/wp\/v2\/comments?post=94195"}],"version-history":[{"count":0,"href":"https:\/\/sandzakpress.net\/arhiva\/wp-json\/wp\/v2\/posts\/94195\/revisions"}],"wp:featuredmedia":[{"embeddable":true,"href":"https:\/\/sandzakpress.net\/arhiva\/wp-json\/wp\/v2\/media\/94197"}],"wp:attachment":[{"href":"https:\/\/sandzakpress.net\/arhiva\/wp-json\/wp\/v2\/media?parent=94195"}],"wp:term":[{"taxonomy":"category","embeddable":true,"href":"https:\/\/sandzakpress.net\/arhiva\/wp-json\/wp\/v2\/categories?post=94195"},{"taxonomy":"post_tag","embeddable":true,"href":"https:\/\/sandzakpress.net\/arhiva\/wp-json\/wp\/v2\/tags?post=94195"}],"curies":[{"name":"wp","href":"https:\/\/api.w.org\/{rel}","templated":true}]}}