{"id":94126,"date":"2013-11-07T14:14:54","date_gmt":"2013-11-07T13:14:54","guid":{"rendered":"https:\/\/sandzakpress.net\/arhiva\/?p=94126"},"modified":"2013-11-07T16:15:48","modified_gmt":"2013-11-07T15:15:48","slug":"predsjednik-sbk-a-bosnjaci-suocite-se-sa-svojim-nacionalnim-problemima","status":"publish","type":"post","link":"https:\/\/sandzakpress.net\/arhiva\/predsjednik-sbk-a-bosnjaci-suocite-se-sa-svojim-nacionalnim-problemima\/","title":{"rendered":"Predsjednik SBK-a: \u2018Bo\u0161njaci, suo\u010dite se sa svojim nacionalnim problemima\u2019"},"content":{"rendered":"<p><strong><img loading=\"lazy\" decoding=\"async\" class=\"alignleft\" alt=\"\" src=\"http:\/\/www.hkv.hr\/images\/stories\/mmb01\/ceric.jpg\" width=\"448\" height=\"321\" \/>Prijedor &#8211; Povodom otkrivanja masovne grobnice u Toma\u0161ici kod Prijedora reisu-l-ulema emeritus dr. Mustafa Ceri\u0107, predsjednik Svjetskog bo\u0161nja\u010dkog kongresa, izdao je saop\u0107enje za javnost u kojem se ka\u017ee:<\/strong><\/p>\n<p>&#8211; Niko ko ima du\u0161u u Evropi ne mo\u017ee ostati ravnodu\u0161an gledaju\u0107i tugu na licuVahide Belhi\u0107, koja nam je u Toma\u0161ici ispri\u010dala da su njezinu majku ubili kom\u0161ije koji su sa njom u njezinoj ku\u0107i pili kahvu. Na\u017ealost, ravnodu\u0161nost prema zlu nad slabim i nemo\u0107nim je stanje duha dana\u0161njeg \u010dovje\u010danstva. Gotovo nikoga vi\u0161e u svijetu ne u\u017easavaju slike svakodnevnog ubijanja nevinih ljudi. Isto tako, Evropa se sve vi\u0161e miri sa principom svr\u0161enog \u010dina genocida nad Bo\u0161njacima u Bosni i Hercegovini i zato je ravnodu\u0161na prema kr\u0161enju ljudskih prava bo\u0161nja\u010dkoj djeci iz Konjevi\u0107 Polja. Kao i dosada Evropa je jasna: \u201cMi vam ne damo da budete samobitni i sna\u017eni da se sami za\u0161titite, niti ho\u0107emo da vas mi za\u0161titimo od nepravde i da va\u0161oj djeci osiguramo pravo na slobodno obrazovanje\u201d.<\/p>\n<p>Eli Visel (Elie Wiesel) je davno rekao: \u201cZbog ravnodu\u0161nosti \u010dovjek umire prije smrti\u201d. Upravo tako, Bo\u0161njaci su umirali prije smrti zbog ravnodu\u0161nosti Evrope, koja im nije dala da se brane, niti je htjela da sprije\u010di genocid nad njima o \u010demu govori i ova najve\u0107a masovna grobnica u Toma\u0161ici kod Prijedora. Na\u017ealost, zbog te ravnodu\u0161ne politike Bo\u0161njaci i danas umiru prije smrti, jer ih se osporava i ne dopu\u0161ta im se da postanu nacionalno svjesni i dr\u017eavno sposobni da za\u0161tite svoja osnovna ljudska prava, niti ih se, u zamjenu za to, ho\u0107e za\u0161tititi od diskriminacije. Du\u0161evni bol \u0161to ga Bo\u0161njaci danas osje\u0107aju zato \u0161to ne mogu osigurati svojoj djeci pravo na osnovno obrazovanje nikoga ne doti\u010de. Koja to bo\u0161nja\u010dka majka ne uzdahne od boli i srama kad vidi bo\u0161nja\u010dku djecu kako se danima smrzavaju pod \u0161atorom u Sarajevu pred doma\u0107im i stranim du\u017enosnicima, koji su zadu\u017eeni da osiguraju ljudska prava svim gra\u0111anima, uklju\u010duju\u0107i i bo\u0161nja\u010dku djecu?!<\/p>\n<p>Ravnodu\u0161nost institucija me\u0111unarodne zajednice i nemo\u0107 doma\u0107e vlasti da osigura osnovna ljudska prava bo\u0161nja\u010dkoj djeci u Konjovi\u0107 Polju, kao i poruka Vahide Belhi\u0107 u Toma\u0161icima treba da bude poziv Bo\u0161njacima da se ujedine i da shvate da je od svega jo\u0161 samo gora njihova vlastita ravnodu\u0161nost prema njihovim osnovnim pravima i slobodama.<\/p>\n<p>Ovo je, zaista, poziv da shvatimo da svoje nacionalne probleme nemamo kome delegirati, ve\u0107 da se s tim problemima moramo sami suo\u010diti i rje\u0161avati ih svojim znanjem i umje\u0107em kroz me\u0111usobnu solidarnost i kooperativnost.<\/p>\n<p>Moramo znati da je za bo\u0161nja\u010dki opstanak opasno da se bavimo pitanjima unutarnje premo\u0107i jednih u odnosu na druge Bo\u0161njake, dok nam krupna pitanja promi\u010du. Ova generacija Bo\u0161njaka ima povijesnu odgovornost da na\u0111e odgovor za Vahidu Belhi\u0107, a to je da se vi\u0161e nikad i nikome u Bo\u0161njaka ne dogodi da mu kom\u0161ija ubije majku, kao ni to da bo\u0161nja\u010dkoj djeci bude uskra\u0107eno pravo na slobodno obrazovanje.<\/p>\n<p>Prema tome, gosp. Teodor Meron (Theodor Meron), koji trenutno predsjedava Me\u0111unarodnim krivi\u010dnim sudom za biv\u0161u Jugoslaviju (ICTY), mora znati da Bo\u0161njaci nisu i ne\u0107e ostati ravnodu\u0161ni prema njegovim stavovima i presudama, kojima se pre\u0161u\u0107uje genocid nad Bo\u0161njacima i tako hrabri budu\u0107e ratne zlo\u010dince da se zlo\u010din protiv \u010dovje\u010dnosti isplati. Bo\u0161njaci imaju moralnu obavezu pred savje\u0161\u0107u \u010dovje\u010danstva da nikad, ne samo ne zaborave, ve\u0107 da uvijek i na svakom mjestu podsje\u0107aju svijet na genocid koji je po\u010dinjen nad njima zbog europske ravnodu\u0161nosti. Zbog toga, Bo\u0161njaci \u0107e budno pratiti koga \u0107e Skup\u0161tina UN-a 18, novembra, 2013. god. izabrati za stalnog sudiju u ICTY-u. Nadamo se da su u UN-u nau\u010dili lekciju pa im se ne\u0107e opet dogoditi \u201cgre\u0161ka\u201d zbog koje \u0107e se opet morat izvinjavat. Naravno, na\u0161oj Vahidi Belhi\u0107, ali ne samo njoj ve\u0107 hiljadama bo\u0161nja\u010dkih majki, koje pate zbog njihovih gre\u0161aka, ka\u017ee se u saop\u0107enju dr. Ceri\u0107a povodom otkrivanja masovne grobnice u Toma\u0161icama kod Prijedora.<\/p>\n<p>(BINA)<\/p>\n","protected":false},"excerpt":{"rendered":"<p>Prijedor &#8211; Povodom otkrivanja masovne grobnice u Toma\u0161ici kod Prijedora reisu-l-ulema emeritus dr. Mustafa Ceri\u0107, predsjednik Svjetskog bo\u0161nja\u010dkog kongresa, izdao je saop\u0107enje za javnost u kojem se ka\u017ee: &#8211; Niko ko ima du\u0161u u Evropi ne mo\u017ee ostati ravnodu\u0161an gledaju\u0107i tugu na licuVahide Belhi\u0107, koja nam je u Toma\u0161ici ispri\u010dala da su njezinu majku ubili [&hellip;]<\/p>\n","protected":false},"author":83,"featured_media":94127,"comment_status":"open","ping_status":"open","sticky":false,"template":"","format":"standard","meta":{"footnotes":""},"categories":[800,2860,8957],"tags":[10233],"class_list":{"0":"post-94126","1":"post","2":"type-post","3":"status-publish","4":"format-standard","5":"has-post-thumbnail","7":"category-nacija","8":"category-bosna-i-hercegovina-gradovi","9":"category-vijesti-dana","10":"tag-dr-mustafa-ceric"},"yoast_head":"<!-- This site is optimized with the Yoast SEO Premium plugin v23.1 (Yoast SEO v24.9) - https:\/\/yoast.com\/wordpress\/plugins\/seo\/ -->\n<title>Predsjednik SBK-a: \u2018Bo\u0161njaci, suo\u010dite se sa svojim nacionalnim problemima\u2019<\/title>\n<meta name=\"robots\" content=\"index, follow, max-snippet:-1, max-image-preview:large, max-video-preview:-1\" \/>\n<link rel=\"canonical\" href=\"https:\/\/sandzakpress.net\/arhiva\/predsjednik-sbk-a-bosnjaci-suocite-se-sa-svojim-nacionalnim-problemima\/\" \/>\n<meta property=\"og:locale\" content=\"bs_BA\" \/>\n<meta property=\"og:type\" content=\"article\" \/>\n<meta property=\"og:title\" content=\"Predsjednik SBK-a: \u2018Bo\u0161njaci, suo\u010dite se sa svojim nacionalnim problemima\u2019\" \/>\n<meta property=\"og:description\" content=\"Prijedor &#8211; Povodom otkrivanja masovne grobnice u Toma\u0161ici kod Prijedora reisu-l-ulema emeritus dr. Mustafa Ceri\u0107, predsjednik Svjetskog bo\u0161nja\u010dkog kongresa, izdao je saop\u0107enje za javnost u kojem se ka\u017ee: &#8211; Niko ko ima du\u0161u u Evropi ne mo\u017ee ostati ravnodu\u0161an gledaju\u0107i tugu na licuVahide Belhi\u0107, koja nam je u Toma\u0161ici ispri\u010dala da su njezinu majku ubili [&hellip;]\" \/>\n<meta property=\"og:url\" content=\"https:\/\/sandzakpress.net\/arhiva\/predsjednik-sbk-a-bosnjaci-suocite-se-sa-svojim-nacionalnim-problemima\/\" \/>\n<meta property=\"og:site_name\" content=\"Sand\u017eak PRESS\" \/>\n<meta property=\"article:published_time\" content=\"2013-11-07T13:14:54+00:00\" \/>\n<meta property=\"article:modified_time\" content=\"2013-11-07T15:15:48+00:00\" \/>\n<meta property=\"og:image\" content=\"https:\/\/sandzakpress.net\/arhiva\/wp-content\/uploads\/2013\/11\/ceric.jpg\" \/>\n\t<meta property=\"og:image:width\" content=\"616\" \/>\n\t<meta property=\"og:image:height\" content=\"441\" \/>\n\t<meta property=\"og:image:type\" content=\"image\/jpeg\" \/>\n<meta name=\"author\" content=\"bosniak\" \/>\n<meta name=\"twitter:card\" content=\"summary_large_image\" \/>\n<meta name=\"twitter:label1\" content=\"Written by\" \/>\n\t<meta name=\"twitter:data1\" content=\"bosniak\" \/>\n\t<meta name=\"twitter:label2\" content=\"Est. reading time\" \/>\n\t<meta name=\"twitter:data2\" content=\"4 minute\" \/>\n<script type=\"application\/ld+json\" class=\"yoast-schema-graph\">{\"@context\":\"https:\/\/schema.org\",\"@graph\":[{\"@type\":\"Article\",\"@id\":\"https:\/\/sandzakpress.net\/arhiva\/predsjednik-sbk-a-bosnjaci-suocite-se-sa-svojim-nacionalnim-problemima\/#article\",\"isPartOf\":{\"@id\":\"https:\/\/sandzakpress.net\/arhiva\/predsjednik-sbk-a-bosnjaci-suocite-se-sa-svojim-nacionalnim-problemima\/\"},\"author\":{\"name\":\"bosniak\",\"@id\":\"https:\/\/sandzakpress.net\/arhiva\/#\/schema\/person\/c8baee722073534b583ea7bdb2e36c02\"},\"headline\":\"Predsjednik SBK-a: \u2018Bo\u0161njaci, suo\u010dite se sa svojim nacionalnim problemima\u2019\",\"datePublished\":\"2013-11-07T13:14:54+00:00\",\"dateModified\":\"2013-11-07T15:15:48+00:00\",\"mainEntityOfPage\":{\"@id\":\"https:\/\/sandzakpress.net\/arhiva\/predsjednik-sbk-a-bosnjaci-suocite-se-sa-svojim-nacionalnim-problemima\/\"},\"wordCount\":748,\"commentCount\":2,\"publisher\":{\"@id\":\"https:\/\/sandzakpress.net\/arhiva\/#\/schema\/person\/6e72b67d6e51910a1117b3b483ba20bd\"},\"image\":{\"@id\":\"https:\/\/sandzakpress.net\/arhiva\/predsjednik-sbk-a-bosnjaci-suocite-se-sa-svojim-nacionalnim-problemima\/#primaryimage\"},\"thumbnailUrl\":\"https:\/\/sandzakpress.net\/arhiva\/wp-content\/uploads\/2013\/11\/ceric.jpg\",\"keywords\":[\"Dr. Mustafa Ceri\u0107\"],\"articleSection\":[\"Nacija\",\"Bosna i Hercegovina\",\"VIJESTI DANA\"],\"inLanguage\":\"bs-BA\",\"potentialAction\":[{\"@type\":\"CommentAction\",\"name\":\"Comment\",\"target\":[\"https:\/\/sandzakpress.net\/arhiva\/predsjednik-sbk-a-bosnjaci-suocite-se-sa-svojim-nacionalnim-problemima\/#respond\"]}]},{\"@type\":\"WebPage\",\"@id\":\"https:\/\/sandzakpress.net\/arhiva\/predsjednik-sbk-a-bosnjaci-suocite-se-sa-svojim-nacionalnim-problemima\/\",\"url\":\"https:\/\/sandzakpress.net\/arhiva\/predsjednik-sbk-a-bosnjaci-suocite-se-sa-svojim-nacionalnim-problemima\/\",\"name\":\"Predsjednik SBK-a: \u2018Bo\u0161njaci, suo\u010dite se sa svojim nacionalnim problemima\u2019\",\"isPartOf\":{\"@id\":\"https:\/\/sandzakpress.net\/arhiva\/#website\"},\"primaryImageOfPage\":{\"@id\":\"https:\/\/sandzakpress.net\/arhiva\/predsjednik-sbk-a-bosnjaci-suocite-se-sa-svojim-nacionalnim-problemima\/#primaryimage\"},\"image\":{\"@id\":\"https:\/\/sandzakpress.net\/arhiva\/predsjednik-sbk-a-bosnjaci-suocite-se-sa-svojim-nacionalnim-problemima\/#primaryimage\"},\"thumbnailUrl\":\"https:\/\/sandzakpress.net\/arhiva\/wp-content\/uploads\/2013\/11\/ceric.jpg\",\"datePublished\":\"2013-11-07T13:14:54+00:00\",\"dateModified\":\"2013-11-07T15:15:48+00:00\",\"breadcrumb\":{\"@id\":\"https:\/\/sandzakpress.net\/arhiva\/predsjednik-sbk-a-bosnjaci-suocite-se-sa-svojim-nacionalnim-problemima\/#breadcrumb\"},\"inLanguage\":\"bs-BA\",\"potentialAction\":[{\"@type\":\"ReadAction\",\"target\":[\"https:\/\/sandzakpress.net\/arhiva\/predsjednik-sbk-a-bosnjaci-suocite-se-sa-svojim-nacionalnim-problemima\/\"]}]},{\"@type\":\"ImageObject\",\"inLanguage\":\"bs-BA\",\"@id\":\"https:\/\/sandzakpress.net\/arhiva\/predsjednik-sbk-a-bosnjaci-suocite-se-sa-svojim-nacionalnim-problemima\/#primaryimage\",\"url\":\"https:\/\/sandzakpress.net\/arhiva\/wp-content\/uploads\/2013\/11\/ceric.jpg\",\"contentUrl\":\"https:\/\/sandzakpress.net\/arhiva\/wp-content\/uploads\/2013\/11\/ceric.jpg\",\"width\":616,\"height\":441},{\"@type\":\"BreadcrumbList\",\"@id\":\"https:\/\/sandzakpress.net\/arhiva\/predsjednik-sbk-a-bosnjaci-suocite-se-sa-svojim-nacionalnim-problemima\/#breadcrumb\",\"itemListElement\":[{\"@type\":\"ListItem\",\"position\":1,\"name\":\"Home\",\"item\":\"https:\/\/sandzakpress.net\/arhiva\/\"},{\"@type\":\"ListItem\",\"position\":2,\"name\":\"Predsjednik SBK-a: \u2018Bo\u0161njaci, suo\u010dite se sa svojim nacionalnim problemima\u2019\"}]},{\"@type\":\"WebSite\",\"@id\":\"https:\/\/sandzakpress.net\/arhiva\/#website\",\"url\":\"https:\/\/sandzakpress.net\/arhiva\/\",\"name\":\"Sand\u017eak PRESS\",\"description\":\"Prve elektronske novine u Sand\u017eaku\",\"publisher\":{\"@id\":\"https:\/\/sandzakpress.net\/arhiva\/#\/schema\/person\/6e72b67d6e51910a1117b3b483ba20bd\"},\"potentialAction\":[{\"@type\":\"SearchAction\",\"target\":{\"@type\":\"EntryPoint\",\"urlTemplate\":\"https:\/\/sandzakpress.net\/arhiva\/?s={search_term_string}\"},\"query-input\":{\"@type\":\"PropertyValueSpecification\",\"valueRequired\":true,\"valueName\":\"search_term_string\"}}],\"inLanguage\":\"bs-BA\"},{\"@type\":[\"Person\",\"Organization\"],\"@id\":\"https:\/\/sandzakpress.net\/arhiva\/#\/schema\/person\/6e72b67d6e51910a1117b3b483ba20bd\",\"name\":\"Kul\",\"image\":{\"@type\":\"ImageObject\",\"inLanguage\":\"bs-BA\",\"@id\":\"https:\/\/sandzakpress.net\/arhiva\/#\/schema\/person\/image\/\",\"url\":\"https:\/\/secure.gravatar.com\/avatar\/42263f39aa27ac04c43cab85c280eb2e?s=96&d=mm&r=pg\",\"contentUrl\":\"https:\/\/secure.gravatar.com\/avatar\/42263f39aa27ac04c43cab85c280eb2e?s=96&d=mm&r=pg\",\"caption\":\"Kul\"},\"logo\":{\"@id\":\"https:\/\/sandzakpress.net\/arhiva\/#\/schema\/person\/image\/\"}},{\"@type\":\"Person\",\"@id\":\"https:\/\/sandzakpress.net\/arhiva\/#\/schema\/person\/c8baee722073534b583ea7bdb2e36c02\",\"name\":\"bosniak\",\"image\":{\"@type\":\"ImageObject\",\"inLanguage\":\"bs-BA\",\"@id\":\"https:\/\/sandzakpress.net\/arhiva\/#\/schema\/person\/image\/\",\"url\":\"https:\/\/secure.gravatar.com\/avatar\/a04fd330bfe3a36a72a0ad4a6d89fca7?s=96&d=mm&r=pg\",\"contentUrl\":\"https:\/\/secure.gravatar.com\/avatar\/a04fd330bfe3a36a72a0ad4a6d89fca7?s=96&d=mm&r=pg\",\"caption\":\"bosniak\"},\"url\":\"https:\/\/sandzakpress.net\/arhiva\/author\/bosniak\/\"}]}<\/script>\n<!-- \/ Yoast SEO Premium plugin. -->","yoast_head_json":{"title":"Predsjednik SBK-a: \u2018Bo\u0161njaci, suo\u010dite se sa svojim nacionalnim problemima\u2019","robots":{"index":"index","follow":"follow","max-snippet":"max-snippet:-1","max-image-preview":"max-image-preview:large","max-video-preview":"max-video-preview:-1"},"canonical":"https:\/\/sandzakpress.net\/arhiva\/predsjednik-sbk-a-bosnjaci-suocite-se-sa-svojim-nacionalnim-problemima\/","og_locale":"bs_BA","og_type":"article","og_title":"Predsjednik SBK-a: \u2018Bo\u0161njaci, suo\u010dite se sa svojim nacionalnim problemima\u2019","og_description":"Prijedor &#8211; Povodom otkrivanja masovne grobnice u Toma\u0161ici kod Prijedora reisu-l-ulema emeritus dr. Mustafa Ceri\u0107, predsjednik Svjetskog bo\u0161nja\u010dkog kongresa, izdao je saop\u0107enje za javnost u kojem se ka\u017ee: &#8211; Niko ko ima du\u0161u u Evropi ne mo\u017ee ostati ravnodu\u0161an gledaju\u0107i tugu na licuVahide Belhi\u0107, koja nam je u Toma\u0161ici ispri\u010dala da su njezinu majku ubili [&hellip;]","og_url":"https:\/\/sandzakpress.net\/arhiva\/predsjednik-sbk-a-bosnjaci-suocite-se-sa-svojim-nacionalnim-problemima\/","og_site_name":"Sand\u017eak PRESS","article_published_time":"2013-11-07T13:14:54+00:00","article_modified_time":"2013-11-07T15:15:48+00:00","og_image":[{"width":616,"height":441,"url":"https:\/\/sandzakpress.net\/arhiva\/wp-content\/uploads\/2013\/11\/ceric.jpg","type":"image\/jpeg"}],"author":"bosniak","twitter_card":"summary_large_image","twitter_misc":{"Written by":"bosniak","Est. reading time":"4 minute"},"schema":{"@context":"https:\/\/schema.org","@graph":[{"@type":"Article","@id":"https:\/\/sandzakpress.net\/arhiva\/predsjednik-sbk-a-bosnjaci-suocite-se-sa-svojim-nacionalnim-problemima\/#article","isPartOf":{"@id":"https:\/\/sandzakpress.net\/arhiva\/predsjednik-sbk-a-bosnjaci-suocite-se-sa-svojim-nacionalnim-problemima\/"},"author":{"name":"bosniak","@id":"https:\/\/sandzakpress.net\/arhiva\/#\/schema\/person\/c8baee722073534b583ea7bdb2e36c02"},"headline":"Predsjednik SBK-a: \u2018Bo\u0161njaci, suo\u010dite se sa svojim nacionalnim problemima\u2019","datePublished":"2013-11-07T13:14:54+00:00","dateModified":"2013-11-07T15:15:48+00:00","mainEntityOfPage":{"@id":"https:\/\/sandzakpress.net\/arhiva\/predsjednik-sbk-a-bosnjaci-suocite-se-sa-svojim-nacionalnim-problemima\/"},"wordCount":748,"commentCount":2,"publisher":{"@id":"https:\/\/sandzakpress.net\/arhiva\/#\/schema\/person\/6e72b67d6e51910a1117b3b483ba20bd"},"image":{"@id":"https:\/\/sandzakpress.net\/arhiva\/predsjednik-sbk-a-bosnjaci-suocite-se-sa-svojim-nacionalnim-problemima\/#primaryimage"},"thumbnailUrl":"https:\/\/sandzakpress.net\/arhiva\/wp-content\/uploads\/2013\/11\/ceric.jpg","keywords":["Dr. Mustafa Ceri\u0107"],"articleSection":["Nacija","Bosna i Hercegovina","VIJESTI DANA"],"inLanguage":"bs-BA","potentialAction":[{"@type":"CommentAction","name":"Comment","target":["https:\/\/sandzakpress.net\/arhiva\/predsjednik-sbk-a-bosnjaci-suocite-se-sa-svojim-nacionalnim-problemima\/#respond"]}]},{"@type":"WebPage","@id":"https:\/\/sandzakpress.net\/arhiva\/predsjednik-sbk-a-bosnjaci-suocite-se-sa-svojim-nacionalnim-problemima\/","url":"https:\/\/sandzakpress.net\/arhiva\/predsjednik-sbk-a-bosnjaci-suocite-se-sa-svojim-nacionalnim-problemima\/","name":"Predsjednik SBK-a: \u2018Bo\u0161njaci, suo\u010dite se sa svojim nacionalnim problemima\u2019","isPartOf":{"@id":"https:\/\/sandzakpress.net\/arhiva\/#website"},"primaryImageOfPage":{"@id":"https:\/\/sandzakpress.net\/arhiva\/predsjednik-sbk-a-bosnjaci-suocite-se-sa-svojim-nacionalnim-problemima\/#primaryimage"},"image":{"@id":"https:\/\/sandzakpress.net\/arhiva\/predsjednik-sbk-a-bosnjaci-suocite-se-sa-svojim-nacionalnim-problemima\/#primaryimage"},"thumbnailUrl":"https:\/\/sandzakpress.net\/arhiva\/wp-content\/uploads\/2013\/11\/ceric.jpg","datePublished":"2013-11-07T13:14:54+00:00","dateModified":"2013-11-07T15:15:48+00:00","breadcrumb":{"@id":"https:\/\/sandzakpress.net\/arhiva\/predsjednik-sbk-a-bosnjaci-suocite-se-sa-svojim-nacionalnim-problemima\/#breadcrumb"},"inLanguage":"bs-BA","potentialAction":[{"@type":"ReadAction","target":["https:\/\/sandzakpress.net\/arhiva\/predsjednik-sbk-a-bosnjaci-suocite-se-sa-svojim-nacionalnim-problemima\/"]}]},{"@type":"ImageObject","inLanguage":"bs-BA","@id":"https:\/\/sandzakpress.net\/arhiva\/predsjednik-sbk-a-bosnjaci-suocite-se-sa-svojim-nacionalnim-problemima\/#primaryimage","url":"https:\/\/sandzakpress.net\/arhiva\/wp-content\/uploads\/2013\/11\/ceric.jpg","contentUrl":"https:\/\/sandzakpress.net\/arhiva\/wp-content\/uploads\/2013\/11\/ceric.jpg","width":616,"height":441},{"@type":"BreadcrumbList","@id":"https:\/\/sandzakpress.net\/arhiva\/predsjednik-sbk-a-bosnjaci-suocite-se-sa-svojim-nacionalnim-problemima\/#breadcrumb","itemListElement":[{"@type":"ListItem","position":1,"name":"Home","item":"https:\/\/sandzakpress.net\/arhiva\/"},{"@type":"ListItem","position":2,"name":"Predsjednik SBK-a: \u2018Bo\u0161njaci, suo\u010dite se sa svojim nacionalnim problemima\u2019"}]},{"@type":"WebSite","@id":"https:\/\/sandzakpress.net\/arhiva\/#website","url":"https:\/\/sandzakpress.net\/arhiva\/","name":"Sand\u017eak PRESS","description":"Prve elektronske novine u Sand\u017eaku","publisher":{"@id":"https:\/\/sandzakpress.net\/arhiva\/#\/schema\/person\/6e72b67d6e51910a1117b3b483ba20bd"},"potentialAction":[{"@type":"SearchAction","target":{"@type":"EntryPoint","urlTemplate":"https:\/\/sandzakpress.net\/arhiva\/?s={search_term_string}"},"query-input":{"@type":"PropertyValueSpecification","valueRequired":true,"valueName":"search_term_string"}}],"inLanguage":"bs-BA"},{"@type":["Person","Organization"],"@id":"https:\/\/sandzakpress.net\/arhiva\/#\/schema\/person\/6e72b67d6e51910a1117b3b483ba20bd","name":"Kul","image":{"@type":"ImageObject","inLanguage":"bs-BA","@id":"https:\/\/sandzakpress.net\/arhiva\/#\/schema\/person\/image\/","url":"https:\/\/secure.gravatar.com\/avatar\/42263f39aa27ac04c43cab85c280eb2e?s=96&d=mm&r=pg","contentUrl":"https:\/\/secure.gravatar.com\/avatar\/42263f39aa27ac04c43cab85c280eb2e?s=96&d=mm&r=pg","caption":"Kul"},"logo":{"@id":"https:\/\/sandzakpress.net\/arhiva\/#\/schema\/person\/image\/"}},{"@type":"Person","@id":"https:\/\/sandzakpress.net\/arhiva\/#\/schema\/person\/c8baee722073534b583ea7bdb2e36c02","name":"bosniak","image":{"@type":"ImageObject","inLanguage":"bs-BA","@id":"https:\/\/sandzakpress.net\/arhiva\/#\/schema\/person\/image\/","url":"https:\/\/secure.gravatar.com\/avatar\/a04fd330bfe3a36a72a0ad4a6d89fca7?s=96&d=mm&r=pg","contentUrl":"https:\/\/secure.gravatar.com\/avatar\/a04fd330bfe3a36a72a0ad4a6d89fca7?s=96&d=mm&r=pg","caption":"bosniak"},"url":"https:\/\/sandzakpress.net\/arhiva\/author\/bosniak\/"}]}},"_links":{"self":[{"href":"https:\/\/sandzakpress.net\/arhiva\/wp-json\/wp\/v2\/posts\/94126"}],"collection":[{"href":"https:\/\/sandzakpress.net\/arhiva\/wp-json\/wp\/v2\/posts"}],"about":[{"href":"https:\/\/sandzakpress.net\/arhiva\/wp-json\/wp\/v2\/types\/post"}],"author":[{"embeddable":true,"href":"https:\/\/sandzakpress.net\/arhiva\/wp-json\/wp\/v2\/users\/83"}],"replies":[{"embeddable":true,"href":"https:\/\/sandzakpress.net\/arhiva\/wp-json\/wp\/v2\/comments?post=94126"}],"version-history":[{"count":0,"href":"https:\/\/sandzakpress.net\/arhiva\/wp-json\/wp\/v2\/posts\/94126\/revisions"}],"wp:featuredmedia":[{"embeddable":true,"href":"https:\/\/sandzakpress.net\/arhiva\/wp-json\/wp\/v2\/media\/94127"}],"wp:attachment":[{"href":"https:\/\/sandzakpress.net\/arhiva\/wp-json\/wp\/v2\/media?parent=94126"}],"wp:term":[{"taxonomy":"category","embeddable":true,"href":"https:\/\/sandzakpress.net\/arhiva\/wp-json\/wp\/v2\/categories?post=94126"},{"taxonomy":"post_tag","embeddable":true,"href":"https:\/\/sandzakpress.net\/arhiva\/wp-json\/wp\/v2\/tags?post=94126"}],"curies":[{"name":"wp","href":"https:\/\/api.w.org\/{rel}","templated":true}]}}