{"id":94120,"date":"2013-11-07T16:08:59","date_gmt":"2013-11-07T15:08:59","guid":{"rendered":"https:\/\/sandzakpress.net\/arhiva\/?p=94120"},"modified":"2013-11-07T16:08:59","modified_gmt":"2013-11-07T15:08:59","slug":"bdz-nedopustivo-je-da-gradonacelnik-novog-pazara-krsi-zakon-i-nelegalno-gradi-privatne-objekte","status":"publish","type":"post","link":"https:\/\/sandzakpress.net\/arhiva\/bdz-nedopustivo-je-da-gradonacelnik-novog-pazara-krsi-zakon-i-nelegalno-gradi-privatne-objekte\/","title":{"rendered":"BDZ: Nedopustivo je da gradona\u010delnik Novog Pazara kr\u0161i zakon i nelegalno gradi privatne objekte"},"content":{"rendered":"<p style=\"text-align: left;\" align=\"center\"><strong><img loading=\"lazy\" decoding=\"async\" class=\"alignleft  wp-image-94122\" alt=\"BDZSandzakalogo_zps52a8b038\" src=\"https:\/\/sandzakpress.net\/arhiva\/wp-content\/uploads\/2013\/11\/BDZSandzakalogo_zps52a8b0381.jpg\" width=\"384\" height=\"206\" \/>Novi Pazar &#8211; Bo\u0161nja\u010dka demokratska zajednica Sand\u017eaka zapanjena bezobzirnim i kontinuiranim kr\u0161enjem krivi\u010dnog zakona od strane najvi\u0161ih predstavnika lokalne samouprave grada Novog Pazara, zahtijeva hitnu i neopozivu ostavku gradona\u010delnika Meha Mahmutovi\u0107a.<\/strong><\/p>\n<p style=\"text-align: left;\" align=\"center\">\u00a0\u00a0 Nismo iznena\u0111eni posljednjim informacija o nelegalnoj gradnji stambenih objekata u re\u017eiji onih koji vode ovaj grad u posljednjih desetak godina. Javna tajna je u Novom Pazaru kome trebate odnijeti novac, u kom ugostiteljskom objektu, kojem licu koje je posrednik izme\u0111u pojedinih gra\u0111ana i visokih funkcionera vladaju\u0107e oligarhije. Ali, ono \u0161to je prevr\u0161ilo svaku mjeru jeste priznanje nadle\u017enih slu\u017ebi grada Novog Pazara da gradona\u010delnik Meho Mahmutovi\u0107 gradi objekata od nekoliko stotina metara kvadratnih a da ne posjeduje gra\u0111evinsku dozvolu. \u010cak je i sam Mahmutovi\u0107 to priznao na poslednjoj sjednici Skup\u0161tine grada odr\u017eanoj 30. pro\u0161log mjeseca.<\/p>\n<p style=\"text-align: left;\" align=\"center\">Nedopustivo je i krajnje licemjerno, da onaj koji je zadu\u017een da \u0161titi pravo i pravi\u010dnost u funkcionisanja organa na nivou grada, sam, bez imalo skrupula kr\u0161i zakone i propise koje je du\u017ean da sprovodi.<\/p>\n<figure id=\"attachment_94123\" aria-describedby=\"caption-attachment-94123\" style=\"width: 300px\" class=\"wp-caption alignright\"><img loading=\"lazy\" decoding=\"async\" class=\"size-medium wp-image-94123\" alt=\"553091_414317098663893_878902893_n\" src=\"https:\/\/sandzakpress.net\/arhiva\/wp-content\/uploads\/2013\/11\/553091_414317098663893_878902893_n-300x180.jpg\" width=\"300\" height=\"180\" \/><figcaption id=\"caption-attachment-94123\" class=\"wp-caption-text\">Nelegalna vikendica gradona\u010delnika Novog Pazara<\/figcaption><\/figure>\n<p style=\"text-align: left;\" align=\"center\">Ukoliko ima imalo morala Meho Mahmutovi\u0107 treba da napusti mjesto gradona\u010delnika, izvini se ovom narodu koji je svo ovo vrijeme trpeo zbog njegove bahatosti, i napusti dalje bavljenje odgovornim funkcijama jer nanosi ogromnu \u0161tetu gra\u0111anima Novog Pazara.<\/p>\n<p style=\"text-align: left;\" align=\"center\">Pozivamo ministra policije, pravde i finansija da odmah reagiraju i upute svoje predstavnike u Novi Pazar, kako bi sproveli vanrednu kontrolu poslovanja gradskih vlasti jer postoje ozbiljne sumnje da se novac predvi\u0111en za funkcionisanje grada tro\u0161i za izgradnju ogromnih objekata pojedinaca upo\u0161ljenih u gradskoj upravi, kao i izvjesnih lica koji se nalaze u njihovom obezbje\u0111enju.<\/p>\n<p style=\"text-align: left;\" align=\"center\">\u00a0\u00a0\u00a0 Pozivamo nadle\u017ene dr\u017eavne organe da procesuiraju Meha Mahmutovi\u0107a, kao i da bez odlaganja raspuste Skup\u0161tinu grada Novog Pazara i raspi\u0161u vanredne lokalne izbore.<\/p>\n<p style=\"text-align: left;\" align=\"right\">Informativna slu\u017eba<\/p>\n<p style=\"text-align: left;\">\n","protected":false},"excerpt":{"rendered":"<p>Novi Pazar &#8211; Bo\u0161nja\u010dka demokratska zajednica Sand\u017eaka zapanjena bezobzirnim i kontinuiranim kr\u0161enjem krivi\u010dnog zakona od strane najvi\u0161ih predstavnika lokalne samouprave grada Novog Pazara, zahtijeva hitnu i neopozivu ostavku gradona\u010delnika Meha Mahmutovi\u0107a. \u00a0\u00a0 Nismo iznena\u0111eni posljednjim informacija o nelegalnoj gradnji stambenih objekata u re\u017eiji onih koji vode ovaj grad u posljednjih desetak godina. Javna tajna je [&hellip;]<\/p>\n","protected":false},"author":83,"featured_media":94122,"comment_status":"open","ping_status":"open","sticky":false,"template":"","format":"standard","meta":{"footnotes":""},"categories":[72,1,8957],"tags":[10223,10248],"class_list":{"0":"post-94120","1":"post","2":"type-post","3":"status-publish","4":"format-standard","5":"has-post-thumbnail","7":"category-novi-pazar","8":"category-politika","9":"category-vijesti-dana","10":"tag-bdz","11":"tag-gradska-uprava-novi-pazar"},"yoast_head":"<!-- This site is optimized with the Yoast SEO Premium plugin v23.1 (Yoast SEO v24.9) - https:\/\/yoast.com\/wordpress\/plugins\/seo\/ -->\n<title>BDZ: Nedopustivo je da gradona\u010delnik Novog Pazara kr\u0161i zakon i nelegalno gradi privatne objekte<\/title>\n<meta name=\"robots\" content=\"index, follow, max-snippet:-1, max-image-preview:large, max-video-preview:-1\" \/>\n<link rel=\"canonical\" href=\"https:\/\/sandzakpress.net\/arhiva\/bdz-nedopustivo-je-da-gradonacelnik-novog-pazara-krsi-zakon-i-nelegalno-gradi-privatne-objekte\/\" \/>\n<meta property=\"og:locale\" content=\"bs_BA\" \/>\n<meta property=\"og:type\" content=\"article\" \/>\n<meta property=\"og:title\" content=\"BDZ: Nedopustivo je da gradona\u010delnik Novog Pazara kr\u0161i zakon i nelegalno gradi privatne objekte\" \/>\n<meta property=\"og:description\" content=\"Novi Pazar &#8211; Bo\u0161nja\u010dka demokratska zajednica Sand\u017eaka zapanjena bezobzirnim i kontinuiranim kr\u0161enjem krivi\u010dnog zakona od strane najvi\u0161ih predstavnika lokalne samouprave grada Novog Pazara, zahtijeva hitnu i neopozivu ostavku gradona\u010delnika Meha Mahmutovi\u0107a. \u00a0\u00a0 Nismo iznena\u0111eni posljednjim informacija o nelegalnoj gradnji stambenih objekata u re\u017eiji onih koji vode ovaj grad u posljednjih desetak godina. Javna tajna je [&hellip;]\" \/>\n<meta property=\"og:url\" content=\"https:\/\/sandzakpress.net\/arhiva\/bdz-nedopustivo-je-da-gradonacelnik-novog-pazara-krsi-zakon-i-nelegalno-gradi-privatne-objekte\/\" \/>\n<meta property=\"og:site_name\" content=\"Sand\u017eak PRESS\" \/>\n<meta property=\"article:published_time\" content=\"2013-11-07T15:08:59+00:00\" \/>\n<meta property=\"og:image\" content=\"https:\/\/sandzakpress.net\/arhiva\/wp-content\/uploads\/2013\/11\/BDZSandzakalogo_zps52a8b0381.jpg\" \/>\n\t<meta property=\"og:image:width\" content=\"600\" \/>\n\t<meta property=\"og:image:height\" content=\"323\" \/>\n\t<meta property=\"og:image:type\" content=\"image\/jpeg\" \/>\n<meta name=\"author\" content=\"bosniak\" \/>\n<meta name=\"twitter:card\" content=\"summary_large_image\" \/>\n<meta name=\"twitter:label1\" content=\"Written by\" \/>\n\t<meta name=\"twitter:data1\" content=\"bosniak\" \/>\n\t<meta name=\"twitter:label2\" content=\"Est. reading time\" \/>\n\t<meta name=\"twitter:data2\" content=\"2 minute\" \/>\n<script type=\"application\/ld+json\" class=\"yoast-schema-graph\">{\"@context\":\"https:\/\/schema.org\",\"@graph\":[{\"@type\":\"Article\",\"@id\":\"https:\/\/sandzakpress.net\/arhiva\/bdz-nedopustivo-je-da-gradonacelnik-novog-pazara-krsi-zakon-i-nelegalno-gradi-privatne-objekte\/#article\",\"isPartOf\":{\"@id\":\"https:\/\/sandzakpress.net\/arhiva\/bdz-nedopustivo-je-da-gradonacelnik-novog-pazara-krsi-zakon-i-nelegalno-gradi-privatne-objekte\/\"},\"author\":{\"name\":\"bosniak\",\"@id\":\"https:\/\/sandzakpress.net\/arhiva\/#\/schema\/person\/c8baee722073534b583ea7bdb2e36c02\"},\"headline\":\"BDZ: Nedopustivo je da gradona\u010delnik Novog Pazara kr\u0161i zakon i nelegalno gradi privatne objekte\",\"datePublished\":\"2013-11-07T15:08:59+00:00\",\"mainEntityOfPage\":{\"@id\":\"https:\/\/sandzakpress.net\/arhiva\/bdz-nedopustivo-je-da-gradonacelnik-novog-pazara-krsi-zakon-i-nelegalno-gradi-privatne-objekte\/\"},\"wordCount\":341,\"commentCount\":1,\"publisher\":{\"@id\":\"https:\/\/sandzakpress.net\/arhiva\/#\/schema\/person\/6e72b67d6e51910a1117b3b483ba20bd\"},\"image\":{\"@id\":\"https:\/\/sandzakpress.net\/arhiva\/bdz-nedopustivo-je-da-gradonacelnik-novog-pazara-krsi-zakon-i-nelegalno-gradi-privatne-objekte\/#primaryimage\"},\"thumbnailUrl\":\"https:\/\/sandzakpress.net\/arhiva\/wp-content\/uploads\/2013\/11\/BDZSandzakalogo_zps52a8b0381.jpg\",\"keywords\":[\"BDZ\",\"Vlast u Novom Pazaru\"],\"articleSection\":[\"Novi Pazar\",\"Politika\",\"VIJESTI DANA\"],\"inLanguage\":\"bs-BA\",\"potentialAction\":[{\"@type\":\"CommentAction\",\"name\":\"Comment\",\"target\":[\"https:\/\/sandzakpress.net\/arhiva\/bdz-nedopustivo-je-da-gradonacelnik-novog-pazara-krsi-zakon-i-nelegalno-gradi-privatne-objekte\/#respond\"]}]},{\"@type\":\"WebPage\",\"@id\":\"https:\/\/sandzakpress.net\/arhiva\/bdz-nedopustivo-je-da-gradonacelnik-novog-pazara-krsi-zakon-i-nelegalno-gradi-privatne-objekte\/\",\"url\":\"https:\/\/sandzakpress.net\/arhiva\/bdz-nedopustivo-je-da-gradonacelnik-novog-pazara-krsi-zakon-i-nelegalno-gradi-privatne-objekte\/\",\"name\":\"BDZ: Nedopustivo je da gradona\u010delnik Novog Pazara kr\u0161i zakon i nelegalno gradi privatne objekte\",\"isPartOf\":{\"@id\":\"https:\/\/sandzakpress.net\/arhiva\/#website\"},\"primaryImageOfPage\":{\"@id\":\"https:\/\/sandzakpress.net\/arhiva\/bdz-nedopustivo-je-da-gradonacelnik-novog-pazara-krsi-zakon-i-nelegalno-gradi-privatne-objekte\/#primaryimage\"},\"image\":{\"@id\":\"https:\/\/sandzakpress.net\/arhiva\/bdz-nedopustivo-je-da-gradonacelnik-novog-pazara-krsi-zakon-i-nelegalno-gradi-privatne-objekte\/#primaryimage\"},\"thumbnailUrl\":\"https:\/\/sandzakpress.net\/arhiva\/wp-content\/uploads\/2013\/11\/BDZSandzakalogo_zps52a8b0381.jpg\",\"datePublished\":\"2013-11-07T15:08:59+00:00\",\"breadcrumb\":{\"@id\":\"https:\/\/sandzakpress.net\/arhiva\/bdz-nedopustivo-je-da-gradonacelnik-novog-pazara-krsi-zakon-i-nelegalno-gradi-privatne-objekte\/#breadcrumb\"},\"inLanguage\":\"bs-BA\",\"potentialAction\":[{\"@type\":\"ReadAction\",\"target\":[\"https:\/\/sandzakpress.net\/arhiva\/bdz-nedopustivo-je-da-gradonacelnik-novog-pazara-krsi-zakon-i-nelegalno-gradi-privatne-objekte\/\"]}]},{\"@type\":\"ImageObject\",\"inLanguage\":\"bs-BA\",\"@id\":\"https:\/\/sandzakpress.net\/arhiva\/bdz-nedopustivo-je-da-gradonacelnik-novog-pazara-krsi-zakon-i-nelegalno-gradi-privatne-objekte\/#primaryimage\",\"url\":\"https:\/\/sandzakpress.net\/arhiva\/wp-content\/uploads\/2013\/11\/BDZSandzakalogo_zps52a8b0381.jpg\",\"contentUrl\":\"https:\/\/sandzakpress.net\/arhiva\/wp-content\/uploads\/2013\/11\/BDZSandzakalogo_zps52a8b0381.jpg\",\"width\":600,\"height\":323},{\"@type\":\"BreadcrumbList\",\"@id\":\"https:\/\/sandzakpress.net\/arhiva\/bdz-nedopustivo-je-da-gradonacelnik-novog-pazara-krsi-zakon-i-nelegalno-gradi-privatne-objekte\/#breadcrumb\",\"itemListElement\":[{\"@type\":\"ListItem\",\"position\":1,\"name\":\"Home\",\"item\":\"https:\/\/sandzakpress.net\/arhiva\/\"},{\"@type\":\"ListItem\",\"position\":2,\"name\":\"BDZ: Nedopustivo je da gradona\u010delnik Novog Pazara kr\u0161i zakon i nelegalno gradi privatne objekte\"}]},{\"@type\":\"WebSite\",\"@id\":\"https:\/\/sandzakpress.net\/arhiva\/#website\",\"url\":\"https:\/\/sandzakpress.net\/arhiva\/\",\"name\":\"Sand\u017eak PRESS\",\"description\":\"Prve elektronske novine u Sand\u017eaku\",\"publisher\":{\"@id\":\"https:\/\/sandzakpress.net\/arhiva\/#\/schema\/person\/6e72b67d6e51910a1117b3b483ba20bd\"},\"potentialAction\":[{\"@type\":\"SearchAction\",\"target\":{\"@type\":\"EntryPoint\",\"urlTemplate\":\"https:\/\/sandzakpress.net\/arhiva\/?s={search_term_string}\"},\"query-input\":{\"@type\":\"PropertyValueSpecification\",\"valueRequired\":true,\"valueName\":\"search_term_string\"}}],\"inLanguage\":\"bs-BA\"},{\"@type\":[\"Person\",\"Organization\"],\"@id\":\"https:\/\/sandzakpress.net\/arhiva\/#\/schema\/person\/6e72b67d6e51910a1117b3b483ba20bd\",\"name\":\"Kul\",\"image\":{\"@type\":\"ImageObject\",\"inLanguage\":\"bs-BA\",\"@id\":\"https:\/\/sandzakpress.net\/arhiva\/#\/schema\/person\/image\/\",\"url\":\"https:\/\/secure.gravatar.com\/avatar\/42263f39aa27ac04c43cab85c280eb2e?s=96&d=mm&r=pg\",\"contentUrl\":\"https:\/\/secure.gravatar.com\/avatar\/42263f39aa27ac04c43cab85c280eb2e?s=96&d=mm&r=pg\",\"caption\":\"Kul\"},\"logo\":{\"@id\":\"https:\/\/sandzakpress.net\/arhiva\/#\/schema\/person\/image\/\"}},{\"@type\":\"Person\",\"@id\":\"https:\/\/sandzakpress.net\/arhiva\/#\/schema\/person\/c8baee722073534b583ea7bdb2e36c02\",\"name\":\"bosniak\",\"image\":{\"@type\":\"ImageObject\",\"inLanguage\":\"bs-BA\",\"@id\":\"https:\/\/sandzakpress.net\/arhiva\/#\/schema\/person\/image\/\",\"url\":\"https:\/\/secure.gravatar.com\/avatar\/a04fd330bfe3a36a72a0ad4a6d89fca7?s=96&d=mm&r=pg\",\"contentUrl\":\"https:\/\/secure.gravatar.com\/avatar\/a04fd330bfe3a36a72a0ad4a6d89fca7?s=96&d=mm&r=pg\",\"caption\":\"bosniak\"},\"url\":\"https:\/\/sandzakpress.net\/arhiva\/author\/bosniak\/\"}]}<\/script>\n<!-- \/ Yoast SEO Premium plugin. -->","yoast_head_json":{"title":"BDZ: Nedopustivo je da gradona\u010delnik Novog Pazara kr\u0161i zakon i nelegalno gradi privatne objekte","robots":{"index":"index","follow":"follow","max-snippet":"max-snippet:-1","max-image-preview":"max-image-preview:large","max-video-preview":"max-video-preview:-1"},"canonical":"https:\/\/sandzakpress.net\/arhiva\/bdz-nedopustivo-je-da-gradonacelnik-novog-pazara-krsi-zakon-i-nelegalno-gradi-privatne-objekte\/","og_locale":"bs_BA","og_type":"article","og_title":"BDZ: Nedopustivo je da gradona\u010delnik Novog Pazara kr\u0161i zakon i nelegalno gradi privatne objekte","og_description":"Novi Pazar &#8211; Bo\u0161nja\u010dka demokratska zajednica Sand\u017eaka zapanjena bezobzirnim i kontinuiranim kr\u0161enjem krivi\u010dnog zakona od strane najvi\u0161ih predstavnika lokalne samouprave grada Novog Pazara, zahtijeva hitnu i neopozivu ostavku gradona\u010delnika Meha Mahmutovi\u0107a. \u00a0\u00a0 Nismo iznena\u0111eni posljednjim informacija o nelegalnoj gradnji stambenih objekata u re\u017eiji onih koji vode ovaj grad u posljednjih desetak godina. Javna tajna je [&hellip;]","og_url":"https:\/\/sandzakpress.net\/arhiva\/bdz-nedopustivo-je-da-gradonacelnik-novog-pazara-krsi-zakon-i-nelegalno-gradi-privatne-objekte\/","og_site_name":"Sand\u017eak PRESS","article_published_time":"2013-11-07T15:08:59+00:00","og_image":[{"width":600,"height":323,"url":"https:\/\/sandzakpress.net\/arhiva\/wp-content\/uploads\/2013\/11\/BDZSandzakalogo_zps52a8b0381.jpg","type":"image\/jpeg"}],"author":"bosniak","twitter_card":"summary_large_image","twitter_misc":{"Written by":"bosniak","Est. reading time":"2 minute"},"schema":{"@context":"https:\/\/schema.org","@graph":[{"@type":"Article","@id":"https:\/\/sandzakpress.net\/arhiva\/bdz-nedopustivo-je-da-gradonacelnik-novog-pazara-krsi-zakon-i-nelegalno-gradi-privatne-objekte\/#article","isPartOf":{"@id":"https:\/\/sandzakpress.net\/arhiva\/bdz-nedopustivo-je-da-gradonacelnik-novog-pazara-krsi-zakon-i-nelegalno-gradi-privatne-objekte\/"},"author":{"name":"bosniak","@id":"https:\/\/sandzakpress.net\/arhiva\/#\/schema\/person\/c8baee722073534b583ea7bdb2e36c02"},"headline":"BDZ: Nedopustivo je da gradona\u010delnik Novog Pazara kr\u0161i zakon i nelegalno gradi privatne objekte","datePublished":"2013-11-07T15:08:59+00:00","mainEntityOfPage":{"@id":"https:\/\/sandzakpress.net\/arhiva\/bdz-nedopustivo-je-da-gradonacelnik-novog-pazara-krsi-zakon-i-nelegalno-gradi-privatne-objekte\/"},"wordCount":341,"commentCount":1,"publisher":{"@id":"https:\/\/sandzakpress.net\/arhiva\/#\/schema\/person\/6e72b67d6e51910a1117b3b483ba20bd"},"image":{"@id":"https:\/\/sandzakpress.net\/arhiva\/bdz-nedopustivo-je-da-gradonacelnik-novog-pazara-krsi-zakon-i-nelegalno-gradi-privatne-objekte\/#primaryimage"},"thumbnailUrl":"https:\/\/sandzakpress.net\/arhiva\/wp-content\/uploads\/2013\/11\/BDZSandzakalogo_zps52a8b0381.jpg","keywords":["BDZ","Vlast u Novom Pazaru"],"articleSection":["Novi Pazar","Politika","VIJESTI DANA"],"inLanguage":"bs-BA","potentialAction":[{"@type":"CommentAction","name":"Comment","target":["https:\/\/sandzakpress.net\/arhiva\/bdz-nedopustivo-je-da-gradonacelnik-novog-pazara-krsi-zakon-i-nelegalno-gradi-privatne-objekte\/#respond"]}]},{"@type":"WebPage","@id":"https:\/\/sandzakpress.net\/arhiva\/bdz-nedopustivo-je-da-gradonacelnik-novog-pazara-krsi-zakon-i-nelegalno-gradi-privatne-objekte\/","url":"https:\/\/sandzakpress.net\/arhiva\/bdz-nedopustivo-je-da-gradonacelnik-novog-pazara-krsi-zakon-i-nelegalno-gradi-privatne-objekte\/","name":"BDZ: Nedopustivo je da gradona\u010delnik Novog Pazara kr\u0161i zakon i nelegalno gradi privatne objekte","isPartOf":{"@id":"https:\/\/sandzakpress.net\/arhiva\/#website"},"primaryImageOfPage":{"@id":"https:\/\/sandzakpress.net\/arhiva\/bdz-nedopustivo-je-da-gradonacelnik-novog-pazara-krsi-zakon-i-nelegalno-gradi-privatne-objekte\/#primaryimage"},"image":{"@id":"https:\/\/sandzakpress.net\/arhiva\/bdz-nedopustivo-je-da-gradonacelnik-novog-pazara-krsi-zakon-i-nelegalno-gradi-privatne-objekte\/#primaryimage"},"thumbnailUrl":"https:\/\/sandzakpress.net\/arhiva\/wp-content\/uploads\/2013\/11\/BDZSandzakalogo_zps52a8b0381.jpg","datePublished":"2013-11-07T15:08:59+00:00","breadcrumb":{"@id":"https:\/\/sandzakpress.net\/arhiva\/bdz-nedopustivo-je-da-gradonacelnik-novog-pazara-krsi-zakon-i-nelegalno-gradi-privatne-objekte\/#breadcrumb"},"inLanguage":"bs-BA","potentialAction":[{"@type":"ReadAction","target":["https:\/\/sandzakpress.net\/arhiva\/bdz-nedopustivo-je-da-gradonacelnik-novog-pazara-krsi-zakon-i-nelegalno-gradi-privatne-objekte\/"]}]},{"@type":"ImageObject","inLanguage":"bs-BA","@id":"https:\/\/sandzakpress.net\/arhiva\/bdz-nedopustivo-je-da-gradonacelnik-novog-pazara-krsi-zakon-i-nelegalno-gradi-privatne-objekte\/#primaryimage","url":"https:\/\/sandzakpress.net\/arhiva\/wp-content\/uploads\/2013\/11\/BDZSandzakalogo_zps52a8b0381.jpg","contentUrl":"https:\/\/sandzakpress.net\/arhiva\/wp-content\/uploads\/2013\/11\/BDZSandzakalogo_zps52a8b0381.jpg","width":600,"height":323},{"@type":"BreadcrumbList","@id":"https:\/\/sandzakpress.net\/arhiva\/bdz-nedopustivo-je-da-gradonacelnik-novog-pazara-krsi-zakon-i-nelegalno-gradi-privatne-objekte\/#breadcrumb","itemListElement":[{"@type":"ListItem","position":1,"name":"Home","item":"https:\/\/sandzakpress.net\/arhiva\/"},{"@type":"ListItem","position":2,"name":"BDZ: Nedopustivo je da gradona\u010delnik Novog Pazara kr\u0161i zakon i nelegalno gradi privatne objekte"}]},{"@type":"WebSite","@id":"https:\/\/sandzakpress.net\/arhiva\/#website","url":"https:\/\/sandzakpress.net\/arhiva\/","name":"Sand\u017eak PRESS","description":"Prve elektronske novine u Sand\u017eaku","publisher":{"@id":"https:\/\/sandzakpress.net\/arhiva\/#\/schema\/person\/6e72b67d6e51910a1117b3b483ba20bd"},"potentialAction":[{"@type":"SearchAction","target":{"@type":"EntryPoint","urlTemplate":"https:\/\/sandzakpress.net\/arhiva\/?s={search_term_string}"},"query-input":{"@type":"PropertyValueSpecification","valueRequired":true,"valueName":"search_term_string"}}],"inLanguage":"bs-BA"},{"@type":["Person","Organization"],"@id":"https:\/\/sandzakpress.net\/arhiva\/#\/schema\/person\/6e72b67d6e51910a1117b3b483ba20bd","name":"Kul","image":{"@type":"ImageObject","inLanguage":"bs-BA","@id":"https:\/\/sandzakpress.net\/arhiva\/#\/schema\/person\/image\/","url":"https:\/\/secure.gravatar.com\/avatar\/42263f39aa27ac04c43cab85c280eb2e?s=96&d=mm&r=pg","contentUrl":"https:\/\/secure.gravatar.com\/avatar\/42263f39aa27ac04c43cab85c280eb2e?s=96&d=mm&r=pg","caption":"Kul"},"logo":{"@id":"https:\/\/sandzakpress.net\/arhiva\/#\/schema\/person\/image\/"}},{"@type":"Person","@id":"https:\/\/sandzakpress.net\/arhiva\/#\/schema\/person\/c8baee722073534b583ea7bdb2e36c02","name":"bosniak","image":{"@type":"ImageObject","inLanguage":"bs-BA","@id":"https:\/\/sandzakpress.net\/arhiva\/#\/schema\/person\/image\/","url":"https:\/\/secure.gravatar.com\/avatar\/a04fd330bfe3a36a72a0ad4a6d89fca7?s=96&d=mm&r=pg","contentUrl":"https:\/\/secure.gravatar.com\/avatar\/a04fd330bfe3a36a72a0ad4a6d89fca7?s=96&d=mm&r=pg","caption":"bosniak"},"url":"https:\/\/sandzakpress.net\/arhiva\/author\/bosniak\/"}]}},"_links":{"self":[{"href":"https:\/\/sandzakpress.net\/arhiva\/wp-json\/wp\/v2\/posts\/94120"}],"collection":[{"href":"https:\/\/sandzakpress.net\/arhiva\/wp-json\/wp\/v2\/posts"}],"about":[{"href":"https:\/\/sandzakpress.net\/arhiva\/wp-json\/wp\/v2\/types\/post"}],"author":[{"embeddable":true,"href":"https:\/\/sandzakpress.net\/arhiva\/wp-json\/wp\/v2\/users\/83"}],"replies":[{"embeddable":true,"href":"https:\/\/sandzakpress.net\/arhiva\/wp-json\/wp\/v2\/comments?post=94120"}],"version-history":[{"count":0,"href":"https:\/\/sandzakpress.net\/arhiva\/wp-json\/wp\/v2\/posts\/94120\/revisions"}],"wp:featuredmedia":[{"embeddable":true,"href":"https:\/\/sandzakpress.net\/arhiva\/wp-json\/wp\/v2\/media\/94122"}],"wp:attachment":[{"href":"https:\/\/sandzakpress.net\/arhiva\/wp-json\/wp\/v2\/media?parent=94120"}],"wp:term":[{"taxonomy":"category","embeddable":true,"href":"https:\/\/sandzakpress.net\/arhiva\/wp-json\/wp\/v2\/categories?post=94120"},{"taxonomy":"post_tag","embeddable":true,"href":"https:\/\/sandzakpress.net\/arhiva\/wp-json\/wp\/v2\/tags?post=94120"}],"curies":[{"name":"wp","href":"https:\/\/api.w.org\/{rel}","templated":true}]}}