{"id":93938,"date":"2013-11-06T16:30:06","date_gmt":"2013-11-06T15:30:06","guid":{"rendered":"https:\/\/sandzakpress.net\/arhiva\/?p=93938"},"modified":"2013-11-06T16:30:06","modified_gmt":"2013-11-06T15:30:06","slug":"bosnjacki-poiiticari-moraju-posjetiti-masovnu-grobnicu-tomasica","status":"publish","type":"post","link":"https:\/\/sandzakpress.net\/arhiva\/bosnjacki-poiiticari-moraju-posjetiti-masovnu-grobnicu-tomasica\/","title":{"rendered":"Bo\u0161nja\u010dki poIiti\u010dari moraju posjetiti masovnu grobnicu Toma\u0161ica"},"content":{"rendered":"<p><b><img loading=\"lazy\" decoding=\"async\" class=\"alignleft size-full wp-image-93939\" alt=\"Doc9-280x116\" src=\"https:\/\/sandzakpress.net\/arhiva\/wp-content\/uploads\/2013\/11\/Doc9-280x116.jpg\" width=\"280\" height=\"116\" \/>Amerika, BIH &#8211; Saop\u0107enje Bo\u0161njaka Sjeverne Amerike o grobnici Toma\u0161ica kod Prijedora<\/b><\/p>\n<p>Otkri\u0107e najve\u0107e, masovne, primarne grobnice Toma\u0161ica kod Prijedora samo potvr\u0111uje razmjere agresije na Republiku Bosnu i Hercegovinu i dokazuje genocid nad njenim gra\u0111anima u Prijedoru. Toma\u0161ica nije sekundarna grobnica, odnosno ona nije bila mjesto gdje su naknadno i zbirno dovo\u017eena tijela iz drugih grobnica.\u00a0 U pitanju je primarna masovna grobnica, koja je kao takva ozna\u010dena i brutalno realizirana, te svjedo\u010di najmra\u010dniju stranu ljudskog uma, za koju se vjerovalo da je zauvijek pora\u017eena poslije Holokausta.<\/p>\n<p>Podsje\u0107amo da su srpskohrvatski agresori\u00a0 u sadejstvu sa njihovim kolaboracionistima izvr\u0161ili nad Republikom Bosnom i Hercegovinom i Bo\u0161njacima te\u0161ka kr\u0161enja me\u0111unarodnog humanitarnog prava, uklju\u010duju\u0107i agresiju i genocid. O tome, pored ostalog, svjedo\u010de i mnoge masovne grobnice koje se svakodnevno otkrivaju, i pored \u010dinjenice da su zlo\u010dinci sistematski uni\u0161tavali tragove zlo\u010dina, o \u010demu postoje dokumenti. Tako su u temelje entiteta Republika Srpska ugra\u0111ene mnogoborjne masovne grobnice kao neizbrisiva svjedo\u010danstva o stra\u0161nim zlo\u010dinima nad ljudina samo zato \u0161to su druge nacije, vjere, kulture, \u0161to vole svoj dom, svoj grad, svoju dr\u017eavu. Presuda Me\u0111unarodnog suda pravde je dovoljna da se pokrene pitanje egzistencije ne\u010dega \u0161to je gra\u0111eno zlo\u010dinima.<\/p>\n<p>U ime pre\u017eivjelih \u017ertava i svjedoka agresije na Republiku Bosnu i Hercegovinu i genocida nad njenim gra\u0111anima, koji trenutno \u017eive u Sjevernoj Americi, od kojih su mnogi \u017ertve genocida u Prijedoru, podr\u017eavamo rad\u00a0 Instituta za tra\u017eenje nestalih Bosne i Hercegovine i njegovih forenzi\u010dara na terenu masovne grobnice Toma\u0161ica. Njihov te\u017eak i odgovoran rad je od velike va\u017enosti za istinu o zlo\u010dinima i pravdu za \u017ertve tih zlo\u010dina.<\/p>\n<p>U vrijeme dok se u najve\u0107oj grobnici u Toma\u0161ici, otkrivaju tijela \u017ertava genocida u Prijedoru i njegovoj okolini, Me\u0111unarodni krivi\u010dni tribunal za biv\u0161u Jugoslaviju pu\u0161ta na slobodu nalogodavce tih istih zlo\u010dina, \u0161to poni\u017eava i vrije\u0111a \u017ertve agresije i genocida. Kao glas sjevernoameri\u010dkih Bo\u0161njaka i glas \u017ertava agresije i genocida tra\u017eimo da predsjednik Me\u0111unarodnog krivi\u010dnog tribunala za biv\u0161u Jugoslaviju gospodin Theodor Meron i njegov zamjenik gospodin Carmel Agius te glavni tu\u017eitelj gospodin Serge Brammertz posjete Prijedor i lokalitet masovne grobnice u Toma\u0161ici \u00a0da bi se na su\u0111enju osumni\u010denim ratnim zlo\u010dincima Radovanu Karad\u017ei\u0107u i Ratku Mladi\u0107u unijeli nove dokaze o genocidu u Prijedoru.<\/p>\n<p>Tra\u017eimo od bo\u0161nja\u010dkih politi\u010dara na svim nivoima vlasti da posjete masovnu grobnicu Toma\u0161ica i makar takvom simboli\u010dnom posjetom daju do znanja da se brinu o pravima i slobodama, pre\u017eivjelih \u017ertava i svjedoka agresije i genocida.<\/p>\n<p>Izra\u017eavamo najo\u0161triji protest protiv, ljudskom umu nezamislive, uvrede \u017ertvama i svjedocima genocida u Prijedoru od strane aktuelnog gradona\u010delnika gospodina Marka Pavi\u0107a, koji je\u00a0 u javnom istupu na pitanje koji je njegov stav o masovnoj grobnici u Toma\u0161ici, odgovorio sa: \u201cTi ljudi su tamo\u00a0<strong>sahranjeni<\/strong>\u00a0i ja ne \u017eelim da se vra\u0107am u pro\u0161lost\u201d. Gospodin Pavi\u0107 ovom izjavom dokazuje njegov otvoreni neprijateljski odnos prema \u017ertvama i svjedocima agresije i genocida, neprijateljski odnos prema nesrbima u Prijedoru, neprijateljski odnos prema povratnicima u Prijedor. Zato treba da snosi sankcije. O njegovoj brutalnoj izjavi kao i njegovim aktivnostima koje totalno ugro\u017eavaju ljudska prava i slobode nesrba u Prijedoru informirat \u0107emo ameri\u010dke i kanadske organe i organizacije. Tra\u017eit \u0107emo od najautoritativnijih politi\u010dkih, akademskih u kulturnih individua i organizacija u svijetu da upotrebom svih sredstava utje\u010du na gradona\u010delnika Marka Pavi\u0107a i njegov op\u0107inski establi\u0161ment da priznaju pravo \u017ertvama genocida na pravdu i istinu, da priznaju pravo na sje\u0107anje i memorisanje tih stra\u0161nih zlo\u010dina. Tra\u017ei\u0107emo da se dozvoli izgradnja memorijala unutar nekada\u0161njeg logora Omarska. Tra\u017eit \u0107emo da se\u00a0 \u017ertavama i svjedocima obezbijedi pravo na obrazovanje \u0161ire javnosti o zlo\u010dinima agresije i genocida. Tra\u017eit \u0107emo povla\u010denje svih mjera usmjerenih protiv organizacija \u017ertava i svjedoka agresije i genocida, kao i njihovih aktivista. Tra\u017eit \u0107emo podr\u0161ku istih za odbranu prava i sloboda \u017ertava agresije i genocida u Prijedoru, kao i uklanjanje sa op\u0161tinske vlasti svih onih koji negiraju osnovna ljudska prava i slobode u Prijedoru.<\/p>\n<p>Jo\u0161 jednom podsje\u0107amo da se u Prijedoru od 1992 do 1995 desio zlo\u010din genocida u kome je\u00a0 ubijeno 3.227 nedu\u017enih Bo\u0161njaka i Hrvata, da se za njih 1.000 jo\u0161 uvijek traga.\u00a0\u00a0Preko 31.000 ljudi su bili zato\u010deni u prijedorskim koncentracionim logorima smrti, a 53.000 osoba su \u017ertve progona i deportacije. Gra\u0111ani Prijedora, Bo\u0161njaci\u00a0 i Hrvati morali su svoje ku\u0107e obilje\u017eiti bijelim \u010dar\u0161afima a svoja tijela ozna\u010diti bijelim trakama, kao \u017didovi u vrijeme nacizma. Prijedorom i danas mar\u0161iraju \u010detnici, a \u017ertve se ne smiju sje\u0107ati niti obilje\u017eavati najve\u0107a strati\u0161ta ljudi u Evropi poslije Holokausta. Mi, sjevernoameri\u010dki Bo\u0161njaci te zlo\u010dine nazivamo genocidom, i u\u010dinit \u0107emo sve da se naredbodavci i izvr\u0161ioci genocida u Prijedoru pravdeno sankcioni\u0161u.<\/p>\n<p>Potpisnici saop\u0107enja,<\/p>\n<p>Prof. Emir Rami\u0107, predsjednik Instituta za Istra\u017eivanje Genocida Kanada<\/p>\n<p>Mr. Hamdija \u010custovi\u0107, predsjednik Upravnog Odbora Kongresa Bo\u0161njaka Sjeverne Amerike<\/p>\n<p>(SBK)<\/p>\n","protected":false},"excerpt":{"rendered":"<p>Amerika, BIH &#8211; Saop\u0107enje Bo\u0161njaka Sjeverne Amerike o grobnici Toma\u0161ica kod Prijedora Otkri\u0107e najve\u0107e, masovne, primarne grobnice Toma\u0161ica kod Prijedora samo potvr\u0111uje razmjere agresije na Republiku Bosnu i Hercegovinu i dokazuje genocid nad njenim gra\u0111anima u Prijedoru. Toma\u0161ica nije sekundarna grobnica, odnosno ona nije bila mjesto gdje su naknadno i zbirno dovo\u017eena tijela iz drugih [&hellip;]<\/p>\n","protected":false},"author":83,"featured_media":93939,"comment_status":"open","ping_status":"open","sticky":false,"template":"","format":"standard","meta":{"footnotes":""},"categories":[800,2860,3012],"tags":[],"class_list":{"0":"post-93938","1":"post","2":"type-post","3":"status-publish","4":"format-standard","5":"has-post-thumbnail","7":"category-nacija","8":"category-bosna-i-hercegovina-gradovi","9":"category-amerika-gradovi"},"yoast_head":"<!-- This site is optimized with the Yoast SEO Premium plugin v23.1 (Yoast SEO v24.9) - https:\/\/yoast.com\/wordpress\/plugins\/seo\/ -->\n<title>Bo\u0161nja\u010dki poIiti\u010dari moraju posjetiti masovnu grobnicu Toma\u0161ica<\/title>\n<meta name=\"robots\" content=\"index, follow, max-snippet:-1, max-image-preview:large, max-video-preview:-1\" \/>\n<link rel=\"canonical\" href=\"https:\/\/sandzakpress.net\/arhiva\/bosnjacki-poiiticari-moraju-posjetiti-masovnu-grobnicu-tomasica\/\" \/>\n<meta property=\"og:locale\" content=\"bs_BA\" \/>\n<meta property=\"og:type\" content=\"article\" \/>\n<meta property=\"og:title\" content=\"Bo\u0161nja\u010dki poIiti\u010dari moraju posjetiti masovnu grobnicu Toma\u0161ica\" \/>\n<meta property=\"og:description\" content=\"Amerika, BIH &#8211; Saop\u0107enje Bo\u0161njaka Sjeverne Amerike o grobnici Toma\u0161ica kod Prijedora Otkri\u0107e najve\u0107e, masovne, primarne grobnice Toma\u0161ica kod Prijedora samo potvr\u0111uje razmjere agresije na Republiku Bosnu i Hercegovinu i dokazuje genocid nad njenim gra\u0111anima u Prijedoru. Toma\u0161ica nije sekundarna grobnica, odnosno ona nije bila mjesto gdje su naknadno i zbirno dovo\u017eena tijela iz drugih [&hellip;]\" \/>\n<meta property=\"og:url\" content=\"https:\/\/sandzakpress.net\/arhiva\/bosnjacki-poiiticari-moraju-posjetiti-masovnu-grobnicu-tomasica\/\" \/>\n<meta property=\"og:site_name\" content=\"Sand\u017eak PRESS\" \/>\n<meta property=\"article:published_time\" content=\"2013-11-06T15:30:06+00:00\" \/>\n<meta property=\"og:image\" content=\"https:\/\/sandzakpress.net\/arhiva\/wp-content\/uploads\/2013\/11\/Doc9-280x116.jpg\" \/>\n\t<meta property=\"og:image:width\" content=\"280\" \/>\n\t<meta property=\"og:image:height\" content=\"116\" \/>\n\t<meta property=\"og:image:type\" content=\"image\/jpeg\" \/>\n<meta name=\"author\" content=\"bosniak\" \/>\n<meta name=\"twitter:card\" content=\"summary_large_image\" \/>\n<meta name=\"twitter:label1\" content=\"Written by\" \/>\n\t<meta name=\"twitter:data1\" content=\"bosniak\" \/>\n\t<meta name=\"twitter:label2\" content=\"Est. reading time\" \/>\n\t<meta name=\"twitter:data2\" content=\"4 minute\" \/>\n<script type=\"application\/ld+json\" class=\"yoast-schema-graph\">{\"@context\":\"https:\/\/schema.org\",\"@graph\":[{\"@type\":\"Article\",\"@id\":\"https:\/\/sandzakpress.net\/arhiva\/bosnjacki-poiiticari-moraju-posjetiti-masovnu-grobnicu-tomasica\/#article\",\"isPartOf\":{\"@id\":\"https:\/\/sandzakpress.net\/arhiva\/bosnjacki-poiiticari-moraju-posjetiti-masovnu-grobnicu-tomasica\/\"},\"author\":{\"name\":\"bosniak\",\"@id\":\"https:\/\/sandzakpress.net\/arhiva\/#\/schema\/person\/c8baee722073534b583ea7bdb2e36c02\"},\"headline\":\"Bo\u0161nja\u010dki poIiti\u010dari moraju posjetiti masovnu grobnicu Toma\u0161ica\",\"datePublished\":\"2013-11-06T15:30:06+00:00\",\"mainEntityOfPage\":{\"@id\":\"https:\/\/sandzakpress.net\/arhiva\/bosnjacki-poiiticari-moraju-posjetiti-masovnu-grobnicu-tomasica\/\"},\"wordCount\":899,\"commentCount\":3,\"publisher\":{\"@id\":\"https:\/\/sandzakpress.net\/arhiva\/#\/schema\/person\/6e72b67d6e51910a1117b3b483ba20bd\"},\"image\":{\"@id\":\"https:\/\/sandzakpress.net\/arhiva\/bosnjacki-poiiticari-moraju-posjetiti-masovnu-grobnicu-tomasica\/#primaryimage\"},\"thumbnailUrl\":\"https:\/\/sandzakpress.net\/arhiva\/wp-content\/uploads\/2013\/11\/Doc9-280x116.jpg\",\"articleSection\":[\"Nacija\",\"Bosna i Hercegovina\",\"Amerika\"],\"inLanguage\":\"bs-BA\",\"potentialAction\":[{\"@type\":\"CommentAction\",\"name\":\"Comment\",\"target\":[\"https:\/\/sandzakpress.net\/arhiva\/bosnjacki-poiiticari-moraju-posjetiti-masovnu-grobnicu-tomasica\/#respond\"]}]},{\"@type\":\"WebPage\",\"@id\":\"https:\/\/sandzakpress.net\/arhiva\/bosnjacki-poiiticari-moraju-posjetiti-masovnu-grobnicu-tomasica\/\",\"url\":\"https:\/\/sandzakpress.net\/arhiva\/bosnjacki-poiiticari-moraju-posjetiti-masovnu-grobnicu-tomasica\/\",\"name\":\"Bo\u0161nja\u010dki poIiti\u010dari moraju posjetiti masovnu grobnicu Toma\u0161ica\",\"isPartOf\":{\"@id\":\"https:\/\/sandzakpress.net\/arhiva\/#website\"},\"primaryImageOfPage\":{\"@id\":\"https:\/\/sandzakpress.net\/arhiva\/bosnjacki-poiiticari-moraju-posjetiti-masovnu-grobnicu-tomasica\/#primaryimage\"},\"image\":{\"@id\":\"https:\/\/sandzakpress.net\/arhiva\/bosnjacki-poiiticari-moraju-posjetiti-masovnu-grobnicu-tomasica\/#primaryimage\"},\"thumbnailUrl\":\"https:\/\/sandzakpress.net\/arhiva\/wp-content\/uploads\/2013\/11\/Doc9-280x116.jpg\",\"datePublished\":\"2013-11-06T15:30:06+00:00\",\"breadcrumb\":{\"@id\":\"https:\/\/sandzakpress.net\/arhiva\/bosnjacki-poiiticari-moraju-posjetiti-masovnu-grobnicu-tomasica\/#breadcrumb\"},\"inLanguage\":\"bs-BA\",\"potentialAction\":[{\"@type\":\"ReadAction\",\"target\":[\"https:\/\/sandzakpress.net\/arhiva\/bosnjacki-poiiticari-moraju-posjetiti-masovnu-grobnicu-tomasica\/\"]}]},{\"@type\":\"ImageObject\",\"inLanguage\":\"bs-BA\",\"@id\":\"https:\/\/sandzakpress.net\/arhiva\/bosnjacki-poiiticari-moraju-posjetiti-masovnu-grobnicu-tomasica\/#primaryimage\",\"url\":\"https:\/\/sandzakpress.net\/arhiva\/wp-content\/uploads\/2013\/11\/Doc9-280x116.jpg\",\"contentUrl\":\"https:\/\/sandzakpress.net\/arhiva\/wp-content\/uploads\/2013\/11\/Doc9-280x116.jpg\",\"width\":280,\"height\":116},{\"@type\":\"BreadcrumbList\",\"@id\":\"https:\/\/sandzakpress.net\/arhiva\/bosnjacki-poiiticari-moraju-posjetiti-masovnu-grobnicu-tomasica\/#breadcrumb\",\"itemListElement\":[{\"@type\":\"ListItem\",\"position\":1,\"name\":\"Home\",\"item\":\"https:\/\/sandzakpress.net\/arhiva\/\"},{\"@type\":\"ListItem\",\"position\":2,\"name\":\"Bo\u0161nja\u010dki poIiti\u010dari moraju posjetiti masovnu grobnicu Toma\u0161ica\"}]},{\"@type\":\"WebSite\",\"@id\":\"https:\/\/sandzakpress.net\/arhiva\/#website\",\"url\":\"https:\/\/sandzakpress.net\/arhiva\/\",\"name\":\"Sand\u017eak PRESS\",\"description\":\"Prve elektronske novine u Sand\u017eaku\",\"publisher\":{\"@id\":\"https:\/\/sandzakpress.net\/arhiva\/#\/schema\/person\/6e72b67d6e51910a1117b3b483ba20bd\"},\"potentialAction\":[{\"@type\":\"SearchAction\",\"target\":{\"@type\":\"EntryPoint\",\"urlTemplate\":\"https:\/\/sandzakpress.net\/arhiva\/?s={search_term_string}\"},\"query-input\":{\"@type\":\"PropertyValueSpecification\",\"valueRequired\":true,\"valueName\":\"search_term_string\"}}],\"inLanguage\":\"bs-BA\"},{\"@type\":[\"Person\",\"Organization\"],\"@id\":\"https:\/\/sandzakpress.net\/arhiva\/#\/schema\/person\/6e72b67d6e51910a1117b3b483ba20bd\",\"name\":\"Kul\",\"image\":{\"@type\":\"ImageObject\",\"inLanguage\":\"bs-BA\",\"@id\":\"https:\/\/sandzakpress.net\/arhiva\/#\/schema\/person\/image\/\",\"url\":\"https:\/\/secure.gravatar.com\/avatar\/42263f39aa27ac04c43cab85c280eb2e?s=96&d=mm&r=pg\",\"contentUrl\":\"https:\/\/secure.gravatar.com\/avatar\/42263f39aa27ac04c43cab85c280eb2e?s=96&d=mm&r=pg\",\"caption\":\"Kul\"},\"logo\":{\"@id\":\"https:\/\/sandzakpress.net\/arhiva\/#\/schema\/person\/image\/\"}},{\"@type\":\"Person\",\"@id\":\"https:\/\/sandzakpress.net\/arhiva\/#\/schema\/person\/c8baee722073534b583ea7bdb2e36c02\",\"name\":\"bosniak\",\"image\":{\"@type\":\"ImageObject\",\"inLanguage\":\"bs-BA\",\"@id\":\"https:\/\/sandzakpress.net\/arhiva\/#\/schema\/person\/image\/\",\"url\":\"https:\/\/secure.gravatar.com\/avatar\/a04fd330bfe3a36a72a0ad4a6d89fca7?s=96&d=mm&r=pg\",\"contentUrl\":\"https:\/\/secure.gravatar.com\/avatar\/a04fd330bfe3a36a72a0ad4a6d89fca7?s=96&d=mm&r=pg\",\"caption\":\"bosniak\"},\"url\":\"https:\/\/sandzakpress.net\/arhiva\/author\/bosniak\/\"}]}<\/script>\n<!-- \/ Yoast SEO Premium plugin. -->","yoast_head_json":{"title":"Bo\u0161nja\u010dki poIiti\u010dari moraju posjetiti masovnu grobnicu Toma\u0161ica","robots":{"index":"index","follow":"follow","max-snippet":"max-snippet:-1","max-image-preview":"max-image-preview:large","max-video-preview":"max-video-preview:-1"},"canonical":"https:\/\/sandzakpress.net\/arhiva\/bosnjacki-poiiticari-moraju-posjetiti-masovnu-grobnicu-tomasica\/","og_locale":"bs_BA","og_type":"article","og_title":"Bo\u0161nja\u010dki poIiti\u010dari moraju posjetiti masovnu grobnicu Toma\u0161ica","og_description":"Amerika, BIH &#8211; Saop\u0107enje Bo\u0161njaka Sjeverne Amerike o grobnici Toma\u0161ica kod Prijedora Otkri\u0107e najve\u0107e, masovne, primarne grobnice Toma\u0161ica kod Prijedora samo potvr\u0111uje razmjere agresije na Republiku Bosnu i Hercegovinu i dokazuje genocid nad njenim gra\u0111anima u Prijedoru. Toma\u0161ica nije sekundarna grobnica, odnosno ona nije bila mjesto gdje su naknadno i zbirno dovo\u017eena tijela iz drugih [&hellip;]","og_url":"https:\/\/sandzakpress.net\/arhiva\/bosnjacki-poiiticari-moraju-posjetiti-masovnu-grobnicu-tomasica\/","og_site_name":"Sand\u017eak PRESS","article_published_time":"2013-11-06T15:30:06+00:00","og_image":[{"width":280,"height":116,"url":"https:\/\/sandzakpress.net\/arhiva\/wp-content\/uploads\/2013\/11\/Doc9-280x116.jpg","type":"image\/jpeg"}],"author":"bosniak","twitter_card":"summary_large_image","twitter_misc":{"Written by":"bosniak","Est. reading time":"4 minute"},"schema":{"@context":"https:\/\/schema.org","@graph":[{"@type":"Article","@id":"https:\/\/sandzakpress.net\/arhiva\/bosnjacki-poiiticari-moraju-posjetiti-masovnu-grobnicu-tomasica\/#article","isPartOf":{"@id":"https:\/\/sandzakpress.net\/arhiva\/bosnjacki-poiiticari-moraju-posjetiti-masovnu-grobnicu-tomasica\/"},"author":{"name":"bosniak","@id":"https:\/\/sandzakpress.net\/arhiva\/#\/schema\/person\/c8baee722073534b583ea7bdb2e36c02"},"headline":"Bo\u0161nja\u010dki poIiti\u010dari moraju posjetiti masovnu grobnicu Toma\u0161ica","datePublished":"2013-11-06T15:30:06+00:00","mainEntityOfPage":{"@id":"https:\/\/sandzakpress.net\/arhiva\/bosnjacki-poiiticari-moraju-posjetiti-masovnu-grobnicu-tomasica\/"},"wordCount":899,"commentCount":3,"publisher":{"@id":"https:\/\/sandzakpress.net\/arhiva\/#\/schema\/person\/6e72b67d6e51910a1117b3b483ba20bd"},"image":{"@id":"https:\/\/sandzakpress.net\/arhiva\/bosnjacki-poiiticari-moraju-posjetiti-masovnu-grobnicu-tomasica\/#primaryimage"},"thumbnailUrl":"https:\/\/sandzakpress.net\/arhiva\/wp-content\/uploads\/2013\/11\/Doc9-280x116.jpg","articleSection":["Nacija","Bosna i Hercegovina","Amerika"],"inLanguage":"bs-BA","potentialAction":[{"@type":"CommentAction","name":"Comment","target":["https:\/\/sandzakpress.net\/arhiva\/bosnjacki-poiiticari-moraju-posjetiti-masovnu-grobnicu-tomasica\/#respond"]}]},{"@type":"WebPage","@id":"https:\/\/sandzakpress.net\/arhiva\/bosnjacki-poiiticari-moraju-posjetiti-masovnu-grobnicu-tomasica\/","url":"https:\/\/sandzakpress.net\/arhiva\/bosnjacki-poiiticari-moraju-posjetiti-masovnu-grobnicu-tomasica\/","name":"Bo\u0161nja\u010dki poIiti\u010dari moraju posjetiti masovnu grobnicu Toma\u0161ica","isPartOf":{"@id":"https:\/\/sandzakpress.net\/arhiva\/#website"},"primaryImageOfPage":{"@id":"https:\/\/sandzakpress.net\/arhiva\/bosnjacki-poiiticari-moraju-posjetiti-masovnu-grobnicu-tomasica\/#primaryimage"},"image":{"@id":"https:\/\/sandzakpress.net\/arhiva\/bosnjacki-poiiticari-moraju-posjetiti-masovnu-grobnicu-tomasica\/#primaryimage"},"thumbnailUrl":"https:\/\/sandzakpress.net\/arhiva\/wp-content\/uploads\/2013\/11\/Doc9-280x116.jpg","datePublished":"2013-11-06T15:30:06+00:00","breadcrumb":{"@id":"https:\/\/sandzakpress.net\/arhiva\/bosnjacki-poiiticari-moraju-posjetiti-masovnu-grobnicu-tomasica\/#breadcrumb"},"inLanguage":"bs-BA","potentialAction":[{"@type":"ReadAction","target":["https:\/\/sandzakpress.net\/arhiva\/bosnjacki-poiiticari-moraju-posjetiti-masovnu-grobnicu-tomasica\/"]}]},{"@type":"ImageObject","inLanguage":"bs-BA","@id":"https:\/\/sandzakpress.net\/arhiva\/bosnjacki-poiiticari-moraju-posjetiti-masovnu-grobnicu-tomasica\/#primaryimage","url":"https:\/\/sandzakpress.net\/arhiva\/wp-content\/uploads\/2013\/11\/Doc9-280x116.jpg","contentUrl":"https:\/\/sandzakpress.net\/arhiva\/wp-content\/uploads\/2013\/11\/Doc9-280x116.jpg","width":280,"height":116},{"@type":"BreadcrumbList","@id":"https:\/\/sandzakpress.net\/arhiva\/bosnjacki-poiiticari-moraju-posjetiti-masovnu-grobnicu-tomasica\/#breadcrumb","itemListElement":[{"@type":"ListItem","position":1,"name":"Home","item":"https:\/\/sandzakpress.net\/arhiva\/"},{"@type":"ListItem","position":2,"name":"Bo\u0161nja\u010dki poIiti\u010dari moraju posjetiti masovnu grobnicu Toma\u0161ica"}]},{"@type":"WebSite","@id":"https:\/\/sandzakpress.net\/arhiva\/#website","url":"https:\/\/sandzakpress.net\/arhiva\/","name":"Sand\u017eak PRESS","description":"Prve elektronske novine u Sand\u017eaku","publisher":{"@id":"https:\/\/sandzakpress.net\/arhiva\/#\/schema\/person\/6e72b67d6e51910a1117b3b483ba20bd"},"potentialAction":[{"@type":"SearchAction","target":{"@type":"EntryPoint","urlTemplate":"https:\/\/sandzakpress.net\/arhiva\/?s={search_term_string}"},"query-input":{"@type":"PropertyValueSpecification","valueRequired":true,"valueName":"search_term_string"}}],"inLanguage":"bs-BA"},{"@type":["Person","Organization"],"@id":"https:\/\/sandzakpress.net\/arhiva\/#\/schema\/person\/6e72b67d6e51910a1117b3b483ba20bd","name":"Kul","image":{"@type":"ImageObject","inLanguage":"bs-BA","@id":"https:\/\/sandzakpress.net\/arhiva\/#\/schema\/person\/image\/","url":"https:\/\/secure.gravatar.com\/avatar\/42263f39aa27ac04c43cab85c280eb2e?s=96&d=mm&r=pg","contentUrl":"https:\/\/secure.gravatar.com\/avatar\/42263f39aa27ac04c43cab85c280eb2e?s=96&d=mm&r=pg","caption":"Kul"},"logo":{"@id":"https:\/\/sandzakpress.net\/arhiva\/#\/schema\/person\/image\/"}},{"@type":"Person","@id":"https:\/\/sandzakpress.net\/arhiva\/#\/schema\/person\/c8baee722073534b583ea7bdb2e36c02","name":"bosniak","image":{"@type":"ImageObject","inLanguage":"bs-BA","@id":"https:\/\/sandzakpress.net\/arhiva\/#\/schema\/person\/image\/","url":"https:\/\/secure.gravatar.com\/avatar\/a04fd330bfe3a36a72a0ad4a6d89fca7?s=96&d=mm&r=pg","contentUrl":"https:\/\/secure.gravatar.com\/avatar\/a04fd330bfe3a36a72a0ad4a6d89fca7?s=96&d=mm&r=pg","caption":"bosniak"},"url":"https:\/\/sandzakpress.net\/arhiva\/author\/bosniak\/"}]}},"_links":{"self":[{"href":"https:\/\/sandzakpress.net\/arhiva\/wp-json\/wp\/v2\/posts\/93938"}],"collection":[{"href":"https:\/\/sandzakpress.net\/arhiva\/wp-json\/wp\/v2\/posts"}],"about":[{"href":"https:\/\/sandzakpress.net\/arhiva\/wp-json\/wp\/v2\/types\/post"}],"author":[{"embeddable":true,"href":"https:\/\/sandzakpress.net\/arhiva\/wp-json\/wp\/v2\/users\/83"}],"replies":[{"embeddable":true,"href":"https:\/\/sandzakpress.net\/arhiva\/wp-json\/wp\/v2\/comments?post=93938"}],"version-history":[{"count":0,"href":"https:\/\/sandzakpress.net\/arhiva\/wp-json\/wp\/v2\/posts\/93938\/revisions"}],"wp:featuredmedia":[{"embeddable":true,"href":"https:\/\/sandzakpress.net\/arhiva\/wp-json\/wp\/v2\/media\/93939"}],"wp:attachment":[{"href":"https:\/\/sandzakpress.net\/arhiva\/wp-json\/wp\/v2\/media?parent=93938"}],"wp:term":[{"taxonomy":"category","embeddable":true,"href":"https:\/\/sandzakpress.net\/arhiva\/wp-json\/wp\/v2\/categories?post=93938"},{"taxonomy":"post_tag","embeddable":true,"href":"https:\/\/sandzakpress.net\/arhiva\/wp-json\/wp\/v2\/tags?post=93938"}],"curies":[{"name":"wp","href":"https:\/\/api.w.org\/{rel}","templated":true}]}}