{"id":93906,"date":"2013-11-06T13:32:41","date_gmt":"2013-11-06T12:32:41","guid":{"rendered":"https:\/\/sandzakpress.net\/arhiva\/?p=93906"},"modified":"2013-11-06T13:32:41","modified_gmt":"2013-11-06T12:32:41","slug":"porodicama-zrtava-iz-sjeverina-odbijen-sudski-zahtjev-za-naknadu-stete","status":"publish","type":"post","link":"https:\/\/sandzakpress.net\/arhiva\/porodicama-zrtava-iz-sjeverina-odbijen-sudski-zahtjev-za-naknadu-stete\/","title":{"rendered":"Porodicama \u017ertava iz Sjeverina odbijen sudski zahtjev za naknadu \u0161tete!"},"content":{"rendered":"<p><strong><img decoding=\"async\" class=\"alignleft\" alt=\"\" src=\"https:\/\/sandzakpress.net\/arhiva\/wp-content\/uploads\/2011\/10\/sjeverin-mioce-2011-4-300x195.jpg\" \/>Priboj &#8211; Beogradski Fond za humanitarno pravo (FHP) podnio je \u017ealbu Ustavnom sudu Srbije u ime 20 \u010dlanova porodica \u017ertava ratnog zlo\u010dina iz Sjeverina povodom odluke Apelacionog suda da odbije njihove zahtjeve za naknadu nematerijalne \u0161tete protiv dr\u017eave Srbije, saop\u0161tio je danas FHP.<\/strong><\/p>\n<p>FHP je u ustavnoj \u017ealbi povodom odluke Apelacionog suda istakao povredu prava na \u017eivot, povredu zabrane diskriminacije, povredu prava na pravi\u010dno su\u0111enje, rehabilitaciju i naknadu \u0161tete, kao i prava na jednaku za\u0161titu i pravno sredstvo.<\/p>\n<p>Ustavnom \u017ealbom, FHP od Ustavnog suda tra\u017ei da utvrdi povrede tih prava i da zato poni\u0161ti odluku Apelacionog suda, kao i da \u010dlanovima porodica \u017ertava zbog povreda prava isplati od\u0161tetu u iznosu od po 10.000 evra.<\/p>\n<p>FHP je u junu 2007. godine, u ime \u010dlanova porodica nestalih i ubijenih, pred Prvim op\u0161tinskim sudom u Beogradu pokrenuo postupak za naknadu nematerijalne \u0161tete protiv Republike Srbije zbog odgovornosti dr\u017eave za otmicu 16 sjeverinskih Bo\u0161njaka u oktobru 1992. godine.<\/p>\n<p>Presuda je donijeta u februaru 2009. godine i njom su ti zahtjevi odbijeni, pa je FHP ulo\u017eio \u017ealbu.<\/p>\n<p>Zbog nepostupanja Apelacionog suda po \u017ealbi u ovom predmetu i posle dvije urgencije i obra\u0107anja vr\u0161iocu funkcije predsednika suda, FHP je u avgustu podnio ustavnu \u017ealbu zbog povrede prava na pravi\u010dno su\u0111enje.<\/p>\n<p>Ustavni sud je odlukom od 15. oktobra 2013. godine utvrdio da je porodicama \u017ertava iz Sjeverina povre\u0111eno pravo pravi\u010dno su\u0111enje, odnosno su\u0111enje u razumnom roku.<\/p>\n<p>(Radio100+)<\/p>\n","protected":false},"excerpt":{"rendered":"<p>Priboj &#8211; Beogradski Fond za humanitarno pravo (FHP) podnio je \u017ealbu Ustavnom sudu Srbije u ime 20 \u010dlanova porodica \u017ertava ratnog zlo\u010dina iz Sjeverina povodom odluke Apelacionog suda da odbije njihove zahtjeve za naknadu nematerijalne \u0161tete protiv dr\u017eave Srbije, saop\u0161tio je danas FHP. FHP je u ustavnoj \u017ealbi povodom odluke Apelacionog suda istakao povredu prava [&hellip;]<\/p>\n","protected":false},"author":83,"featured_media":93907,"comment_status":"open","ping_status":"open","sticky":false,"template":"","format":"standard","meta":{"footnotes":""},"categories":[800,393,8957],"tags":[10199,10217],"class_list":{"0":"post-93906","1":"post","2":"type-post","3":"status-publish","4":"format-standard","5":"has-post-thumbnail","7":"category-nacija","8":"category-priboj","9":"category-vijesti-dana","10":"tag-zlocini-u-sandzaku","11":"tag-nepravde-srpske-vlasti"},"yoast_head":"<!-- This site is optimized with the Yoast SEO Premium plugin v23.1 (Yoast SEO v24.9) - https:\/\/yoast.com\/wordpress\/plugins\/seo\/ -->\n<title>Porodicama \u017ertava iz Sjeverina odbijen sudski zahtjev za naknadu \u0161tete!<\/title>\n<meta name=\"robots\" content=\"index, follow, max-snippet:-1, max-image-preview:large, max-video-preview:-1\" \/>\n<link rel=\"canonical\" href=\"https:\/\/sandzakpress.net\/arhiva\/porodicama-zrtava-iz-sjeverina-odbijen-sudski-zahtjev-za-naknadu-stete\/\" \/>\n<meta property=\"og:locale\" content=\"bs_BA\" \/>\n<meta property=\"og:type\" content=\"article\" \/>\n<meta property=\"og:title\" content=\"Porodicama \u017ertava iz Sjeverina odbijen sudski zahtjev za naknadu \u0161tete!\" \/>\n<meta property=\"og:description\" content=\"Priboj &#8211; Beogradski Fond za humanitarno pravo (FHP) podnio je \u017ealbu Ustavnom sudu Srbije u ime 20 \u010dlanova porodica \u017ertava ratnog zlo\u010dina iz Sjeverina povodom odluke Apelacionog suda da odbije njihove zahtjeve za naknadu nematerijalne \u0161tete protiv dr\u017eave Srbije, saop\u0161tio je danas FHP. FHP je u ustavnoj \u017ealbi povodom odluke Apelacionog suda istakao povredu prava [&hellip;]\" \/>\n<meta property=\"og:url\" content=\"https:\/\/sandzakpress.net\/arhiva\/porodicama-zrtava-iz-sjeverina-odbijen-sudski-zahtjev-za-naknadu-stete\/\" \/>\n<meta property=\"og:site_name\" content=\"Sand\u017eak PRESS\" \/>\n<meta property=\"article:published_time\" content=\"2013-11-06T12:32:41+00:00\" \/>\n<meta property=\"og:image\" content=\"https:\/\/sandzakpress.net\/arhiva\/wp-content\/uploads\/2013\/11\/sjeverin-mioce-2011-4-300x195.jpg\" \/>\n\t<meta property=\"og:image:width\" content=\"300\" \/>\n\t<meta property=\"og:image:height\" content=\"195\" \/>\n\t<meta property=\"og:image:type\" content=\"image\/jpeg\" \/>\n<meta name=\"author\" content=\"bosniak\" \/>\n<meta name=\"twitter:card\" content=\"summary_large_image\" \/>\n<meta name=\"twitter:label1\" content=\"Written by\" \/>\n\t<meta name=\"twitter:data1\" content=\"bosniak\" \/>\n\t<meta name=\"twitter:label2\" content=\"Est. reading time\" \/>\n\t<meta name=\"twitter:data2\" content=\"1 minuta\" \/>\n<script type=\"application\/ld+json\" class=\"yoast-schema-graph\">{\"@context\":\"https:\/\/schema.org\",\"@graph\":[{\"@type\":\"Article\",\"@id\":\"https:\/\/sandzakpress.net\/arhiva\/porodicama-zrtava-iz-sjeverina-odbijen-sudski-zahtjev-za-naknadu-stete\/#article\",\"isPartOf\":{\"@id\":\"https:\/\/sandzakpress.net\/arhiva\/porodicama-zrtava-iz-sjeverina-odbijen-sudski-zahtjev-za-naknadu-stete\/\"},\"author\":{\"name\":\"bosniak\",\"@id\":\"https:\/\/sandzakpress.net\/arhiva\/#\/schema\/person\/c8baee722073534b583ea7bdb2e36c02\"},\"headline\":\"Porodicama \u017ertava iz Sjeverina odbijen sudski zahtjev za naknadu \u0161tete!\",\"datePublished\":\"2013-11-06T12:32:41+00:00\",\"mainEntityOfPage\":{\"@id\":\"https:\/\/sandzakpress.net\/arhiva\/porodicama-zrtava-iz-sjeverina-odbijen-sudski-zahtjev-za-naknadu-stete\/\"},\"wordCount\":253,\"commentCount\":2,\"publisher\":{\"@id\":\"https:\/\/sandzakpress.net\/arhiva\/#\/schema\/person\/6e72b67d6e51910a1117b3b483ba20bd\"},\"image\":{\"@id\":\"https:\/\/sandzakpress.net\/arhiva\/porodicama-zrtava-iz-sjeverina-odbijen-sudski-zahtjev-za-naknadu-stete\/#primaryimage\"},\"thumbnailUrl\":\"https:\/\/sandzakpress.net\/arhiva\/wp-content\/uploads\/2013\/11\/sjeverin-mioce-2011-4-300x195.jpg\",\"keywords\":[\"genocid u sand\u017eaku\",\"nepravde srpske vlasti\"],\"articleSection\":[\"Nacija\",\"Priboj\",\"VIJESTI DANA\"],\"inLanguage\":\"bs-BA\",\"potentialAction\":[{\"@type\":\"CommentAction\",\"name\":\"Comment\",\"target\":[\"https:\/\/sandzakpress.net\/arhiva\/porodicama-zrtava-iz-sjeverina-odbijen-sudski-zahtjev-za-naknadu-stete\/#respond\"]}]},{\"@type\":\"WebPage\",\"@id\":\"https:\/\/sandzakpress.net\/arhiva\/porodicama-zrtava-iz-sjeverina-odbijen-sudski-zahtjev-za-naknadu-stete\/\",\"url\":\"https:\/\/sandzakpress.net\/arhiva\/porodicama-zrtava-iz-sjeverina-odbijen-sudski-zahtjev-za-naknadu-stete\/\",\"name\":\"Porodicama \u017ertava iz Sjeverina odbijen sudski zahtjev za naknadu \u0161tete!\",\"isPartOf\":{\"@id\":\"https:\/\/sandzakpress.net\/arhiva\/#website\"},\"primaryImageOfPage\":{\"@id\":\"https:\/\/sandzakpress.net\/arhiva\/porodicama-zrtava-iz-sjeverina-odbijen-sudski-zahtjev-za-naknadu-stete\/#primaryimage\"},\"image\":{\"@id\":\"https:\/\/sandzakpress.net\/arhiva\/porodicama-zrtava-iz-sjeverina-odbijen-sudski-zahtjev-za-naknadu-stete\/#primaryimage\"},\"thumbnailUrl\":\"https:\/\/sandzakpress.net\/arhiva\/wp-content\/uploads\/2013\/11\/sjeverin-mioce-2011-4-300x195.jpg\",\"datePublished\":\"2013-11-06T12:32:41+00:00\",\"breadcrumb\":{\"@id\":\"https:\/\/sandzakpress.net\/arhiva\/porodicama-zrtava-iz-sjeverina-odbijen-sudski-zahtjev-za-naknadu-stete\/#breadcrumb\"},\"inLanguage\":\"bs-BA\",\"potentialAction\":[{\"@type\":\"ReadAction\",\"target\":[\"https:\/\/sandzakpress.net\/arhiva\/porodicama-zrtava-iz-sjeverina-odbijen-sudski-zahtjev-za-naknadu-stete\/\"]}]},{\"@type\":\"ImageObject\",\"inLanguage\":\"bs-BA\",\"@id\":\"https:\/\/sandzakpress.net\/arhiva\/porodicama-zrtava-iz-sjeverina-odbijen-sudski-zahtjev-za-naknadu-stete\/#primaryimage\",\"url\":\"https:\/\/sandzakpress.net\/arhiva\/wp-content\/uploads\/2013\/11\/sjeverin-mioce-2011-4-300x195.jpg\",\"contentUrl\":\"https:\/\/sandzakpress.net\/arhiva\/wp-content\/uploads\/2013\/11\/sjeverin-mioce-2011-4-300x195.jpg\",\"width\":300,\"height\":195},{\"@type\":\"BreadcrumbList\",\"@id\":\"https:\/\/sandzakpress.net\/arhiva\/porodicama-zrtava-iz-sjeverina-odbijen-sudski-zahtjev-za-naknadu-stete\/#breadcrumb\",\"itemListElement\":[{\"@type\":\"ListItem\",\"position\":1,\"name\":\"Home\",\"item\":\"https:\/\/sandzakpress.net\/arhiva\/\"},{\"@type\":\"ListItem\",\"position\":2,\"name\":\"Porodicama \u017ertava iz Sjeverina odbijen sudski zahtjev za naknadu \u0161tete!\"}]},{\"@type\":\"WebSite\",\"@id\":\"https:\/\/sandzakpress.net\/arhiva\/#website\",\"url\":\"https:\/\/sandzakpress.net\/arhiva\/\",\"name\":\"Sand\u017eak PRESS\",\"description\":\"Prve elektronske novine u Sand\u017eaku\",\"publisher\":{\"@id\":\"https:\/\/sandzakpress.net\/arhiva\/#\/schema\/person\/6e72b67d6e51910a1117b3b483ba20bd\"},\"potentialAction\":[{\"@type\":\"SearchAction\",\"target\":{\"@type\":\"EntryPoint\",\"urlTemplate\":\"https:\/\/sandzakpress.net\/arhiva\/?s={search_term_string}\"},\"query-input\":{\"@type\":\"PropertyValueSpecification\",\"valueRequired\":true,\"valueName\":\"search_term_string\"}}],\"inLanguage\":\"bs-BA\"},{\"@type\":[\"Person\",\"Organization\"],\"@id\":\"https:\/\/sandzakpress.net\/arhiva\/#\/schema\/person\/6e72b67d6e51910a1117b3b483ba20bd\",\"name\":\"Kul\",\"image\":{\"@type\":\"ImageObject\",\"inLanguage\":\"bs-BA\",\"@id\":\"https:\/\/sandzakpress.net\/arhiva\/#\/schema\/person\/image\/\",\"url\":\"https:\/\/secure.gravatar.com\/avatar\/42263f39aa27ac04c43cab85c280eb2e?s=96&d=mm&r=pg\",\"contentUrl\":\"https:\/\/secure.gravatar.com\/avatar\/42263f39aa27ac04c43cab85c280eb2e?s=96&d=mm&r=pg\",\"caption\":\"Kul\"},\"logo\":{\"@id\":\"https:\/\/sandzakpress.net\/arhiva\/#\/schema\/person\/image\/\"}},{\"@type\":\"Person\",\"@id\":\"https:\/\/sandzakpress.net\/arhiva\/#\/schema\/person\/c8baee722073534b583ea7bdb2e36c02\",\"name\":\"bosniak\",\"image\":{\"@type\":\"ImageObject\",\"inLanguage\":\"bs-BA\",\"@id\":\"https:\/\/sandzakpress.net\/arhiva\/#\/schema\/person\/image\/\",\"url\":\"https:\/\/secure.gravatar.com\/avatar\/a04fd330bfe3a36a72a0ad4a6d89fca7?s=96&d=mm&r=pg\",\"contentUrl\":\"https:\/\/secure.gravatar.com\/avatar\/a04fd330bfe3a36a72a0ad4a6d89fca7?s=96&d=mm&r=pg\",\"caption\":\"bosniak\"},\"url\":\"https:\/\/sandzakpress.net\/arhiva\/author\/bosniak\/\"}]}<\/script>\n<!-- \/ Yoast SEO Premium plugin. -->","yoast_head_json":{"title":"Porodicama \u017ertava iz Sjeverina odbijen sudski zahtjev za naknadu \u0161tete!","robots":{"index":"index","follow":"follow","max-snippet":"max-snippet:-1","max-image-preview":"max-image-preview:large","max-video-preview":"max-video-preview:-1"},"canonical":"https:\/\/sandzakpress.net\/arhiva\/porodicama-zrtava-iz-sjeverina-odbijen-sudski-zahtjev-za-naknadu-stete\/","og_locale":"bs_BA","og_type":"article","og_title":"Porodicama \u017ertava iz Sjeverina odbijen sudski zahtjev za naknadu \u0161tete!","og_description":"Priboj &#8211; Beogradski Fond za humanitarno pravo (FHP) podnio je \u017ealbu Ustavnom sudu Srbije u ime 20 \u010dlanova porodica \u017ertava ratnog zlo\u010dina iz Sjeverina povodom odluke Apelacionog suda da odbije njihove zahtjeve za naknadu nematerijalne \u0161tete protiv dr\u017eave Srbije, saop\u0161tio je danas FHP. FHP je u ustavnoj \u017ealbi povodom odluke Apelacionog suda istakao povredu prava [&hellip;]","og_url":"https:\/\/sandzakpress.net\/arhiva\/porodicama-zrtava-iz-sjeverina-odbijen-sudski-zahtjev-za-naknadu-stete\/","og_site_name":"Sand\u017eak PRESS","article_published_time":"2013-11-06T12:32:41+00:00","og_image":[{"width":300,"height":195,"url":"https:\/\/sandzakpress.net\/arhiva\/wp-content\/uploads\/2013\/11\/sjeverin-mioce-2011-4-300x195.jpg","type":"image\/jpeg"}],"author":"bosniak","twitter_card":"summary_large_image","twitter_misc":{"Written by":"bosniak","Est. reading time":"1 minuta"},"schema":{"@context":"https:\/\/schema.org","@graph":[{"@type":"Article","@id":"https:\/\/sandzakpress.net\/arhiva\/porodicama-zrtava-iz-sjeverina-odbijen-sudski-zahtjev-za-naknadu-stete\/#article","isPartOf":{"@id":"https:\/\/sandzakpress.net\/arhiva\/porodicama-zrtava-iz-sjeverina-odbijen-sudski-zahtjev-za-naknadu-stete\/"},"author":{"name":"bosniak","@id":"https:\/\/sandzakpress.net\/arhiva\/#\/schema\/person\/c8baee722073534b583ea7bdb2e36c02"},"headline":"Porodicama \u017ertava iz Sjeverina odbijen sudski zahtjev za naknadu \u0161tete!","datePublished":"2013-11-06T12:32:41+00:00","mainEntityOfPage":{"@id":"https:\/\/sandzakpress.net\/arhiva\/porodicama-zrtava-iz-sjeverina-odbijen-sudski-zahtjev-za-naknadu-stete\/"},"wordCount":253,"commentCount":2,"publisher":{"@id":"https:\/\/sandzakpress.net\/arhiva\/#\/schema\/person\/6e72b67d6e51910a1117b3b483ba20bd"},"image":{"@id":"https:\/\/sandzakpress.net\/arhiva\/porodicama-zrtava-iz-sjeverina-odbijen-sudski-zahtjev-za-naknadu-stete\/#primaryimage"},"thumbnailUrl":"https:\/\/sandzakpress.net\/arhiva\/wp-content\/uploads\/2013\/11\/sjeverin-mioce-2011-4-300x195.jpg","keywords":["genocid u sand\u017eaku","nepravde srpske vlasti"],"articleSection":["Nacija","Priboj","VIJESTI DANA"],"inLanguage":"bs-BA","potentialAction":[{"@type":"CommentAction","name":"Comment","target":["https:\/\/sandzakpress.net\/arhiva\/porodicama-zrtava-iz-sjeverina-odbijen-sudski-zahtjev-za-naknadu-stete\/#respond"]}]},{"@type":"WebPage","@id":"https:\/\/sandzakpress.net\/arhiva\/porodicama-zrtava-iz-sjeverina-odbijen-sudski-zahtjev-za-naknadu-stete\/","url":"https:\/\/sandzakpress.net\/arhiva\/porodicama-zrtava-iz-sjeverina-odbijen-sudski-zahtjev-za-naknadu-stete\/","name":"Porodicama \u017ertava iz Sjeverina odbijen sudski zahtjev za naknadu \u0161tete!","isPartOf":{"@id":"https:\/\/sandzakpress.net\/arhiva\/#website"},"primaryImageOfPage":{"@id":"https:\/\/sandzakpress.net\/arhiva\/porodicama-zrtava-iz-sjeverina-odbijen-sudski-zahtjev-za-naknadu-stete\/#primaryimage"},"image":{"@id":"https:\/\/sandzakpress.net\/arhiva\/porodicama-zrtava-iz-sjeverina-odbijen-sudski-zahtjev-za-naknadu-stete\/#primaryimage"},"thumbnailUrl":"https:\/\/sandzakpress.net\/arhiva\/wp-content\/uploads\/2013\/11\/sjeverin-mioce-2011-4-300x195.jpg","datePublished":"2013-11-06T12:32:41+00:00","breadcrumb":{"@id":"https:\/\/sandzakpress.net\/arhiva\/porodicama-zrtava-iz-sjeverina-odbijen-sudski-zahtjev-za-naknadu-stete\/#breadcrumb"},"inLanguage":"bs-BA","potentialAction":[{"@type":"ReadAction","target":["https:\/\/sandzakpress.net\/arhiva\/porodicama-zrtava-iz-sjeverina-odbijen-sudski-zahtjev-za-naknadu-stete\/"]}]},{"@type":"ImageObject","inLanguage":"bs-BA","@id":"https:\/\/sandzakpress.net\/arhiva\/porodicama-zrtava-iz-sjeverina-odbijen-sudski-zahtjev-za-naknadu-stete\/#primaryimage","url":"https:\/\/sandzakpress.net\/arhiva\/wp-content\/uploads\/2013\/11\/sjeverin-mioce-2011-4-300x195.jpg","contentUrl":"https:\/\/sandzakpress.net\/arhiva\/wp-content\/uploads\/2013\/11\/sjeverin-mioce-2011-4-300x195.jpg","width":300,"height":195},{"@type":"BreadcrumbList","@id":"https:\/\/sandzakpress.net\/arhiva\/porodicama-zrtava-iz-sjeverina-odbijen-sudski-zahtjev-za-naknadu-stete\/#breadcrumb","itemListElement":[{"@type":"ListItem","position":1,"name":"Home","item":"https:\/\/sandzakpress.net\/arhiva\/"},{"@type":"ListItem","position":2,"name":"Porodicama \u017ertava iz Sjeverina odbijen sudski zahtjev za naknadu \u0161tete!"}]},{"@type":"WebSite","@id":"https:\/\/sandzakpress.net\/arhiva\/#website","url":"https:\/\/sandzakpress.net\/arhiva\/","name":"Sand\u017eak PRESS","description":"Prve elektronske novine u Sand\u017eaku","publisher":{"@id":"https:\/\/sandzakpress.net\/arhiva\/#\/schema\/person\/6e72b67d6e51910a1117b3b483ba20bd"},"potentialAction":[{"@type":"SearchAction","target":{"@type":"EntryPoint","urlTemplate":"https:\/\/sandzakpress.net\/arhiva\/?s={search_term_string}"},"query-input":{"@type":"PropertyValueSpecification","valueRequired":true,"valueName":"search_term_string"}}],"inLanguage":"bs-BA"},{"@type":["Person","Organization"],"@id":"https:\/\/sandzakpress.net\/arhiva\/#\/schema\/person\/6e72b67d6e51910a1117b3b483ba20bd","name":"Kul","image":{"@type":"ImageObject","inLanguage":"bs-BA","@id":"https:\/\/sandzakpress.net\/arhiva\/#\/schema\/person\/image\/","url":"https:\/\/secure.gravatar.com\/avatar\/42263f39aa27ac04c43cab85c280eb2e?s=96&d=mm&r=pg","contentUrl":"https:\/\/secure.gravatar.com\/avatar\/42263f39aa27ac04c43cab85c280eb2e?s=96&d=mm&r=pg","caption":"Kul"},"logo":{"@id":"https:\/\/sandzakpress.net\/arhiva\/#\/schema\/person\/image\/"}},{"@type":"Person","@id":"https:\/\/sandzakpress.net\/arhiva\/#\/schema\/person\/c8baee722073534b583ea7bdb2e36c02","name":"bosniak","image":{"@type":"ImageObject","inLanguage":"bs-BA","@id":"https:\/\/sandzakpress.net\/arhiva\/#\/schema\/person\/image\/","url":"https:\/\/secure.gravatar.com\/avatar\/a04fd330bfe3a36a72a0ad4a6d89fca7?s=96&d=mm&r=pg","contentUrl":"https:\/\/secure.gravatar.com\/avatar\/a04fd330bfe3a36a72a0ad4a6d89fca7?s=96&d=mm&r=pg","caption":"bosniak"},"url":"https:\/\/sandzakpress.net\/arhiva\/author\/bosniak\/"}]}},"_links":{"self":[{"href":"https:\/\/sandzakpress.net\/arhiva\/wp-json\/wp\/v2\/posts\/93906"}],"collection":[{"href":"https:\/\/sandzakpress.net\/arhiva\/wp-json\/wp\/v2\/posts"}],"about":[{"href":"https:\/\/sandzakpress.net\/arhiva\/wp-json\/wp\/v2\/types\/post"}],"author":[{"embeddable":true,"href":"https:\/\/sandzakpress.net\/arhiva\/wp-json\/wp\/v2\/users\/83"}],"replies":[{"embeddable":true,"href":"https:\/\/sandzakpress.net\/arhiva\/wp-json\/wp\/v2\/comments?post=93906"}],"version-history":[{"count":0,"href":"https:\/\/sandzakpress.net\/arhiva\/wp-json\/wp\/v2\/posts\/93906\/revisions"}],"wp:featuredmedia":[{"embeddable":true,"href":"https:\/\/sandzakpress.net\/arhiva\/wp-json\/wp\/v2\/media\/93907"}],"wp:attachment":[{"href":"https:\/\/sandzakpress.net\/arhiva\/wp-json\/wp\/v2\/media?parent=93906"}],"wp:term":[{"taxonomy":"category","embeddable":true,"href":"https:\/\/sandzakpress.net\/arhiva\/wp-json\/wp\/v2\/categories?post=93906"},{"taxonomy":"post_tag","embeddable":true,"href":"https:\/\/sandzakpress.net\/arhiva\/wp-json\/wp\/v2\/tags?post=93906"}],"curies":[{"name":"wp","href":"https:\/\/api.w.org\/{rel}","templated":true}]}}