{"id":93870,"date":"2013-11-06T10:21:17","date_gmt":"2013-11-06T09:21:17","guid":{"rendered":"https:\/\/sandzakpress.net\/arhiva\/?p=93870"},"modified":"2013-11-06T10:21:17","modified_gmt":"2013-11-06T09:21:17","slug":"rukovodilac-vjerskoprosvjetne-sluzbe-u-posjeti-dzematu-wattwil-u-svajcarskoj","status":"publish","type":"post","link":"https:\/\/sandzakpress.net\/arhiva\/rukovodilac-vjerskoprosvjetne-sluzbe-u-posjeti-dzematu-wattwil-u-svajcarskoj\/","title":{"rendered":"Rukovodilac Vjerskoprosvjetne slu\u017ebe u posjeti d\u017eematu Wattwil u \u0160vajcarskoj"},"content":{"rendered":"<p><strong><img loading=\"lazy\" decoding=\"async\" class=\"alignleft size-medium wp-image-93871\" alt=\"hutba-300x223\" src=\"https:\/\/sandzakpress.net\/arhiva\/wp-content\/uploads\/2013\/11\/hutba-300x223-300x180.jpg\" width=\"300\" height=\"180\" \/>Crna Gora &#8211; Rukovodilac Vjerskoprosvjetne slu\u017ebe Me\u0161ihata IZ-e u Crnoj Gori,\u00a0Enis ef. Burd\u017eovi\u0107, u periodu od 31.10.2013 \u2013 03.11.2013. godine, boravio je u slu\u017ebenoj posjeti d\u017eematu Wattwil.<\/strong><\/p>\n<p>Aktivisti ovog d\u017eemata, koji su porijeklom najvi\u0161e iz bihorskog kraja, dugi niz godina odr\u017eavaju svoj vjerski \u017eivot na zavidnom nivou. U te\u0161kim uslovima kada su morali obezbje\u0111ivati materijalnu egzistenciju svojim porodicama, pomagati svojima u zavi\u010daju, i odgovarati brojnim drugim izazovima, nisu posustali ni u pogledu d\u017eematskog organizovanja i \u010duvanja svoje vjere i svog islamskog identiteta. Trudom svojih ruku, kupili su ku\u0107u sa okolnim prostorom, i sve to preuredili u d\u017eamiju sa prate\u0107im prostorijama i objektima.<\/p>\n<p>Enis ef. Burd\u017eovi\u0107 je u ovom d\u017eematu u petak, 01.11. 2013. godine, odr\u017eao d\u017eumansku hutbu, kojom prilikom je pohvalio rad d\u017eemata i njihovu predanost u o\u010duvanju svojeg vjerni\u010dkog identiteta, te prenijev\u0161i selame Me\u0161ihata i medrese \u201cMehmed Fatih\u201d, odao priznanje vrijednim aktivistima i d\u017eematlijama na pomo\u0107i kojom ne zaboravljaju svoju mati\u010dnu Islamsku zajednicu.<\/p>\n<p><a title=\"dru\u017eenje\" href=\"http:\/\/www.monteislam.com\/wp-content\/uploads\/2013\/11\/dru%C5%BEenje.jpg\" rel=\"lightbox[10229]\"><img loading=\"lazy\" decoding=\"async\" alt=\"dru\u017eenje\" src=\"http:\/\/www.monteislam.com\/wp-content\/uploads\/2013\/11\/dru%C5%BEenje-300x225.jpg\" width=\"300\" height=\"225\" \/><\/a>Nakon toga, iste ve\u010deri je prire\u0111eno predstavljanje izdanja Islamske zajednice u Crnoj Gori, gdje je gost okupljene d\u017eematlije upoznao sa printanim izdanjima Islamske zajednice. U prijateljskom muhabetu nakon toga, d\u017eematlije su izrazile \u017eelju da komunikacija sa Me\u0161ihatom bude frekventnija, da putem \u010dasopisa Elif, ud\u017ebenika za vjersku pouku, posjetama i slanjem imama i vjerskih slu\u017ebenika u ovaj d\u017eemat, komunikacija bude \u010dvr\u0161\u0107a i \u010de\u0161\u0107a.<\/p>\n<p>U subotu, 02.11. 2013. godine, povodom nastupanja nove hid\u017eretske godine, d\u017eematski odbor je uprili\u010dio prigodan program, u kome su u\u010de\u0161\u0107e uzeli najmla\u0111i pripadnici d\u017eemata \u2013 polaznici mekteba d\u017eemata Wattwil. Enis ef. Burd\u017eovi\u0107 je u svom obra\u0107anju povodom nove hid\u017eretske godine izme\u0111u ostalog rekao da je njihova hid\u017era \u2013 dolaskom u \u0160vajcarsku \u2013 potvr\u0111ena u punom zna\u010denju postojanjem njihove d\u017eamije, d\u017eemata i d\u017eematskim radom, kojim potvr\u0111uju da nisu hid\u017eru u\u010dinili samo radi biolo\u0161kog opstanka i materijalnog blagostanja, ve\u0107 da su sa sobom u ovu zemlju donijeli ono najvrijednije u njima \u2013 \u0161ehadet i vjeru.<\/p>\n<p>Nakon programa, pred okupljenim d\u017eematlijama i d\u017eematlijkama, aktivisti Odbora su polaznicima mekteba podijelili prigodne novogodi\u0161nje poklone.<\/p>\n<p>(monteislam)<\/p>\n","protected":false},"excerpt":{"rendered":"<p>Crna Gora &#8211; Rukovodilac Vjerskoprosvjetne slu\u017ebe Me\u0161ihata IZ-e u Crnoj Gori,\u00a0Enis ef. Burd\u017eovi\u0107, u periodu od 31.10.2013 \u2013 03.11.2013. godine, boravio je u slu\u017ebenoj posjeti d\u017eematu Wattwil. Aktivisti ovog d\u017eemata, koji su porijeklom najvi\u0161e iz bihorskog kraja, dugi niz godina odr\u017eavaju svoj vjerski \u017eivot na zavidnom nivou. U te\u0161kim uslovima kada su morali obezbje\u0111ivati materijalnu [&hellip;]<\/p>\n","protected":false},"author":83,"featured_media":93872,"comment_status":"open","ping_status":"open","sticky":false,"template":"","format":"standard","meta":{"footnotes":""},"categories":[10308,802],"tags":[],"class_list":{"0":"post-93870","1":"post","2":"type-post","3":"status-publish","4":"format-standard","5":"has-post-thumbnail","7":"category-crna-gora","8":"category-islamska_zajednica"},"yoast_head":"<!-- This site is optimized with the Yoast SEO Premium plugin v23.1 (Yoast SEO v24.9) - https:\/\/yoast.com\/wordpress\/plugins\/seo\/ -->\n<title>Rukovodilac Vjerskoprosvjetne slu\u017ebe u posjeti d\u017eematu Wattwil u \u0160vajcarskoj<\/title>\n<meta name=\"robots\" content=\"index, follow, max-snippet:-1, max-image-preview:large, max-video-preview:-1\" \/>\n<link rel=\"canonical\" href=\"https:\/\/sandzakpress.net\/arhiva\/rukovodilac-vjerskoprosvjetne-sluzbe-u-posjeti-dzematu-wattwil-u-svajcarskoj\/\" \/>\n<meta property=\"og:locale\" content=\"bs_BA\" \/>\n<meta property=\"og:type\" content=\"article\" \/>\n<meta property=\"og:title\" content=\"Rukovodilac Vjerskoprosvjetne slu\u017ebe u posjeti d\u017eematu Wattwil u \u0160vajcarskoj\" \/>\n<meta property=\"og:description\" content=\"Crna Gora &#8211; Rukovodilac Vjerskoprosvjetne slu\u017ebe Me\u0161ihata IZ-e u Crnoj Gori,\u00a0Enis ef. Burd\u017eovi\u0107, u periodu od 31.10.2013 \u2013 03.11.2013. godine, boravio je u slu\u017ebenoj posjeti d\u017eematu Wattwil. Aktivisti ovog d\u017eemata, koji su porijeklom najvi\u0161e iz bihorskog kraja, dugi niz godina odr\u017eavaju svoj vjerski \u017eivot na zavidnom nivou. U te\u0161kim uslovima kada su morali obezbje\u0111ivati materijalnu [&hellip;]\" \/>\n<meta property=\"og:url\" content=\"https:\/\/sandzakpress.net\/arhiva\/rukovodilac-vjerskoprosvjetne-sluzbe-u-posjeti-dzematu-wattwil-u-svajcarskoj\/\" \/>\n<meta property=\"og:site_name\" content=\"Sand\u017eak PRESS\" \/>\n<meta property=\"article:published_time\" content=\"2013-11-06T09:21:17+00:00\" \/>\n<meta property=\"og:image\" content=\"https:\/\/sandzakpress.net\/arhiva\/wp-content\/uploads\/2013\/11\/hutba-300x223-300x1801.jpg\" \/>\n\t<meta property=\"og:image:width\" content=\"300\" \/>\n\t<meta property=\"og:image:height\" content=\"180\" \/>\n\t<meta property=\"og:image:type\" content=\"image\/jpeg\" \/>\n<meta name=\"author\" content=\"bosniak\" \/>\n<meta name=\"twitter:card\" content=\"summary_large_image\" \/>\n<meta name=\"twitter:label1\" content=\"Written by\" \/>\n\t<meta name=\"twitter:data1\" content=\"bosniak\" \/>\n\t<meta name=\"twitter:label2\" content=\"Est. reading time\" \/>\n\t<meta name=\"twitter:data2\" content=\"2 minute\" \/>\n<script type=\"application\/ld+json\" class=\"yoast-schema-graph\">{\"@context\":\"https:\/\/schema.org\",\"@graph\":[{\"@type\":\"Article\",\"@id\":\"https:\/\/sandzakpress.net\/arhiva\/rukovodilac-vjerskoprosvjetne-sluzbe-u-posjeti-dzematu-wattwil-u-svajcarskoj\/#article\",\"isPartOf\":{\"@id\":\"https:\/\/sandzakpress.net\/arhiva\/rukovodilac-vjerskoprosvjetne-sluzbe-u-posjeti-dzematu-wattwil-u-svajcarskoj\/\"},\"author\":{\"name\":\"bosniak\",\"@id\":\"https:\/\/sandzakpress.net\/arhiva\/#\/schema\/person\/c8baee722073534b583ea7bdb2e36c02\"},\"headline\":\"Rukovodilac Vjerskoprosvjetne slu\u017ebe u posjeti d\u017eematu Wattwil u \u0160vajcarskoj\",\"datePublished\":\"2013-11-06T09:21:17+00:00\",\"mainEntityOfPage\":{\"@id\":\"https:\/\/sandzakpress.net\/arhiva\/rukovodilac-vjerskoprosvjetne-sluzbe-u-posjeti-dzematu-wattwil-u-svajcarskoj\/\"},\"wordCount\":389,\"commentCount\":0,\"publisher\":{\"@id\":\"https:\/\/sandzakpress.net\/arhiva\/#\/schema\/person\/6e72b67d6e51910a1117b3b483ba20bd\"},\"image\":{\"@id\":\"https:\/\/sandzakpress.net\/arhiva\/rukovodilac-vjerskoprosvjetne-sluzbe-u-posjeti-dzematu-wattwil-u-svajcarskoj\/#primaryimage\"},\"thumbnailUrl\":\"https:\/\/sandzakpress.net\/arhiva\/wp-content\/uploads\/2013\/11\/hutba-300x223-300x1801.jpg\",\"articleSection\":[\"Crna Gora\",\"Islamska zajednica\"],\"inLanguage\":\"bs-BA\",\"potentialAction\":[{\"@type\":\"CommentAction\",\"name\":\"Comment\",\"target\":[\"https:\/\/sandzakpress.net\/arhiva\/rukovodilac-vjerskoprosvjetne-sluzbe-u-posjeti-dzematu-wattwil-u-svajcarskoj\/#respond\"]}]},{\"@type\":\"WebPage\",\"@id\":\"https:\/\/sandzakpress.net\/arhiva\/rukovodilac-vjerskoprosvjetne-sluzbe-u-posjeti-dzematu-wattwil-u-svajcarskoj\/\",\"url\":\"https:\/\/sandzakpress.net\/arhiva\/rukovodilac-vjerskoprosvjetne-sluzbe-u-posjeti-dzematu-wattwil-u-svajcarskoj\/\",\"name\":\"Rukovodilac Vjerskoprosvjetne slu\u017ebe u posjeti d\u017eematu Wattwil u \u0160vajcarskoj\",\"isPartOf\":{\"@id\":\"https:\/\/sandzakpress.net\/arhiva\/#website\"},\"primaryImageOfPage\":{\"@id\":\"https:\/\/sandzakpress.net\/arhiva\/rukovodilac-vjerskoprosvjetne-sluzbe-u-posjeti-dzematu-wattwil-u-svajcarskoj\/#primaryimage\"},\"image\":{\"@id\":\"https:\/\/sandzakpress.net\/arhiva\/rukovodilac-vjerskoprosvjetne-sluzbe-u-posjeti-dzematu-wattwil-u-svajcarskoj\/#primaryimage\"},\"thumbnailUrl\":\"https:\/\/sandzakpress.net\/arhiva\/wp-content\/uploads\/2013\/11\/hutba-300x223-300x1801.jpg\",\"datePublished\":\"2013-11-06T09:21:17+00:00\",\"breadcrumb\":{\"@id\":\"https:\/\/sandzakpress.net\/arhiva\/rukovodilac-vjerskoprosvjetne-sluzbe-u-posjeti-dzematu-wattwil-u-svajcarskoj\/#breadcrumb\"},\"inLanguage\":\"bs-BA\",\"potentialAction\":[{\"@type\":\"ReadAction\",\"target\":[\"https:\/\/sandzakpress.net\/arhiva\/rukovodilac-vjerskoprosvjetne-sluzbe-u-posjeti-dzematu-wattwil-u-svajcarskoj\/\"]}]},{\"@type\":\"ImageObject\",\"inLanguage\":\"bs-BA\",\"@id\":\"https:\/\/sandzakpress.net\/arhiva\/rukovodilac-vjerskoprosvjetne-sluzbe-u-posjeti-dzematu-wattwil-u-svajcarskoj\/#primaryimage\",\"url\":\"https:\/\/sandzakpress.net\/arhiva\/wp-content\/uploads\/2013\/11\/hutba-300x223-300x1801.jpg\",\"contentUrl\":\"https:\/\/sandzakpress.net\/arhiva\/wp-content\/uploads\/2013\/11\/hutba-300x223-300x1801.jpg\",\"width\":300,\"height\":180},{\"@type\":\"BreadcrumbList\",\"@id\":\"https:\/\/sandzakpress.net\/arhiva\/rukovodilac-vjerskoprosvjetne-sluzbe-u-posjeti-dzematu-wattwil-u-svajcarskoj\/#breadcrumb\",\"itemListElement\":[{\"@type\":\"ListItem\",\"position\":1,\"name\":\"Home\",\"item\":\"https:\/\/sandzakpress.net\/arhiva\/\"},{\"@type\":\"ListItem\",\"position\":2,\"name\":\"Rukovodilac Vjerskoprosvjetne slu\u017ebe u posjeti d\u017eematu Wattwil u \u0160vajcarskoj\"}]},{\"@type\":\"WebSite\",\"@id\":\"https:\/\/sandzakpress.net\/arhiva\/#website\",\"url\":\"https:\/\/sandzakpress.net\/arhiva\/\",\"name\":\"Sand\u017eak PRESS\",\"description\":\"Prve elektronske novine u Sand\u017eaku\",\"publisher\":{\"@id\":\"https:\/\/sandzakpress.net\/arhiva\/#\/schema\/person\/6e72b67d6e51910a1117b3b483ba20bd\"},\"potentialAction\":[{\"@type\":\"SearchAction\",\"target\":{\"@type\":\"EntryPoint\",\"urlTemplate\":\"https:\/\/sandzakpress.net\/arhiva\/?s={search_term_string}\"},\"query-input\":{\"@type\":\"PropertyValueSpecification\",\"valueRequired\":true,\"valueName\":\"search_term_string\"}}],\"inLanguage\":\"bs-BA\"},{\"@type\":[\"Person\",\"Organization\"],\"@id\":\"https:\/\/sandzakpress.net\/arhiva\/#\/schema\/person\/6e72b67d6e51910a1117b3b483ba20bd\",\"name\":\"Kul\",\"image\":{\"@type\":\"ImageObject\",\"inLanguage\":\"bs-BA\",\"@id\":\"https:\/\/sandzakpress.net\/arhiva\/#\/schema\/person\/image\/\",\"url\":\"https:\/\/secure.gravatar.com\/avatar\/42263f39aa27ac04c43cab85c280eb2e?s=96&d=mm&r=pg\",\"contentUrl\":\"https:\/\/secure.gravatar.com\/avatar\/42263f39aa27ac04c43cab85c280eb2e?s=96&d=mm&r=pg\",\"caption\":\"Kul\"},\"logo\":{\"@id\":\"https:\/\/sandzakpress.net\/arhiva\/#\/schema\/person\/image\/\"}},{\"@type\":\"Person\",\"@id\":\"https:\/\/sandzakpress.net\/arhiva\/#\/schema\/person\/c8baee722073534b583ea7bdb2e36c02\",\"name\":\"bosniak\",\"image\":{\"@type\":\"ImageObject\",\"inLanguage\":\"bs-BA\",\"@id\":\"https:\/\/sandzakpress.net\/arhiva\/#\/schema\/person\/image\/\",\"url\":\"https:\/\/secure.gravatar.com\/avatar\/a04fd330bfe3a36a72a0ad4a6d89fca7?s=96&d=mm&r=pg\",\"contentUrl\":\"https:\/\/secure.gravatar.com\/avatar\/a04fd330bfe3a36a72a0ad4a6d89fca7?s=96&d=mm&r=pg\",\"caption\":\"bosniak\"},\"url\":\"https:\/\/sandzakpress.net\/arhiva\/author\/bosniak\/\"}]}<\/script>\n<!-- \/ Yoast SEO Premium plugin. -->","yoast_head_json":{"title":"Rukovodilac Vjerskoprosvjetne slu\u017ebe u posjeti d\u017eematu Wattwil u \u0160vajcarskoj","robots":{"index":"index","follow":"follow","max-snippet":"max-snippet:-1","max-image-preview":"max-image-preview:large","max-video-preview":"max-video-preview:-1"},"canonical":"https:\/\/sandzakpress.net\/arhiva\/rukovodilac-vjerskoprosvjetne-sluzbe-u-posjeti-dzematu-wattwil-u-svajcarskoj\/","og_locale":"bs_BA","og_type":"article","og_title":"Rukovodilac Vjerskoprosvjetne slu\u017ebe u posjeti d\u017eematu Wattwil u \u0160vajcarskoj","og_description":"Crna Gora &#8211; Rukovodilac Vjerskoprosvjetne slu\u017ebe Me\u0161ihata IZ-e u Crnoj Gori,\u00a0Enis ef. Burd\u017eovi\u0107, u periodu od 31.10.2013 \u2013 03.11.2013. godine, boravio je u slu\u017ebenoj posjeti d\u017eematu Wattwil. Aktivisti ovog d\u017eemata, koji su porijeklom najvi\u0161e iz bihorskog kraja, dugi niz godina odr\u017eavaju svoj vjerski \u017eivot na zavidnom nivou. U te\u0161kim uslovima kada su morali obezbje\u0111ivati materijalnu [&hellip;]","og_url":"https:\/\/sandzakpress.net\/arhiva\/rukovodilac-vjerskoprosvjetne-sluzbe-u-posjeti-dzematu-wattwil-u-svajcarskoj\/","og_site_name":"Sand\u017eak PRESS","article_published_time":"2013-11-06T09:21:17+00:00","og_image":[{"width":300,"height":180,"url":"https:\/\/sandzakpress.net\/arhiva\/wp-content\/uploads\/2013\/11\/hutba-300x223-300x1801.jpg","type":"image\/jpeg"}],"author":"bosniak","twitter_card":"summary_large_image","twitter_misc":{"Written by":"bosniak","Est. reading time":"2 minute"},"schema":{"@context":"https:\/\/schema.org","@graph":[{"@type":"Article","@id":"https:\/\/sandzakpress.net\/arhiva\/rukovodilac-vjerskoprosvjetne-sluzbe-u-posjeti-dzematu-wattwil-u-svajcarskoj\/#article","isPartOf":{"@id":"https:\/\/sandzakpress.net\/arhiva\/rukovodilac-vjerskoprosvjetne-sluzbe-u-posjeti-dzematu-wattwil-u-svajcarskoj\/"},"author":{"name":"bosniak","@id":"https:\/\/sandzakpress.net\/arhiva\/#\/schema\/person\/c8baee722073534b583ea7bdb2e36c02"},"headline":"Rukovodilac Vjerskoprosvjetne slu\u017ebe u posjeti d\u017eematu Wattwil u \u0160vajcarskoj","datePublished":"2013-11-06T09:21:17+00:00","mainEntityOfPage":{"@id":"https:\/\/sandzakpress.net\/arhiva\/rukovodilac-vjerskoprosvjetne-sluzbe-u-posjeti-dzematu-wattwil-u-svajcarskoj\/"},"wordCount":389,"commentCount":0,"publisher":{"@id":"https:\/\/sandzakpress.net\/arhiva\/#\/schema\/person\/6e72b67d6e51910a1117b3b483ba20bd"},"image":{"@id":"https:\/\/sandzakpress.net\/arhiva\/rukovodilac-vjerskoprosvjetne-sluzbe-u-posjeti-dzematu-wattwil-u-svajcarskoj\/#primaryimage"},"thumbnailUrl":"https:\/\/sandzakpress.net\/arhiva\/wp-content\/uploads\/2013\/11\/hutba-300x223-300x1801.jpg","articleSection":["Crna Gora","Islamska zajednica"],"inLanguage":"bs-BA","potentialAction":[{"@type":"CommentAction","name":"Comment","target":["https:\/\/sandzakpress.net\/arhiva\/rukovodilac-vjerskoprosvjetne-sluzbe-u-posjeti-dzematu-wattwil-u-svajcarskoj\/#respond"]}]},{"@type":"WebPage","@id":"https:\/\/sandzakpress.net\/arhiva\/rukovodilac-vjerskoprosvjetne-sluzbe-u-posjeti-dzematu-wattwil-u-svajcarskoj\/","url":"https:\/\/sandzakpress.net\/arhiva\/rukovodilac-vjerskoprosvjetne-sluzbe-u-posjeti-dzematu-wattwil-u-svajcarskoj\/","name":"Rukovodilac Vjerskoprosvjetne slu\u017ebe u posjeti d\u017eematu Wattwil u \u0160vajcarskoj","isPartOf":{"@id":"https:\/\/sandzakpress.net\/arhiva\/#website"},"primaryImageOfPage":{"@id":"https:\/\/sandzakpress.net\/arhiva\/rukovodilac-vjerskoprosvjetne-sluzbe-u-posjeti-dzematu-wattwil-u-svajcarskoj\/#primaryimage"},"image":{"@id":"https:\/\/sandzakpress.net\/arhiva\/rukovodilac-vjerskoprosvjetne-sluzbe-u-posjeti-dzematu-wattwil-u-svajcarskoj\/#primaryimage"},"thumbnailUrl":"https:\/\/sandzakpress.net\/arhiva\/wp-content\/uploads\/2013\/11\/hutba-300x223-300x1801.jpg","datePublished":"2013-11-06T09:21:17+00:00","breadcrumb":{"@id":"https:\/\/sandzakpress.net\/arhiva\/rukovodilac-vjerskoprosvjetne-sluzbe-u-posjeti-dzematu-wattwil-u-svajcarskoj\/#breadcrumb"},"inLanguage":"bs-BA","potentialAction":[{"@type":"ReadAction","target":["https:\/\/sandzakpress.net\/arhiva\/rukovodilac-vjerskoprosvjetne-sluzbe-u-posjeti-dzematu-wattwil-u-svajcarskoj\/"]}]},{"@type":"ImageObject","inLanguage":"bs-BA","@id":"https:\/\/sandzakpress.net\/arhiva\/rukovodilac-vjerskoprosvjetne-sluzbe-u-posjeti-dzematu-wattwil-u-svajcarskoj\/#primaryimage","url":"https:\/\/sandzakpress.net\/arhiva\/wp-content\/uploads\/2013\/11\/hutba-300x223-300x1801.jpg","contentUrl":"https:\/\/sandzakpress.net\/arhiva\/wp-content\/uploads\/2013\/11\/hutba-300x223-300x1801.jpg","width":300,"height":180},{"@type":"BreadcrumbList","@id":"https:\/\/sandzakpress.net\/arhiva\/rukovodilac-vjerskoprosvjetne-sluzbe-u-posjeti-dzematu-wattwil-u-svajcarskoj\/#breadcrumb","itemListElement":[{"@type":"ListItem","position":1,"name":"Home","item":"https:\/\/sandzakpress.net\/arhiva\/"},{"@type":"ListItem","position":2,"name":"Rukovodilac Vjerskoprosvjetne slu\u017ebe u posjeti d\u017eematu Wattwil u \u0160vajcarskoj"}]},{"@type":"WebSite","@id":"https:\/\/sandzakpress.net\/arhiva\/#website","url":"https:\/\/sandzakpress.net\/arhiva\/","name":"Sand\u017eak PRESS","description":"Prve elektronske novine u Sand\u017eaku","publisher":{"@id":"https:\/\/sandzakpress.net\/arhiva\/#\/schema\/person\/6e72b67d6e51910a1117b3b483ba20bd"},"potentialAction":[{"@type":"SearchAction","target":{"@type":"EntryPoint","urlTemplate":"https:\/\/sandzakpress.net\/arhiva\/?s={search_term_string}"},"query-input":{"@type":"PropertyValueSpecification","valueRequired":true,"valueName":"search_term_string"}}],"inLanguage":"bs-BA"},{"@type":["Person","Organization"],"@id":"https:\/\/sandzakpress.net\/arhiva\/#\/schema\/person\/6e72b67d6e51910a1117b3b483ba20bd","name":"Kul","image":{"@type":"ImageObject","inLanguage":"bs-BA","@id":"https:\/\/sandzakpress.net\/arhiva\/#\/schema\/person\/image\/","url":"https:\/\/secure.gravatar.com\/avatar\/42263f39aa27ac04c43cab85c280eb2e?s=96&d=mm&r=pg","contentUrl":"https:\/\/secure.gravatar.com\/avatar\/42263f39aa27ac04c43cab85c280eb2e?s=96&d=mm&r=pg","caption":"Kul"},"logo":{"@id":"https:\/\/sandzakpress.net\/arhiva\/#\/schema\/person\/image\/"}},{"@type":"Person","@id":"https:\/\/sandzakpress.net\/arhiva\/#\/schema\/person\/c8baee722073534b583ea7bdb2e36c02","name":"bosniak","image":{"@type":"ImageObject","inLanguage":"bs-BA","@id":"https:\/\/sandzakpress.net\/arhiva\/#\/schema\/person\/image\/","url":"https:\/\/secure.gravatar.com\/avatar\/a04fd330bfe3a36a72a0ad4a6d89fca7?s=96&d=mm&r=pg","contentUrl":"https:\/\/secure.gravatar.com\/avatar\/a04fd330bfe3a36a72a0ad4a6d89fca7?s=96&d=mm&r=pg","caption":"bosniak"},"url":"https:\/\/sandzakpress.net\/arhiva\/author\/bosniak\/"}]}},"_links":{"self":[{"href":"https:\/\/sandzakpress.net\/arhiva\/wp-json\/wp\/v2\/posts\/93870"}],"collection":[{"href":"https:\/\/sandzakpress.net\/arhiva\/wp-json\/wp\/v2\/posts"}],"about":[{"href":"https:\/\/sandzakpress.net\/arhiva\/wp-json\/wp\/v2\/types\/post"}],"author":[{"embeddable":true,"href":"https:\/\/sandzakpress.net\/arhiva\/wp-json\/wp\/v2\/users\/83"}],"replies":[{"embeddable":true,"href":"https:\/\/sandzakpress.net\/arhiva\/wp-json\/wp\/v2\/comments?post=93870"}],"version-history":[{"count":0,"href":"https:\/\/sandzakpress.net\/arhiva\/wp-json\/wp\/v2\/posts\/93870\/revisions"}],"wp:featuredmedia":[{"embeddable":true,"href":"https:\/\/sandzakpress.net\/arhiva\/wp-json\/wp\/v2\/media\/93872"}],"wp:attachment":[{"href":"https:\/\/sandzakpress.net\/arhiva\/wp-json\/wp\/v2\/media?parent=93870"}],"wp:term":[{"taxonomy":"category","embeddable":true,"href":"https:\/\/sandzakpress.net\/arhiva\/wp-json\/wp\/v2\/categories?post=93870"},{"taxonomy":"post_tag","embeddable":true,"href":"https:\/\/sandzakpress.net\/arhiva\/wp-json\/wp\/v2\/tags?post=93870"}],"curies":[{"name":"wp","href":"https:\/\/api.w.org\/{rel}","templated":true}]}}