{"id":93850,"date":"2013-11-05T17:35:31","date_gmt":"2013-11-05T16:35:31","guid":{"rendered":"https:\/\/sandzakpress.net\/arhiva\/?p=93850"},"modified":"2013-11-05T21:36:10","modified_gmt":"2013-11-05T20:36:10","slug":"u-sriji-ginu-sijski-generali-iz-irana-i-libanona","status":"publish","type":"post","link":"https:\/\/sandzakpress.net\/arhiva\/u-sriji-ginu-sijski-generali-iz-irana-i-libanona\/","title":{"rendered":"U Siriji ginu \u0161ijski generali iz Irana i Libanona"},"content":{"rendered":"<p><strong><img loading=\"lazy\" decoding=\"async\" class=\"alignleft size-medium wp-image-93851\" alt=\"Hezbollahovi-borci-nose-ubijenog-suborca\" src=\"https:\/\/sandzakpress.net\/arhiva\/wp-content\/uploads\/2013\/11\/Hezbollahovi-borci-nose-ubijenog-suborca-300x180.jpg\" width=\"300\" height=\"180\" \/>Sirija &#8211; Iranski komandant Revolucionarne garde je ubijen u Siriji od strane \u201cterorista\u201d dok je branio \u201cpotla\u010deni sirijski narod\u201d blizu Damaska, izvjestili su mediji u ponedjeljak.<\/strong><\/p>\n<p>Iran, klju\u010dni saveznik re\u017eima Ba\u0161ara Asada, uzastopno je negirao da se njihove snage bore u Siriji.<\/p>\n<p>Novinska agencija Mehr je rekla da je komandant Muhamed D\u017eamali Pakale, veteran iransko-ira\u010dkog rata iz 1980-tih, u poslijednje vrijeme kao dobrovoljac branio \u0161iitsko svetili\u0161te blizu sirijske prijestolnice.<\/p>\n<p>Kemal Hudrud\u017e (Kamal Hodroj), jedan od lidera libanonske \u0161iitske oru\u017eane grupe Hezbollah i specijalista za projektile, ubijen je u Siriji, izvijestili su danas libanonski mediji.<\/p>\n<p>Kako su izvijestili mediji, tijelo ubijenog vo\u0111e je iz Sirije preko no\u0107i prevezeno u Libanon, gdje je danas trebalo biti odr\u017ean pokop u mjestu Tire.<\/p>\n<p>Libanonski mediji, govore\u0107i o Kemalu Hudrud\u017eu, navode da je prisustvovao mnogim obukama o ispaljivanju naprednih raketa koje je dr\u017eala Iranska garda, dok sirijski aktivisti navode da je bio specijalista za ispaljivanje naprednih projektila.<\/p>\n<p>(Arabija)<\/p>\n","protected":false},"excerpt":{"rendered":"<p>Sirija &#8211; Iranski komandant Revolucionarne garde je ubijen u Siriji od strane \u201cterorista\u201d dok je branio \u201cpotla\u010deni sirijski narod\u201d blizu Damaska, izvjestili su mediji u ponedjeljak. Iran, klju\u010dni saveznik re\u017eima Ba\u0161ara Asada, uzastopno je negirao da se njihove snage bore u Siriji. Novinska agencija Mehr je rekla da je komandant Muhamed D\u017eamali Pakale, veteran iransko-ira\u010dkog [&hellip;]<\/p>\n","protected":false},"author":83,"featured_media":93852,"comment_status":"open","ping_status":"open","sticky":false,"template":"","format":"standard","meta":{"footnotes":""},"categories":[9,8957],"tags":[10225],"class_list":{"0":"post-93850","1":"post","2":"type-post","3":"status-publish","4":"format-standard","5":"has-post-thumbnail","7":"category-svijet","8":"category-vijesti-dana","9":"tag-sirija"},"yoast_head":"<!-- This site is optimized with the Yoast SEO Premium plugin v23.1 (Yoast SEO v24.9) - https:\/\/yoast.com\/wordpress\/plugins\/seo\/ -->\n<title>U Siriji ginu \u0161ijski generali iz Irana i Libanona<\/title>\n<meta name=\"robots\" content=\"index, follow, max-snippet:-1, max-image-preview:large, max-video-preview:-1\" \/>\n<link rel=\"canonical\" href=\"https:\/\/sandzakpress.net\/arhiva\/u-sriji-ginu-sijski-generali-iz-irana-i-libanona\/\" \/>\n<meta property=\"og:locale\" content=\"bs_BA\" \/>\n<meta property=\"og:type\" content=\"article\" \/>\n<meta property=\"og:title\" content=\"U Siriji ginu \u0161ijski generali iz Irana i Libanona\" \/>\n<meta property=\"og:description\" content=\"Sirija &#8211; Iranski komandant Revolucionarne garde je ubijen u Siriji od strane \u201cterorista\u201d dok je branio \u201cpotla\u010deni sirijski narod\u201d blizu Damaska, izvjestili su mediji u ponedjeljak. Iran, klju\u010dni saveznik re\u017eima Ba\u0161ara Asada, uzastopno je negirao da se njihove snage bore u Siriji. Novinska agencija Mehr je rekla da je komandant Muhamed D\u017eamali Pakale, veteran iransko-ira\u010dkog [&hellip;]\" \/>\n<meta property=\"og:url\" content=\"https:\/\/sandzakpress.net\/arhiva\/u-sriji-ginu-sijski-generali-iz-irana-i-libanona\/\" \/>\n<meta property=\"og:site_name\" content=\"Sand\u017eak PRESS\" \/>\n<meta property=\"article:published_time\" content=\"2013-11-05T16:35:31+00:00\" \/>\n<meta property=\"article:modified_time\" content=\"2013-11-05T20:36:10+00:00\" \/>\n<meta property=\"og:image\" content=\"https:\/\/sandzakpress.net\/arhiva\/wp-content\/uploads\/2013\/11\/Hezbollahovi-borci-nose-ubijenog-suborca-300x1801.jpg\" \/>\n\t<meta property=\"og:image:width\" content=\"300\" \/>\n\t<meta property=\"og:image:height\" content=\"180\" \/>\n\t<meta property=\"og:image:type\" content=\"image\/jpeg\" \/>\n<meta name=\"author\" content=\"bosniak\" \/>\n<meta name=\"twitter:card\" content=\"summary_large_image\" \/>\n<meta name=\"twitter:label1\" content=\"Written by\" \/>\n\t<meta name=\"twitter:data1\" content=\"bosniak\" \/>\n\t<meta name=\"twitter:label2\" content=\"Est. reading time\" \/>\n\t<meta name=\"twitter:data2\" content=\"1 minuta\" \/>\n<script type=\"application\/ld+json\" class=\"yoast-schema-graph\">{\"@context\":\"https:\/\/schema.org\",\"@graph\":[{\"@type\":\"Article\",\"@id\":\"https:\/\/sandzakpress.net\/arhiva\/u-sriji-ginu-sijski-generali-iz-irana-i-libanona\/#article\",\"isPartOf\":{\"@id\":\"https:\/\/sandzakpress.net\/arhiva\/u-sriji-ginu-sijski-generali-iz-irana-i-libanona\/\"},\"author\":{\"name\":\"bosniak\",\"@id\":\"https:\/\/sandzakpress.net\/arhiva\/#\/schema\/person\/c8baee722073534b583ea7bdb2e36c02\"},\"headline\":\"U Siriji ginu \u0161ijski generali iz Irana i Libanona\",\"datePublished\":\"2013-11-05T16:35:31+00:00\",\"dateModified\":\"2013-11-05T20:36:10+00:00\",\"mainEntityOfPage\":{\"@id\":\"https:\/\/sandzakpress.net\/arhiva\/u-sriji-ginu-sijski-generali-iz-irana-i-libanona\/\"},\"wordCount\":176,\"commentCount\":0,\"publisher\":{\"@id\":\"https:\/\/sandzakpress.net\/arhiva\/#\/schema\/person\/6e72b67d6e51910a1117b3b483ba20bd\"},\"image\":{\"@id\":\"https:\/\/sandzakpress.net\/arhiva\/u-sriji-ginu-sijski-generali-iz-irana-i-libanona\/#primaryimage\"},\"thumbnailUrl\":\"https:\/\/sandzakpress.net\/arhiva\/wp-content\/uploads\/2013\/11\/Hezbollahovi-borci-nose-ubijenog-suborca-300x1801.jpg\",\"keywords\":[\"Sirija\"],\"articleSection\":[\"Svijet\",\"VIJESTI DANA\"],\"inLanguage\":\"bs-BA\",\"potentialAction\":[{\"@type\":\"CommentAction\",\"name\":\"Comment\",\"target\":[\"https:\/\/sandzakpress.net\/arhiva\/u-sriji-ginu-sijski-generali-iz-irana-i-libanona\/#respond\"]}]},{\"@type\":\"WebPage\",\"@id\":\"https:\/\/sandzakpress.net\/arhiva\/u-sriji-ginu-sijski-generali-iz-irana-i-libanona\/\",\"url\":\"https:\/\/sandzakpress.net\/arhiva\/u-sriji-ginu-sijski-generali-iz-irana-i-libanona\/\",\"name\":\"U Siriji ginu \u0161ijski generali iz Irana i Libanona\",\"isPartOf\":{\"@id\":\"https:\/\/sandzakpress.net\/arhiva\/#website\"},\"primaryImageOfPage\":{\"@id\":\"https:\/\/sandzakpress.net\/arhiva\/u-sriji-ginu-sijski-generali-iz-irana-i-libanona\/#primaryimage\"},\"image\":{\"@id\":\"https:\/\/sandzakpress.net\/arhiva\/u-sriji-ginu-sijski-generali-iz-irana-i-libanona\/#primaryimage\"},\"thumbnailUrl\":\"https:\/\/sandzakpress.net\/arhiva\/wp-content\/uploads\/2013\/11\/Hezbollahovi-borci-nose-ubijenog-suborca-300x1801.jpg\",\"datePublished\":\"2013-11-05T16:35:31+00:00\",\"dateModified\":\"2013-11-05T20:36:10+00:00\",\"breadcrumb\":{\"@id\":\"https:\/\/sandzakpress.net\/arhiva\/u-sriji-ginu-sijski-generali-iz-irana-i-libanona\/#breadcrumb\"},\"inLanguage\":\"bs-BA\",\"potentialAction\":[{\"@type\":\"ReadAction\",\"target\":[\"https:\/\/sandzakpress.net\/arhiva\/u-sriji-ginu-sijski-generali-iz-irana-i-libanona\/\"]}]},{\"@type\":\"ImageObject\",\"inLanguage\":\"bs-BA\",\"@id\":\"https:\/\/sandzakpress.net\/arhiva\/u-sriji-ginu-sijski-generali-iz-irana-i-libanona\/#primaryimage\",\"url\":\"https:\/\/sandzakpress.net\/arhiva\/wp-content\/uploads\/2013\/11\/Hezbollahovi-borci-nose-ubijenog-suborca-300x1801.jpg\",\"contentUrl\":\"https:\/\/sandzakpress.net\/arhiva\/wp-content\/uploads\/2013\/11\/Hezbollahovi-borci-nose-ubijenog-suborca-300x1801.jpg\",\"width\":300,\"height\":180},{\"@type\":\"BreadcrumbList\",\"@id\":\"https:\/\/sandzakpress.net\/arhiva\/u-sriji-ginu-sijski-generali-iz-irana-i-libanona\/#breadcrumb\",\"itemListElement\":[{\"@type\":\"ListItem\",\"position\":1,\"name\":\"Home\",\"item\":\"https:\/\/sandzakpress.net\/arhiva\/\"},{\"@type\":\"ListItem\",\"position\":2,\"name\":\"U Siriji ginu \u0161ijski generali iz Irana i Libanona\"}]},{\"@type\":\"WebSite\",\"@id\":\"https:\/\/sandzakpress.net\/arhiva\/#website\",\"url\":\"https:\/\/sandzakpress.net\/arhiva\/\",\"name\":\"Sand\u017eak PRESS\",\"description\":\"Prve elektronske novine u Sand\u017eaku\",\"publisher\":{\"@id\":\"https:\/\/sandzakpress.net\/arhiva\/#\/schema\/person\/6e72b67d6e51910a1117b3b483ba20bd\"},\"potentialAction\":[{\"@type\":\"SearchAction\",\"target\":{\"@type\":\"EntryPoint\",\"urlTemplate\":\"https:\/\/sandzakpress.net\/arhiva\/?s={search_term_string}\"},\"query-input\":{\"@type\":\"PropertyValueSpecification\",\"valueRequired\":true,\"valueName\":\"search_term_string\"}}],\"inLanguage\":\"bs-BA\"},{\"@type\":[\"Person\",\"Organization\"],\"@id\":\"https:\/\/sandzakpress.net\/arhiva\/#\/schema\/person\/6e72b67d6e51910a1117b3b483ba20bd\",\"name\":\"Kul\",\"image\":{\"@type\":\"ImageObject\",\"inLanguage\":\"bs-BA\",\"@id\":\"https:\/\/sandzakpress.net\/arhiva\/#\/schema\/person\/image\/\",\"url\":\"https:\/\/secure.gravatar.com\/avatar\/42263f39aa27ac04c43cab85c280eb2e?s=96&d=mm&r=pg\",\"contentUrl\":\"https:\/\/secure.gravatar.com\/avatar\/42263f39aa27ac04c43cab85c280eb2e?s=96&d=mm&r=pg\",\"caption\":\"Kul\"},\"logo\":{\"@id\":\"https:\/\/sandzakpress.net\/arhiva\/#\/schema\/person\/image\/\"}},{\"@type\":\"Person\",\"@id\":\"https:\/\/sandzakpress.net\/arhiva\/#\/schema\/person\/c8baee722073534b583ea7bdb2e36c02\",\"name\":\"bosniak\",\"image\":{\"@type\":\"ImageObject\",\"inLanguage\":\"bs-BA\",\"@id\":\"https:\/\/sandzakpress.net\/arhiva\/#\/schema\/person\/image\/\",\"url\":\"https:\/\/secure.gravatar.com\/avatar\/a04fd330bfe3a36a72a0ad4a6d89fca7?s=96&d=mm&r=pg\",\"contentUrl\":\"https:\/\/secure.gravatar.com\/avatar\/a04fd330bfe3a36a72a0ad4a6d89fca7?s=96&d=mm&r=pg\",\"caption\":\"bosniak\"},\"url\":\"https:\/\/sandzakpress.net\/arhiva\/author\/bosniak\/\"}]}<\/script>\n<!-- \/ Yoast SEO Premium plugin. -->","yoast_head_json":{"title":"U Siriji ginu \u0161ijski generali iz Irana i Libanona","robots":{"index":"index","follow":"follow","max-snippet":"max-snippet:-1","max-image-preview":"max-image-preview:large","max-video-preview":"max-video-preview:-1"},"canonical":"https:\/\/sandzakpress.net\/arhiva\/u-sriji-ginu-sijski-generali-iz-irana-i-libanona\/","og_locale":"bs_BA","og_type":"article","og_title":"U Siriji ginu \u0161ijski generali iz Irana i Libanona","og_description":"Sirija &#8211; Iranski komandant Revolucionarne garde je ubijen u Siriji od strane \u201cterorista\u201d dok je branio \u201cpotla\u010deni sirijski narod\u201d blizu Damaska, izvjestili su mediji u ponedjeljak. Iran, klju\u010dni saveznik re\u017eima Ba\u0161ara Asada, uzastopno je negirao da se njihove snage bore u Siriji. Novinska agencija Mehr je rekla da je komandant Muhamed D\u017eamali Pakale, veteran iransko-ira\u010dkog [&hellip;]","og_url":"https:\/\/sandzakpress.net\/arhiva\/u-sriji-ginu-sijski-generali-iz-irana-i-libanona\/","og_site_name":"Sand\u017eak PRESS","article_published_time":"2013-11-05T16:35:31+00:00","article_modified_time":"2013-11-05T20:36:10+00:00","og_image":[{"width":300,"height":180,"url":"https:\/\/sandzakpress.net\/arhiva\/wp-content\/uploads\/2013\/11\/Hezbollahovi-borci-nose-ubijenog-suborca-300x1801.jpg","type":"image\/jpeg"}],"author":"bosniak","twitter_card":"summary_large_image","twitter_misc":{"Written by":"bosniak","Est. reading time":"1 minuta"},"schema":{"@context":"https:\/\/schema.org","@graph":[{"@type":"Article","@id":"https:\/\/sandzakpress.net\/arhiva\/u-sriji-ginu-sijski-generali-iz-irana-i-libanona\/#article","isPartOf":{"@id":"https:\/\/sandzakpress.net\/arhiva\/u-sriji-ginu-sijski-generali-iz-irana-i-libanona\/"},"author":{"name":"bosniak","@id":"https:\/\/sandzakpress.net\/arhiva\/#\/schema\/person\/c8baee722073534b583ea7bdb2e36c02"},"headline":"U Siriji ginu \u0161ijski generali iz Irana i Libanona","datePublished":"2013-11-05T16:35:31+00:00","dateModified":"2013-11-05T20:36:10+00:00","mainEntityOfPage":{"@id":"https:\/\/sandzakpress.net\/arhiva\/u-sriji-ginu-sijski-generali-iz-irana-i-libanona\/"},"wordCount":176,"commentCount":0,"publisher":{"@id":"https:\/\/sandzakpress.net\/arhiva\/#\/schema\/person\/6e72b67d6e51910a1117b3b483ba20bd"},"image":{"@id":"https:\/\/sandzakpress.net\/arhiva\/u-sriji-ginu-sijski-generali-iz-irana-i-libanona\/#primaryimage"},"thumbnailUrl":"https:\/\/sandzakpress.net\/arhiva\/wp-content\/uploads\/2013\/11\/Hezbollahovi-borci-nose-ubijenog-suborca-300x1801.jpg","keywords":["Sirija"],"articleSection":["Svijet","VIJESTI DANA"],"inLanguage":"bs-BA","potentialAction":[{"@type":"CommentAction","name":"Comment","target":["https:\/\/sandzakpress.net\/arhiva\/u-sriji-ginu-sijski-generali-iz-irana-i-libanona\/#respond"]}]},{"@type":"WebPage","@id":"https:\/\/sandzakpress.net\/arhiva\/u-sriji-ginu-sijski-generali-iz-irana-i-libanona\/","url":"https:\/\/sandzakpress.net\/arhiva\/u-sriji-ginu-sijski-generali-iz-irana-i-libanona\/","name":"U Siriji ginu \u0161ijski generali iz Irana i Libanona","isPartOf":{"@id":"https:\/\/sandzakpress.net\/arhiva\/#website"},"primaryImageOfPage":{"@id":"https:\/\/sandzakpress.net\/arhiva\/u-sriji-ginu-sijski-generali-iz-irana-i-libanona\/#primaryimage"},"image":{"@id":"https:\/\/sandzakpress.net\/arhiva\/u-sriji-ginu-sijski-generali-iz-irana-i-libanona\/#primaryimage"},"thumbnailUrl":"https:\/\/sandzakpress.net\/arhiva\/wp-content\/uploads\/2013\/11\/Hezbollahovi-borci-nose-ubijenog-suborca-300x1801.jpg","datePublished":"2013-11-05T16:35:31+00:00","dateModified":"2013-11-05T20:36:10+00:00","breadcrumb":{"@id":"https:\/\/sandzakpress.net\/arhiva\/u-sriji-ginu-sijski-generali-iz-irana-i-libanona\/#breadcrumb"},"inLanguage":"bs-BA","potentialAction":[{"@type":"ReadAction","target":["https:\/\/sandzakpress.net\/arhiva\/u-sriji-ginu-sijski-generali-iz-irana-i-libanona\/"]}]},{"@type":"ImageObject","inLanguage":"bs-BA","@id":"https:\/\/sandzakpress.net\/arhiva\/u-sriji-ginu-sijski-generali-iz-irana-i-libanona\/#primaryimage","url":"https:\/\/sandzakpress.net\/arhiva\/wp-content\/uploads\/2013\/11\/Hezbollahovi-borci-nose-ubijenog-suborca-300x1801.jpg","contentUrl":"https:\/\/sandzakpress.net\/arhiva\/wp-content\/uploads\/2013\/11\/Hezbollahovi-borci-nose-ubijenog-suborca-300x1801.jpg","width":300,"height":180},{"@type":"BreadcrumbList","@id":"https:\/\/sandzakpress.net\/arhiva\/u-sriji-ginu-sijski-generali-iz-irana-i-libanona\/#breadcrumb","itemListElement":[{"@type":"ListItem","position":1,"name":"Home","item":"https:\/\/sandzakpress.net\/arhiva\/"},{"@type":"ListItem","position":2,"name":"U Siriji ginu \u0161ijski generali iz Irana i Libanona"}]},{"@type":"WebSite","@id":"https:\/\/sandzakpress.net\/arhiva\/#website","url":"https:\/\/sandzakpress.net\/arhiva\/","name":"Sand\u017eak PRESS","description":"Prve elektronske novine u Sand\u017eaku","publisher":{"@id":"https:\/\/sandzakpress.net\/arhiva\/#\/schema\/person\/6e72b67d6e51910a1117b3b483ba20bd"},"potentialAction":[{"@type":"SearchAction","target":{"@type":"EntryPoint","urlTemplate":"https:\/\/sandzakpress.net\/arhiva\/?s={search_term_string}"},"query-input":{"@type":"PropertyValueSpecification","valueRequired":true,"valueName":"search_term_string"}}],"inLanguage":"bs-BA"},{"@type":["Person","Organization"],"@id":"https:\/\/sandzakpress.net\/arhiva\/#\/schema\/person\/6e72b67d6e51910a1117b3b483ba20bd","name":"Kul","image":{"@type":"ImageObject","inLanguage":"bs-BA","@id":"https:\/\/sandzakpress.net\/arhiva\/#\/schema\/person\/image\/","url":"https:\/\/secure.gravatar.com\/avatar\/42263f39aa27ac04c43cab85c280eb2e?s=96&d=mm&r=pg","contentUrl":"https:\/\/secure.gravatar.com\/avatar\/42263f39aa27ac04c43cab85c280eb2e?s=96&d=mm&r=pg","caption":"Kul"},"logo":{"@id":"https:\/\/sandzakpress.net\/arhiva\/#\/schema\/person\/image\/"}},{"@type":"Person","@id":"https:\/\/sandzakpress.net\/arhiva\/#\/schema\/person\/c8baee722073534b583ea7bdb2e36c02","name":"bosniak","image":{"@type":"ImageObject","inLanguage":"bs-BA","@id":"https:\/\/sandzakpress.net\/arhiva\/#\/schema\/person\/image\/","url":"https:\/\/secure.gravatar.com\/avatar\/a04fd330bfe3a36a72a0ad4a6d89fca7?s=96&d=mm&r=pg","contentUrl":"https:\/\/secure.gravatar.com\/avatar\/a04fd330bfe3a36a72a0ad4a6d89fca7?s=96&d=mm&r=pg","caption":"bosniak"},"url":"https:\/\/sandzakpress.net\/arhiva\/author\/bosniak\/"}]}},"_links":{"self":[{"href":"https:\/\/sandzakpress.net\/arhiva\/wp-json\/wp\/v2\/posts\/93850"}],"collection":[{"href":"https:\/\/sandzakpress.net\/arhiva\/wp-json\/wp\/v2\/posts"}],"about":[{"href":"https:\/\/sandzakpress.net\/arhiva\/wp-json\/wp\/v2\/types\/post"}],"author":[{"embeddable":true,"href":"https:\/\/sandzakpress.net\/arhiva\/wp-json\/wp\/v2\/users\/83"}],"replies":[{"embeddable":true,"href":"https:\/\/sandzakpress.net\/arhiva\/wp-json\/wp\/v2\/comments?post=93850"}],"version-history":[{"count":0,"href":"https:\/\/sandzakpress.net\/arhiva\/wp-json\/wp\/v2\/posts\/93850\/revisions"}],"wp:featuredmedia":[{"embeddable":true,"href":"https:\/\/sandzakpress.net\/arhiva\/wp-json\/wp\/v2\/media\/93852"}],"wp:attachment":[{"href":"https:\/\/sandzakpress.net\/arhiva\/wp-json\/wp\/v2\/media?parent=93850"}],"wp:term":[{"taxonomy":"category","embeddable":true,"href":"https:\/\/sandzakpress.net\/arhiva\/wp-json\/wp\/v2\/categories?post=93850"},{"taxonomy":"post_tag","embeddable":true,"href":"https:\/\/sandzakpress.net\/arhiva\/wp-json\/wp\/v2\/tags?post=93850"}],"curies":[{"name":"wp","href":"https:\/\/api.w.org\/{rel}","templated":true}]}}