{"id":93682,"date":"2013-11-05T16:27:30","date_gmt":"2013-11-05T15:27:30","guid":{"rendered":"https:\/\/sandzakpress.net\/arhiva\/?p=93682"},"modified":"2013-11-05T16:27:30","modified_gmt":"2013-11-05T15:27:30","slug":"rasisticki-napad-na-dzamije-u-francuskoj","status":"publish","type":"post","link":"https:\/\/sandzakpress.net\/arhiva\/rasisticki-napad-na-dzamije-u-francuskoj\/","title":{"rendered":"Rasisti\u010dki napad na d\u017eamije u Francuskoj"},"content":{"rendered":"<p><strong><img loading=\"lazy\" decoding=\"async\" class=\"alignleft size-medium wp-image-93683\" alt=\"rasisticki-napad-na-dzamije-u-francuskoj_trt-bosanski-24402\" src=\"https:\/\/sandzakpress.net\/arhiva\/wp-content\/uploads\/2013\/11\/rasisticki-napad-na-dzamije-u-francuskoj_trt-bosanski-24402-300x181.jpg\" width=\"300\" height=\"181\" \/>Francuska &#8211; Incident se dogodio u blizini francuskog grada Besancon, u isto\u010dnom dijelu ove zemlje.<\/strong><\/p>\n<div>Na zidove d\u017eamija &#8220;Es-Sunna&#8221; i &#8220;Al-Fatih&#8221; ispisani su rasisti\u010dki i antiislamski grafiti, iscrtan je kukasti krst.<\/div>\n<div><\/div>\n<div>Kako se navodi u izvje\u0161tajima, ovo je tre\u0107i po redu rasisti\u010dki napad na d\u017eamiju Es Sunna u toku ove godine. Tu\u017eila\u0161tvo Francuske je pokrenulo istragu u vezi sa ovim incidentom.<\/div>\n<div><\/div>\n<div>Isto\u010dni dio Francuske je vode\u0107a regija u kojima radikalne desni\u010darske stranke osvajaju najvi\u0161e glasova. Vjerski objekti i mezarja muslimana i jevreja na istoku Francuske \u010desto bivaju meta ovakih napada.<\/div>\n<div><\/div>\n<div>(trtbosanski)<\/div>\n","protected":false},"excerpt":{"rendered":"<p>Francuska &#8211; Incident se dogodio u blizini francuskog grada Besancon, u isto\u010dnom dijelu ove zemlje. Na zidove d\u017eamija &#8220;Es-Sunna&#8221; i &#8220;Al-Fatih&#8221; ispisani su rasisti\u010dki i antiislamski grafiti, iscrtan je kukasti krst. Kako se navodi u izvje\u0161tajima, ovo je tre\u0107i po redu rasisti\u010dki napad na d\u017eamiju Es Sunna u toku ove godine. Tu\u017eila\u0161tvo Francuske je pokrenulo [&hellip;]<\/p>\n","protected":false},"author":83,"featured_media":93684,"comment_status":"open","ping_status":"open","sticky":false,"template":"","format":"standard","meta":{"footnotes":""},"categories":[9550,802],"tags":[],"class_list":{"0":"post-93682","1":"post","2":"type-post","3":"status-publish","4":"format-standard","5":"has-post-thumbnail","7":"category-francuska-dijaspora-gradovi-vase-vijesti","8":"category-islamska_zajednica"},"yoast_head":"<!-- This site is optimized with the Yoast SEO Premium plugin v23.1 (Yoast SEO v24.9) - https:\/\/yoast.com\/wordpress\/plugins\/seo\/ -->\n<title>Rasisti\u010dki napad na d\u017eamije u Francuskoj<\/title>\n<meta name=\"robots\" content=\"index, follow, max-snippet:-1, max-image-preview:large, max-video-preview:-1\" \/>\n<link rel=\"canonical\" href=\"https:\/\/sandzakpress.net\/arhiva\/rasisticki-napad-na-dzamije-u-francuskoj\/\" \/>\n<meta property=\"og:locale\" content=\"bs_BA\" \/>\n<meta property=\"og:type\" content=\"article\" \/>\n<meta property=\"og:title\" content=\"Rasisti\u010dki napad na d\u017eamije u Francuskoj\" \/>\n<meta property=\"og:description\" content=\"Francuska &#8211; Incident se dogodio u blizini francuskog grada Besancon, u isto\u010dnom dijelu ove zemlje. Na zidove d\u017eamija &#8220;Es-Sunna&#8221; i &#8220;Al-Fatih&#8221; ispisani su rasisti\u010dki i antiislamski grafiti, iscrtan je kukasti krst. Kako se navodi u izvje\u0161tajima, ovo je tre\u0107i po redu rasisti\u010dki napad na d\u017eamiju Es Sunna u toku ove godine. Tu\u017eila\u0161tvo Francuske je pokrenulo [&hellip;]\" \/>\n<meta property=\"og:url\" content=\"https:\/\/sandzakpress.net\/arhiva\/rasisticki-napad-na-dzamije-u-francuskoj\/\" \/>\n<meta property=\"og:site_name\" content=\"Sand\u017eak PRESS\" \/>\n<meta property=\"article:published_time\" content=\"2013-11-05T15:27:30+00:00\" \/>\n<meta property=\"og:image\" content=\"https:\/\/sandzakpress.net\/arhiva\/wp-content\/uploads\/2013\/11\/rasisticki-napad-na-dzamije-u-francuskoj_trt-bosanski-24402-300x1811.jpg\" \/>\n\t<meta property=\"og:image:width\" content=\"300\" \/>\n\t<meta property=\"og:image:height\" content=\"181\" \/>\n\t<meta property=\"og:image:type\" content=\"image\/jpeg\" \/>\n<meta name=\"author\" content=\"bosniak\" \/>\n<meta name=\"twitter:card\" content=\"summary_large_image\" \/>\n<meta name=\"twitter:label1\" content=\"Written by\" \/>\n\t<meta name=\"twitter:data1\" content=\"bosniak\" \/>\n\t<meta name=\"twitter:label2\" content=\"Est. reading time\" \/>\n\t<meta name=\"twitter:data2\" content=\"1 minuta\" \/>\n<script type=\"application\/ld+json\" class=\"yoast-schema-graph\">{\"@context\":\"https:\/\/schema.org\",\"@graph\":[{\"@type\":\"Article\",\"@id\":\"https:\/\/sandzakpress.net\/arhiva\/rasisticki-napad-na-dzamije-u-francuskoj\/#article\",\"isPartOf\":{\"@id\":\"https:\/\/sandzakpress.net\/arhiva\/rasisticki-napad-na-dzamije-u-francuskoj\/\"},\"author\":{\"name\":\"bosniak\",\"@id\":\"https:\/\/sandzakpress.net\/arhiva\/#\/schema\/person\/c8baee722073534b583ea7bdb2e36c02\"},\"headline\":\"Rasisti\u010dki napad na d\u017eamije u Francuskoj\",\"datePublished\":\"2013-11-05T15:27:30+00:00\",\"mainEntityOfPage\":{\"@id\":\"https:\/\/sandzakpress.net\/arhiva\/rasisticki-napad-na-dzamije-u-francuskoj\/\"},\"wordCount\":112,\"commentCount\":0,\"publisher\":{\"@id\":\"https:\/\/sandzakpress.net\/arhiva\/#\/schema\/person\/6e72b67d6e51910a1117b3b483ba20bd\"},\"image\":{\"@id\":\"https:\/\/sandzakpress.net\/arhiva\/rasisticki-napad-na-dzamije-u-francuskoj\/#primaryimage\"},\"thumbnailUrl\":\"https:\/\/sandzakpress.net\/arhiva\/wp-content\/uploads\/2013\/11\/rasisticki-napad-na-dzamije-u-francuskoj_trt-bosanski-24402-300x1811.jpg\",\"articleSection\":[\"Francuska\",\"Islamska zajednica\"],\"inLanguage\":\"bs-BA\",\"potentialAction\":[{\"@type\":\"CommentAction\",\"name\":\"Comment\",\"target\":[\"https:\/\/sandzakpress.net\/arhiva\/rasisticki-napad-na-dzamije-u-francuskoj\/#respond\"]}]},{\"@type\":\"WebPage\",\"@id\":\"https:\/\/sandzakpress.net\/arhiva\/rasisticki-napad-na-dzamije-u-francuskoj\/\",\"url\":\"https:\/\/sandzakpress.net\/arhiva\/rasisticki-napad-na-dzamije-u-francuskoj\/\",\"name\":\"Rasisti\u010dki napad na d\u017eamije u Francuskoj\",\"isPartOf\":{\"@id\":\"https:\/\/sandzakpress.net\/arhiva\/#website\"},\"primaryImageOfPage\":{\"@id\":\"https:\/\/sandzakpress.net\/arhiva\/rasisticki-napad-na-dzamije-u-francuskoj\/#primaryimage\"},\"image\":{\"@id\":\"https:\/\/sandzakpress.net\/arhiva\/rasisticki-napad-na-dzamije-u-francuskoj\/#primaryimage\"},\"thumbnailUrl\":\"https:\/\/sandzakpress.net\/arhiva\/wp-content\/uploads\/2013\/11\/rasisticki-napad-na-dzamije-u-francuskoj_trt-bosanski-24402-300x1811.jpg\",\"datePublished\":\"2013-11-05T15:27:30+00:00\",\"breadcrumb\":{\"@id\":\"https:\/\/sandzakpress.net\/arhiva\/rasisticki-napad-na-dzamije-u-francuskoj\/#breadcrumb\"},\"inLanguage\":\"bs-BA\",\"potentialAction\":[{\"@type\":\"ReadAction\",\"target\":[\"https:\/\/sandzakpress.net\/arhiva\/rasisticki-napad-na-dzamije-u-francuskoj\/\"]}]},{\"@type\":\"ImageObject\",\"inLanguage\":\"bs-BA\",\"@id\":\"https:\/\/sandzakpress.net\/arhiva\/rasisticki-napad-na-dzamije-u-francuskoj\/#primaryimage\",\"url\":\"https:\/\/sandzakpress.net\/arhiva\/wp-content\/uploads\/2013\/11\/rasisticki-napad-na-dzamije-u-francuskoj_trt-bosanski-24402-300x1811.jpg\",\"contentUrl\":\"https:\/\/sandzakpress.net\/arhiva\/wp-content\/uploads\/2013\/11\/rasisticki-napad-na-dzamije-u-francuskoj_trt-bosanski-24402-300x1811.jpg\",\"width\":300,\"height\":181},{\"@type\":\"BreadcrumbList\",\"@id\":\"https:\/\/sandzakpress.net\/arhiva\/rasisticki-napad-na-dzamije-u-francuskoj\/#breadcrumb\",\"itemListElement\":[{\"@type\":\"ListItem\",\"position\":1,\"name\":\"Home\",\"item\":\"https:\/\/sandzakpress.net\/arhiva\/\"},{\"@type\":\"ListItem\",\"position\":2,\"name\":\"Rasisti\u010dki napad na d\u017eamije u Francuskoj\"}]},{\"@type\":\"WebSite\",\"@id\":\"https:\/\/sandzakpress.net\/arhiva\/#website\",\"url\":\"https:\/\/sandzakpress.net\/arhiva\/\",\"name\":\"Sand\u017eak PRESS\",\"description\":\"Prve elektronske novine u Sand\u017eaku\",\"publisher\":{\"@id\":\"https:\/\/sandzakpress.net\/arhiva\/#\/schema\/person\/6e72b67d6e51910a1117b3b483ba20bd\"},\"potentialAction\":[{\"@type\":\"SearchAction\",\"target\":{\"@type\":\"EntryPoint\",\"urlTemplate\":\"https:\/\/sandzakpress.net\/arhiva\/?s={search_term_string}\"},\"query-input\":{\"@type\":\"PropertyValueSpecification\",\"valueRequired\":true,\"valueName\":\"search_term_string\"}}],\"inLanguage\":\"bs-BA\"},{\"@type\":[\"Person\",\"Organization\"],\"@id\":\"https:\/\/sandzakpress.net\/arhiva\/#\/schema\/person\/6e72b67d6e51910a1117b3b483ba20bd\",\"name\":\"Kul\",\"image\":{\"@type\":\"ImageObject\",\"inLanguage\":\"bs-BA\",\"@id\":\"https:\/\/sandzakpress.net\/arhiva\/#\/schema\/person\/image\/\",\"url\":\"https:\/\/secure.gravatar.com\/avatar\/42263f39aa27ac04c43cab85c280eb2e?s=96&d=mm&r=pg\",\"contentUrl\":\"https:\/\/secure.gravatar.com\/avatar\/42263f39aa27ac04c43cab85c280eb2e?s=96&d=mm&r=pg\",\"caption\":\"Kul\"},\"logo\":{\"@id\":\"https:\/\/sandzakpress.net\/arhiva\/#\/schema\/person\/image\/\"}},{\"@type\":\"Person\",\"@id\":\"https:\/\/sandzakpress.net\/arhiva\/#\/schema\/person\/c8baee722073534b583ea7bdb2e36c02\",\"name\":\"bosniak\",\"image\":{\"@type\":\"ImageObject\",\"inLanguage\":\"bs-BA\",\"@id\":\"https:\/\/sandzakpress.net\/arhiva\/#\/schema\/person\/image\/\",\"url\":\"https:\/\/secure.gravatar.com\/avatar\/a04fd330bfe3a36a72a0ad4a6d89fca7?s=96&d=mm&r=pg\",\"contentUrl\":\"https:\/\/secure.gravatar.com\/avatar\/a04fd330bfe3a36a72a0ad4a6d89fca7?s=96&d=mm&r=pg\",\"caption\":\"bosniak\"},\"url\":\"https:\/\/sandzakpress.net\/arhiva\/author\/bosniak\/\"}]}<\/script>\n<!-- \/ Yoast SEO Premium plugin. -->","yoast_head_json":{"title":"Rasisti\u010dki napad na d\u017eamije u Francuskoj","robots":{"index":"index","follow":"follow","max-snippet":"max-snippet:-1","max-image-preview":"max-image-preview:large","max-video-preview":"max-video-preview:-1"},"canonical":"https:\/\/sandzakpress.net\/arhiva\/rasisticki-napad-na-dzamije-u-francuskoj\/","og_locale":"bs_BA","og_type":"article","og_title":"Rasisti\u010dki napad na d\u017eamije u Francuskoj","og_description":"Francuska &#8211; Incident se dogodio u blizini francuskog grada Besancon, u isto\u010dnom dijelu ove zemlje. Na zidove d\u017eamija &#8220;Es-Sunna&#8221; i &#8220;Al-Fatih&#8221; ispisani su rasisti\u010dki i antiislamski grafiti, iscrtan je kukasti krst. Kako se navodi u izvje\u0161tajima, ovo je tre\u0107i po redu rasisti\u010dki napad na d\u017eamiju Es Sunna u toku ove godine. Tu\u017eila\u0161tvo Francuske je pokrenulo [&hellip;]","og_url":"https:\/\/sandzakpress.net\/arhiva\/rasisticki-napad-na-dzamije-u-francuskoj\/","og_site_name":"Sand\u017eak PRESS","article_published_time":"2013-11-05T15:27:30+00:00","og_image":[{"width":300,"height":181,"url":"https:\/\/sandzakpress.net\/arhiva\/wp-content\/uploads\/2013\/11\/rasisticki-napad-na-dzamije-u-francuskoj_trt-bosanski-24402-300x1811.jpg","type":"image\/jpeg"}],"author":"bosniak","twitter_card":"summary_large_image","twitter_misc":{"Written by":"bosniak","Est. reading time":"1 minuta"},"schema":{"@context":"https:\/\/schema.org","@graph":[{"@type":"Article","@id":"https:\/\/sandzakpress.net\/arhiva\/rasisticki-napad-na-dzamije-u-francuskoj\/#article","isPartOf":{"@id":"https:\/\/sandzakpress.net\/arhiva\/rasisticki-napad-na-dzamije-u-francuskoj\/"},"author":{"name":"bosniak","@id":"https:\/\/sandzakpress.net\/arhiva\/#\/schema\/person\/c8baee722073534b583ea7bdb2e36c02"},"headline":"Rasisti\u010dki napad na d\u017eamije u Francuskoj","datePublished":"2013-11-05T15:27:30+00:00","mainEntityOfPage":{"@id":"https:\/\/sandzakpress.net\/arhiva\/rasisticki-napad-na-dzamije-u-francuskoj\/"},"wordCount":112,"commentCount":0,"publisher":{"@id":"https:\/\/sandzakpress.net\/arhiva\/#\/schema\/person\/6e72b67d6e51910a1117b3b483ba20bd"},"image":{"@id":"https:\/\/sandzakpress.net\/arhiva\/rasisticki-napad-na-dzamije-u-francuskoj\/#primaryimage"},"thumbnailUrl":"https:\/\/sandzakpress.net\/arhiva\/wp-content\/uploads\/2013\/11\/rasisticki-napad-na-dzamije-u-francuskoj_trt-bosanski-24402-300x1811.jpg","articleSection":["Francuska","Islamska zajednica"],"inLanguage":"bs-BA","potentialAction":[{"@type":"CommentAction","name":"Comment","target":["https:\/\/sandzakpress.net\/arhiva\/rasisticki-napad-na-dzamije-u-francuskoj\/#respond"]}]},{"@type":"WebPage","@id":"https:\/\/sandzakpress.net\/arhiva\/rasisticki-napad-na-dzamije-u-francuskoj\/","url":"https:\/\/sandzakpress.net\/arhiva\/rasisticki-napad-na-dzamije-u-francuskoj\/","name":"Rasisti\u010dki napad na d\u017eamije u Francuskoj","isPartOf":{"@id":"https:\/\/sandzakpress.net\/arhiva\/#website"},"primaryImageOfPage":{"@id":"https:\/\/sandzakpress.net\/arhiva\/rasisticki-napad-na-dzamije-u-francuskoj\/#primaryimage"},"image":{"@id":"https:\/\/sandzakpress.net\/arhiva\/rasisticki-napad-na-dzamije-u-francuskoj\/#primaryimage"},"thumbnailUrl":"https:\/\/sandzakpress.net\/arhiva\/wp-content\/uploads\/2013\/11\/rasisticki-napad-na-dzamije-u-francuskoj_trt-bosanski-24402-300x1811.jpg","datePublished":"2013-11-05T15:27:30+00:00","breadcrumb":{"@id":"https:\/\/sandzakpress.net\/arhiva\/rasisticki-napad-na-dzamije-u-francuskoj\/#breadcrumb"},"inLanguage":"bs-BA","potentialAction":[{"@type":"ReadAction","target":["https:\/\/sandzakpress.net\/arhiva\/rasisticki-napad-na-dzamije-u-francuskoj\/"]}]},{"@type":"ImageObject","inLanguage":"bs-BA","@id":"https:\/\/sandzakpress.net\/arhiva\/rasisticki-napad-na-dzamije-u-francuskoj\/#primaryimage","url":"https:\/\/sandzakpress.net\/arhiva\/wp-content\/uploads\/2013\/11\/rasisticki-napad-na-dzamije-u-francuskoj_trt-bosanski-24402-300x1811.jpg","contentUrl":"https:\/\/sandzakpress.net\/arhiva\/wp-content\/uploads\/2013\/11\/rasisticki-napad-na-dzamije-u-francuskoj_trt-bosanski-24402-300x1811.jpg","width":300,"height":181},{"@type":"BreadcrumbList","@id":"https:\/\/sandzakpress.net\/arhiva\/rasisticki-napad-na-dzamije-u-francuskoj\/#breadcrumb","itemListElement":[{"@type":"ListItem","position":1,"name":"Home","item":"https:\/\/sandzakpress.net\/arhiva\/"},{"@type":"ListItem","position":2,"name":"Rasisti\u010dki napad na d\u017eamije u Francuskoj"}]},{"@type":"WebSite","@id":"https:\/\/sandzakpress.net\/arhiva\/#website","url":"https:\/\/sandzakpress.net\/arhiva\/","name":"Sand\u017eak PRESS","description":"Prve elektronske novine u Sand\u017eaku","publisher":{"@id":"https:\/\/sandzakpress.net\/arhiva\/#\/schema\/person\/6e72b67d6e51910a1117b3b483ba20bd"},"potentialAction":[{"@type":"SearchAction","target":{"@type":"EntryPoint","urlTemplate":"https:\/\/sandzakpress.net\/arhiva\/?s={search_term_string}"},"query-input":{"@type":"PropertyValueSpecification","valueRequired":true,"valueName":"search_term_string"}}],"inLanguage":"bs-BA"},{"@type":["Person","Organization"],"@id":"https:\/\/sandzakpress.net\/arhiva\/#\/schema\/person\/6e72b67d6e51910a1117b3b483ba20bd","name":"Kul","image":{"@type":"ImageObject","inLanguage":"bs-BA","@id":"https:\/\/sandzakpress.net\/arhiva\/#\/schema\/person\/image\/","url":"https:\/\/secure.gravatar.com\/avatar\/42263f39aa27ac04c43cab85c280eb2e?s=96&d=mm&r=pg","contentUrl":"https:\/\/secure.gravatar.com\/avatar\/42263f39aa27ac04c43cab85c280eb2e?s=96&d=mm&r=pg","caption":"Kul"},"logo":{"@id":"https:\/\/sandzakpress.net\/arhiva\/#\/schema\/person\/image\/"}},{"@type":"Person","@id":"https:\/\/sandzakpress.net\/arhiva\/#\/schema\/person\/c8baee722073534b583ea7bdb2e36c02","name":"bosniak","image":{"@type":"ImageObject","inLanguage":"bs-BA","@id":"https:\/\/sandzakpress.net\/arhiva\/#\/schema\/person\/image\/","url":"https:\/\/secure.gravatar.com\/avatar\/a04fd330bfe3a36a72a0ad4a6d89fca7?s=96&d=mm&r=pg","contentUrl":"https:\/\/secure.gravatar.com\/avatar\/a04fd330bfe3a36a72a0ad4a6d89fca7?s=96&d=mm&r=pg","caption":"bosniak"},"url":"https:\/\/sandzakpress.net\/arhiva\/author\/bosniak\/"}]}},"_links":{"self":[{"href":"https:\/\/sandzakpress.net\/arhiva\/wp-json\/wp\/v2\/posts\/93682"}],"collection":[{"href":"https:\/\/sandzakpress.net\/arhiva\/wp-json\/wp\/v2\/posts"}],"about":[{"href":"https:\/\/sandzakpress.net\/arhiva\/wp-json\/wp\/v2\/types\/post"}],"author":[{"embeddable":true,"href":"https:\/\/sandzakpress.net\/arhiva\/wp-json\/wp\/v2\/users\/83"}],"replies":[{"embeddable":true,"href":"https:\/\/sandzakpress.net\/arhiva\/wp-json\/wp\/v2\/comments?post=93682"}],"version-history":[{"count":0,"href":"https:\/\/sandzakpress.net\/arhiva\/wp-json\/wp\/v2\/posts\/93682\/revisions"}],"wp:featuredmedia":[{"embeddable":true,"href":"https:\/\/sandzakpress.net\/arhiva\/wp-json\/wp\/v2\/media\/93684"}],"wp:attachment":[{"href":"https:\/\/sandzakpress.net\/arhiva\/wp-json\/wp\/v2\/media?parent=93682"}],"wp:term":[{"taxonomy":"category","embeddable":true,"href":"https:\/\/sandzakpress.net\/arhiva\/wp-json\/wp\/v2\/categories?post=93682"},{"taxonomy":"post_tag","embeddable":true,"href":"https:\/\/sandzakpress.net\/arhiva\/wp-json\/wp\/v2\/tags?post=93682"}],"curies":[{"name":"wp","href":"https:\/\/api.w.org\/{rel}","templated":true}]}}