{"id":93621,"date":"2013-11-04T17:15:56","date_gmt":"2013-11-04T16:15:56","guid":{"rendered":"https:\/\/sandzakpress.net\/arhiva\/?p=93621"},"modified":"2013-11-04T17:15:57","modified_gmt":"2013-11-04T16:15:57","slug":"prijepolje-vatrogasni-dom-ceka-na-pocetak-rada","status":"publish","type":"post","link":"https:\/\/sandzakpress.net\/arhiva\/prijepolje-vatrogasni-dom-ceka-na-pocetak-rada\/","title":{"rendered":"Prijepolje: Vatrogasni dom \u010deka na po\u010detak rada"},"content":{"rendered":"<p><strong><img loading=\"lazy\" decoding=\"async\" class=\"alignleft size-medium wp-image-93624\" alt=\"vatrogasni dom ceka na pocetak rada\" src=\"https:\/\/sandzakpress.net\/arhiva\/wp-content\/uploads\/2013\/11\/vatrogasni-dom-ceka-na-pocetak-rada-300x201.jpg\" width=\"300\" height=\"201\" \/>Prijepolje &#8211; Ve\u0107 godinama unazad Brodarevo, kao jedna od najve\u0107ih mjesnih zajednica op\u0161tine Prijepolje, imala je problem zbog velike udaljenosti od vatrogasne slu\u017ebe.<\/strong><\/p>\n<p>Pro\u0161le godine, na incijativu lokalne samouprave otpo\u010deti su radovi na izgradnji vatrogasnog doma u ovoj mjesnoj zajednici. Prije pola godine objekat je izgra\u0111en i predate u nadle\u017enost\u00a0 Ministarstvu unutra\u0161njih poslova, odnosno Sektoru za vanredne situacije. Cjelokupan iznos sredstava za izgradnju tog objekta obezbjedila je lokalna samouprava.<\/p>\n<p>\u201cIzgled i unutra\u0161njost\u00a0 vatrogasnog doma zaista je inpozantna i po mojim informacijama ovaj objekat je ura\u0111en po standardima koji su u toj oblasnti u samom vrhu\u201d-kazao je clan Op\u0161tinskog vije\u0107a Esad Hod\u017ei\u0107.<\/p>\n<p>Hod\u017ei\u0107 dodaje da po\u010detak rada ovog vatrogasnog doma isklju\u010divo zavisi od Vlade Republike Srbije i nadle\u017enog ministarstva: \u201cOno \u0161to je trebala dr\u017eava da radi, mi smo uradili. Sada je na redu ministarstvo i Vladu da ovaj vatrogasni dom pusti u namjenu i da zaposli ljude. Vi\u0161e puta smo se obra\u0107ali nadle\u017enom ministarstvu, kao i Vladi Republike Srbije da vatrogasna slu\u017eba po\u010dne sa radom, me\u0111utim to se jo\u0161 uvjek ne de\u0161ava. Na zadnjem skup\u0161tinskom zasjedanju doneli smo odluku da se i Skup\u0161tina op\u0161tine Prijepolje obrati Vladi kako bi vatrogasni dom bio pu\u0161ten u funkciju\u201d.<\/p>\n<p>Za izgradnju vatrogasnog doma lokalna samouprava izdvojila je negde oko 20 miliona dinara.<\/p>\n<p>(Rtv NP)<\/p>\n","protected":false},"excerpt":{"rendered":"<p>Prijepolje &#8211; Ve\u0107 godinama unazad Brodarevo, kao jedna od najve\u0107ih mjesnih zajednica op\u0161tine Prijepolje, imala je problem zbog velike udaljenosti od vatrogasne slu\u017ebe. Pro\u0161le godine, na incijativu lokalne samouprave otpo\u010deti su radovi na izgradnji vatrogasnog doma u ovoj mjesnoj zajednici. Prije pola godine objekat je izgra\u0111en i predate u nadle\u017enost\u00a0 Ministarstvu unutra\u0161njih poslova, odnosno Sektoru [&hellip;]<\/p>\n","protected":false},"author":83,"featured_media":93627,"comment_status":"open","ping_status":"open","sticky":false,"template":"","format":"standard","meta":{"footnotes":""},"categories":[3,392],"tags":[],"class_list":{"0":"post-93621","1":"post","2":"type-post","3":"status-publish","4":"format-standard","5":"has-post-thumbnail","7":"category-privreda","8":"category-prijepolje_"},"yoast_head":"<!-- This site is optimized with the Yoast SEO Premium plugin v23.1 (Yoast SEO v24.9) - https:\/\/yoast.com\/wordpress\/plugins\/seo\/ -->\n<title>Prijepolje: Vatrogasni dom \u010deka na po\u010detak rada<\/title>\n<meta name=\"robots\" content=\"index, follow, max-snippet:-1, max-image-preview:large, max-video-preview:-1\" \/>\n<link rel=\"canonical\" href=\"https:\/\/sandzakpress.net\/arhiva\/prijepolje-vatrogasni-dom-ceka-na-pocetak-rada\/\" \/>\n<meta property=\"og:locale\" content=\"bs_BA\" \/>\n<meta property=\"og:type\" content=\"article\" \/>\n<meta property=\"og:title\" content=\"Prijepolje: Vatrogasni dom \u010deka na po\u010detak rada\" \/>\n<meta property=\"og:description\" content=\"Prijepolje &#8211; Ve\u0107 godinama unazad Brodarevo, kao jedna od najve\u0107ih mjesnih zajednica op\u0161tine Prijepolje, imala je problem zbog velike udaljenosti od vatrogasne slu\u017ebe. Pro\u0161le godine, na incijativu lokalne samouprave otpo\u010deti su radovi na izgradnji vatrogasnog doma u ovoj mjesnoj zajednici. Prije pola godine objekat je izgra\u0111en i predate u nadle\u017enost\u00a0 Ministarstvu unutra\u0161njih poslova, odnosno Sektoru [&hellip;]\" \/>\n<meta property=\"og:url\" content=\"https:\/\/sandzakpress.net\/arhiva\/prijepolje-vatrogasni-dom-ceka-na-pocetak-rada\/\" \/>\n<meta property=\"og:site_name\" content=\"Sand\u017eak PRESS\" \/>\n<meta property=\"article:published_time\" content=\"2013-11-04T16:15:56+00:00\" \/>\n<meta property=\"article:modified_time\" content=\"2013-11-04T16:15:57+00:00\" \/>\n<meta property=\"og:image\" content=\"https:\/\/sandzakpress.net\/arhiva\/wp-content\/uploads\/2013\/11\/vatrogasni-dom-ceka-na-pocetak-rada-300x2011.jpg\" \/>\n\t<meta property=\"og:image:width\" content=\"300\" \/>\n\t<meta property=\"og:image:height\" content=\"201\" \/>\n\t<meta property=\"og:image:type\" content=\"image\/jpeg\" \/>\n<meta name=\"author\" content=\"bosniak\" \/>\n<meta name=\"twitter:card\" content=\"summary_large_image\" \/>\n<meta name=\"twitter:label1\" content=\"Written by\" \/>\n\t<meta name=\"twitter:data1\" content=\"bosniak\" \/>\n\t<meta name=\"twitter:label2\" content=\"Est. reading time\" \/>\n\t<meta name=\"twitter:data2\" content=\"1 minuta\" \/>\n<script type=\"application\/ld+json\" class=\"yoast-schema-graph\">{\"@context\":\"https:\/\/schema.org\",\"@graph\":[{\"@type\":\"Article\",\"@id\":\"https:\/\/sandzakpress.net\/arhiva\/prijepolje-vatrogasni-dom-ceka-na-pocetak-rada\/#article\",\"isPartOf\":{\"@id\":\"https:\/\/sandzakpress.net\/arhiva\/prijepolje-vatrogasni-dom-ceka-na-pocetak-rada\/\"},\"author\":{\"name\":\"bosniak\",\"@id\":\"https:\/\/sandzakpress.net\/arhiva\/#\/schema\/person\/c8baee722073534b583ea7bdb2e36c02\"},\"headline\":\"Prijepolje: Vatrogasni dom \u010deka na po\u010detak rada\",\"datePublished\":\"2013-11-04T16:15:56+00:00\",\"dateModified\":\"2013-11-04T16:15:57+00:00\",\"mainEntityOfPage\":{\"@id\":\"https:\/\/sandzakpress.net\/arhiva\/prijepolje-vatrogasni-dom-ceka-na-pocetak-rada\/\"},\"wordCount\":246,\"commentCount\":0,\"publisher\":{\"@id\":\"https:\/\/sandzakpress.net\/arhiva\/#\/schema\/person\/6e72b67d6e51910a1117b3b483ba20bd\"},\"image\":{\"@id\":\"https:\/\/sandzakpress.net\/arhiva\/prijepolje-vatrogasni-dom-ceka-na-pocetak-rada\/#primaryimage\"},\"thumbnailUrl\":\"https:\/\/sandzakpress.net\/arhiva\/wp-content\/uploads\/2013\/11\/vatrogasni-dom-ceka-na-pocetak-rada-300x2011.jpg\",\"articleSection\":[\"Privreda\",\"Prijepolje\"],\"inLanguage\":\"bs-BA\",\"potentialAction\":[{\"@type\":\"CommentAction\",\"name\":\"Comment\",\"target\":[\"https:\/\/sandzakpress.net\/arhiva\/prijepolje-vatrogasni-dom-ceka-na-pocetak-rada\/#respond\"]}]},{\"@type\":\"WebPage\",\"@id\":\"https:\/\/sandzakpress.net\/arhiva\/prijepolje-vatrogasni-dom-ceka-na-pocetak-rada\/\",\"url\":\"https:\/\/sandzakpress.net\/arhiva\/prijepolje-vatrogasni-dom-ceka-na-pocetak-rada\/\",\"name\":\"Prijepolje: Vatrogasni dom \u010deka na po\u010detak rada\",\"isPartOf\":{\"@id\":\"https:\/\/sandzakpress.net\/arhiva\/#website\"},\"primaryImageOfPage\":{\"@id\":\"https:\/\/sandzakpress.net\/arhiva\/prijepolje-vatrogasni-dom-ceka-na-pocetak-rada\/#primaryimage\"},\"image\":{\"@id\":\"https:\/\/sandzakpress.net\/arhiva\/prijepolje-vatrogasni-dom-ceka-na-pocetak-rada\/#primaryimage\"},\"thumbnailUrl\":\"https:\/\/sandzakpress.net\/arhiva\/wp-content\/uploads\/2013\/11\/vatrogasni-dom-ceka-na-pocetak-rada-300x2011.jpg\",\"datePublished\":\"2013-11-04T16:15:56+00:00\",\"dateModified\":\"2013-11-04T16:15:57+00:00\",\"breadcrumb\":{\"@id\":\"https:\/\/sandzakpress.net\/arhiva\/prijepolje-vatrogasni-dom-ceka-na-pocetak-rada\/#breadcrumb\"},\"inLanguage\":\"bs-BA\",\"potentialAction\":[{\"@type\":\"ReadAction\",\"target\":[\"https:\/\/sandzakpress.net\/arhiva\/prijepolje-vatrogasni-dom-ceka-na-pocetak-rada\/\"]}]},{\"@type\":\"ImageObject\",\"inLanguage\":\"bs-BA\",\"@id\":\"https:\/\/sandzakpress.net\/arhiva\/prijepolje-vatrogasni-dom-ceka-na-pocetak-rada\/#primaryimage\",\"url\":\"https:\/\/sandzakpress.net\/arhiva\/wp-content\/uploads\/2013\/11\/vatrogasni-dom-ceka-na-pocetak-rada-300x2011.jpg\",\"contentUrl\":\"https:\/\/sandzakpress.net\/arhiva\/wp-content\/uploads\/2013\/11\/vatrogasni-dom-ceka-na-pocetak-rada-300x2011.jpg\",\"width\":300,\"height\":201},{\"@type\":\"BreadcrumbList\",\"@id\":\"https:\/\/sandzakpress.net\/arhiva\/prijepolje-vatrogasni-dom-ceka-na-pocetak-rada\/#breadcrumb\",\"itemListElement\":[{\"@type\":\"ListItem\",\"position\":1,\"name\":\"Home\",\"item\":\"https:\/\/sandzakpress.net\/arhiva\/\"},{\"@type\":\"ListItem\",\"position\":2,\"name\":\"Prijepolje: Vatrogasni dom \u010deka na po\u010detak rada\"}]},{\"@type\":\"WebSite\",\"@id\":\"https:\/\/sandzakpress.net\/arhiva\/#website\",\"url\":\"https:\/\/sandzakpress.net\/arhiva\/\",\"name\":\"Sand\u017eak PRESS\",\"description\":\"Prve elektronske novine u Sand\u017eaku\",\"publisher\":{\"@id\":\"https:\/\/sandzakpress.net\/arhiva\/#\/schema\/person\/6e72b67d6e51910a1117b3b483ba20bd\"},\"potentialAction\":[{\"@type\":\"SearchAction\",\"target\":{\"@type\":\"EntryPoint\",\"urlTemplate\":\"https:\/\/sandzakpress.net\/arhiva\/?s={search_term_string}\"},\"query-input\":{\"@type\":\"PropertyValueSpecification\",\"valueRequired\":true,\"valueName\":\"search_term_string\"}}],\"inLanguage\":\"bs-BA\"},{\"@type\":[\"Person\",\"Organization\"],\"@id\":\"https:\/\/sandzakpress.net\/arhiva\/#\/schema\/person\/6e72b67d6e51910a1117b3b483ba20bd\",\"name\":\"Kul\",\"image\":{\"@type\":\"ImageObject\",\"inLanguage\":\"bs-BA\",\"@id\":\"https:\/\/sandzakpress.net\/arhiva\/#\/schema\/person\/image\/\",\"url\":\"https:\/\/secure.gravatar.com\/avatar\/42263f39aa27ac04c43cab85c280eb2e?s=96&d=mm&r=pg\",\"contentUrl\":\"https:\/\/secure.gravatar.com\/avatar\/42263f39aa27ac04c43cab85c280eb2e?s=96&d=mm&r=pg\",\"caption\":\"Kul\"},\"logo\":{\"@id\":\"https:\/\/sandzakpress.net\/arhiva\/#\/schema\/person\/image\/\"}},{\"@type\":\"Person\",\"@id\":\"https:\/\/sandzakpress.net\/arhiva\/#\/schema\/person\/c8baee722073534b583ea7bdb2e36c02\",\"name\":\"bosniak\",\"image\":{\"@type\":\"ImageObject\",\"inLanguage\":\"bs-BA\",\"@id\":\"https:\/\/sandzakpress.net\/arhiva\/#\/schema\/person\/image\/\",\"url\":\"https:\/\/secure.gravatar.com\/avatar\/a04fd330bfe3a36a72a0ad4a6d89fca7?s=96&d=mm&r=pg\",\"contentUrl\":\"https:\/\/secure.gravatar.com\/avatar\/a04fd330bfe3a36a72a0ad4a6d89fca7?s=96&d=mm&r=pg\",\"caption\":\"bosniak\"},\"url\":\"https:\/\/sandzakpress.net\/arhiva\/author\/bosniak\/\"}]}<\/script>\n<!-- \/ Yoast SEO Premium plugin. -->","yoast_head_json":{"title":"Prijepolje: Vatrogasni dom \u010deka na po\u010detak rada","robots":{"index":"index","follow":"follow","max-snippet":"max-snippet:-1","max-image-preview":"max-image-preview:large","max-video-preview":"max-video-preview:-1"},"canonical":"https:\/\/sandzakpress.net\/arhiva\/prijepolje-vatrogasni-dom-ceka-na-pocetak-rada\/","og_locale":"bs_BA","og_type":"article","og_title":"Prijepolje: Vatrogasni dom \u010deka na po\u010detak rada","og_description":"Prijepolje &#8211; Ve\u0107 godinama unazad Brodarevo, kao jedna od najve\u0107ih mjesnih zajednica op\u0161tine Prijepolje, imala je problem zbog velike udaljenosti od vatrogasne slu\u017ebe. Pro\u0161le godine, na incijativu lokalne samouprave otpo\u010deti su radovi na izgradnji vatrogasnog doma u ovoj mjesnoj zajednici. Prije pola godine objekat je izgra\u0111en i predate u nadle\u017enost\u00a0 Ministarstvu unutra\u0161njih poslova, odnosno Sektoru [&hellip;]","og_url":"https:\/\/sandzakpress.net\/arhiva\/prijepolje-vatrogasni-dom-ceka-na-pocetak-rada\/","og_site_name":"Sand\u017eak PRESS","article_published_time":"2013-11-04T16:15:56+00:00","article_modified_time":"2013-11-04T16:15:57+00:00","og_image":[{"width":300,"height":201,"url":"https:\/\/sandzakpress.net\/arhiva\/wp-content\/uploads\/2013\/11\/vatrogasni-dom-ceka-na-pocetak-rada-300x2011.jpg","type":"image\/jpeg"}],"author":"bosniak","twitter_card":"summary_large_image","twitter_misc":{"Written by":"bosniak","Est. reading time":"1 minuta"},"schema":{"@context":"https:\/\/schema.org","@graph":[{"@type":"Article","@id":"https:\/\/sandzakpress.net\/arhiva\/prijepolje-vatrogasni-dom-ceka-na-pocetak-rada\/#article","isPartOf":{"@id":"https:\/\/sandzakpress.net\/arhiva\/prijepolje-vatrogasni-dom-ceka-na-pocetak-rada\/"},"author":{"name":"bosniak","@id":"https:\/\/sandzakpress.net\/arhiva\/#\/schema\/person\/c8baee722073534b583ea7bdb2e36c02"},"headline":"Prijepolje: Vatrogasni dom \u010deka na po\u010detak rada","datePublished":"2013-11-04T16:15:56+00:00","dateModified":"2013-11-04T16:15:57+00:00","mainEntityOfPage":{"@id":"https:\/\/sandzakpress.net\/arhiva\/prijepolje-vatrogasni-dom-ceka-na-pocetak-rada\/"},"wordCount":246,"commentCount":0,"publisher":{"@id":"https:\/\/sandzakpress.net\/arhiva\/#\/schema\/person\/6e72b67d6e51910a1117b3b483ba20bd"},"image":{"@id":"https:\/\/sandzakpress.net\/arhiva\/prijepolje-vatrogasni-dom-ceka-na-pocetak-rada\/#primaryimage"},"thumbnailUrl":"https:\/\/sandzakpress.net\/arhiva\/wp-content\/uploads\/2013\/11\/vatrogasni-dom-ceka-na-pocetak-rada-300x2011.jpg","articleSection":["Privreda","Prijepolje"],"inLanguage":"bs-BA","potentialAction":[{"@type":"CommentAction","name":"Comment","target":["https:\/\/sandzakpress.net\/arhiva\/prijepolje-vatrogasni-dom-ceka-na-pocetak-rada\/#respond"]}]},{"@type":"WebPage","@id":"https:\/\/sandzakpress.net\/arhiva\/prijepolje-vatrogasni-dom-ceka-na-pocetak-rada\/","url":"https:\/\/sandzakpress.net\/arhiva\/prijepolje-vatrogasni-dom-ceka-na-pocetak-rada\/","name":"Prijepolje: Vatrogasni dom \u010deka na po\u010detak rada","isPartOf":{"@id":"https:\/\/sandzakpress.net\/arhiva\/#website"},"primaryImageOfPage":{"@id":"https:\/\/sandzakpress.net\/arhiva\/prijepolje-vatrogasni-dom-ceka-na-pocetak-rada\/#primaryimage"},"image":{"@id":"https:\/\/sandzakpress.net\/arhiva\/prijepolje-vatrogasni-dom-ceka-na-pocetak-rada\/#primaryimage"},"thumbnailUrl":"https:\/\/sandzakpress.net\/arhiva\/wp-content\/uploads\/2013\/11\/vatrogasni-dom-ceka-na-pocetak-rada-300x2011.jpg","datePublished":"2013-11-04T16:15:56+00:00","dateModified":"2013-11-04T16:15:57+00:00","breadcrumb":{"@id":"https:\/\/sandzakpress.net\/arhiva\/prijepolje-vatrogasni-dom-ceka-na-pocetak-rada\/#breadcrumb"},"inLanguage":"bs-BA","potentialAction":[{"@type":"ReadAction","target":["https:\/\/sandzakpress.net\/arhiva\/prijepolje-vatrogasni-dom-ceka-na-pocetak-rada\/"]}]},{"@type":"ImageObject","inLanguage":"bs-BA","@id":"https:\/\/sandzakpress.net\/arhiva\/prijepolje-vatrogasni-dom-ceka-na-pocetak-rada\/#primaryimage","url":"https:\/\/sandzakpress.net\/arhiva\/wp-content\/uploads\/2013\/11\/vatrogasni-dom-ceka-na-pocetak-rada-300x2011.jpg","contentUrl":"https:\/\/sandzakpress.net\/arhiva\/wp-content\/uploads\/2013\/11\/vatrogasni-dom-ceka-na-pocetak-rada-300x2011.jpg","width":300,"height":201},{"@type":"BreadcrumbList","@id":"https:\/\/sandzakpress.net\/arhiva\/prijepolje-vatrogasni-dom-ceka-na-pocetak-rada\/#breadcrumb","itemListElement":[{"@type":"ListItem","position":1,"name":"Home","item":"https:\/\/sandzakpress.net\/arhiva\/"},{"@type":"ListItem","position":2,"name":"Prijepolje: Vatrogasni dom \u010deka na po\u010detak rada"}]},{"@type":"WebSite","@id":"https:\/\/sandzakpress.net\/arhiva\/#website","url":"https:\/\/sandzakpress.net\/arhiva\/","name":"Sand\u017eak PRESS","description":"Prve elektronske novine u Sand\u017eaku","publisher":{"@id":"https:\/\/sandzakpress.net\/arhiva\/#\/schema\/person\/6e72b67d6e51910a1117b3b483ba20bd"},"potentialAction":[{"@type":"SearchAction","target":{"@type":"EntryPoint","urlTemplate":"https:\/\/sandzakpress.net\/arhiva\/?s={search_term_string}"},"query-input":{"@type":"PropertyValueSpecification","valueRequired":true,"valueName":"search_term_string"}}],"inLanguage":"bs-BA"},{"@type":["Person","Organization"],"@id":"https:\/\/sandzakpress.net\/arhiva\/#\/schema\/person\/6e72b67d6e51910a1117b3b483ba20bd","name":"Kul","image":{"@type":"ImageObject","inLanguage":"bs-BA","@id":"https:\/\/sandzakpress.net\/arhiva\/#\/schema\/person\/image\/","url":"https:\/\/secure.gravatar.com\/avatar\/42263f39aa27ac04c43cab85c280eb2e?s=96&d=mm&r=pg","contentUrl":"https:\/\/secure.gravatar.com\/avatar\/42263f39aa27ac04c43cab85c280eb2e?s=96&d=mm&r=pg","caption":"Kul"},"logo":{"@id":"https:\/\/sandzakpress.net\/arhiva\/#\/schema\/person\/image\/"}},{"@type":"Person","@id":"https:\/\/sandzakpress.net\/arhiva\/#\/schema\/person\/c8baee722073534b583ea7bdb2e36c02","name":"bosniak","image":{"@type":"ImageObject","inLanguage":"bs-BA","@id":"https:\/\/sandzakpress.net\/arhiva\/#\/schema\/person\/image\/","url":"https:\/\/secure.gravatar.com\/avatar\/a04fd330bfe3a36a72a0ad4a6d89fca7?s=96&d=mm&r=pg","contentUrl":"https:\/\/secure.gravatar.com\/avatar\/a04fd330bfe3a36a72a0ad4a6d89fca7?s=96&d=mm&r=pg","caption":"bosniak"},"url":"https:\/\/sandzakpress.net\/arhiva\/author\/bosniak\/"}]}},"_links":{"self":[{"href":"https:\/\/sandzakpress.net\/arhiva\/wp-json\/wp\/v2\/posts\/93621"}],"collection":[{"href":"https:\/\/sandzakpress.net\/arhiva\/wp-json\/wp\/v2\/posts"}],"about":[{"href":"https:\/\/sandzakpress.net\/arhiva\/wp-json\/wp\/v2\/types\/post"}],"author":[{"embeddable":true,"href":"https:\/\/sandzakpress.net\/arhiva\/wp-json\/wp\/v2\/users\/83"}],"replies":[{"embeddable":true,"href":"https:\/\/sandzakpress.net\/arhiva\/wp-json\/wp\/v2\/comments?post=93621"}],"version-history":[{"count":0,"href":"https:\/\/sandzakpress.net\/arhiva\/wp-json\/wp\/v2\/posts\/93621\/revisions"}],"wp:featuredmedia":[{"embeddable":true,"href":"https:\/\/sandzakpress.net\/arhiva\/wp-json\/wp\/v2\/media\/93627"}],"wp:attachment":[{"href":"https:\/\/sandzakpress.net\/arhiva\/wp-json\/wp\/v2\/media?parent=93621"}],"wp:term":[{"taxonomy":"category","embeddable":true,"href":"https:\/\/sandzakpress.net\/arhiva\/wp-json\/wp\/v2\/categories?post=93621"},{"taxonomy":"post_tag","embeddable":true,"href":"https:\/\/sandzakpress.net\/arhiva\/wp-json\/wp\/v2\/tags?post=93621"}],"curies":[{"name":"wp","href":"https:\/\/api.w.org\/{rel}","templated":true}]}}