{"id":9361,"date":"2010-10-25T02:48:31","date_gmt":"2010-10-25T00:48:31","guid":{"rendered":"https:\/\/sandzakpress.net\/arhiva\/?p=9361"},"modified":"2010-10-25T02:48:31","modified_gmt":"2010-10-25T00:48:31","slug":"dan-sandzaka-i-bajramsko-sijelo","status":"publish","type":"post","link":"https:\/\/sandzakpress.net\/arhiva\/dan-sandzaka-i-bajramsko-sijelo\/","title":{"rendered":"Dan Sand\u017eaka i Bajramsko sijelo"},"content":{"rendered":"<p><strong><a href=\"https:\/\/sandzakpress.net\/arhiva\/wp-content\/uploads\/2010\/10\/SejoKalac.jpg\"><img loading=\"lazy\" decoding=\"async\" class=\"alignleft size-full wp-image-9362\" title=\"SejoKalac\" src=\"https:\/\/sandzakpress.net\/arhiva\/wp-content\/uploads\/2010\/10\/SejoKalac.jpg\" alt=\"\" width=\"173\" height=\"173\" srcset=\"https:\/\/sandzakpress.net\/arhiva\/wp-content\/uploads\/2010\/10\/SejoKalac.jpg 173w, https:\/\/sandzakpress.net\/arhiva\/wp-content\/uploads\/2010\/10\/SejoKalac-150x150.jpg 150w, https:\/\/sandzakpress.net\/arhiva\/wp-content\/uploads\/2010\/10\/SejoKalac-90x90.jpg 90w, https:\/\/sandzakpress.net\/arhiva\/wp-content\/uploads\/2010\/10\/SejoKalac-125x125.jpg 125w\" sizes=\"(max-width: 173px) 100vw, 173px\" \/><\/a>Sand\u017eak \u2013 Dan Sand\u017eaka i Kurban bajram padaju ove godine u isti dan.<\/strong><\/p>\n<p>Ova dva velika i vazna doga\u0111aja Zajednica Sand\u017eacke Dijaspore Holandije \u017eeli obilje\u017eiti svje\u010dano i veselo. Zato rezervisite ve\u0107 sada ovaj dan u va\u0161oj agendi.<\/p>\n<p>Tim povodom organizujemo Muzicko Vece.<\/p>\n<p>Goste ce tokom veceri zabavljati\u00a0SEJO KALAC i KUD Folklor Amsterdam.<\/p>\n<p><strong>Da vas posjetimo:<\/strong><\/p>\n<p>Dvadesetog novembra 1943.godine u Pljevaljskoj ru\u017ediji \u2013 dana\u0161njoj Gimnaziji odr\u017eana je Osniva\u010dka skup\u0161tina Zemaljskog antifa\u0161isti\u010dkog vije\u0107a narodnog oslobo\u0111enja Sand\u017eaka.<\/p>\n<p>Sand\u017ea\u010dki Bo\u0161njaci ovaj dan obilje\u017eavaju kao svoj nacionalni blagdan, \u010duvaju\u0107i uspomenu na jedan od najsvjetlijih datuma u svojoj historiji, kada su zajedno sa ostalim narodima Sand\u017eaka, Srbima i Crnogorcima, jasno iskazali svoje antifa\u0161isti\u010dko raspolo\u017eenje, predstavljaju\u0107i Sand\u017eak kao multietni\u010dku, multikulturalnu i multikonfesionalnu regiju.<\/p>\n<p>Uz najiskrenije prazni\u010dne \u010destitke \u017eelimo ovaj dan sve da vas podsjetim na na\u0161u zajedni\u010dku obavezu da neguju\u0107i ove historijske tekovine razvijamo Sand\u017eak kao modernu i demokratsku prekogranicnu evropsku regiju (BiH- Srbija- Crna Gora) sto je sada veoma aktuelna tema.<\/p>\n<p>Izvor: <strong>Sandzak.nl<\/strong><\/p>\n","protected":false},"excerpt":{"rendered":"<p>Sand\u017eak \u2013 Dan Sand\u017eaka i Kurban bajram padaju ove godine u isti dan. Ova dva velika i vazna doga\u0111aja Zajednica Sand\u017eacke Dijaspore Holandije \u017eeli obilje\u017eiti svje\u010dano i veselo. Zato rezervisite ve\u0107 sada ovaj dan u va\u0161oj agendi. Tim povodom organizujemo Muzicko Vece. Goste ce tokom veceri zabavljati\u00a0SEJO KALAC i KUD Folklor Amsterdam. Da vas posjetimo: [&hellip;]<\/p>\n","protected":false},"author":83,"featured_media":9362,"comment_status":"open","ping_status":"open","sticky":false,"template":"","format":"standard","meta":{"footnotes":""},"categories":[72,398,52,397,327,392,396,393,395,394,399],"tags":[],"class_list":{"0":"post-9361","1":"post","2":"type-post","3":"status-publish","4":"format-standard","5":"has-post-thumbnail","7":"category-novi-pazar","8":"category-rozaje","9":"category-sjenica","10":"category-berane","11":"category-tutin","12":"category-prijepolje_","13":"category-bijelo_polje","14":"category-priboj","15":"category-pljevlja_","16":"category-nova-varos","17":"category-plav_"},"yoast_head":"<!-- This site is optimized with the Yoast SEO Premium plugin v23.1 (Yoast SEO v24.9) - https:\/\/yoast.com\/wordpress\/plugins\/seo\/ -->\n<title>Dan Sand\u017eaka i Bajramsko sijelo<\/title>\n<meta name=\"robots\" content=\"index, follow, max-snippet:-1, max-image-preview:large, max-video-preview:-1\" \/>\n<link rel=\"canonical\" href=\"https:\/\/sandzakpress.net\/arhiva\/dan-sandzaka-i-bajramsko-sijelo\/\" \/>\n<meta property=\"og:locale\" content=\"bs_BA\" \/>\n<meta property=\"og:type\" content=\"article\" \/>\n<meta property=\"og:title\" content=\"Dan Sand\u017eaka i Bajramsko sijelo\" \/>\n<meta property=\"og:description\" content=\"Sand\u017eak \u2013 Dan Sand\u017eaka i Kurban bajram padaju ove godine u isti dan. Ova dva velika i vazna doga\u0111aja Zajednica Sand\u017eacke Dijaspore Holandije \u017eeli obilje\u017eiti svje\u010dano i veselo. Zato rezervisite ve\u0107 sada ovaj dan u va\u0161oj agendi. Tim povodom organizujemo Muzicko Vece. Goste ce tokom veceri zabavljati\u00a0SEJO KALAC i KUD Folklor Amsterdam. Da vas posjetimo: [&hellip;]\" \/>\n<meta property=\"og:url\" content=\"https:\/\/sandzakpress.net\/arhiva\/dan-sandzaka-i-bajramsko-sijelo\/\" \/>\n<meta property=\"og:site_name\" content=\"Sand\u017eak PRESS\" \/>\n<meta property=\"article:published_time\" content=\"2010-10-25T00:48:31+00:00\" \/>\n<meta property=\"og:image\" content=\"https:\/\/sandzakpress.net\/arhiva\/wp-content\/uploads\/2010\/10\/SejoKalac.jpg\" \/>\n\t<meta property=\"og:image:width\" content=\"173\" \/>\n\t<meta property=\"og:image:height\" content=\"173\" \/>\n\t<meta property=\"og:image:type\" content=\"image\/jpeg\" \/>\n<meta name=\"author\" content=\"bosniak\" \/>\n<meta name=\"twitter:card\" content=\"summary_large_image\" \/>\n<meta name=\"twitter:label1\" content=\"Written by\" \/>\n\t<meta name=\"twitter:data1\" content=\"bosniak\" \/>\n\t<meta name=\"twitter:label2\" content=\"Est. reading time\" \/>\n\t<meta name=\"twitter:data2\" content=\"1 minuta\" \/>\n<script type=\"application\/ld+json\" class=\"yoast-schema-graph\">{\"@context\":\"https:\/\/schema.org\",\"@graph\":[{\"@type\":\"Article\",\"@id\":\"https:\/\/sandzakpress.net\/arhiva\/dan-sandzaka-i-bajramsko-sijelo\/#article\",\"isPartOf\":{\"@id\":\"https:\/\/sandzakpress.net\/arhiva\/dan-sandzaka-i-bajramsko-sijelo\/\"},\"author\":{\"name\":\"bosniak\",\"@id\":\"https:\/\/sandzakpress.net\/arhiva\/#\/schema\/person\/c8baee722073534b583ea7bdb2e36c02\"},\"headline\":\"Dan Sand\u017eaka i Bajramsko sijelo\",\"datePublished\":\"2010-10-25T00:48:31+00:00\",\"mainEntityOfPage\":{\"@id\":\"https:\/\/sandzakpress.net\/arhiva\/dan-sandzaka-i-bajramsko-sijelo\/\"},\"wordCount\":197,\"commentCount\":5,\"publisher\":{\"@id\":\"https:\/\/sandzakpress.net\/arhiva\/#\/schema\/person\/6e72b67d6e51910a1117b3b483ba20bd\"},\"image\":{\"@id\":\"https:\/\/sandzakpress.net\/arhiva\/dan-sandzaka-i-bajramsko-sijelo\/#primaryimage\"},\"thumbnailUrl\":\"https:\/\/sandzakpress.net\/arhiva\/wp-content\/uploads\/2010\/10\/SejoKalac.jpg\",\"articleSection\":[\"Novi Pazar\",\"Ro\u017eaje\",\"Sjenica\",\"Berane\",\"Tutin\",\"Prijepolje\",\"Bijelo Polje\",\"Priboj\",\"Pljevlja\",\"Nova Varo\u0161\",\"Plav\"],\"inLanguage\":\"bs-BA\",\"potentialAction\":[{\"@type\":\"CommentAction\",\"name\":\"Comment\",\"target\":[\"https:\/\/sandzakpress.net\/arhiva\/dan-sandzaka-i-bajramsko-sijelo\/#respond\"]}]},{\"@type\":\"WebPage\",\"@id\":\"https:\/\/sandzakpress.net\/arhiva\/dan-sandzaka-i-bajramsko-sijelo\/\",\"url\":\"https:\/\/sandzakpress.net\/arhiva\/dan-sandzaka-i-bajramsko-sijelo\/\",\"name\":\"Dan Sand\u017eaka i Bajramsko sijelo\",\"isPartOf\":{\"@id\":\"https:\/\/sandzakpress.net\/arhiva\/#website\"},\"primaryImageOfPage\":{\"@id\":\"https:\/\/sandzakpress.net\/arhiva\/dan-sandzaka-i-bajramsko-sijelo\/#primaryimage\"},\"image\":{\"@id\":\"https:\/\/sandzakpress.net\/arhiva\/dan-sandzaka-i-bajramsko-sijelo\/#primaryimage\"},\"thumbnailUrl\":\"https:\/\/sandzakpress.net\/arhiva\/wp-content\/uploads\/2010\/10\/SejoKalac.jpg\",\"datePublished\":\"2010-10-25T00:48:31+00:00\",\"breadcrumb\":{\"@id\":\"https:\/\/sandzakpress.net\/arhiva\/dan-sandzaka-i-bajramsko-sijelo\/#breadcrumb\"},\"inLanguage\":\"bs-BA\",\"potentialAction\":[{\"@type\":\"ReadAction\",\"target\":[\"https:\/\/sandzakpress.net\/arhiva\/dan-sandzaka-i-bajramsko-sijelo\/\"]}]},{\"@type\":\"ImageObject\",\"inLanguage\":\"bs-BA\",\"@id\":\"https:\/\/sandzakpress.net\/arhiva\/dan-sandzaka-i-bajramsko-sijelo\/#primaryimage\",\"url\":\"https:\/\/sandzakpress.net\/arhiva\/wp-content\/uploads\/2010\/10\/SejoKalac.jpg\",\"contentUrl\":\"https:\/\/sandzakpress.net\/arhiva\/wp-content\/uploads\/2010\/10\/SejoKalac.jpg\",\"width\":173,\"height\":173},{\"@type\":\"BreadcrumbList\",\"@id\":\"https:\/\/sandzakpress.net\/arhiva\/dan-sandzaka-i-bajramsko-sijelo\/#breadcrumb\",\"itemListElement\":[{\"@type\":\"ListItem\",\"position\":1,\"name\":\"Home\",\"item\":\"https:\/\/sandzakpress.net\/arhiva\/\"},{\"@type\":\"ListItem\",\"position\":2,\"name\":\"Dan Sand\u017eaka i Bajramsko sijelo\"}]},{\"@type\":\"WebSite\",\"@id\":\"https:\/\/sandzakpress.net\/arhiva\/#website\",\"url\":\"https:\/\/sandzakpress.net\/arhiva\/\",\"name\":\"Sand\u017eak PRESS\",\"description\":\"Prve elektronske novine u Sand\u017eaku\",\"publisher\":{\"@id\":\"https:\/\/sandzakpress.net\/arhiva\/#\/schema\/person\/6e72b67d6e51910a1117b3b483ba20bd\"},\"potentialAction\":[{\"@type\":\"SearchAction\",\"target\":{\"@type\":\"EntryPoint\",\"urlTemplate\":\"https:\/\/sandzakpress.net\/arhiva\/?s={search_term_string}\"},\"query-input\":{\"@type\":\"PropertyValueSpecification\",\"valueRequired\":true,\"valueName\":\"search_term_string\"}}],\"inLanguage\":\"bs-BA\"},{\"@type\":[\"Person\",\"Organization\"],\"@id\":\"https:\/\/sandzakpress.net\/arhiva\/#\/schema\/person\/6e72b67d6e51910a1117b3b483ba20bd\",\"name\":\"Kul\",\"image\":{\"@type\":\"ImageObject\",\"inLanguage\":\"bs-BA\",\"@id\":\"https:\/\/sandzakpress.net\/arhiva\/#\/schema\/person\/image\/\",\"url\":\"https:\/\/secure.gravatar.com\/avatar\/42263f39aa27ac04c43cab85c280eb2e?s=96&d=mm&r=pg\",\"contentUrl\":\"https:\/\/secure.gravatar.com\/avatar\/42263f39aa27ac04c43cab85c280eb2e?s=96&d=mm&r=pg\",\"caption\":\"Kul\"},\"logo\":{\"@id\":\"https:\/\/sandzakpress.net\/arhiva\/#\/schema\/person\/image\/\"}},{\"@type\":\"Person\",\"@id\":\"https:\/\/sandzakpress.net\/arhiva\/#\/schema\/person\/c8baee722073534b583ea7bdb2e36c02\",\"name\":\"bosniak\",\"image\":{\"@type\":\"ImageObject\",\"inLanguage\":\"bs-BA\",\"@id\":\"https:\/\/sandzakpress.net\/arhiva\/#\/schema\/person\/image\/\",\"url\":\"https:\/\/secure.gravatar.com\/avatar\/a04fd330bfe3a36a72a0ad4a6d89fca7?s=96&d=mm&r=pg\",\"contentUrl\":\"https:\/\/secure.gravatar.com\/avatar\/a04fd330bfe3a36a72a0ad4a6d89fca7?s=96&d=mm&r=pg\",\"caption\":\"bosniak\"},\"url\":\"https:\/\/sandzakpress.net\/arhiva\/author\/bosniak\/\"}]}<\/script>\n<!-- \/ Yoast SEO Premium plugin. -->","yoast_head_json":{"title":"Dan Sand\u017eaka i Bajramsko sijelo","robots":{"index":"index","follow":"follow","max-snippet":"max-snippet:-1","max-image-preview":"max-image-preview:large","max-video-preview":"max-video-preview:-1"},"canonical":"https:\/\/sandzakpress.net\/arhiva\/dan-sandzaka-i-bajramsko-sijelo\/","og_locale":"bs_BA","og_type":"article","og_title":"Dan Sand\u017eaka i Bajramsko sijelo","og_description":"Sand\u017eak \u2013 Dan Sand\u017eaka i Kurban bajram padaju ove godine u isti dan. Ova dva velika i vazna doga\u0111aja Zajednica Sand\u017eacke Dijaspore Holandije \u017eeli obilje\u017eiti svje\u010dano i veselo. Zato rezervisite ve\u0107 sada ovaj dan u va\u0161oj agendi. Tim povodom organizujemo Muzicko Vece. Goste ce tokom veceri zabavljati\u00a0SEJO KALAC i KUD Folklor Amsterdam. Da vas posjetimo: [&hellip;]","og_url":"https:\/\/sandzakpress.net\/arhiva\/dan-sandzaka-i-bajramsko-sijelo\/","og_site_name":"Sand\u017eak PRESS","article_published_time":"2010-10-25T00:48:31+00:00","og_image":[{"width":173,"height":173,"url":"https:\/\/sandzakpress.net\/arhiva\/wp-content\/uploads\/2010\/10\/SejoKalac.jpg","type":"image\/jpeg"}],"author":"bosniak","twitter_card":"summary_large_image","twitter_misc":{"Written by":"bosniak","Est. reading time":"1 minuta"},"schema":{"@context":"https:\/\/schema.org","@graph":[{"@type":"Article","@id":"https:\/\/sandzakpress.net\/arhiva\/dan-sandzaka-i-bajramsko-sijelo\/#article","isPartOf":{"@id":"https:\/\/sandzakpress.net\/arhiva\/dan-sandzaka-i-bajramsko-sijelo\/"},"author":{"name":"bosniak","@id":"https:\/\/sandzakpress.net\/arhiva\/#\/schema\/person\/c8baee722073534b583ea7bdb2e36c02"},"headline":"Dan Sand\u017eaka i Bajramsko sijelo","datePublished":"2010-10-25T00:48:31+00:00","mainEntityOfPage":{"@id":"https:\/\/sandzakpress.net\/arhiva\/dan-sandzaka-i-bajramsko-sijelo\/"},"wordCount":197,"commentCount":5,"publisher":{"@id":"https:\/\/sandzakpress.net\/arhiva\/#\/schema\/person\/6e72b67d6e51910a1117b3b483ba20bd"},"image":{"@id":"https:\/\/sandzakpress.net\/arhiva\/dan-sandzaka-i-bajramsko-sijelo\/#primaryimage"},"thumbnailUrl":"https:\/\/sandzakpress.net\/arhiva\/wp-content\/uploads\/2010\/10\/SejoKalac.jpg","articleSection":["Novi Pazar","Ro\u017eaje","Sjenica","Berane","Tutin","Prijepolje","Bijelo Polje","Priboj","Pljevlja","Nova Varo\u0161","Plav"],"inLanguage":"bs-BA","potentialAction":[{"@type":"CommentAction","name":"Comment","target":["https:\/\/sandzakpress.net\/arhiva\/dan-sandzaka-i-bajramsko-sijelo\/#respond"]}]},{"@type":"WebPage","@id":"https:\/\/sandzakpress.net\/arhiva\/dan-sandzaka-i-bajramsko-sijelo\/","url":"https:\/\/sandzakpress.net\/arhiva\/dan-sandzaka-i-bajramsko-sijelo\/","name":"Dan Sand\u017eaka i Bajramsko sijelo","isPartOf":{"@id":"https:\/\/sandzakpress.net\/arhiva\/#website"},"primaryImageOfPage":{"@id":"https:\/\/sandzakpress.net\/arhiva\/dan-sandzaka-i-bajramsko-sijelo\/#primaryimage"},"image":{"@id":"https:\/\/sandzakpress.net\/arhiva\/dan-sandzaka-i-bajramsko-sijelo\/#primaryimage"},"thumbnailUrl":"https:\/\/sandzakpress.net\/arhiva\/wp-content\/uploads\/2010\/10\/SejoKalac.jpg","datePublished":"2010-10-25T00:48:31+00:00","breadcrumb":{"@id":"https:\/\/sandzakpress.net\/arhiva\/dan-sandzaka-i-bajramsko-sijelo\/#breadcrumb"},"inLanguage":"bs-BA","potentialAction":[{"@type":"ReadAction","target":["https:\/\/sandzakpress.net\/arhiva\/dan-sandzaka-i-bajramsko-sijelo\/"]}]},{"@type":"ImageObject","inLanguage":"bs-BA","@id":"https:\/\/sandzakpress.net\/arhiva\/dan-sandzaka-i-bajramsko-sijelo\/#primaryimage","url":"https:\/\/sandzakpress.net\/arhiva\/wp-content\/uploads\/2010\/10\/SejoKalac.jpg","contentUrl":"https:\/\/sandzakpress.net\/arhiva\/wp-content\/uploads\/2010\/10\/SejoKalac.jpg","width":173,"height":173},{"@type":"BreadcrumbList","@id":"https:\/\/sandzakpress.net\/arhiva\/dan-sandzaka-i-bajramsko-sijelo\/#breadcrumb","itemListElement":[{"@type":"ListItem","position":1,"name":"Home","item":"https:\/\/sandzakpress.net\/arhiva\/"},{"@type":"ListItem","position":2,"name":"Dan Sand\u017eaka i Bajramsko sijelo"}]},{"@type":"WebSite","@id":"https:\/\/sandzakpress.net\/arhiva\/#website","url":"https:\/\/sandzakpress.net\/arhiva\/","name":"Sand\u017eak PRESS","description":"Prve elektronske novine u Sand\u017eaku","publisher":{"@id":"https:\/\/sandzakpress.net\/arhiva\/#\/schema\/person\/6e72b67d6e51910a1117b3b483ba20bd"},"potentialAction":[{"@type":"SearchAction","target":{"@type":"EntryPoint","urlTemplate":"https:\/\/sandzakpress.net\/arhiva\/?s={search_term_string}"},"query-input":{"@type":"PropertyValueSpecification","valueRequired":true,"valueName":"search_term_string"}}],"inLanguage":"bs-BA"},{"@type":["Person","Organization"],"@id":"https:\/\/sandzakpress.net\/arhiva\/#\/schema\/person\/6e72b67d6e51910a1117b3b483ba20bd","name":"Kul","image":{"@type":"ImageObject","inLanguage":"bs-BA","@id":"https:\/\/sandzakpress.net\/arhiva\/#\/schema\/person\/image\/","url":"https:\/\/secure.gravatar.com\/avatar\/42263f39aa27ac04c43cab85c280eb2e?s=96&d=mm&r=pg","contentUrl":"https:\/\/secure.gravatar.com\/avatar\/42263f39aa27ac04c43cab85c280eb2e?s=96&d=mm&r=pg","caption":"Kul"},"logo":{"@id":"https:\/\/sandzakpress.net\/arhiva\/#\/schema\/person\/image\/"}},{"@type":"Person","@id":"https:\/\/sandzakpress.net\/arhiva\/#\/schema\/person\/c8baee722073534b583ea7bdb2e36c02","name":"bosniak","image":{"@type":"ImageObject","inLanguage":"bs-BA","@id":"https:\/\/sandzakpress.net\/arhiva\/#\/schema\/person\/image\/","url":"https:\/\/secure.gravatar.com\/avatar\/a04fd330bfe3a36a72a0ad4a6d89fca7?s=96&d=mm&r=pg","contentUrl":"https:\/\/secure.gravatar.com\/avatar\/a04fd330bfe3a36a72a0ad4a6d89fca7?s=96&d=mm&r=pg","caption":"bosniak"},"url":"https:\/\/sandzakpress.net\/arhiva\/author\/bosniak\/"}]}},"_links":{"self":[{"href":"https:\/\/sandzakpress.net\/arhiva\/wp-json\/wp\/v2\/posts\/9361"}],"collection":[{"href":"https:\/\/sandzakpress.net\/arhiva\/wp-json\/wp\/v2\/posts"}],"about":[{"href":"https:\/\/sandzakpress.net\/arhiva\/wp-json\/wp\/v2\/types\/post"}],"author":[{"embeddable":true,"href":"https:\/\/sandzakpress.net\/arhiva\/wp-json\/wp\/v2\/users\/83"}],"replies":[{"embeddable":true,"href":"https:\/\/sandzakpress.net\/arhiva\/wp-json\/wp\/v2\/comments?post=9361"}],"version-history":[{"count":0,"href":"https:\/\/sandzakpress.net\/arhiva\/wp-json\/wp\/v2\/posts\/9361\/revisions"}],"wp:featuredmedia":[{"embeddable":true,"href":"https:\/\/sandzakpress.net\/arhiva\/wp-json\/wp\/v2\/media\/9362"}],"wp:attachment":[{"href":"https:\/\/sandzakpress.net\/arhiva\/wp-json\/wp\/v2\/media?parent=9361"}],"wp:term":[{"taxonomy":"category","embeddable":true,"href":"https:\/\/sandzakpress.net\/arhiva\/wp-json\/wp\/v2\/categories?post=9361"},{"taxonomy":"post_tag","embeddable":true,"href":"https:\/\/sandzakpress.net\/arhiva\/wp-json\/wp\/v2\/tags?post=9361"}],"curies":[{"name":"wp","href":"https:\/\/api.w.org\/{rel}","templated":true}]}}