{"id":93599,"date":"2013-11-04T17:08:34","date_gmt":"2013-11-04T16:08:34","guid":{"rendered":"https:\/\/sandzakpress.net\/arhiva\/?p=93599"},"modified":"2013-11-04T17:08:34","modified_gmt":"2013-11-04T16:08:34","slug":"obiljezena-nova-hidzretska-1435-godina-u-podgorici","status":"publish","type":"post","link":"https:\/\/sandzakpress.net\/arhiva\/obiljezena-nova-hidzretska-1435-godina-u-podgorici\/","title":{"rendered":"Obilje\u017eena Nova hid\u017eretska 1435. godina u Podgorici"},"content":{"rendered":"<p><strong><i><img loading=\"lazy\" decoding=\"async\" class=\"alignleft size-full wp-image-93600\" alt=\"Hid\u017era-Nova-godina-KIC-300x200\" src=\"https:\/\/sandzakpress.net\/arhiva\/wp-content\/uploads\/2013\/11\/Hid\u017era-Nova-godina-KIC-300x200.jpg\" width=\"300\" height=\"200\" \/>Crna Gora &#8211;\u00a0<\/i> \u2013 U punoj sali KIC-a \u201cBudo Tomovi\u0107\u201d u organizaciji Islamske zajednice Crne Gore obilje\u017een je deseti jubilarni do\u010dek Nove hid\u017eretske 1435. godine, \u0161to je ve\u0107 od tada postalo tradicionalno okupljanje vjernika, javlja dopisnik Anadolu Agency.<\/strong><\/p>\n<p><strong>Jubilarni do\u010dek Nove hid\u017eretske 1435. godine Jubilarni do\u010dek Nove hid\u017eretske 1435. godine<br \/>\nPovodom jubilarne desetogodi\u0161njice proslave u Podgorici Nove hid\u017eretske godine, uprili\u010deno je ve\u010de ilahija i kasida, bogat vjersko-umjetni\u010dki program gdje je predavanje prisutnima odr\u017eao prof. dr. hfz. Safvet Halilovi\u0107 na temu \u201cKako da hid\u017era bude podstrek za novi po\u010detak u \u017eivotu?\u201d.<\/strong><\/p>\n<p>&nbsp;<\/p>\n<p><strong>Profesor iz Zenice kroz svoje predavanje ukazao je na to da jedna tre\u0107ina Zemlje pu\u0161i te i koristi drogu, da globus svjetskog poretka u\u017eurbano rita ka haosu i neredu, te je povodom takvih i drugih grijehova poru\u010dio da se \u201cdr\u017eimo postrani, da se \u010duvamo strasti, treba se kloniti onoga \u0161to nije legalno i nije zakonito po islamu\u201d.<\/strong><\/p>\n<p><strong><br \/>\nPrisutne je pozdravio i glavni imam za Podgoricu i Nik\u0161i\u0107 i \u010dlan Me\u0161ihata IZ u Crnoj Gori D\u017eemo Red\u017eematovi\u0107, koji je ukazao je da je hid\u017era promijenila svijet za sva vremena, za sve generacije, jer je pokazala da postoje ljudi koji su spremni da svoje li\u010dne interese \u017ertvuju u korist op\u0161teg dobra.<\/strong><\/p>\n<p><strong><br \/>\nU kulturno-umjetni\u010dkom dijelu publika se posebno obradovala izvo\u0111enju brojnih ilahija, te i svedalniki, poznatog umjetnika iz Sarajeva Eldina Huseinbegovi\u0107a.<br \/>\nPored Huseinbegovi\u0107a, ove godine publika se upoznala i s muzi\u010dkim umije\u0107em Anele \u010cindrak, soliste na harmonici koja studira na Muzi\u010dkoj akademiji na Cetinju, a na koncertu se svojim sevdalinkama publici predstavio i Esad Meruli\u0107.<\/strong><\/p>\n<p><strong><br \/>\n<\/strong><strong>Ve\u010deras \u0107e prof.dr. Safvet Halilovi\u0107 odr\u017eati predavanje u Domu kulture u Bijelom Polju s po\u010detkom u 17. \u010dasova.<\/strong><\/p>\n<p>(monteislam)<\/p>\n","protected":false},"excerpt":{"rendered":"<p>Crna Gora &#8211;\u00a0 \u2013 U punoj sali KIC-a \u201cBudo Tomovi\u0107\u201d u organizaciji Islamske zajednice Crne Gore obilje\u017een je deseti jubilarni do\u010dek Nove hid\u017eretske 1435. godine, \u0161to je ve\u0107 od tada postalo tradicionalno okupljanje vjernika, javlja dopisnik Anadolu Agency. Jubilarni do\u010dek Nove hid\u017eretske 1435. godine Jubilarni do\u010dek Nove hid\u017eretske 1435. godine Povodom jubilarne desetogodi\u0161njice proslave u [&hellip;]<\/p>\n","protected":false},"author":83,"featured_media":93600,"comment_status":"open","ping_status":"open","sticky":false,"template":"","format":"standard","meta":{"footnotes":""},"categories":[10308,802],"tags":[],"class_list":{"0":"post-93599","1":"post","2":"type-post","3":"status-publish","4":"format-standard","5":"has-post-thumbnail","7":"category-crna-gora","8":"category-islamska_zajednica"},"yoast_head":"<!-- This site is optimized with the Yoast SEO Premium plugin v23.1 (Yoast SEO v24.9) - https:\/\/yoast.com\/wordpress\/plugins\/seo\/ -->\n<title>Obilje\u017eena Nova hid\u017eretska 1435. godina u Podgorici<\/title>\n<meta name=\"robots\" content=\"index, follow, max-snippet:-1, max-image-preview:large, max-video-preview:-1\" \/>\n<link rel=\"canonical\" href=\"https:\/\/sandzakpress.net\/arhiva\/obiljezena-nova-hidzretska-1435-godina-u-podgorici\/\" \/>\n<meta property=\"og:locale\" content=\"bs_BA\" \/>\n<meta property=\"og:type\" content=\"article\" \/>\n<meta property=\"og:title\" content=\"Obilje\u017eena Nova hid\u017eretska 1435. godina u Podgorici\" \/>\n<meta property=\"og:description\" content=\"Crna Gora &#8211;\u00a0 \u2013 U punoj sali KIC-a \u201cBudo Tomovi\u0107\u201d u organizaciji Islamske zajednice Crne Gore obilje\u017een je deseti jubilarni do\u010dek Nove hid\u017eretske 1435. godine, \u0161to je ve\u0107 od tada postalo tradicionalno okupljanje vjernika, javlja dopisnik Anadolu Agency. Jubilarni do\u010dek Nove hid\u017eretske 1435. godine Jubilarni do\u010dek Nove hid\u017eretske 1435. godine Povodom jubilarne desetogodi\u0161njice proslave u [&hellip;]\" \/>\n<meta property=\"og:url\" content=\"https:\/\/sandzakpress.net\/arhiva\/obiljezena-nova-hidzretska-1435-godina-u-podgorici\/\" \/>\n<meta property=\"og:site_name\" content=\"Sand\u017eak PRESS\" \/>\n<meta property=\"article:published_time\" content=\"2013-11-04T16:08:34+00:00\" \/>\n<meta property=\"og:image\" content=\"https:\/\/sandzakpress.net\/arhiva\/wp-content\/uploads\/2013\/11\/Hid\u017era-Nova-godina-KIC-300x200.jpg\" \/>\n\t<meta property=\"og:image:width\" content=\"300\" \/>\n\t<meta property=\"og:image:height\" content=\"200\" \/>\n\t<meta property=\"og:image:type\" content=\"image\/jpeg\" \/>\n<meta name=\"author\" content=\"bosniak\" \/>\n<meta name=\"twitter:card\" content=\"summary_large_image\" \/>\n<meta name=\"twitter:label1\" content=\"Written by\" \/>\n\t<meta name=\"twitter:data1\" content=\"bosniak\" \/>\n\t<meta name=\"twitter:label2\" content=\"Est. reading time\" \/>\n\t<meta name=\"twitter:data2\" content=\"2 minute\" \/>\n<script type=\"application\/ld+json\" class=\"yoast-schema-graph\">{\"@context\":\"https:\/\/schema.org\",\"@graph\":[{\"@type\":\"Article\",\"@id\":\"https:\/\/sandzakpress.net\/arhiva\/obiljezena-nova-hidzretska-1435-godina-u-podgorici\/#article\",\"isPartOf\":{\"@id\":\"https:\/\/sandzakpress.net\/arhiva\/obiljezena-nova-hidzretska-1435-godina-u-podgorici\/\"},\"author\":{\"name\":\"bosniak\",\"@id\":\"https:\/\/sandzakpress.net\/arhiva\/#\/schema\/person\/c8baee722073534b583ea7bdb2e36c02\"},\"headline\":\"Obilje\u017eena Nova hid\u017eretska 1435. godina u Podgorici\",\"datePublished\":\"2013-11-04T16:08:34+00:00\",\"mainEntityOfPage\":{\"@id\":\"https:\/\/sandzakpress.net\/arhiva\/obiljezena-nova-hidzretska-1435-godina-u-podgorici\/\"},\"wordCount\":313,\"commentCount\":0,\"publisher\":{\"@id\":\"https:\/\/sandzakpress.net\/arhiva\/#\/schema\/person\/6e72b67d6e51910a1117b3b483ba20bd\"},\"image\":{\"@id\":\"https:\/\/sandzakpress.net\/arhiva\/obiljezena-nova-hidzretska-1435-godina-u-podgorici\/#primaryimage\"},\"thumbnailUrl\":\"https:\/\/sandzakpress.net\/arhiva\/wp-content\/uploads\/2013\/11\/Hid\u017era-Nova-godina-KIC-300x200.jpg\",\"articleSection\":[\"Crna Gora\",\"Islamska zajednica\"],\"inLanguage\":\"bs-BA\",\"potentialAction\":[{\"@type\":\"CommentAction\",\"name\":\"Comment\",\"target\":[\"https:\/\/sandzakpress.net\/arhiva\/obiljezena-nova-hidzretska-1435-godina-u-podgorici\/#respond\"]}]},{\"@type\":\"WebPage\",\"@id\":\"https:\/\/sandzakpress.net\/arhiva\/obiljezena-nova-hidzretska-1435-godina-u-podgorici\/\",\"url\":\"https:\/\/sandzakpress.net\/arhiva\/obiljezena-nova-hidzretska-1435-godina-u-podgorici\/\",\"name\":\"Obilje\u017eena Nova hid\u017eretska 1435. godina u Podgorici\",\"isPartOf\":{\"@id\":\"https:\/\/sandzakpress.net\/arhiva\/#website\"},\"primaryImageOfPage\":{\"@id\":\"https:\/\/sandzakpress.net\/arhiva\/obiljezena-nova-hidzretska-1435-godina-u-podgorici\/#primaryimage\"},\"image\":{\"@id\":\"https:\/\/sandzakpress.net\/arhiva\/obiljezena-nova-hidzretska-1435-godina-u-podgorici\/#primaryimage\"},\"thumbnailUrl\":\"https:\/\/sandzakpress.net\/arhiva\/wp-content\/uploads\/2013\/11\/Hid\u017era-Nova-godina-KIC-300x200.jpg\",\"datePublished\":\"2013-11-04T16:08:34+00:00\",\"breadcrumb\":{\"@id\":\"https:\/\/sandzakpress.net\/arhiva\/obiljezena-nova-hidzretska-1435-godina-u-podgorici\/#breadcrumb\"},\"inLanguage\":\"bs-BA\",\"potentialAction\":[{\"@type\":\"ReadAction\",\"target\":[\"https:\/\/sandzakpress.net\/arhiva\/obiljezena-nova-hidzretska-1435-godina-u-podgorici\/\"]}]},{\"@type\":\"ImageObject\",\"inLanguage\":\"bs-BA\",\"@id\":\"https:\/\/sandzakpress.net\/arhiva\/obiljezena-nova-hidzretska-1435-godina-u-podgorici\/#primaryimage\",\"url\":\"https:\/\/sandzakpress.net\/arhiva\/wp-content\/uploads\/2013\/11\/Hid\u017era-Nova-godina-KIC-300x200.jpg\",\"contentUrl\":\"https:\/\/sandzakpress.net\/arhiva\/wp-content\/uploads\/2013\/11\/Hid\u017era-Nova-godina-KIC-300x200.jpg\",\"width\":300,\"height\":200},{\"@type\":\"BreadcrumbList\",\"@id\":\"https:\/\/sandzakpress.net\/arhiva\/obiljezena-nova-hidzretska-1435-godina-u-podgorici\/#breadcrumb\",\"itemListElement\":[{\"@type\":\"ListItem\",\"position\":1,\"name\":\"Home\",\"item\":\"https:\/\/sandzakpress.net\/arhiva\/\"},{\"@type\":\"ListItem\",\"position\":2,\"name\":\"Obilje\u017eena Nova hid\u017eretska 1435. godina u Podgorici\"}]},{\"@type\":\"WebSite\",\"@id\":\"https:\/\/sandzakpress.net\/arhiva\/#website\",\"url\":\"https:\/\/sandzakpress.net\/arhiva\/\",\"name\":\"Sand\u017eak PRESS\",\"description\":\"Prve elektronske novine u Sand\u017eaku\",\"publisher\":{\"@id\":\"https:\/\/sandzakpress.net\/arhiva\/#\/schema\/person\/6e72b67d6e51910a1117b3b483ba20bd\"},\"potentialAction\":[{\"@type\":\"SearchAction\",\"target\":{\"@type\":\"EntryPoint\",\"urlTemplate\":\"https:\/\/sandzakpress.net\/arhiva\/?s={search_term_string}\"},\"query-input\":{\"@type\":\"PropertyValueSpecification\",\"valueRequired\":true,\"valueName\":\"search_term_string\"}}],\"inLanguage\":\"bs-BA\"},{\"@type\":[\"Person\",\"Organization\"],\"@id\":\"https:\/\/sandzakpress.net\/arhiva\/#\/schema\/person\/6e72b67d6e51910a1117b3b483ba20bd\",\"name\":\"Kul\",\"image\":{\"@type\":\"ImageObject\",\"inLanguage\":\"bs-BA\",\"@id\":\"https:\/\/sandzakpress.net\/arhiva\/#\/schema\/person\/image\/\",\"url\":\"https:\/\/secure.gravatar.com\/avatar\/42263f39aa27ac04c43cab85c280eb2e?s=96&d=mm&r=pg\",\"contentUrl\":\"https:\/\/secure.gravatar.com\/avatar\/42263f39aa27ac04c43cab85c280eb2e?s=96&d=mm&r=pg\",\"caption\":\"Kul\"},\"logo\":{\"@id\":\"https:\/\/sandzakpress.net\/arhiva\/#\/schema\/person\/image\/\"}},{\"@type\":\"Person\",\"@id\":\"https:\/\/sandzakpress.net\/arhiva\/#\/schema\/person\/c8baee722073534b583ea7bdb2e36c02\",\"name\":\"bosniak\",\"image\":{\"@type\":\"ImageObject\",\"inLanguage\":\"bs-BA\",\"@id\":\"https:\/\/sandzakpress.net\/arhiva\/#\/schema\/person\/image\/\",\"url\":\"https:\/\/secure.gravatar.com\/avatar\/a04fd330bfe3a36a72a0ad4a6d89fca7?s=96&d=mm&r=pg\",\"contentUrl\":\"https:\/\/secure.gravatar.com\/avatar\/a04fd330bfe3a36a72a0ad4a6d89fca7?s=96&d=mm&r=pg\",\"caption\":\"bosniak\"},\"url\":\"https:\/\/sandzakpress.net\/arhiva\/author\/bosniak\/\"}]}<\/script>\n<!-- \/ Yoast SEO Premium plugin. -->","yoast_head_json":{"title":"Obilje\u017eena Nova hid\u017eretska 1435. godina u Podgorici","robots":{"index":"index","follow":"follow","max-snippet":"max-snippet:-1","max-image-preview":"max-image-preview:large","max-video-preview":"max-video-preview:-1"},"canonical":"https:\/\/sandzakpress.net\/arhiva\/obiljezena-nova-hidzretska-1435-godina-u-podgorici\/","og_locale":"bs_BA","og_type":"article","og_title":"Obilje\u017eena Nova hid\u017eretska 1435. godina u Podgorici","og_description":"Crna Gora &#8211;\u00a0 \u2013 U punoj sali KIC-a \u201cBudo Tomovi\u0107\u201d u organizaciji Islamske zajednice Crne Gore obilje\u017een je deseti jubilarni do\u010dek Nove hid\u017eretske 1435. godine, \u0161to je ve\u0107 od tada postalo tradicionalno okupljanje vjernika, javlja dopisnik Anadolu Agency. Jubilarni do\u010dek Nove hid\u017eretske 1435. godine Jubilarni do\u010dek Nove hid\u017eretske 1435. godine Povodom jubilarne desetogodi\u0161njice proslave u [&hellip;]","og_url":"https:\/\/sandzakpress.net\/arhiva\/obiljezena-nova-hidzretska-1435-godina-u-podgorici\/","og_site_name":"Sand\u017eak PRESS","article_published_time":"2013-11-04T16:08:34+00:00","og_image":[{"width":300,"height":200,"url":"https:\/\/sandzakpress.net\/arhiva\/wp-content\/uploads\/2013\/11\/Hid\u017era-Nova-godina-KIC-300x200.jpg","type":"image\/jpeg"}],"author":"bosniak","twitter_card":"summary_large_image","twitter_misc":{"Written by":"bosniak","Est. reading time":"2 minute"},"schema":{"@context":"https:\/\/schema.org","@graph":[{"@type":"Article","@id":"https:\/\/sandzakpress.net\/arhiva\/obiljezena-nova-hidzretska-1435-godina-u-podgorici\/#article","isPartOf":{"@id":"https:\/\/sandzakpress.net\/arhiva\/obiljezena-nova-hidzretska-1435-godina-u-podgorici\/"},"author":{"name":"bosniak","@id":"https:\/\/sandzakpress.net\/arhiva\/#\/schema\/person\/c8baee722073534b583ea7bdb2e36c02"},"headline":"Obilje\u017eena Nova hid\u017eretska 1435. godina u Podgorici","datePublished":"2013-11-04T16:08:34+00:00","mainEntityOfPage":{"@id":"https:\/\/sandzakpress.net\/arhiva\/obiljezena-nova-hidzretska-1435-godina-u-podgorici\/"},"wordCount":313,"commentCount":0,"publisher":{"@id":"https:\/\/sandzakpress.net\/arhiva\/#\/schema\/person\/6e72b67d6e51910a1117b3b483ba20bd"},"image":{"@id":"https:\/\/sandzakpress.net\/arhiva\/obiljezena-nova-hidzretska-1435-godina-u-podgorici\/#primaryimage"},"thumbnailUrl":"https:\/\/sandzakpress.net\/arhiva\/wp-content\/uploads\/2013\/11\/Hid\u017era-Nova-godina-KIC-300x200.jpg","articleSection":["Crna Gora","Islamska zajednica"],"inLanguage":"bs-BA","potentialAction":[{"@type":"CommentAction","name":"Comment","target":["https:\/\/sandzakpress.net\/arhiva\/obiljezena-nova-hidzretska-1435-godina-u-podgorici\/#respond"]}]},{"@type":"WebPage","@id":"https:\/\/sandzakpress.net\/arhiva\/obiljezena-nova-hidzretska-1435-godina-u-podgorici\/","url":"https:\/\/sandzakpress.net\/arhiva\/obiljezena-nova-hidzretska-1435-godina-u-podgorici\/","name":"Obilje\u017eena Nova hid\u017eretska 1435. godina u Podgorici","isPartOf":{"@id":"https:\/\/sandzakpress.net\/arhiva\/#website"},"primaryImageOfPage":{"@id":"https:\/\/sandzakpress.net\/arhiva\/obiljezena-nova-hidzretska-1435-godina-u-podgorici\/#primaryimage"},"image":{"@id":"https:\/\/sandzakpress.net\/arhiva\/obiljezena-nova-hidzretska-1435-godina-u-podgorici\/#primaryimage"},"thumbnailUrl":"https:\/\/sandzakpress.net\/arhiva\/wp-content\/uploads\/2013\/11\/Hid\u017era-Nova-godina-KIC-300x200.jpg","datePublished":"2013-11-04T16:08:34+00:00","breadcrumb":{"@id":"https:\/\/sandzakpress.net\/arhiva\/obiljezena-nova-hidzretska-1435-godina-u-podgorici\/#breadcrumb"},"inLanguage":"bs-BA","potentialAction":[{"@type":"ReadAction","target":["https:\/\/sandzakpress.net\/arhiva\/obiljezena-nova-hidzretska-1435-godina-u-podgorici\/"]}]},{"@type":"ImageObject","inLanguage":"bs-BA","@id":"https:\/\/sandzakpress.net\/arhiva\/obiljezena-nova-hidzretska-1435-godina-u-podgorici\/#primaryimage","url":"https:\/\/sandzakpress.net\/arhiva\/wp-content\/uploads\/2013\/11\/Hid\u017era-Nova-godina-KIC-300x200.jpg","contentUrl":"https:\/\/sandzakpress.net\/arhiva\/wp-content\/uploads\/2013\/11\/Hid\u017era-Nova-godina-KIC-300x200.jpg","width":300,"height":200},{"@type":"BreadcrumbList","@id":"https:\/\/sandzakpress.net\/arhiva\/obiljezena-nova-hidzretska-1435-godina-u-podgorici\/#breadcrumb","itemListElement":[{"@type":"ListItem","position":1,"name":"Home","item":"https:\/\/sandzakpress.net\/arhiva\/"},{"@type":"ListItem","position":2,"name":"Obilje\u017eena Nova hid\u017eretska 1435. godina u Podgorici"}]},{"@type":"WebSite","@id":"https:\/\/sandzakpress.net\/arhiva\/#website","url":"https:\/\/sandzakpress.net\/arhiva\/","name":"Sand\u017eak PRESS","description":"Prve elektronske novine u Sand\u017eaku","publisher":{"@id":"https:\/\/sandzakpress.net\/arhiva\/#\/schema\/person\/6e72b67d6e51910a1117b3b483ba20bd"},"potentialAction":[{"@type":"SearchAction","target":{"@type":"EntryPoint","urlTemplate":"https:\/\/sandzakpress.net\/arhiva\/?s={search_term_string}"},"query-input":{"@type":"PropertyValueSpecification","valueRequired":true,"valueName":"search_term_string"}}],"inLanguage":"bs-BA"},{"@type":["Person","Organization"],"@id":"https:\/\/sandzakpress.net\/arhiva\/#\/schema\/person\/6e72b67d6e51910a1117b3b483ba20bd","name":"Kul","image":{"@type":"ImageObject","inLanguage":"bs-BA","@id":"https:\/\/sandzakpress.net\/arhiva\/#\/schema\/person\/image\/","url":"https:\/\/secure.gravatar.com\/avatar\/42263f39aa27ac04c43cab85c280eb2e?s=96&d=mm&r=pg","contentUrl":"https:\/\/secure.gravatar.com\/avatar\/42263f39aa27ac04c43cab85c280eb2e?s=96&d=mm&r=pg","caption":"Kul"},"logo":{"@id":"https:\/\/sandzakpress.net\/arhiva\/#\/schema\/person\/image\/"}},{"@type":"Person","@id":"https:\/\/sandzakpress.net\/arhiva\/#\/schema\/person\/c8baee722073534b583ea7bdb2e36c02","name":"bosniak","image":{"@type":"ImageObject","inLanguage":"bs-BA","@id":"https:\/\/sandzakpress.net\/arhiva\/#\/schema\/person\/image\/","url":"https:\/\/secure.gravatar.com\/avatar\/a04fd330bfe3a36a72a0ad4a6d89fca7?s=96&d=mm&r=pg","contentUrl":"https:\/\/secure.gravatar.com\/avatar\/a04fd330bfe3a36a72a0ad4a6d89fca7?s=96&d=mm&r=pg","caption":"bosniak"},"url":"https:\/\/sandzakpress.net\/arhiva\/author\/bosniak\/"}]}},"_links":{"self":[{"href":"https:\/\/sandzakpress.net\/arhiva\/wp-json\/wp\/v2\/posts\/93599"}],"collection":[{"href":"https:\/\/sandzakpress.net\/arhiva\/wp-json\/wp\/v2\/posts"}],"about":[{"href":"https:\/\/sandzakpress.net\/arhiva\/wp-json\/wp\/v2\/types\/post"}],"author":[{"embeddable":true,"href":"https:\/\/sandzakpress.net\/arhiva\/wp-json\/wp\/v2\/users\/83"}],"replies":[{"embeddable":true,"href":"https:\/\/sandzakpress.net\/arhiva\/wp-json\/wp\/v2\/comments?post=93599"}],"version-history":[{"count":0,"href":"https:\/\/sandzakpress.net\/arhiva\/wp-json\/wp\/v2\/posts\/93599\/revisions"}],"wp:featuredmedia":[{"embeddable":true,"href":"https:\/\/sandzakpress.net\/arhiva\/wp-json\/wp\/v2\/media\/93600"}],"wp:attachment":[{"href":"https:\/\/sandzakpress.net\/arhiva\/wp-json\/wp\/v2\/media?parent=93599"}],"wp:term":[{"taxonomy":"category","embeddable":true,"href":"https:\/\/sandzakpress.net\/arhiva\/wp-json\/wp\/v2\/categories?post=93599"},{"taxonomy":"post_tag","embeddable":true,"href":"https:\/\/sandzakpress.net\/arhiva\/wp-json\/wp\/v2\/tags?post=93599"}],"curies":[{"name":"wp","href":"https:\/\/api.w.org\/{rel}","templated":true}]}}