{"id":93532,"date":"2013-11-04T16:45:03","date_gmt":"2013-11-04T15:45:03","guid":{"rendered":"https:\/\/sandzakpress.net\/arhiva\/?p=93532"},"modified":"2013-11-04T16:45:03","modified_gmt":"2013-11-04T15:45:03","slug":"gradanska-inicijativa-bosnjaka-najvise-glasova-u-istoku","status":"publish","type":"post","link":"https:\/\/sandzakpress.net\/arhiva\/gradanska-inicijativa-bosnjaka-najvise-glasova-u-istoku\/","title":{"rendered":"Gra\u0111anska inicijativa Bo\u0161njaka najvi\u0161e glasova u Istoku"},"content":{"rendered":"<h3><img loading=\"lazy\" decoding=\"async\" class=\"alignleft size-full wp-image-93533\" alt=\"izbori-33\" src=\"https:\/\/sandzakpress.net\/arhiva\/wp-content\/uploads\/2013\/11\/izbori-33.jpg\" width=\"280\" height=\"210\" \/>Kosovo &#8211; Prema podacima CIK-a za op\u0161tine Pe\u0107 i Istok, od bo\u0161nja\u010dkih politi\u010dkih subjekata Koalicija Vakat je osvojila najvi\u0161e glasova u Pe\u0107i dok je Gra\u0111anska inicijativa Bo\u0161njaka ubjedljivo ispred ostalih u Istoku.<\/h3>\n<div>\n<div><\/div>\n<div>Na osnovu podataka sa 91 bira\u010dkog mjesta u op\u0161tini Pe\u0107 (72,80% od ukupnog broja) i 53 bira\u010dka mjesta u op\u0161tini Istok (91,38%) bo\u0161nja\u010dki politi\u010dki subjekti su osvojili slijede\u0107i broj glasova:<\/div>\n<div><\/div>\n<div><strong>PE\u0106<\/strong><br \/>\nSDA\/SDSG &#8211; 256; Koalicija Vakat &#8211; 273; BSDAK &#8211; 30; Sabahudin Cirkovi\u0107 &#8211; 223.<br \/>\n<em>Jo\u0161 uvijek nisu obra\u0111eni podaci iz Vitomirice.<\/em><\/div>\n<div><\/div>\n<div><strong>ISTOK<\/strong><br \/>\nSDA\/SDSG &#8211; 178; Koalicija Vakat &#8211; 41; Gra\u0111anska inicijativa Bo\u0161njaka Istok &#8211; 348; BSDAK &#8211; 25;<\/div>\n<div><\/div>\n<div>(Info-KS)<\/div>\n<\/div>\n","protected":false},"excerpt":{"rendered":"<p>Kosovo &#8211; Prema podacima CIK-a za op\u0161tine Pe\u0107 i Istok, od bo\u0161nja\u010dkih politi\u010dkih subjekata Koalicija Vakat je osvojila najvi\u0161e glasova u Pe\u0107i dok je Gra\u0111anska inicijativa Bo\u0161njaka ubjedljivo ispred ostalih u Istoku. Na osnovu podataka sa 91 bira\u010dkog mjesta u op\u0161tini Pe\u0107 (72,80% od ukupnog broja) i 53 bira\u010dka mjesta u op\u0161tini Istok (91,38%) bo\u0161nja\u010dki [&hellip;]<\/p>\n","protected":false},"author":83,"featured_media":93533,"comment_status":"open","ping_status":"open","sticky":false,"template":"","format":"standard","meta":{"footnotes":""},"categories":[1,2690],"tags":[],"class_list":{"0":"post-93532","1":"post","2":"type-post","3":"status-publish","4":"format-standard","5":"has-post-thumbnail","7":"category-politika","8":"category-kosovo-gradovi"},"yoast_head":"<!-- This site is optimized with the Yoast SEO Premium plugin v23.1 (Yoast SEO v24.9) - https:\/\/yoast.com\/wordpress\/plugins\/seo\/ -->\n<title>Gra\u0111anska inicijativa Bo\u0161njaka najvi\u0161e glasova u Istoku<\/title>\n<meta name=\"robots\" content=\"index, follow, max-snippet:-1, max-image-preview:large, max-video-preview:-1\" \/>\n<link rel=\"canonical\" href=\"https:\/\/sandzakpress.net\/arhiva\/gradanska-inicijativa-bosnjaka-najvise-glasova-u-istoku\/\" \/>\n<meta property=\"og:locale\" content=\"bs_BA\" \/>\n<meta property=\"og:type\" content=\"article\" \/>\n<meta property=\"og:title\" content=\"Gra\u0111anska inicijativa Bo\u0161njaka najvi\u0161e glasova u Istoku\" \/>\n<meta property=\"og:description\" content=\"Kosovo &#8211; Prema podacima CIK-a za op\u0161tine Pe\u0107 i Istok, od bo\u0161nja\u010dkih politi\u010dkih subjekata Koalicija Vakat je osvojila najvi\u0161e glasova u Pe\u0107i dok je Gra\u0111anska inicijativa Bo\u0161njaka ubjedljivo ispred ostalih u Istoku. Na osnovu podataka sa 91 bira\u010dkog mjesta u op\u0161tini Pe\u0107 (72,80% od ukupnog broja) i 53 bira\u010dka mjesta u op\u0161tini Istok (91,38%) bo\u0161nja\u010dki [&hellip;]\" \/>\n<meta property=\"og:url\" content=\"https:\/\/sandzakpress.net\/arhiva\/gradanska-inicijativa-bosnjaka-najvise-glasova-u-istoku\/\" \/>\n<meta property=\"og:site_name\" content=\"Sand\u017eak PRESS\" \/>\n<meta property=\"article:published_time\" content=\"2013-11-04T15:45:03+00:00\" \/>\n<meta property=\"og:image\" content=\"https:\/\/sandzakpress.net\/arhiva\/wp-content\/uploads\/2013\/11\/izbori-33.jpg\" \/>\n\t<meta property=\"og:image:width\" content=\"280\" \/>\n\t<meta property=\"og:image:height\" content=\"210\" \/>\n\t<meta property=\"og:image:type\" content=\"image\/jpeg\" \/>\n<meta name=\"author\" content=\"bosniak\" \/>\n<meta name=\"twitter:card\" content=\"summary_large_image\" \/>\n<meta name=\"twitter:label1\" content=\"Written by\" \/>\n\t<meta name=\"twitter:data1\" content=\"bosniak\" \/>\n\t<meta name=\"twitter:label2\" content=\"Est. reading time\" \/>\n\t<meta name=\"twitter:data2\" content=\"1 minuta\" \/>\n<script type=\"application\/ld+json\" class=\"yoast-schema-graph\">{\"@context\":\"https:\/\/schema.org\",\"@graph\":[{\"@type\":\"Article\",\"@id\":\"https:\/\/sandzakpress.net\/arhiva\/gradanska-inicijativa-bosnjaka-najvise-glasova-u-istoku\/#article\",\"isPartOf\":{\"@id\":\"https:\/\/sandzakpress.net\/arhiva\/gradanska-inicijativa-bosnjaka-najvise-glasova-u-istoku\/\"},\"author\":{\"name\":\"bosniak\",\"@id\":\"https:\/\/sandzakpress.net\/arhiva\/#\/schema\/person\/c8baee722073534b583ea7bdb2e36c02\"},\"headline\":\"Gra\u0111anska inicijativa Bo\u0161njaka najvi\u0161e glasova u Istoku\",\"datePublished\":\"2013-11-04T15:45:03+00:00\",\"mainEntityOfPage\":{\"@id\":\"https:\/\/sandzakpress.net\/arhiva\/gradanska-inicijativa-bosnjaka-najvise-glasova-u-istoku\/\"},\"wordCount\":121,\"commentCount\":0,\"publisher\":{\"@id\":\"https:\/\/sandzakpress.net\/arhiva\/#\/schema\/person\/6e72b67d6e51910a1117b3b483ba20bd\"},\"image\":{\"@id\":\"https:\/\/sandzakpress.net\/arhiva\/gradanska-inicijativa-bosnjaka-najvise-glasova-u-istoku\/#primaryimage\"},\"thumbnailUrl\":\"https:\/\/sandzakpress.net\/arhiva\/wp-content\/uploads\/2013\/11\/izbori-33.jpg\",\"articleSection\":[\"Politika\",\"Kosovo\"],\"inLanguage\":\"bs-BA\",\"potentialAction\":[{\"@type\":\"CommentAction\",\"name\":\"Comment\",\"target\":[\"https:\/\/sandzakpress.net\/arhiva\/gradanska-inicijativa-bosnjaka-najvise-glasova-u-istoku\/#respond\"]}]},{\"@type\":\"WebPage\",\"@id\":\"https:\/\/sandzakpress.net\/arhiva\/gradanska-inicijativa-bosnjaka-najvise-glasova-u-istoku\/\",\"url\":\"https:\/\/sandzakpress.net\/arhiva\/gradanska-inicijativa-bosnjaka-najvise-glasova-u-istoku\/\",\"name\":\"Gra\u0111anska inicijativa Bo\u0161njaka najvi\u0161e glasova u Istoku\",\"isPartOf\":{\"@id\":\"https:\/\/sandzakpress.net\/arhiva\/#website\"},\"primaryImageOfPage\":{\"@id\":\"https:\/\/sandzakpress.net\/arhiva\/gradanska-inicijativa-bosnjaka-najvise-glasova-u-istoku\/#primaryimage\"},\"image\":{\"@id\":\"https:\/\/sandzakpress.net\/arhiva\/gradanska-inicijativa-bosnjaka-najvise-glasova-u-istoku\/#primaryimage\"},\"thumbnailUrl\":\"https:\/\/sandzakpress.net\/arhiva\/wp-content\/uploads\/2013\/11\/izbori-33.jpg\",\"datePublished\":\"2013-11-04T15:45:03+00:00\",\"breadcrumb\":{\"@id\":\"https:\/\/sandzakpress.net\/arhiva\/gradanska-inicijativa-bosnjaka-najvise-glasova-u-istoku\/#breadcrumb\"},\"inLanguage\":\"bs-BA\",\"potentialAction\":[{\"@type\":\"ReadAction\",\"target\":[\"https:\/\/sandzakpress.net\/arhiva\/gradanska-inicijativa-bosnjaka-najvise-glasova-u-istoku\/\"]}]},{\"@type\":\"ImageObject\",\"inLanguage\":\"bs-BA\",\"@id\":\"https:\/\/sandzakpress.net\/arhiva\/gradanska-inicijativa-bosnjaka-najvise-glasova-u-istoku\/#primaryimage\",\"url\":\"https:\/\/sandzakpress.net\/arhiva\/wp-content\/uploads\/2013\/11\/izbori-33.jpg\",\"contentUrl\":\"https:\/\/sandzakpress.net\/arhiva\/wp-content\/uploads\/2013\/11\/izbori-33.jpg\",\"width\":280,\"height\":210},{\"@type\":\"BreadcrumbList\",\"@id\":\"https:\/\/sandzakpress.net\/arhiva\/gradanska-inicijativa-bosnjaka-najvise-glasova-u-istoku\/#breadcrumb\",\"itemListElement\":[{\"@type\":\"ListItem\",\"position\":1,\"name\":\"Home\",\"item\":\"https:\/\/sandzakpress.net\/arhiva\/\"},{\"@type\":\"ListItem\",\"position\":2,\"name\":\"Gra\u0111anska inicijativa Bo\u0161njaka najvi\u0161e glasova u Istoku\"}]},{\"@type\":\"WebSite\",\"@id\":\"https:\/\/sandzakpress.net\/arhiva\/#website\",\"url\":\"https:\/\/sandzakpress.net\/arhiva\/\",\"name\":\"Sand\u017eak PRESS\",\"description\":\"Prve elektronske novine u Sand\u017eaku\",\"publisher\":{\"@id\":\"https:\/\/sandzakpress.net\/arhiva\/#\/schema\/person\/6e72b67d6e51910a1117b3b483ba20bd\"},\"potentialAction\":[{\"@type\":\"SearchAction\",\"target\":{\"@type\":\"EntryPoint\",\"urlTemplate\":\"https:\/\/sandzakpress.net\/arhiva\/?s={search_term_string}\"},\"query-input\":{\"@type\":\"PropertyValueSpecification\",\"valueRequired\":true,\"valueName\":\"search_term_string\"}}],\"inLanguage\":\"bs-BA\"},{\"@type\":[\"Person\",\"Organization\"],\"@id\":\"https:\/\/sandzakpress.net\/arhiva\/#\/schema\/person\/6e72b67d6e51910a1117b3b483ba20bd\",\"name\":\"Kul\",\"image\":{\"@type\":\"ImageObject\",\"inLanguage\":\"bs-BA\",\"@id\":\"https:\/\/sandzakpress.net\/arhiva\/#\/schema\/person\/image\/\",\"url\":\"https:\/\/secure.gravatar.com\/avatar\/42263f39aa27ac04c43cab85c280eb2e?s=96&d=mm&r=pg\",\"contentUrl\":\"https:\/\/secure.gravatar.com\/avatar\/42263f39aa27ac04c43cab85c280eb2e?s=96&d=mm&r=pg\",\"caption\":\"Kul\"},\"logo\":{\"@id\":\"https:\/\/sandzakpress.net\/arhiva\/#\/schema\/person\/image\/\"}},{\"@type\":\"Person\",\"@id\":\"https:\/\/sandzakpress.net\/arhiva\/#\/schema\/person\/c8baee722073534b583ea7bdb2e36c02\",\"name\":\"bosniak\",\"image\":{\"@type\":\"ImageObject\",\"inLanguage\":\"bs-BA\",\"@id\":\"https:\/\/sandzakpress.net\/arhiva\/#\/schema\/person\/image\/\",\"url\":\"https:\/\/secure.gravatar.com\/avatar\/a04fd330bfe3a36a72a0ad4a6d89fca7?s=96&d=mm&r=pg\",\"contentUrl\":\"https:\/\/secure.gravatar.com\/avatar\/a04fd330bfe3a36a72a0ad4a6d89fca7?s=96&d=mm&r=pg\",\"caption\":\"bosniak\"},\"url\":\"https:\/\/sandzakpress.net\/arhiva\/author\/bosniak\/\"}]}<\/script>\n<!-- \/ Yoast SEO Premium plugin. -->","yoast_head_json":{"title":"Gra\u0111anska inicijativa Bo\u0161njaka najvi\u0161e glasova u Istoku","robots":{"index":"index","follow":"follow","max-snippet":"max-snippet:-1","max-image-preview":"max-image-preview:large","max-video-preview":"max-video-preview:-1"},"canonical":"https:\/\/sandzakpress.net\/arhiva\/gradanska-inicijativa-bosnjaka-najvise-glasova-u-istoku\/","og_locale":"bs_BA","og_type":"article","og_title":"Gra\u0111anska inicijativa Bo\u0161njaka najvi\u0161e glasova u Istoku","og_description":"Kosovo &#8211; Prema podacima CIK-a za op\u0161tine Pe\u0107 i Istok, od bo\u0161nja\u010dkih politi\u010dkih subjekata Koalicija Vakat je osvojila najvi\u0161e glasova u Pe\u0107i dok je Gra\u0111anska inicijativa Bo\u0161njaka ubjedljivo ispred ostalih u Istoku. Na osnovu podataka sa 91 bira\u010dkog mjesta u op\u0161tini Pe\u0107 (72,80% od ukupnog broja) i 53 bira\u010dka mjesta u op\u0161tini Istok (91,38%) bo\u0161nja\u010dki [&hellip;]","og_url":"https:\/\/sandzakpress.net\/arhiva\/gradanska-inicijativa-bosnjaka-najvise-glasova-u-istoku\/","og_site_name":"Sand\u017eak PRESS","article_published_time":"2013-11-04T15:45:03+00:00","og_image":[{"width":280,"height":210,"url":"https:\/\/sandzakpress.net\/arhiva\/wp-content\/uploads\/2013\/11\/izbori-33.jpg","type":"image\/jpeg"}],"author":"bosniak","twitter_card":"summary_large_image","twitter_misc":{"Written by":"bosniak","Est. reading time":"1 minuta"},"schema":{"@context":"https:\/\/schema.org","@graph":[{"@type":"Article","@id":"https:\/\/sandzakpress.net\/arhiva\/gradanska-inicijativa-bosnjaka-najvise-glasova-u-istoku\/#article","isPartOf":{"@id":"https:\/\/sandzakpress.net\/arhiva\/gradanska-inicijativa-bosnjaka-najvise-glasova-u-istoku\/"},"author":{"name":"bosniak","@id":"https:\/\/sandzakpress.net\/arhiva\/#\/schema\/person\/c8baee722073534b583ea7bdb2e36c02"},"headline":"Gra\u0111anska inicijativa Bo\u0161njaka najvi\u0161e glasova u Istoku","datePublished":"2013-11-04T15:45:03+00:00","mainEntityOfPage":{"@id":"https:\/\/sandzakpress.net\/arhiva\/gradanska-inicijativa-bosnjaka-najvise-glasova-u-istoku\/"},"wordCount":121,"commentCount":0,"publisher":{"@id":"https:\/\/sandzakpress.net\/arhiva\/#\/schema\/person\/6e72b67d6e51910a1117b3b483ba20bd"},"image":{"@id":"https:\/\/sandzakpress.net\/arhiva\/gradanska-inicijativa-bosnjaka-najvise-glasova-u-istoku\/#primaryimage"},"thumbnailUrl":"https:\/\/sandzakpress.net\/arhiva\/wp-content\/uploads\/2013\/11\/izbori-33.jpg","articleSection":["Politika","Kosovo"],"inLanguage":"bs-BA","potentialAction":[{"@type":"CommentAction","name":"Comment","target":["https:\/\/sandzakpress.net\/arhiva\/gradanska-inicijativa-bosnjaka-najvise-glasova-u-istoku\/#respond"]}]},{"@type":"WebPage","@id":"https:\/\/sandzakpress.net\/arhiva\/gradanska-inicijativa-bosnjaka-najvise-glasova-u-istoku\/","url":"https:\/\/sandzakpress.net\/arhiva\/gradanska-inicijativa-bosnjaka-najvise-glasova-u-istoku\/","name":"Gra\u0111anska inicijativa Bo\u0161njaka najvi\u0161e glasova u Istoku","isPartOf":{"@id":"https:\/\/sandzakpress.net\/arhiva\/#website"},"primaryImageOfPage":{"@id":"https:\/\/sandzakpress.net\/arhiva\/gradanska-inicijativa-bosnjaka-najvise-glasova-u-istoku\/#primaryimage"},"image":{"@id":"https:\/\/sandzakpress.net\/arhiva\/gradanska-inicijativa-bosnjaka-najvise-glasova-u-istoku\/#primaryimage"},"thumbnailUrl":"https:\/\/sandzakpress.net\/arhiva\/wp-content\/uploads\/2013\/11\/izbori-33.jpg","datePublished":"2013-11-04T15:45:03+00:00","breadcrumb":{"@id":"https:\/\/sandzakpress.net\/arhiva\/gradanska-inicijativa-bosnjaka-najvise-glasova-u-istoku\/#breadcrumb"},"inLanguage":"bs-BA","potentialAction":[{"@type":"ReadAction","target":["https:\/\/sandzakpress.net\/arhiva\/gradanska-inicijativa-bosnjaka-najvise-glasova-u-istoku\/"]}]},{"@type":"ImageObject","inLanguage":"bs-BA","@id":"https:\/\/sandzakpress.net\/arhiva\/gradanska-inicijativa-bosnjaka-najvise-glasova-u-istoku\/#primaryimage","url":"https:\/\/sandzakpress.net\/arhiva\/wp-content\/uploads\/2013\/11\/izbori-33.jpg","contentUrl":"https:\/\/sandzakpress.net\/arhiva\/wp-content\/uploads\/2013\/11\/izbori-33.jpg","width":280,"height":210},{"@type":"BreadcrumbList","@id":"https:\/\/sandzakpress.net\/arhiva\/gradanska-inicijativa-bosnjaka-najvise-glasova-u-istoku\/#breadcrumb","itemListElement":[{"@type":"ListItem","position":1,"name":"Home","item":"https:\/\/sandzakpress.net\/arhiva\/"},{"@type":"ListItem","position":2,"name":"Gra\u0111anska inicijativa Bo\u0161njaka najvi\u0161e glasova u Istoku"}]},{"@type":"WebSite","@id":"https:\/\/sandzakpress.net\/arhiva\/#website","url":"https:\/\/sandzakpress.net\/arhiva\/","name":"Sand\u017eak PRESS","description":"Prve elektronske novine u Sand\u017eaku","publisher":{"@id":"https:\/\/sandzakpress.net\/arhiva\/#\/schema\/person\/6e72b67d6e51910a1117b3b483ba20bd"},"potentialAction":[{"@type":"SearchAction","target":{"@type":"EntryPoint","urlTemplate":"https:\/\/sandzakpress.net\/arhiva\/?s={search_term_string}"},"query-input":{"@type":"PropertyValueSpecification","valueRequired":true,"valueName":"search_term_string"}}],"inLanguage":"bs-BA"},{"@type":["Person","Organization"],"@id":"https:\/\/sandzakpress.net\/arhiva\/#\/schema\/person\/6e72b67d6e51910a1117b3b483ba20bd","name":"Kul","image":{"@type":"ImageObject","inLanguage":"bs-BA","@id":"https:\/\/sandzakpress.net\/arhiva\/#\/schema\/person\/image\/","url":"https:\/\/secure.gravatar.com\/avatar\/42263f39aa27ac04c43cab85c280eb2e?s=96&d=mm&r=pg","contentUrl":"https:\/\/secure.gravatar.com\/avatar\/42263f39aa27ac04c43cab85c280eb2e?s=96&d=mm&r=pg","caption":"Kul"},"logo":{"@id":"https:\/\/sandzakpress.net\/arhiva\/#\/schema\/person\/image\/"}},{"@type":"Person","@id":"https:\/\/sandzakpress.net\/arhiva\/#\/schema\/person\/c8baee722073534b583ea7bdb2e36c02","name":"bosniak","image":{"@type":"ImageObject","inLanguage":"bs-BA","@id":"https:\/\/sandzakpress.net\/arhiva\/#\/schema\/person\/image\/","url":"https:\/\/secure.gravatar.com\/avatar\/a04fd330bfe3a36a72a0ad4a6d89fca7?s=96&d=mm&r=pg","contentUrl":"https:\/\/secure.gravatar.com\/avatar\/a04fd330bfe3a36a72a0ad4a6d89fca7?s=96&d=mm&r=pg","caption":"bosniak"},"url":"https:\/\/sandzakpress.net\/arhiva\/author\/bosniak\/"}]}},"_links":{"self":[{"href":"https:\/\/sandzakpress.net\/arhiva\/wp-json\/wp\/v2\/posts\/93532"}],"collection":[{"href":"https:\/\/sandzakpress.net\/arhiva\/wp-json\/wp\/v2\/posts"}],"about":[{"href":"https:\/\/sandzakpress.net\/arhiva\/wp-json\/wp\/v2\/types\/post"}],"author":[{"embeddable":true,"href":"https:\/\/sandzakpress.net\/arhiva\/wp-json\/wp\/v2\/users\/83"}],"replies":[{"embeddable":true,"href":"https:\/\/sandzakpress.net\/arhiva\/wp-json\/wp\/v2\/comments?post=93532"}],"version-history":[{"count":0,"href":"https:\/\/sandzakpress.net\/arhiva\/wp-json\/wp\/v2\/posts\/93532\/revisions"}],"wp:featuredmedia":[{"embeddable":true,"href":"https:\/\/sandzakpress.net\/arhiva\/wp-json\/wp\/v2\/media\/93533"}],"wp:attachment":[{"href":"https:\/\/sandzakpress.net\/arhiva\/wp-json\/wp\/v2\/media?parent=93532"}],"wp:term":[{"taxonomy":"category","embeddable":true,"href":"https:\/\/sandzakpress.net\/arhiva\/wp-json\/wp\/v2\/categories?post=93532"},{"taxonomy":"post_tag","embeddable":true,"href":"https:\/\/sandzakpress.net\/arhiva\/wp-json\/wp\/v2\/tags?post=93532"}],"curies":[{"name":"wp","href":"https:\/\/api.w.org\/{rel}","templated":true}]}}