{"id":93513,"date":"2013-11-05T13:38:46","date_gmt":"2013-11-05T12:38:46","guid":{"rendered":"https:\/\/sandzakpress.net\/arhiva\/?p=93513"},"modified":"2013-11-05T15:37:02","modified_gmt":"2013-11-05T14:37:02","slug":"ko-je-covjek-koji-je-u-beogradu-podijelio-2013-primjeraka-kurana","status":"publish","type":"post","link":"https:\/\/sandzakpress.net\/arhiva\/ko-je-covjek-koji-je-u-beogradu-podijelio-2013-primjeraka-kurana\/","title":{"rendered":"Ko je \u010dovjek koji je u Beogradu podijelio 2013 primjeraka Kur'ana"},"content":{"rendered":"<p><strong><img loading=\"lazy\" decoding=\"async\" class=\"alignleft size-medium wp-image-93514\" alt=\"fc6f83ff4e8f2d913bf10ed7c1ad6926_XL\" src=\"https:\/\/sandzakpress.net\/arhiva\/wp-content\/uploads\/2013\/11\/fc6f83ff4e8f2d913bf10ed7c1ad6926_XL-300x210.jpg\" width=\"300\" height=\"210\" \/>Novi Pazar, Ro\u017eaje, Njema\u010dka &#8211; Na ovogodi\u0161njem Sajmu knjiga u Beogradu desila se neobi\u010dna novina. Naime had\u017eija Ahmet Ahmatovi\u0107, potpredsjednik Zajednice sand\u017ea\u010dke dijaspore i veliki vakif Islamske zajednice, odlu\u010dio je da na Sajmu podijeli preko dvije hiljade primjeraka Kur'ana, ta\u010dnije 2013. Kako smo saznali had\u017eija Ahmatovi\u0107 je ranije naru\u010dio \u0161tampanje desetak hiljada primjeraka Kur'ana na bosanskom i njema\u010dkom jeziku.<\/strong><\/p>\n<p>Naime, ovaj sand\u017ea\u010dki biznismen, koji dugo vremena \u017eivi i radi u Njema\u010dkoj odlu\u010dio se, posebice nakon zlokobnog 11. septmebra i sve izra\u017eenijeg straha od islama i muslimana, na izravno misionarstvo, tj. da daruje \u0161to ve\u0107i broj primjeraka Kur'ana na njema\u010dkom jeziku svojim sugra\u0111anima Njemcima. Njegova svjedo\u010denja o ljubaznim izrazima zahvalnosti i pozitivnim odgovorima koje dobija od obi\u010dnih ljudi, intelektualaca, advokata i biznismena zaista impresioniraju, posebice imaju\u0107i u vidu da had\u017eija Ahmatovi\u0107 koristi najsofisticiraniju civilizacijsku metodu pozivanja u vjeru: lijepom rije\u010dju i savjetom, te omogu\u0107avanjem svojim sugovornicima da se na izravan na\u010din upoznaju sa islamom i muslimanima.<\/p>\n<p>S druge strane, ovaj je dobrotvor znatan dio svoje imovine odlu\u010dio ulo\u017eiti i u \u0161tampanje prijevoda Kur'ana na bosanski jezik kako bi on bio dostupniji ne samo za muslimane ovih prostora ve\u0107 i za one koji to nisu, a koji se interesiraju za ono \u0161to pi\u0161e u Kur'anu. Ove godine je odlu\u010dio da na Beogradskom sajmu knjige, budu\u0107i da je 2013. godina podijeli isti toliki broj primjeraka Kur'ana. I doista na \u0161tandu izdava\u010dke ku\u0107e &#8220;El-Kelimeh&#8221; iz Novog Pazara posjetioci ovogodi\u0161njeg Beogradskog sajma knjige imali su priliku dobiti besplatan primjerak Kur'ana na bosanskom jeziku, dar vakifa had\u017ei Ahmeta Ahmatovi\u0107a. Podjela je obavljena u organizaciji Me\u0161ihat\u0430 Islamske zajednice u Srbiji. Ahmatovi\u0107 isti\u010de da je do sada ovu akciju uglavnom radio sam, a od nedavno su ga podr\u017eali i jo\u0161 neki ljudi. Dodaje da je ovo tek po\u010detak i da \u0107e u ovu akciju uklju\u010diti ve\u0107i broj ljudi i donatora.<\/p>\n<p>Ovakve \u010destite geste zaslu\u017euju iskrene \u010destitke i podr\u0161ku, a had\u017eiji Ahmatovi\u0107u upu\u0107ujemo dovu Svevi\u0161njem da mu ovo dobro dijelo primi i obilato ga nagradi!<\/p>\n<p>(Akos)<\/p>\n","protected":false},"excerpt":{"rendered":"<p>Novi Pazar, Ro\u017eaje, Njema\u010dka &#8211; Na ovogodi\u0161njem Sajmu knjiga u Beogradu desila se neobi\u010dna novina. Naime had\u017eija Ahmet Ahmatovi\u0107, potpredsjednik Zajednice sand\u017ea\u010dke dijaspore i veliki vakif Islamske zajednice, odlu\u010dio je da na Sajmu podijeli preko dvije hiljade primjeraka Kur'ana, ta\u010dnije 2013. Kako smo saznali had\u017eija Ahmatovi\u0107 je ranije naru\u010dio \u0161tampanje desetak hiljada primjeraka Kur'ana na [&hellip;]<\/p>\n","protected":false},"author":83,"featured_media":93515,"comment_status":"open","ping_status":"open","sticky":false,"template":"","format":"standard","meta":{"footnotes":""},"categories":[72,398,9538,8957],"tags":[],"class_list":{"0":"post-93513","1":"post","2":"type-post","3":"status-publish","4":"format-standard","5":"has-post-thumbnail","7":"category-novi-pazar","8":"category-rozaje","9":"category-njemacka-dijaspora-gradovi-vase-vijesti","10":"category-vijesti-dana"},"yoast_head":"<!-- This site is optimized with the Yoast SEO Premium plugin v23.1 (Yoast SEO v24.9) - https:\/\/yoast.com\/wordpress\/plugins\/seo\/ -->\n<title>Ko je \u010dovjek koji je u Beogradu podijelio 2013 primjeraka Kur&#039;ana<\/title>\n<meta name=\"robots\" content=\"index, follow, max-snippet:-1, max-image-preview:large, max-video-preview:-1\" \/>\n<link rel=\"canonical\" href=\"https:\/\/sandzakpress.net\/arhiva\/ko-je-covjek-koji-je-u-beogradu-podijelio-2013-primjeraka-kurana\/\" \/>\n<meta property=\"og:locale\" content=\"bs_BA\" \/>\n<meta property=\"og:type\" content=\"article\" \/>\n<meta property=\"og:title\" content=\"Ko je \u010dovjek koji je u Beogradu podijelio 2013 primjeraka Kur&#039;ana\" \/>\n<meta property=\"og:description\" content=\"Novi Pazar, Ro\u017eaje, Njema\u010dka &#8211; Na ovogodi\u0161njem Sajmu knjiga u Beogradu desila se neobi\u010dna novina. Naime had\u017eija Ahmet Ahmatovi\u0107, potpredsjednik Zajednice sand\u017ea\u010dke dijaspore i veliki vakif Islamske zajednice, odlu\u010dio je da na Sajmu podijeli preko dvije hiljade primjeraka Kur&#039;ana, ta\u010dnije 2013. Kako smo saznali had\u017eija Ahmatovi\u0107 je ranije naru\u010dio \u0161tampanje desetak hiljada primjeraka Kur&#039;ana na [&hellip;]\" \/>\n<meta property=\"og:url\" content=\"https:\/\/sandzakpress.net\/arhiva\/ko-je-covjek-koji-je-u-beogradu-podijelio-2013-primjeraka-kurana\/\" \/>\n<meta property=\"og:site_name\" content=\"Sand\u017eak PRESS\" \/>\n<meta property=\"article:published_time\" content=\"2013-11-05T12:38:46+00:00\" \/>\n<meta property=\"article:modified_time\" content=\"2013-11-05T14:37:02+00:00\" \/>\n<meta property=\"og:image\" content=\"https:\/\/sandzakpress.net\/arhiva\/wp-content\/uploads\/2013\/11\/fc6f83ff4e8f2d913bf10ed7c1ad6926_XL-300x2101.jpg\" \/>\n\t<meta property=\"og:image:width\" content=\"300\" \/>\n\t<meta property=\"og:image:height\" content=\"210\" \/>\n\t<meta property=\"og:image:type\" content=\"image\/jpeg\" \/>\n<meta name=\"author\" content=\"bosniak\" \/>\n<meta name=\"twitter:card\" content=\"summary_large_image\" \/>\n<meta name=\"twitter:label1\" content=\"Written by\" \/>\n\t<meta name=\"twitter:data1\" content=\"bosniak\" \/>\n\t<meta name=\"twitter:label2\" content=\"Est. reading time\" \/>\n\t<meta name=\"twitter:data2\" content=\"2 minute\" \/>\n<script type=\"application\/ld+json\" class=\"yoast-schema-graph\">{\"@context\":\"https:\/\/schema.org\",\"@graph\":[{\"@type\":\"Article\",\"@id\":\"https:\/\/sandzakpress.net\/arhiva\/ko-je-covjek-koji-je-u-beogradu-podijelio-2013-primjeraka-kurana\/#article\",\"isPartOf\":{\"@id\":\"https:\/\/sandzakpress.net\/arhiva\/ko-je-covjek-koji-je-u-beogradu-podijelio-2013-primjeraka-kurana\/\"},\"author\":{\"name\":\"bosniak\",\"@id\":\"https:\/\/sandzakpress.net\/arhiva\/#\/schema\/person\/c8baee722073534b583ea7bdb2e36c02\"},\"headline\":\"Ko je \u010dovjek koji je u Beogradu podijelio 2013 primjeraka Kur'ana\",\"datePublished\":\"2013-11-05T12:38:46+00:00\",\"dateModified\":\"2013-11-05T14:37:02+00:00\",\"mainEntityOfPage\":{\"@id\":\"https:\/\/sandzakpress.net\/arhiva\/ko-je-covjek-koji-je-u-beogradu-podijelio-2013-primjeraka-kurana\/\"},\"wordCount\":396,\"commentCount\":5,\"publisher\":{\"@id\":\"https:\/\/sandzakpress.net\/arhiva\/#\/schema\/person\/6e72b67d6e51910a1117b3b483ba20bd\"},\"image\":{\"@id\":\"https:\/\/sandzakpress.net\/arhiva\/ko-je-covjek-koji-je-u-beogradu-podijelio-2013-primjeraka-kurana\/#primaryimage\"},\"thumbnailUrl\":\"https:\/\/sandzakpress.net\/arhiva\/wp-content\/uploads\/2013\/11\/fc6f83ff4e8f2d913bf10ed7c1ad6926_XL-300x2101.jpg\",\"articleSection\":[\"Novi Pazar\",\"Ro\u017eaje\",\"Njema\u010dka\",\"VIJESTI DANA\"],\"inLanguage\":\"bs-BA\",\"potentialAction\":[{\"@type\":\"CommentAction\",\"name\":\"Comment\",\"target\":[\"https:\/\/sandzakpress.net\/arhiva\/ko-je-covjek-koji-je-u-beogradu-podijelio-2013-primjeraka-kurana\/#respond\"]}]},{\"@type\":\"WebPage\",\"@id\":\"https:\/\/sandzakpress.net\/arhiva\/ko-je-covjek-koji-je-u-beogradu-podijelio-2013-primjeraka-kurana\/\",\"url\":\"https:\/\/sandzakpress.net\/arhiva\/ko-je-covjek-koji-je-u-beogradu-podijelio-2013-primjeraka-kurana\/\",\"name\":\"Ko je \u010dovjek koji je u Beogradu podijelio 2013 primjeraka Kur'ana\",\"isPartOf\":{\"@id\":\"https:\/\/sandzakpress.net\/arhiva\/#website\"},\"primaryImageOfPage\":{\"@id\":\"https:\/\/sandzakpress.net\/arhiva\/ko-je-covjek-koji-je-u-beogradu-podijelio-2013-primjeraka-kurana\/#primaryimage\"},\"image\":{\"@id\":\"https:\/\/sandzakpress.net\/arhiva\/ko-je-covjek-koji-je-u-beogradu-podijelio-2013-primjeraka-kurana\/#primaryimage\"},\"thumbnailUrl\":\"https:\/\/sandzakpress.net\/arhiva\/wp-content\/uploads\/2013\/11\/fc6f83ff4e8f2d913bf10ed7c1ad6926_XL-300x2101.jpg\",\"datePublished\":\"2013-11-05T12:38:46+00:00\",\"dateModified\":\"2013-11-05T14:37:02+00:00\",\"breadcrumb\":{\"@id\":\"https:\/\/sandzakpress.net\/arhiva\/ko-je-covjek-koji-je-u-beogradu-podijelio-2013-primjeraka-kurana\/#breadcrumb\"},\"inLanguage\":\"bs-BA\",\"potentialAction\":[{\"@type\":\"ReadAction\",\"target\":[\"https:\/\/sandzakpress.net\/arhiva\/ko-je-covjek-koji-je-u-beogradu-podijelio-2013-primjeraka-kurana\/\"]}]},{\"@type\":\"ImageObject\",\"inLanguage\":\"bs-BA\",\"@id\":\"https:\/\/sandzakpress.net\/arhiva\/ko-je-covjek-koji-je-u-beogradu-podijelio-2013-primjeraka-kurana\/#primaryimage\",\"url\":\"https:\/\/sandzakpress.net\/arhiva\/wp-content\/uploads\/2013\/11\/fc6f83ff4e8f2d913bf10ed7c1ad6926_XL-300x2101.jpg\",\"contentUrl\":\"https:\/\/sandzakpress.net\/arhiva\/wp-content\/uploads\/2013\/11\/fc6f83ff4e8f2d913bf10ed7c1ad6926_XL-300x2101.jpg\",\"width\":300,\"height\":210},{\"@type\":\"BreadcrumbList\",\"@id\":\"https:\/\/sandzakpress.net\/arhiva\/ko-je-covjek-koji-je-u-beogradu-podijelio-2013-primjeraka-kurana\/#breadcrumb\",\"itemListElement\":[{\"@type\":\"ListItem\",\"position\":1,\"name\":\"Home\",\"item\":\"https:\/\/sandzakpress.net\/arhiva\/\"},{\"@type\":\"ListItem\",\"position\":2,\"name\":\"Ko je \u010dovjek koji je u Beogradu podijelio 2013 primjeraka Kur'ana\"}]},{\"@type\":\"WebSite\",\"@id\":\"https:\/\/sandzakpress.net\/arhiva\/#website\",\"url\":\"https:\/\/sandzakpress.net\/arhiva\/\",\"name\":\"Sand\u017eak PRESS\",\"description\":\"Prve elektronske novine u Sand\u017eaku\",\"publisher\":{\"@id\":\"https:\/\/sandzakpress.net\/arhiva\/#\/schema\/person\/6e72b67d6e51910a1117b3b483ba20bd\"},\"potentialAction\":[{\"@type\":\"SearchAction\",\"target\":{\"@type\":\"EntryPoint\",\"urlTemplate\":\"https:\/\/sandzakpress.net\/arhiva\/?s={search_term_string}\"},\"query-input\":{\"@type\":\"PropertyValueSpecification\",\"valueRequired\":true,\"valueName\":\"search_term_string\"}}],\"inLanguage\":\"bs-BA\"},{\"@type\":[\"Person\",\"Organization\"],\"@id\":\"https:\/\/sandzakpress.net\/arhiva\/#\/schema\/person\/6e72b67d6e51910a1117b3b483ba20bd\",\"name\":\"Kul\",\"image\":{\"@type\":\"ImageObject\",\"inLanguage\":\"bs-BA\",\"@id\":\"https:\/\/sandzakpress.net\/arhiva\/#\/schema\/person\/image\/\",\"url\":\"https:\/\/secure.gravatar.com\/avatar\/42263f39aa27ac04c43cab85c280eb2e?s=96&d=mm&r=pg\",\"contentUrl\":\"https:\/\/secure.gravatar.com\/avatar\/42263f39aa27ac04c43cab85c280eb2e?s=96&d=mm&r=pg\",\"caption\":\"Kul\"},\"logo\":{\"@id\":\"https:\/\/sandzakpress.net\/arhiva\/#\/schema\/person\/image\/\"}},{\"@type\":\"Person\",\"@id\":\"https:\/\/sandzakpress.net\/arhiva\/#\/schema\/person\/c8baee722073534b583ea7bdb2e36c02\",\"name\":\"bosniak\",\"image\":{\"@type\":\"ImageObject\",\"inLanguage\":\"bs-BA\",\"@id\":\"https:\/\/sandzakpress.net\/arhiva\/#\/schema\/person\/image\/\",\"url\":\"https:\/\/secure.gravatar.com\/avatar\/a04fd330bfe3a36a72a0ad4a6d89fca7?s=96&d=mm&r=pg\",\"contentUrl\":\"https:\/\/secure.gravatar.com\/avatar\/a04fd330bfe3a36a72a0ad4a6d89fca7?s=96&d=mm&r=pg\",\"caption\":\"bosniak\"},\"url\":\"https:\/\/sandzakpress.net\/arhiva\/author\/bosniak\/\"}]}<\/script>\n<!-- \/ Yoast SEO Premium plugin. -->","yoast_head_json":{"title":"Ko je \u010dovjek koji je u Beogradu podijelio 2013 primjeraka Kur'ana","robots":{"index":"index","follow":"follow","max-snippet":"max-snippet:-1","max-image-preview":"max-image-preview:large","max-video-preview":"max-video-preview:-1"},"canonical":"https:\/\/sandzakpress.net\/arhiva\/ko-je-covjek-koji-je-u-beogradu-podijelio-2013-primjeraka-kurana\/","og_locale":"bs_BA","og_type":"article","og_title":"Ko je \u010dovjek koji je u Beogradu podijelio 2013 primjeraka Kur'ana","og_description":"Novi Pazar, Ro\u017eaje, Njema\u010dka &#8211; Na ovogodi\u0161njem Sajmu knjiga u Beogradu desila se neobi\u010dna novina. Naime had\u017eija Ahmet Ahmatovi\u0107, potpredsjednik Zajednice sand\u017ea\u010dke dijaspore i veliki vakif Islamske zajednice, odlu\u010dio je da na Sajmu podijeli preko dvije hiljade primjeraka Kur'ana, ta\u010dnije 2013. Kako smo saznali had\u017eija Ahmatovi\u0107 je ranije naru\u010dio \u0161tampanje desetak hiljada primjeraka Kur'ana na [&hellip;]","og_url":"https:\/\/sandzakpress.net\/arhiva\/ko-je-covjek-koji-je-u-beogradu-podijelio-2013-primjeraka-kurana\/","og_site_name":"Sand\u017eak PRESS","article_published_time":"2013-11-05T12:38:46+00:00","article_modified_time":"2013-11-05T14:37:02+00:00","og_image":[{"width":300,"height":210,"url":"https:\/\/sandzakpress.net\/arhiva\/wp-content\/uploads\/2013\/11\/fc6f83ff4e8f2d913bf10ed7c1ad6926_XL-300x2101.jpg","type":"image\/jpeg"}],"author":"bosniak","twitter_card":"summary_large_image","twitter_misc":{"Written by":"bosniak","Est. reading time":"2 minute"},"schema":{"@context":"https:\/\/schema.org","@graph":[{"@type":"Article","@id":"https:\/\/sandzakpress.net\/arhiva\/ko-je-covjek-koji-je-u-beogradu-podijelio-2013-primjeraka-kurana\/#article","isPartOf":{"@id":"https:\/\/sandzakpress.net\/arhiva\/ko-je-covjek-koji-je-u-beogradu-podijelio-2013-primjeraka-kurana\/"},"author":{"name":"bosniak","@id":"https:\/\/sandzakpress.net\/arhiva\/#\/schema\/person\/c8baee722073534b583ea7bdb2e36c02"},"headline":"Ko je \u010dovjek koji je u Beogradu podijelio 2013 primjeraka Kur'ana","datePublished":"2013-11-05T12:38:46+00:00","dateModified":"2013-11-05T14:37:02+00:00","mainEntityOfPage":{"@id":"https:\/\/sandzakpress.net\/arhiva\/ko-je-covjek-koji-je-u-beogradu-podijelio-2013-primjeraka-kurana\/"},"wordCount":396,"commentCount":5,"publisher":{"@id":"https:\/\/sandzakpress.net\/arhiva\/#\/schema\/person\/6e72b67d6e51910a1117b3b483ba20bd"},"image":{"@id":"https:\/\/sandzakpress.net\/arhiva\/ko-je-covjek-koji-je-u-beogradu-podijelio-2013-primjeraka-kurana\/#primaryimage"},"thumbnailUrl":"https:\/\/sandzakpress.net\/arhiva\/wp-content\/uploads\/2013\/11\/fc6f83ff4e8f2d913bf10ed7c1ad6926_XL-300x2101.jpg","articleSection":["Novi Pazar","Ro\u017eaje","Njema\u010dka","VIJESTI DANA"],"inLanguage":"bs-BA","potentialAction":[{"@type":"CommentAction","name":"Comment","target":["https:\/\/sandzakpress.net\/arhiva\/ko-je-covjek-koji-je-u-beogradu-podijelio-2013-primjeraka-kurana\/#respond"]}]},{"@type":"WebPage","@id":"https:\/\/sandzakpress.net\/arhiva\/ko-je-covjek-koji-je-u-beogradu-podijelio-2013-primjeraka-kurana\/","url":"https:\/\/sandzakpress.net\/arhiva\/ko-je-covjek-koji-je-u-beogradu-podijelio-2013-primjeraka-kurana\/","name":"Ko je \u010dovjek koji je u Beogradu podijelio 2013 primjeraka Kur'ana","isPartOf":{"@id":"https:\/\/sandzakpress.net\/arhiva\/#website"},"primaryImageOfPage":{"@id":"https:\/\/sandzakpress.net\/arhiva\/ko-je-covjek-koji-je-u-beogradu-podijelio-2013-primjeraka-kurana\/#primaryimage"},"image":{"@id":"https:\/\/sandzakpress.net\/arhiva\/ko-je-covjek-koji-je-u-beogradu-podijelio-2013-primjeraka-kurana\/#primaryimage"},"thumbnailUrl":"https:\/\/sandzakpress.net\/arhiva\/wp-content\/uploads\/2013\/11\/fc6f83ff4e8f2d913bf10ed7c1ad6926_XL-300x2101.jpg","datePublished":"2013-11-05T12:38:46+00:00","dateModified":"2013-11-05T14:37:02+00:00","breadcrumb":{"@id":"https:\/\/sandzakpress.net\/arhiva\/ko-je-covjek-koji-je-u-beogradu-podijelio-2013-primjeraka-kurana\/#breadcrumb"},"inLanguage":"bs-BA","potentialAction":[{"@type":"ReadAction","target":["https:\/\/sandzakpress.net\/arhiva\/ko-je-covjek-koji-je-u-beogradu-podijelio-2013-primjeraka-kurana\/"]}]},{"@type":"ImageObject","inLanguage":"bs-BA","@id":"https:\/\/sandzakpress.net\/arhiva\/ko-je-covjek-koji-je-u-beogradu-podijelio-2013-primjeraka-kurana\/#primaryimage","url":"https:\/\/sandzakpress.net\/arhiva\/wp-content\/uploads\/2013\/11\/fc6f83ff4e8f2d913bf10ed7c1ad6926_XL-300x2101.jpg","contentUrl":"https:\/\/sandzakpress.net\/arhiva\/wp-content\/uploads\/2013\/11\/fc6f83ff4e8f2d913bf10ed7c1ad6926_XL-300x2101.jpg","width":300,"height":210},{"@type":"BreadcrumbList","@id":"https:\/\/sandzakpress.net\/arhiva\/ko-je-covjek-koji-je-u-beogradu-podijelio-2013-primjeraka-kurana\/#breadcrumb","itemListElement":[{"@type":"ListItem","position":1,"name":"Home","item":"https:\/\/sandzakpress.net\/arhiva\/"},{"@type":"ListItem","position":2,"name":"Ko je \u010dovjek koji je u Beogradu podijelio 2013 primjeraka Kur'ana"}]},{"@type":"WebSite","@id":"https:\/\/sandzakpress.net\/arhiva\/#website","url":"https:\/\/sandzakpress.net\/arhiva\/","name":"Sand\u017eak PRESS","description":"Prve elektronske novine u Sand\u017eaku","publisher":{"@id":"https:\/\/sandzakpress.net\/arhiva\/#\/schema\/person\/6e72b67d6e51910a1117b3b483ba20bd"},"potentialAction":[{"@type":"SearchAction","target":{"@type":"EntryPoint","urlTemplate":"https:\/\/sandzakpress.net\/arhiva\/?s={search_term_string}"},"query-input":{"@type":"PropertyValueSpecification","valueRequired":true,"valueName":"search_term_string"}}],"inLanguage":"bs-BA"},{"@type":["Person","Organization"],"@id":"https:\/\/sandzakpress.net\/arhiva\/#\/schema\/person\/6e72b67d6e51910a1117b3b483ba20bd","name":"Kul","image":{"@type":"ImageObject","inLanguage":"bs-BA","@id":"https:\/\/sandzakpress.net\/arhiva\/#\/schema\/person\/image\/","url":"https:\/\/secure.gravatar.com\/avatar\/42263f39aa27ac04c43cab85c280eb2e?s=96&d=mm&r=pg","contentUrl":"https:\/\/secure.gravatar.com\/avatar\/42263f39aa27ac04c43cab85c280eb2e?s=96&d=mm&r=pg","caption":"Kul"},"logo":{"@id":"https:\/\/sandzakpress.net\/arhiva\/#\/schema\/person\/image\/"}},{"@type":"Person","@id":"https:\/\/sandzakpress.net\/arhiva\/#\/schema\/person\/c8baee722073534b583ea7bdb2e36c02","name":"bosniak","image":{"@type":"ImageObject","inLanguage":"bs-BA","@id":"https:\/\/sandzakpress.net\/arhiva\/#\/schema\/person\/image\/","url":"https:\/\/secure.gravatar.com\/avatar\/a04fd330bfe3a36a72a0ad4a6d89fca7?s=96&d=mm&r=pg","contentUrl":"https:\/\/secure.gravatar.com\/avatar\/a04fd330bfe3a36a72a0ad4a6d89fca7?s=96&d=mm&r=pg","caption":"bosniak"},"url":"https:\/\/sandzakpress.net\/arhiva\/author\/bosniak\/"}]}},"_links":{"self":[{"href":"https:\/\/sandzakpress.net\/arhiva\/wp-json\/wp\/v2\/posts\/93513"}],"collection":[{"href":"https:\/\/sandzakpress.net\/arhiva\/wp-json\/wp\/v2\/posts"}],"about":[{"href":"https:\/\/sandzakpress.net\/arhiva\/wp-json\/wp\/v2\/types\/post"}],"author":[{"embeddable":true,"href":"https:\/\/sandzakpress.net\/arhiva\/wp-json\/wp\/v2\/users\/83"}],"replies":[{"embeddable":true,"href":"https:\/\/sandzakpress.net\/arhiva\/wp-json\/wp\/v2\/comments?post=93513"}],"version-history":[{"count":0,"href":"https:\/\/sandzakpress.net\/arhiva\/wp-json\/wp\/v2\/posts\/93513\/revisions"}],"wp:featuredmedia":[{"embeddable":true,"href":"https:\/\/sandzakpress.net\/arhiva\/wp-json\/wp\/v2\/media\/93515"}],"wp:attachment":[{"href":"https:\/\/sandzakpress.net\/arhiva\/wp-json\/wp\/v2\/media?parent=93513"}],"wp:term":[{"taxonomy":"category","embeddable":true,"href":"https:\/\/sandzakpress.net\/arhiva\/wp-json\/wp\/v2\/categories?post=93513"},{"taxonomy":"post_tag","embeddable":true,"href":"https:\/\/sandzakpress.net\/arhiva\/wp-json\/wp\/v2\/tags?post=93513"}],"curies":[{"name":"wp","href":"https:\/\/api.w.org\/{rel}","templated":true}]}}