{"id":9349,"date":"2010-10-25T02:36:36","date_gmt":"2010-10-25T00:36:36","guid":{"rendered":"https:\/\/sandzakpress.net\/arhiva\/?p=9349"},"modified":"2010-10-25T02:36:36","modified_gmt":"2010-10-25T00:36:36","slug":"el-kelimeh-na-55-beogradskom-medunarodnom-sajmu-knjiga","status":"publish","type":"post","link":"https:\/\/sandzakpress.net\/arhiva\/el-kelimeh-na-55-beogradskom-medunarodnom-sajmu-knjiga\/","title":{"rendered":"&#8220;El-Kelimeh&#8221; na 55. beogradskom Me\u0111unarodnom sajmu knjiga"},"content":{"rendered":"<p><strong><a href=\"https:\/\/sandzakpress.net\/arhiva\/wp-content\/uploads\/2010\/10\/21431186124aa79c272379b909394875_extreme.jpg\"><img loading=\"lazy\" decoding=\"async\" class=\"alignleft size-medium wp-image-9350\" title=\"21431186124aa79c272379b909394875_extreme\" src=\"https:\/\/sandzakpress.net\/arhiva\/wp-content\/uploads\/2010\/10\/21431186124aa79c272379b909394875_extreme-300x190.jpg\" alt=\"\" width=\"206\" height=\"130\" \/><\/a>Novi Pazar &#8211; Izdava\u010dka ku\u0107a Islamske zajednice u Srbiji &#8220;EL-KELIMEH&#8221; u\u010destvuje na 55. Beogradskom sajmu knjiga.<\/strong><\/p>\n<p>HALA 4, stand : 4011<\/p>\n<p>Sve\u010dano otvaranje je u ponedjeljak, 25. oktobra u 18 h u hali 1 Beogradskog sajma.<\/p>\n<p>Radno vrijeme je od 10 do 20 \u010dasova. Cijena pojedina\u010dnih ulaznica je 250 dinara. Grupne ulaznice ko\u0161taju 150 dinara.<\/p>\n<p>Cijena parkinga je 100 dinara na sat<\/p>\n<p><a rel=\"nofollow\" href=\"http:\/\/www.beogradskisajamknjiga.com\/\" target=\"_blank\">http:\/\/www.beogradskisajamknjiga.com\/<\/a><\/p>\n<p>Izvor: <strong>Kelimeh.com<\/strong><\/p>\n","protected":false},"excerpt":{"rendered":"<p>Novi Pazar &#8211; Izdava\u010dka ku\u0107a Islamske zajednice u Srbiji &#8220;EL-KELIMEH&#8221; u\u010destvuje na 55. Beogradskom sajmu knjiga. HALA 4, stand : 4011 Sve\u010dano otvaranje je u ponedjeljak, 25. oktobra u 18 h u hali 1 Beogradskog sajma. Radno vrijeme je od 10 do 20 \u010dasova. Cijena pojedina\u010dnih ulaznica je 250 dinara. Grupne ulaznice ko\u0161taju 150 dinara. [&hellip;]<\/p>\n","protected":false},"author":83,"featured_media":9350,"comment_status":"open","ping_status":"open","sticky":false,"template":"","format":"standard","meta":{"footnotes":""},"categories":[72,4],"tags":[],"class_list":{"0":"post-9349","1":"post","2":"type-post","3":"status-publish","4":"format-standard","5":"has-post-thumbnail","7":"category-novi-pazar","8":"category-obrazovanje"},"yoast_head":"<!-- This site is optimized with the Yoast SEO Premium plugin v23.1 (Yoast SEO v24.9) - https:\/\/yoast.com\/wordpress\/plugins\/seo\/ -->\n<title>&quot;El-Kelimeh&quot; na 55. beogradskom Me\u0111unarodnom sajmu knjiga<\/title>\n<meta name=\"robots\" content=\"index, follow, max-snippet:-1, max-image-preview:large, max-video-preview:-1\" \/>\n<link rel=\"canonical\" href=\"https:\/\/sandzakpress.net\/arhiva\/el-kelimeh-na-55-beogradskom-medunarodnom-sajmu-knjiga\/\" \/>\n<meta property=\"og:locale\" content=\"bs_BA\" \/>\n<meta property=\"og:type\" content=\"article\" \/>\n<meta property=\"og:title\" content=\"&quot;El-Kelimeh&quot; na 55. beogradskom Me\u0111unarodnom sajmu knjiga\" \/>\n<meta property=\"og:description\" content=\"Novi Pazar &#8211; Izdava\u010dka ku\u0107a Islamske zajednice u Srbiji &#8220;EL-KELIMEH&#8221; u\u010destvuje na 55. Beogradskom sajmu knjiga. HALA 4, stand : 4011 Sve\u010dano otvaranje je u ponedjeljak, 25. oktobra u 18 h u hali 1 Beogradskog sajma. Radno vrijeme je od 10 do 20 \u010dasova. Cijena pojedina\u010dnih ulaznica je 250 dinara. Grupne ulaznice ko\u0161taju 150 dinara. [&hellip;]\" \/>\n<meta property=\"og:url\" content=\"https:\/\/sandzakpress.net\/arhiva\/el-kelimeh-na-55-beogradskom-medunarodnom-sajmu-knjiga\/\" \/>\n<meta property=\"og:site_name\" content=\"Sand\u017eak PRESS\" \/>\n<meta property=\"article:published_time\" content=\"2010-10-25T00:36:36+00:00\" \/>\n<meta property=\"og:image\" content=\"https:\/\/sandzakpress.net\/arhiva\/wp-content\/uploads\/2010\/10\/21431186124aa79c272379b909394875_extreme.jpg\" \/>\n\t<meta property=\"og:image:width\" content=\"450\" \/>\n\t<meta property=\"og:image:height\" content=\"285\" \/>\n\t<meta property=\"og:image:type\" content=\"image\/jpeg\" \/>\n<meta name=\"author\" content=\"bosniak\" \/>\n<meta name=\"twitter:card\" content=\"summary_large_image\" \/>\n<meta name=\"twitter:label1\" content=\"Written by\" \/>\n\t<meta name=\"twitter:data1\" content=\"bosniak\" \/>\n<script type=\"application\/ld+json\" class=\"yoast-schema-graph\">{\"@context\":\"https:\/\/schema.org\",\"@graph\":[{\"@type\":\"Article\",\"@id\":\"https:\/\/sandzakpress.net\/arhiva\/el-kelimeh-na-55-beogradskom-medunarodnom-sajmu-knjiga\/#article\",\"isPartOf\":{\"@id\":\"https:\/\/sandzakpress.net\/arhiva\/el-kelimeh-na-55-beogradskom-medunarodnom-sajmu-knjiga\/\"},\"author\":{\"name\":\"bosniak\",\"@id\":\"https:\/\/sandzakpress.net\/arhiva\/#\/schema\/person\/c8baee722073534b583ea7bdb2e36c02\"},\"headline\":\"&#8220;El-Kelimeh&#8221; na 55. beogradskom Me\u0111unarodnom sajmu knjiga\",\"datePublished\":\"2010-10-25T00:36:36+00:00\",\"mainEntityOfPage\":{\"@id\":\"https:\/\/sandzakpress.net\/arhiva\/el-kelimeh-na-55-beogradskom-medunarodnom-sajmu-knjiga\/\"},\"wordCount\":70,\"commentCount\":0,\"publisher\":{\"@id\":\"https:\/\/sandzakpress.net\/arhiva\/#\/schema\/person\/6e72b67d6e51910a1117b3b483ba20bd\"},\"image\":{\"@id\":\"https:\/\/sandzakpress.net\/arhiva\/el-kelimeh-na-55-beogradskom-medunarodnom-sajmu-knjiga\/#primaryimage\"},\"thumbnailUrl\":\"https:\/\/sandzakpress.net\/arhiva\/wp-content\/uploads\/2010\/10\/21431186124aa79c272379b909394875_extreme.jpg\",\"articleSection\":[\"Novi Pazar\",\"Obrazovanje\"],\"inLanguage\":\"bs-BA\",\"potentialAction\":[{\"@type\":\"CommentAction\",\"name\":\"Comment\",\"target\":[\"https:\/\/sandzakpress.net\/arhiva\/el-kelimeh-na-55-beogradskom-medunarodnom-sajmu-knjiga\/#respond\"]}]},{\"@type\":\"WebPage\",\"@id\":\"https:\/\/sandzakpress.net\/arhiva\/el-kelimeh-na-55-beogradskom-medunarodnom-sajmu-knjiga\/\",\"url\":\"https:\/\/sandzakpress.net\/arhiva\/el-kelimeh-na-55-beogradskom-medunarodnom-sajmu-knjiga\/\",\"name\":\"\\\"El-Kelimeh\\\" na 55. beogradskom Me\u0111unarodnom sajmu knjiga\",\"isPartOf\":{\"@id\":\"https:\/\/sandzakpress.net\/arhiva\/#website\"},\"primaryImageOfPage\":{\"@id\":\"https:\/\/sandzakpress.net\/arhiva\/el-kelimeh-na-55-beogradskom-medunarodnom-sajmu-knjiga\/#primaryimage\"},\"image\":{\"@id\":\"https:\/\/sandzakpress.net\/arhiva\/el-kelimeh-na-55-beogradskom-medunarodnom-sajmu-knjiga\/#primaryimage\"},\"thumbnailUrl\":\"https:\/\/sandzakpress.net\/arhiva\/wp-content\/uploads\/2010\/10\/21431186124aa79c272379b909394875_extreme.jpg\",\"datePublished\":\"2010-10-25T00:36:36+00:00\",\"breadcrumb\":{\"@id\":\"https:\/\/sandzakpress.net\/arhiva\/el-kelimeh-na-55-beogradskom-medunarodnom-sajmu-knjiga\/#breadcrumb\"},\"inLanguage\":\"bs-BA\",\"potentialAction\":[{\"@type\":\"ReadAction\",\"target\":[\"https:\/\/sandzakpress.net\/arhiva\/el-kelimeh-na-55-beogradskom-medunarodnom-sajmu-knjiga\/\"]}]},{\"@type\":\"ImageObject\",\"inLanguage\":\"bs-BA\",\"@id\":\"https:\/\/sandzakpress.net\/arhiva\/el-kelimeh-na-55-beogradskom-medunarodnom-sajmu-knjiga\/#primaryimage\",\"url\":\"https:\/\/sandzakpress.net\/arhiva\/wp-content\/uploads\/2010\/10\/21431186124aa79c272379b909394875_extreme.jpg\",\"contentUrl\":\"https:\/\/sandzakpress.net\/arhiva\/wp-content\/uploads\/2010\/10\/21431186124aa79c272379b909394875_extreme.jpg\",\"width\":450,\"height\":285},{\"@type\":\"BreadcrumbList\",\"@id\":\"https:\/\/sandzakpress.net\/arhiva\/el-kelimeh-na-55-beogradskom-medunarodnom-sajmu-knjiga\/#breadcrumb\",\"itemListElement\":[{\"@type\":\"ListItem\",\"position\":1,\"name\":\"Home\",\"item\":\"https:\/\/sandzakpress.net\/arhiva\/\"},{\"@type\":\"ListItem\",\"position\":2,\"name\":\"&#8220;El-Kelimeh&#8221; na 55. beogradskom Me\u0111unarodnom sajmu knjiga\"}]},{\"@type\":\"WebSite\",\"@id\":\"https:\/\/sandzakpress.net\/arhiva\/#website\",\"url\":\"https:\/\/sandzakpress.net\/arhiva\/\",\"name\":\"Sand\u017eak PRESS\",\"description\":\"Prve elektronske novine u Sand\u017eaku\",\"publisher\":{\"@id\":\"https:\/\/sandzakpress.net\/arhiva\/#\/schema\/person\/6e72b67d6e51910a1117b3b483ba20bd\"},\"potentialAction\":[{\"@type\":\"SearchAction\",\"target\":{\"@type\":\"EntryPoint\",\"urlTemplate\":\"https:\/\/sandzakpress.net\/arhiva\/?s={search_term_string}\"},\"query-input\":{\"@type\":\"PropertyValueSpecification\",\"valueRequired\":true,\"valueName\":\"search_term_string\"}}],\"inLanguage\":\"bs-BA\"},{\"@type\":[\"Person\",\"Organization\"],\"@id\":\"https:\/\/sandzakpress.net\/arhiva\/#\/schema\/person\/6e72b67d6e51910a1117b3b483ba20bd\",\"name\":\"Kul\",\"image\":{\"@type\":\"ImageObject\",\"inLanguage\":\"bs-BA\",\"@id\":\"https:\/\/sandzakpress.net\/arhiva\/#\/schema\/person\/image\/\",\"url\":\"https:\/\/secure.gravatar.com\/avatar\/42263f39aa27ac04c43cab85c280eb2e?s=96&d=mm&r=pg\",\"contentUrl\":\"https:\/\/secure.gravatar.com\/avatar\/42263f39aa27ac04c43cab85c280eb2e?s=96&d=mm&r=pg\",\"caption\":\"Kul\"},\"logo\":{\"@id\":\"https:\/\/sandzakpress.net\/arhiva\/#\/schema\/person\/image\/\"}},{\"@type\":\"Person\",\"@id\":\"https:\/\/sandzakpress.net\/arhiva\/#\/schema\/person\/c8baee722073534b583ea7bdb2e36c02\",\"name\":\"bosniak\",\"image\":{\"@type\":\"ImageObject\",\"inLanguage\":\"bs-BA\",\"@id\":\"https:\/\/sandzakpress.net\/arhiva\/#\/schema\/person\/image\/\",\"url\":\"https:\/\/secure.gravatar.com\/avatar\/a04fd330bfe3a36a72a0ad4a6d89fca7?s=96&d=mm&r=pg\",\"contentUrl\":\"https:\/\/secure.gravatar.com\/avatar\/a04fd330bfe3a36a72a0ad4a6d89fca7?s=96&d=mm&r=pg\",\"caption\":\"bosniak\"},\"url\":\"https:\/\/sandzakpress.net\/arhiva\/author\/bosniak\/\"}]}<\/script>\n<!-- \/ Yoast SEO Premium plugin. -->","yoast_head_json":{"title":"\"El-Kelimeh\" na 55. beogradskom Me\u0111unarodnom sajmu knjiga","robots":{"index":"index","follow":"follow","max-snippet":"max-snippet:-1","max-image-preview":"max-image-preview:large","max-video-preview":"max-video-preview:-1"},"canonical":"https:\/\/sandzakpress.net\/arhiva\/el-kelimeh-na-55-beogradskom-medunarodnom-sajmu-knjiga\/","og_locale":"bs_BA","og_type":"article","og_title":"\"El-Kelimeh\" na 55. beogradskom Me\u0111unarodnom sajmu knjiga","og_description":"Novi Pazar &#8211; Izdava\u010dka ku\u0107a Islamske zajednice u Srbiji &#8220;EL-KELIMEH&#8221; u\u010destvuje na 55. Beogradskom sajmu knjiga. HALA 4, stand : 4011 Sve\u010dano otvaranje je u ponedjeljak, 25. oktobra u 18 h u hali 1 Beogradskog sajma. Radno vrijeme je od 10 do 20 \u010dasova. Cijena pojedina\u010dnih ulaznica je 250 dinara. Grupne ulaznice ko\u0161taju 150 dinara. [&hellip;]","og_url":"https:\/\/sandzakpress.net\/arhiva\/el-kelimeh-na-55-beogradskom-medunarodnom-sajmu-knjiga\/","og_site_name":"Sand\u017eak PRESS","article_published_time":"2010-10-25T00:36:36+00:00","og_image":[{"width":450,"height":285,"url":"https:\/\/sandzakpress.net\/arhiva\/wp-content\/uploads\/2010\/10\/21431186124aa79c272379b909394875_extreme.jpg","type":"image\/jpeg"}],"author":"bosniak","twitter_card":"summary_large_image","twitter_misc":{"Written by":"bosniak"},"schema":{"@context":"https:\/\/schema.org","@graph":[{"@type":"Article","@id":"https:\/\/sandzakpress.net\/arhiva\/el-kelimeh-na-55-beogradskom-medunarodnom-sajmu-knjiga\/#article","isPartOf":{"@id":"https:\/\/sandzakpress.net\/arhiva\/el-kelimeh-na-55-beogradskom-medunarodnom-sajmu-knjiga\/"},"author":{"name":"bosniak","@id":"https:\/\/sandzakpress.net\/arhiva\/#\/schema\/person\/c8baee722073534b583ea7bdb2e36c02"},"headline":"&#8220;El-Kelimeh&#8221; na 55. beogradskom Me\u0111unarodnom sajmu knjiga","datePublished":"2010-10-25T00:36:36+00:00","mainEntityOfPage":{"@id":"https:\/\/sandzakpress.net\/arhiva\/el-kelimeh-na-55-beogradskom-medunarodnom-sajmu-knjiga\/"},"wordCount":70,"commentCount":0,"publisher":{"@id":"https:\/\/sandzakpress.net\/arhiva\/#\/schema\/person\/6e72b67d6e51910a1117b3b483ba20bd"},"image":{"@id":"https:\/\/sandzakpress.net\/arhiva\/el-kelimeh-na-55-beogradskom-medunarodnom-sajmu-knjiga\/#primaryimage"},"thumbnailUrl":"https:\/\/sandzakpress.net\/arhiva\/wp-content\/uploads\/2010\/10\/21431186124aa79c272379b909394875_extreme.jpg","articleSection":["Novi Pazar","Obrazovanje"],"inLanguage":"bs-BA","potentialAction":[{"@type":"CommentAction","name":"Comment","target":["https:\/\/sandzakpress.net\/arhiva\/el-kelimeh-na-55-beogradskom-medunarodnom-sajmu-knjiga\/#respond"]}]},{"@type":"WebPage","@id":"https:\/\/sandzakpress.net\/arhiva\/el-kelimeh-na-55-beogradskom-medunarodnom-sajmu-knjiga\/","url":"https:\/\/sandzakpress.net\/arhiva\/el-kelimeh-na-55-beogradskom-medunarodnom-sajmu-knjiga\/","name":"\"El-Kelimeh\" na 55. beogradskom Me\u0111unarodnom sajmu knjiga","isPartOf":{"@id":"https:\/\/sandzakpress.net\/arhiva\/#website"},"primaryImageOfPage":{"@id":"https:\/\/sandzakpress.net\/arhiva\/el-kelimeh-na-55-beogradskom-medunarodnom-sajmu-knjiga\/#primaryimage"},"image":{"@id":"https:\/\/sandzakpress.net\/arhiva\/el-kelimeh-na-55-beogradskom-medunarodnom-sajmu-knjiga\/#primaryimage"},"thumbnailUrl":"https:\/\/sandzakpress.net\/arhiva\/wp-content\/uploads\/2010\/10\/21431186124aa79c272379b909394875_extreme.jpg","datePublished":"2010-10-25T00:36:36+00:00","breadcrumb":{"@id":"https:\/\/sandzakpress.net\/arhiva\/el-kelimeh-na-55-beogradskom-medunarodnom-sajmu-knjiga\/#breadcrumb"},"inLanguage":"bs-BA","potentialAction":[{"@type":"ReadAction","target":["https:\/\/sandzakpress.net\/arhiva\/el-kelimeh-na-55-beogradskom-medunarodnom-sajmu-knjiga\/"]}]},{"@type":"ImageObject","inLanguage":"bs-BA","@id":"https:\/\/sandzakpress.net\/arhiva\/el-kelimeh-na-55-beogradskom-medunarodnom-sajmu-knjiga\/#primaryimage","url":"https:\/\/sandzakpress.net\/arhiva\/wp-content\/uploads\/2010\/10\/21431186124aa79c272379b909394875_extreme.jpg","contentUrl":"https:\/\/sandzakpress.net\/arhiva\/wp-content\/uploads\/2010\/10\/21431186124aa79c272379b909394875_extreme.jpg","width":450,"height":285},{"@type":"BreadcrumbList","@id":"https:\/\/sandzakpress.net\/arhiva\/el-kelimeh-na-55-beogradskom-medunarodnom-sajmu-knjiga\/#breadcrumb","itemListElement":[{"@type":"ListItem","position":1,"name":"Home","item":"https:\/\/sandzakpress.net\/arhiva\/"},{"@type":"ListItem","position":2,"name":"&#8220;El-Kelimeh&#8221; na 55. beogradskom Me\u0111unarodnom sajmu knjiga"}]},{"@type":"WebSite","@id":"https:\/\/sandzakpress.net\/arhiva\/#website","url":"https:\/\/sandzakpress.net\/arhiva\/","name":"Sand\u017eak PRESS","description":"Prve elektronske novine u Sand\u017eaku","publisher":{"@id":"https:\/\/sandzakpress.net\/arhiva\/#\/schema\/person\/6e72b67d6e51910a1117b3b483ba20bd"},"potentialAction":[{"@type":"SearchAction","target":{"@type":"EntryPoint","urlTemplate":"https:\/\/sandzakpress.net\/arhiva\/?s={search_term_string}"},"query-input":{"@type":"PropertyValueSpecification","valueRequired":true,"valueName":"search_term_string"}}],"inLanguage":"bs-BA"},{"@type":["Person","Organization"],"@id":"https:\/\/sandzakpress.net\/arhiva\/#\/schema\/person\/6e72b67d6e51910a1117b3b483ba20bd","name":"Kul","image":{"@type":"ImageObject","inLanguage":"bs-BA","@id":"https:\/\/sandzakpress.net\/arhiva\/#\/schema\/person\/image\/","url":"https:\/\/secure.gravatar.com\/avatar\/42263f39aa27ac04c43cab85c280eb2e?s=96&d=mm&r=pg","contentUrl":"https:\/\/secure.gravatar.com\/avatar\/42263f39aa27ac04c43cab85c280eb2e?s=96&d=mm&r=pg","caption":"Kul"},"logo":{"@id":"https:\/\/sandzakpress.net\/arhiva\/#\/schema\/person\/image\/"}},{"@type":"Person","@id":"https:\/\/sandzakpress.net\/arhiva\/#\/schema\/person\/c8baee722073534b583ea7bdb2e36c02","name":"bosniak","image":{"@type":"ImageObject","inLanguage":"bs-BA","@id":"https:\/\/sandzakpress.net\/arhiva\/#\/schema\/person\/image\/","url":"https:\/\/secure.gravatar.com\/avatar\/a04fd330bfe3a36a72a0ad4a6d89fca7?s=96&d=mm&r=pg","contentUrl":"https:\/\/secure.gravatar.com\/avatar\/a04fd330bfe3a36a72a0ad4a6d89fca7?s=96&d=mm&r=pg","caption":"bosniak"},"url":"https:\/\/sandzakpress.net\/arhiva\/author\/bosniak\/"}]}},"_links":{"self":[{"href":"https:\/\/sandzakpress.net\/arhiva\/wp-json\/wp\/v2\/posts\/9349"}],"collection":[{"href":"https:\/\/sandzakpress.net\/arhiva\/wp-json\/wp\/v2\/posts"}],"about":[{"href":"https:\/\/sandzakpress.net\/arhiva\/wp-json\/wp\/v2\/types\/post"}],"author":[{"embeddable":true,"href":"https:\/\/sandzakpress.net\/arhiva\/wp-json\/wp\/v2\/users\/83"}],"replies":[{"embeddable":true,"href":"https:\/\/sandzakpress.net\/arhiva\/wp-json\/wp\/v2\/comments?post=9349"}],"version-history":[{"count":0,"href":"https:\/\/sandzakpress.net\/arhiva\/wp-json\/wp\/v2\/posts\/9349\/revisions"}],"wp:featuredmedia":[{"embeddable":true,"href":"https:\/\/sandzakpress.net\/arhiva\/wp-json\/wp\/v2\/media\/9350"}],"wp:attachment":[{"href":"https:\/\/sandzakpress.net\/arhiva\/wp-json\/wp\/v2\/media?parent=9349"}],"wp:term":[{"taxonomy":"category","embeddable":true,"href":"https:\/\/sandzakpress.net\/arhiva\/wp-json\/wp\/v2\/categories?post=9349"},{"taxonomy":"post_tag","embeddable":true,"href":"https:\/\/sandzakpress.net\/arhiva\/wp-json\/wp\/v2\/tags?post=9349"}],"curies":[{"name":"wp","href":"https:\/\/api.w.org\/{rel}","templated":true}]}}