{"id":93330,"date":"2013-11-01T16:20:59","date_gmt":"2013-11-01T15:20:59","guid":{"rendered":"https:\/\/sandzakpress.net\/arhiva\/?p=93330"},"modified":"2013-11-01T16:20:59","modified_gmt":"2013-11-01T15:20:59","slug":"pod-pritiskom-sa-kosova-francuska-za-reformu-azila","status":"publish","type":"post","link":"https:\/\/sandzakpress.net\/arhiva\/pod-pritiskom-sa-kosova-francuska-za-reformu-azila\/","title":{"rendered":"Pod pritiskom sa Kosova, Francuska za reformu azila"},"content":{"rendered":"<h3><a href=\"https:\/\/sandzakpress.net\/arhiva\/wp-content\/uploads\/2013\/11\/izbeglice-25.jpg\"><img loading=\"lazy\" decoding=\"async\" class=\"alignleft size-medium wp-image-93331\" alt=\"izbeglice-25\" src=\"https:\/\/sandzakpress.net\/arhiva\/wp-content\/uploads\/2013\/11\/izbeglice-25-300x166.jpg\" width=\"300\" height=\"166\" \/><\/a>Kosovo &#8211; Uz Albaniju i Banglade\u0161, sa Kosova dolazi najve\u0107i broj onih koji tra\u017ee za\u0161titu Francuske pozivaju\u0107i se na politi\u010dke progone ili diskriminaciju, pi\u0161e beogradska &#8220;Politika&#8221;.<\/h3>\n<div>Broj stanovnika Kosova koji tra\u017ee azil u Francuskoj porastao je ove godine za 156 odsto u odnosu na prethodnu, objavio je ju\u010de francuski list &#8220;Figaro&#8221;.<\/p>\n<p>U internom izvje\u0161taju Nacionalnog suda za prava azilanata, u koji je list &#8220;Politika&#8221; imala uvid, navodi se da je najve\u0107i broj zahtjeva u 2010. \u2013 3.463 \u2013 dolazio sa Kosova. U dokumentu se precizira da je &#8220;mali broj Srba sa Kosova koji tra\u017ee azil&#8221;, ve\u0107 da su to uglavnom Romi i Albanci.<\/p>\n<p>Iako se Kosovo od progla\u0161enja nezavisnosti marta 2011. nalazi na listi &#8220;sigurnih zemalja&#8221; Francuske kancelarije za za\u0161titu izbjeglica i apatrida, u izvje\u0161taju suda se ocjenjuje da me\u0111unarodne institucije i organizacije \u010diji je zadatak da se bave nadgledanjem po\u0161tovanja ljudskih prava na Kosovu &#8220;izgleda ne obra\u0107aju posebnu pa\u017enju&#8221; na bojazan koju iznose oni koji tra\u017ee za\u0161titu drugih zemalja.<\/p>\n<p>Pravo na azil je jedno od najosjetljivijih pitanja za aktuelnu socijalisti\u010dku vadu koja je najavila reformu zakona do kraja godine. Slu\u010daj 15-godi\u0161nje Romkinje Leonarde, koja je sa porodicom vra\u0107ena na Kosovo nakon \u0161to im je odbijen zahtjev za azil, doveo je ovo pitanje u \u017ei\u017eu interesovanja javnosti.<\/p>\n<p>Francuska desnica, sa partijom UMP na \u010delu, iskoristila je aferu da krene u ofanzivu protiv vlade po\u0161to je Francuska, poslije Njema\u010dke, najatraktivnija evropska destinacija za azilante.<\/p>\n<p>List &#8220;Figaro&#8221; iznosi da je broj zahtjeva za azil porastao za 90 odsto od 2007, da bi ove godine dostigao 70.000, \u0161to list navodi na zaklju\u010dak da je &#8220;sistem na izdisaju&#8221;.<\/p>\n<p>Prema istom izvoru, najve\u0107i porast zahtjeva u 2012. odnosi se na balkanske zemlje. Pored stanovnika Kosova i Albanije, za Francusku se sve vi\u0161e opredeljuju azilanti iz Bosne i Hercegovine i Crne Gore. &#8220;Figaro&#8221; to dovodi u vezu sa odlukom Pariza iz marta 2012. da se Crna Gora skine sa liste &#8220;sigurnih&#8221; zemalja.<\/p>\n<p>Francuska izdvaja 670 miliona eura za rje\u0161avanje pitanja azilanata, od \u010dega 200 miliona odlazi na smje\u0161taj podnosilaca zahtjeva.<\/p>\n<p>Prema zakonu, zahtjev za azil mo\u017ee da podnese samo lice koje se ve\u0107 nalazi na teritoriji zemlje od koje tra\u017ei za\u0161titu. Cilj reforme koju je najavio ministar unutra\u0161njih poslova Manuel Valls je da se ubrza sudski postupak i tako smanje tro\u0161kovi smje\u0161taja za one koji o\u010dekuju odluku o azilu.<\/p>\n<p>Srbija je u 2010. bila na vrhu liste zemalja po broju podnosilaca zahtjeva za azil (28.900), prema Visokom komesarijatu UN za izbeglice. To je bio porast od 54 odsto u odnosu na 2011, kada je Srbija bila na \u0161estom mjestu.<\/p>\n<p>U posljednjem izve\u0161taju Komesarijata o trendovima u 2012, Srbija je na tre\u0107em mestu po broju podnosilaca zahtjeva za azil, iza Avganistana i Sirije.<\/p><\/div>\n<div>(Info-KS)<\/div>\n","protected":false},"excerpt":{"rendered":"<p>Kosovo &#8211; Uz Albaniju i Banglade\u0161, sa Kosova dolazi najve\u0107i broj onih koji tra\u017ee za\u0161titu Francuske pozivaju\u0107i se na politi\u010dke progone ili diskriminaciju, pi\u0161e beogradska &#8220;Politika&#8221;. Broj stanovnika Kosova koji tra\u017ee azil u Francuskoj porastao je ove godine za 156 odsto u odnosu na prethodnu, objavio je ju\u010de francuski list &#8220;Figaro&#8221;. U internom izvje\u0161taju Nacionalnog [&hellip;]<\/p>\n","protected":false},"author":83,"featured_media":93332,"comment_status":"open","ping_status":"open","sticky":false,"template":"","format":"standard","meta":{"footnotes":""},"categories":[2690],"tags":[],"class_list":{"0":"post-93330","1":"post","2":"type-post","3":"status-publish","4":"format-standard","5":"has-post-thumbnail","7":"category-kosovo-gradovi"},"yoast_head":"<!-- This site is optimized with the Yoast SEO Premium plugin v23.1 (Yoast SEO v24.9) - https:\/\/yoast.com\/wordpress\/plugins\/seo\/ -->\n<title>Pod pritiskom sa Kosova, Francuska za reformu azila<\/title>\n<meta name=\"robots\" content=\"index, follow, max-snippet:-1, max-image-preview:large, max-video-preview:-1\" \/>\n<link rel=\"canonical\" href=\"https:\/\/sandzakpress.net\/arhiva\/pod-pritiskom-sa-kosova-francuska-za-reformu-azila\/\" \/>\n<meta property=\"og:locale\" content=\"bs_BA\" \/>\n<meta property=\"og:type\" content=\"article\" \/>\n<meta property=\"og:title\" content=\"Pod pritiskom sa Kosova, Francuska za reformu azila\" \/>\n<meta property=\"og:description\" content=\"Kosovo &#8211; Uz Albaniju i Banglade\u0161, sa Kosova dolazi najve\u0107i broj onih koji tra\u017ee za\u0161titu Francuske pozivaju\u0107i se na politi\u010dke progone ili diskriminaciju, pi\u0161e beogradska &#8220;Politika&#8221;. Broj stanovnika Kosova koji tra\u017ee azil u Francuskoj porastao je ove godine za 156 odsto u odnosu na prethodnu, objavio je ju\u010de francuski list &#8220;Figaro&#8221;. U internom izvje\u0161taju Nacionalnog [&hellip;]\" \/>\n<meta property=\"og:url\" content=\"https:\/\/sandzakpress.net\/arhiva\/pod-pritiskom-sa-kosova-francuska-za-reformu-azila\/\" \/>\n<meta property=\"og:site_name\" content=\"Sand\u017eak PRESS\" \/>\n<meta property=\"article:published_time\" content=\"2013-11-01T15:20:59+00:00\" \/>\n<meta property=\"og:image\" content=\"https:\/\/sandzakpress.net\/arhiva\/wp-content\/uploads\/2013\/11\/izbeglice-25-300x1661.jpg\" \/>\n\t<meta property=\"og:image:width\" content=\"300\" \/>\n\t<meta property=\"og:image:height\" content=\"166\" \/>\n\t<meta property=\"og:image:type\" content=\"image\/jpeg\" \/>\n<meta name=\"author\" content=\"bosniak\" \/>\n<meta name=\"twitter:card\" content=\"summary_large_image\" \/>\n<meta name=\"twitter:label1\" content=\"Written by\" \/>\n\t<meta name=\"twitter:data1\" content=\"bosniak\" \/>\n\t<meta name=\"twitter:label2\" content=\"Est. reading time\" \/>\n\t<meta name=\"twitter:data2\" content=\"2 minute\" \/>\n<script type=\"application\/ld+json\" class=\"yoast-schema-graph\">{\"@context\":\"https:\/\/schema.org\",\"@graph\":[{\"@type\":\"Article\",\"@id\":\"https:\/\/sandzakpress.net\/arhiva\/pod-pritiskom-sa-kosova-francuska-za-reformu-azila\/#article\",\"isPartOf\":{\"@id\":\"https:\/\/sandzakpress.net\/arhiva\/pod-pritiskom-sa-kosova-francuska-za-reformu-azila\/\"},\"author\":{\"name\":\"bosniak\",\"@id\":\"https:\/\/sandzakpress.net\/arhiva\/#\/schema\/person\/c8baee722073534b583ea7bdb2e36c02\"},\"headline\":\"Pod pritiskom sa Kosova, Francuska za reformu azila\",\"datePublished\":\"2013-11-01T15:20:59+00:00\",\"mainEntityOfPage\":{\"@id\":\"https:\/\/sandzakpress.net\/arhiva\/pod-pritiskom-sa-kosova-francuska-za-reformu-azila\/\"},\"wordCount\":478,\"commentCount\":0,\"publisher\":{\"@id\":\"https:\/\/sandzakpress.net\/arhiva\/#\/schema\/person\/6e72b67d6e51910a1117b3b483ba20bd\"},\"image\":{\"@id\":\"https:\/\/sandzakpress.net\/arhiva\/pod-pritiskom-sa-kosova-francuska-za-reformu-azila\/#primaryimage\"},\"thumbnailUrl\":\"https:\/\/sandzakpress.net\/arhiva\/wp-content\/uploads\/2013\/11\/izbeglice-25-300x1661.jpg\",\"articleSection\":[\"Kosovo\"],\"inLanguage\":\"bs-BA\",\"potentialAction\":[{\"@type\":\"CommentAction\",\"name\":\"Comment\",\"target\":[\"https:\/\/sandzakpress.net\/arhiva\/pod-pritiskom-sa-kosova-francuska-za-reformu-azila\/#respond\"]}]},{\"@type\":\"WebPage\",\"@id\":\"https:\/\/sandzakpress.net\/arhiva\/pod-pritiskom-sa-kosova-francuska-za-reformu-azila\/\",\"url\":\"https:\/\/sandzakpress.net\/arhiva\/pod-pritiskom-sa-kosova-francuska-za-reformu-azila\/\",\"name\":\"Pod pritiskom sa Kosova, Francuska za reformu azila\",\"isPartOf\":{\"@id\":\"https:\/\/sandzakpress.net\/arhiva\/#website\"},\"primaryImageOfPage\":{\"@id\":\"https:\/\/sandzakpress.net\/arhiva\/pod-pritiskom-sa-kosova-francuska-za-reformu-azila\/#primaryimage\"},\"image\":{\"@id\":\"https:\/\/sandzakpress.net\/arhiva\/pod-pritiskom-sa-kosova-francuska-za-reformu-azila\/#primaryimage\"},\"thumbnailUrl\":\"https:\/\/sandzakpress.net\/arhiva\/wp-content\/uploads\/2013\/11\/izbeglice-25-300x1661.jpg\",\"datePublished\":\"2013-11-01T15:20:59+00:00\",\"breadcrumb\":{\"@id\":\"https:\/\/sandzakpress.net\/arhiva\/pod-pritiskom-sa-kosova-francuska-za-reformu-azila\/#breadcrumb\"},\"inLanguage\":\"bs-BA\",\"potentialAction\":[{\"@type\":\"ReadAction\",\"target\":[\"https:\/\/sandzakpress.net\/arhiva\/pod-pritiskom-sa-kosova-francuska-za-reformu-azila\/\"]}]},{\"@type\":\"ImageObject\",\"inLanguage\":\"bs-BA\",\"@id\":\"https:\/\/sandzakpress.net\/arhiva\/pod-pritiskom-sa-kosova-francuska-za-reformu-azila\/#primaryimage\",\"url\":\"https:\/\/sandzakpress.net\/arhiva\/wp-content\/uploads\/2013\/11\/izbeglice-25-300x1661.jpg\",\"contentUrl\":\"https:\/\/sandzakpress.net\/arhiva\/wp-content\/uploads\/2013\/11\/izbeglice-25-300x1661.jpg\",\"width\":300,\"height\":166},{\"@type\":\"BreadcrumbList\",\"@id\":\"https:\/\/sandzakpress.net\/arhiva\/pod-pritiskom-sa-kosova-francuska-za-reformu-azila\/#breadcrumb\",\"itemListElement\":[{\"@type\":\"ListItem\",\"position\":1,\"name\":\"Home\",\"item\":\"https:\/\/sandzakpress.net\/arhiva\/\"},{\"@type\":\"ListItem\",\"position\":2,\"name\":\"Pod pritiskom sa Kosova, Francuska za reformu azila\"}]},{\"@type\":\"WebSite\",\"@id\":\"https:\/\/sandzakpress.net\/arhiva\/#website\",\"url\":\"https:\/\/sandzakpress.net\/arhiva\/\",\"name\":\"Sand\u017eak PRESS\",\"description\":\"Prve elektronske novine u Sand\u017eaku\",\"publisher\":{\"@id\":\"https:\/\/sandzakpress.net\/arhiva\/#\/schema\/person\/6e72b67d6e51910a1117b3b483ba20bd\"},\"potentialAction\":[{\"@type\":\"SearchAction\",\"target\":{\"@type\":\"EntryPoint\",\"urlTemplate\":\"https:\/\/sandzakpress.net\/arhiva\/?s={search_term_string}\"},\"query-input\":{\"@type\":\"PropertyValueSpecification\",\"valueRequired\":true,\"valueName\":\"search_term_string\"}}],\"inLanguage\":\"bs-BA\"},{\"@type\":[\"Person\",\"Organization\"],\"@id\":\"https:\/\/sandzakpress.net\/arhiva\/#\/schema\/person\/6e72b67d6e51910a1117b3b483ba20bd\",\"name\":\"Kul\",\"image\":{\"@type\":\"ImageObject\",\"inLanguage\":\"bs-BA\",\"@id\":\"https:\/\/sandzakpress.net\/arhiva\/#\/schema\/person\/image\/\",\"url\":\"https:\/\/secure.gravatar.com\/avatar\/42263f39aa27ac04c43cab85c280eb2e?s=96&d=mm&r=pg\",\"contentUrl\":\"https:\/\/secure.gravatar.com\/avatar\/42263f39aa27ac04c43cab85c280eb2e?s=96&d=mm&r=pg\",\"caption\":\"Kul\"},\"logo\":{\"@id\":\"https:\/\/sandzakpress.net\/arhiva\/#\/schema\/person\/image\/\"}},{\"@type\":\"Person\",\"@id\":\"https:\/\/sandzakpress.net\/arhiva\/#\/schema\/person\/c8baee722073534b583ea7bdb2e36c02\",\"name\":\"bosniak\",\"image\":{\"@type\":\"ImageObject\",\"inLanguage\":\"bs-BA\",\"@id\":\"https:\/\/sandzakpress.net\/arhiva\/#\/schema\/person\/image\/\",\"url\":\"https:\/\/secure.gravatar.com\/avatar\/a04fd330bfe3a36a72a0ad4a6d89fca7?s=96&d=mm&r=pg\",\"contentUrl\":\"https:\/\/secure.gravatar.com\/avatar\/a04fd330bfe3a36a72a0ad4a6d89fca7?s=96&d=mm&r=pg\",\"caption\":\"bosniak\"},\"url\":\"https:\/\/sandzakpress.net\/arhiva\/author\/bosniak\/\"}]}<\/script>\n<!-- \/ Yoast SEO Premium plugin. -->","yoast_head_json":{"title":"Pod pritiskom sa Kosova, Francuska za reformu azila","robots":{"index":"index","follow":"follow","max-snippet":"max-snippet:-1","max-image-preview":"max-image-preview:large","max-video-preview":"max-video-preview:-1"},"canonical":"https:\/\/sandzakpress.net\/arhiva\/pod-pritiskom-sa-kosova-francuska-za-reformu-azila\/","og_locale":"bs_BA","og_type":"article","og_title":"Pod pritiskom sa Kosova, Francuska za reformu azila","og_description":"Kosovo &#8211; Uz Albaniju i Banglade\u0161, sa Kosova dolazi najve\u0107i broj onih koji tra\u017ee za\u0161titu Francuske pozivaju\u0107i se na politi\u010dke progone ili diskriminaciju, pi\u0161e beogradska &#8220;Politika&#8221;. Broj stanovnika Kosova koji tra\u017ee azil u Francuskoj porastao je ove godine za 156 odsto u odnosu na prethodnu, objavio je ju\u010de francuski list &#8220;Figaro&#8221;. U internom izvje\u0161taju Nacionalnog [&hellip;]","og_url":"https:\/\/sandzakpress.net\/arhiva\/pod-pritiskom-sa-kosova-francuska-za-reformu-azila\/","og_site_name":"Sand\u017eak PRESS","article_published_time":"2013-11-01T15:20:59+00:00","og_image":[{"width":300,"height":166,"url":"https:\/\/sandzakpress.net\/arhiva\/wp-content\/uploads\/2013\/11\/izbeglice-25-300x1661.jpg","type":"image\/jpeg"}],"author":"bosniak","twitter_card":"summary_large_image","twitter_misc":{"Written by":"bosniak","Est. reading time":"2 minute"},"schema":{"@context":"https:\/\/schema.org","@graph":[{"@type":"Article","@id":"https:\/\/sandzakpress.net\/arhiva\/pod-pritiskom-sa-kosova-francuska-za-reformu-azila\/#article","isPartOf":{"@id":"https:\/\/sandzakpress.net\/arhiva\/pod-pritiskom-sa-kosova-francuska-za-reformu-azila\/"},"author":{"name":"bosniak","@id":"https:\/\/sandzakpress.net\/arhiva\/#\/schema\/person\/c8baee722073534b583ea7bdb2e36c02"},"headline":"Pod pritiskom sa Kosova, Francuska za reformu azila","datePublished":"2013-11-01T15:20:59+00:00","mainEntityOfPage":{"@id":"https:\/\/sandzakpress.net\/arhiva\/pod-pritiskom-sa-kosova-francuska-za-reformu-azila\/"},"wordCount":478,"commentCount":0,"publisher":{"@id":"https:\/\/sandzakpress.net\/arhiva\/#\/schema\/person\/6e72b67d6e51910a1117b3b483ba20bd"},"image":{"@id":"https:\/\/sandzakpress.net\/arhiva\/pod-pritiskom-sa-kosova-francuska-za-reformu-azila\/#primaryimage"},"thumbnailUrl":"https:\/\/sandzakpress.net\/arhiva\/wp-content\/uploads\/2013\/11\/izbeglice-25-300x1661.jpg","articleSection":["Kosovo"],"inLanguage":"bs-BA","potentialAction":[{"@type":"CommentAction","name":"Comment","target":["https:\/\/sandzakpress.net\/arhiva\/pod-pritiskom-sa-kosova-francuska-za-reformu-azila\/#respond"]}]},{"@type":"WebPage","@id":"https:\/\/sandzakpress.net\/arhiva\/pod-pritiskom-sa-kosova-francuska-za-reformu-azila\/","url":"https:\/\/sandzakpress.net\/arhiva\/pod-pritiskom-sa-kosova-francuska-za-reformu-azila\/","name":"Pod pritiskom sa Kosova, Francuska za reformu azila","isPartOf":{"@id":"https:\/\/sandzakpress.net\/arhiva\/#website"},"primaryImageOfPage":{"@id":"https:\/\/sandzakpress.net\/arhiva\/pod-pritiskom-sa-kosova-francuska-za-reformu-azila\/#primaryimage"},"image":{"@id":"https:\/\/sandzakpress.net\/arhiva\/pod-pritiskom-sa-kosova-francuska-za-reformu-azila\/#primaryimage"},"thumbnailUrl":"https:\/\/sandzakpress.net\/arhiva\/wp-content\/uploads\/2013\/11\/izbeglice-25-300x1661.jpg","datePublished":"2013-11-01T15:20:59+00:00","breadcrumb":{"@id":"https:\/\/sandzakpress.net\/arhiva\/pod-pritiskom-sa-kosova-francuska-za-reformu-azila\/#breadcrumb"},"inLanguage":"bs-BA","potentialAction":[{"@type":"ReadAction","target":["https:\/\/sandzakpress.net\/arhiva\/pod-pritiskom-sa-kosova-francuska-za-reformu-azila\/"]}]},{"@type":"ImageObject","inLanguage":"bs-BA","@id":"https:\/\/sandzakpress.net\/arhiva\/pod-pritiskom-sa-kosova-francuska-za-reformu-azila\/#primaryimage","url":"https:\/\/sandzakpress.net\/arhiva\/wp-content\/uploads\/2013\/11\/izbeglice-25-300x1661.jpg","contentUrl":"https:\/\/sandzakpress.net\/arhiva\/wp-content\/uploads\/2013\/11\/izbeglice-25-300x1661.jpg","width":300,"height":166},{"@type":"BreadcrumbList","@id":"https:\/\/sandzakpress.net\/arhiva\/pod-pritiskom-sa-kosova-francuska-za-reformu-azila\/#breadcrumb","itemListElement":[{"@type":"ListItem","position":1,"name":"Home","item":"https:\/\/sandzakpress.net\/arhiva\/"},{"@type":"ListItem","position":2,"name":"Pod pritiskom sa Kosova, Francuska za reformu azila"}]},{"@type":"WebSite","@id":"https:\/\/sandzakpress.net\/arhiva\/#website","url":"https:\/\/sandzakpress.net\/arhiva\/","name":"Sand\u017eak PRESS","description":"Prve elektronske novine u Sand\u017eaku","publisher":{"@id":"https:\/\/sandzakpress.net\/arhiva\/#\/schema\/person\/6e72b67d6e51910a1117b3b483ba20bd"},"potentialAction":[{"@type":"SearchAction","target":{"@type":"EntryPoint","urlTemplate":"https:\/\/sandzakpress.net\/arhiva\/?s={search_term_string}"},"query-input":{"@type":"PropertyValueSpecification","valueRequired":true,"valueName":"search_term_string"}}],"inLanguage":"bs-BA"},{"@type":["Person","Organization"],"@id":"https:\/\/sandzakpress.net\/arhiva\/#\/schema\/person\/6e72b67d6e51910a1117b3b483ba20bd","name":"Kul","image":{"@type":"ImageObject","inLanguage":"bs-BA","@id":"https:\/\/sandzakpress.net\/arhiva\/#\/schema\/person\/image\/","url":"https:\/\/secure.gravatar.com\/avatar\/42263f39aa27ac04c43cab85c280eb2e?s=96&d=mm&r=pg","contentUrl":"https:\/\/secure.gravatar.com\/avatar\/42263f39aa27ac04c43cab85c280eb2e?s=96&d=mm&r=pg","caption":"Kul"},"logo":{"@id":"https:\/\/sandzakpress.net\/arhiva\/#\/schema\/person\/image\/"}},{"@type":"Person","@id":"https:\/\/sandzakpress.net\/arhiva\/#\/schema\/person\/c8baee722073534b583ea7bdb2e36c02","name":"bosniak","image":{"@type":"ImageObject","inLanguage":"bs-BA","@id":"https:\/\/sandzakpress.net\/arhiva\/#\/schema\/person\/image\/","url":"https:\/\/secure.gravatar.com\/avatar\/a04fd330bfe3a36a72a0ad4a6d89fca7?s=96&d=mm&r=pg","contentUrl":"https:\/\/secure.gravatar.com\/avatar\/a04fd330bfe3a36a72a0ad4a6d89fca7?s=96&d=mm&r=pg","caption":"bosniak"},"url":"https:\/\/sandzakpress.net\/arhiva\/author\/bosniak\/"}]}},"_links":{"self":[{"href":"https:\/\/sandzakpress.net\/arhiva\/wp-json\/wp\/v2\/posts\/93330"}],"collection":[{"href":"https:\/\/sandzakpress.net\/arhiva\/wp-json\/wp\/v2\/posts"}],"about":[{"href":"https:\/\/sandzakpress.net\/arhiva\/wp-json\/wp\/v2\/types\/post"}],"author":[{"embeddable":true,"href":"https:\/\/sandzakpress.net\/arhiva\/wp-json\/wp\/v2\/users\/83"}],"replies":[{"embeddable":true,"href":"https:\/\/sandzakpress.net\/arhiva\/wp-json\/wp\/v2\/comments?post=93330"}],"version-history":[{"count":0,"href":"https:\/\/sandzakpress.net\/arhiva\/wp-json\/wp\/v2\/posts\/93330\/revisions"}],"wp:featuredmedia":[{"embeddable":true,"href":"https:\/\/sandzakpress.net\/arhiva\/wp-json\/wp\/v2\/media\/93332"}],"wp:attachment":[{"href":"https:\/\/sandzakpress.net\/arhiva\/wp-json\/wp\/v2\/media?parent=93330"}],"wp:term":[{"taxonomy":"category","embeddable":true,"href":"https:\/\/sandzakpress.net\/arhiva\/wp-json\/wp\/v2\/categories?post=93330"},{"taxonomy":"post_tag","embeddable":true,"href":"https:\/\/sandzakpress.net\/arhiva\/wp-json\/wp\/v2\/tags?post=93330"}],"curies":[{"name":"wp","href":"https:\/\/api.w.org\/{rel}","templated":true}]}}