{"id":93288,"date":"2013-11-01T16:06:22","date_gmt":"2013-11-01T15:06:22","guid":{"rendered":"https:\/\/sandzakpress.net\/arhiva\/?p=93288"},"modified":"2013-11-01T16:06:22","modified_gmt":"2013-11-01T15:06:22","slug":"francuska-zatvara-deset-ambasada-u-zapadnoj-africi","status":"publish","type":"post","link":"https:\/\/sandzakpress.net\/arhiva\/francuska-zatvara-deset-ambasada-u-zapadnoj-africi\/","title":{"rendered":"Francuska zatvara deset ambasada u Zapadnoj Africi"},"content":{"rendered":"<p><strong><a href=\"https:\/\/sandzakpress.net\/arhiva\/wp-content\/uploads\/2013\/11\/francuska-se-povlaci-iz-afrike_trt-bosanski-24347.jpg\"><img loading=\"lazy\" decoding=\"async\" class=\"alignleft size-medium wp-image-93290\" alt=\"francuska-se-povlaci-iz-afrike_trt-bosanski-24347\" src=\"https:\/\/sandzakpress.net\/arhiva\/wp-content\/uploads\/2013\/11\/francuska-se-povlaci-iz-afrike_trt-bosanski-24347-300x181.jpg\" width=\"300\" height=\"181\" \/><\/a>Francuska &#8211; Francuska je iz ekonomskih razloga odlu\u010dila zatvoriti deset ambasada u zemljama Zapadne Afrike, uklju\u010duju\u0107i i Gambiju.<\/strong><\/p>\n<div><strong>\u00a0Francuski ambasador u Gambiji Jean Marc Transon u izjavi koju je dao nakon sastanka sa francuskim potpredsjednikom Isatouom Njie-Saidyjem saop\u0161tio je da \u0107e francuska vlada zatvoriti deset ambasada u Zapadnoj Africi.<\/strong><\/div>\n<div><\/div>\n<div>Zatvaranje ambasade nije prouzrokovala nikakva negativnost po pitanju Gambije, rekao je francuski ambasador i dodao- &#8220;Zbog ekonomske krize koja potresa \u010ditavu Evropu, Francuska je donijela odluku o zatvaranju pojedinih ambasada&#8221;.<\/div>\n<div><\/div>\n<div>Ambasador Transon je rekao da odluka o zatvaranju amabasada ne obuhvata francusku ambasadu u glavnom gradu Senegala Dakaru, ali da \u0107e biti smanjen broj uposlenika u ovom diplomatskom predstavni\u0161tvu.<\/div>\n<div><\/div>\n<div>(trtbosanski)<\/div>\n","protected":false},"excerpt":{"rendered":"<p>Francuska &#8211; Francuska je iz ekonomskih razloga odlu\u010dila zatvoriti deset ambasada u zemljama Zapadne Afrike, uklju\u010duju\u0107i i Gambiju. \u00a0Francuski ambasador u Gambiji Jean Marc Transon u izjavi koju je dao nakon sastanka sa francuskim potpredsjednikom Isatouom Njie-Saidyjem saop\u0161tio je da \u0107e francuska vlada zatvoriti deset ambasada u Zapadnoj Africi. Zatvaranje ambasade nije prouzrokovala nikakva negativnost [&hellip;]<\/p>\n","protected":false},"author":83,"featured_media":93291,"comment_status":"open","ping_status":"open","sticky":false,"template":"","format":"standard","meta":{"footnotes":""},"categories":[9550,9],"tags":[],"class_list":{"0":"post-93288","1":"post","2":"type-post","3":"status-publish","4":"format-standard","5":"has-post-thumbnail","7":"category-francuska-dijaspora-gradovi-vase-vijesti","8":"category-svijet"},"yoast_head":"<!-- This site is optimized with the Yoast SEO Premium plugin v23.1 (Yoast SEO v24.9) - https:\/\/yoast.com\/wordpress\/plugins\/seo\/ -->\n<title>Francuska zatvara deset ambasada u Zapadnoj Africi<\/title>\n<meta name=\"robots\" content=\"index, follow, max-snippet:-1, max-image-preview:large, max-video-preview:-1\" \/>\n<link rel=\"canonical\" href=\"https:\/\/sandzakpress.net\/arhiva\/francuska-zatvara-deset-ambasada-u-zapadnoj-africi\/\" \/>\n<meta property=\"og:locale\" content=\"bs_BA\" \/>\n<meta property=\"og:type\" content=\"article\" \/>\n<meta property=\"og:title\" content=\"Francuska zatvara deset ambasada u Zapadnoj Africi\" \/>\n<meta property=\"og:description\" content=\"Francuska &#8211; Francuska je iz ekonomskih razloga odlu\u010dila zatvoriti deset ambasada u zemljama Zapadne Afrike, uklju\u010duju\u0107i i Gambiju. \u00a0Francuski ambasador u Gambiji Jean Marc Transon u izjavi koju je dao nakon sastanka sa francuskim potpredsjednikom Isatouom Njie-Saidyjem saop\u0161tio je da \u0107e francuska vlada zatvoriti deset ambasada u Zapadnoj Africi. Zatvaranje ambasade nije prouzrokovala nikakva negativnost [&hellip;]\" \/>\n<meta property=\"og:url\" content=\"https:\/\/sandzakpress.net\/arhiva\/francuska-zatvara-deset-ambasada-u-zapadnoj-africi\/\" \/>\n<meta property=\"og:site_name\" content=\"Sand\u017eak PRESS\" \/>\n<meta property=\"article:published_time\" content=\"2013-11-01T15:06:22+00:00\" \/>\n<meta property=\"og:image\" content=\"https:\/\/sandzakpress.net\/arhiva\/wp-content\/uploads\/2013\/11\/francuska-se-povlaci-iz-afrike_trt-bosanski-24347-300x1811.jpg\" \/>\n\t<meta property=\"og:image:width\" content=\"300\" \/>\n\t<meta property=\"og:image:height\" content=\"181\" \/>\n\t<meta property=\"og:image:type\" content=\"image\/jpeg\" \/>\n<meta name=\"author\" content=\"bosniak\" \/>\n<meta name=\"twitter:card\" content=\"summary_large_image\" \/>\n<meta name=\"twitter:label1\" content=\"Written by\" \/>\n\t<meta name=\"twitter:data1\" content=\"bosniak\" \/>\n\t<meta name=\"twitter:label2\" content=\"Est. reading time\" \/>\n\t<meta name=\"twitter:data2\" content=\"1 minuta\" \/>\n<script type=\"application\/ld+json\" class=\"yoast-schema-graph\">{\"@context\":\"https:\/\/schema.org\",\"@graph\":[{\"@type\":\"Article\",\"@id\":\"https:\/\/sandzakpress.net\/arhiva\/francuska-zatvara-deset-ambasada-u-zapadnoj-africi\/#article\",\"isPartOf\":{\"@id\":\"https:\/\/sandzakpress.net\/arhiva\/francuska-zatvara-deset-ambasada-u-zapadnoj-africi\/\"},\"author\":{\"name\":\"bosniak\",\"@id\":\"https:\/\/sandzakpress.net\/arhiva\/#\/schema\/person\/c8baee722073534b583ea7bdb2e36c02\"},\"headline\":\"Francuska zatvara deset ambasada u Zapadnoj Africi\",\"datePublished\":\"2013-11-01T15:06:22+00:00\",\"mainEntityOfPage\":{\"@id\":\"https:\/\/sandzakpress.net\/arhiva\/francuska-zatvara-deset-ambasada-u-zapadnoj-africi\/\"},\"wordCount\":121,\"commentCount\":0,\"publisher\":{\"@id\":\"https:\/\/sandzakpress.net\/arhiva\/#\/schema\/person\/6e72b67d6e51910a1117b3b483ba20bd\"},\"image\":{\"@id\":\"https:\/\/sandzakpress.net\/arhiva\/francuska-zatvara-deset-ambasada-u-zapadnoj-africi\/#primaryimage\"},\"thumbnailUrl\":\"https:\/\/sandzakpress.net\/arhiva\/wp-content\/uploads\/2013\/11\/francuska-se-povlaci-iz-afrike_trt-bosanski-24347-300x1811.jpg\",\"articleSection\":[\"Francuska\",\"Svijet\"],\"inLanguage\":\"bs-BA\",\"potentialAction\":[{\"@type\":\"CommentAction\",\"name\":\"Comment\",\"target\":[\"https:\/\/sandzakpress.net\/arhiva\/francuska-zatvara-deset-ambasada-u-zapadnoj-africi\/#respond\"]}]},{\"@type\":\"WebPage\",\"@id\":\"https:\/\/sandzakpress.net\/arhiva\/francuska-zatvara-deset-ambasada-u-zapadnoj-africi\/\",\"url\":\"https:\/\/sandzakpress.net\/arhiva\/francuska-zatvara-deset-ambasada-u-zapadnoj-africi\/\",\"name\":\"Francuska zatvara deset ambasada u Zapadnoj Africi\",\"isPartOf\":{\"@id\":\"https:\/\/sandzakpress.net\/arhiva\/#website\"},\"primaryImageOfPage\":{\"@id\":\"https:\/\/sandzakpress.net\/arhiva\/francuska-zatvara-deset-ambasada-u-zapadnoj-africi\/#primaryimage\"},\"image\":{\"@id\":\"https:\/\/sandzakpress.net\/arhiva\/francuska-zatvara-deset-ambasada-u-zapadnoj-africi\/#primaryimage\"},\"thumbnailUrl\":\"https:\/\/sandzakpress.net\/arhiva\/wp-content\/uploads\/2013\/11\/francuska-se-povlaci-iz-afrike_trt-bosanski-24347-300x1811.jpg\",\"datePublished\":\"2013-11-01T15:06:22+00:00\",\"breadcrumb\":{\"@id\":\"https:\/\/sandzakpress.net\/arhiva\/francuska-zatvara-deset-ambasada-u-zapadnoj-africi\/#breadcrumb\"},\"inLanguage\":\"bs-BA\",\"potentialAction\":[{\"@type\":\"ReadAction\",\"target\":[\"https:\/\/sandzakpress.net\/arhiva\/francuska-zatvara-deset-ambasada-u-zapadnoj-africi\/\"]}]},{\"@type\":\"ImageObject\",\"inLanguage\":\"bs-BA\",\"@id\":\"https:\/\/sandzakpress.net\/arhiva\/francuska-zatvara-deset-ambasada-u-zapadnoj-africi\/#primaryimage\",\"url\":\"https:\/\/sandzakpress.net\/arhiva\/wp-content\/uploads\/2013\/11\/francuska-se-povlaci-iz-afrike_trt-bosanski-24347-300x1811.jpg\",\"contentUrl\":\"https:\/\/sandzakpress.net\/arhiva\/wp-content\/uploads\/2013\/11\/francuska-se-povlaci-iz-afrike_trt-bosanski-24347-300x1811.jpg\",\"width\":300,\"height\":181},{\"@type\":\"BreadcrumbList\",\"@id\":\"https:\/\/sandzakpress.net\/arhiva\/francuska-zatvara-deset-ambasada-u-zapadnoj-africi\/#breadcrumb\",\"itemListElement\":[{\"@type\":\"ListItem\",\"position\":1,\"name\":\"Home\",\"item\":\"https:\/\/sandzakpress.net\/arhiva\/\"},{\"@type\":\"ListItem\",\"position\":2,\"name\":\"Francuska zatvara deset ambasada u Zapadnoj Africi\"}]},{\"@type\":\"WebSite\",\"@id\":\"https:\/\/sandzakpress.net\/arhiva\/#website\",\"url\":\"https:\/\/sandzakpress.net\/arhiva\/\",\"name\":\"Sand\u017eak PRESS\",\"description\":\"Prve elektronske novine u Sand\u017eaku\",\"publisher\":{\"@id\":\"https:\/\/sandzakpress.net\/arhiva\/#\/schema\/person\/6e72b67d6e51910a1117b3b483ba20bd\"},\"potentialAction\":[{\"@type\":\"SearchAction\",\"target\":{\"@type\":\"EntryPoint\",\"urlTemplate\":\"https:\/\/sandzakpress.net\/arhiva\/?s={search_term_string}\"},\"query-input\":{\"@type\":\"PropertyValueSpecification\",\"valueRequired\":true,\"valueName\":\"search_term_string\"}}],\"inLanguage\":\"bs-BA\"},{\"@type\":[\"Person\",\"Organization\"],\"@id\":\"https:\/\/sandzakpress.net\/arhiva\/#\/schema\/person\/6e72b67d6e51910a1117b3b483ba20bd\",\"name\":\"Kul\",\"image\":{\"@type\":\"ImageObject\",\"inLanguage\":\"bs-BA\",\"@id\":\"https:\/\/sandzakpress.net\/arhiva\/#\/schema\/person\/image\/\",\"url\":\"https:\/\/secure.gravatar.com\/avatar\/42263f39aa27ac04c43cab85c280eb2e?s=96&d=mm&r=pg\",\"contentUrl\":\"https:\/\/secure.gravatar.com\/avatar\/42263f39aa27ac04c43cab85c280eb2e?s=96&d=mm&r=pg\",\"caption\":\"Kul\"},\"logo\":{\"@id\":\"https:\/\/sandzakpress.net\/arhiva\/#\/schema\/person\/image\/\"}},{\"@type\":\"Person\",\"@id\":\"https:\/\/sandzakpress.net\/arhiva\/#\/schema\/person\/c8baee722073534b583ea7bdb2e36c02\",\"name\":\"bosniak\",\"image\":{\"@type\":\"ImageObject\",\"inLanguage\":\"bs-BA\",\"@id\":\"https:\/\/sandzakpress.net\/arhiva\/#\/schema\/person\/image\/\",\"url\":\"https:\/\/secure.gravatar.com\/avatar\/a04fd330bfe3a36a72a0ad4a6d89fca7?s=96&d=mm&r=pg\",\"contentUrl\":\"https:\/\/secure.gravatar.com\/avatar\/a04fd330bfe3a36a72a0ad4a6d89fca7?s=96&d=mm&r=pg\",\"caption\":\"bosniak\"},\"url\":\"https:\/\/sandzakpress.net\/arhiva\/author\/bosniak\/\"}]}<\/script>\n<!-- \/ Yoast SEO Premium plugin. -->","yoast_head_json":{"title":"Francuska zatvara deset ambasada u Zapadnoj Africi","robots":{"index":"index","follow":"follow","max-snippet":"max-snippet:-1","max-image-preview":"max-image-preview:large","max-video-preview":"max-video-preview:-1"},"canonical":"https:\/\/sandzakpress.net\/arhiva\/francuska-zatvara-deset-ambasada-u-zapadnoj-africi\/","og_locale":"bs_BA","og_type":"article","og_title":"Francuska zatvara deset ambasada u Zapadnoj Africi","og_description":"Francuska &#8211; Francuska je iz ekonomskih razloga odlu\u010dila zatvoriti deset ambasada u zemljama Zapadne Afrike, uklju\u010duju\u0107i i Gambiju. \u00a0Francuski ambasador u Gambiji Jean Marc Transon u izjavi koju je dao nakon sastanka sa francuskim potpredsjednikom Isatouom Njie-Saidyjem saop\u0161tio je da \u0107e francuska vlada zatvoriti deset ambasada u Zapadnoj Africi. Zatvaranje ambasade nije prouzrokovala nikakva negativnost [&hellip;]","og_url":"https:\/\/sandzakpress.net\/arhiva\/francuska-zatvara-deset-ambasada-u-zapadnoj-africi\/","og_site_name":"Sand\u017eak PRESS","article_published_time":"2013-11-01T15:06:22+00:00","og_image":[{"width":300,"height":181,"url":"https:\/\/sandzakpress.net\/arhiva\/wp-content\/uploads\/2013\/11\/francuska-se-povlaci-iz-afrike_trt-bosanski-24347-300x1811.jpg","type":"image\/jpeg"}],"author":"bosniak","twitter_card":"summary_large_image","twitter_misc":{"Written by":"bosniak","Est. reading time":"1 minuta"},"schema":{"@context":"https:\/\/schema.org","@graph":[{"@type":"Article","@id":"https:\/\/sandzakpress.net\/arhiva\/francuska-zatvara-deset-ambasada-u-zapadnoj-africi\/#article","isPartOf":{"@id":"https:\/\/sandzakpress.net\/arhiva\/francuska-zatvara-deset-ambasada-u-zapadnoj-africi\/"},"author":{"name":"bosniak","@id":"https:\/\/sandzakpress.net\/arhiva\/#\/schema\/person\/c8baee722073534b583ea7bdb2e36c02"},"headline":"Francuska zatvara deset ambasada u Zapadnoj Africi","datePublished":"2013-11-01T15:06:22+00:00","mainEntityOfPage":{"@id":"https:\/\/sandzakpress.net\/arhiva\/francuska-zatvara-deset-ambasada-u-zapadnoj-africi\/"},"wordCount":121,"commentCount":0,"publisher":{"@id":"https:\/\/sandzakpress.net\/arhiva\/#\/schema\/person\/6e72b67d6e51910a1117b3b483ba20bd"},"image":{"@id":"https:\/\/sandzakpress.net\/arhiva\/francuska-zatvara-deset-ambasada-u-zapadnoj-africi\/#primaryimage"},"thumbnailUrl":"https:\/\/sandzakpress.net\/arhiva\/wp-content\/uploads\/2013\/11\/francuska-se-povlaci-iz-afrike_trt-bosanski-24347-300x1811.jpg","articleSection":["Francuska","Svijet"],"inLanguage":"bs-BA","potentialAction":[{"@type":"CommentAction","name":"Comment","target":["https:\/\/sandzakpress.net\/arhiva\/francuska-zatvara-deset-ambasada-u-zapadnoj-africi\/#respond"]}]},{"@type":"WebPage","@id":"https:\/\/sandzakpress.net\/arhiva\/francuska-zatvara-deset-ambasada-u-zapadnoj-africi\/","url":"https:\/\/sandzakpress.net\/arhiva\/francuska-zatvara-deset-ambasada-u-zapadnoj-africi\/","name":"Francuska zatvara deset ambasada u Zapadnoj Africi","isPartOf":{"@id":"https:\/\/sandzakpress.net\/arhiva\/#website"},"primaryImageOfPage":{"@id":"https:\/\/sandzakpress.net\/arhiva\/francuska-zatvara-deset-ambasada-u-zapadnoj-africi\/#primaryimage"},"image":{"@id":"https:\/\/sandzakpress.net\/arhiva\/francuska-zatvara-deset-ambasada-u-zapadnoj-africi\/#primaryimage"},"thumbnailUrl":"https:\/\/sandzakpress.net\/arhiva\/wp-content\/uploads\/2013\/11\/francuska-se-povlaci-iz-afrike_trt-bosanski-24347-300x1811.jpg","datePublished":"2013-11-01T15:06:22+00:00","breadcrumb":{"@id":"https:\/\/sandzakpress.net\/arhiva\/francuska-zatvara-deset-ambasada-u-zapadnoj-africi\/#breadcrumb"},"inLanguage":"bs-BA","potentialAction":[{"@type":"ReadAction","target":["https:\/\/sandzakpress.net\/arhiva\/francuska-zatvara-deset-ambasada-u-zapadnoj-africi\/"]}]},{"@type":"ImageObject","inLanguage":"bs-BA","@id":"https:\/\/sandzakpress.net\/arhiva\/francuska-zatvara-deset-ambasada-u-zapadnoj-africi\/#primaryimage","url":"https:\/\/sandzakpress.net\/arhiva\/wp-content\/uploads\/2013\/11\/francuska-se-povlaci-iz-afrike_trt-bosanski-24347-300x1811.jpg","contentUrl":"https:\/\/sandzakpress.net\/arhiva\/wp-content\/uploads\/2013\/11\/francuska-se-povlaci-iz-afrike_trt-bosanski-24347-300x1811.jpg","width":300,"height":181},{"@type":"BreadcrumbList","@id":"https:\/\/sandzakpress.net\/arhiva\/francuska-zatvara-deset-ambasada-u-zapadnoj-africi\/#breadcrumb","itemListElement":[{"@type":"ListItem","position":1,"name":"Home","item":"https:\/\/sandzakpress.net\/arhiva\/"},{"@type":"ListItem","position":2,"name":"Francuska zatvara deset ambasada u Zapadnoj Africi"}]},{"@type":"WebSite","@id":"https:\/\/sandzakpress.net\/arhiva\/#website","url":"https:\/\/sandzakpress.net\/arhiva\/","name":"Sand\u017eak PRESS","description":"Prve elektronske novine u Sand\u017eaku","publisher":{"@id":"https:\/\/sandzakpress.net\/arhiva\/#\/schema\/person\/6e72b67d6e51910a1117b3b483ba20bd"},"potentialAction":[{"@type":"SearchAction","target":{"@type":"EntryPoint","urlTemplate":"https:\/\/sandzakpress.net\/arhiva\/?s={search_term_string}"},"query-input":{"@type":"PropertyValueSpecification","valueRequired":true,"valueName":"search_term_string"}}],"inLanguage":"bs-BA"},{"@type":["Person","Organization"],"@id":"https:\/\/sandzakpress.net\/arhiva\/#\/schema\/person\/6e72b67d6e51910a1117b3b483ba20bd","name":"Kul","image":{"@type":"ImageObject","inLanguage":"bs-BA","@id":"https:\/\/sandzakpress.net\/arhiva\/#\/schema\/person\/image\/","url":"https:\/\/secure.gravatar.com\/avatar\/42263f39aa27ac04c43cab85c280eb2e?s=96&d=mm&r=pg","contentUrl":"https:\/\/secure.gravatar.com\/avatar\/42263f39aa27ac04c43cab85c280eb2e?s=96&d=mm&r=pg","caption":"Kul"},"logo":{"@id":"https:\/\/sandzakpress.net\/arhiva\/#\/schema\/person\/image\/"}},{"@type":"Person","@id":"https:\/\/sandzakpress.net\/arhiva\/#\/schema\/person\/c8baee722073534b583ea7bdb2e36c02","name":"bosniak","image":{"@type":"ImageObject","inLanguage":"bs-BA","@id":"https:\/\/sandzakpress.net\/arhiva\/#\/schema\/person\/image\/","url":"https:\/\/secure.gravatar.com\/avatar\/a04fd330bfe3a36a72a0ad4a6d89fca7?s=96&d=mm&r=pg","contentUrl":"https:\/\/secure.gravatar.com\/avatar\/a04fd330bfe3a36a72a0ad4a6d89fca7?s=96&d=mm&r=pg","caption":"bosniak"},"url":"https:\/\/sandzakpress.net\/arhiva\/author\/bosniak\/"}]}},"_links":{"self":[{"href":"https:\/\/sandzakpress.net\/arhiva\/wp-json\/wp\/v2\/posts\/93288"}],"collection":[{"href":"https:\/\/sandzakpress.net\/arhiva\/wp-json\/wp\/v2\/posts"}],"about":[{"href":"https:\/\/sandzakpress.net\/arhiva\/wp-json\/wp\/v2\/types\/post"}],"author":[{"embeddable":true,"href":"https:\/\/sandzakpress.net\/arhiva\/wp-json\/wp\/v2\/users\/83"}],"replies":[{"embeddable":true,"href":"https:\/\/sandzakpress.net\/arhiva\/wp-json\/wp\/v2\/comments?post=93288"}],"version-history":[{"count":0,"href":"https:\/\/sandzakpress.net\/arhiva\/wp-json\/wp\/v2\/posts\/93288\/revisions"}],"wp:featuredmedia":[{"embeddable":true,"href":"https:\/\/sandzakpress.net\/arhiva\/wp-json\/wp\/v2\/media\/93291"}],"wp:attachment":[{"href":"https:\/\/sandzakpress.net\/arhiva\/wp-json\/wp\/v2\/media?parent=93288"}],"wp:term":[{"taxonomy":"category","embeddable":true,"href":"https:\/\/sandzakpress.net\/arhiva\/wp-json\/wp\/v2\/categories?post=93288"},{"taxonomy":"post_tag","embeddable":true,"href":"https:\/\/sandzakpress.net\/arhiva\/wp-json\/wp\/v2\/tags?post=93288"}],"curies":[{"name":"wp","href":"https:\/\/api.w.org\/{rel}","templated":true}]}}