{"id":9324,"date":"2010-10-25T00:58:06","date_gmt":"2010-10-24T22:58:06","guid":{"rendered":"https:\/\/sandzakpress.net\/arhiva\/?p=9324"},"modified":"2010-10-25T00:58:06","modified_gmt":"2010-10-24T22:58:06","slug":"roditelji-brane-vjeroucitelja-u-trnavi","status":"publish","type":"post","link":"https:\/\/sandzakpress.net\/arhiva\/roditelji-brane-vjeroucitelja-u-trnavi\/","title":{"rendered":"Roditelji brane vjerou\u010ditelja u Trnavi"},"content":{"rendered":"<p><strong><a href=\"https:\/\/sandzakpress.net\/arhiva\/wp-content\/uploads\/2010\/10\/DSC_0025.jpg\"><img loading=\"lazy\" decoding=\"async\" class=\"alignleft size-medium wp-image-9325\" title=\"DSC_0025\" src=\"https:\/\/sandzakpress.net\/arhiva\/wp-content\/uploads\/2010\/10\/DSC_0025-300x199.jpg\" alt=\"\" width=\"300\" height=\"199\" \/><\/a>Novi Pazar &#8211; Roditelji djece koja poha\u0111aju nastavu u O.\u0160. \u201e\u0110ura Jak\u0161i\u0107\u201c u Trnavi predali su direktoru \u0161kole u \u010detvrtak 21. oktobra 2010. godine peticiju sa potpisima 106 roditelja u kojoj tra\u017ee da se do sada\u0161njem vjerou\u010ditelju Almiru-ef. Suljevi\u0107u omogu\u0107i da i dalje izvodi vjersku nastavu u ovoj \u0161koli.<\/strong><\/p>\n<p>Roditelji su od direktora zahtijevali da se njihova peticija po\u0161alje u ministarstvo prosvjete ministru \u017darku Obradovi\u0107u li\u010dno i zaprijetili su da \u0107e ukoliko se ne udovolji ovom njihovom zahtjevu obustaviti izvo\u0111enje cjelokupne nastave u ovoj \u0161koli. Direktor \u0161kole je primio delegaciju roditelja i obe\u0107ao saradnju kako bi se ovaj problem rije\u0161io u interesu djece.<\/p>\n<p>Problem sa islamskom vjeronaukom je izazvala odluka Vlade Republike Srbije po kojoj je iz Vladine komisije za vjeronauku izba\u010den dr. Mevlud Dudi\u0107, \u010dlan Komisije od njenog osnivanja, i spiskovi ne kompetentnih vjerou\u010ditelja koji su dostavljeni ministarstvu prosvjete na kojima nema dosada\u0161njih vjerou\u010ditelja.<\/p>\n<p>Salkovi\u0107 Murat, mje\u0161tanin Trnave i jedan od potpisnika peticije kazao je:<\/p>\n<p>\u201eNa\u0161 zahtev je izri\u010dit. Tra\u017eimo da ostane dosada\u0161nji vjerou\u010ditelj. Napisali smo peticiju koju su potpisali roditelji koji su saglasni da ovaj vjerou\u010ditelj nastavi sa obrazovanjem na\u0161e djece. U protivnom obustavi\u0107emo kompletnu nastavu. Na\u0161a djeca ne\u0107e poha\u0111ati nastavu ukoliko se ovom na\u0161am zahtjevu ne udovolji. Mi se iskreno nadamo da \u0107e ministarstvo prosvjete ispuniti na\u0161e zahtjeve. Mi smatramo da ministarstvo nije kompetentno da odre\u0111uje vjerou\u010ditelje, sve druge nastavnike mo\u017ee da odredi i da njihovu stru\u010dnost ocijenjuje ali vjerou\u010ditelja smatramo da trebamo mi da biramo i osta\u0107emo dosledni.\u201c<\/p>\n<p>Direktor \u0161kole Ramo Koca je rekao:<\/p>\n<p><img decoding=\"async\" title=\"Sample Image\" src=\"http:\/\/islamskazajednica.org\/images\/stories\/protest%20u%20trnavi%2021.10.2010\/DSC_0031.jpg\" alt=\"Sample Image\" width=\"100\" align=\"left\" \/>\u201eMeni je ovaj problem poznat jo\u0161 od po\u010detka \u0161kolske godine. \u0160kola postoji radi djece i oni imaju pravo na izbor izbornih predmeta. Roditelji se ne sla\u017eu sa stavom ministarstva prosvjete o na\u010dinu izbora vjerou\u010ditelja. Dogovorili smo se da po\u0161aljemo dopis ministarstvu i ja \u0107u to da u\u010dinim onako kako to protokol nala\u017ee.\u201c<\/p>\n<p>\u201eS obzirom da Almir efendija radi kao vjerou\u010ditelu\u010ditelj ve\u0107 \u010detiri godine i da je do sad bio dobar za\u0161to ga sad isklju\u010duju?\u201c rekao je jo\u0161 jedan od roditelja E\u0161ef Aljovi\u0107 i dodao \u201e Ja imam troje djece koja idu u \u0161kolu, a od nas Aljovi\u0107a ima dvadeset i petoro djece koja za sad poha\u0111aju \u0161kolu i ima jo\u0161 tridesetoro djece koja treba da krenu u \u0161kolu, ukoliko se na\u0161im zahtjevima ne udovolji djeca Aljovi\u0107a ne\u0107e i\u0107i u \u0161kolu.\u201c<\/p>\n<p><img decoding=\"async\" title=\"Sample Image\" src=\"http:\/\/islamskazajednica.org\/images\/stories\/protest%20u%20trnavi%2021.10.2010\/DSC_0055.jpg\" alt=\"Sample Image\" width=\"100\" align=\"left\" \/>Vjerou\u010ditelj Almir Suljevi\u0107 se zahvalio roditeljima na podr\u0161ci koju mu daju i dodao:<\/p>\n<p>\u201eOvo je li\u010dna inicijativa roditelja i ja apelujem da ostanu dosljedni svojoj odluci. Ja \u0107u i dalje ostati u ovoj \u0161koli da se borim za prava djece, jer vjeronauka je izborni predmet i oni imaju pravo da biraju vjerou\u010ditelja koji \u0107e im dr\u017eati predavanja.\u201c<\/p>\n<p>.<\/p>\n<p>.<\/p>\n<p><object classid=\"clsid:d27cdb6e-ae6d-11cf-96b8-444553540000\" width=\"616\" height=\"500\" codebase=\"http:\/\/download.macromedia.com\/pub\/shockwave\/cabs\/flash\/swflash.cab#version=6,0,40,0\"><param name=\"allowFullScreen\" value=\"true\" \/><param name=\"allowscriptaccess\" value=\"always\" \/><param name=\"src\" value=\"http:\/\/www.youtube.com\/v\/GskfFKn4eeE?fs=1&amp;hl=en_US\" \/><param name=\"allowfullscreen\" value=\"true\" \/><embed type=\"application\/x-shockwave-flash\" width=\"616\" height=\"500\" src=\"http:\/\/www.youtube.com\/v\/GskfFKn4eeE?fs=1&amp;hl=en_US\" allowscriptaccess=\"always\" allowfullscreen=\"true\"><\/embed><\/object><\/p>\n<p>Izvor: <strong>IslamskaZajednica.org<\/strong><\/p>\n","protected":false},"excerpt":{"rendered":"<p>Novi Pazar &#8211; Roditelji djece koja poha\u0111aju nastavu u O.\u0160. \u201e\u0110ura Jak\u0161i\u0107\u201c u Trnavi predali su direktoru \u0161kole u \u010detvrtak 21. oktobra 2010. godine peticiju sa potpisima 106 roditelja u kojoj tra\u017ee da se do sada\u0161njem vjerou\u010ditelju Almiru-ef. Suljevi\u0107u omogu\u0107i da i dalje izvodi vjersku nastavu u ovoj \u0161koli. Roditelji su od direktora zahtijevali da [&hellip;]<\/p>\n","protected":false},"author":83,"featured_media":9325,"comment_status":"open","ping_status":"open","sticky":false,"template":"","format":"standard","meta":{"footnotes":""},"categories":[72,800],"tags":[],"class_list":{"0":"post-9324","1":"post","2":"type-post","3":"status-publish","4":"format-standard","5":"has-post-thumbnail","7":"category-novi-pazar","8":"category-nacija"},"yoast_head":"<!-- This site is optimized with the Yoast SEO Premium plugin v23.1 (Yoast SEO v24.9) - https:\/\/yoast.com\/wordpress\/plugins\/seo\/ -->\n<title>Roditelji brane vjerou\u010ditelja u Trnavi<\/title>\n<meta name=\"robots\" content=\"index, follow, max-snippet:-1, max-image-preview:large, max-video-preview:-1\" \/>\n<link rel=\"canonical\" href=\"https:\/\/sandzakpress.net\/arhiva\/roditelji-brane-vjeroucitelja-u-trnavi\/\" \/>\n<meta property=\"og:locale\" content=\"bs_BA\" \/>\n<meta property=\"og:type\" content=\"article\" \/>\n<meta property=\"og:title\" content=\"Roditelji brane vjerou\u010ditelja u Trnavi\" \/>\n<meta property=\"og:description\" content=\"Novi Pazar &#8211; Roditelji djece koja poha\u0111aju nastavu u O.\u0160. \u201e\u0110ura Jak\u0161i\u0107\u201c u Trnavi predali su direktoru \u0161kole u \u010detvrtak 21. oktobra 2010. godine peticiju sa potpisima 106 roditelja u kojoj tra\u017ee da se do sada\u0161njem vjerou\u010ditelju Almiru-ef. Suljevi\u0107u omogu\u0107i da i dalje izvodi vjersku nastavu u ovoj \u0161koli. Roditelji su od direktora zahtijevali da [&hellip;]\" \/>\n<meta property=\"og:url\" content=\"https:\/\/sandzakpress.net\/arhiva\/roditelji-brane-vjeroucitelja-u-trnavi\/\" \/>\n<meta property=\"og:site_name\" content=\"Sand\u017eak PRESS\" \/>\n<meta property=\"article:published_time\" content=\"2010-10-24T22:58:06+00:00\" \/>\n<meta property=\"og:image\" content=\"https:\/\/sandzakpress.net\/arhiva\/wp-content\/uploads\/2010\/10\/DSC_0025.jpg\" \/>\n\t<meta property=\"og:image:width\" content=\"600\" \/>\n\t<meta property=\"og:image:height\" content=\"399\" \/>\n\t<meta property=\"og:image:type\" content=\"image\/jpeg\" \/>\n<meta name=\"author\" content=\"bosniak\" \/>\n<meta name=\"twitter:card\" content=\"summary_large_image\" \/>\n<meta name=\"twitter:label1\" content=\"Written by\" \/>\n\t<meta name=\"twitter:data1\" content=\"bosniak\" \/>\n\t<meta name=\"twitter:label2\" content=\"Est. reading time\" \/>\n\t<meta name=\"twitter:data2\" content=\"2 minute\" \/>\n<script type=\"application\/ld+json\" class=\"yoast-schema-graph\">{\"@context\":\"https:\/\/schema.org\",\"@graph\":[{\"@type\":\"Article\",\"@id\":\"https:\/\/sandzakpress.net\/arhiva\/roditelji-brane-vjeroucitelja-u-trnavi\/#article\",\"isPartOf\":{\"@id\":\"https:\/\/sandzakpress.net\/arhiva\/roditelji-brane-vjeroucitelja-u-trnavi\/\"},\"author\":{\"name\":\"bosniak\",\"@id\":\"https:\/\/sandzakpress.net\/arhiva\/#\/schema\/person\/c8baee722073534b583ea7bdb2e36c02\"},\"headline\":\"Roditelji brane vjerou\u010ditelja u Trnavi\",\"datePublished\":\"2010-10-24T22:58:06+00:00\",\"mainEntityOfPage\":{\"@id\":\"https:\/\/sandzakpress.net\/arhiva\/roditelji-brane-vjeroucitelja-u-trnavi\/\"},\"wordCount\":499,\"commentCount\":0,\"publisher\":{\"@id\":\"https:\/\/sandzakpress.net\/arhiva\/#\/schema\/person\/6e72b67d6e51910a1117b3b483ba20bd\"},\"image\":{\"@id\":\"https:\/\/sandzakpress.net\/arhiva\/roditelji-brane-vjeroucitelja-u-trnavi\/#primaryimage\"},\"thumbnailUrl\":\"https:\/\/sandzakpress.net\/arhiva\/wp-content\/uploads\/2010\/10\/DSC_0025.jpg\",\"articleSection\":[\"Novi Pazar\",\"Nacija\"],\"inLanguage\":\"bs-BA\",\"potentialAction\":[{\"@type\":\"CommentAction\",\"name\":\"Comment\",\"target\":[\"https:\/\/sandzakpress.net\/arhiva\/roditelji-brane-vjeroucitelja-u-trnavi\/#respond\"]}]},{\"@type\":\"WebPage\",\"@id\":\"https:\/\/sandzakpress.net\/arhiva\/roditelji-brane-vjeroucitelja-u-trnavi\/\",\"url\":\"https:\/\/sandzakpress.net\/arhiva\/roditelji-brane-vjeroucitelja-u-trnavi\/\",\"name\":\"Roditelji brane vjerou\u010ditelja u Trnavi\",\"isPartOf\":{\"@id\":\"https:\/\/sandzakpress.net\/arhiva\/#website\"},\"primaryImageOfPage\":{\"@id\":\"https:\/\/sandzakpress.net\/arhiva\/roditelji-brane-vjeroucitelja-u-trnavi\/#primaryimage\"},\"image\":{\"@id\":\"https:\/\/sandzakpress.net\/arhiva\/roditelji-brane-vjeroucitelja-u-trnavi\/#primaryimage\"},\"thumbnailUrl\":\"https:\/\/sandzakpress.net\/arhiva\/wp-content\/uploads\/2010\/10\/DSC_0025.jpg\",\"datePublished\":\"2010-10-24T22:58:06+00:00\",\"breadcrumb\":{\"@id\":\"https:\/\/sandzakpress.net\/arhiva\/roditelji-brane-vjeroucitelja-u-trnavi\/#breadcrumb\"},\"inLanguage\":\"bs-BA\",\"potentialAction\":[{\"@type\":\"ReadAction\",\"target\":[\"https:\/\/sandzakpress.net\/arhiva\/roditelji-brane-vjeroucitelja-u-trnavi\/\"]}]},{\"@type\":\"ImageObject\",\"inLanguage\":\"bs-BA\",\"@id\":\"https:\/\/sandzakpress.net\/arhiva\/roditelji-brane-vjeroucitelja-u-trnavi\/#primaryimage\",\"url\":\"https:\/\/sandzakpress.net\/arhiva\/wp-content\/uploads\/2010\/10\/DSC_0025.jpg\",\"contentUrl\":\"https:\/\/sandzakpress.net\/arhiva\/wp-content\/uploads\/2010\/10\/DSC_0025.jpg\",\"width\":600,\"height\":399},{\"@type\":\"BreadcrumbList\",\"@id\":\"https:\/\/sandzakpress.net\/arhiva\/roditelji-brane-vjeroucitelja-u-trnavi\/#breadcrumb\",\"itemListElement\":[{\"@type\":\"ListItem\",\"position\":1,\"name\":\"Home\",\"item\":\"https:\/\/sandzakpress.net\/arhiva\/\"},{\"@type\":\"ListItem\",\"position\":2,\"name\":\"Roditelji brane vjerou\u010ditelja u Trnavi\"}]},{\"@type\":\"WebSite\",\"@id\":\"https:\/\/sandzakpress.net\/arhiva\/#website\",\"url\":\"https:\/\/sandzakpress.net\/arhiva\/\",\"name\":\"Sand\u017eak PRESS\",\"description\":\"Prve elektronske novine u Sand\u017eaku\",\"publisher\":{\"@id\":\"https:\/\/sandzakpress.net\/arhiva\/#\/schema\/person\/6e72b67d6e51910a1117b3b483ba20bd\"},\"potentialAction\":[{\"@type\":\"SearchAction\",\"target\":{\"@type\":\"EntryPoint\",\"urlTemplate\":\"https:\/\/sandzakpress.net\/arhiva\/?s={search_term_string}\"},\"query-input\":{\"@type\":\"PropertyValueSpecification\",\"valueRequired\":true,\"valueName\":\"search_term_string\"}}],\"inLanguage\":\"bs-BA\"},{\"@type\":[\"Person\",\"Organization\"],\"@id\":\"https:\/\/sandzakpress.net\/arhiva\/#\/schema\/person\/6e72b67d6e51910a1117b3b483ba20bd\",\"name\":\"Kul\",\"image\":{\"@type\":\"ImageObject\",\"inLanguage\":\"bs-BA\",\"@id\":\"https:\/\/sandzakpress.net\/arhiva\/#\/schema\/person\/image\/\",\"url\":\"https:\/\/secure.gravatar.com\/avatar\/42263f39aa27ac04c43cab85c280eb2e?s=96&d=mm&r=pg\",\"contentUrl\":\"https:\/\/secure.gravatar.com\/avatar\/42263f39aa27ac04c43cab85c280eb2e?s=96&d=mm&r=pg\",\"caption\":\"Kul\"},\"logo\":{\"@id\":\"https:\/\/sandzakpress.net\/arhiva\/#\/schema\/person\/image\/\"}},{\"@type\":\"Person\",\"@id\":\"https:\/\/sandzakpress.net\/arhiva\/#\/schema\/person\/c8baee722073534b583ea7bdb2e36c02\",\"name\":\"bosniak\",\"image\":{\"@type\":\"ImageObject\",\"inLanguage\":\"bs-BA\",\"@id\":\"https:\/\/sandzakpress.net\/arhiva\/#\/schema\/person\/image\/\",\"url\":\"https:\/\/secure.gravatar.com\/avatar\/a04fd330bfe3a36a72a0ad4a6d89fca7?s=96&d=mm&r=pg\",\"contentUrl\":\"https:\/\/secure.gravatar.com\/avatar\/a04fd330bfe3a36a72a0ad4a6d89fca7?s=96&d=mm&r=pg\",\"caption\":\"bosniak\"},\"url\":\"https:\/\/sandzakpress.net\/arhiva\/author\/bosniak\/\"}]}<\/script>\n<!-- \/ Yoast SEO Premium plugin. -->","yoast_head_json":{"title":"Roditelji brane vjerou\u010ditelja u Trnavi","robots":{"index":"index","follow":"follow","max-snippet":"max-snippet:-1","max-image-preview":"max-image-preview:large","max-video-preview":"max-video-preview:-1"},"canonical":"https:\/\/sandzakpress.net\/arhiva\/roditelji-brane-vjeroucitelja-u-trnavi\/","og_locale":"bs_BA","og_type":"article","og_title":"Roditelji brane vjerou\u010ditelja u Trnavi","og_description":"Novi Pazar &#8211; Roditelji djece koja poha\u0111aju nastavu u O.\u0160. \u201e\u0110ura Jak\u0161i\u0107\u201c u Trnavi predali su direktoru \u0161kole u \u010detvrtak 21. oktobra 2010. godine peticiju sa potpisima 106 roditelja u kojoj tra\u017ee da se do sada\u0161njem vjerou\u010ditelju Almiru-ef. Suljevi\u0107u omogu\u0107i da i dalje izvodi vjersku nastavu u ovoj \u0161koli. Roditelji su od direktora zahtijevali da [&hellip;]","og_url":"https:\/\/sandzakpress.net\/arhiva\/roditelji-brane-vjeroucitelja-u-trnavi\/","og_site_name":"Sand\u017eak PRESS","article_published_time":"2010-10-24T22:58:06+00:00","og_image":[{"width":600,"height":399,"url":"https:\/\/sandzakpress.net\/arhiva\/wp-content\/uploads\/2010\/10\/DSC_0025.jpg","type":"image\/jpeg"}],"author":"bosniak","twitter_card":"summary_large_image","twitter_misc":{"Written by":"bosniak","Est. reading time":"2 minute"},"schema":{"@context":"https:\/\/schema.org","@graph":[{"@type":"Article","@id":"https:\/\/sandzakpress.net\/arhiva\/roditelji-brane-vjeroucitelja-u-trnavi\/#article","isPartOf":{"@id":"https:\/\/sandzakpress.net\/arhiva\/roditelji-brane-vjeroucitelja-u-trnavi\/"},"author":{"name":"bosniak","@id":"https:\/\/sandzakpress.net\/arhiva\/#\/schema\/person\/c8baee722073534b583ea7bdb2e36c02"},"headline":"Roditelji brane vjerou\u010ditelja u Trnavi","datePublished":"2010-10-24T22:58:06+00:00","mainEntityOfPage":{"@id":"https:\/\/sandzakpress.net\/arhiva\/roditelji-brane-vjeroucitelja-u-trnavi\/"},"wordCount":499,"commentCount":0,"publisher":{"@id":"https:\/\/sandzakpress.net\/arhiva\/#\/schema\/person\/6e72b67d6e51910a1117b3b483ba20bd"},"image":{"@id":"https:\/\/sandzakpress.net\/arhiva\/roditelji-brane-vjeroucitelja-u-trnavi\/#primaryimage"},"thumbnailUrl":"https:\/\/sandzakpress.net\/arhiva\/wp-content\/uploads\/2010\/10\/DSC_0025.jpg","articleSection":["Novi Pazar","Nacija"],"inLanguage":"bs-BA","potentialAction":[{"@type":"CommentAction","name":"Comment","target":["https:\/\/sandzakpress.net\/arhiva\/roditelji-brane-vjeroucitelja-u-trnavi\/#respond"]}]},{"@type":"WebPage","@id":"https:\/\/sandzakpress.net\/arhiva\/roditelji-brane-vjeroucitelja-u-trnavi\/","url":"https:\/\/sandzakpress.net\/arhiva\/roditelji-brane-vjeroucitelja-u-trnavi\/","name":"Roditelji brane vjerou\u010ditelja u Trnavi","isPartOf":{"@id":"https:\/\/sandzakpress.net\/arhiva\/#website"},"primaryImageOfPage":{"@id":"https:\/\/sandzakpress.net\/arhiva\/roditelji-brane-vjeroucitelja-u-trnavi\/#primaryimage"},"image":{"@id":"https:\/\/sandzakpress.net\/arhiva\/roditelji-brane-vjeroucitelja-u-trnavi\/#primaryimage"},"thumbnailUrl":"https:\/\/sandzakpress.net\/arhiva\/wp-content\/uploads\/2010\/10\/DSC_0025.jpg","datePublished":"2010-10-24T22:58:06+00:00","breadcrumb":{"@id":"https:\/\/sandzakpress.net\/arhiva\/roditelji-brane-vjeroucitelja-u-trnavi\/#breadcrumb"},"inLanguage":"bs-BA","potentialAction":[{"@type":"ReadAction","target":["https:\/\/sandzakpress.net\/arhiva\/roditelji-brane-vjeroucitelja-u-trnavi\/"]}]},{"@type":"ImageObject","inLanguage":"bs-BA","@id":"https:\/\/sandzakpress.net\/arhiva\/roditelji-brane-vjeroucitelja-u-trnavi\/#primaryimage","url":"https:\/\/sandzakpress.net\/arhiva\/wp-content\/uploads\/2010\/10\/DSC_0025.jpg","contentUrl":"https:\/\/sandzakpress.net\/arhiva\/wp-content\/uploads\/2010\/10\/DSC_0025.jpg","width":600,"height":399},{"@type":"BreadcrumbList","@id":"https:\/\/sandzakpress.net\/arhiva\/roditelji-brane-vjeroucitelja-u-trnavi\/#breadcrumb","itemListElement":[{"@type":"ListItem","position":1,"name":"Home","item":"https:\/\/sandzakpress.net\/arhiva\/"},{"@type":"ListItem","position":2,"name":"Roditelji brane vjerou\u010ditelja u Trnavi"}]},{"@type":"WebSite","@id":"https:\/\/sandzakpress.net\/arhiva\/#website","url":"https:\/\/sandzakpress.net\/arhiva\/","name":"Sand\u017eak PRESS","description":"Prve elektronske novine u Sand\u017eaku","publisher":{"@id":"https:\/\/sandzakpress.net\/arhiva\/#\/schema\/person\/6e72b67d6e51910a1117b3b483ba20bd"},"potentialAction":[{"@type":"SearchAction","target":{"@type":"EntryPoint","urlTemplate":"https:\/\/sandzakpress.net\/arhiva\/?s={search_term_string}"},"query-input":{"@type":"PropertyValueSpecification","valueRequired":true,"valueName":"search_term_string"}}],"inLanguage":"bs-BA"},{"@type":["Person","Organization"],"@id":"https:\/\/sandzakpress.net\/arhiva\/#\/schema\/person\/6e72b67d6e51910a1117b3b483ba20bd","name":"Kul","image":{"@type":"ImageObject","inLanguage":"bs-BA","@id":"https:\/\/sandzakpress.net\/arhiva\/#\/schema\/person\/image\/","url":"https:\/\/secure.gravatar.com\/avatar\/42263f39aa27ac04c43cab85c280eb2e?s=96&d=mm&r=pg","contentUrl":"https:\/\/secure.gravatar.com\/avatar\/42263f39aa27ac04c43cab85c280eb2e?s=96&d=mm&r=pg","caption":"Kul"},"logo":{"@id":"https:\/\/sandzakpress.net\/arhiva\/#\/schema\/person\/image\/"}},{"@type":"Person","@id":"https:\/\/sandzakpress.net\/arhiva\/#\/schema\/person\/c8baee722073534b583ea7bdb2e36c02","name":"bosniak","image":{"@type":"ImageObject","inLanguage":"bs-BA","@id":"https:\/\/sandzakpress.net\/arhiva\/#\/schema\/person\/image\/","url":"https:\/\/secure.gravatar.com\/avatar\/a04fd330bfe3a36a72a0ad4a6d89fca7?s=96&d=mm&r=pg","contentUrl":"https:\/\/secure.gravatar.com\/avatar\/a04fd330bfe3a36a72a0ad4a6d89fca7?s=96&d=mm&r=pg","caption":"bosniak"},"url":"https:\/\/sandzakpress.net\/arhiva\/author\/bosniak\/"}]}},"_links":{"self":[{"href":"https:\/\/sandzakpress.net\/arhiva\/wp-json\/wp\/v2\/posts\/9324"}],"collection":[{"href":"https:\/\/sandzakpress.net\/arhiva\/wp-json\/wp\/v2\/posts"}],"about":[{"href":"https:\/\/sandzakpress.net\/arhiva\/wp-json\/wp\/v2\/types\/post"}],"author":[{"embeddable":true,"href":"https:\/\/sandzakpress.net\/arhiva\/wp-json\/wp\/v2\/users\/83"}],"replies":[{"embeddable":true,"href":"https:\/\/sandzakpress.net\/arhiva\/wp-json\/wp\/v2\/comments?post=9324"}],"version-history":[{"count":0,"href":"https:\/\/sandzakpress.net\/arhiva\/wp-json\/wp\/v2\/posts\/9324\/revisions"}],"wp:featuredmedia":[{"embeddable":true,"href":"https:\/\/sandzakpress.net\/arhiva\/wp-json\/wp\/v2\/media\/9325"}],"wp:attachment":[{"href":"https:\/\/sandzakpress.net\/arhiva\/wp-json\/wp\/v2\/media?parent=9324"}],"wp:term":[{"taxonomy":"category","embeddable":true,"href":"https:\/\/sandzakpress.net\/arhiva\/wp-json\/wp\/v2\/categories?post=9324"},{"taxonomy":"post_tag","embeddable":true,"href":"https:\/\/sandzakpress.net\/arhiva\/wp-json\/wp\/v2\/tags?post=9324"}],"curies":[{"name":"wp","href":"https:\/\/api.w.org\/{rel}","templated":true}]}}