{"id":93234,"date":"2013-11-01T15:40:55","date_gmt":"2013-11-01T14:40:55","guid":{"rendered":"https:\/\/sandzakpress.net\/arhiva\/?p=93234"},"modified":"2013-11-01T15:40:55","modified_gmt":"2013-11-01T14:40:55","slug":"ljajic-nije-vrijeme-za-bojkot-izbora-na-kim","status":"publish","type":"post","link":"https:\/\/sandzakpress.net\/arhiva\/ljajic-nije-vrijeme-za-bojkot-izbora-na-kim\/","title":{"rendered":"Ljaji\u0107: Nije vrijeme za bojkot izbora na KiM"},"content":{"rendered":"<p><strong><a href=\"https:\/\/sandzakpress.net\/arhiva\/wp-content\/uploads\/2013\/11\/Ljajic-Tanjug.jpg\"><img loading=\"lazy\" decoding=\"async\" class=\"alignleft size-medium wp-image-93235\" alt=\"Ljajic-Tanjug\" src=\"https:\/\/sandzakpress.net\/arhiva\/wp-content\/uploads\/2013\/11\/Ljajic-Tanjug-300x205.jpg\" width=\"300\" height=\"205\" \/><\/a>Kosovo &#8211; Nije vrijeme za bojkot lokalnih izbora na Kosovu, a gra\u0111ani bi trebalo 3. novembra da iza\u0111u na birali\u0161ta i glasaju, izjavio je potpredsednik Vlade Rasim Ljaji\u0107 u Leposavi\u0107u. Najva\u017enije je da u nedelju sve protekne mirno, ocjenio Ljaji\u0107.<\/strong><\/p>\n<p>Potpredsjednik Vlade Srbije Rasim Ljaji\u0107 izjavio je u Leposavi\u0107u da nije vrijeme za bojkot lokalnih izbora na Kosovu i da gra\u0111ani u nedelju 3. novembra treba da iza\u0111u na birali\u0161ta i glasaju.<\/p>\n<p>Ljaji\u0107, koji je i ministar spoljne i unutra\u0161nje trgovine i telekomunikacija poru\u010dio je da za bojkot nikada nije kasno, ali da ovo nije vreme za bojkot, jer bojkotom, kako je objasnio, &#8220;sami sebi oduzimate pravo da se na demokratski na\u010din borite za svoja prava&#8221;.<\/p>\n<p>&#8220;Bojkotom pristajete da budete na tribinama a ne na terenu gde mo\u017eete realno da odlu\u010dujete ne samo o sebi, ve\u0107 o zajednici gde \u017eivite&#8221;, istakao je Ljaji\u0107 dodaju\u0107i da bojkot izbora u ovom trenutku zna\u010di pristanak na jedan potpuno neravnopravan polo\u017eaj u koji se dovodi cela zajednica na Kosovu i Metohiji.<\/p>\n<p>&#8220;Zato je va\u017eno da imamo legitimne institucije sa punim kapacitetom posle tre\u0107eg novembra, da se te institucije tako\u0111e na legitiman na\u010din bore za \u0161to ve\u0107i stepen politi\u010dkih, socijalnih i ekonomskih prava i zato su ovi izbori va\u017eni&#8221;, rekao je Ljaji\u0107.<\/p>\n<p>Ljaji\u0107 je rekao da kada se u\u0111e u institucije, uvek postoji mogu\u0107nost da se te institucije bojkotuju, da se na razli\u010dite demokratske na\u010dine izrazi neslaganje i da je bojkot &#8220;kao da unapred predajete borbu, kao da li\u0161avate sebe prava i mogu\u0107nosti da se za ta prava borite&#8221;.<\/p>\n<p>Ocjenio je da je najva\u017enije da u nedelju protekne sve mirno, naglasiv\u0161i da svako ima pravo da izrazi svoj politi\u010dki stav ali da ne razume one koji nasiljem poku\u0161avaju da taj stav nametnu bilo kome.<\/p>\n<p><strong>Pokazati politi\u010dku zrelost\u00a0<\/strong><\/p>\n<p>Prema rije\u010dima Ljaji\u0107a, ljudima treba omogu\u0107iti da se na miran na\u010din u jednoj demokratskoj atmosferi izjasne &#8220;i oni koji su za bojkot, i oni koji su za izlazak na izbore&#8221;.<\/p>\n<p>&#8220;Prosto ne \u017eelim da verujem da bi moglo da bude bilo kakvih oblika ve\u0107ih incidenata na dan izbora uprkos tenziji koja je permanentno kreirana tokom predizborne kampanje&#8221;, rekao je Ljaji\u0107, dodaju\u0107i da bi &#8220;bili najsre\u0107ini da Euleks i kosovska policija nemaju posla u nedelju, da sve protekne mirno, da poka\u017eemo zavidan stepen politi\u010dke zrelosti&#8221;.<\/p>\n<p>Ljaji\u0107 je ponovio da se 3. novembra ne stavlja ta\u010dka na ono \u0161to nas o\u010dekuje posle toga a to je, kako je rekao, nastavak politi\u010dke, demokratske borbe iza koje \u0107e stati dr\u017eava Srbija, poslije koje \u0107e i srpska zajednica dobiti institucije koje \u0107e biti me\u0111unarodno priznate i prihva\u0107ene i koje mogu da ostvare ono \u0161to je u interesu cijele zajednice na Kosovu i Metohiji.<\/p>\n<p>Osvr\u0107u\u0107i se na \u010dinjenicu da je EU iz svojih fondova za sever pokrajine obezbedila 15 miliona evra, Ljaji\u0107 je rekao da su upravo zbog toga va\u017ene demokratske institucije i da imamo \u0161to ve\u0107i broj projekata koji bi se finansirali ne samo iz EU, ve\u0107 i novcem dr\u017eave Srbije.<\/p>\n<p>&#8220;Mi imamo legitimno pravo da finansiramo sve ono \u0161to je od interesa za ljude koji ovde \u017eive. Nema razloga da bilo \u0161ta krijemo, na trransparentan na\u010din \u0107emo koristiti sve te projekte a svakako koristiti mogu\u0107nost da iz evropskih fondova do\u0111emo do \u0161to ve\u0107eg obima sredstava kako bi popravili \u017eivot ljudi u oblasti infrastrukture&#8221;, rekao je Ljaji\u0107.<\/p>\n<p>(Rts)<\/p>\n","protected":false},"excerpt":{"rendered":"<p>Kosovo &#8211; Nije vrijeme za bojkot lokalnih izbora na Kosovu, a gra\u0111ani bi trebalo 3. novembra da iza\u0111u na birali\u0161ta i glasaju, izjavio je potpredsednik Vlade Rasim Ljaji\u0107 u Leposavi\u0107u. Najva\u017enije je da u nedelju sve protekne mirno, ocjenio Ljaji\u0107. Potpredsjednik Vlade Srbije Rasim Ljaji\u0107 izjavio je u Leposavi\u0107u da nije vrijeme za bojkot lokalnih [&hellip;]<\/p>\n","protected":false},"author":83,"featured_media":93236,"comment_status":"open","ping_status":"open","sticky":false,"template":"","format":"standard","meta":{"footnotes":""},"categories":[1,2690],"tags":[],"class_list":{"0":"post-93234","1":"post","2":"type-post","3":"status-publish","4":"format-standard","5":"has-post-thumbnail","7":"category-politika","8":"category-kosovo-gradovi"},"yoast_head":"<!-- This site is optimized with the Yoast SEO Premium plugin v23.1 (Yoast SEO v24.9) - https:\/\/yoast.com\/wordpress\/plugins\/seo\/ -->\n<title>Ljaji\u0107: Nije vrijeme za bojkot izbora na KiM<\/title>\n<meta name=\"robots\" content=\"index, follow, max-snippet:-1, max-image-preview:large, max-video-preview:-1\" \/>\n<link rel=\"canonical\" href=\"https:\/\/sandzakpress.net\/arhiva\/ljajic-nije-vrijeme-za-bojkot-izbora-na-kim\/\" \/>\n<meta property=\"og:locale\" content=\"bs_BA\" \/>\n<meta property=\"og:type\" content=\"article\" \/>\n<meta property=\"og:title\" content=\"Ljaji\u0107: Nije vrijeme za bojkot izbora na KiM\" \/>\n<meta property=\"og:description\" content=\"Kosovo &#8211; Nije vrijeme za bojkot lokalnih izbora na Kosovu, a gra\u0111ani bi trebalo 3. novembra da iza\u0111u na birali\u0161ta i glasaju, izjavio je potpredsednik Vlade Rasim Ljaji\u0107 u Leposavi\u0107u. Najva\u017enije je da u nedelju sve protekne mirno, ocjenio Ljaji\u0107. Potpredsjednik Vlade Srbije Rasim Ljaji\u0107 izjavio je u Leposavi\u0107u da nije vrijeme za bojkot lokalnih [&hellip;]\" \/>\n<meta property=\"og:url\" content=\"https:\/\/sandzakpress.net\/arhiva\/ljajic-nije-vrijeme-za-bojkot-izbora-na-kim\/\" \/>\n<meta property=\"og:site_name\" content=\"Sand\u017eak PRESS\" \/>\n<meta property=\"article:published_time\" content=\"2013-11-01T14:40:55+00:00\" \/>\n<meta property=\"og:image\" content=\"https:\/\/sandzakpress.net\/arhiva\/wp-content\/uploads\/2013\/11\/Ljajic-Tanjug-300x2051.jpg\" \/>\n\t<meta property=\"og:image:width\" content=\"300\" \/>\n\t<meta property=\"og:image:height\" content=\"205\" \/>\n\t<meta property=\"og:image:type\" content=\"image\/jpeg\" \/>\n<meta name=\"author\" content=\"bosniak\" \/>\n<meta name=\"twitter:card\" content=\"summary_large_image\" \/>\n<meta name=\"twitter:label1\" content=\"Written by\" \/>\n\t<meta name=\"twitter:data1\" content=\"bosniak\" \/>\n\t<meta name=\"twitter:label2\" content=\"Est. reading time\" \/>\n\t<meta name=\"twitter:data2\" content=\"3 minute\" \/>\n<script type=\"application\/ld+json\" class=\"yoast-schema-graph\">{\"@context\":\"https:\/\/schema.org\",\"@graph\":[{\"@type\":\"Article\",\"@id\":\"https:\/\/sandzakpress.net\/arhiva\/ljajic-nije-vrijeme-za-bojkot-izbora-na-kim\/#article\",\"isPartOf\":{\"@id\":\"https:\/\/sandzakpress.net\/arhiva\/ljajic-nije-vrijeme-za-bojkot-izbora-na-kim\/\"},\"author\":{\"name\":\"bosniak\",\"@id\":\"https:\/\/sandzakpress.net\/arhiva\/#\/schema\/person\/c8baee722073534b583ea7bdb2e36c02\"},\"headline\":\"Ljaji\u0107: Nije vrijeme za bojkot izbora na KiM\",\"datePublished\":\"2013-11-01T14:40:55+00:00\",\"mainEntityOfPage\":{\"@id\":\"https:\/\/sandzakpress.net\/arhiva\/ljajic-nije-vrijeme-za-bojkot-izbora-na-kim\/\"},\"wordCount\":608,\"commentCount\":0,\"publisher\":{\"@id\":\"https:\/\/sandzakpress.net\/arhiva\/#\/schema\/person\/6e72b67d6e51910a1117b3b483ba20bd\"},\"image\":{\"@id\":\"https:\/\/sandzakpress.net\/arhiva\/ljajic-nije-vrijeme-za-bojkot-izbora-na-kim\/#primaryimage\"},\"thumbnailUrl\":\"https:\/\/sandzakpress.net\/arhiva\/wp-content\/uploads\/2013\/11\/Ljajic-Tanjug-300x2051.jpg\",\"articleSection\":[\"Politika\",\"Kosovo\"],\"inLanguage\":\"bs-BA\",\"potentialAction\":[{\"@type\":\"CommentAction\",\"name\":\"Comment\",\"target\":[\"https:\/\/sandzakpress.net\/arhiva\/ljajic-nije-vrijeme-za-bojkot-izbora-na-kim\/#respond\"]}]},{\"@type\":\"WebPage\",\"@id\":\"https:\/\/sandzakpress.net\/arhiva\/ljajic-nije-vrijeme-za-bojkot-izbora-na-kim\/\",\"url\":\"https:\/\/sandzakpress.net\/arhiva\/ljajic-nije-vrijeme-za-bojkot-izbora-na-kim\/\",\"name\":\"Ljaji\u0107: Nije vrijeme za bojkot izbora na KiM\",\"isPartOf\":{\"@id\":\"https:\/\/sandzakpress.net\/arhiva\/#website\"},\"primaryImageOfPage\":{\"@id\":\"https:\/\/sandzakpress.net\/arhiva\/ljajic-nije-vrijeme-za-bojkot-izbora-na-kim\/#primaryimage\"},\"image\":{\"@id\":\"https:\/\/sandzakpress.net\/arhiva\/ljajic-nije-vrijeme-za-bojkot-izbora-na-kim\/#primaryimage\"},\"thumbnailUrl\":\"https:\/\/sandzakpress.net\/arhiva\/wp-content\/uploads\/2013\/11\/Ljajic-Tanjug-300x2051.jpg\",\"datePublished\":\"2013-11-01T14:40:55+00:00\",\"breadcrumb\":{\"@id\":\"https:\/\/sandzakpress.net\/arhiva\/ljajic-nije-vrijeme-za-bojkot-izbora-na-kim\/#breadcrumb\"},\"inLanguage\":\"bs-BA\",\"potentialAction\":[{\"@type\":\"ReadAction\",\"target\":[\"https:\/\/sandzakpress.net\/arhiva\/ljajic-nije-vrijeme-za-bojkot-izbora-na-kim\/\"]}]},{\"@type\":\"ImageObject\",\"inLanguage\":\"bs-BA\",\"@id\":\"https:\/\/sandzakpress.net\/arhiva\/ljajic-nije-vrijeme-za-bojkot-izbora-na-kim\/#primaryimage\",\"url\":\"https:\/\/sandzakpress.net\/arhiva\/wp-content\/uploads\/2013\/11\/Ljajic-Tanjug-300x2051.jpg\",\"contentUrl\":\"https:\/\/sandzakpress.net\/arhiva\/wp-content\/uploads\/2013\/11\/Ljajic-Tanjug-300x2051.jpg\",\"width\":300,\"height\":205},{\"@type\":\"BreadcrumbList\",\"@id\":\"https:\/\/sandzakpress.net\/arhiva\/ljajic-nije-vrijeme-za-bojkot-izbora-na-kim\/#breadcrumb\",\"itemListElement\":[{\"@type\":\"ListItem\",\"position\":1,\"name\":\"Home\",\"item\":\"https:\/\/sandzakpress.net\/arhiva\/\"},{\"@type\":\"ListItem\",\"position\":2,\"name\":\"Ljaji\u0107: Nije vrijeme za bojkot izbora na KiM\"}]},{\"@type\":\"WebSite\",\"@id\":\"https:\/\/sandzakpress.net\/arhiva\/#website\",\"url\":\"https:\/\/sandzakpress.net\/arhiva\/\",\"name\":\"Sand\u017eak PRESS\",\"description\":\"Prve elektronske novine u Sand\u017eaku\",\"publisher\":{\"@id\":\"https:\/\/sandzakpress.net\/arhiva\/#\/schema\/person\/6e72b67d6e51910a1117b3b483ba20bd\"},\"potentialAction\":[{\"@type\":\"SearchAction\",\"target\":{\"@type\":\"EntryPoint\",\"urlTemplate\":\"https:\/\/sandzakpress.net\/arhiva\/?s={search_term_string}\"},\"query-input\":{\"@type\":\"PropertyValueSpecification\",\"valueRequired\":true,\"valueName\":\"search_term_string\"}}],\"inLanguage\":\"bs-BA\"},{\"@type\":[\"Person\",\"Organization\"],\"@id\":\"https:\/\/sandzakpress.net\/arhiva\/#\/schema\/person\/6e72b67d6e51910a1117b3b483ba20bd\",\"name\":\"Kul\",\"image\":{\"@type\":\"ImageObject\",\"inLanguage\":\"bs-BA\",\"@id\":\"https:\/\/sandzakpress.net\/arhiva\/#\/schema\/person\/image\/\",\"url\":\"https:\/\/secure.gravatar.com\/avatar\/42263f39aa27ac04c43cab85c280eb2e?s=96&d=mm&r=pg\",\"contentUrl\":\"https:\/\/secure.gravatar.com\/avatar\/42263f39aa27ac04c43cab85c280eb2e?s=96&d=mm&r=pg\",\"caption\":\"Kul\"},\"logo\":{\"@id\":\"https:\/\/sandzakpress.net\/arhiva\/#\/schema\/person\/image\/\"}},{\"@type\":\"Person\",\"@id\":\"https:\/\/sandzakpress.net\/arhiva\/#\/schema\/person\/c8baee722073534b583ea7bdb2e36c02\",\"name\":\"bosniak\",\"image\":{\"@type\":\"ImageObject\",\"inLanguage\":\"bs-BA\",\"@id\":\"https:\/\/sandzakpress.net\/arhiva\/#\/schema\/person\/image\/\",\"url\":\"https:\/\/secure.gravatar.com\/avatar\/a04fd330bfe3a36a72a0ad4a6d89fca7?s=96&d=mm&r=pg\",\"contentUrl\":\"https:\/\/secure.gravatar.com\/avatar\/a04fd330bfe3a36a72a0ad4a6d89fca7?s=96&d=mm&r=pg\",\"caption\":\"bosniak\"},\"url\":\"https:\/\/sandzakpress.net\/arhiva\/author\/bosniak\/\"}]}<\/script>\n<!-- \/ Yoast SEO Premium plugin. -->","yoast_head_json":{"title":"Ljaji\u0107: Nije vrijeme za bojkot izbora na KiM","robots":{"index":"index","follow":"follow","max-snippet":"max-snippet:-1","max-image-preview":"max-image-preview:large","max-video-preview":"max-video-preview:-1"},"canonical":"https:\/\/sandzakpress.net\/arhiva\/ljajic-nije-vrijeme-za-bojkot-izbora-na-kim\/","og_locale":"bs_BA","og_type":"article","og_title":"Ljaji\u0107: Nije vrijeme za bojkot izbora na KiM","og_description":"Kosovo &#8211; Nije vrijeme za bojkot lokalnih izbora na Kosovu, a gra\u0111ani bi trebalo 3. novembra da iza\u0111u na birali\u0161ta i glasaju, izjavio je potpredsednik Vlade Rasim Ljaji\u0107 u Leposavi\u0107u. Najva\u017enije je da u nedelju sve protekne mirno, ocjenio Ljaji\u0107. Potpredsjednik Vlade Srbije Rasim Ljaji\u0107 izjavio je u Leposavi\u0107u da nije vrijeme za bojkot lokalnih [&hellip;]","og_url":"https:\/\/sandzakpress.net\/arhiva\/ljajic-nije-vrijeme-za-bojkot-izbora-na-kim\/","og_site_name":"Sand\u017eak PRESS","article_published_time":"2013-11-01T14:40:55+00:00","og_image":[{"width":300,"height":205,"url":"https:\/\/sandzakpress.net\/arhiva\/wp-content\/uploads\/2013\/11\/Ljajic-Tanjug-300x2051.jpg","type":"image\/jpeg"}],"author":"bosniak","twitter_card":"summary_large_image","twitter_misc":{"Written by":"bosniak","Est. reading time":"3 minute"},"schema":{"@context":"https:\/\/schema.org","@graph":[{"@type":"Article","@id":"https:\/\/sandzakpress.net\/arhiva\/ljajic-nije-vrijeme-za-bojkot-izbora-na-kim\/#article","isPartOf":{"@id":"https:\/\/sandzakpress.net\/arhiva\/ljajic-nije-vrijeme-za-bojkot-izbora-na-kim\/"},"author":{"name":"bosniak","@id":"https:\/\/sandzakpress.net\/arhiva\/#\/schema\/person\/c8baee722073534b583ea7bdb2e36c02"},"headline":"Ljaji\u0107: Nije vrijeme za bojkot izbora na KiM","datePublished":"2013-11-01T14:40:55+00:00","mainEntityOfPage":{"@id":"https:\/\/sandzakpress.net\/arhiva\/ljajic-nije-vrijeme-za-bojkot-izbora-na-kim\/"},"wordCount":608,"commentCount":0,"publisher":{"@id":"https:\/\/sandzakpress.net\/arhiva\/#\/schema\/person\/6e72b67d6e51910a1117b3b483ba20bd"},"image":{"@id":"https:\/\/sandzakpress.net\/arhiva\/ljajic-nije-vrijeme-za-bojkot-izbora-na-kim\/#primaryimage"},"thumbnailUrl":"https:\/\/sandzakpress.net\/arhiva\/wp-content\/uploads\/2013\/11\/Ljajic-Tanjug-300x2051.jpg","articleSection":["Politika","Kosovo"],"inLanguage":"bs-BA","potentialAction":[{"@type":"CommentAction","name":"Comment","target":["https:\/\/sandzakpress.net\/arhiva\/ljajic-nije-vrijeme-za-bojkot-izbora-na-kim\/#respond"]}]},{"@type":"WebPage","@id":"https:\/\/sandzakpress.net\/arhiva\/ljajic-nije-vrijeme-za-bojkot-izbora-na-kim\/","url":"https:\/\/sandzakpress.net\/arhiva\/ljajic-nije-vrijeme-za-bojkot-izbora-na-kim\/","name":"Ljaji\u0107: Nije vrijeme za bojkot izbora na KiM","isPartOf":{"@id":"https:\/\/sandzakpress.net\/arhiva\/#website"},"primaryImageOfPage":{"@id":"https:\/\/sandzakpress.net\/arhiva\/ljajic-nije-vrijeme-za-bojkot-izbora-na-kim\/#primaryimage"},"image":{"@id":"https:\/\/sandzakpress.net\/arhiva\/ljajic-nije-vrijeme-za-bojkot-izbora-na-kim\/#primaryimage"},"thumbnailUrl":"https:\/\/sandzakpress.net\/arhiva\/wp-content\/uploads\/2013\/11\/Ljajic-Tanjug-300x2051.jpg","datePublished":"2013-11-01T14:40:55+00:00","breadcrumb":{"@id":"https:\/\/sandzakpress.net\/arhiva\/ljajic-nije-vrijeme-za-bojkot-izbora-na-kim\/#breadcrumb"},"inLanguage":"bs-BA","potentialAction":[{"@type":"ReadAction","target":["https:\/\/sandzakpress.net\/arhiva\/ljajic-nije-vrijeme-za-bojkot-izbora-na-kim\/"]}]},{"@type":"ImageObject","inLanguage":"bs-BA","@id":"https:\/\/sandzakpress.net\/arhiva\/ljajic-nije-vrijeme-za-bojkot-izbora-na-kim\/#primaryimage","url":"https:\/\/sandzakpress.net\/arhiva\/wp-content\/uploads\/2013\/11\/Ljajic-Tanjug-300x2051.jpg","contentUrl":"https:\/\/sandzakpress.net\/arhiva\/wp-content\/uploads\/2013\/11\/Ljajic-Tanjug-300x2051.jpg","width":300,"height":205},{"@type":"BreadcrumbList","@id":"https:\/\/sandzakpress.net\/arhiva\/ljajic-nije-vrijeme-za-bojkot-izbora-na-kim\/#breadcrumb","itemListElement":[{"@type":"ListItem","position":1,"name":"Home","item":"https:\/\/sandzakpress.net\/arhiva\/"},{"@type":"ListItem","position":2,"name":"Ljaji\u0107: Nije vrijeme za bojkot izbora na KiM"}]},{"@type":"WebSite","@id":"https:\/\/sandzakpress.net\/arhiva\/#website","url":"https:\/\/sandzakpress.net\/arhiva\/","name":"Sand\u017eak PRESS","description":"Prve elektronske novine u Sand\u017eaku","publisher":{"@id":"https:\/\/sandzakpress.net\/arhiva\/#\/schema\/person\/6e72b67d6e51910a1117b3b483ba20bd"},"potentialAction":[{"@type":"SearchAction","target":{"@type":"EntryPoint","urlTemplate":"https:\/\/sandzakpress.net\/arhiva\/?s={search_term_string}"},"query-input":{"@type":"PropertyValueSpecification","valueRequired":true,"valueName":"search_term_string"}}],"inLanguage":"bs-BA"},{"@type":["Person","Organization"],"@id":"https:\/\/sandzakpress.net\/arhiva\/#\/schema\/person\/6e72b67d6e51910a1117b3b483ba20bd","name":"Kul","image":{"@type":"ImageObject","inLanguage":"bs-BA","@id":"https:\/\/sandzakpress.net\/arhiva\/#\/schema\/person\/image\/","url":"https:\/\/secure.gravatar.com\/avatar\/42263f39aa27ac04c43cab85c280eb2e?s=96&d=mm&r=pg","contentUrl":"https:\/\/secure.gravatar.com\/avatar\/42263f39aa27ac04c43cab85c280eb2e?s=96&d=mm&r=pg","caption":"Kul"},"logo":{"@id":"https:\/\/sandzakpress.net\/arhiva\/#\/schema\/person\/image\/"}},{"@type":"Person","@id":"https:\/\/sandzakpress.net\/arhiva\/#\/schema\/person\/c8baee722073534b583ea7bdb2e36c02","name":"bosniak","image":{"@type":"ImageObject","inLanguage":"bs-BA","@id":"https:\/\/sandzakpress.net\/arhiva\/#\/schema\/person\/image\/","url":"https:\/\/secure.gravatar.com\/avatar\/a04fd330bfe3a36a72a0ad4a6d89fca7?s=96&d=mm&r=pg","contentUrl":"https:\/\/secure.gravatar.com\/avatar\/a04fd330bfe3a36a72a0ad4a6d89fca7?s=96&d=mm&r=pg","caption":"bosniak"},"url":"https:\/\/sandzakpress.net\/arhiva\/author\/bosniak\/"}]}},"_links":{"self":[{"href":"https:\/\/sandzakpress.net\/arhiva\/wp-json\/wp\/v2\/posts\/93234"}],"collection":[{"href":"https:\/\/sandzakpress.net\/arhiva\/wp-json\/wp\/v2\/posts"}],"about":[{"href":"https:\/\/sandzakpress.net\/arhiva\/wp-json\/wp\/v2\/types\/post"}],"author":[{"embeddable":true,"href":"https:\/\/sandzakpress.net\/arhiva\/wp-json\/wp\/v2\/users\/83"}],"replies":[{"embeddable":true,"href":"https:\/\/sandzakpress.net\/arhiva\/wp-json\/wp\/v2\/comments?post=93234"}],"version-history":[{"count":0,"href":"https:\/\/sandzakpress.net\/arhiva\/wp-json\/wp\/v2\/posts\/93234\/revisions"}],"wp:featuredmedia":[{"embeddable":true,"href":"https:\/\/sandzakpress.net\/arhiva\/wp-json\/wp\/v2\/media\/93236"}],"wp:attachment":[{"href":"https:\/\/sandzakpress.net\/arhiva\/wp-json\/wp\/v2\/media?parent=93234"}],"wp:term":[{"taxonomy":"category","embeddable":true,"href":"https:\/\/sandzakpress.net\/arhiva\/wp-json\/wp\/v2\/categories?post=93234"},{"taxonomy":"post_tag","embeddable":true,"href":"https:\/\/sandzakpress.net\/arhiva\/wp-json\/wp\/v2\/tags?post=93234"}],"curies":[{"name":"wp","href":"https:\/\/api.w.org\/{rel}","templated":true}]}}