{"id":93204,"date":"2013-11-01T15:24:32","date_gmt":"2013-11-01T14:24:32","guid":{"rendered":"https:\/\/sandzakpress.net\/arhiva\/?p=93204"},"modified":"2013-11-01T15:24:55","modified_gmt":"2013-11-01T14:24:55","slug":"koalicija-na-rezervnom-polozaju","status":"publish","type":"post","link":"https:\/\/sandzakpress.net\/arhiva\/koalicija-na-rezervnom-polozaju\/","title":{"rendered":"Petnjica: Koalicija na rezervnom polo\u017eaju"},"content":{"rendered":"<div><strong><a href=\"https:\/\/sandzakpress.net\/arhiva\/wp-content\/uploads\/2013\/11\/izbori.jpg\"><img loading=\"lazy\" decoding=\"async\" class=\"alignleft size-medium wp-image-93205\" alt=\"izbori\" src=\"https:\/\/sandzakpress.net\/arhiva\/wp-content\/uploads\/2013\/11\/izbori-300x189.jpg\" width=\"300\" height=\"189\" \/><\/a>Petnjica &#8211; Iskustva sa Cetinja SDP i DPS ne\u0107e prenijeti na Mojkovac i Petnjicu. Iz op\u0161tinskih odbora ovih partija su kazali da, uprkos tome \u0161to je na Cetinju postizborna koalicija sa partnerima na dr\u017eavnom nivou nemogu\u0107a, to ne\u0107e biti slu\u010daj u ostalim op\u0161tinama u kojima \u0107e se odr\u017eati lokalni izbori.\u00a0<\/strong><\/div>\n<div>\n<div>\n<div>Iz SDP su poru\u010dili da sa DPS imaju sli\u010dna programska opredeljenja, te da je logi\u010dno da takve partije stvore koaliciju. Vladaju\u0107a partija, uprkos tome \u0161to vjeruje u osvajanje apsolutne vlasti u Mojkovcu i Petnjici, tako\u0111e ne isklju\u010duje mogu\u0107nost formiranja koalicije, pi\u0161u Dnevne novine.<\/div>\n<\/div>\n<div>\n<p>Predsjednik Demokratske partije socijalista u Mojkovcu Dragan Mrdak kazao je da jo\u0161 nije vrijeme za razgovor o koaliciji. Ipak, ne isklju\u010duje mogu\u0107nost saradnje sa Socijaldemokratskom partijom.<\/p>\n<p>Njegovo mi\u0161ljenje dijeli i predsjednik SDP u ovom gradu Stevan Grdini\u0107. On isti\u010de da su ove dvije partije programski sli\u010dne, pa ne isklju\u010duje mogu\u0107nost njihovog udru\u017eivanja na lokalnom nivou.<\/p>\n<p>&#8220;Dok se izbori ne zavr\u0161e, ne znamo ni\u0161ta. DPS i SDP su programski sli\u010dne partije, pa bi bilo i logi\u010dno da takve partije stvore koaliciju. Koalicija se ne mo\u017ee praviti sa suprotnim blokovima. Trudi\u0107emo se da zadobijemo povjerenje bira\u010da, a nakon izbora \u0107emo vidjeti \u0161ta i kako&#8221;, kazao je Grdini\u0107.<\/p>\n<p>Nedavne politi\u010dke optu\u017ebe koje je na ra\u010dun DPS uputio SDP prilikom \u017erijebanja u Petnjici, izgleda da nijesu uticale na me\u0111usobni odnos ovih partija, niti na njihov stav o formiranju koalicije. Tako politi\u010dki direktor DPS Tarzan Milo\u0161evi\u0107, iako uvjeren u apsolutnu pobjedu njegove partije u Petnjici, isti\u010de da \u0107e rado prihvatiti SDP kao partnera u vr\u0161enju vlasti.<\/p>\n<p>&#8220;DPS \u0107e sam osvojiti apsolutnu ve\u0107inu u Petnjici, a na\u0161i koalicioni partneri na dr\u017eavnom nivou su uvijek dobrodo\u0161li kao koalicioni partneri u vr\u0161enju vlasti&#8221;, kazao je Milo\u0161evi\u0107.<\/p>\n<p>Predsjednik OO SDP Petnjica Almir Rebronja o\u010dekuje pobjedu na izborima u Petnjici. Nakon toga \u0107e se, ka\u017ee, mo\u0107i pri\u010dati o koaliciji.<\/p>\n<p>Da op\u0161tinski odbor Socijaldemokratske partije Cetinja ne\u0107e ni pod kojim uslovima praviti postizbornu koaliciju sa Demokratskom partijom socijalista na Cetinju, re\u010deno je nedavno iz SDP.<\/p>\n<p>(CDM)<\/p>\n<\/div>\n<\/div>\n","protected":false},"excerpt":{"rendered":"<p>Petnjica &#8211; Iskustva sa Cetinja SDP i DPS ne\u0107e prenijeti na Mojkovac i Petnjicu. Iz op\u0161tinskih odbora ovih partija su kazali da, uprkos tome \u0161to je na Cetinju postizborna koalicija sa partnerima na dr\u017eavnom nivou nemogu\u0107a, to ne\u0107e biti slu\u010daj u ostalim op\u0161tinama u kojima \u0107e se odr\u017eati lokalni izbori.\u00a0 Iz SDP su poru\u010dili da [&hellip;]<\/p>\n","protected":false},"author":83,"featured_media":93206,"comment_status":"open","ping_status":"open","sticky":false,"template":"","format":"standard","meta":{"footnotes":""},"categories":[1,10174],"tags":[],"class_list":{"0":"post-93204","1":"post","2":"type-post","3":"status-publish","4":"format-standard","5":"has-post-thumbnail","7":"category-politika","8":"category-petnjica-vase-vijesti"},"yoast_head":"<!-- This site is optimized with the Yoast SEO Premium plugin v23.1 (Yoast SEO v24.9) - https:\/\/yoast.com\/wordpress\/plugins\/seo\/ -->\n<title>Petnjica: Koalicija na rezervnom polo\u017eaju<\/title>\n<meta name=\"robots\" content=\"index, follow, max-snippet:-1, max-image-preview:large, max-video-preview:-1\" \/>\n<link rel=\"canonical\" href=\"https:\/\/sandzakpress.net\/arhiva\/koalicija-na-rezervnom-polozaju\/\" \/>\n<meta property=\"og:locale\" content=\"bs_BA\" \/>\n<meta property=\"og:type\" content=\"article\" \/>\n<meta property=\"og:title\" content=\"Petnjica: Koalicija na rezervnom polo\u017eaju\" \/>\n<meta property=\"og:description\" content=\"Petnjica &#8211; Iskustva sa Cetinja SDP i DPS ne\u0107e prenijeti na Mojkovac i Petnjicu. Iz op\u0161tinskih odbora ovih partija su kazali da, uprkos tome \u0161to je na Cetinju postizborna koalicija sa partnerima na dr\u017eavnom nivou nemogu\u0107a, to ne\u0107e biti slu\u010daj u ostalim op\u0161tinama u kojima \u0107e se odr\u017eati lokalni izbori.\u00a0 Iz SDP su poru\u010dili da [&hellip;]\" \/>\n<meta property=\"og:url\" content=\"https:\/\/sandzakpress.net\/arhiva\/koalicija-na-rezervnom-polozaju\/\" \/>\n<meta property=\"og:site_name\" content=\"Sand\u017eak PRESS\" \/>\n<meta property=\"article:published_time\" content=\"2013-11-01T14:24:32+00:00\" \/>\n<meta property=\"article:modified_time\" content=\"2013-11-01T14:24:55+00:00\" \/>\n<meta property=\"og:image\" content=\"https:\/\/sandzakpress.net\/arhiva\/wp-content\/uploads\/2013\/11\/izbori-300x1891.jpg\" \/>\n\t<meta property=\"og:image:width\" content=\"300\" \/>\n\t<meta property=\"og:image:height\" content=\"189\" \/>\n\t<meta property=\"og:image:type\" content=\"image\/jpeg\" \/>\n<meta name=\"author\" content=\"bosniak\" \/>\n<meta name=\"twitter:card\" content=\"summary_large_image\" \/>\n<meta name=\"twitter:label1\" content=\"Written by\" \/>\n\t<meta name=\"twitter:data1\" content=\"bosniak\" \/>\n\t<meta name=\"twitter:label2\" content=\"Est. reading time\" \/>\n\t<meta name=\"twitter:data2\" content=\"2 minute\" \/>\n<script type=\"application\/ld+json\" class=\"yoast-schema-graph\">{\"@context\":\"https:\/\/schema.org\",\"@graph\":[{\"@type\":\"Article\",\"@id\":\"https:\/\/sandzakpress.net\/arhiva\/koalicija-na-rezervnom-polozaju\/#article\",\"isPartOf\":{\"@id\":\"https:\/\/sandzakpress.net\/arhiva\/koalicija-na-rezervnom-polozaju\/\"},\"author\":{\"name\":\"bosniak\",\"@id\":\"https:\/\/sandzakpress.net\/arhiva\/#\/schema\/person\/c8baee722073534b583ea7bdb2e36c02\"},\"headline\":\"Petnjica: Koalicija na rezervnom polo\u017eaju\",\"datePublished\":\"2013-11-01T14:24:32+00:00\",\"dateModified\":\"2013-11-01T14:24:55+00:00\",\"mainEntityOfPage\":{\"@id\":\"https:\/\/sandzakpress.net\/arhiva\/koalicija-na-rezervnom-polozaju\/\"},\"wordCount\":386,\"commentCount\":0,\"publisher\":{\"@id\":\"https:\/\/sandzakpress.net\/arhiva\/#\/schema\/person\/6e72b67d6e51910a1117b3b483ba20bd\"},\"image\":{\"@id\":\"https:\/\/sandzakpress.net\/arhiva\/koalicija-na-rezervnom-polozaju\/#primaryimage\"},\"thumbnailUrl\":\"https:\/\/sandzakpress.net\/arhiva\/wp-content\/uploads\/2013\/11\/izbori-300x1891.jpg\",\"articleSection\":[\"Politika\",\"Petnjica\"],\"inLanguage\":\"bs-BA\",\"potentialAction\":[{\"@type\":\"CommentAction\",\"name\":\"Comment\",\"target\":[\"https:\/\/sandzakpress.net\/arhiva\/koalicija-na-rezervnom-polozaju\/#respond\"]}]},{\"@type\":\"WebPage\",\"@id\":\"https:\/\/sandzakpress.net\/arhiva\/koalicija-na-rezervnom-polozaju\/\",\"url\":\"https:\/\/sandzakpress.net\/arhiva\/koalicija-na-rezervnom-polozaju\/\",\"name\":\"Petnjica: Koalicija na rezervnom polo\u017eaju\",\"isPartOf\":{\"@id\":\"https:\/\/sandzakpress.net\/arhiva\/#website\"},\"primaryImageOfPage\":{\"@id\":\"https:\/\/sandzakpress.net\/arhiva\/koalicija-na-rezervnom-polozaju\/#primaryimage\"},\"image\":{\"@id\":\"https:\/\/sandzakpress.net\/arhiva\/koalicija-na-rezervnom-polozaju\/#primaryimage\"},\"thumbnailUrl\":\"https:\/\/sandzakpress.net\/arhiva\/wp-content\/uploads\/2013\/11\/izbori-300x1891.jpg\",\"datePublished\":\"2013-11-01T14:24:32+00:00\",\"dateModified\":\"2013-11-01T14:24:55+00:00\",\"breadcrumb\":{\"@id\":\"https:\/\/sandzakpress.net\/arhiva\/koalicija-na-rezervnom-polozaju\/#breadcrumb\"},\"inLanguage\":\"bs-BA\",\"potentialAction\":[{\"@type\":\"ReadAction\",\"target\":[\"https:\/\/sandzakpress.net\/arhiva\/koalicija-na-rezervnom-polozaju\/\"]}]},{\"@type\":\"ImageObject\",\"inLanguage\":\"bs-BA\",\"@id\":\"https:\/\/sandzakpress.net\/arhiva\/koalicija-na-rezervnom-polozaju\/#primaryimage\",\"url\":\"https:\/\/sandzakpress.net\/arhiva\/wp-content\/uploads\/2013\/11\/izbori-300x1891.jpg\",\"contentUrl\":\"https:\/\/sandzakpress.net\/arhiva\/wp-content\/uploads\/2013\/11\/izbori-300x1891.jpg\",\"width\":300,\"height\":189},{\"@type\":\"BreadcrumbList\",\"@id\":\"https:\/\/sandzakpress.net\/arhiva\/koalicija-na-rezervnom-polozaju\/#breadcrumb\",\"itemListElement\":[{\"@type\":\"ListItem\",\"position\":1,\"name\":\"Home\",\"item\":\"https:\/\/sandzakpress.net\/arhiva\/\"},{\"@type\":\"ListItem\",\"position\":2,\"name\":\"Petnjica: Koalicija na rezervnom polo\u017eaju\"}]},{\"@type\":\"WebSite\",\"@id\":\"https:\/\/sandzakpress.net\/arhiva\/#website\",\"url\":\"https:\/\/sandzakpress.net\/arhiva\/\",\"name\":\"Sand\u017eak PRESS\",\"description\":\"Prve elektronske novine u Sand\u017eaku\",\"publisher\":{\"@id\":\"https:\/\/sandzakpress.net\/arhiva\/#\/schema\/person\/6e72b67d6e51910a1117b3b483ba20bd\"},\"potentialAction\":[{\"@type\":\"SearchAction\",\"target\":{\"@type\":\"EntryPoint\",\"urlTemplate\":\"https:\/\/sandzakpress.net\/arhiva\/?s={search_term_string}\"},\"query-input\":{\"@type\":\"PropertyValueSpecification\",\"valueRequired\":true,\"valueName\":\"search_term_string\"}}],\"inLanguage\":\"bs-BA\"},{\"@type\":[\"Person\",\"Organization\"],\"@id\":\"https:\/\/sandzakpress.net\/arhiva\/#\/schema\/person\/6e72b67d6e51910a1117b3b483ba20bd\",\"name\":\"Kul\",\"image\":{\"@type\":\"ImageObject\",\"inLanguage\":\"bs-BA\",\"@id\":\"https:\/\/sandzakpress.net\/arhiva\/#\/schema\/person\/image\/\",\"url\":\"https:\/\/secure.gravatar.com\/avatar\/42263f39aa27ac04c43cab85c280eb2e?s=96&d=mm&r=pg\",\"contentUrl\":\"https:\/\/secure.gravatar.com\/avatar\/42263f39aa27ac04c43cab85c280eb2e?s=96&d=mm&r=pg\",\"caption\":\"Kul\"},\"logo\":{\"@id\":\"https:\/\/sandzakpress.net\/arhiva\/#\/schema\/person\/image\/\"}},{\"@type\":\"Person\",\"@id\":\"https:\/\/sandzakpress.net\/arhiva\/#\/schema\/person\/c8baee722073534b583ea7bdb2e36c02\",\"name\":\"bosniak\",\"image\":{\"@type\":\"ImageObject\",\"inLanguage\":\"bs-BA\",\"@id\":\"https:\/\/sandzakpress.net\/arhiva\/#\/schema\/person\/image\/\",\"url\":\"https:\/\/secure.gravatar.com\/avatar\/a04fd330bfe3a36a72a0ad4a6d89fca7?s=96&d=mm&r=pg\",\"contentUrl\":\"https:\/\/secure.gravatar.com\/avatar\/a04fd330bfe3a36a72a0ad4a6d89fca7?s=96&d=mm&r=pg\",\"caption\":\"bosniak\"},\"url\":\"https:\/\/sandzakpress.net\/arhiva\/author\/bosniak\/\"}]}<\/script>\n<!-- \/ Yoast SEO Premium plugin. -->","yoast_head_json":{"title":"Petnjica: Koalicija na rezervnom polo\u017eaju","robots":{"index":"index","follow":"follow","max-snippet":"max-snippet:-1","max-image-preview":"max-image-preview:large","max-video-preview":"max-video-preview:-1"},"canonical":"https:\/\/sandzakpress.net\/arhiva\/koalicija-na-rezervnom-polozaju\/","og_locale":"bs_BA","og_type":"article","og_title":"Petnjica: Koalicija na rezervnom polo\u017eaju","og_description":"Petnjica &#8211; Iskustva sa Cetinja SDP i DPS ne\u0107e prenijeti na Mojkovac i Petnjicu. Iz op\u0161tinskih odbora ovih partija su kazali da, uprkos tome \u0161to je na Cetinju postizborna koalicija sa partnerima na dr\u017eavnom nivou nemogu\u0107a, to ne\u0107e biti slu\u010daj u ostalim op\u0161tinama u kojima \u0107e se odr\u017eati lokalni izbori.\u00a0 Iz SDP su poru\u010dili da [&hellip;]","og_url":"https:\/\/sandzakpress.net\/arhiva\/koalicija-na-rezervnom-polozaju\/","og_site_name":"Sand\u017eak PRESS","article_published_time":"2013-11-01T14:24:32+00:00","article_modified_time":"2013-11-01T14:24:55+00:00","og_image":[{"width":300,"height":189,"url":"https:\/\/sandzakpress.net\/arhiva\/wp-content\/uploads\/2013\/11\/izbori-300x1891.jpg","type":"image\/jpeg"}],"author":"bosniak","twitter_card":"summary_large_image","twitter_misc":{"Written by":"bosniak","Est. reading time":"2 minute"},"schema":{"@context":"https:\/\/schema.org","@graph":[{"@type":"Article","@id":"https:\/\/sandzakpress.net\/arhiva\/koalicija-na-rezervnom-polozaju\/#article","isPartOf":{"@id":"https:\/\/sandzakpress.net\/arhiva\/koalicija-na-rezervnom-polozaju\/"},"author":{"name":"bosniak","@id":"https:\/\/sandzakpress.net\/arhiva\/#\/schema\/person\/c8baee722073534b583ea7bdb2e36c02"},"headline":"Petnjica: Koalicija na rezervnom polo\u017eaju","datePublished":"2013-11-01T14:24:32+00:00","dateModified":"2013-11-01T14:24:55+00:00","mainEntityOfPage":{"@id":"https:\/\/sandzakpress.net\/arhiva\/koalicija-na-rezervnom-polozaju\/"},"wordCount":386,"commentCount":0,"publisher":{"@id":"https:\/\/sandzakpress.net\/arhiva\/#\/schema\/person\/6e72b67d6e51910a1117b3b483ba20bd"},"image":{"@id":"https:\/\/sandzakpress.net\/arhiva\/koalicija-na-rezervnom-polozaju\/#primaryimage"},"thumbnailUrl":"https:\/\/sandzakpress.net\/arhiva\/wp-content\/uploads\/2013\/11\/izbori-300x1891.jpg","articleSection":["Politika","Petnjica"],"inLanguage":"bs-BA","potentialAction":[{"@type":"CommentAction","name":"Comment","target":["https:\/\/sandzakpress.net\/arhiva\/koalicija-na-rezervnom-polozaju\/#respond"]}]},{"@type":"WebPage","@id":"https:\/\/sandzakpress.net\/arhiva\/koalicija-na-rezervnom-polozaju\/","url":"https:\/\/sandzakpress.net\/arhiva\/koalicija-na-rezervnom-polozaju\/","name":"Petnjica: Koalicija na rezervnom polo\u017eaju","isPartOf":{"@id":"https:\/\/sandzakpress.net\/arhiva\/#website"},"primaryImageOfPage":{"@id":"https:\/\/sandzakpress.net\/arhiva\/koalicija-na-rezervnom-polozaju\/#primaryimage"},"image":{"@id":"https:\/\/sandzakpress.net\/arhiva\/koalicija-na-rezervnom-polozaju\/#primaryimage"},"thumbnailUrl":"https:\/\/sandzakpress.net\/arhiva\/wp-content\/uploads\/2013\/11\/izbori-300x1891.jpg","datePublished":"2013-11-01T14:24:32+00:00","dateModified":"2013-11-01T14:24:55+00:00","breadcrumb":{"@id":"https:\/\/sandzakpress.net\/arhiva\/koalicija-na-rezervnom-polozaju\/#breadcrumb"},"inLanguage":"bs-BA","potentialAction":[{"@type":"ReadAction","target":["https:\/\/sandzakpress.net\/arhiva\/koalicija-na-rezervnom-polozaju\/"]}]},{"@type":"ImageObject","inLanguage":"bs-BA","@id":"https:\/\/sandzakpress.net\/arhiva\/koalicija-na-rezervnom-polozaju\/#primaryimage","url":"https:\/\/sandzakpress.net\/arhiva\/wp-content\/uploads\/2013\/11\/izbori-300x1891.jpg","contentUrl":"https:\/\/sandzakpress.net\/arhiva\/wp-content\/uploads\/2013\/11\/izbori-300x1891.jpg","width":300,"height":189},{"@type":"BreadcrumbList","@id":"https:\/\/sandzakpress.net\/arhiva\/koalicija-na-rezervnom-polozaju\/#breadcrumb","itemListElement":[{"@type":"ListItem","position":1,"name":"Home","item":"https:\/\/sandzakpress.net\/arhiva\/"},{"@type":"ListItem","position":2,"name":"Petnjica: Koalicija na rezervnom polo\u017eaju"}]},{"@type":"WebSite","@id":"https:\/\/sandzakpress.net\/arhiva\/#website","url":"https:\/\/sandzakpress.net\/arhiva\/","name":"Sand\u017eak PRESS","description":"Prve elektronske novine u Sand\u017eaku","publisher":{"@id":"https:\/\/sandzakpress.net\/arhiva\/#\/schema\/person\/6e72b67d6e51910a1117b3b483ba20bd"},"potentialAction":[{"@type":"SearchAction","target":{"@type":"EntryPoint","urlTemplate":"https:\/\/sandzakpress.net\/arhiva\/?s={search_term_string}"},"query-input":{"@type":"PropertyValueSpecification","valueRequired":true,"valueName":"search_term_string"}}],"inLanguage":"bs-BA"},{"@type":["Person","Organization"],"@id":"https:\/\/sandzakpress.net\/arhiva\/#\/schema\/person\/6e72b67d6e51910a1117b3b483ba20bd","name":"Kul","image":{"@type":"ImageObject","inLanguage":"bs-BA","@id":"https:\/\/sandzakpress.net\/arhiva\/#\/schema\/person\/image\/","url":"https:\/\/secure.gravatar.com\/avatar\/42263f39aa27ac04c43cab85c280eb2e?s=96&d=mm&r=pg","contentUrl":"https:\/\/secure.gravatar.com\/avatar\/42263f39aa27ac04c43cab85c280eb2e?s=96&d=mm&r=pg","caption":"Kul"},"logo":{"@id":"https:\/\/sandzakpress.net\/arhiva\/#\/schema\/person\/image\/"}},{"@type":"Person","@id":"https:\/\/sandzakpress.net\/arhiva\/#\/schema\/person\/c8baee722073534b583ea7bdb2e36c02","name":"bosniak","image":{"@type":"ImageObject","inLanguage":"bs-BA","@id":"https:\/\/sandzakpress.net\/arhiva\/#\/schema\/person\/image\/","url":"https:\/\/secure.gravatar.com\/avatar\/a04fd330bfe3a36a72a0ad4a6d89fca7?s=96&d=mm&r=pg","contentUrl":"https:\/\/secure.gravatar.com\/avatar\/a04fd330bfe3a36a72a0ad4a6d89fca7?s=96&d=mm&r=pg","caption":"bosniak"},"url":"https:\/\/sandzakpress.net\/arhiva\/author\/bosniak\/"}]}},"_links":{"self":[{"href":"https:\/\/sandzakpress.net\/arhiva\/wp-json\/wp\/v2\/posts\/93204"}],"collection":[{"href":"https:\/\/sandzakpress.net\/arhiva\/wp-json\/wp\/v2\/posts"}],"about":[{"href":"https:\/\/sandzakpress.net\/arhiva\/wp-json\/wp\/v2\/types\/post"}],"author":[{"embeddable":true,"href":"https:\/\/sandzakpress.net\/arhiva\/wp-json\/wp\/v2\/users\/83"}],"replies":[{"embeddable":true,"href":"https:\/\/sandzakpress.net\/arhiva\/wp-json\/wp\/v2\/comments?post=93204"}],"version-history":[{"count":0,"href":"https:\/\/sandzakpress.net\/arhiva\/wp-json\/wp\/v2\/posts\/93204\/revisions"}],"wp:featuredmedia":[{"embeddable":true,"href":"https:\/\/sandzakpress.net\/arhiva\/wp-json\/wp\/v2\/media\/93206"}],"wp:attachment":[{"href":"https:\/\/sandzakpress.net\/arhiva\/wp-json\/wp\/v2\/media?parent=93204"}],"wp:term":[{"taxonomy":"category","embeddable":true,"href":"https:\/\/sandzakpress.net\/arhiva\/wp-json\/wp\/v2\/categories?post=93204"},{"taxonomy":"post_tag","embeddable":true,"href":"https:\/\/sandzakpress.net\/arhiva\/wp-json\/wp\/v2\/tags?post=93204"}],"curies":[{"name":"wp","href":"https:\/\/api.w.org\/{rel}","templated":true}]}}