{"id":93127,"date":"2013-10-31T15:46:38","date_gmt":"2013-10-31T14:46:38","guid":{"rendered":"https:\/\/sandzakpress.net\/arhiva\/?p=93127"},"modified":"2013-10-31T15:46:38","modified_gmt":"2013-10-31T14:46:38","slug":"obustavljena-blokada-pruge-beograd-bar","status":"publish","type":"post","link":"https:\/\/sandzakpress.net\/arhiva\/obustavljena-blokada-pruge-beograd-bar\/","title":{"rendered":"Obustavljena blokada pruge Beograd-Bar"},"content":{"rendered":"<p><strong><a href=\"https:\/\/sandzakpress.net\/arhiva\/wp-content\/uploads\/2013\/10\/ajb2013-10-31-11h25m38s214-a.jpg\"><img loading=\"lazy\" decoding=\"async\" class=\"alignleft size-medium wp-image-93128\" alt=\"ajb2013-10-31-11h25m38s214-a\" src=\"https:\/\/sandzakpress.net\/arhiva\/wp-content\/uploads\/2013\/10\/ajb2013-10-31-11h25m38s214-a-300x198.jpg\" width=\"300\" height=\"198\" \/><\/a>Srbija &#8211; Prvi potpredsjednik Vlade Srbije Aleksandar Vu\u010di\u0107 posjetit \u0107e u \u010detvrtak Priboj, gdje \u0107e razgovarati s radnicima FAP-a, koji su u \u0161trajku od petka 25. oktobra.<\/strong><\/p>\n<p>Na vijest o dolasku Vu\u010di\u0107a radnici su, u znak dobre volje, sklonili kamion i po\u010deli uklanjati blokade sa pruge.<\/p>\n<p>Predsjednik \u0161trajka\u010dkog odbora Milorad Draga\u0161 rekao je Tanjugu da \u0107e radnici s Vu\u010di\u0107em razgovarati o daljoj sudbini FAP-a, dodav\u0161i da ih je o dolasku Vu\u010di\u0107a obavijestila policija.<\/p>\n<p>&#8220;Sa Vu\u010di\u0107em \u0107emo razgovarati o daljoj sudbini FAP-a, odnosno da li \u0107e fabrika oti\u0107i u ste\u010daj ili \u0107e se prona\u0107i strate\u0161ki partner&#8221;, naveo je Draga\u0161.<\/p>\n<p>On ka\u017ee da \u0107e radnici ostati pri svojim zahtjevima da im se isplate zarade, najmanje dvije i da im se ovjere zdravstvene legitimacije.<\/p>\n<p>Zaposleni ovog nekada pribojskog giganta su u \u0161trajku od petka, u ponedjeljak su blokirali prugu Beograd-Bar i ve\u0107 \u010detvrti dan ne dozvoljavaju odvijanje saobra\u0107aja, a propu\u0161taju samo kola hitne pomo\u0107i.<\/p>\n<p><strong>\u00d0ilas: Mogu\u0107a pomo\u0107 Beograda<\/strong><\/p>\n<p>Gradona\u010delnik Beograda u tehni\u010dkom mandatu Dragan \u00d0ilas tra\u017eio je od Vlade Srbije da osigura povoljne uslove kreditiranja, kako bi glavni grad od pribojskog FAP-a mogao naru\u010diti 50 autobusa i tako pomo\u0107i da se situacija u tom preduze\u0107u pobolj\u0161a.<\/p>\n<p>\u00d0ilas je, kako je saop\u0107eno iz Gradske uprave, podsjetio da je jo\u0161 30. novembra 2012. godine ponudio da kupi po 50 solo-autobusa od FAP-a i Ikarbusa, a da je od Vlade Srbije tra\u017eeno da omogu\u0107i iste uslove kreditiranja koji su od Evropske banke za obnovu i razvoj dobijeni za kupovinu 200 zglobnih autobusa, koji upravo pristi\u017eu na beogradske ulice, navodi Tanjug.<\/p>\n<p>&#8220;Taj moj stav da kupimo solo-autobuse od doma\u0107ih proizvo\u0111a\u010da u decembru 2012. godine potvrdila je i Skup\u0161tina grada. Do dana\u0161njeg dana, osim usmenog prihvatanja predloga, nikakav odgovor od Vlade nismo dobili. Imaju\u0107i u vidu \u0161trajk radnika FAP-a, prouzrokovan izuzetno te\u0161kom situacijom u njihovom preduze\u0107u i ogromne tenzije koje se stvaraju, ponovo nudimo Vladi i pribojskoj fabrici da realizujemo na\u0161u odluku&#8221;, saop\u0107io je \u00d0ilas.<\/p>\n<p>Okvirna vrijednost nabavke bi, prema njegovim rije\u010dima, bila deset miliona eura i tim poslom bi se FAP pokrenuo i dobio dodatno vrijeme da se potra\u017ei kona\u010dno rje\u0161enje za tog nekada\u0161njeg privrednog giganta.<\/p>\n<p>(balkans.aljazeera)<\/p>\n","protected":false},"excerpt":{"rendered":"<p>Srbija &#8211; Prvi potpredsjednik Vlade Srbije Aleksandar Vu\u010di\u0107 posjetit \u0107e u \u010detvrtak Priboj, gdje \u0107e razgovarati s radnicima FAP-a, koji su u \u0161trajku od petka 25. oktobra. Na vijest o dolasku Vu\u010di\u0107a radnici su, u znak dobre volje, sklonili kamion i po\u010deli uklanjati blokade sa pruge. Predsjednik \u0161trajka\u010dkog odbora Milorad Draga\u0161 rekao je Tanjugu da [&hellip;]<\/p>\n","protected":false},"author":83,"featured_media":93129,"comment_status":"open","ping_status":"open","sticky":false,"template":"","format":"standard","meta":{"footnotes":""},"categories":[10307,3],"tags":[],"class_list":{"0":"post-93127","1":"post","2":"type-post","3":"status-publish","4":"format-standard","5":"has-post-thumbnail","7":"category-srbija","8":"category-privreda"},"yoast_head":"<!-- This site is optimized with the Yoast SEO Premium plugin v23.1 (Yoast SEO v24.9) - https:\/\/yoast.com\/wordpress\/plugins\/seo\/ -->\n<title>Obustavljena blokada pruge Beograd-Bar<\/title>\n<meta name=\"robots\" content=\"index, follow, max-snippet:-1, max-image-preview:large, max-video-preview:-1\" \/>\n<link rel=\"canonical\" href=\"https:\/\/sandzakpress.net\/arhiva\/obustavljena-blokada-pruge-beograd-bar\/\" \/>\n<meta property=\"og:locale\" content=\"bs_BA\" \/>\n<meta property=\"og:type\" content=\"article\" \/>\n<meta property=\"og:title\" content=\"Obustavljena blokada pruge Beograd-Bar\" \/>\n<meta property=\"og:description\" content=\"Srbija &#8211; Prvi potpredsjednik Vlade Srbije Aleksandar Vu\u010di\u0107 posjetit \u0107e u \u010detvrtak Priboj, gdje \u0107e razgovarati s radnicima FAP-a, koji su u \u0161trajku od petka 25. oktobra. Na vijest o dolasku Vu\u010di\u0107a radnici su, u znak dobre volje, sklonili kamion i po\u010deli uklanjati blokade sa pruge. Predsjednik \u0161trajka\u010dkog odbora Milorad Draga\u0161 rekao je Tanjugu da [&hellip;]\" \/>\n<meta property=\"og:url\" content=\"https:\/\/sandzakpress.net\/arhiva\/obustavljena-blokada-pruge-beograd-bar\/\" \/>\n<meta property=\"og:site_name\" content=\"Sand\u017eak PRESS\" \/>\n<meta property=\"article:published_time\" content=\"2013-10-31T14:46:38+00:00\" \/>\n<meta property=\"og:image\" content=\"https:\/\/sandzakpress.net\/arhiva\/wp-content\/uploads\/2013\/10\/ajb2013-10-31-11h25m38s214-a-300x1981.jpg\" \/>\n\t<meta property=\"og:image:width\" content=\"300\" \/>\n\t<meta property=\"og:image:height\" content=\"198\" \/>\n\t<meta property=\"og:image:type\" content=\"image\/jpeg\" \/>\n<meta name=\"author\" content=\"bosniak\" \/>\n<meta name=\"twitter:card\" content=\"summary_large_image\" \/>\n<meta name=\"twitter:label1\" content=\"Written by\" \/>\n\t<meta name=\"twitter:data1\" content=\"bosniak\" \/>\n\t<meta name=\"twitter:label2\" content=\"Est. reading time\" \/>\n\t<meta name=\"twitter:data2\" content=\"2 minute\" \/>\n<script type=\"application\/ld+json\" class=\"yoast-schema-graph\">{\"@context\":\"https:\/\/schema.org\",\"@graph\":[{\"@type\":\"Article\",\"@id\":\"https:\/\/sandzakpress.net\/arhiva\/obustavljena-blokada-pruge-beograd-bar\/#article\",\"isPartOf\":{\"@id\":\"https:\/\/sandzakpress.net\/arhiva\/obustavljena-blokada-pruge-beograd-bar\/\"},\"author\":{\"name\":\"bosniak\",\"@id\":\"https:\/\/sandzakpress.net\/arhiva\/#\/schema\/person\/c8baee722073534b583ea7bdb2e36c02\"},\"headline\":\"Obustavljena blokada pruge Beograd-Bar\",\"datePublished\":\"2013-10-31T14:46:38+00:00\",\"mainEntityOfPage\":{\"@id\":\"https:\/\/sandzakpress.net\/arhiva\/obustavljena-blokada-pruge-beograd-bar\/\"},\"wordCount\":395,\"commentCount\":0,\"publisher\":{\"@id\":\"https:\/\/sandzakpress.net\/arhiva\/#\/schema\/person\/6e72b67d6e51910a1117b3b483ba20bd\"},\"image\":{\"@id\":\"https:\/\/sandzakpress.net\/arhiva\/obustavljena-blokada-pruge-beograd-bar\/#primaryimage\"},\"thumbnailUrl\":\"https:\/\/sandzakpress.net\/arhiva\/wp-content\/uploads\/2013\/10\/ajb2013-10-31-11h25m38s214-a-300x1981.jpg\",\"articleSection\":[\"Srbija\",\"Privreda\"],\"inLanguage\":\"bs-BA\",\"potentialAction\":[{\"@type\":\"CommentAction\",\"name\":\"Comment\",\"target\":[\"https:\/\/sandzakpress.net\/arhiva\/obustavljena-blokada-pruge-beograd-bar\/#respond\"]}]},{\"@type\":\"WebPage\",\"@id\":\"https:\/\/sandzakpress.net\/arhiva\/obustavljena-blokada-pruge-beograd-bar\/\",\"url\":\"https:\/\/sandzakpress.net\/arhiva\/obustavljena-blokada-pruge-beograd-bar\/\",\"name\":\"Obustavljena blokada pruge Beograd-Bar\",\"isPartOf\":{\"@id\":\"https:\/\/sandzakpress.net\/arhiva\/#website\"},\"primaryImageOfPage\":{\"@id\":\"https:\/\/sandzakpress.net\/arhiva\/obustavljena-blokada-pruge-beograd-bar\/#primaryimage\"},\"image\":{\"@id\":\"https:\/\/sandzakpress.net\/arhiva\/obustavljena-blokada-pruge-beograd-bar\/#primaryimage\"},\"thumbnailUrl\":\"https:\/\/sandzakpress.net\/arhiva\/wp-content\/uploads\/2013\/10\/ajb2013-10-31-11h25m38s214-a-300x1981.jpg\",\"datePublished\":\"2013-10-31T14:46:38+00:00\",\"breadcrumb\":{\"@id\":\"https:\/\/sandzakpress.net\/arhiva\/obustavljena-blokada-pruge-beograd-bar\/#breadcrumb\"},\"inLanguage\":\"bs-BA\",\"potentialAction\":[{\"@type\":\"ReadAction\",\"target\":[\"https:\/\/sandzakpress.net\/arhiva\/obustavljena-blokada-pruge-beograd-bar\/\"]}]},{\"@type\":\"ImageObject\",\"inLanguage\":\"bs-BA\",\"@id\":\"https:\/\/sandzakpress.net\/arhiva\/obustavljena-blokada-pruge-beograd-bar\/#primaryimage\",\"url\":\"https:\/\/sandzakpress.net\/arhiva\/wp-content\/uploads\/2013\/10\/ajb2013-10-31-11h25m38s214-a-300x1981.jpg\",\"contentUrl\":\"https:\/\/sandzakpress.net\/arhiva\/wp-content\/uploads\/2013\/10\/ajb2013-10-31-11h25m38s214-a-300x1981.jpg\",\"width\":300,\"height\":198},{\"@type\":\"BreadcrumbList\",\"@id\":\"https:\/\/sandzakpress.net\/arhiva\/obustavljena-blokada-pruge-beograd-bar\/#breadcrumb\",\"itemListElement\":[{\"@type\":\"ListItem\",\"position\":1,\"name\":\"Home\",\"item\":\"https:\/\/sandzakpress.net\/arhiva\/\"},{\"@type\":\"ListItem\",\"position\":2,\"name\":\"Obustavljena blokada pruge Beograd-Bar\"}]},{\"@type\":\"WebSite\",\"@id\":\"https:\/\/sandzakpress.net\/arhiva\/#website\",\"url\":\"https:\/\/sandzakpress.net\/arhiva\/\",\"name\":\"Sand\u017eak PRESS\",\"description\":\"Prve elektronske novine u Sand\u017eaku\",\"publisher\":{\"@id\":\"https:\/\/sandzakpress.net\/arhiva\/#\/schema\/person\/6e72b67d6e51910a1117b3b483ba20bd\"},\"potentialAction\":[{\"@type\":\"SearchAction\",\"target\":{\"@type\":\"EntryPoint\",\"urlTemplate\":\"https:\/\/sandzakpress.net\/arhiva\/?s={search_term_string}\"},\"query-input\":{\"@type\":\"PropertyValueSpecification\",\"valueRequired\":true,\"valueName\":\"search_term_string\"}}],\"inLanguage\":\"bs-BA\"},{\"@type\":[\"Person\",\"Organization\"],\"@id\":\"https:\/\/sandzakpress.net\/arhiva\/#\/schema\/person\/6e72b67d6e51910a1117b3b483ba20bd\",\"name\":\"Kul\",\"image\":{\"@type\":\"ImageObject\",\"inLanguage\":\"bs-BA\",\"@id\":\"https:\/\/sandzakpress.net\/arhiva\/#\/schema\/person\/image\/\",\"url\":\"https:\/\/secure.gravatar.com\/avatar\/42263f39aa27ac04c43cab85c280eb2e?s=96&d=mm&r=pg\",\"contentUrl\":\"https:\/\/secure.gravatar.com\/avatar\/42263f39aa27ac04c43cab85c280eb2e?s=96&d=mm&r=pg\",\"caption\":\"Kul\"},\"logo\":{\"@id\":\"https:\/\/sandzakpress.net\/arhiva\/#\/schema\/person\/image\/\"}},{\"@type\":\"Person\",\"@id\":\"https:\/\/sandzakpress.net\/arhiva\/#\/schema\/person\/c8baee722073534b583ea7bdb2e36c02\",\"name\":\"bosniak\",\"image\":{\"@type\":\"ImageObject\",\"inLanguage\":\"bs-BA\",\"@id\":\"https:\/\/sandzakpress.net\/arhiva\/#\/schema\/person\/image\/\",\"url\":\"https:\/\/secure.gravatar.com\/avatar\/a04fd330bfe3a36a72a0ad4a6d89fca7?s=96&d=mm&r=pg\",\"contentUrl\":\"https:\/\/secure.gravatar.com\/avatar\/a04fd330bfe3a36a72a0ad4a6d89fca7?s=96&d=mm&r=pg\",\"caption\":\"bosniak\"},\"url\":\"https:\/\/sandzakpress.net\/arhiva\/author\/bosniak\/\"}]}<\/script>\n<!-- \/ Yoast SEO Premium plugin. -->","yoast_head_json":{"title":"Obustavljena blokada pruge Beograd-Bar","robots":{"index":"index","follow":"follow","max-snippet":"max-snippet:-1","max-image-preview":"max-image-preview:large","max-video-preview":"max-video-preview:-1"},"canonical":"https:\/\/sandzakpress.net\/arhiva\/obustavljena-blokada-pruge-beograd-bar\/","og_locale":"bs_BA","og_type":"article","og_title":"Obustavljena blokada pruge Beograd-Bar","og_description":"Srbija &#8211; Prvi potpredsjednik Vlade Srbije Aleksandar Vu\u010di\u0107 posjetit \u0107e u \u010detvrtak Priboj, gdje \u0107e razgovarati s radnicima FAP-a, koji su u \u0161trajku od petka 25. oktobra. Na vijest o dolasku Vu\u010di\u0107a radnici su, u znak dobre volje, sklonili kamion i po\u010deli uklanjati blokade sa pruge. Predsjednik \u0161trajka\u010dkog odbora Milorad Draga\u0161 rekao je Tanjugu da [&hellip;]","og_url":"https:\/\/sandzakpress.net\/arhiva\/obustavljena-blokada-pruge-beograd-bar\/","og_site_name":"Sand\u017eak PRESS","article_published_time":"2013-10-31T14:46:38+00:00","og_image":[{"width":300,"height":198,"url":"https:\/\/sandzakpress.net\/arhiva\/wp-content\/uploads\/2013\/10\/ajb2013-10-31-11h25m38s214-a-300x1981.jpg","type":"image\/jpeg"}],"author":"bosniak","twitter_card":"summary_large_image","twitter_misc":{"Written by":"bosniak","Est. reading time":"2 minute"},"schema":{"@context":"https:\/\/schema.org","@graph":[{"@type":"Article","@id":"https:\/\/sandzakpress.net\/arhiva\/obustavljena-blokada-pruge-beograd-bar\/#article","isPartOf":{"@id":"https:\/\/sandzakpress.net\/arhiva\/obustavljena-blokada-pruge-beograd-bar\/"},"author":{"name":"bosniak","@id":"https:\/\/sandzakpress.net\/arhiva\/#\/schema\/person\/c8baee722073534b583ea7bdb2e36c02"},"headline":"Obustavljena blokada pruge Beograd-Bar","datePublished":"2013-10-31T14:46:38+00:00","mainEntityOfPage":{"@id":"https:\/\/sandzakpress.net\/arhiva\/obustavljena-blokada-pruge-beograd-bar\/"},"wordCount":395,"commentCount":0,"publisher":{"@id":"https:\/\/sandzakpress.net\/arhiva\/#\/schema\/person\/6e72b67d6e51910a1117b3b483ba20bd"},"image":{"@id":"https:\/\/sandzakpress.net\/arhiva\/obustavljena-blokada-pruge-beograd-bar\/#primaryimage"},"thumbnailUrl":"https:\/\/sandzakpress.net\/arhiva\/wp-content\/uploads\/2013\/10\/ajb2013-10-31-11h25m38s214-a-300x1981.jpg","articleSection":["Srbija","Privreda"],"inLanguage":"bs-BA","potentialAction":[{"@type":"CommentAction","name":"Comment","target":["https:\/\/sandzakpress.net\/arhiva\/obustavljena-blokada-pruge-beograd-bar\/#respond"]}]},{"@type":"WebPage","@id":"https:\/\/sandzakpress.net\/arhiva\/obustavljena-blokada-pruge-beograd-bar\/","url":"https:\/\/sandzakpress.net\/arhiva\/obustavljena-blokada-pruge-beograd-bar\/","name":"Obustavljena blokada pruge Beograd-Bar","isPartOf":{"@id":"https:\/\/sandzakpress.net\/arhiva\/#website"},"primaryImageOfPage":{"@id":"https:\/\/sandzakpress.net\/arhiva\/obustavljena-blokada-pruge-beograd-bar\/#primaryimage"},"image":{"@id":"https:\/\/sandzakpress.net\/arhiva\/obustavljena-blokada-pruge-beograd-bar\/#primaryimage"},"thumbnailUrl":"https:\/\/sandzakpress.net\/arhiva\/wp-content\/uploads\/2013\/10\/ajb2013-10-31-11h25m38s214-a-300x1981.jpg","datePublished":"2013-10-31T14:46:38+00:00","breadcrumb":{"@id":"https:\/\/sandzakpress.net\/arhiva\/obustavljena-blokada-pruge-beograd-bar\/#breadcrumb"},"inLanguage":"bs-BA","potentialAction":[{"@type":"ReadAction","target":["https:\/\/sandzakpress.net\/arhiva\/obustavljena-blokada-pruge-beograd-bar\/"]}]},{"@type":"ImageObject","inLanguage":"bs-BA","@id":"https:\/\/sandzakpress.net\/arhiva\/obustavljena-blokada-pruge-beograd-bar\/#primaryimage","url":"https:\/\/sandzakpress.net\/arhiva\/wp-content\/uploads\/2013\/10\/ajb2013-10-31-11h25m38s214-a-300x1981.jpg","contentUrl":"https:\/\/sandzakpress.net\/arhiva\/wp-content\/uploads\/2013\/10\/ajb2013-10-31-11h25m38s214-a-300x1981.jpg","width":300,"height":198},{"@type":"BreadcrumbList","@id":"https:\/\/sandzakpress.net\/arhiva\/obustavljena-blokada-pruge-beograd-bar\/#breadcrumb","itemListElement":[{"@type":"ListItem","position":1,"name":"Home","item":"https:\/\/sandzakpress.net\/arhiva\/"},{"@type":"ListItem","position":2,"name":"Obustavljena blokada pruge Beograd-Bar"}]},{"@type":"WebSite","@id":"https:\/\/sandzakpress.net\/arhiva\/#website","url":"https:\/\/sandzakpress.net\/arhiva\/","name":"Sand\u017eak PRESS","description":"Prve elektronske novine u Sand\u017eaku","publisher":{"@id":"https:\/\/sandzakpress.net\/arhiva\/#\/schema\/person\/6e72b67d6e51910a1117b3b483ba20bd"},"potentialAction":[{"@type":"SearchAction","target":{"@type":"EntryPoint","urlTemplate":"https:\/\/sandzakpress.net\/arhiva\/?s={search_term_string}"},"query-input":{"@type":"PropertyValueSpecification","valueRequired":true,"valueName":"search_term_string"}}],"inLanguage":"bs-BA"},{"@type":["Person","Organization"],"@id":"https:\/\/sandzakpress.net\/arhiva\/#\/schema\/person\/6e72b67d6e51910a1117b3b483ba20bd","name":"Kul","image":{"@type":"ImageObject","inLanguage":"bs-BA","@id":"https:\/\/sandzakpress.net\/arhiva\/#\/schema\/person\/image\/","url":"https:\/\/secure.gravatar.com\/avatar\/42263f39aa27ac04c43cab85c280eb2e?s=96&d=mm&r=pg","contentUrl":"https:\/\/secure.gravatar.com\/avatar\/42263f39aa27ac04c43cab85c280eb2e?s=96&d=mm&r=pg","caption":"Kul"},"logo":{"@id":"https:\/\/sandzakpress.net\/arhiva\/#\/schema\/person\/image\/"}},{"@type":"Person","@id":"https:\/\/sandzakpress.net\/arhiva\/#\/schema\/person\/c8baee722073534b583ea7bdb2e36c02","name":"bosniak","image":{"@type":"ImageObject","inLanguage":"bs-BA","@id":"https:\/\/sandzakpress.net\/arhiva\/#\/schema\/person\/image\/","url":"https:\/\/secure.gravatar.com\/avatar\/a04fd330bfe3a36a72a0ad4a6d89fca7?s=96&d=mm&r=pg","contentUrl":"https:\/\/secure.gravatar.com\/avatar\/a04fd330bfe3a36a72a0ad4a6d89fca7?s=96&d=mm&r=pg","caption":"bosniak"},"url":"https:\/\/sandzakpress.net\/arhiva\/author\/bosniak\/"}]}},"_links":{"self":[{"href":"https:\/\/sandzakpress.net\/arhiva\/wp-json\/wp\/v2\/posts\/93127"}],"collection":[{"href":"https:\/\/sandzakpress.net\/arhiva\/wp-json\/wp\/v2\/posts"}],"about":[{"href":"https:\/\/sandzakpress.net\/arhiva\/wp-json\/wp\/v2\/types\/post"}],"author":[{"embeddable":true,"href":"https:\/\/sandzakpress.net\/arhiva\/wp-json\/wp\/v2\/users\/83"}],"replies":[{"embeddable":true,"href":"https:\/\/sandzakpress.net\/arhiva\/wp-json\/wp\/v2\/comments?post=93127"}],"version-history":[{"count":0,"href":"https:\/\/sandzakpress.net\/arhiva\/wp-json\/wp\/v2\/posts\/93127\/revisions"}],"wp:featuredmedia":[{"embeddable":true,"href":"https:\/\/sandzakpress.net\/arhiva\/wp-json\/wp\/v2\/media\/93129"}],"wp:attachment":[{"href":"https:\/\/sandzakpress.net\/arhiva\/wp-json\/wp\/v2\/media?parent=93127"}],"wp:term":[{"taxonomy":"category","embeddable":true,"href":"https:\/\/sandzakpress.net\/arhiva\/wp-json\/wp\/v2\/categories?post=93127"},{"taxonomy":"post_tag","embeddable":true,"href":"https:\/\/sandzakpress.net\/arhiva\/wp-json\/wp\/v2\/tags?post=93127"}],"curies":[{"name":"wp","href":"https:\/\/api.w.org\/{rel}","templated":true}]}}