{"id":93054,"date":"2013-10-31T15:15:30","date_gmt":"2013-10-31T14:15:30","guid":{"rendered":"https:\/\/sandzakpress.net\/arhiva\/?p=93054"},"modified":"2013-11-01T16:05:20","modified_gmt":"2013-11-01T15:05:20","slug":"sjenica-navrsila-se-godina-dana-od-smrti-profesora-rasima-muminovica","status":"publish","type":"post","link":"https:\/\/sandzakpress.net\/arhiva\/sjenica-navrsila-se-godina-dana-od-smrti-profesora-rasima-muminovica\/","title":{"rendered":"Sjenica: Navr\u0161ila se godina dana od smrti profesora Rasima Muminovi\u0107a"},"content":{"rendered":"<p><strong><a href=\"https:\/\/sandzakpress.net\/arhiva\/wp-content\/uploads\/2013\/10\/1382915_588378634543544_383107614_n.jpg\"><img loading=\"lazy\" decoding=\"async\" class=\"alignleft size-medium wp-image-93055\" alt=\"1382915_588378634543544_383107614_n\" src=\"https:\/\/sandzakpress.net\/arhiva\/wp-content\/uploads\/2013\/10\/1382915_588378634543544_383107614_n-300x225.jpg\" width=\"300\" height=\"225\" \/><\/a>BIH, Sjenica &#8211; 24.10.2013.godine navr\u0161ila se godina dana od smrti profesora doktora Rasima Muminovi\u0107a, profesora emeritusa dugogodi\u0161njeg profesora Filozofskog fakulteta u Sarajevu.<\/strong><\/p>\n<p>U njegovom rodnom\u00a0 gradu u subotu 26.10.2013.godine odr\u017eano je \u00ab Ve\u010de sje\u0107anja\u00bb u okviru \u00ab Oktobarskih dana kulture \u00ab organizovanih od strane Ustanove kulture iz Sjenice, Sand\u017eaka.<\/p>\n<p>Te ve\u010deri su eminentni gosti, po\u0161tovaoci i saradnici profesora Muminovi\u0107a evocirali uspomene i sje\u0107anja na njegov rad i \u017eivot.<\/p>\n<p>O profesoru su govorili:<\/p>\n<p>&#8211;\u00a0\u00a0\u00a0\u00a0\u00a0\u00a0\u00a0\u00a0\u00a0 dugogodi\u0161nji saradnik i asistent prof.dr. Samir Arnautovi\u0107 sa Filozofskog fakulteta Univerziteta u Sarajevu<\/p>\n<p>&#8211;\u00a0\u00a0\u00a0\u00a0\u00a0\u00a0\u00a0\u00a0\u00a0 prof. Dr. Fahrudin Oru\u010devi\u0107, redovni profesor Elektrotehni\u010dkog fakulteta u Sarajevu<\/p>\n<p>&#8211;\u00a0\u00a0\u00a0\u00a0\u00a0\u00a0\u00a0\u00a0\u00a0 prof.dr \u0160efket Krci\u0107, profesor filozofije na Internacionalnom Univerzitetu u Novom Pazaru<\/p>\n<p>&#8211;\u00a0\u00a0\u00a0\u00a0\u00a0\u00a0\u00a0\u00a0\u00a0 prof.dr. Red\u017eep \u0160krijelj, histori\u010dar, profesor na Dr\u017eavnom Univerzitetu u Novom Pazaru<\/p>\n<p>&#8211;\u00a0\u00a0\u00a0\u00a0\u00a0\u00a0\u00a0\u00a0\u00a0 i sestra profesora Muminovi\u0107a prof. Fatima Muminovi\u0107 Pelesi\u0107<\/p>\n<p>&nbsp;<\/p>\n<p>Organizator je posthumno dodijelio Povelju profesoru Muminovi\u0107u, egzemplaru ljudskog dostojanstva, i portret rad akademskog slikara Aide Ba\u017edar koji \u0107e biti izlo\u017eeni na Filozofskom fakultetu u Sarajevu.<\/p>\n<p>Govore\u0107i o liku i djelu profesora Muminovi\u0107a, u\u010desnici u razgovoru su se slo\u017eili da je bio \u010dovjek sa visokom dozom bo\u0161nja\u010dkog i islamskog merhameta koji je cijeli \u017eivot kroz svoja djela isticao pet stvari: Istinu,Slobodu, \u010covjeka , Bosnu i Sand\u017eak.<\/p>\n<p>(SandzakPRESS)<\/p>\n","protected":false},"excerpt":{"rendered":"<p>BIH, Sjenica &#8211; 24.10.2013.godine navr\u0161ila se godina dana od smrti profesora doktora Rasima Muminovi\u0107a, profesora emeritusa dugogodi\u0161njeg profesora Filozofskog fakulteta u Sarajevu. U njegovom rodnom\u00a0 gradu u subotu 26.10.2013.godine odr\u017eano je \u00ab Ve\u010de sje\u0107anja\u00bb u okviru \u00ab Oktobarskih dana kulture \u00ab organizovanih od strane Ustanove kulture iz Sjenice, Sand\u017eaka. Te ve\u010deri su eminentni gosti, po\u0161tovaoci [&hellip;]<\/p>\n","protected":false},"author":83,"featured_media":93056,"comment_status":"open","ping_status":"open","sticky":false,"template":"","format":"standard","meta":{"footnotes":""},"categories":[52,8957],"tags":[10322],"class_list":{"0":"post-93054","1":"post","2":"type-post","3":"status-publish","4":"format-standard","5":"has-post-thumbnail","7":"category-sjenica","8":"category-vijesti-dana","9":"tag-zasluzne-sandzaklije"},"yoast_head":"<!-- This site is optimized with the Yoast SEO Premium plugin v23.1 (Yoast SEO v24.9) - https:\/\/yoast.com\/wordpress\/plugins\/seo\/ -->\n<title>Sjenica: Navr\u0161ila se godina dana od smrti profesora Rasima Muminovi\u0107a<\/title>\n<meta name=\"robots\" content=\"index, follow, max-snippet:-1, max-image-preview:large, max-video-preview:-1\" \/>\n<link rel=\"canonical\" href=\"https:\/\/sandzakpress.net\/arhiva\/sjenica-navrsila-se-godina-dana-od-smrti-profesora-rasima-muminovica\/\" \/>\n<meta property=\"og:locale\" content=\"bs_BA\" \/>\n<meta property=\"og:type\" content=\"article\" \/>\n<meta property=\"og:title\" content=\"Sjenica: Navr\u0161ila se godina dana od smrti profesora Rasima Muminovi\u0107a\" \/>\n<meta property=\"og:description\" content=\"BIH, Sjenica &#8211; 24.10.2013.godine navr\u0161ila se godina dana od smrti profesora doktora Rasima Muminovi\u0107a, profesora emeritusa dugogodi\u0161njeg profesora Filozofskog fakulteta u Sarajevu. U njegovom rodnom\u00a0 gradu u subotu 26.10.2013.godine odr\u017eano je \u00ab Ve\u010de sje\u0107anja\u00bb u okviru \u00ab Oktobarskih dana kulture \u00ab organizovanih od strane Ustanove kulture iz Sjenice, Sand\u017eaka. Te ve\u010deri su eminentni gosti, po\u0161tovaoci [&hellip;]\" \/>\n<meta property=\"og:url\" content=\"https:\/\/sandzakpress.net\/arhiva\/sjenica-navrsila-se-godina-dana-od-smrti-profesora-rasima-muminovica\/\" \/>\n<meta property=\"og:site_name\" content=\"Sand\u017eak PRESS\" \/>\n<meta property=\"article:published_time\" content=\"2013-10-31T14:15:30+00:00\" \/>\n<meta property=\"article:modified_time\" content=\"2013-11-01T15:05:20+00:00\" \/>\n<meta property=\"og:image\" content=\"https:\/\/sandzakpress.net\/arhiva\/wp-content\/uploads\/2013\/10\/1382915_588378634543544_383107614_n-300x2251.jpg\" \/>\n\t<meta property=\"og:image:width\" content=\"300\" \/>\n\t<meta property=\"og:image:height\" content=\"225\" \/>\n\t<meta property=\"og:image:type\" content=\"image\/jpeg\" \/>\n<meta name=\"author\" content=\"bosniak\" \/>\n<meta name=\"twitter:card\" content=\"summary_large_image\" \/>\n<meta name=\"twitter:label1\" content=\"Written by\" \/>\n\t<meta name=\"twitter:data1\" content=\"bosniak\" \/>\n\t<meta name=\"twitter:label2\" content=\"Est. reading time\" \/>\n\t<meta name=\"twitter:data2\" content=\"1 minuta\" \/>\n<script type=\"application\/ld+json\" class=\"yoast-schema-graph\">{\"@context\":\"https:\/\/schema.org\",\"@graph\":[{\"@type\":\"Article\",\"@id\":\"https:\/\/sandzakpress.net\/arhiva\/sjenica-navrsila-se-godina-dana-od-smrti-profesora-rasima-muminovica\/#article\",\"isPartOf\":{\"@id\":\"https:\/\/sandzakpress.net\/arhiva\/sjenica-navrsila-se-godina-dana-od-smrti-profesora-rasima-muminovica\/\"},\"author\":{\"name\":\"bosniak\",\"@id\":\"https:\/\/sandzakpress.net\/arhiva\/#\/schema\/person\/c8baee722073534b583ea7bdb2e36c02\"},\"headline\":\"Sjenica: Navr\u0161ila se godina dana od smrti profesora Rasima Muminovi\u0107a\",\"datePublished\":\"2013-10-31T14:15:30+00:00\",\"dateModified\":\"2013-11-01T15:05:20+00:00\",\"mainEntityOfPage\":{\"@id\":\"https:\/\/sandzakpress.net\/arhiva\/sjenica-navrsila-se-godina-dana-od-smrti-profesora-rasima-muminovica\/\"},\"wordCount\":238,\"commentCount\":1,\"publisher\":{\"@id\":\"https:\/\/sandzakpress.net\/arhiva\/#\/schema\/person\/6e72b67d6e51910a1117b3b483ba20bd\"},\"image\":{\"@id\":\"https:\/\/sandzakpress.net\/arhiva\/sjenica-navrsila-se-godina-dana-od-smrti-profesora-rasima-muminovica\/#primaryimage\"},\"thumbnailUrl\":\"https:\/\/sandzakpress.net\/arhiva\/wp-content\/uploads\/2013\/10\/1382915_588378634543544_383107614_n-300x2251.jpg\",\"keywords\":[\"zaslu\u017ene Sand\u017eaklije\"],\"articleSection\":[\"Sjenica\",\"VIJESTI DANA\"],\"inLanguage\":\"bs-BA\",\"potentialAction\":[{\"@type\":\"CommentAction\",\"name\":\"Comment\",\"target\":[\"https:\/\/sandzakpress.net\/arhiva\/sjenica-navrsila-se-godina-dana-od-smrti-profesora-rasima-muminovica\/#respond\"]}]},{\"@type\":\"WebPage\",\"@id\":\"https:\/\/sandzakpress.net\/arhiva\/sjenica-navrsila-se-godina-dana-od-smrti-profesora-rasima-muminovica\/\",\"url\":\"https:\/\/sandzakpress.net\/arhiva\/sjenica-navrsila-se-godina-dana-od-smrti-profesora-rasima-muminovica\/\",\"name\":\"Sjenica: Navr\u0161ila se godina dana od smrti profesora Rasima Muminovi\u0107a\",\"isPartOf\":{\"@id\":\"https:\/\/sandzakpress.net\/arhiva\/#website\"},\"primaryImageOfPage\":{\"@id\":\"https:\/\/sandzakpress.net\/arhiva\/sjenica-navrsila-se-godina-dana-od-smrti-profesora-rasima-muminovica\/#primaryimage\"},\"image\":{\"@id\":\"https:\/\/sandzakpress.net\/arhiva\/sjenica-navrsila-se-godina-dana-od-smrti-profesora-rasima-muminovica\/#primaryimage\"},\"thumbnailUrl\":\"https:\/\/sandzakpress.net\/arhiva\/wp-content\/uploads\/2013\/10\/1382915_588378634543544_383107614_n-300x2251.jpg\",\"datePublished\":\"2013-10-31T14:15:30+00:00\",\"dateModified\":\"2013-11-01T15:05:20+00:00\",\"breadcrumb\":{\"@id\":\"https:\/\/sandzakpress.net\/arhiva\/sjenica-navrsila-se-godina-dana-od-smrti-profesora-rasima-muminovica\/#breadcrumb\"},\"inLanguage\":\"bs-BA\",\"potentialAction\":[{\"@type\":\"ReadAction\",\"target\":[\"https:\/\/sandzakpress.net\/arhiva\/sjenica-navrsila-se-godina-dana-od-smrti-profesora-rasima-muminovica\/\"]}]},{\"@type\":\"ImageObject\",\"inLanguage\":\"bs-BA\",\"@id\":\"https:\/\/sandzakpress.net\/arhiva\/sjenica-navrsila-se-godina-dana-od-smrti-profesora-rasima-muminovica\/#primaryimage\",\"url\":\"https:\/\/sandzakpress.net\/arhiva\/wp-content\/uploads\/2013\/10\/1382915_588378634543544_383107614_n-300x2251.jpg\",\"contentUrl\":\"https:\/\/sandzakpress.net\/arhiva\/wp-content\/uploads\/2013\/10\/1382915_588378634543544_383107614_n-300x2251.jpg\",\"width\":300,\"height\":225},{\"@type\":\"BreadcrumbList\",\"@id\":\"https:\/\/sandzakpress.net\/arhiva\/sjenica-navrsila-se-godina-dana-od-smrti-profesora-rasima-muminovica\/#breadcrumb\",\"itemListElement\":[{\"@type\":\"ListItem\",\"position\":1,\"name\":\"Home\",\"item\":\"https:\/\/sandzakpress.net\/arhiva\/\"},{\"@type\":\"ListItem\",\"position\":2,\"name\":\"Sjenica: Navr\u0161ila se godina dana od smrti profesora Rasima Muminovi\u0107a\"}]},{\"@type\":\"WebSite\",\"@id\":\"https:\/\/sandzakpress.net\/arhiva\/#website\",\"url\":\"https:\/\/sandzakpress.net\/arhiva\/\",\"name\":\"Sand\u017eak PRESS\",\"description\":\"Prve elektronske novine u Sand\u017eaku\",\"publisher\":{\"@id\":\"https:\/\/sandzakpress.net\/arhiva\/#\/schema\/person\/6e72b67d6e51910a1117b3b483ba20bd\"},\"potentialAction\":[{\"@type\":\"SearchAction\",\"target\":{\"@type\":\"EntryPoint\",\"urlTemplate\":\"https:\/\/sandzakpress.net\/arhiva\/?s={search_term_string}\"},\"query-input\":{\"@type\":\"PropertyValueSpecification\",\"valueRequired\":true,\"valueName\":\"search_term_string\"}}],\"inLanguage\":\"bs-BA\"},{\"@type\":[\"Person\",\"Organization\"],\"@id\":\"https:\/\/sandzakpress.net\/arhiva\/#\/schema\/person\/6e72b67d6e51910a1117b3b483ba20bd\",\"name\":\"Kul\",\"image\":{\"@type\":\"ImageObject\",\"inLanguage\":\"bs-BA\",\"@id\":\"https:\/\/sandzakpress.net\/arhiva\/#\/schema\/person\/image\/\",\"url\":\"https:\/\/secure.gravatar.com\/avatar\/42263f39aa27ac04c43cab85c280eb2e?s=96&d=mm&r=pg\",\"contentUrl\":\"https:\/\/secure.gravatar.com\/avatar\/42263f39aa27ac04c43cab85c280eb2e?s=96&d=mm&r=pg\",\"caption\":\"Kul\"},\"logo\":{\"@id\":\"https:\/\/sandzakpress.net\/arhiva\/#\/schema\/person\/image\/\"}},{\"@type\":\"Person\",\"@id\":\"https:\/\/sandzakpress.net\/arhiva\/#\/schema\/person\/c8baee722073534b583ea7bdb2e36c02\",\"name\":\"bosniak\",\"image\":{\"@type\":\"ImageObject\",\"inLanguage\":\"bs-BA\",\"@id\":\"https:\/\/sandzakpress.net\/arhiva\/#\/schema\/person\/image\/\",\"url\":\"https:\/\/secure.gravatar.com\/avatar\/a04fd330bfe3a36a72a0ad4a6d89fca7?s=96&d=mm&r=pg\",\"contentUrl\":\"https:\/\/secure.gravatar.com\/avatar\/a04fd330bfe3a36a72a0ad4a6d89fca7?s=96&d=mm&r=pg\",\"caption\":\"bosniak\"},\"url\":\"https:\/\/sandzakpress.net\/arhiva\/author\/bosniak\/\"}]}<\/script>\n<!-- \/ Yoast SEO Premium plugin. -->","yoast_head_json":{"title":"Sjenica: Navr\u0161ila se godina dana od smrti profesora Rasima Muminovi\u0107a","robots":{"index":"index","follow":"follow","max-snippet":"max-snippet:-1","max-image-preview":"max-image-preview:large","max-video-preview":"max-video-preview:-1"},"canonical":"https:\/\/sandzakpress.net\/arhiva\/sjenica-navrsila-se-godina-dana-od-smrti-profesora-rasima-muminovica\/","og_locale":"bs_BA","og_type":"article","og_title":"Sjenica: Navr\u0161ila se godina dana od smrti profesora Rasima Muminovi\u0107a","og_description":"BIH, Sjenica &#8211; 24.10.2013.godine navr\u0161ila se godina dana od smrti profesora doktora Rasima Muminovi\u0107a, profesora emeritusa dugogodi\u0161njeg profesora Filozofskog fakulteta u Sarajevu. U njegovom rodnom\u00a0 gradu u subotu 26.10.2013.godine odr\u017eano je \u00ab Ve\u010de sje\u0107anja\u00bb u okviru \u00ab Oktobarskih dana kulture \u00ab organizovanih od strane Ustanove kulture iz Sjenice, Sand\u017eaka. Te ve\u010deri su eminentni gosti, po\u0161tovaoci [&hellip;]","og_url":"https:\/\/sandzakpress.net\/arhiva\/sjenica-navrsila-se-godina-dana-od-smrti-profesora-rasima-muminovica\/","og_site_name":"Sand\u017eak PRESS","article_published_time":"2013-10-31T14:15:30+00:00","article_modified_time":"2013-11-01T15:05:20+00:00","og_image":[{"width":300,"height":225,"url":"https:\/\/sandzakpress.net\/arhiva\/wp-content\/uploads\/2013\/10\/1382915_588378634543544_383107614_n-300x2251.jpg","type":"image\/jpeg"}],"author":"bosniak","twitter_card":"summary_large_image","twitter_misc":{"Written by":"bosniak","Est. reading time":"1 minuta"},"schema":{"@context":"https:\/\/schema.org","@graph":[{"@type":"Article","@id":"https:\/\/sandzakpress.net\/arhiva\/sjenica-navrsila-se-godina-dana-od-smrti-profesora-rasima-muminovica\/#article","isPartOf":{"@id":"https:\/\/sandzakpress.net\/arhiva\/sjenica-navrsila-se-godina-dana-od-smrti-profesora-rasima-muminovica\/"},"author":{"name":"bosniak","@id":"https:\/\/sandzakpress.net\/arhiva\/#\/schema\/person\/c8baee722073534b583ea7bdb2e36c02"},"headline":"Sjenica: Navr\u0161ila se godina dana od smrti profesora Rasima Muminovi\u0107a","datePublished":"2013-10-31T14:15:30+00:00","dateModified":"2013-11-01T15:05:20+00:00","mainEntityOfPage":{"@id":"https:\/\/sandzakpress.net\/arhiva\/sjenica-navrsila-se-godina-dana-od-smrti-profesora-rasima-muminovica\/"},"wordCount":238,"commentCount":1,"publisher":{"@id":"https:\/\/sandzakpress.net\/arhiva\/#\/schema\/person\/6e72b67d6e51910a1117b3b483ba20bd"},"image":{"@id":"https:\/\/sandzakpress.net\/arhiva\/sjenica-navrsila-se-godina-dana-od-smrti-profesora-rasima-muminovica\/#primaryimage"},"thumbnailUrl":"https:\/\/sandzakpress.net\/arhiva\/wp-content\/uploads\/2013\/10\/1382915_588378634543544_383107614_n-300x2251.jpg","keywords":["zaslu\u017ene Sand\u017eaklije"],"articleSection":["Sjenica","VIJESTI DANA"],"inLanguage":"bs-BA","potentialAction":[{"@type":"CommentAction","name":"Comment","target":["https:\/\/sandzakpress.net\/arhiva\/sjenica-navrsila-se-godina-dana-od-smrti-profesora-rasima-muminovica\/#respond"]}]},{"@type":"WebPage","@id":"https:\/\/sandzakpress.net\/arhiva\/sjenica-navrsila-se-godina-dana-od-smrti-profesora-rasima-muminovica\/","url":"https:\/\/sandzakpress.net\/arhiva\/sjenica-navrsila-se-godina-dana-od-smrti-profesora-rasima-muminovica\/","name":"Sjenica: Navr\u0161ila se godina dana od smrti profesora Rasima Muminovi\u0107a","isPartOf":{"@id":"https:\/\/sandzakpress.net\/arhiva\/#website"},"primaryImageOfPage":{"@id":"https:\/\/sandzakpress.net\/arhiva\/sjenica-navrsila-se-godina-dana-od-smrti-profesora-rasima-muminovica\/#primaryimage"},"image":{"@id":"https:\/\/sandzakpress.net\/arhiva\/sjenica-navrsila-se-godina-dana-od-smrti-profesora-rasima-muminovica\/#primaryimage"},"thumbnailUrl":"https:\/\/sandzakpress.net\/arhiva\/wp-content\/uploads\/2013\/10\/1382915_588378634543544_383107614_n-300x2251.jpg","datePublished":"2013-10-31T14:15:30+00:00","dateModified":"2013-11-01T15:05:20+00:00","breadcrumb":{"@id":"https:\/\/sandzakpress.net\/arhiva\/sjenica-navrsila-se-godina-dana-od-smrti-profesora-rasima-muminovica\/#breadcrumb"},"inLanguage":"bs-BA","potentialAction":[{"@type":"ReadAction","target":["https:\/\/sandzakpress.net\/arhiva\/sjenica-navrsila-se-godina-dana-od-smrti-profesora-rasima-muminovica\/"]}]},{"@type":"ImageObject","inLanguage":"bs-BA","@id":"https:\/\/sandzakpress.net\/arhiva\/sjenica-navrsila-se-godina-dana-od-smrti-profesora-rasima-muminovica\/#primaryimage","url":"https:\/\/sandzakpress.net\/arhiva\/wp-content\/uploads\/2013\/10\/1382915_588378634543544_383107614_n-300x2251.jpg","contentUrl":"https:\/\/sandzakpress.net\/arhiva\/wp-content\/uploads\/2013\/10\/1382915_588378634543544_383107614_n-300x2251.jpg","width":300,"height":225},{"@type":"BreadcrumbList","@id":"https:\/\/sandzakpress.net\/arhiva\/sjenica-navrsila-se-godina-dana-od-smrti-profesora-rasima-muminovica\/#breadcrumb","itemListElement":[{"@type":"ListItem","position":1,"name":"Home","item":"https:\/\/sandzakpress.net\/arhiva\/"},{"@type":"ListItem","position":2,"name":"Sjenica: Navr\u0161ila se godina dana od smrti profesora Rasima Muminovi\u0107a"}]},{"@type":"WebSite","@id":"https:\/\/sandzakpress.net\/arhiva\/#website","url":"https:\/\/sandzakpress.net\/arhiva\/","name":"Sand\u017eak PRESS","description":"Prve elektronske novine u Sand\u017eaku","publisher":{"@id":"https:\/\/sandzakpress.net\/arhiva\/#\/schema\/person\/6e72b67d6e51910a1117b3b483ba20bd"},"potentialAction":[{"@type":"SearchAction","target":{"@type":"EntryPoint","urlTemplate":"https:\/\/sandzakpress.net\/arhiva\/?s={search_term_string}"},"query-input":{"@type":"PropertyValueSpecification","valueRequired":true,"valueName":"search_term_string"}}],"inLanguage":"bs-BA"},{"@type":["Person","Organization"],"@id":"https:\/\/sandzakpress.net\/arhiva\/#\/schema\/person\/6e72b67d6e51910a1117b3b483ba20bd","name":"Kul","image":{"@type":"ImageObject","inLanguage":"bs-BA","@id":"https:\/\/sandzakpress.net\/arhiva\/#\/schema\/person\/image\/","url":"https:\/\/secure.gravatar.com\/avatar\/42263f39aa27ac04c43cab85c280eb2e?s=96&d=mm&r=pg","contentUrl":"https:\/\/secure.gravatar.com\/avatar\/42263f39aa27ac04c43cab85c280eb2e?s=96&d=mm&r=pg","caption":"Kul"},"logo":{"@id":"https:\/\/sandzakpress.net\/arhiva\/#\/schema\/person\/image\/"}},{"@type":"Person","@id":"https:\/\/sandzakpress.net\/arhiva\/#\/schema\/person\/c8baee722073534b583ea7bdb2e36c02","name":"bosniak","image":{"@type":"ImageObject","inLanguage":"bs-BA","@id":"https:\/\/sandzakpress.net\/arhiva\/#\/schema\/person\/image\/","url":"https:\/\/secure.gravatar.com\/avatar\/a04fd330bfe3a36a72a0ad4a6d89fca7?s=96&d=mm&r=pg","contentUrl":"https:\/\/secure.gravatar.com\/avatar\/a04fd330bfe3a36a72a0ad4a6d89fca7?s=96&d=mm&r=pg","caption":"bosniak"},"url":"https:\/\/sandzakpress.net\/arhiva\/author\/bosniak\/"}]}},"_links":{"self":[{"href":"https:\/\/sandzakpress.net\/arhiva\/wp-json\/wp\/v2\/posts\/93054"}],"collection":[{"href":"https:\/\/sandzakpress.net\/arhiva\/wp-json\/wp\/v2\/posts"}],"about":[{"href":"https:\/\/sandzakpress.net\/arhiva\/wp-json\/wp\/v2\/types\/post"}],"author":[{"embeddable":true,"href":"https:\/\/sandzakpress.net\/arhiva\/wp-json\/wp\/v2\/users\/83"}],"replies":[{"embeddable":true,"href":"https:\/\/sandzakpress.net\/arhiva\/wp-json\/wp\/v2\/comments?post=93054"}],"version-history":[{"count":0,"href":"https:\/\/sandzakpress.net\/arhiva\/wp-json\/wp\/v2\/posts\/93054\/revisions"}],"wp:featuredmedia":[{"embeddable":true,"href":"https:\/\/sandzakpress.net\/arhiva\/wp-json\/wp\/v2\/media\/93056"}],"wp:attachment":[{"href":"https:\/\/sandzakpress.net\/arhiva\/wp-json\/wp\/v2\/media?parent=93054"}],"wp:term":[{"taxonomy":"category","embeddable":true,"href":"https:\/\/sandzakpress.net\/arhiva\/wp-json\/wp\/v2\/categories?post=93054"},{"taxonomy":"post_tag","embeddable":true,"href":"https:\/\/sandzakpress.net\/arhiva\/wp-json\/wp\/v2\/tags?post=93054"}],"curies":[{"name":"wp","href":"https:\/\/api.w.org\/{rel}","templated":true}]}}