{"id":93022,"date":"2013-10-31T11:04:48","date_gmt":"2013-10-31T10:04:48","guid":{"rendered":"https:\/\/sandzakpress.net\/arhiva\/?p=93022"},"modified":"2013-10-31T11:04:48","modified_gmt":"2013-10-31T10:04:48","slug":"nvo-traze-republiku-vojvodinu","status":"publish","type":"post","link":"https:\/\/sandzakpress.net\/arhiva\/nvo-traze-republiku-vojvodinu\/","title":{"rendered":"NVO tra\u017ee republiku Vojvodinu"},"content":{"rendered":"<p><strong><a href=\"https:\/\/sandzakpress.net\/arhiva\/wp-content\/uploads\/2013\/10\/717px-Vojvodina_flag_map-1.jpg\"><img loading=\"lazy\" decoding=\"async\" class=\" wp-image-93023 alignleft\" alt=\"717px-Vojvodina_flag_map-1\" src=\"https:\/\/sandzakpress.net\/arhiva\/wp-content\/uploads\/2013\/10\/717px-Vojvodina_flag_map-1-300x200.jpg\" width=\"216\" height=\"144\" \/><\/a>Srbija- Vojvo\u0111anska konvencija, koja okuplja stranke i nevladine organizacije koje se zala\u017eu za \u0161iroku autonomiju\u00a0Vojvodine, zalo\u017eila se danas za dono\u0161enje novog\u00a0Ustava\u00a0i preure\u0111enje Srbije u saveznu dr\u017eavu u kojoj \u0107e Vojvodina biti republika<\/strong>.<\/p>\n<p>Vojvodini je potreban Ustav u kojem \u0107e biti definisane zakonodavne, sudske i izvr\u0161ne nadle\u017enosti u svim oblastima izuzev vojske i odbrane, spoljne politike, monetarne politike, carine, dr\u017eavne bezbednosti, koji \u0107e biti u nadle\u017enosti Savezne republike Srbije \u2013 navodi se u saop\u0161tenju te organizacije.<\/p>\n<p>(telegraf.rs)<\/p>\n","protected":false},"excerpt":{"rendered":"<p>Srbija- Vojvo\u0111anska konvencija, koja okuplja stranke i nevladine organizacije koje se zala\u017eu za \u0161iroku autonomiju\u00a0Vojvodine, zalo\u017eila se danas za dono\u0161enje novog\u00a0Ustava\u00a0i preure\u0111enje Srbije u saveznu dr\u017eavu u kojoj \u0107e Vojvodina biti republika. Vojvodini je potreban Ustav u kojem \u0107e biti definisane zakonodavne, sudske i izvr\u0161ne nadle\u017enosti u svim oblastima izuzev vojske i odbrane, spoljne politike, [&hellip;]<\/p>\n","protected":false},"author":83,"featured_media":93024,"comment_status":"open","ping_status":"open","sticky":false,"template":"","format":"standard","meta":{"footnotes":""},"categories":[10307],"tags":[],"class_list":{"0":"post-93022","1":"post","2":"type-post","3":"status-publish","4":"format-standard","5":"has-post-thumbnail","7":"category-srbija"},"yoast_head":"<!-- This site is optimized with the Yoast SEO Premium plugin v23.1 (Yoast SEO v24.9) - https:\/\/yoast.com\/wordpress\/plugins\/seo\/ -->\n<title>NVO tra\u017ee republiku Vojvodinu<\/title>\n<meta name=\"robots\" content=\"index, follow, max-snippet:-1, max-image-preview:large, max-video-preview:-1\" \/>\n<link rel=\"canonical\" href=\"https:\/\/sandzakpress.net\/arhiva\/nvo-traze-republiku-vojvodinu\/\" \/>\n<meta property=\"og:locale\" content=\"bs_BA\" \/>\n<meta property=\"og:type\" content=\"article\" \/>\n<meta property=\"og:title\" content=\"NVO tra\u017ee republiku Vojvodinu\" \/>\n<meta property=\"og:description\" content=\"Srbija- Vojvo\u0111anska konvencija, koja okuplja stranke i nevladine organizacije koje se zala\u017eu za \u0161iroku autonomiju\u00a0Vojvodine, zalo\u017eila se danas za dono\u0161enje novog\u00a0Ustava\u00a0i preure\u0111enje Srbije u saveznu dr\u017eavu u kojoj \u0107e Vojvodina biti republika. Vojvodini je potreban Ustav u kojem \u0107e biti definisane zakonodavne, sudske i izvr\u0161ne nadle\u017enosti u svim oblastima izuzev vojske i odbrane, spoljne politike, [&hellip;]\" \/>\n<meta property=\"og:url\" content=\"https:\/\/sandzakpress.net\/arhiva\/nvo-traze-republiku-vojvodinu\/\" \/>\n<meta property=\"og:site_name\" content=\"Sand\u017eak PRESS\" \/>\n<meta property=\"article:published_time\" content=\"2013-10-31T10:04:48+00:00\" \/>\n<meta property=\"og:image\" content=\"https:\/\/sandzakpress.net\/arhiva\/wp-content\/uploads\/2013\/10\/717px-Vojvodina_flag_map-1-300x2001.jpg\" \/>\n\t<meta property=\"og:image:width\" content=\"300\" \/>\n\t<meta property=\"og:image:height\" content=\"200\" \/>\n\t<meta property=\"og:image:type\" content=\"image\/jpeg\" \/>\n<meta name=\"author\" content=\"bosniak\" \/>\n<meta name=\"twitter:card\" content=\"summary_large_image\" \/>\n<meta name=\"twitter:label1\" content=\"Written by\" \/>\n\t<meta name=\"twitter:data1\" content=\"bosniak\" \/>\n<script type=\"application\/ld+json\" class=\"yoast-schema-graph\">{\"@context\":\"https:\/\/schema.org\",\"@graph\":[{\"@type\":\"Article\",\"@id\":\"https:\/\/sandzakpress.net\/arhiva\/nvo-traze-republiku-vojvodinu\/#article\",\"isPartOf\":{\"@id\":\"https:\/\/sandzakpress.net\/arhiva\/nvo-traze-republiku-vojvodinu\/\"},\"author\":{\"name\":\"bosniak\",\"@id\":\"https:\/\/sandzakpress.net\/arhiva\/#\/schema\/person\/c8baee722073534b583ea7bdb2e36c02\"},\"headline\":\"NVO tra\u017ee republiku Vojvodinu\",\"datePublished\":\"2013-10-31T10:04:48+00:00\",\"mainEntityOfPage\":{\"@id\":\"https:\/\/sandzakpress.net\/arhiva\/nvo-traze-republiku-vojvodinu\/\"},\"wordCount\":95,\"commentCount\":1,\"publisher\":{\"@id\":\"https:\/\/sandzakpress.net\/arhiva\/#\/schema\/person\/6e72b67d6e51910a1117b3b483ba20bd\"},\"image\":{\"@id\":\"https:\/\/sandzakpress.net\/arhiva\/nvo-traze-republiku-vojvodinu\/#primaryimage\"},\"thumbnailUrl\":\"https:\/\/sandzakpress.net\/arhiva\/wp-content\/uploads\/2013\/10\/717px-Vojvodina_flag_map-1-300x2001.jpg\",\"articleSection\":[\"Srbija\"],\"inLanguage\":\"bs-BA\",\"potentialAction\":[{\"@type\":\"CommentAction\",\"name\":\"Comment\",\"target\":[\"https:\/\/sandzakpress.net\/arhiva\/nvo-traze-republiku-vojvodinu\/#respond\"]}]},{\"@type\":\"WebPage\",\"@id\":\"https:\/\/sandzakpress.net\/arhiva\/nvo-traze-republiku-vojvodinu\/\",\"url\":\"https:\/\/sandzakpress.net\/arhiva\/nvo-traze-republiku-vojvodinu\/\",\"name\":\"NVO tra\u017ee republiku Vojvodinu\",\"isPartOf\":{\"@id\":\"https:\/\/sandzakpress.net\/arhiva\/#website\"},\"primaryImageOfPage\":{\"@id\":\"https:\/\/sandzakpress.net\/arhiva\/nvo-traze-republiku-vojvodinu\/#primaryimage\"},\"image\":{\"@id\":\"https:\/\/sandzakpress.net\/arhiva\/nvo-traze-republiku-vojvodinu\/#primaryimage\"},\"thumbnailUrl\":\"https:\/\/sandzakpress.net\/arhiva\/wp-content\/uploads\/2013\/10\/717px-Vojvodina_flag_map-1-300x2001.jpg\",\"datePublished\":\"2013-10-31T10:04:48+00:00\",\"breadcrumb\":{\"@id\":\"https:\/\/sandzakpress.net\/arhiva\/nvo-traze-republiku-vojvodinu\/#breadcrumb\"},\"inLanguage\":\"bs-BA\",\"potentialAction\":[{\"@type\":\"ReadAction\",\"target\":[\"https:\/\/sandzakpress.net\/arhiva\/nvo-traze-republiku-vojvodinu\/\"]}]},{\"@type\":\"ImageObject\",\"inLanguage\":\"bs-BA\",\"@id\":\"https:\/\/sandzakpress.net\/arhiva\/nvo-traze-republiku-vojvodinu\/#primaryimage\",\"url\":\"https:\/\/sandzakpress.net\/arhiva\/wp-content\/uploads\/2013\/10\/717px-Vojvodina_flag_map-1-300x2001.jpg\",\"contentUrl\":\"https:\/\/sandzakpress.net\/arhiva\/wp-content\/uploads\/2013\/10\/717px-Vojvodina_flag_map-1-300x2001.jpg\",\"width\":300,\"height\":200},{\"@type\":\"BreadcrumbList\",\"@id\":\"https:\/\/sandzakpress.net\/arhiva\/nvo-traze-republiku-vojvodinu\/#breadcrumb\",\"itemListElement\":[{\"@type\":\"ListItem\",\"position\":1,\"name\":\"Home\",\"item\":\"https:\/\/sandzakpress.net\/arhiva\/\"},{\"@type\":\"ListItem\",\"position\":2,\"name\":\"NVO tra\u017ee republiku Vojvodinu\"}]},{\"@type\":\"WebSite\",\"@id\":\"https:\/\/sandzakpress.net\/arhiva\/#website\",\"url\":\"https:\/\/sandzakpress.net\/arhiva\/\",\"name\":\"Sand\u017eak PRESS\",\"description\":\"Prve elektronske novine u Sand\u017eaku\",\"publisher\":{\"@id\":\"https:\/\/sandzakpress.net\/arhiva\/#\/schema\/person\/6e72b67d6e51910a1117b3b483ba20bd\"},\"potentialAction\":[{\"@type\":\"SearchAction\",\"target\":{\"@type\":\"EntryPoint\",\"urlTemplate\":\"https:\/\/sandzakpress.net\/arhiva\/?s={search_term_string}\"},\"query-input\":{\"@type\":\"PropertyValueSpecification\",\"valueRequired\":true,\"valueName\":\"search_term_string\"}}],\"inLanguage\":\"bs-BA\"},{\"@type\":[\"Person\",\"Organization\"],\"@id\":\"https:\/\/sandzakpress.net\/arhiva\/#\/schema\/person\/6e72b67d6e51910a1117b3b483ba20bd\",\"name\":\"Kul\",\"image\":{\"@type\":\"ImageObject\",\"inLanguage\":\"bs-BA\",\"@id\":\"https:\/\/sandzakpress.net\/arhiva\/#\/schema\/person\/image\/\",\"url\":\"https:\/\/secure.gravatar.com\/avatar\/42263f39aa27ac04c43cab85c280eb2e?s=96&d=mm&r=pg\",\"contentUrl\":\"https:\/\/secure.gravatar.com\/avatar\/42263f39aa27ac04c43cab85c280eb2e?s=96&d=mm&r=pg\",\"caption\":\"Kul\"},\"logo\":{\"@id\":\"https:\/\/sandzakpress.net\/arhiva\/#\/schema\/person\/image\/\"}},{\"@type\":\"Person\",\"@id\":\"https:\/\/sandzakpress.net\/arhiva\/#\/schema\/person\/c8baee722073534b583ea7bdb2e36c02\",\"name\":\"bosniak\",\"image\":{\"@type\":\"ImageObject\",\"inLanguage\":\"bs-BA\",\"@id\":\"https:\/\/sandzakpress.net\/arhiva\/#\/schema\/person\/image\/\",\"url\":\"https:\/\/secure.gravatar.com\/avatar\/a04fd330bfe3a36a72a0ad4a6d89fca7?s=96&d=mm&r=pg\",\"contentUrl\":\"https:\/\/secure.gravatar.com\/avatar\/a04fd330bfe3a36a72a0ad4a6d89fca7?s=96&d=mm&r=pg\",\"caption\":\"bosniak\"},\"url\":\"https:\/\/sandzakpress.net\/arhiva\/author\/bosniak\/\"}]}<\/script>\n<!-- \/ Yoast SEO Premium plugin. -->","yoast_head_json":{"title":"NVO tra\u017ee republiku Vojvodinu","robots":{"index":"index","follow":"follow","max-snippet":"max-snippet:-1","max-image-preview":"max-image-preview:large","max-video-preview":"max-video-preview:-1"},"canonical":"https:\/\/sandzakpress.net\/arhiva\/nvo-traze-republiku-vojvodinu\/","og_locale":"bs_BA","og_type":"article","og_title":"NVO tra\u017ee republiku Vojvodinu","og_description":"Srbija- Vojvo\u0111anska konvencija, koja okuplja stranke i nevladine organizacije koje se zala\u017eu za \u0161iroku autonomiju\u00a0Vojvodine, zalo\u017eila se danas za dono\u0161enje novog\u00a0Ustava\u00a0i preure\u0111enje Srbije u saveznu dr\u017eavu u kojoj \u0107e Vojvodina biti republika. Vojvodini je potreban Ustav u kojem \u0107e biti definisane zakonodavne, sudske i izvr\u0161ne nadle\u017enosti u svim oblastima izuzev vojske i odbrane, spoljne politike, [&hellip;]","og_url":"https:\/\/sandzakpress.net\/arhiva\/nvo-traze-republiku-vojvodinu\/","og_site_name":"Sand\u017eak PRESS","article_published_time":"2013-10-31T10:04:48+00:00","og_image":[{"width":300,"height":200,"url":"https:\/\/sandzakpress.net\/arhiva\/wp-content\/uploads\/2013\/10\/717px-Vojvodina_flag_map-1-300x2001.jpg","type":"image\/jpeg"}],"author":"bosniak","twitter_card":"summary_large_image","twitter_misc":{"Written by":"bosniak"},"schema":{"@context":"https:\/\/schema.org","@graph":[{"@type":"Article","@id":"https:\/\/sandzakpress.net\/arhiva\/nvo-traze-republiku-vojvodinu\/#article","isPartOf":{"@id":"https:\/\/sandzakpress.net\/arhiva\/nvo-traze-republiku-vojvodinu\/"},"author":{"name":"bosniak","@id":"https:\/\/sandzakpress.net\/arhiva\/#\/schema\/person\/c8baee722073534b583ea7bdb2e36c02"},"headline":"NVO tra\u017ee republiku Vojvodinu","datePublished":"2013-10-31T10:04:48+00:00","mainEntityOfPage":{"@id":"https:\/\/sandzakpress.net\/arhiva\/nvo-traze-republiku-vojvodinu\/"},"wordCount":95,"commentCount":1,"publisher":{"@id":"https:\/\/sandzakpress.net\/arhiva\/#\/schema\/person\/6e72b67d6e51910a1117b3b483ba20bd"},"image":{"@id":"https:\/\/sandzakpress.net\/arhiva\/nvo-traze-republiku-vojvodinu\/#primaryimage"},"thumbnailUrl":"https:\/\/sandzakpress.net\/arhiva\/wp-content\/uploads\/2013\/10\/717px-Vojvodina_flag_map-1-300x2001.jpg","articleSection":["Srbija"],"inLanguage":"bs-BA","potentialAction":[{"@type":"CommentAction","name":"Comment","target":["https:\/\/sandzakpress.net\/arhiva\/nvo-traze-republiku-vojvodinu\/#respond"]}]},{"@type":"WebPage","@id":"https:\/\/sandzakpress.net\/arhiva\/nvo-traze-republiku-vojvodinu\/","url":"https:\/\/sandzakpress.net\/arhiva\/nvo-traze-republiku-vojvodinu\/","name":"NVO tra\u017ee republiku Vojvodinu","isPartOf":{"@id":"https:\/\/sandzakpress.net\/arhiva\/#website"},"primaryImageOfPage":{"@id":"https:\/\/sandzakpress.net\/arhiva\/nvo-traze-republiku-vojvodinu\/#primaryimage"},"image":{"@id":"https:\/\/sandzakpress.net\/arhiva\/nvo-traze-republiku-vojvodinu\/#primaryimage"},"thumbnailUrl":"https:\/\/sandzakpress.net\/arhiva\/wp-content\/uploads\/2013\/10\/717px-Vojvodina_flag_map-1-300x2001.jpg","datePublished":"2013-10-31T10:04:48+00:00","breadcrumb":{"@id":"https:\/\/sandzakpress.net\/arhiva\/nvo-traze-republiku-vojvodinu\/#breadcrumb"},"inLanguage":"bs-BA","potentialAction":[{"@type":"ReadAction","target":["https:\/\/sandzakpress.net\/arhiva\/nvo-traze-republiku-vojvodinu\/"]}]},{"@type":"ImageObject","inLanguage":"bs-BA","@id":"https:\/\/sandzakpress.net\/arhiva\/nvo-traze-republiku-vojvodinu\/#primaryimage","url":"https:\/\/sandzakpress.net\/arhiva\/wp-content\/uploads\/2013\/10\/717px-Vojvodina_flag_map-1-300x2001.jpg","contentUrl":"https:\/\/sandzakpress.net\/arhiva\/wp-content\/uploads\/2013\/10\/717px-Vojvodina_flag_map-1-300x2001.jpg","width":300,"height":200},{"@type":"BreadcrumbList","@id":"https:\/\/sandzakpress.net\/arhiva\/nvo-traze-republiku-vojvodinu\/#breadcrumb","itemListElement":[{"@type":"ListItem","position":1,"name":"Home","item":"https:\/\/sandzakpress.net\/arhiva\/"},{"@type":"ListItem","position":2,"name":"NVO tra\u017ee republiku Vojvodinu"}]},{"@type":"WebSite","@id":"https:\/\/sandzakpress.net\/arhiva\/#website","url":"https:\/\/sandzakpress.net\/arhiva\/","name":"Sand\u017eak PRESS","description":"Prve elektronske novine u Sand\u017eaku","publisher":{"@id":"https:\/\/sandzakpress.net\/arhiva\/#\/schema\/person\/6e72b67d6e51910a1117b3b483ba20bd"},"potentialAction":[{"@type":"SearchAction","target":{"@type":"EntryPoint","urlTemplate":"https:\/\/sandzakpress.net\/arhiva\/?s={search_term_string}"},"query-input":{"@type":"PropertyValueSpecification","valueRequired":true,"valueName":"search_term_string"}}],"inLanguage":"bs-BA"},{"@type":["Person","Organization"],"@id":"https:\/\/sandzakpress.net\/arhiva\/#\/schema\/person\/6e72b67d6e51910a1117b3b483ba20bd","name":"Kul","image":{"@type":"ImageObject","inLanguage":"bs-BA","@id":"https:\/\/sandzakpress.net\/arhiva\/#\/schema\/person\/image\/","url":"https:\/\/secure.gravatar.com\/avatar\/42263f39aa27ac04c43cab85c280eb2e?s=96&d=mm&r=pg","contentUrl":"https:\/\/secure.gravatar.com\/avatar\/42263f39aa27ac04c43cab85c280eb2e?s=96&d=mm&r=pg","caption":"Kul"},"logo":{"@id":"https:\/\/sandzakpress.net\/arhiva\/#\/schema\/person\/image\/"}},{"@type":"Person","@id":"https:\/\/sandzakpress.net\/arhiva\/#\/schema\/person\/c8baee722073534b583ea7bdb2e36c02","name":"bosniak","image":{"@type":"ImageObject","inLanguage":"bs-BA","@id":"https:\/\/sandzakpress.net\/arhiva\/#\/schema\/person\/image\/","url":"https:\/\/secure.gravatar.com\/avatar\/a04fd330bfe3a36a72a0ad4a6d89fca7?s=96&d=mm&r=pg","contentUrl":"https:\/\/secure.gravatar.com\/avatar\/a04fd330bfe3a36a72a0ad4a6d89fca7?s=96&d=mm&r=pg","caption":"bosniak"},"url":"https:\/\/sandzakpress.net\/arhiva\/author\/bosniak\/"}]}},"_links":{"self":[{"href":"https:\/\/sandzakpress.net\/arhiva\/wp-json\/wp\/v2\/posts\/93022"}],"collection":[{"href":"https:\/\/sandzakpress.net\/arhiva\/wp-json\/wp\/v2\/posts"}],"about":[{"href":"https:\/\/sandzakpress.net\/arhiva\/wp-json\/wp\/v2\/types\/post"}],"author":[{"embeddable":true,"href":"https:\/\/sandzakpress.net\/arhiva\/wp-json\/wp\/v2\/users\/83"}],"replies":[{"embeddable":true,"href":"https:\/\/sandzakpress.net\/arhiva\/wp-json\/wp\/v2\/comments?post=93022"}],"version-history":[{"count":0,"href":"https:\/\/sandzakpress.net\/arhiva\/wp-json\/wp\/v2\/posts\/93022\/revisions"}],"wp:featuredmedia":[{"embeddable":true,"href":"https:\/\/sandzakpress.net\/arhiva\/wp-json\/wp\/v2\/media\/93024"}],"wp:attachment":[{"href":"https:\/\/sandzakpress.net\/arhiva\/wp-json\/wp\/v2\/media?parent=93022"}],"wp:term":[{"taxonomy":"category","embeddable":true,"href":"https:\/\/sandzakpress.net\/arhiva\/wp-json\/wp\/v2\/categories?post=93022"},{"taxonomy":"post_tag","embeddable":true,"href":"https:\/\/sandzakpress.net\/arhiva\/wp-json\/wp\/v2\/tags?post=93022"}],"curies":[{"name":"wp","href":"https:\/\/api.w.org\/{rel}","templated":true}]}}